{"id":15837,"date":"2025-07-11T10:51:48","date_gmt":"2025-07-11T08:51:48","guid":{"rendered":"https:\/\/www.uni.lu\/fr\/?post_type=news&#038;p=15837"},"modified":"2025-07-11T15:08:32","modified_gmt":"2025-07-11T13:08:32","slug":"une-jeune-mathematicienne-change-la-theorie-des-probabilites-grace-a-sa-these-primee","status":"publish","type":"news","link":"https:\/\/www.uni.lu\/fr\/news\/une-jeune-mathematicienne-change-la-theorie-des-probabilites-grace-a-sa-these-primee\/","title":{"rendered":"Une jeune math\u00e9maticienne change la th\u00e9orie des probabilit\u00e9s gr\u00e2ce \u00e0 sa th\u00e8se prim\u00e9e"},"content":{"rendered":"\n<section class=\"wp-block-unilux-blocks-free-section section\"><div class=\"container xl:max-w-screen-xl\">\n<p>Le prix Rolf Tarrach 2025, qui r\u00e9compense la meilleure th\u00e8se de doctorat de l&rsquo;ann\u00e9e universitaire \u00e0 l&rsquo;Universit\u00e9 du Luxembourg, a \u00e9t\u00e9 d\u00e9cern\u00e9 mercredi 9 juillet \u00e0 la brillante jeune math\u00e9maticienne Tara Trauthwein.&nbsp;<\/p>\n\n\n\n<p>L&rsquo;essentiel de sa th\u00e8se, intitul\u00e9e \u00ab <em>Quantitative CLTs on the Poisson space via Skorohod estimates and p-Poincar\u00e9 inequalities<\/em> \u00bb, a \u00e9t\u00e9 publi\u00e9 dans la prestigieuse revue <em>Annals of Applied Probability<\/em> et a d\u00e9velopp\u00e9 d\u2019importantes contributions math\u00e9matiques pour les mod\u00e8les graphiques, qui peuvent \u00eatre utilis\u00e9es pour mod\u00e9liser l&rsquo;internet, les t\u00e9l\u00e9communications, les soci\u00e9t\u00e9s, les \u00e9cosyst\u00e8mes, l&rsquo;\u00e9conomie, le cerveau, les r\u00e9seaux sociaux et l&rsquo;IA, entre autres.&nbsp;<\/p>\n\n\n\n<h2 class=\"has-text-align-left wp-block-unilux-blocks-heading\"        id=\"impact-global-en-mathematiques-en-economie-et-en-medecine\"\n    >\nI<strong>mpact global en math\u00e9matiques, en \u00e9conomie et en m\u00e9decine<\/strong><\/h2>\n\n\n\n<p>Ses d\u00e9couvertes sont d\u00e9j\u00e0 cit\u00e9es par des math\u00e9maticiens du monde entier, notamment dans le domaine des processus stochastiques (utiles pour mod\u00e9liser l&rsquo;\u00e9volution des cours boursiers, par exemple) et en m\u00e9decine statistique, afin d&rsquo;am\u00e9liorer l&rsquo;estimation de l&rsquo;efficacit\u00e9 des traitements. \u00ab <em>Ces contributions r\u00e9volutionnaires auront sans aucun doute un impact consid\u00e9rable sur la th\u00e9orie des probabilit\u00e9s pendant des d\u00e9cennies<\/em> \u00bb, a d\u00e9clar\u00e9 Prof. Giovanni Peccati, son directeur de th\u00e8se.<\/p>\n\n\n\n<div class=\"wp-block-columns is-layout-flex wp-block-columns-is-layout-flex\">\n<div class=\"wp-block-column is-layout-flow wp-block-column-is-layout-flow\" style=\"flex-basis:33.33%\"><figure class=\"wp-block-dev4-reusable-blocks-image  object-fit--cover\">\n    \n<img decoding=\"async\" class=\"wp-block-image unilux-custom-image-block\"\n                alt=\"\"\n            src=\"https:\/\/www.uni.lu\/wp-content\/uploads\/sites\/9\/2025\/07\/11102046\/prt_15-scaled.jpg\"\n                    style=\"object-position: 0.00% 74.00%; font-family: &quot;object-fit: cover; object-position: 0.00% 74.00%;&quot;; aspect-ratio: 1\/1; object-fit: cover; width: 100%;\"\n        loading=\"lazy\"\n\/>            <p class=\"wp-block-dev4-reusable-blocks-image-caption\">\n            Dr Tara Trauthwein        <\/p>\n    <\/figure><\/div>\n\n\n\n<div class=\"wp-block-column is-layout-flow wp-block-column-is-layout-flow\" style=\"flex-basis:66.66%\">\n<p>Alumna de l&rsquo;Universit\u00e9 du Luxembourg, Dr Tara Trauthwein a obtenu son doctorat en math\u00e9matiques en 2023. Pendant ses \u00e9tudes, elle s&rsquo;est \u00e9galement impliqu\u00e9e dans la vie \u00e9tudiante et la diffusion des sciences, en aidant \u00e0 organiser des \u00e9v\u00e9nements pour les jeunes int\u00e9ress\u00e9s par les math\u00e9matiques.&nbsp;<\/p>\n\n\n\n<p>Actuellement assistant-postdoctorant \u00e0 l&rsquo;Universit\u00e9 d&rsquo;Oxford, elle devrait commencer un autre postdoctorat \u00e0 l&rsquo;Universit\u00e9 de M\u00fcnster en octobre de cette ann\u00e9e. Auparavant, elle avait obtenu un Master \u00e0 l&rsquo;Universit\u00e9 de Cambridge avec une moyenne de 97,3 %. Dr Tara Trauthwein n&rsquo;est pas \u00e9trang\u00e8re aux r\u00e9compenses, puisqu&rsquo;elle a \u00e9t\u00e9 d\u00e9sign\u00e9e meilleure dipl\u00f4m\u00e9e du secondaire au Luxembourg en 2015, a re\u00e7u le prix de la meilleure \u00e9tudiante lors de son Bachelor \u00e0 l&rsquo;Universit\u00e9 du Luxembourg en 2017 et le prix de la Soci\u00e9t\u00e9 Math\u00e9matique du Luxembourg en 2018 pour ses r\u00e9sultats acad\u00e9miques exceptionnels.<\/p>\n<\/div>\n<\/div>\n\n\n\n<p>Le jury \u00e9tait pr\u00e9sid\u00e9 par G\u00e9rard Hoffmann, pr\u00e9sident des Amis de l&rsquo;Universit\u00e9 du Luxembourg, Marc Flammang (CEO d&rsquo;Intesa Sanpaolo Wealth Management Luxembourg et sponsor), Romain Raux, Rick Serrano et Romain Penning. Ils ont distingu\u00e9 le caract\u00e8re innovant de la th\u00e8se, son excellence scientifique et son impact sur la r\u00e9putation nationale et internationale de l&rsquo;Universit\u00e9 du Luxembourg. Les sponsors de la soir\u00e9e, qui ont g\u00e9n\u00e9reusement financ\u00e9 le prix, \u00e9taient Intesa Sanpaolo Wealth Management Luxembourg et la Fondation Luis y Antonio Portabella.<\/p>\n\n\n\n<section class=\"alignfull wp-block-unilux-blocks-gallery-carousel\">\n    <div class=\"swiper swiper-gallery\" aria-roledescription=\"carousel\" aria-label=\"A gallery of images\">\n        <!-- Swiper button Next & Prev -->\n        <div class=\"swiper-nav\">\n            <div class=\"swiper-nav__container\">\n                <div class=\"swiper-nav__grid\">\n                    <button type=\"button\" class=\"swiper-button-next\">\n                        <svg aria-hidden=\"true\" focusable=\"false\" class=\"icon icon-outline icon--arrow-right \"><use xlink:href=\"https:\/\/www.uni.lu\/wp-content\/themes\/unilux-theme\/assets\/images\/icons\/icons-outline.svg#icon--arrow-right\"><\/use><\/svg>                    <\/button>\n                    <button type=\"button\" class=\"swiper-button-prev\">\n                        <svg aria-hidden=\"true\" focusable=\"false\" class=\"icon icon-outline icon--arrow-left \"><use xlink:href=\"https:\/\/www.uni.lu\/wp-content\/themes\/unilux-theme\/assets\/images\/icons\/icons-outline.svg#icon--arrow-left\"><\/use><\/svg>                    <\/button>\n                <\/div>\n            <\/div>\n        <\/div>\n\n        <!-- swiper slides -->\n        <ul class=\"swiper-wrapper\">\n            \n<li class=\"swiper-slide\" aria-roledescription=\"slide\">\n    <figure class=\"wp-block-dev4-reusable-blocks-image swiper-slide__bg object-fit--cover\">\n    \n<img decoding=\"async\" class=\"wp-block-image unilux-custom-image-block\"\n                alt=\"\"\n            src=\"https:\/\/www.uni.lu\/wp-content\/uploads\/sites\/9\/2025\/07\/11102424\/prt_11-scaled.jpg\"\n                    style=\"object-position: 50.00% 50.00%; font-family: &quot;object-fit: cover; object-position: 50.00% 50.00%;&quot;; aspect-ratio: 16\/9; object-fit: cover; width: 100%;\"\n        loading=\"lazy\"\n\/>    <\/figure><\/li>\n<li class=\"swiper-slide\" aria-roledescription=\"slide\">\n    <figure class=\"wp-block-dev4-reusable-blocks-image swiper-slide__bg object-fit--cover\">\n    \n<img decoding=\"async\" class=\"wp-block-image unilux-custom-image-block\"\n                alt=\"\"\n            src=\"https:\/\/www.uni.lu\/wp-content\/uploads\/sites\/9\/2025\/07\/11102452\/prt_12-scaled.jpg\"\n                    style=\"object-position: 50.00% 50.00%; font-family: &quot;object-fit: cover; object-position: 50.00% 50.00%;&quot;; aspect-ratio: 16\/9; object-fit: cover; width: 100%;\"\n        loading=\"lazy\"\n\/>    <\/figure><\/li>\n<li class=\"swiper-slide\" aria-roledescription=\"slide\">\n    <figure class=\"wp-block-dev4-reusable-blocks-image swiper-slide__bg object-fit--cover\">\n    \n<img decoding=\"async\" class=\"wp-block-image unilux-custom-image-block\"\n                alt=\"\"\n            src=\"https:\/\/www.uni.lu\/wp-content\/uploads\/sites\/9\/2025\/07\/11102533\/prt_14-scaled.jpg\"\n                    style=\"object-position: 50.00% 50.00%; font-family: &quot;object-fit: cover; object-position: 50.00% 50.00%;&quot;; aspect-ratio: 16\/9; object-fit: cover; width: 100%;\"\n        loading=\"lazy\"\n\/>    <\/figure><\/li>\n<li class=\"swiper-slide\" aria-roledescription=\"slide\">\n    <figure class=\"wp-block-dev4-reusable-blocks-image swiper-slide__bg object-fit--cover\">\n    \n<img decoding=\"async\" class=\"wp-block-image unilux-custom-image-block\"\n                alt=\"\"\n            src=\"https:\/\/www.uni.lu\/wp-content\/uploads\/sites\/11\/2025\/07\/11150710\/DSC5030-scaled.webp\"\n                srcset=\"https:\/\/www.uni.lu\/wp-content\/uploads\/sites\/11\/2025\/07\/11150710\/DSC5030-300x165.webp 300w, https:\/\/www.uni.lu\/wp-content\/uploads\/sites\/11\/2025\/07\/11150710\/DSC5030-1024x564.webp 1024w, https:\/\/www.uni.lu\/wp-content\/uploads\/sites\/11\/2025\/07\/11150710\/DSC5030-768x423.webp 768w, https:\/\/www.uni.lu\/wp-content\/uploads\/sites\/11\/2025\/07\/11150710\/DSC5030-1536x846.webp 1536w, https:\/\/www.uni.lu\/wp-content\/uploads\/sites\/11\/2025\/07\/11150710\/DSC5030-2048x1128.webp 2048w\"\n                style=\"object-position: 50.00% 50.00%; font-family: &quot;object-fit: cover; object-position: 50.00% 50.00%;&quot;; aspect-ratio: 16\/9; object-fit: cover; width: 100%;\"\n        loading=\"lazy\"\n\/>    <\/figure><\/li>        <\/ul>\n\n        <!-- Swiper pagination -->\n        <div class=\"swiper-pagination\">\n            <div class=\"swiper-pagination__bullets\"><\/div>\n        <\/div>\n    <\/div>\n<\/section><\/div><\/section>\n\n\n<section class=\"section section wp-block-unilux-blocks-quick-link-discover-section py-0\">\n    <div class=\"container xl:max-w-screen-xl\">\n        \n<h2 class=\"has-text-align-left wp-block-unilux-blocks-heading\"        id=\"decouvrez-egalement\"\n    >\nD\u00e9couvrez \u00e9galement&#8230;<\/h2>\n\n<ul class=\"wp-block-unilux-blocks-quick-link-discover quick-link-list\">\n<li class=\"wp-block-unilux-blocks-quick-link-discover-item\">\n    <a\n                    href=\"https:\/\/www.uni.lu\/fr\/admissions\/etudiants-en-doctorat\/\"\n                    class=\"quick-link\"\n            target=\"\"\n    >\n            <span class=\"quick-link__container\">\n                <span class=\"quick-link__text\">\n                    Devenir \u00e9tudiant en doctorat \u00e0 Uni.lu                <\/span>\n                <svg aria-hidden=\"true\" focusable=\"false\" class=\"icon icon-outline icon--arrow-right \"><use xlink:href=\"https:\/\/www.uni.lu\/wp-content\/themes\/unilux-theme\/assets\/images\/icons\/icons-outline.svg#icon--arrow-right\"><\/use><\/svg>            <\/span>\n    <\/a>\n<\/li>\n<\/ul>\n    <\/div>\n<\/section>","protected":false},"excerpt":{"rendered":"","protected":false},"author":341,"featured_media":15838,"template":"","format":"standard","meta":{"featured_image_focal_point":{"x":0.56,"y":0.41},"show_featured_caption":false,"ulux_newsletter_groups":"","uluxPostTitle":"","uluxPrePostTitle":"","_trash_the_other_posts":false,"_price":"","_stock":"","_tribe_ticket_header":"","_tribe_default_ticket_provider":"","_tribe_ticket_capacity":"0","_ticket_start_date":"","_ticket_end_date":"","_tribe_ticket_show_description":"","_tribe_ticket_show_not_going":false,"_tribe_ticket_use_global_stock":"","_tribe_ticket_global_stock_level":"","_global_stock_mode":"","_global_stock_cap":"","_tribe_rsvp_for_event":"","_tribe_ticket_going_count":"","_tribe_ticket_not_going_count":"","_tribe_tickets_list":"[]","_tribe_ticket_has_attendee_info_fields":false},"news-category":[8],"news-topic":[20],"organisation":[],"authorship":[341],"acf":[],"yoast_head":"<!-- This site is optimized with the Yoast SEO Premium plugin v22.3 (Yoast SEO v22.3) - https:\/\/yoast.com\/wordpress\/plugins\/seo\/ -->\n<title>Une jeune math\u00e9maticienne change la th\u00e9orie des probabilit\u00e9s gr\u00e2ce \u00e0 sa th\u00e8se prim\u00e9e - Universit\u00e9 du Luxembourg<\/title>\n<meta name=\"description\" content=\"Le prix Rolf Tarrach 2025, qui r\u00e9compense la meilleure th\u00e8se de doctorat de l&#039;ann\u00e9e universitaire \u00e0 l&#039;Universit\u00e9 du Luxembourg, a \u00e9t\u00e9 d\u00e9cern\u00e9 mercredi 9\" \/>\n<meta name=\"robots\" content=\"index, follow, max-snippet:-1, max-image-preview:large, max-video-preview:-1\" \/>\n<link rel=\"canonical\" href=\"https:\/\/www.uni.lu\/fr\/news\/une-jeune-mathematicienne-change-la-theorie-des-probabilites-grace-a-sa-these-primee\/\" \/>\n<meta property=\"og:locale\" content=\"fr_FR\" \/>\n<meta property=\"og:type\" content=\"article\" \/>\n<meta property=\"og:title\" content=\"Une jeune math\u00e9maticienne change la th\u00e9orie des probabilit\u00e9s gr\u00e2ce \u00e0 sa th\u00e8se prim\u00e9e\" \/>\n<meta property=\"og:description\" content=\"Le prix Rolf Tarrach 2025, qui r\u00e9compense la meilleure th\u00e8se de doctorat de l&#039;ann\u00e9e universitaire \u00e0 l&#039;Universit\u00e9 du Luxembourg, a \u00e9t\u00e9 d\u00e9cern\u00e9 mercredi 9\" \/>\n<meta property=\"og:url\" content=\"https:\/\/www.uni.lu\/fr\/news\/une-jeune-mathematicienne-change-la-theorie-des-probabilites-grace-a-sa-these-primee\/\" \/>\n<meta property=\"og:site_name\" content=\"UNI FR\" \/>\n<meta property=\"article:publisher\" content=\"https:\/\/www.facebook.com\/uni.lu\" \/>\n<meta property=\"article:modified_time\" content=\"2025-07-11T13:08:32+00:00\" \/>\n<meta property=\"og:image\" content=\"https:\/\/www.uni.lu\/wp-content\/uploads\/sites\/11\/2025\/07\/11104931\/DSC_8923-1-scaled.webp\" \/>\n\t<meta property=\"og:image:width\" content=\"2560\" \/>\n\t<meta property=\"og:image:height\" content=\"1686\" \/>\n\t<meta property=\"og:image:type\" content=\"image\/webp\" \/>\n<meta name=\"twitter:card\" content=\"summary_large_image\" \/>\n<meta name=\"twitter:label1\" content=\"Dur\u00e9e de lecture estim\u00e9e\" \/>\n\t<meta name=\"twitter:data1\" content=\"3 minutes\" \/>\n<script type=\"application\/ld+json\" class=\"yoast-schema-graph\">{\"@context\":\"https:\/\/schema.org\",\"@graph\":[{\"@type\":\"NewsArticle\",\"@id\":\"https:\/\/www.uni.lu\/fr\/news\/une-jeune-mathematicienne-change-la-theorie-des-probabilites-grace-a-sa-these-primee\/#article\",\"isPartOf\":{\"@id\":\"https:\/\/www.uni.lu\/fr\/news\/une-jeune-mathematicienne-change-la-theorie-des-probabilites-grace-a-sa-these-primee\/\"},\"author\":{\"name\":\"Catherine Clesse\",\"@id\":\"https:\/\/www.uni.lu\/fr\/#\/schema\/person\/67d3defa53981502bf9cddb74a850c08\"},\"headline\":\"Une jeune math\u00e9maticienne change la th\u00e9orie des probabilit\u00e9s gr\u00e2ce \u00e0 sa th\u00e8se prim\u00e9e\",\"datePublished\":\"2025-07-11T08:51:48+00:00\",\"dateModified\":\"2025-07-11T13:08:32+00:00\",\"mainEntityOfPage\":{\"@id\":\"https:\/\/www.uni.lu\/fr\/news\/une-jeune-mathematicienne-change-la-theorie-des-probabilites-grace-a-sa-these-primee\/\"},\"wordCount\":462,\"publisher\":{\"@id\":\"https:\/\/www.uni.lu\/fr\/#organization\"},\"image\":{\"@id\":\"https:\/\/www.uni.lu\/fr\/news\/une-jeune-mathematicienne-change-la-theorie-des-probabilites-grace-a-sa-these-primee\/#primaryimage\"},\"thumbnailUrl\":\"https:\/\/www.uni.lu\/wp-content\/uploads\/sites\/11\/2025\/07\/11104931\/DSC_8923-1-scaled.webp\",\"inLanguage\":\"fr-FR\"},{\"@type\":\"WebPage\",\"@id\":\"https:\/\/www.uni.lu\/fr\/news\/une-jeune-mathematicienne-change-la-theorie-des-probabilites-grace-a-sa-these-primee\/\",\"url\":\"https:\/\/www.uni.lu\/fr\/news\/une-jeune-mathematicienne-change-la-theorie-des-probabilites-grace-a-sa-these-primee\/\",\"name\":\"Une jeune math\u00e9maticienne change la th\u00e9orie des probabilit\u00e9s gr\u00e2ce \u00e0 sa th\u00e8se prim\u00e9e - Universit\u00e9 du Luxembourg\",\"isPartOf\":{\"@id\":\"https:\/\/www.uni.lu\/fr\/#website\"},\"primaryImageOfPage\":{\"@id\":\"https:\/\/www.uni.lu\/fr\/news\/une-jeune-mathematicienne-change-la-theorie-des-probabilites-grace-a-sa-these-primee\/#primaryimage\"},\"image\":{\"@id\":\"https:\/\/www.uni.lu\/fr\/news\/une-jeune-mathematicienne-change-la-theorie-des-probabilites-grace-a-sa-these-primee\/#primaryimage\"},\"thumbnailUrl\":\"https:\/\/www.uni.lu\/wp-content\/uploads\/sites\/11\/2025\/07\/11104931\/DSC_8923-1-scaled.webp\",\"datePublished\":\"2025-07-11T08:51:48+00:00\",\"dateModified\":\"2025-07-11T13:08:32+00:00\",\"description\":\"Le prix Rolf Tarrach 2025, qui r\u00e9compense la meilleure th\u00e8se de doctorat de l'ann\u00e9e universitaire \u00e0 l'Universit\u00e9 du Luxembourg, a \u00e9t\u00e9 d\u00e9cern\u00e9 mercredi 9\",\"breadcrumb\":{\"@id\":\"https:\/\/www.uni.lu\/fr\/news\/une-jeune-mathematicienne-change-la-theorie-des-probabilites-grace-a-sa-these-primee\/#breadcrumb\"},\"inLanguage\":\"fr-FR\",\"potentialAction\":[{\"@type\":\"ReadAction\",\"target\":[\"https:\/\/www.uni.lu\/fr\/news\/une-jeune-mathematicienne-change-la-theorie-des-probabilites-grace-a-sa-these-primee\/\"]}]},{\"@type\":\"ImageObject\",\"inLanguage\":\"fr-FR\",\"@id\":\"https:\/\/www.uni.lu\/fr\/news\/une-jeune-mathematicienne-change-la-theorie-des-probabilites-grace-a-sa-these-primee\/#primaryimage\",\"url\":\"https:\/\/www.uni.lu\/wp-content\/uploads\/sites\/11\/2025\/07\/11104931\/DSC_8923-1-scaled.webp\",\"contentUrl\":\"https:\/\/www.uni.lu\/wp-content\/uploads\/sites\/11\/2025\/07\/11104931\/DSC_8923-1-scaled.webp\",\"width\":2560,\"height\":1686},{\"@type\":\"BreadcrumbList\",\"@id\":\"https:\/\/www.uni.lu\/fr\/news\/une-jeune-mathematicienne-change-la-theorie-des-probabilites-grace-a-sa-these-primee\/#breadcrumb\",\"itemListElement\":[{\"@type\":\"ListItem\",\"position\":1,\"name\":\"Home\",\"item\":\"https:\/\/www.uni.lu\/fr\/\"},{\"@type\":\"ListItem\",\"position\":2,\"name\":\"News\",\"item\":\"https:\/\/www.uni.lu\/fr\/news\/\"},{\"@type\":\"ListItem\",\"position\":3,\"name\":\"Une jeune math\u00e9maticienne change la th\u00e9orie des probabilit\u00e9s gr\u00e2ce \u00e0 sa th\u00e8se prim\u00e9e\"}]},{\"@type\":\"WebSite\",\"@id\":\"https:\/\/www.uni.lu\/fr\/#website\",\"url\":\"https:\/\/www.uni.lu\/fr\/\",\"name\":\"Uni.lu\",\"description\":\"Universit\u00e9 du Luxembourg\",\"publisher\":{\"@id\":\"https:\/\/www.uni.lu\/fr\/#organization\"},\"alternateName\":\"Universit\u00e9 du Luxembourg\",\"potentialAction\":[{\"@type\":\"SearchAction\",\"target\":{\"@type\":\"EntryPoint\",\"urlTemplate\":\"https:\/\/www.uni.lu\/fr\/?s={search_term_string}\"},\"query-input\":\"required name=search_term_string\"}],\"inLanguage\":\"fr-FR\"},{\"@type\":\"Organization\",\"@id\":\"https:\/\/www.uni.lu\/fr\/#organization\",\"name\":\"Universit\u00e9 du Luxembourg\",\"alternateName\":\"Uni.lu\",\"url\":\"https:\/\/www.uni.lu\/fr\/\",\"logo\":{\"@type\":\"ImageObject\",\"inLanguage\":\"fr-FR\",\"@id\":\"https:\/\/www.uni.lu\/fr\/#\/schema\/logo\/image\/\",\"url\":\"https:\/\/www.uni.lu\/wp-content\/uploads\/sites\/11\/2026\/03\/03120045\/UNIV_SM-Profile_1600x1600px-scaled.jpg\",\"contentUrl\":\"https:\/\/www.uni.lu\/wp-content\/uploads\/sites\/11\/2026\/03\/03120045\/UNIV_SM-Profile_1600x1600px-scaled.jpg\",\"width\":2560,\"height\":2560,\"caption\":\"Universit\u00e9 du Luxembourg\"},\"image\":\"https:\/\/www.uni.lu\/wp-content\/uploads\/sites\/11\/2026\/04\/24120552\/20200609-Belval-Campus_Henri-Goergen-23.jpg\",\"sameAs\":[\"https:\/\/www.facebook.com\/uni.lu\",\"https:\/\/www.linkedin.com\/school\/university-of-luxembourg\/\",\"https:\/\/www.instagram.com\/uni.lu\",\"https:\/\/www.youtube.com\/@uni_lu\",\"https:\/\/en.wikipedia.org\/wiki\/University_of_Luxembourg\"],\"email\":\"communication@uni.lu\",\"telephone\":\"+352 46 66 44 1\",\"address\":{\"@type\":\"PostalAddress\",\"streetAddress\":\"2, place de l\u2019Universit\u00e9\",\"addressLocality\":\"Esch-sur-Alzette\",\"postalCode\":\"4365\",\"addressCountry\":\"LU\"},\"description\":\"Universit\u00e9 du Luxembourg\"},{\"@type\":\"Person\",\"@id\":\"https:\/\/www.uni.lu\/fr\/#\/schema\/person\/67d3defa53981502bf9cddb74a850c08\",\"name\":\"Catherine Clesse\",\"image\":{\"@type\":\"ImageObject\",\"inLanguage\":\"fr-FR\",\"@id\":\"https:\/\/www.uni.lu\/fr\/#\/schema\/person\/image\/\",\"url\":\"https:\/\/secure.gravatar.com\/avatar\/6a2e15a24f9036a6aee8753304e46c2d?s=96&d=mm&r=g\",\"contentUrl\":\"https:\/\/secure.gravatar.com\/avatar\/6a2e15a24f9036a6aee8753304e46c2d?s=96&d=mm&r=g\",\"caption\":\"Catherine Clesse\"}}]}<\/script>\n<!-- \/ Yoast SEO Premium plugin. -->","yoast_head_json":{"title":"Une jeune math\u00e9maticienne change la th\u00e9orie des probabilit\u00e9s gr\u00e2ce \u00e0 sa th\u00e8se prim\u00e9e - Universit\u00e9 du Luxembourg","description":"Le prix Rolf Tarrach 2025, qui r\u00e9compense la meilleure th\u00e8se de doctorat de l'ann\u00e9e universitaire \u00e0 l'Universit\u00e9 du Luxembourg, a \u00e9t\u00e9 d\u00e9cern\u00e9 mercredi 9","robots":{"index":"index","follow":"follow","max-snippet":"max-snippet:-1","max-image-preview":"max-image-preview:large","max-video-preview":"max-video-preview:-1"},"canonical":"https:\/\/www.uni.lu\/fr\/news\/une-jeune-mathematicienne-change-la-theorie-des-probabilites-grace-a-sa-these-primee\/","og_locale":"fr_FR","og_type":"article","og_title":"Une jeune math\u00e9maticienne change la th\u00e9orie des probabilit\u00e9s gr\u00e2ce \u00e0 sa th\u00e8se prim\u00e9e","og_description":"Le prix Rolf Tarrach 2025, qui r\u00e9compense la meilleure th\u00e8se de doctorat de l'ann\u00e9e universitaire \u00e0 l'Universit\u00e9 du Luxembourg, a \u00e9t\u00e9 d\u00e9cern\u00e9 mercredi 9","og_url":"https:\/\/www.uni.lu\/fr\/news\/une-jeune-mathematicienne-change-la-theorie-des-probabilites-grace-a-sa-these-primee\/","og_site_name":"UNI FR","article_publisher":"https:\/\/www.facebook.com\/uni.lu","article_modified_time":"2025-07-11T13:08:32+00:00","og_image":[{"width":2560,"height":1686,"url":"https:\/\/www.uni.lu\/wp-content\/uploads\/sites\/11\/2025\/07\/11104931\/DSC_8923-1-scaled.webp","type":"image\/webp"}],"twitter_card":"summary_large_image","twitter_misc":{"Dur\u00e9e de lecture estim\u00e9e":"3 minutes"},"schema":{"@context":"https:\/\/schema.org","@graph":[{"@type":"NewsArticle","@id":"https:\/\/www.uni.lu\/fr\/news\/une-jeune-mathematicienne-change-la-theorie-des-probabilites-grace-a-sa-these-primee\/#article","isPartOf":{"@id":"https:\/\/www.uni.lu\/fr\/news\/une-jeune-mathematicienne-change-la-theorie-des-probabilites-grace-a-sa-these-primee\/"},"author":{"name":"Catherine Clesse","@id":"https:\/\/www.uni.lu\/fr\/#\/schema\/person\/67d3defa53981502bf9cddb74a850c08"},"headline":"Une jeune math\u00e9maticienne change la th\u00e9orie des probabilit\u00e9s gr\u00e2ce \u00e0 sa th\u00e8se prim\u00e9e","datePublished":"2025-07-11T08:51:48+00:00","dateModified":"2025-07-11T13:08:32+00:00","mainEntityOfPage":{"@id":"https:\/\/www.uni.lu\/fr\/news\/une-jeune-mathematicienne-change-la-theorie-des-probabilites-grace-a-sa-these-primee\/"},"wordCount":462,"publisher":{"@id":"https:\/\/www.uni.lu\/fr\/#organization"},"image":{"@id":"https:\/\/www.uni.lu\/fr\/news\/une-jeune-mathematicienne-change-la-theorie-des-probabilites-grace-a-sa-these-primee\/#primaryimage"},"thumbnailUrl":"https:\/\/www.uni.lu\/wp-content\/uploads\/sites\/11\/2025\/07\/11104931\/DSC_8923-1-scaled.webp","inLanguage":"fr-FR"},{"@type":"WebPage","@id":"https:\/\/www.uni.lu\/fr\/news\/une-jeune-mathematicienne-change-la-theorie-des-probabilites-grace-a-sa-these-primee\/","url":"https:\/\/www.uni.lu\/fr\/news\/une-jeune-mathematicienne-change-la-theorie-des-probabilites-grace-a-sa-these-primee\/","name":"Une jeune math\u00e9maticienne change la th\u00e9orie des probabilit\u00e9s gr\u00e2ce \u00e0 sa th\u00e8se prim\u00e9e - Universit\u00e9 du Luxembourg","isPartOf":{"@id":"https:\/\/www.uni.lu\/fr\/#website"},"primaryImageOfPage":{"@id":"https:\/\/www.uni.lu\/fr\/news\/une-jeune-mathematicienne-change-la-theorie-des-probabilites-grace-a-sa-these-primee\/#primaryimage"},"image":{"@id":"https:\/\/www.uni.lu\/fr\/news\/une-jeune-mathematicienne-change-la-theorie-des-probabilites-grace-a-sa-these-primee\/#primaryimage"},"thumbnailUrl":"https:\/\/www.uni.lu\/wp-content\/uploads\/sites\/11\/2025\/07\/11104931\/DSC_8923-1-scaled.webp","datePublished":"2025-07-11T08:51:48+00:00","dateModified":"2025-07-11T13:08:32+00:00","description":"Le prix Rolf Tarrach 2025, qui r\u00e9compense la meilleure th\u00e8se de doctorat de l'ann\u00e9e universitaire \u00e0 l'Universit\u00e9 du Luxembourg, a \u00e9t\u00e9 d\u00e9cern\u00e9 mercredi 9","breadcrumb":{"@id":"https:\/\/www.uni.lu\/fr\/news\/une-jeune-mathematicienne-change-la-theorie-des-probabilites-grace-a-sa-these-primee\/#breadcrumb"},"inLanguage":"fr-FR","potentialAction":[{"@type":"ReadAction","target":["https:\/\/www.uni.lu\/fr\/news\/une-jeune-mathematicienne-change-la-theorie-des-probabilites-grace-a-sa-these-primee\/"]}]},{"@type":"ImageObject","inLanguage":"fr-FR","@id":"https:\/\/www.uni.lu\/fr\/news\/une-jeune-mathematicienne-change-la-theorie-des-probabilites-grace-a-sa-these-primee\/#primaryimage","url":"https:\/\/www.uni.lu\/wp-content\/uploads\/sites\/11\/2025\/07\/11104931\/DSC_8923-1-scaled.webp","contentUrl":"https:\/\/www.uni.lu\/wp-content\/uploads\/sites\/11\/2025\/07\/11104931\/DSC_8923-1-scaled.webp","width":2560,"height":1686},{"@type":"BreadcrumbList","@id":"https:\/\/www.uni.lu\/fr\/news\/une-jeune-mathematicienne-change-la-theorie-des-probabilites-grace-a-sa-these-primee\/#breadcrumb","itemListElement":[{"@type":"ListItem","position":1,"name":"Home","item":"https:\/\/www.uni.lu\/fr\/"},{"@type":"ListItem","position":2,"name":"News","item":"https:\/\/www.uni.lu\/fr\/news\/"},{"@type":"ListItem","position":3,"name":"Une jeune math\u00e9maticienne change la th\u00e9orie des probabilit\u00e9s gr\u00e2ce \u00e0 sa th\u00e8se prim\u00e9e"}]},{"@type":"WebSite","@id":"https:\/\/www.uni.lu\/fr\/#website","url":"https:\/\/www.uni.lu\/fr\/","name":"Uni.lu","description":"Universit\u00e9 du Luxembourg","publisher":{"@id":"https:\/\/www.uni.lu\/fr\/#organization"},"alternateName":"Universit\u00e9 du Luxembourg","potentialAction":[{"@type":"SearchAction","target":{"@type":"EntryPoint","urlTemplate":"https:\/\/www.uni.lu\/fr\/?s={search_term_string}"},"query-input":"required name=search_term_string"}],"inLanguage":"fr-FR"},{"@type":"Organization","@id":"https:\/\/www.uni.lu\/fr\/#organization","name":"Universit\u00e9 du Luxembourg","alternateName":"Uni.lu","url":"https:\/\/www.uni.lu\/fr\/","logo":{"@type":"ImageObject","inLanguage":"fr-FR","@id":"https:\/\/www.uni.lu\/fr\/#\/schema\/logo\/image\/","url":"https:\/\/www.uni.lu\/wp-content\/uploads\/sites\/11\/2026\/03\/03120045\/UNIV_SM-Profile_1600x1600px-scaled.jpg","contentUrl":"https:\/\/www.uni.lu\/wp-content\/uploads\/sites\/11\/2026\/03\/03120045\/UNIV_SM-Profile_1600x1600px-scaled.jpg","width":2560,"height":2560,"caption":"Universit\u00e9 du Luxembourg"},"image":"https:\/\/www.uni.lu\/wp-content\/uploads\/sites\/11\/2026\/04\/24120552\/20200609-Belval-Campus_Henri-Goergen-23.jpg","sameAs":["https:\/\/www.facebook.com\/uni.lu","https:\/\/www.linkedin.com\/school\/university-of-luxembourg\/","https:\/\/www.instagram.com\/uni.lu","https:\/\/www.youtube.com\/@uni_lu","https:\/\/en.wikipedia.org\/wiki\/University_of_Luxembourg"],"email":"communication@uni.lu","telephone":"+352 46 66 44 1","address":{"@type":"PostalAddress","streetAddress":"2, place de l\u2019Universit\u00e9","addressLocality":"Esch-sur-Alzette","postalCode":"4365","addressCountry":"LU"},"description":"Universit\u00e9 du Luxembourg"},{"@type":"Person","@id":"https:\/\/www.uni.lu\/fr\/#\/schema\/person\/67d3defa53981502bf9cddb74a850c08","name":"Catherine Clesse","image":{"@type":"ImageObject","inLanguage":"fr-FR","@id":"https:\/\/www.uni.lu\/fr\/#\/schema\/person\/image\/","url":"https:\/\/secure.gravatar.com\/avatar\/6a2e15a24f9036a6aee8753304e46c2d?s=96&d=mm&r=g","contentUrl":"https:\/\/secure.gravatar.com\/avatar\/6a2e15a24f9036a6aee8753304e46c2d?s=96&d=mm&r=g","caption":"Catherine Clesse"}}]}},"blog_id":11,"_links":{"self":[{"href":"https:\/\/www.uni.lu\/fr\/wp-json\/wp\/v2\/news\/15837"}],"collection":[{"href":"https:\/\/www.uni.lu\/fr\/wp-json\/wp\/v2\/news"}],"about":[{"href":"https:\/\/www.uni.lu\/fr\/wp-json\/wp\/v2\/types\/news"}],"author":[{"embeddable":true,"href":"https:\/\/www.uni.lu\/fr\/wp-json\/wp\/v2\/users\/341"}],"version-history":[{"count":5,"href":"https:\/\/www.uni.lu\/fr\/wp-json\/wp\/v2\/news\/15837\/revisions"}],"predecessor-version":[{"id":15852,"href":"https:\/\/www.uni.lu\/fr\/wp-json\/wp\/v2\/news\/15837\/revisions\/15852"}],"wp:authorship":[{"embeddable":true,"href":"https:\/\/www.uni.lu\/fr\/wp-json\/wp\/v2\/users\/341"}],"wp:featuredmedia":[{"embeddable":true,"href":"https:\/\/www.uni.lu\/fr\/wp-json\/wp\/v2\/media\/15838"}],"wp:attachment":[{"href":"https:\/\/www.uni.lu\/fr\/wp-json\/wp\/v2\/media?parent=15837"}],"wp:term":[{"taxonomy":"news-category","embeddable":true,"href":"https:\/\/www.uni.lu\/fr\/wp-json\/wp\/v2\/news-category?post=15837"},{"taxonomy":"news-topic","embeddable":true,"href":"https:\/\/www.uni.lu\/fr\/wp-json\/wp\/v2\/news-topic?post=15837"},{"taxonomy":"organisation","embeddable":true,"href":"https:\/\/www.uni.lu\/fr\/wp-json\/wp\/v2\/organisation?post=15837"}],"curies":[{"name":"wp","href":"https:\/\/api.w.org\/{rel}","templated":true}]}}