{"id":1578,"date":"2021-11-26T12:29:50","date_gmt":"2021-11-26T12:29:50","guid":{"rendered":"https:\/\/website.prod.unilu.spikeseed.cloud\/fr\/news\/le-luxembourg-learning-centre-ouvert-7-jours-sur-7\/"},"modified":"2021-11-26T12:29:50","modified_gmt":"2021-11-26T12:29:50","slug":"le-luxembourg-learning-centre-ouvert-7-jours-sur-7","status":"publish","type":"news","link":"https:\/\/www.uni.lu\/fr\/news\/le-luxembourg-learning-centre-ouvert-7-jours-sur-7\/","title":{"rendered":"Le Luxembourg Learning Centre : ouvert 7 jours sur 7 !"},"content":{"rendered":"<section class=\"wp-block-unilux-blocks-free-section section\"><div class=\"container xl:max-w-screen-xl\"><p>A partir du 5 d\u00e9cembre 2021, le Luxembourg Learning Centre (LLC) sera ouvert les dimanches de 8h \u00e0 17h.<\/p><p>Le dimanche, les utilisateurs auront acc\u00e8s aux diff\u00e9rents espaces de travail et aux collections avec une offre de services r\u00e9duite comme celle qui est d\u00e9j\u00e0 actuellement en place lors des ouvertures en soir\u00e9e.<\/p><p>Depuis l\u2019ouverture du Luxembourg Learning Centre en septembre 2018, ses horaires d\u2019ouverture ont \u00e9t\u00e9\u00a0progressivement \u00e9largi\u00a0pour faire face \u00e0 l\u2019augmentation du nombre de visiteurs (270 000 entr\u00e9es en 2019). L\u2019ouverture le dimanche est \u00e9galement une r\u00e9ponse aux attentes des usagers exprim\u00e9es lors de l\u2019enqu\u00eate \u00ab\u00a0Rate your Library Experience\u00a0\u00bb du printemps 2021.<\/p><p>Les collaborateurs du LLC se r\u00e9jouissent de cet \u00e9largissement d\u2019horaires et restent \u00e0 la disposition des usagers gr\u00e2ce au service\u00a0<a href=\"https:\/\/wwwen.uni.lu\/luxembourg_learning_centre\/contact_ask_a_librarian\/ask_a_librarian\" target=\"_self\" title=\"https:\/\/wwwen.uni.lu\/luxembourg_learning_centre\/contact_ask_a_librarian\/ask_a_librarian\" rel=\"noopener\">Ask a Librarian<\/a>\u00a0et par leur pr\u00e9sence dans la\u00a0<i>Welcome Zone<\/i>\u00a0du lundi au samedi de 8h \u00e0 17h.<\/p><p>Ci-apr\u00e8s les\u00a0nouveaux horaires d\u2019ouverture du LLC\u00a0:<\/p><ul class=\"ulux-list\"><li class=\"ulux-list-item\">Du lundi au vendredi de 8h \u00e0 22h,<\/li><li class=\"ulux-list-item\">Le samedi et dimanche de 8h \u00e0 17h.<\/li><\/ul><p><a href=\"https:\/\/wwwfr.uni.lu\/media\/files\/bibliotheque_files\/calendrier_d_ouverture_llc\" target=\"_self\" title=\"\" rel=\"noopener\">Calendrier des jours d\u2019ouverture du LLC<\/a><\/p><p>Si vous avez des questions, n\u2019h\u00e9sitez pas \u00e0 nous envoyer un e-mail \u00e0 <a href=\"mailto:askalibrarian@uni.lu\" target=\"_self\" title=\"\" rel=\"noopener\">askalibrarian@uni.lu<\/a><\/p><\/div><\/section>","protected":false},"excerpt":{"rendered":"<p>A partir du 5 d\u00e9cembre 2021, le Luxembourg Learning Centre (LLC) sera ouvert les dimanches de 8h \u00e0 17h.<\/p>\n","protected":false},"author":0,"featured_media":0,"template":"","format":"standard","meta":{"featured_image_focal_point":[],"show_featured_caption":false,"ulux_newsletter_groups":"","uluxPostTitle":"","uluxPrePostTitle":"","_trash_the_other_posts":false,"_price":"","_stock":"","_tribe_ticket_header":"","_tribe_default_ticket_provider":"","_tribe_ticket_capacity":"0","_ticket_start_date":"","_ticket_end_date":"","_tribe_ticket_show_description":"","_tribe_ticket_show_not_going":false,"_tribe_ticket_use_global_stock":"","_tribe_ticket_global_stock_level":"","_global_stock_mode":"","_global_stock_cap":"","_tribe_rsvp_for_event":"","_tribe_ticket_going_count":"","_tribe_ticket_not_going_count":"","_tribe_tickets_list":"[]","_tribe_ticket_has_attendee_info_fields":false},"news-category":[3],"news-topic":[],"organisation":[240,226],"authorship":[],"acf":[],"yoast_head":"<!-- This site is optimized with the Yoast SEO Premium plugin v22.3 (Yoast SEO v22.3) - https:\/\/yoast.com\/wordpress\/plugins\/seo\/ -->\n<title>Le Luxembourg Learning Centre : ouvert 7 jours sur 7 ! - Universit\u00e9 du Luxembourg<\/title>\n<meta name=\"description\" content=\"A partir du 5 d\u00e9cembre 2021, le Luxembourg Learning Centre (LLC) sera ouvert les dimanches de 8h \u00e0 17h.\" \/>\n<meta name=\"robots\" content=\"index, follow, max-snippet:-1, max-image-preview:large, max-video-preview:-1\" \/>\n<link rel=\"canonical\" href=\"https:\/\/www.uni.lu\/fr\/news\/\" \/>\n<meta property=\"og:locale\" content=\"fr_FR\" \/>\n<meta property=\"og:type\" content=\"article\" \/>\n<meta property=\"og:title\" content=\"Le Luxembourg Learning Centre : ouvert 7 jours sur 7 !\" \/>\n<meta property=\"og:description\" content=\"A partir du 5 d\u00e9cembre 2021, le Luxembourg Learning Centre (LLC) sera ouvert les dimanches de 8h \u00e0 17h.\" \/>\n<meta property=\"og:url\" content=\"https:\/\/www.uni.lu\/fr\/news\/\" \/>\n<meta property=\"og:site_name\" content=\"UNI FR\" \/>\n<meta property=\"article:publisher\" content=\"https:\/\/www.facebook.com\/uni.lu\" \/>\n<meta property=\"og:image\" content=\"https:\/\/www.uni.lu\/wp-content\/uploads\/sites\/11\/2021\/11\/le_luxembourg_learning_centre_ouvert_7_jours_sur_7.jpg\" \/>\n\t<meta property=\"og:image:width\" content=\"800\" \/>\n\t<meta property=\"og:image:height\" content=\"600\" \/>\n\t<meta property=\"og:image:type\" content=\"image\/jpeg\" \/>\n<meta name=\"twitter:card\" content=\"summary_large_image\" \/>\n<meta name=\"twitter:label1\" content=\"Dur\u00e9e de lecture estim\u00e9e\" \/>\n\t<meta name=\"twitter:data1\" content=\"1 minute\" \/>\n<script type=\"application\/ld+json\" class=\"yoast-schema-graph\">{\"@context\":\"https:\/\/schema.org\",\"@graph\":[{\"@type\":\"NewsArticle\",\"@id\":\"https:\/\/www.uni.lu\/fr\/news\/#article\",\"isPartOf\":{\"@id\":\"https:\/\/www.uni.lu\/fr\/news\/\"},\"author\":{\"name\":\"\",\"@id\":\"\"},\"headline\":\"Le Luxembourg Learning Centre : ouvert 7 jours sur 7 !\",\"datePublished\":\"2021-11-26T12:29:50+00:00\",\"dateModified\":\"2021-11-26T12:29:50+00:00\",\"mainEntityOfPage\":{\"@id\":\"https:\/\/www.uni.lu\/fr\/news\/\"},\"wordCount\":204,\"publisher\":{\"@id\":\"https:\/\/www.uni.lu\/fr\/#organization\"},\"inLanguage\":\"fr-FR\"},{\"@type\":\"WebPage\",\"@id\":\"https:\/\/www.uni.lu\/fr\/news\/\",\"url\":\"https:\/\/www.uni.lu\/fr\/news\/\",\"name\":\"Le Luxembourg Learning Centre : ouvert 7 jours sur 7 ! - Universit\u00e9 du Luxembourg\",\"isPartOf\":{\"@id\":\"https:\/\/www.uni.lu\/fr\/#website\"},\"datePublished\":\"2021-11-26T12:29:50+00:00\",\"dateModified\":\"2021-11-26T12:29:50+00:00\",\"description\":\"A partir du 5 d\u00e9cembre 2021, le Luxembourg Learning Centre (LLC) sera ouvert les dimanches de 8h \u00e0 17h.\",\"breadcrumb\":{\"@id\":\"https:\/\/www.uni.lu\/fr\/news\/#breadcrumb\"},\"inLanguage\":\"fr-FR\",\"potentialAction\":[{\"@type\":\"ReadAction\",\"target\":[\"https:\/\/www.uni.lu\/fr\/news\/\"]}]},{\"@type\":\"BreadcrumbList\",\"@id\":\"https:\/\/www.uni.lu\/fr\/news\/#breadcrumb\",\"itemListElement\":[{\"@type\":\"ListItem\",\"position\":1,\"name\":\"Home\",\"item\":\"https:\/\/www.uni.lu\/fr\/\"},{\"@type\":\"ListItem\",\"position\":2,\"name\":\"News\",\"item\":\"https:\/\/www.uni.lu\/fr\/news\/\"},{\"@type\":\"ListItem\",\"position\":3,\"name\":\"Le Luxembourg Learning Centre : ouvert 7 jours sur 7 !\"}]},{\"@type\":\"WebSite\",\"@id\":\"https:\/\/www.uni.lu\/fr\/#website\",\"url\":\"https:\/\/www.uni.lu\/fr\/\",\"name\":\"Uni.lu\",\"description\":\"Universit\u00e9 du Luxembourg\",\"publisher\":{\"@id\":\"https:\/\/www.uni.lu\/fr\/#organization\"},\"alternateName\":\"Universit\u00e9 du Luxembourg\",\"potentialAction\":[{\"@type\":\"SearchAction\",\"target\":{\"@type\":\"EntryPoint\",\"urlTemplate\":\"https:\/\/www.uni.lu\/fr\/?s={search_term_string}\"},\"query-input\":\"required name=search_term_string\"}],\"inLanguage\":\"fr-FR\"},{\"@type\":\"Organization\",\"@id\":\"https:\/\/www.uni.lu\/fr\/#organization\",\"name\":\"Universit\u00e9 du Luxembourg\",\"alternateName\":\"Uni.lu\",\"url\":\"https:\/\/www.uni.lu\/fr\/\",\"logo\":{\"@type\":\"ImageObject\",\"inLanguage\":\"fr-FR\",\"@id\":\"https:\/\/www.uni.lu\/fr\/#\/schema\/logo\/image\/\",\"url\":\"https:\/\/www.uni.lu\/wp-content\/uploads\/sites\/11\/2026\/03\/03120045\/UNIV_SM-Profile_1600x1600px-scaled.jpg\",\"contentUrl\":\"https:\/\/www.uni.lu\/wp-content\/uploads\/sites\/11\/2026\/03\/03120045\/UNIV_SM-Profile_1600x1600px-scaled.jpg\",\"width\":2560,\"height\":2560,\"caption\":\"Universit\u00e9 du Luxembourg\"},\"image\":\"https:\/\/www.uni.lu\/wp-content\/uploads\/sites\/11\/2026\/04\/24120552\/20200609-Belval-Campus_Henri-Goergen-23.jpg\",\"sameAs\":[\"https:\/\/www.facebook.com\/uni.lu\",\"https:\/\/www.linkedin.com\/school\/university-of-luxembourg\/\",\"https:\/\/www.instagram.com\/uni.lu\",\"https:\/\/www.youtube.com\/@uni_lu\",\"https:\/\/en.wikipedia.org\/wiki\/University_of_Luxembourg\"],\"email\":\"communication@uni.lu\",\"telephone\":\"+352 46 66 44 1\",\"address\":{\"@type\":\"PostalAddress\",\"streetAddress\":\"2, place de l\u2019Universit\u00e9\",\"addressLocality\":\"Esch-sur-Alzette\",\"postalCode\":\"4365\",\"addressCountry\":\"LU\"},\"description\":\"Universit\u00e9 du Luxembourg\"}]}<\/script>\n<!-- \/ Yoast SEO Premium plugin. -->","yoast_head_json":{"title":"Le Luxembourg Learning Centre : ouvert 7 jours sur 7 ! - Universit\u00e9 du Luxembourg","description":"A partir du 5 d\u00e9cembre 2021, le Luxembourg Learning Centre (LLC) sera ouvert les dimanches de 8h \u00e0 17h.","robots":{"index":"index","follow":"follow","max-snippet":"max-snippet:-1","max-image-preview":"max-image-preview:large","max-video-preview":"max-video-preview:-1"},"canonical":"https:\/\/www.uni.lu\/fr\/news\/","og_locale":"fr_FR","og_type":"article","og_title":"Le Luxembourg Learning Centre : ouvert 7 jours sur 7 !","og_description":"A partir du 5 d\u00e9cembre 2021, le Luxembourg Learning Centre (LLC) sera ouvert les dimanches de 8h \u00e0 17h.","og_url":"https:\/\/www.uni.lu\/fr\/news\/","og_site_name":"UNI FR","article_publisher":"https:\/\/www.facebook.com\/uni.lu","og_image":[{"width":800,"height":600,"url":"https:\/\/www.uni.lu\/wp-content\/uploads\/sites\/11\/2021\/11\/le_luxembourg_learning_centre_ouvert_7_jours_sur_7.jpg","type":"image\/jpeg"}],"twitter_card":"summary_large_image","twitter_misc":{"Dur\u00e9e de lecture estim\u00e9e":"1 minute"},"schema":{"@context":"https:\/\/schema.org","@graph":[{"@type":"NewsArticle","@id":"https:\/\/www.uni.lu\/fr\/news\/#article","isPartOf":{"@id":"https:\/\/www.uni.lu\/fr\/news\/"},"author":{"name":"","@id":""},"headline":"Le Luxembourg Learning Centre : ouvert 7 jours sur 7 !","datePublished":"2021-11-26T12:29:50+00:00","dateModified":"2021-11-26T12:29:50+00:00","mainEntityOfPage":{"@id":"https:\/\/www.uni.lu\/fr\/news\/"},"wordCount":204,"publisher":{"@id":"https:\/\/www.uni.lu\/fr\/#organization"},"inLanguage":"fr-FR"},{"@type":"WebPage","@id":"https:\/\/www.uni.lu\/fr\/news\/","url":"https:\/\/www.uni.lu\/fr\/news\/","name":"Le Luxembourg Learning Centre : ouvert 7 jours sur 7 ! - Universit\u00e9 du Luxembourg","isPartOf":{"@id":"https:\/\/www.uni.lu\/fr\/#website"},"datePublished":"2021-11-26T12:29:50+00:00","dateModified":"2021-11-26T12:29:50+00:00","description":"A partir du 5 d\u00e9cembre 2021, le Luxembourg Learning Centre (LLC) sera ouvert les dimanches de 8h \u00e0 17h.","breadcrumb":{"@id":"https:\/\/www.uni.lu\/fr\/news\/#breadcrumb"},"inLanguage":"fr-FR","potentialAction":[{"@type":"ReadAction","target":["https:\/\/www.uni.lu\/fr\/news\/"]}]},{"@type":"BreadcrumbList","@id":"https:\/\/www.uni.lu\/fr\/news\/#breadcrumb","itemListElement":[{"@type":"ListItem","position":1,"name":"Home","item":"https:\/\/www.uni.lu\/fr\/"},{"@type":"ListItem","position":2,"name":"News","item":"https:\/\/www.uni.lu\/fr\/news\/"},{"@type":"ListItem","position":3,"name":"Le Luxembourg Learning Centre : ouvert 7 jours sur 7 !"}]},{"@type":"WebSite","@id":"https:\/\/www.uni.lu\/fr\/#website","url":"https:\/\/www.uni.lu\/fr\/","name":"Uni.lu","description":"Universit\u00e9 du Luxembourg","publisher":{"@id":"https:\/\/www.uni.lu\/fr\/#organization"},"alternateName":"Universit\u00e9 du Luxembourg","potentialAction":[{"@type":"SearchAction","target":{"@type":"EntryPoint","urlTemplate":"https:\/\/www.uni.lu\/fr\/?s={search_term_string}"},"query-input":"required name=search_term_string"}],"inLanguage":"fr-FR"},{"@type":"Organization","@id":"https:\/\/www.uni.lu\/fr\/#organization","name":"Universit\u00e9 du Luxembourg","alternateName":"Uni.lu","url":"https:\/\/www.uni.lu\/fr\/","logo":{"@type":"ImageObject","inLanguage":"fr-FR","@id":"https:\/\/www.uni.lu\/fr\/#\/schema\/logo\/image\/","url":"https:\/\/www.uni.lu\/wp-content\/uploads\/sites\/11\/2026\/03\/03120045\/UNIV_SM-Profile_1600x1600px-scaled.jpg","contentUrl":"https:\/\/www.uni.lu\/wp-content\/uploads\/sites\/11\/2026\/03\/03120045\/UNIV_SM-Profile_1600x1600px-scaled.jpg","width":2560,"height":2560,"caption":"Universit\u00e9 du Luxembourg"},"image":"https:\/\/www.uni.lu\/wp-content\/uploads\/sites\/11\/2026\/04\/24120552\/20200609-Belval-Campus_Henri-Goergen-23.jpg","sameAs":["https:\/\/www.facebook.com\/uni.lu","https:\/\/www.linkedin.com\/school\/university-of-luxembourg\/","https:\/\/www.instagram.com\/uni.lu","https:\/\/www.youtube.com\/@uni_lu","https:\/\/en.wikipedia.org\/wiki\/University_of_Luxembourg"],"email":"communication@uni.lu","telephone":"+352 46 66 44 1","address":{"@type":"PostalAddress","streetAddress":"2, place de l\u2019Universit\u00e9","addressLocality":"Esch-sur-Alzette","postalCode":"4365","addressCountry":"LU"},"description":"Universit\u00e9 du Luxembourg"}]}},"blog_id":11,"_links":{"self":[{"href":"https:\/\/www.uni.lu\/fr\/wp-json\/wp\/v2\/news\/1578"}],"collection":[{"href":"https:\/\/www.uni.lu\/fr\/wp-json\/wp\/v2\/news"}],"about":[{"href":"https:\/\/www.uni.lu\/fr\/wp-json\/wp\/v2\/types\/news"}],"version-history":[{"count":0,"href":"https:\/\/www.uni.lu\/fr\/wp-json\/wp\/v2\/news\/1578\/revisions"}],"wp:attachment":[{"href":"https:\/\/www.uni.lu\/fr\/wp-json\/wp\/v2\/media?parent=1578"}],"wp:term":[{"taxonomy":"news-category","embeddable":true,"href":"https:\/\/www.uni.lu\/fr\/wp-json\/wp\/v2\/news-category?post=1578"},{"taxonomy":"news-topic","embeddable":true,"href":"https:\/\/www.uni.lu\/fr\/wp-json\/wp\/v2\/news-topic?post=1578"},{"taxonomy":"organisation","embeddable":true,"href":"https:\/\/www.uni.lu\/fr\/wp-json\/wp\/v2\/organisation?post=1578"}],"curies":[{"name":"wp","href":"https:\/\/api.w.org\/{rel}","templated":true}]}}