{"id":15769,"date":"2024-04-29T10:26:00","date_gmt":"2024-04-29T08:26:00","guid":{"rendered":"https:\/\/www.uni.lu\/fr\/?post_type=news&#038;p=15769"},"modified":"2025-08-04T14:02:41","modified_gmt":"2025-08-04T12:02:41","slug":"consultez-notre-rapport-d-activites-2023","status":"publish","type":"news","link":"https:\/\/www.uni.lu\/fr\/news\/consultez-notre-rapport-d-activites-2023\/","title":{"rendered":"Consultez notre rapport d\u2019activit\u00e9s 2023"},"content":{"rendered":"\n<section class=\"wp-block-unilux-blocks-free-section section\"><div class=\"container xl:max-w-screen-xl\">\n<p><strong>Le rapport d\u2019activit\u00e9s 2023 est maintenant disponible !<\/strong><\/p>\n\n\n\n<p>L\u2019ann\u00e9e 2023 a marqu\u00e9 une \u00e9tape de transition dans l\u2019histoire du Competence Centre, durant laquelle ses activit\u00e9s ont \u00e9t\u00e9 maintenues et clarifi\u00e9es. Les liens et les synergies avec tous ses principaux partenaires ont \u00e9t\u00e9 consolid\u00e9s.<br>Certaines initiatives ont \u00e9galement \u00e9t\u00e9 mises en place pour amorcer un nouvel \u00e9lan pour le Centre, tout en continuant \u00e0 le positionner comme l\u2019acteur majeur de la formation continue universitaire au Luxembourg et en mettant l\u2019innovation au c\u0153ur de tous ses projets.<\/p>\n\n\n\n<p>Nous vous invitons \u00e0 d\u00e9couvrir dans ce rapport d\u2019activit\u00e9s, l\u2019ensemble des actions et projets men\u00e9s en 2023.<\/p>\n\n\n\n<p>Nous tenons \u00e0 remercier les membres de notre Coll\u00e8ge de g\u00e9rance pour leur soutien et leur contribution importante au d\u00e9veloppement du Competence Centre, ainsi que nos partenaires et apprenants pour leur confiance et les projets passionnants sur lesquels nous avons la chance de travailler ensemble.<\/p>\n\n\n\n<ul class=\"wp-block-unilux-blocks-custom-buttons btn-list\"><li class=\"wp-block-unilux-blocks-custom-button\"    aria-disabled=\"false\"\n    >\n    <a\n        role=\"link\"\n        aria-disabled=\"false\"\n                    href=\"https:\/\/www.uni.lu\/wp-content\/uploads\/sites\/11\/2025\/07\/10102427\/Rapport-2024-site.pdf\"\n                target=\"_blank\"\n        class=\"btn btn--primary\"\n            >T\u00e9l\u00e9chargez notre rapport annuel<\/a>\n<\/li>\n<\/ul>\n<\/div><\/section>\n","protected":false},"excerpt":{"rendered":"<p>L\u2019ann\u00e9e 2023 a marqu\u00e9 une \u00e9tape de transition dans l\u2019histoire du Competence Centre, durant laquelle ses activit\u00e9s ont \u00e9t\u00e9 maintenues et clarifi\u00e9es. Les liens et les synergies avec tous ses principaux partenaires ont \u00e9t\u00e9 consolid\u00e9s.<\/p>\n","protected":false},"author":335,"featured_media":15771,"template":"","format":"standard","meta":{"featured_image_focal_point":[],"show_featured_caption":false,"ulux_newsletter_groups":"","uluxPostTitle":"","uluxPrePostTitle":"","_trash_the_other_posts":false,"_price":"","_stock":"","_tribe_ticket_header":"","_tribe_default_ticket_provider":"","_tribe_ticket_capacity":"0","_ticket_start_date":"","_ticket_end_date":"","_tribe_ticket_show_description":"","_tribe_ticket_show_not_going":false,"_tribe_ticket_use_global_stock":"","_tribe_ticket_global_stock_level":"","_global_stock_mode":"","_global_stock_cap":"","_tribe_rsvp_for_event":"","_tribe_ticket_going_count":"","_tribe_ticket_not_going_count":"","_tribe_tickets_list":"[]","_tribe_ticket_has_attendee_info_fields":false},"news-category":[9],"news-topic":[],"organisation":[432],"authorship":[335,44,344],"acf":[],"yoast_head":"<!-- This site is optimized with the Yoast SEO Premium plugin v22.3 (Yoast SEO v22.3) - https:\/\/yoast.com\/wordpress\/plugins\/seo\/ -->\n<title>Consultez notre rapport d\u2019activit\u00e9s 2023 - Universit\u00e9 du Luxembourg<\/title>\n<meta name=\"description\" content=\"L\u2019ann\u00e9e 2023 a marqu\u00e9 une \u00e9tape de transition dans l\u2019histoire du Competence Centre, durant laquelle ses activit\u00e9s ont \u00e9t\u00e9 maintenues et clarifi\u00e9es. Les liens et les synergies avec tous ses principaux partenaires ont \u00e9t\u00e9 consolid\u00e9s.\" \/>\n<meta name=\"robots\" content=\"index, follow, max-snippet:-1, max-image-preview:large, max-video-preview:-1\" \/>\n<link rel=\"canonical\" href=\"https:\/\/www.uni.lu\/fr\/news\/consultez-notre-rapport-d-activites-2023\/\" \/>\n<meta property=\"og:locale\" content=\"fr_FR\" \/>\n<meta property=\"og:type\" content=\"article\" \/>\n<meta property=\"og:title\" content=\"Consultez notre rapport d\u2019activit\u00e9s 2023\" \/>\n<meta property=\"og:description\" content=\"L\u2019ann\u00e9e 2023 a marqu\u00e9 une \u00e9tape de transition dans l\u2019histoire du Competence Centre, durant laquelle ses activit\u00e9s ont \u00e9t\u00e9 maintenues et clarifi\u00e9es. Les liens et les synergies avec tous ses principaux partenaires ont \u00e9t\u00e9 consolid\u00e9s.\" \/>\n<meta property=\"og:url\" content=\"https:\/\/www.uni.lu\/fr\/news\/consultez-notre-rapport-d-activites-2023\/\" \/>\n<meta property=\"og:site_name\" content=\"UNI FR\" \/>\n<meta property=\"article:publisher\" content=\"https:\/\/www.facebook.com\/uni.lu\" \/>\n<meta property=\"article:modified_time\" content=\"2025-08-04T12:02:41+00:00\" \/>\n<meta property=\"og:image\" content=\"https:\/\/www.uni.lu\/wp-content\/uploads\/sites\/11\/2025\/07\/10102602\/visuel-sitenewsletter-2.png\" \/>\n\t<meta property=\"og:image:width\" content=\"1200\" \/>\n\t<meta property=\"og:image:height\" content=\"675\" \/>\n\t<meta property=\"og:image:type\" content=\"image\/png\" \/>\n<meta name=\"twitter:card\" content=\"summary_large_image\" \/>\n<meta name=\"twitter:label1\" content=\"Dur\u00e9e de lecture estim\u00e9e\" \/>\n\t<meta name=\"twitter:data1\" content=\"1 minute\" \/>\n<script type=\"application\/ld+json\" class=\"yoast-schema-graph\">{\"@context\":\"https:\/\/schema.org\",\"@graph\":[{\"@type\":\"NewsArticle\",\"@id\":\"https:\/\/www.uni.lu\/fr\/news\/consultez-notre-rapport-d-activites-2023\/#article\",\"isPartOf\":{\"@id\":\"https:\/\/www.uni.lu\/fr\/news\/consultez-notre-rapport-d-activites-2023\/\"},\"author\":{\"name\":\"valentinadelgaudio\",\"@id\":\"https:\/\/www.uni.lu\/fr\/#\/schema\/person\/0d4d61892313f40f3b9bb798f407531b\"},\"headline\":\"Consultez notre rapport d\u2019activit\u00e9s 2023\",\"datePublished\":\"2024-04-29T08:26:00+00:00\",\"dateModified\":\"2025-08-04T12:02:41+00:00\",\"mainEntityOfPage\":{\"@id\":\"https:\/\/www.uni.lu\/fr\/news\/consultez-notre-rapport-d-activites-2023\/\"},\"wordCount\":165,\"publisher\":{\"@id\":\"https:\/\/www.uni.lu\/fr\/#organization\"},\"image\":{\"@id\":\"https:\/\/www.uni.lu\/fr\/news\/consultez-notre-rapport-d-activites-2023\/#primaryimage\"},\"thumbnailUrl\":\"https:\/\/www.uni.lu\/wp-content\/uploads\/sites\/11\/2025\/07\/10102602\/visuel-sitenewsletter-2.png\",\"inLanguage\":\"fr-FR\"},{\"@type\":\"WebPage\",\"@id\":\"https:\/\/www.uni.lu\/fr\/news\/consultez-notre-rapport-d-activites-2023\/\",\"url\":\"https:\/\/www.uni.lu\/fr\/news\/consultez-notre-rapport-d-activites-2023\/\",\"name\":\"Consultez notre rapport d\u2019activit\u00e9s 2023 - Universit\u00e9 du Luxembourg\",\"isPartOf\":{\"@id\":\"https:\/\/www.uni.lu\/fr\/#website\"},\"primaryImageOfPage\":{\"@id\":\"https:\/\/www.uni.lu\/fr\/news\/consultez-notre-rapport-d-activites-2023\/#primaryimage\"},\"image\":{\"@id\":\"https:\/\/www.uni.lu\/fr\/news\/consultez-notre-rapport-d-activites-2023\/#primaryimage\"},\"thumbnailUrl\":\"https:\/\/www.uni.lu\/wp-content\/uploads\/sites\/11\/2025\/07\/10102602\/visuel-sitenewsletter-2.png\",\"datePublished\":\"2024-04-29T08:26:00+00:00\",\"dateModified\":\"2025-08-04T12:02:41+00:00\",\"description\":\"L\u2019ann\u00e9e 2023 a marqu\u00e9 une \u00e9tape de transition dans l\u2019histoire du Competence Centre, durant laquelle ses activit\u00e9s ont \u00e9t\u00e9 maintenues et clarifi\u00e9es. Les liens et les synergies avec tous ses principaux partenaires ont \u00e9t\u00e9 consolid\u00e9s.\",\"breadcrumb\":{\"@id\":\"https:\/\/www.uni.lu\/fr\/news\/consultez-notre-rapport-d-activites-2023\/#breadcrumb\"},\"inLanguage\":\"fr-FR\",\"potentialAction\":[{\"@type\":\"ReadAction\",\"target\":[\"https:\/\/www.uni.lu\/fr\/news\/consultez-notre-rapport-d-activites-2023\/\"]}]},{\"@type\":\"ImageObject\",\"inLanguage\":\"fr-FR\",\"@id\":\"https:\/\/www.uni.lu\/fr\/news\/consultez-notre-rapport-d-activites-2023\/#primaryimage\",\"url\":\"https:\/\/www.uni.lu\/wp-content\/uploads\/sites\/11\/2025\/07\/10102602\/visuel-sitenewsletter-2.png\",\"contentUrl\":\"https:\/\/www.uni.lu\/wp-content\/uploads\/sites\/11\/2025\/07\/10102602\/visuel-sitenewsletter-2.png\",\"width\":1200,\"height\":675},{\"@type\":\"BreadcrumbList\",\"@id\":\"https:\/\/www.uni.lu\/fr\/news\/consultez-notre-rapport-d-activites-2023\/#breadcrumb\",\"itemListElement\":[{\"@type\":\"ListItem\",\"position\":1,\"name\":\"Home\",\"item\":\"https:\/\/www.uni.lu\/fr\/\"},{\"@type\":\"ListItem\",\"position\":2,\"name\":\"News\",\"item\":\"https:\/\/www.uni.lu\/fr\/news\/\"},{\"@type\":\"ListItem\",\"position\":3,\"name\":\"Consultez notre rapport d\u2019activit\u00e9s 2023\"}]},{\"@type\":\"WebSite\",\"@id\":\"https:\/\/www.uni.lu\/fr\/#website\",\"url\":\"https:\/\/www.uni.lu\/fr\/\",\"name\":\"Uni.lu\",\"description\":\"Universit\u00e9 du Luxembourg\",\"publisher\":{\"@id\":\"https:\/\/www.uni.lu\/fr\/#organization\"},\"alternateName\":\"Universit\u00e9 du Luxembourg\",\"potentialAction\":[{\"@type\":\"SearchAction\",\"target\":{\"@type\":\"EntryPoint\",\"urlTemplate\":\"https:\/\/www.uni.lu\/fr\/?s={search_term_string}\"},\"query-input\":\"required name=search_term_string\"}],\"inLanguage\":\"fr-FR\"},{\"@type\":\"Organization\",\"@id\":\"https:\/\/www.uni.lu\/fr\/#organization\",\"name\":\"Universit\u00e9 du Luxembourg\",\"alternateName\":\"Uni.lu\",\"url\":\"https:\/\/www.uni.lu\/fr\/\",\"logo\":{\"@type\":\"ImageObject\",\"inLanguage\":\"fr-FR\",\"@id\":\"https:\/\/www.uni.lu\/fr\/#\/schema\/logo\/image\/\",\"url\":\"https:\/\/www.uni.lu\/wp-content\/uploads\/sites\/11\/2026\/03\/03120045\/UNIV_SM-Profile_1600x1600px-scaled.jpg\",\"contentUrl\":\"https:\/\/www.uni.lu\/wp-content\/uploads\/sites\/11\/2026\/03\/03120045\/UNIV_SM-Profile_1600x1600px-scaled.jpg\",\"width\":2560,\"height\":2560,\"caption\":\"Universit\u00e9 du Luxembourg\"},\"image\":\"https:\/\/www.uni.lu\/wp-content\/uploads\/sites\/11\/2026\/04\/24120552\/20200609-Belval-Campus_Henri-Goergen-23.jpg\",\"sameAs\":[\"https:\/\/www.facebook.com\/uni.lu\",\"https:\/\/www.linkedin.com\/school\/university-of-luxembourg\/\",\"https:\/\/www.instagram.com\/uni.lu\",\"https:\/\/www.youtube.com\/@uni_lu\",\"https:\/\/en.wikipedia.org\/wiki\/University_of_Luxembourg\"],\"email\":\"communication@uni.lu\",\"telephone\":\"+352 46 66 44 1\",\"address\":{\"@type\":\"PostalAddress\",\"streetAddress\":\"2, place de l\u2019Universit\u00e9\",\"addressLocality\":\"Esch-sur-Alzette\",\"postalCode\":\"4365\",\"addressCountry\":\"LU\"},\"description\":\"Universit\u00e9 du Luxembourg\"},{\"@type\":\"Person\",\"@id\":\"https:\/\/www.uni.lu\/fr\/#\/schema\/person\/0d4d61892313f40f3b9bb798f407531b\",\"name\":\"valentinadelgaudio\",\"image\":{\"@type\":\"ImageObject\",\"inLanguage\":\"fr-FR\",\"@id\":\"https:\/\/www.uni.lu\/fr\/#\/schema\/person\/image\/\",\"url\":\"https:\/\/secure.gravatar.com\/avatar\/be0650afbd68aa0abc872863d8291dc1?s=96&d=mm&r=g\",\"contentUrl\":\"https:\/\/secure.gravatar.com\/avatar\/be0650afbd68aa0abc872863d8291dc1?s=96&d=mm&r=g\",\"caption\":\"valentinadelgaudio\"}}]}<\/script>\n<!-- \/ Yoast SEO Premium plugin. -->","yoast_head_json":{"title":"Consultez notre rapport d\u2019activit\u00e9s 2023 - Universit\u00e9 du Luxembourg","description":"L\u2019ann\u00e9e 2023 a marqu\u00e9 une \u00e9tape de transition dans l\u2019histoire du Competence Centre, durant laquelle ses activit\u00e9s ont \u00e9t\u00e9 maintenues et clarifi\u00e9es. Les liens et les synergies avec tous ses principaux partenaires ont \u00e9t\u00e9 consolid\u00e9s.","robots":{"index":"index","follow":"follow","max-snippet":"max-snippet:-1","max-image-preview":"max-image-preview:large","max-video-preview":"max-video-preview:-1"},"canonical":"https:\/\/www.uni.lu\/fr\/news\/consultez-notre-rapport-d-activites-2023\/","og_locale":"fr_FR","og_type":"article","og_title":"Consultez notre rapport d\u2019activit\u00e9s 2023","og_description":"L\u2019ann\u00e9e 2023 a marqu\u00e9 une \u00e9tape de transition dans l\u2019histoire du Competence Centre, durant laquelle ses activit\u00e9s ont \u00e9t\u00e9 maintenues et clarifi\u00e9es. Les liens et les synergies avec tous ses principaux partenaires ont \u00e9t\u00e9 consolid\u00e9s.","og_url":"https:\/\/www.uni.lu\/fr\/news\/consultez-notre-rapport-d-activites-2023\/","og_site_name":"UNI FR","article_publisher":"https:\/\/www.facebook.com\/uni.lu","article_modified_time":"2025-08-04T12:02:41+00:00","og_image":[{"width":1200,"height":675,"url":"https:\/\/www.uni.lu\/wp-content\/uploads\/sites\/11\/2025\/07\/10102602\/visuel-sitenewsletter-2.png","type":"image\/png"}],"twitter_card":"summary_large_image","twitter_misc":{"Dur\u00e9e de lecture estim\u00e9e":"1 minute"},"schema":{"@context":"https:\/\/schema.org","@graph":[{"@type":"NewsArticle","@id":"https:\/\/www.uni.lu\/fr\/news\/consultez-notre-rapport-d-activites-2023\/#article","isPartOf":{"@id":"https:\/\/www.uni.lu\/fr\/news\/consultez-notre-rapport-d-activites-2023\/"},"author":{"name":"valentinadelgaudio","@id":"https:\/\/www.uni.lu\/fr\/#\/schema\/person\/0d4d61892313f40f3b9bb798f407531b"},"headline":"Consultez notre rapport d\u2019activit\u00e9s 2023","datePublished":"2024-04-29T08:26:00+00:00","dateModified":"2025-08-04T12:02:41+00:00","mainEntityOfPage":{"@id":"https:\/\/www.uni.lu\/fr\/news\/consultez-notre-rapport-d-activites-2023\/"},"wordCount":165,"publisher":{"@id":"https:\/\/www.uni.lu\/fr\/#organization"},"image":{"@id":"https:\/\/www.uni.lu\/fr\/news\/consultez-notre-rapport-d-activites-2023\/#primaryimage"},"thumbnailUrl":"https:\/\/www.uni.lu\/wp-content\/uploads\/sites\/11\/2025\/07\/10102602\/visuel-sitenewsletter-2.png","inLanguage":"fr-FR"},{"@type":"WebPage","@id":"https:\/\/www.uni.lu\/fr\/news\/consultez-notre-rapport-d-activites-2023\/","url":"https:\/\/www.uni.lu\/fr\/news\/consultez-notre-rapport-d-activites-2023\/","name":"Consultez notre rapport d\u2019activit\u00e9s 2023 - Universit\u00e9 du Luxembourg","isPartOf":{"@id":"https:\/\/www.uni.lu\/fr\/#website"},"primaryImageOfPage":{"@id":"https:\/\/www.uni.lu\/fr\/news\/consultez-notre-rapport-d-activites-2023\/#primaryimage"},"image":{"@id":"https:\/\/www.uni.lu\/fr\/news\/consultez-notre-rapport-d-activites-2023\/#primaryimage"},"thumbnailUrl":"https:\/\/www.uni.lu\/wp-content\/uploads\/sites\/11\/2025\/07\/10102602\/visuel-sitenewsletter-2.png","datePublished":"2024-04-29T08:26:00+00:00","dateModified":"2025-08-04T12:02:41+00:00","description":"L\u2019ann\u00e9e 2023 a marqu\u00e9 une \u00e9tape de transition dans l\u2019histoire du Competence Centre, durant laquelle ses activit\u00e9s ont \u00e9t\u00e9 maintenues et clarifi\u00e9es. Les liens et les synergies avec tous ses principaux partenaires ont \u00e9t\u00e9 consolid\u00e9s.","breadcrumb":{"@id":"https:\/\/www.uni.lu\/fr\/news\/consultez-notre-rapport-d-activites-2023\/#breadcrumb"},"inLanguage":"fr-FR","potentialAction":[{"@type":"ReadAction","target":["https:\/\/www.uni.lu\/fr\/news\/consultez-notre-rapport-d-activites-2023\/"]}]},{"@type":"ImageObject","inLanguage":"fr-FR","@id":"https:\/\/www.uni.lu\/fr\/news\/consultez-notre-rapport-d-activites-2023\/#primaryimage","url":"https:\/\/www.uni.lu\/wp-content\/uploads\/sites\/11\/2025\/07\/10102602\/visuel-sitenewsletter-2.png","contentUrl":"https:\/\/www.uni.lu\/wp-content\/uploads\/sites\/11\/2025\/07\/10102602\/visuel-sitenewsletter-2.png","width":1200,"height":675},{"@type":"BreadcrumbList","@id":"https:\/\/www.uni.lu\/fr\/news\/consultez-notre-rapport-d-activites-2023\/#breadcrumb","itemListElement":[{"@type":"ListItem","position":1,"name":"Home","item":"https:\/\/www.uni.lu\/fr\/"},{"@type":"ListItem","position":2,"name":"News","item":"https:\/\/www.uni.lu\/fr\/news\/"},{"@type":"ListItem","position":3,"name":"Consultez notre rapport d\u2019activit\u00e9s 2023"}]},{"@type":"WebSite","@id":"https:\/\/www.uni.lu\/fr\/#website","url":"https:\/\/www.uni.lu\/fr\/","name":"Uni.lu","description":"Universit\u00e9 du Luxembourg","publisher":{"@id":"https:\/\/www.uni.lu\/fr\/#organization"},"alternateName":"Universit\u00e9 du Luxembourg","potentialAction":[{"@type":"SearchAction","target":{"@type":"EntryPoint","urlTemplate":"https:\/\/www.uni.lu\/fr\/?s={search_term_string}"},"query-input":"required name=search_term_string"}],"inLanguage":"fr-FR"},{"@type":"Organization","@id":"https:\/\/www.uni.lu\/fr\/#organization","name":"Universit\u00e9 du Luxembourg","alternateName":"Uni.lu","url":"https:\/\/www.uni.lu\/fr\/","logo":{"@type":"ImageObject","inLanguage":"fr-FR","@id":"https:\/\/www.uni.lu\/fr\/#\/schema\/logo\/image\/","url":"https:\/\/www.uni.lu\/wp-content\/uploads\/sites\/11\/2026\/03\/03120045\/UNIV_SM-Profile_1600x1600px-scaled.jpg","contentUrl":"https:\/\/www.uni.lu\/wp-content\/uploads\/sites\/11\/2026\/03\/03120045\/UNIV_SM-Profile_1600x1600px-scaled.jpg","width":2560,"height":2560,"caption":"Universit\u00e9 du Luxembourg"},"image":"https:\/\/www.uni.lu\/wp-content\/uploads\/sites\/11\/2026\/04\/24120552\/20200609-Belval-Campus_Henri-Goergen-23.jpg","sameAs":["https:\/\/www.facebook.com\/uni.lu","https:\/\/www.linkedin.com\/school\/university-of-luxembourg\/","https:\/\/www.instagram.com\/uni.lu","https:\/\/www.youtube.com\/@uni_lu","https:\/\/en.wikipedia.org\/wiki\/University_of_Luxembourg"],"email":"communication@uni.lu","telephone":"+352 46 66 44 1","address":{"@type":"PostalAddress","streetAddress":"2, place de l\u2019Universit\u00e9","addressLocality":"Esch-sur-Alzette","postalCode":"4365","addressCountry":"LU"},"description":"Universit\u00e9 du Luxembourg"},{"@type":"Person","@id":"https:\/\/www.uni.lu\/fr\/#\/schema\/person\/0d4d61892313f40f3b9bb798f407531b","name":"valentinadelgaudio","image":{"@type":"ImageObject","inLanguage":"fr-FR","@id":"https:\/\/www.uni.lu\/fr\/#\/schema\/person\/image\/","url":"https:\/\/secure.gravatar.com\/avatar\/be0650afbd68aa0abc872863d8291dc1?s=96&d=mm&r=g","contentUrl":"https:\/\/secure.gravatar.com\/avatar\/be0650afbd68aa0abc872863d8291dc1?s=96&d=mm&r=g","caption":"valentinadelgaudio"}}]}},"blog_id":11,"_links":{"self":[{"href":"https:\/\/www.uni.lu\/fr\/wp-json\/wp\/v2\/news\/15769"}],"collection":[{"href":"https:\/\/www.uni.lu\/fr\/wp-json\/wp\/v2\/news"}],"about":[{"href":"https:\/\/www.uni.lu\/fr\/wp-json\/wp\/v2\/types\/news"}],"author":[{"embeddable":true,"href":"https:\/\/www.uni.lu\/fr\/wp-json\/wp\/v2\/users\/335"}],"version-history":[{"count":1,"href":"https:\/\/www.uni.lu\/fr\/wp-json\/wp\/v2\/news\/15769\/revisions"}],"predecessor-version":[{"id":15772,"href":"https:\/\/www.uni.lu\/fr\/wp-json\/wp\/v2\/news\/15769\/revisions\/15772"}],"wp:authorship":[{"embeddable":true,"href":"https:\/\/www.uni.lu\/fr\/wp-json\/wp\/v2\/users\/335"},{"embeddable":true,"href":"https:\/\/www.uni.lu\/fr\/wp-json\/wp\/v2\/users\/44"},{"embeddable":true,"href":"https:\/\/www.uni.lu\/fr\/wp-json\/wp\/v2\/users\/344"}],"wp:featuredmedia":[{"embeddable":true,"href":"https:\/\/www.uni.lu\/fr\/wp-json\/wp\/v2\/media\/15771"}],"wp:attachment":[{"href":"https:\/\/www.uni.lu\/fr\/wp-json\/wp\/v2\/media?parent=15769"}],"wp:term":[{"taxonomy":"news-category","embeddable":true,"href":"https:\/\/www.uni.lu\/fr\/wp-json\/wp\/v2\/news-category?post=15769"},{"taxonomy":"news-topic","embeddable":true,"href":"https:\/\/www.uni.lu\/fr\/wp-json\/wp\/v2\/news-topic?post=15769"},{"taxonomy":"organisation","embeddable":true,"href":"https:\/\/www.uni.lu\/fr\/wp-json\/wp\/v2\/organisation?post=15769"}],"curies":[{"name":"wp","href":"https:\/\/api.w.org\/{rel}","templated":true}]}}