{"id":1562,"date":"2021-11-15T13:43:24","date_gmt":"2021-11-15T13:43:24","guid":{"rendered":"https:\/\/website.prod.unilu.spikeseed.cloud\/fr\/news\/luniversite-sonde-le-personnel-des-ecoles-fondamentales\/"},"modified":"2024-06-27T09:25:21","modified_gmt":"2024-06-27T07:25:21","slug":"luniversite-sonde-le-personnel-des-ecoles-fondamentales","status":"publish","type":"news","link":"https:\/\/www.uni.lu\/fr\/news\/luniversite-sonde-le-personnel-des-ecoles-fondamentales\/","title":{"rendered":"L\u2019Universit\u00e9 sonde le personnel des \u00e9coles fondamentales"},"content":{"rendered":"\n<section class=\"wp-block-unilux-blocks-free-section section\"><div class=\"container xl:max-w-screen-xl\">\n<p>Le d\u00e9partement Sciences de l\u2019\u00e9ducation et intervention sociale de l\u2019Universit\u00e9 du Luxembourg organise actuellement une consultation nationale de l\u2019ensemble des instituteurs.trices et des \u00e9ducateurs.trices de l\u2019\u00e9cole fondamentale au Luxembourg.<\/p>\n\n\n\n<p>Entre le 8 novembre et le 17 d\u00e9cembre 2021, un questionnaire est accessible en ligne pour donner la parole aux acteurs des \u00e9coles fondamentales.<\/p>\n\n\n\n<p>La consultation nationale, coordonn\u00e9e par le Dr&nbsp;<a href=\"https:\/\/wwwfr.uni.lu\/recherche\/fhse\/desw\/people\/christophe_dierendonck\" target=\"_self\" title=\"\" rel=\"noopener\">Christophe Dierendonck<\/a>, ma\u00eetre-assistant au sein du d\u00e9partement Sciences de l\u2019\u00e9ducation et intervention sociale&nbsp;de l\u2019Universit\u00e9, permet aux acteurs de s\u2019exprimer quant \u00e0 leur perception et conception du m\u00e9tier, de d\u00e9crire leur pratique et les difficult\u00e9s majeures qu\u2019ils rencontrent.<\/p>\n\n\n\n<p>Les participants sont \u00e9galement invit\u00e9s \u00e0 se positionner par rapport aux orientations et aux dispositifs mis en \u0153uvre depuis la r\u00e9forme scolaire de 2009 (organisation en cycles, approche par comp\u00e9tences, diff\u00e9renciation des pratiques d\u2019enseignement, \u00e9valuation formative, plan de d\u00e9veloppement scolaire, bilans, allongement de cycle, pratiques collaboratives, &#8230;).<\/p>\n\n\n\n<p>La consultation constitue la premi\u00e8re phase de cette \u00e9tude scientifique participative. La seconde phase de l\u2019\u00e9tude, men\u00e9e au printemps 2022, s\u2019attachera \u00e0 analyser les constats issus de la consultation. A cette fin seront organis\u00e9s plusieurs workshops th\u00e9matiques rassemblant les diff\u00e9rents acteurs de l\u2019\u00e9ducation au Luxembourg.<\/p>\n\n\n\n<p>Afin de d\u00e9gager des constats repr\u00e9sentatifs solides, \u00e0 partir desquels des recommandations concr\u00e8tes pourront \u00eatre formul\u00e9es, l\u2019Universit\u00e9 encourage tous.toutes les instituteurs.trices et les \u00e9ducateurs.trices \u00e0 prendre part \u00e0 cette consultation nationale.<\/p>\n\n\n\n<p>Les r\u00e9sultats feront l\u2019objet de deux rapports ind\u00e9pendants&nbsp;: un rapport scientifique r\u00e9dig\u00e9 par l\u2019\u00e9quipe universitaire et un rapport th\u00e9matique r\u00e9dig\u00e9 par <a href=\"https:\/\/onqs.lu\/\" target=\"_blank\" title=\"\" rel=\"noopener\">l\u2019Observatoire national de la qualit\u00e9 scolaire<\/a> (ONQS), commanditaire de l\u2019\u00e9tude. Les r\u00e9sultats de l\u2019\u00e9tude seront pr\u00e9sent\u00e9s \u00e0 la Chambre des d\u00e9put\u00e9s, puis rendus publics sur le site <a href=\"http:\/\/www.onqs.lu\/\" target=\"_blank\" title=\"\" rel=\"noopener\">www.onqs.lu<\/a>.<\/p>\n\n\n\n<p>Pour plus de d\u00e9tails : <a href=\"mailto:consultation.ef@uni.lu\" target=\"_self\" title=\"\" rel=\"noopener\">consultation.ef@uni.lu<\/a><\/p>\n<\/div><\/section>\n","protected":false},"excerpt":{"rendered":"<p>Le d\u00e9partement Sciences de l\u2019\u00e9ducation et intervention sociale de l\u2019Universit\u00e9 du Luxembourg organise actuellement une consultation nationale de l\u2019ensemble des instituteurs.trices et des \u00e9ducateurs.trices de l\u2019\u00e9cole fondamentale au Luxembourg.<\/p>\n","protected":false},"author":42,"featured_media":0,"template":"","format":"standard","meta":{"featured_image_focal_point":[],"show_featured_caption":false,"ulux_newsletter_groups":"","uluxPostTitle":"","uluxPrePostTitle":"","_trash_the_other_posts":false,"_price":"","_stock":"","_tribe_ticket_header":"","_tribe_default_ticket_provider":"","_tribe_ticket_capacity":"0","_ticket_start_date":"","_ticket_end_date":"","_tribe_ticket_show_description":"","_tribe_ticket_show_not_going":false,"_tribe_ticket_use_global_stock":"","_tribe_ticket_global_stock_level":"","_global_stock_mode":"","_global_stock_cap":"","_tribe_rsvp_for_event":"","_tribe_ticket_going_count":"","_tribe_ticket_not_going_count":"","_tribe_tickets_list":"[]","_tribe_ticket_has_attendee_info_fields":false},"news-category":[4,3],"news-topic":[12],"organisation":[165,147,226],"authorship":[42],"acf":[],"yoast_head":"<!-- This site is optimized with the Yoast SEO Premium plugin v22.3 (Yoast SEO v22.3) - https:\/\/yoast.com\/wordpress\/plugins\/seo\/ -->\n<title>L\u2019Universit\u00e9 sonde le personnel des \u00e9coles fondamentales - Universit\u00e9 du Luxembourg<\/title>\n<meta name=\"description\" content=\"Le d\u00e9partement Sciences de l\u2019\u00e9ducation et intervention sociale de l\u2019Universit\u00e9 du Luxembourg organise actuellement une consultation nationale de l\u2019ensemble des instituteurs.trices et des \u00e9ducateurs.trices de l\u2019\u00e9cole fondamentale au Luxembourg.\" \/>\n<meta name=\"robots\" content=\"noindex, follow\" \/>\n<meta property=\"og:locale\" content=\"fr_FR\" \/>\n<meta property=\"og:type\" content=\"article\" \/>\n<meta property=\"og:title\" content=\"L\u2019Universit\u00e9 sonde le personnel des \u00e9coles fondamentales\" \/>\n<meta property=\"og:description\" content=\"Le d\u00e9partement Sciences de l\u2019\u00e9ducation et intervention sociale de l\u2019Universit\u00e9 du Luxembourg organise actuellement une consultation nationale de l\u2019ensemble des instituteurs.trices et des \u00e9ducateurs.trices de l\u2019\u00e9cole fondamentale au Luxembourg.\" \/>\n<meta property=\"og:url\" content=\"https:\/\/www.uni.lu\/fr\/news\/luniversite-sonde-le-personnel-des-ecoles-fondamentales\/\" \/>\n<meta property=\"og:site_name\" content=\"UNI FR\" \/>\n<meta property=\"article:publisher\" content=\"https:\/\/www.facebook.com\/uni.lu\" \/>\n<meta property=\"article:modified_time\" content=\"2024-06-27T07:25:21+00:00\" \/>\n<meta property=\"og:image\" content=\"https:\/\/www.uni.lu\/wp-content\/uploads\/sites\/11\/2026\/03\/03120045\/UNIV_SM-Profile_1600x1600px-scaled.jpg\" \/>\n\t<meta property=\"og:image:width\" content=\"2560\" \/>\n\t<meta property=\"og:image:height\" content=\"2560\" \/>\n\t<meta property=\"og:image:type\" content=\"image\/jpeg\" \/>\n<meta name=\"twitter:card\" content=\"summary_large_image\" \/>\n<meta name=\"twitter:label1\" content=\"Dur\u00e9e de lecture estim\u00e9e\" \/>\n\t<meta name=\"twitter:data1\" content=\"2 minutes\" \/>\n<script type=\"application\/ld+json\" class=\"yoast-schema-graph\">{\"@context\":\"https:\/\/schema.org\",\"@graph\":[{\"@type\":\"NewsArticle\",\"@id\":\"https:\/\/www.uni.lu\/fr\/news\/luniversite-sonde-le-personnel-des-ecoles-fondamentales\/#article\",\"isPartOf\":{\"@id\":\"https:\/\/www.uni.lu\/fr\/news\/luniversite-sonde-le-personnel-des-ecoles-fondamentales\/\"},\"author\":{\"name\":\"svankelst\",\"@id\":\"https:\/\/www.uni.lu\/fr\/#\/schema\/person\/bbacc9db2c68a323b1a3cbdab743cd0c\"},\"headline\":\"L\u2019Universit\u00e9 sonde le personnel des \u00e9coles fondamentales\",\"datePublished\":\"2021-11-15T13:43:24+00:00\",\"dateModified\":\"2024-06-27T07:25:21+00:00\",\"mainEntityOfPage\":{\"@id\":\"https:\/\/www.uni.lu\/fr\/news\/luniversite-sonde-le-personnel-des-ecoles-fondamentales\/\"},\"wordCount\":334,\"publisher\":{\"@id\":\"https:\/\/www.uni.lu\/fr\/#organization\"},\"inLanguage\":\"fr-FR\"},{\"@type\":\"WebPage\",\"@id\":\"https:\/\/www.uni.lu\/fr\/news\/luniversite-sonde-le-personnel-des-ecoles-fondamentales\/\",\"url\":\"https:\/\/www.uni.lu\/fr\/news\/luniversite-sonde-le-personnel-des-ecoles-fondamentales\/\",\"name\":\"L\u2019Universit\u00e9 sonde le personnel des \u00e9coles fondamentales - Universit\u00e9 du Luxembourg\",\"isPartOf\":{\"@id\":\"https:\/\/www.uni.lu\/fr\/#website\"},\"datePublished\":\"2021-11-15T13:43:24+00:00\",\"dateModified\":\"2024-06-27T07:25:21+00:00\",\"description\":\"Le d\u00e9partement Sciences de l\u2019\u00e9ducation et intervention sociale de l\u2019Universit\u00e9 du Luxembourg organise actuellement une consultation nationale de l\u2019ensemble des instituteurs.trices et des \u00e9ducateurs.trices de l\u2019\u00e9cole fondamentale au Luxembourg.\",\"breadcrumb\":{\"@id\":\"https:\/\/www.uni.lu\/fr\/news\/luniversite-sonde-le-personnel-des-ecoles-fondamentales\/#breadcrumb\"},\"inLanguage\":\"fr-FR\",\"potentialAction\":[{\"@type\":\"ReadAction\",\"target\":[\"https:\/\/www.uni.lu\/fr\/news\/luniversite-sonde-le-personnel-des-ecoles-fondamentales\/\"]}]},{\"@type\":\"BreadcrumbList\",\"@id\":\"https:\/\/www.uni.lu\/fr\/news\/luniversite-sonde-le-personnel-des-ecoles-fondamentales\/#breadcrumb\",\"itemListElement\":[{\"@type\":\"ListItem\",\"position\":1,\"name\":\"Home\",\"item\":\"https:\/\/www.uni.lu\/fr\/\"},{\"@type\":\"ListItem\",\"position\":2,\"name\":\"News\",\"item\":\"https:\/\/www.uni.lu\/fr\/news\/\"},{\"@type\":\"ListItem\",\"position\":3,\"name\":\"L\u2019Universit\u00e9 sonde le personnel des \u00e9coles fondamentales\"}]},{\"@type\":\"WebSite\",\"@id\":\"https:\/\/www.uni.lu\/fr\/#website\",\"url\":\"https:\/\/www.uni.lu\/fr\/\",\"name\":\"Uni.lu\",\"description\":\"Universit\u00e9 du Luxembourg\",\"publisher\":{\"@id\":\"https:\/\/www.uni.lu\/fr\/#organization\"},\"alternateName\":\"Universit\u00e9 du Luxembourg\",\"potentialAction\":[{\"@type\":\"SearchAction\",\"target\":{\"@type\":\"EntryPoint\",\"urlTemplate\":\"https:\/\/www.uni.lu\/fr\/?s={search_term_string}\"},\"query-input\":\"required name=search_term_string\"}],\"inLanguage\":\"fr-FR\"},{\"@type\":\"Organization\",\"@id\":\"https:\/\/www.uni.lu\/fr\/#organization\",\"name\":\"Universit\u00e9 du Luxembourg\",\"alternateName\":\"Uni.lu\",\"url\":\"https:\/\/www.uni.lu\/fr\/\",\"logo\":{\"@type\":\"ImageObject\",\"inLanguage\":\"fr-FR\",\"@id\":\"https:\/\/www.uni.lu\/fr\/#\/schema\/logo\/image\/\",\"url\":\"https:\/\/www.uni.lu\/wp-content\/uploads\/sites\/11\/2026\/03\/03120045\/UNIV_SM-Profile_1600x1600px-scaled.jpg\",\"contentUrl\":\"https:\/\/www.uni.lu\/wp-content\/uploads\/sites\/11\/2026\/03\/03120045\/UNIV_SM-Profile_1600x1600px-scaled.jpg\",\"width\":2560,\"height\":2560,\"caption\":\"Universit\u00e9 du Luxembourg\"},\"image\":\"https:\/\/www.uni.lu\/wp-content\/uploads\/sites\/11\/2026\/04\/24120552\/20200609-Belval-Campus_Henri-Goergen-23.jpg\",\"sameAs\":[\"https:\/\/www.facebook.com\/uni.lu\",\"https:\/\/www.linkedin.com\/school\/university-of-luxembourg\/\",\"https:\/\/www.instagram.com\/uni.lu\",\"https:\/\/www.youtube.com\/@uni_lu\",\"https:\/\/en.wikipedia.org\/wiki\/University_of_Luxembourg\"],\"email\":\"communication@uni.lu\",\"telephone\":\"+352 46 66 44 1\",\"address\":{\"@type\":\"PostalAddress\",\"streetAddress\":\"2, place de l\u2019Universit\u00e9\",\"addressLocality\":\"Esch-sur-Alzette\",\"postalCode\":\"4365\",\"addressCountry\":\"LU\"},\"description\":\"Universit\u00e9 du Luxembourg\"},{\"@type\":\"Person\",\"@id\":\"https:\/\/www.uni.lu\/fr\/#\/schema\/person\/bbacc9db2c68a323b1a3cbdab743cd0c\",\"name\":\"svankelst\",\"image\":{\"@type\":\"ImageObject\",\"inLanguage\":\"fr-FR\",\"@id\":\"https:\/\/www.uni.lu\/fr\/#\/schema\/person\/image\/\",\"url\":\"https:\/\/secure.gravatar.com\/avatar\/54b090610f90377561821e2f82f83b9f?s=96&d=mm&r=g\",\"contentUrl\":\"https:\/\/secure.gravatar.com\/avatar\/54b090610f90377561821e2f82f83b9f?s=96&d=mm&r=g\",\"caption\":\"svankelst\"}}]}<\/script>\n<!-- \/ Yoast SEO Premium plugin. -->","yoast_head_json":{"title":"L\u2019Universit\u00e9 sonde le personnel des \u00e9coles fondamentales - Universit\u00e9 du Luxembourg","description":"Le d\u00e9partement Sciences de l\u2019\u00e9ducation et intervention sociale de l\u2019Universit\u00e9 du Luxembourg organise actuellement une consultation nationale de l\u2019ensemble des instituteurs.trices et des \u00e9ducateurs.trices de l\u2019\u00e9cole fondamentale au Luxembourg.","robots":{"index":"noindex","follow":"follow"},"og_locale":"fr_FR","og_type":"article","og_title":"L\u2019Universit\u00e9 sonde le personnel des \u00e9coles fondamentales","og_description":"Le d\u00e9partement Sciences de l\u2019\u00e9ducation et intervention sociale de l\u2019Universit\u00e9 du Luxembourg organise actuellement une consultation nationale de l\u2019ensemble des instituteurs.trices et des \u00e9ducateurs.trices de l\u2019\u00e9cole fondamentale au Luxembourg.","og_url":"https:\/\/www.uni.lu\/fr\/news\/luniversite-sonde-le-personnel-des-ecoles-fondamentales\/","og_site_name":"UNI FR","article_publisher":"https:\/\/www.facebook.com\/uni.lu","article_modified_time":"2024-06-27T07:25:21+00:00","og_image":[{"width":2560,"height":2560,"url":"https:\/\/www.uni.lu\/wp-content\/uploads\/sites\/11\/2026\/03\/03120045\/UNIV_SM-Profile_1600x1600px-scaled.jpg","type":"image\/jpeg"}],"twitter_card":"summary_large_image","twitter_misc":{"Dur\u00e9e de lecture estim\u00e9e":"2 minutes"},"schema":{"@context":"https:\/\/schema.org","@graph":[{"@type":"NewsArticle","@id":"https:\/\/www.uni.lu\/fr\/news\/luniversite-sonde-le-personnel-des-ecoles-fondamentales\/#article","isPartOf":{"@id":"https:\/\/www.uni.lu\/fr\/news\/luniversite-sonde-le-personnel-des-ecoles-fondamentales\/"},"author":{"name":"svankelst","@id":"https:\/\/www.uni.lu\/fr\/#\/schema\/person\/bbacc9db2c68a323b1a3cbdab743cd0c"},"headline":"L\u2019Universit\u00e9 sonde le personnel des \u00e9coles fondamentales","datePublished":"2021-11-15T13:43:24+00:00","dateModified":"2024-06-27T07:25:21+00:00","mainEntityOfPage":{"@id":"https:\/\/www.uni.lu\/fr\/news\/luniversite-sonde-le-personnel-des-ecoles-fondamentales\/"},"wordCount":334,"publisher":{"@id":"https:\/\/www.uni.lu\/fr\/#organization"},"inLanguage":"fr-FR"},{"@type":"WebPage","@id":"https:\/\/www.uni.lu\/fr\/news\/luniversite-sonde-le-personnel-des-ecoles-fondamentales\/","url":"https:\/\/www.uni.lu\/fr\/news\/luniversite-sonde-le-personnel-des-ecoles-fondamentales\/","name":"L\u2019Universit\u00e9 sonde le personnel des \u00e9coles fondamentales - Universit\u00e9 du Luxembourg","isPartOf":{"@id":"https:\/\/www.uni.lu\/fr\/#website"},"datePublished":"2021-11-15T13:43:24+00:00","dateModified":"2024-06-27T07:25:21+00:00","description":"Le d\u00e9partement Sciences de l\u2019\u00e9ducation et intervention sociale de l\u2019Universit\u00e9 du Luxembourg organise actuellement une consultation nationale de l\u2019ensemble des instituteurs.trices et des \u00e9ducateurs.trices de l\u2019\u00e9cole fondamentale au Luxembourg.","breadcrumb":{"@id":"https:\/\/www.uni.lu\/fr\/news\/luniversite-sonde-le-personnel-des-ecoles-fondamentales\/#breadcrumb"},"inLanguage":"fr-FR","potentialAction":[{"@type":"ReadAction","target":["https:\/\/www.uni.lu\/fr\/news\/luniversite-sonde-le-personnel-des-ecoles-fondamentales\/"]}]},{"@type":"BreadcrumbList","@id":"https:\/\/www.uni.lu\/fr\/news\/luniversite-sonde-le-personnel-des-ecoles-fondamentales\/#breadcrumb","itemListElement":[{"@type":"ListItem","position":1,"name":"Home","item":"https:\/\/www.uni.lu\/fr\/"},{"@type":"ListItem","position":2,"name":"News","item":"https:\/\/www.uni.lu\/fr\/news\/"},{"@type":"ListItem","position":3,"name":"L\u2019Universit\u00e9 sonde le personnel des \u00e9coles fondamentales"}]},{"@type":"WebSite","@id":"https:\/\/www.uni.lu\/fr\/#website","url":"https:\/\/www.uni.lu\/fr\/","name":"Uni.lu","description":"Universit\u00e9 du Luxembourg","publisher":{"@id":"https:\/\/www.uni.lu\/fr\/#organization"},"alternateName":"Universit\u00e9 du Luxembourg","potentialAction":[{"@type":"SearchAction","target":{"@type":"EntryPoint","urlTemplate":"https:\/\/www.uni.lu\/fr\/?s={search_term_string}"},"query-input":"required name=search_term_string"}],"inLanguage":"fr-FR"},{"@type":"Organization","@id":"https:\/\/www.uni.lu\/fr\/#organization","name":"Universit\u00e9 du Luxembourg","alternateName":"Uni.lu","url":"https:\/\/www.uni.lu\/fr\/","logo":{"@type":"ImageObject","inLanguage":"fr-FR","@id":"https:\/\/www.uni.lu\/fr\/#\/schema\/logo\/image\/","url":"https:\/\/www.uni.lu\/wp-content\/uploads\/sites\/11\/2026\/03\/03120045\/UNIV_SM-Profile_1600x1600px-scaled.jpg","contentUrl":"https:\/\/www.uni.lu\/wp-content\/uploads\/sites\/11\/2026\/03\/03120045\/UNIV_SM-Profile_1600x1600px-scaled.jpg","width":2560,"height":2560,"caption":"Universit\u00e9 du Luxembourg"},"image":"https:\/\/www.uni.lu\/wp-content\/uploads\/sites\/11\/2026\/04\/24120552\/20200609-Belval-Campus_Henri-Goergen-23.jpg","sameAs":["https:\/\/www.facebook.com\/uni.lu","https:\/\/www.linkedin.com\/school\/university-of-luxembourg\/","https:\/\/www.instagram.com\/uni.lu","https:\/\/www.youtube.com\/@uni_lu","https:\/\/en.wikipedia.org\/wiki\/University_of_Luxembourg"],"email":"communication@uni.lu","telephone":"+352 46 66 44 1","address":{"@type":"PostalAddress","streetAddress":"2, place de l\u2019Universit\u00e9","addressLocality":"Esch-sur-Alzette","postalCode":"4365","addressCountry":"LU"},"description":"Universit\u00e9 du Luxembourg"},{"@type":"Person","@id":"https:\/\/www.uni.lu\/fr\/#\/schema\/person\/bbacc9db2c68a323b1a3cbdab743cd0c","name":"svankelst","image":{"@type":"ImageObject","inLanguage":"fr-FR","@id":"https:\/\/www.uni.lu\/fr\/#\/schema\/person\/image\/","url":"https:\/\/secure.gravatar.com\/avatar\/54b090610f90377561821e2f82f83b9f?s=96&d=mm&r=g","contentUrl":"https:\/\/secure.gravatar.com\/avatar\/54b090610f90377561821e2f82f83b9f?s=96&d=mm&r=g","caption":"svankelst"}}]}},"blog_id":11,"_links":{"self":[{"href":"https:\/\/www.uni.lu\/fr\/wp-json\/wp\/v2\/news\/1562"}],"collection":[{"href":"https:\/\/www.uni.lu\/fr\/wp-json\/wp\/v2\/news"}],"about":[{"href":"https:\/\/www.uni.lu\/fr\/wp-json\/wp\/v2\/types\/news"}],"author":[{"embeddable":true,"href":"https:\/\/www.uni.lu\/fr\/wp-json\/wp\/v2\/users\/42"}],"version-history":[{"count":2,"href":"https:\/\/www.uni.lu\/fr\/wp-json\/wp\/v2\/news\/1562\/revisions"}],"predecessor-version":[{"id":11870,"href":"https:\/\/www.uni.lu\/fr\/wp-json\/wp\/v2\/news\/1562\/revisions\/11870"}],"wp:authorship":[{"embeddable":true,"href":"https:\/\/www.uni.lu\/fr\/wp-json\/wp\/v2\/users\/42"}],"wp:attachment":[{"href":"https:\/\/www.uni.lu\/fr\/wp-json\/wp\/v2\/media?parent=1562"}],"wp:term":[{"taxonomy":"news-category","embeddable":true,"href":"https:\/\/www.uni.lu\/fr\/wp-json\/wp\/v2\/news-category?post=1562"},{"taxonomy":"news-topic","embeddable":true,"href":"https:\/\/www.uni.lu\/fr\/wp-json\/wp\/v2\/news-topic?post=1562"},{"taxonomy":"organisation","embeddable":true,"href":"https:\/\/www.uni.lu\/fr\/wp-json\/wp\/v2\/organisation?post=1562"}],"curies":[{"name":"wp","href":"https:\/\/api.w.org\/{rel}","templated":true}]}}