{"id":15582,"date":"2025-06-27T12:17:17","date_gmt":"2025-06-27T10:17:17","guid":{"rendered":"https:\/\/www.uni.lu\/fr\/?post_type=news&#038;p=15582"},"modified":"2025-06-27T12:21:35","modified_gmt":"2025-06-27T10:21:35","slug":"nouveau-certificat-universitaire-au-luxembourg-comprendre-l-autisme-en-vue-dune-meilleure-inclusion","status":"publish","type":"news","link":"https:\/\/www.uni.lu\/fr\/news\/nouveau-certificat-universitaire-au-luxembourg-comprendre-l-autisme-en-vue-dune-meilleure-inclusion\/","title":{"rendered":"Nouveau certificat universitaire au Luxembourg\u202f- \u00ab Comprendre l\u2019autisme en vue d\u2019une meilleure inclusion \u00bb"},"content":{"rendered":"\n<section class=\"wp-block-unilux-blocks-free-section section\"><div class=\"container xl:max-w-screen-xl\">\n<p>L\u2019Universit\u00e9 du Luxembourg propose un nouveau certificat universitaire pour mieux comprendre les d\u00e9fis auxquels les personnes autistes sont confront\u00e9es au quotidien. L\u2019objectif : favoriser une inclusion plus juste et efficace dans les milieux scolaires, professionnels et sociaux, et accompagner au mieux ce public.<\/p>\n\n\n\n<p>Malgr\u00e9 les avanc\u00e9es en mati\u00e8re de diversit\u00e9 et d\u2019inclusion, l\u2019autisme demeure largement m\u00e9connu. Ce certificat a pour ambition de changer cela : il permet aux participants d\u2019apprendre \u00e0 rep\u00e9rer les signes caract\u00e9ristiques de l\u2019autisme, \u00e0 le distinguer d\u2019autres troubles proches, et \u00e0 interpr\u00e9ter correctement les rapports diagnostiques pour mieux accompagner les personnes concern\u00e9es.<\/p>\n\n\n\n<p><em>\u00ab \u202fTrop de personnes autistes se heurtent chaque jour \u00e0 des obstacles \u2013 que ce soit \u00e0 l\u2019\u00e9cole, sur leur lieu de travail, dans l\u2019acc\u00e8s aux soins de sant\u00e9 ou dans leur vie sociale \u202f\u00bb<\/em>, explique Andreia Costa, directrice du programme du certificat.<em> \u00ab \u202fCes difficult\u00e9s ne sont pas une fatalit\u00e9. Elles r\u00e9sultent souvent d\u2019un manque de compr\u00e9hension. C\u2019est justement l\u00e0 que la formation joue un r\u00f4le cl\u00e9 : en donnant aux professionnels les outils n\u00e9cessaires pour favoriser une inclusion v\u00e9ritable. \u00bb<\/em><\/p>\n\n\n\n<section class=\"wp-block-unilux-blocks-quote-people\">\n    <div class=\"quote-people\" role=\"group\">\n        <figure class=\"quote-people__body\">\n            <blockquote class=\"quote-people__blockquote\">\n    <span class=\"quote-people__quote\">\u201f<\/span>\n    C\u2019est justement l\u00e0 que la formation joue un r\u00f4le cl\u00e9 : en donnant aux professionnels les outils n\u00e9cessaires pour favoriser une inclusion v\u00e9ritable.\u201d\n<\/blockquote><!-- People Item Automated: Quote People -->\n<div class=\"quote-people__visual\">\n    <figure class=\"wp-block-dev4-reusable-blocks-image object-fit--cover\">\n        <!-- Template Image Component: default -->\n<img decoding=\"async\" class=\"w-full\" width=\"\" height=\"\" rel=\"\" alt=\"Dr. Andreia COSTA\" src=\"https:\/\/www.uni.lu\/en\/person-image\/NTAwMDI4NjJfX0FuZHJlaWEgQ09TVEE=\" srcset=\"https:\/\/www.uni.lu\/en\/person-image\/NTAwMDI4NjJfX0FuZHJlaWEgQ09TVEE=--thumbnail 150w,https:\/\/www.uni.lu\/en\/person-image\/NTAwMDI4NjJfX0FuZHJlaWEgQ09TVEE=--medium 300w,https:\/\/www.uni.lu\/en\/person-image\/NTAwMDI4NjJfX0FuZHJlaWEgQ09TVEE=--medium_large 768w,https:\/\/www.uni.lu\/en\/person-image\/NTAwMDI4NjJfX0FuZHJlaWEgQ09TVEE=--large 1024w,https:\/\/www.uni.lu\/en\/person-image\/NTAwMDI4NjJfX0FuZHJlaWEgQ09TVEE=--1536x1536 1536w,https:\/\/www.uni.lu\/en\/person-image\/NTAwMDI4NjJfX0FuZHJlaWEgQ09TVEE=--2048x2048 2048w\" loading=\"lazy\" \/><!-- end Image Component -->\n    <\/figure>\n<\/div>\n<div class=\"quote-people__figcaption\">\n    <p class=\"quote-people__author\">Dr. Andreia COSTA<\/p>\n    <p class=\"quote-people__position\">Research scientist<\/p>\n    <div class=\"wp-block-unilux-blocks-simple-cta wp-block-unilux-blocks-people-item-automated\">\n    <a\n        href=\"https:\/\/www.uni.lu\/fhse-en\/people\/andreia-costa\/\"\n        title=\"Dr. Andreia COSTA\"\n        class=\"link-text link-text--icon quote-people__link\"\n        target=\"\"\n    >\n        <span class=\"link-text__body\">\n            <span class=\"link-text__name\">Voir le profil<\/span>\n        <\/span>\n        <svg aria-hidden=\"true\" focusable=\"false\" class=\"icon icon-outline icon--arrow-right \"><use xlink:href=\"https:\/\/www.uni.lu\/wp-content\/themes\/unilux-theme\/assets\/images\/icons\/icons-outline.svg#icon--arrow-right\"><\/use><\/svg>    <\/a>\n<\/div>\n<\/div>\n<!-- end People Item Automated -->        <\/figure>\n    <\/div>\n<\/section>\n\n<div class=\"wp-block-unilux-blocks-spacer is-spacer-size-sm\"><\/div>\n\n\n<p>Port\u00e9 par une approche pluridisciplinaire et r\u00e9solument tourn\u00e9e vers la pratique, ce certificat vise \u00e0 combler le foss\u00e9 entre la th\u00e9orie et les r\u00e9alit\u00e9s du terrain. \u00c0 l\u2019heure o\u00f9 l\u2019on estime qu\u2019une personne sur 100 est concern\u00e9e par l\u2019autisme \u2014 soit environ 6\u202f000 individus au Luxembourg \u2014 la formation de professionnels qualifi\u00e9s appara\u00eet plus que jamais indispensable.<\/p>\n\n\n\n<ul class=\"wp-block-unilux-blocks-quick-link-highlight quick-link-list\">\n<li class=\"wp-block-unilux-blocks-quick-link-highlight-item\">\n    <a\n                    href=\"https:\/\/www.uni.lu\/fhse-fr\/study-programs\/certificat-comprendre-l-autisme-en-vue-d-une-meilleure-inclusion\/\"\n                    class=\"quick-link\"\n            target=\"\"\n    >\n            <span class=\"quick-link__container\">\n                <span class=\"quick-link__body\">\n                    <span class=\"quick-link__number\">\n                                            <\/span>\n                    <span class=\"quick-link__title\">\n                        Certificat Comprendre l\u2019autisme en vue d\u2019une meilleure inclusion                    <\/span>\n                    <span class=\"quick-link__action\">\n                                            <\/span>\n                <\/span>\n                <svg aria-hidden=\"true\" focusable=\"false\" class=\"icon icon-outline icon--arrow-right \"><use xlink:href=\"https:\/\/www.uni.lu\/wp-content\/themes\/unilux-theme\/assets\/images\/icons\/icons-outline.svg#icon--arrow-right\"><\/use><\/svg>            <\/span>\n    <\/a>\n<\/li>\n<\/ul>\n<\/div><\/section>\n","protected":false},"excerpt":{"rendered":"<p>L\u2019Universit\u00e9 du Luxembourg propose un nouveau certificat universitaire pour mieux comprendre les d\u00e9fis auxquels les personnes autistes sont confront\u00e9es au quotidien. L\u2019objectif : favoriser une inclusion plus juste et efficace dans les milieux scolaires, professionnels et sociaux, et accompagner au mieux ce public.<\/p>\n","protected":false},"author":344,"featured_media":15583,"template":"","format":"standard","meta":{"featured_image_focal_point":[],"show_featured_caption":false,"ulux_newsletter_groups":"","uluxPostTitle":"","uluxPrePostTitle":"","_trash_the_other_posts":false,"_price":"","_stock":"","_tribe_ticket_header":"","_tribe_default_ticket_provider":"","_tribe_ticket_capacity":"0","_ticket_start_date":"","_ticket_end_date":"","_tribe_ticket_show_description":"","_tribe_ticket_show_not_going":false,"_tribe_ticket_use_global_stock":"","_tribe_ticket_global_stock_level":"","_global_stock_mode":"","_global_stock_cap":"","_tribe_rsvp_for_event":"","_tribe_ticket_going_count":"","_tribe_ticket_not_going_count":"","_tribe_tickets_list":"[]","_tribe_ticket_has_attendee_info_fields":false},"news-category":[5],"news-topic":[],"organisation":[],"authorship":[344],"acf":[],"yoast_head":"<!-- This site is optimized with the Yoast SEO Premium plugin v22.3 (Yoast SEO v22.3) - https:\/\/yoast.com\/wordpress\/plugins\/seo\/ -->\n<title>Nouveau certificat universitaire au Luxembourg\u202f- \u00ab Comprendre l\u2019autisme en vue d\u2019une meilleure inclusion \u00bb - Universit\u00e9 du Luxembourg<\/title>\n<meta name=\"description\" content=\"L\u2019Universit\u00e9 du Luxembourg propose un nouveau certificat universitaire pour mieux comprendre les d\u00e9fis auxquels les personnes autistes sont confront\u00e9es au quotidien. L\u2019objectif : favoriser une inclusion plus juste et efficace dans les milieux scolaires, professionnels et sociaux, et accompagner au mieux ce public.\" \/>\n<meta name=\"robots\" content=\"index, follow, max-snippet:-1, max-image-preview:large, max-video-preview:-1\" \/>\n<link rel=\"canonical\" href=\"https:\/\/www.uni.lu\/fr\/news\/nouveau-certificat-universitaire-au-luxembourg-comprendre-l-autisme-en-vue-dune-meilleure-inclusion\/\" \/>\n<meta property=\"og:locale\" content=\"fr_FR\" \/>\n<meta property=\"og:type\" content=\"article\" \/>\n<meta property=\"og:title\" content=\"Nouveau certificat universitaire au Luxembourg\u202f- \u00ab Comprendre l\u2019autisme en vue d\u2019une meilleure inclusion \u00bb\" \/>\n<meta property=\"og:description\" content=\"L\u2019Universit\u00e9 du Luxembourg propose un nouveau certificat universitaire pour mieux comprendre les d\u00e9fis auxquels les personnes autistes sont confront\u00e9es au quotidien. L\u2019objectif : favoriser une inclusion plus juste et efficace dans les milieux scolaires, professionnels et sociaux, et accompagner au mieux ce public.\" \/>\n<meta property=\"og:url\" content=\"https:\/\/www.uni.lu\/fr\/news\/nouveau-certificat-universitaire-au-luxembourg-comprendre-l-autisme-en-vue-dune-meilleure-inclusion\/\" \/>\n<meta property=\"og:site_name\" content=\"UNI FR\" \/>\n<meta property=\"article:publisher\" content=\"https:\/\/www.facebook.com\/uni.lu\" \/>\n<meta property=\"article:modified_time\" content=\"2025-06-27T10:21:35+00:00\" \/>\n<meta property=\"og:image\" content=\"https:\/\/www.uni.lu\/wp-content\/uploads\/sites\/11\/2025\/06\/27121445\/Mains-avec-un-coeur-colore-en-forme-de-puzzle.jpg\" \/>\n\t<meta property=\"og:image:width\" content=\"922\" \/>\n\t<meta property=\"og:image:height\" content=\"615\" \/>\n\t<meta property=\"og:image:type\" content=\"image\/jpeg\" \/>\n<meta name=\"twitter:card\" content=\"summary_large_image\" \/>\n<meta name=\"twitter:label1\" content=\"Dur\u00e9e de lecture estim\u00e9e\" \/>\n\t<meta name=\"twitter:data1\" content=\"2 minutes\" \/>\n<script type=\"application\/ld+json\" class=\"yoast-schema-graph\">{\"@context\":\"https:\/\/schema.org\",\"@graph\":[{\"@type\":\"NewsArticle\",\"@id\":\"https:\/\/www.uni.lu\/fr\/news\/nouveau-certificat-universitaire-au-luxembourg-comprendre-l-autisme-en-vue-dune-meilleure-inclusion\/#article\",\"isPartOf\":{\"@id\":\"https:\/\/www.uni.lu\/fr\/news\/nouveau-certificat-universitaire-au-luxembourg-comprendre-l-autisme-en-vue-dune-meilleure-inclusion\/\"},\"author\":{\"name\":\"ameliedidion\",\"@id\":\"https:\/\/www.uni.lu\/fr\/#\/schema\/person\/e4618d1d2432b60195bdf666a08b3c5b\"},\"headline\":\"Nouveau certificat universitaire au Luxembourg\u202f- \u00ab Comprendre l\u2019autisme en vue d\u2019une meilleure inclusion \u00bb\",\"datePublished\":\"2025-06-27T10:17:17+00:00\",\"dateModified\":\"2025-06-27T10:21:35+00:00\",\"mainEntityOfPage\":{\"@id\":\"https:\/\/www.uni.lu\/fr\/news\/nouveau-certificat-universitaire-au-luxembourg-comprendre-l-autisme-en-vue-dune-meilleure-inclusion\/\"},\"wordCount\":270,\"publisher\":{\"@id\":\"https:\/\/www.uni.lu\/fr\/#organization\"},\"image\":{\"@id\":\"https:\/\/www.uni.lu\/fr\/news\/nouveau-certificat-universitaire-au-luxembourg-comprendre-l-autisme-en-vue-dune-meilleure-inclusion\/#primaryimage\"},\"thumbnailUrl\":\"https:\/\/www.uni.lu\/wp-content\/uploads\/sites\/11\/2025\/06\/27121445\/Mains-avec-un-coeur-colore-en-forme-de-puzzle.jpg\",\"inLanguage\":\"fr-FR\"},{\"@type\":\"WebPage\",\"@id\":\"https:\/\/www.uni.lu\/fr\/news\/nouveau-certificat-universitaire-au-luxembourg-comprendre-l-autisme-en-vue-dune-meilleure-inclusion\/\",\"url\":\"https:\/\/www.uni.lu\/fr\/news\/nouveau-certificat-universitaire-au-luxembourg-comprendre-l-autisme-en-vue-dune-meilleure-inclusion\/\",\"name\":\"Nouveau certificat universitaire au Luxembourg\u202f- \u00ab Comprendre l\u2019autisme en vue d\u2019une meilleure inclusion \u00bb - Universit\u00e9 du Luxembourg\",\"isPartOf\":{\"@id\":\"https:\/\/www.uni.lu\/fr\/#website\"},\"primaryImageOfPage\":{\"@id\":\"https:\/\/www.uni.lu\/fr\/news\/nouveau-certificat-universitaire-au-luxembourg-comprendre-l-autisme-en-vue-dune-meilleure-inclusion\/#primaryimage\"},\"image\":{\"@id\":\"https:\/\/www.uni.lu\/fr\/news\/nouveau-certificat-universitaire-au-luxembourg-comprendre-l-autisme-en-vue-dune-meilleure-inclusion\/#primaryimage\"},\"thumbnailUrl\":\"https:\/\/www.uni.lu\/wp-content\/uploads\/sites\/11\/2025\/06\/27121445\/Mains-avec-un-coeur-colore-en-forme-de-puzzle.jpg\",\"datePublished\":\"2025-06-27T10:17:17+00:00\",\"dateModified\":\"2025-06-27T10:21:35+00:00\",\"description\":\"L\u2019Universit\u00e9 du Luxembourg propose un nouveau certificat universitaire pour mieux comprendre les d\u00e9fis auxquels les personnes autistes sont confront\u00e9es au quotidien. L\u2019objectif : favoriser une inclusion plus juste et efficace dans les milieux scolaires, professionnels et sociaux, et accompagner au mieux ce public.\",\"breadcrumb\":{\"@id\":\"https:\/\/www.uni.lu\/fr\/news\/nouveau-certificat-universitaire-au-luxembourg-comprendre-l-autisme-en-vue-dune-meilleure-inclusion\/#breadcrumb\"},\"inLanguage\":\"fr-FR\",\"potentialAction\":[{\"@type\":\"ReadAction\",\"target\":[\"https:\/\/www.uni.lu\/fr\/news\/nouveau-certificat-universitaire-au-luxembourg-comprendre-l-autisme-en-vue-dune-meilleure-inclusion\/\"]}]},{\"@type\":\"ImageObject\",\"inLanguage\":\"fr-FR\",\"@id\":\"https:\/\/www.uni.lu\/fr\/news\/nouveau-certificat-universitaire-au-luxembourg-comprendre-l-autisme-en-vue-dune-meilleure-inclusion\/#primaryimage\",\"url\":\"https:\/\/www.uni.lu\/wp-content\/uploads\/sites\/11\/2025\/06\/27121445\/Mains-avec-un-coeur-colore-en-forme-de-puzzle.jpg\",\"contentUrl\":\"https:\/\/www.uni.lu\/wp-content\/uploads\/sites\/11\/2025\/06\/27121445\/Mains-avec-un-coeur-colore-en-forme-de-puzzle.jpg\",\"width\":922,\"height\":615,\"caption\":\"Certificat Comprendre l\u2019autisme en vue d\u2019une meilleure inclusion\"},{\"@type\":\"BreadcrumbList\",\"@id\":\"https:\/\/www.uni.lu\/fr\/news\/nouveau-certificat-universitaire-au-luxembourg-comprendre-l-autisme-en-vue-dune-meilleure-inclusion\/#breadcrumb\",\"itemListElement\":[{\"@type\":\"ListItem\",\"position\":1,\"name\":\"Home\",\"item\":\"https:\/\/www.uni.lu\/fr\/\"},{\"@type\":\"ListItem\",\"position\":2,\"name\":\"News\",\"item\":\"https:\/\/www.uni.lu\/fr\/news\/\"},{\"@type\":\"ListItem\",\"position\":3,\"name\":\"Nouveau certificat universitaire au Luxembourg\u202f- \u00ab Comprendre l\u2019autisme en vue d\u2019une meilleure inclusion \u00bb\"}]},{\"@type\":\"WebSite\",\"@id\":\"https:\/\/www.uni.lu\/fr\/#website\",\"url\":\"https:\/\/www.uni.lu\/fr\/\",\"name\":\"Uni.lu\",\"description\":\"Universit\u00e9 du Luxembourg\",\"publisher\":{\"@id\":\"https:\/\/www.uni.lu\/fr\/#organization\"},\"alternateName\":\"Universit\u00e9 du Luxembourg\",\"potentialAction\":[{\"@type\":\"SearchAction\",\"target\":{\"@type\":\"EntryPoint\",\"urlTemplate\":\"https:\/\/www.uni.lu\/fr\/?s={search_term_string}\"},\"query-input\":\"required name=search_term_string\"}],\"inLanguage\":\"fr-FR\"},{\"@type\":\"Organization\",\"@id\":\"https:\/\/www.uni.lu\/fr\/#organization\",\"name\":\"Universit\u00e9 du Luxembourg\",\"alternateName\":\"Uni.lu\",\"url\":\"https:\/\/www.uni.lu\/fr\/\",\"logo\":{\"@type\":\"ImageObject\",\"inLanguage\":\"fr-FR\",\"@id\":\"https:\/\/www.uni.lu\/fr\/#\/schema\/logo\/image\/\",\"url\":\"https:\/\/www.uni.lu\/wp-content\/uploads\/sites\/11\/2026\/03\/03120045\/UNIV_SM-Profile_1600x1600px-scaled.jpg\",\"contentUrl\":\"https:\/\/www.uni.lu\/wp-content\/uploads\/sites\/11\/2026\/03\/03120045\/UNIV_SM-Profile_1600x1600px-scaled.jpg\",\"width\":2560,\"height\":2560,\"caption\":\"Universit\u00e9 du Luxembourg\"},\"image\":\"https:\/\/www.uni.lu\/wp-content\/uploads\/sites\/11\/2026\/04\/24120552\/20200609-Belval-Campus_Henri-Goergen-23.jpg\",\"sameAs\":[\"https:\/\/www.facebook.com\/uni.lu\",\"https:\/\/www.linkedin.com\/school\/university-of-luxembourg\/\",\"https:\/\/www.instagram.com\/uni.lu\",\"https:\/\/www.youtube.com\/@uni_lu\",\"https:\/\/en.wikipedia.org\/wiki\/University_of_Luxembourg\"],\"email\":\"communication@uni.lu\",\"telephone\":\"+352 46 66 44 1\",\"address\":{\"@type\":\"PostalAddress\",\"streetAddress\":\"2, place de l\u2019Universit\u00e9\",\"addressLocality\":\"Esch-sur-Alzette\",\"postalCode\":\"4365\",\"addressCountry\":\"LU\"},\"description\":\"Universit\u00e9 du Luxembourg\"},{\"@type\":\"Person\",\"@id\":\"https:\/\/www.uni.lu\/fr\/#\/schema\/person\/e4618d1d2432b60195bdf666a08b3c5b\",\"name\":\"ameliedidion\",\"image\":{\"@type\":\"ImageObject\",\"inLanguage\":\"fr-FR\",\"@id\":\"https:\/\/www.uni.lu\/fr\/#\/schema\/person\/image\/\",\"url\":\"https:\/\/secure.gravatar.com\/avatar\/7c82aa9e0fa6a82c016464b5f17bf5ee?s=96&d=mm&r=g\",\"contentUrl\":\"https:\/\/secure.gravatar.com\/avatar\/7c82aa9e0fa6a82c016464b5f17bf5ee?s=96&d=mm&r=g\",\"caption\":\"ameliedidion\"}}]}<\/script>\n<!-- \/ Yoast SEO Premium plugin. -->","yoast_head_json":{"title":"Nouveau certificat universitaire au Luxembourg\u202f- \u00ab Comprendre l\u2019autisme en vue d\u2019une meilleure inclusion \u00bb - Universit\u00e9 du Luxembourg","description":"L\u2019Universit\u00e9 du Luxembourg propose un nouveau certificat universitaire pour mieux comprendre les d\u00e9fis auxquels les personnes autistes sont confront\u00e9es au quotidien. L\u2019objectif : favoriser une inclusion plus juste et efficace dans les milieux scolaires, professionnels et sociaux, et accompagner au mieux ce public.","robots":{"index":"index","follow":"follow","max-snippet":"max-snippet:-1","max-image-preview":"max-image-preview:large","max-video-preview":"max-video-preview:-1"},"canonical":"https:\/\/www.uni.lu\/fr\/news\/nouveau-certificat-universitaire-au-luxembourg-comprendre-l-autisme-en-vue-dune-meilleure-inclusion\/","og_locale":"fr_FR","og_type":"article","og_title":"Nouveau certificat universitaire au Luxembourg\u202f- \u00ab Comprendre l\u2019autisme en vue d\u2019une meilleure inclusion \u00bb","og_description":"L\u2019Universit\u00e9 du Luxembourg propose un nouveau certificat universitaire pour mieux comprendre les d\u00e9fis auxquels les personnes autistes sont confront\u00e9es au quotidien. L\u2019objectif : favoriser une inclusion plus juste et efficace dans les milieux scolaires, professionnels et sociaux, et accompagner au mieux ce public.","og_url":"https:\/\/www.uni.lu\/fr\/news\/nouveau-certificat-universitaire-au-luxembourg-comprendre-l-autisme-en-vue-dune-meilleure-inclusion\/","og_site_name":"UNI FR","article_publisher":"https:\/\/www.facebook.com\/uni.lu","article_modified_time":"2025-06-27T10:21:35+00:00","og_image":[{"width":922,"height":615,"url":"https:\/\/www.uni.lu\/wp-content\/uploads\/sites\/11\/2025\/06\/27121445\/Mains-avec-un-coeur-colore-en-forme-de-puzzle.jpg","type":"image\/jpeg"}],"twitter_card":"summary_large_image","twitter_misc":{"Dur\u00e9e de lecture estim\u00e9e":"2 minutes"},"schema":{"@context":"https:\/\/schema.org","@graph":[{"@type":"NewsArticle","@id":"https:\/\/www.uni.lu\/fr\/news\/nouveau-certificat-universitaire-au-luxembourg-comprendre-l-autisme-en-vue-dune-meilleure-inclusion\/#article","isPartOf":{"@id":"https:\/\/www.uni.lu\/fr\/news\/nouveau-certificat-universitaire-au-luxembourg-comprendre-l-autisme-en-vue-dune-meilleure-inclusion\/"},"author":{"name":"ameliedidion","@id":"https:\/\/www.uni.lu\/fr\/#\/schema\/person\/e4618d1d2432b60195bdf666a08b3c5b"},"headline":"Nouveau certificat universitaire au Luxembourg\u202f- \u00ab Comprendre l\u2019autisme en vue d\u2019une meilleure inclusion \u00bb","datePublished":"2025-06-27T10:17:17+00:00","dateModified":"2025-06-27T10:21:35+00:00","mainEntityOfPage":{"@id":"https:\/\/www.uni.lu\/fr\/news\/nouveau-certificat-universitaire-au-luxembourg-comprendre-l-autisme-en-vue-dune-meilleure-inclusion\/"},"wordCount":270,"publisher":{"@id":"https:\/\/www.uni.lu\/fr\/#organization"},"image":{"@id":"https:\/\/www.uni.lu\/fr\/news\/nouveau-certificat-universitaire-au-luxembourg-comprendre-l-autisme-en-vue-dune-meilleure-inclusion\/#primaryimage"},"thumbnailUrl":"https:\/\/www.uni.lu\/wp-content\/uploads\/sites\/11\/2025\/06\/27121445\/Mains-avec-un-coeur-colore-en-forme-de-puzzle.jpg","inLanguage":"fr-FR"},{"@type":"WebPage","@id":"https:\/\/www.uni.lu\/fr\/news\/nouveau-certificat-universitaire-au-luxembourg-comprendre-l-autisme-en-vue-dune-meilleure-inclusion\/","url":"https:\/\/www.uni.lu\/fr\/news\/nouveau-certificat-universitaire-au-luxembourg-comprendre-l-autisme-en-vue-dune-meilleure-inclusion\/","name":"Nouveau certificat universitaire au Luxembourg\u202f- \u00ab Comprendre l\u2019autisme en vue d\u2019une meilleure inclusion \u00bb - Universit\u00e9 du Luxembourg","isPartOf":{"@id":"https:\/\/www.uni.lu\/fr\/#website"},"primaryImageOfPage":{"@id":"https:\/\/www.uni.lu\/fr\/news\/nouveau-certificat-universitaire-au-luxembourg-comprendre-l-autisme-en-vue-dune-meilleure-inclusion\/#primaryimage"},"image":{"@id":"https:\/\/www.uni.lu\/fr\/news\/nouveau-certificat-universitaire-au-luxembourg-comprendre-l-autisme-en-vue-dune-meilleure-inclusion\/#primaryimage"},"thumbnailUrl":"https:\/\/www.uni.lu\/wp-content\/uploads\/sites\/11\/2025\/06\/27121445\/Mains-avec-un-coeur-colore-en-forme-de-puzzle.jpg","datePublished":"2025-06-27T10:17:17+00:00","dateModified":"2025-06-27T10:21:35+00:00","description":"L\u2019Universit\u00e9 du Luxembourg propose un nouveau certificat universitaire pour mieux comprendre les d\u00e9fis auxquels les personnes autistes sont confront\u00e9es au quotidien. L\u2019objectif : favoriser une inclusion plus juste et efficace dans les milieux scolaires, professionnels et sociaux, et accompagner au mieux ce public.","breadcrumb":{"@id":"https:\/\/www.uni.lu\/fr\/news\/nouveau-certificat-universitaire-au-luxembourg-comprendre-l-autisme-en-vue-dune-meilleure-inclusion\/#breadcrumb"},"inLanguage":"fr-FR","potentialAction":[{"@type":"ReadAction","target":["https:\/\/www.uni.lu\/fr\/news\/nouveau-certificat-universitaire-au-luxembourg-comprendre-l-autisme-en-vue-dune-meilleure-inclusion\/"]}]},{"@type":"ImageObject","inLanguage":"fr-FR","@id":"https:\/\/www.uni.lu\/fr\/news\/nouveau-certificat-universitaire-au-luxembourg-comprendre-l-autisme-en-vue-dune-meilleure-inclusion\/#primaryimage","url":"https:\/\/www.uni.lu\/wp-content\/uploads\/sites\/11\/2025\/06\/27121445\/Mains-avec-un-coeur-colore-en-forme-de-puzzle.jpg","contentUrl":"https:\/\/www.uni.lu\/wp-content\/uploads\/sites\/11\/2025\/06\/27121445\/Mains-avec-un-coeur-colore-en-forme-de-puzzle.jpg","width":922,"height":615,"caption":"Certificat Comprendre l\u2019autisme en vue d\u2019une meilleure inclusion"},{"@type":"BreadcrumbList","@id":"https:\/\/www.uni.lu\/fr\/news\/nouveau-certificat-universitaire-au-luxembourg-comprendre-l-autisme-en-vue-dune-meilleure-inclusion\/#breadcrumb","itemListElement":[{"@type":"ListItem","position":1,"name":"Home","item":"https:\/\/www.uni.lu\/fr\/"},{"@type":"ListItem","position":2,"name":"News","item":"https:\/\/www.uni.lu\/fr\/news\/"},{"@type":"ListItem","position":3,"name":"Nouveau certificat universitaire au Luxembourg\u202f- \u00ab Comprendre l\u2019autisme en vue d\u2019une meilleure inclusion \u00bb"}]},{"@type":"WebSite","@id":"https:\/\/www.uni.lu\/fr\/#website","url":"https:\/\/www.uni.lu\/fr\/","name":"Uni.lu","description":"Universit\u00e9 du Luxembourg","publisher":{"@id":"https:\/\/www.uni.lu\/fr\/#organization"},"alternateName":"Universit\u00e9 du Luxembourg","potentialAction":[{"@type":"SearchAction","target":{"@type":"EntryPoint","urlTemplate":"https:\/\/www.uni.lu\/fr\/?s={search_term_string}"},"query-input":"required name=search_term_string"}],"inLanguage":"fr-FR"},{"@type":"Organization","@id":"https:\/\/www.uni.lu\/fr\/#organization","name":"Universit\u00e9 du Luxembourg","alternateName":"Uni.lu","url":"https:\/\/www.uni.lu\/fr\/","logo":{"@type":"ImageObject","inLanguage":"fr-FR","@id":"https:\/\/www.uni.lu\/fr\/#\/schema\/logo\/image\/","url":"https:\/\/www.uni.lu\/wp-content\/uploads\/sites\/11\/2026\/03\/03120045\/UNIV_SM-Profile_1600x1600px-scaled.jpg","contentUrl":"https:\/\/www.uni.lu\/wp-content\/uploads\/sites\/11\/2026\/03\/03120045\/UNIV_SM-Profile_1600x1600px-scaled.jpg","width":2560,"height":2560,"caption":"Universit\u00e9 du Luxembourg"},"image":"https:\/\/www.uni.lu\/wp-content\/uploads\/sites\/11\/2026\/04\/24120552\/20200609-Belval-Campus_Henri-Goergen-23.jpg","sameAs":["https:\/\/www.facebook.com\/uni.lu","https:\/\/www.linkedin.com\/school\/university-of-luxembourg\/","https:\/\/www.instagram.com\/uni.lu","https:\/\/www.youtube.com\/@uni_lu","https:\/\/en.wikipedia.org\/wiki\/University_of_Luxembourg"],"email":"communication@uni.lu","telephone":"+352 46 66 44 1","address":{"@type":"PostalAddress","streetAddress":"2, place de l\u2019Universit\u00e9","addressLocality":"Esch-sur-Alzette","postalCode":"4365","addressCountry":"LU"},"description":"Universit\u00e9 du Luxembourg"},{"@type":"Person","@id":"https:\/\/www.uni.lu\/fr\/#\/schema\/person\/e4618d1d2432b60195bdf666a08b3c5b","name":"ameliedidion","image":{"@type":"ImageObject","inLanguage":"fr-FR","@id":"https:\/\/www.uni.lu\/fr\/#\/schema\/person\/image\/","url":"https:\/\/secure.gravatar.com\/avatar\/7c82aa9e0fa6a82c016464b5f17bf5ee?s=96&d=mm&r=g","contentUrl":"https:\/\/secure.gravatar.com\/avatar\/7c82aa9e0fa6a82c016464b5f17bf5ee?s=96&d=mm&r=g","caption":"ameliedidion"}}]}},"blog_id":11,"_links":{"self":[{"href":"https:\/\/www.uni.lu\/fr\/wp-json\/wp\/v2\/news\/15582"}],"collection":[{"href":"https:\/\/www.uni.lu\/fr\/wp-json\/wp\/v2\/news"}],"about":[{"href":"https:\/\/www.uni.lu\/fr\/wp-json\/wp\/v2\/types\/news"}],"author":[{"embeddable":true,"href":"https:\/\/www.uni.lu\/fr\/wp-json\/wp\/v2\/users\/344"}],"version-history":[{"count":2,"href":"https:\/\/www.uni.lu\/fr\/wp-json\/wp\/v2\/news\/15582\/revisions"}],"predecessor-version":[{"id":15586,"href":"https:\/\/www.uni.lu\/fr\/wp-json\/wp\/v2\/news\/15582\/revisions\/15586"}],"wp:authorship":[{"embeddable":true,"href":"https:\/\/www.uni.lu\/fr\/wp-json\/wp\/v2\/users\/344"}],"wp:featuredmedia":[{"embeddable":true,"href":"https:\/\/www.uni.lu\/fr\/wp-json\/wp\/v2\/media\/15583"}],"wp:attachment":[{"href":"https:\/\/www.uni.lu\/fr\/wp-json\/wp\/v2\/media?parent=15582"}],"wp:term":[{"taxonomy":"news-category","embeddable":true,"href":"https:\/\/www.uni.lu\/fr\/wp-json\/wp\/v2\/news-category?post=15582"},{"taxonomy":"news-topic","embeddable":true,"href":"https:\/\/www.uni.lu\/fr\/wp-json\/wp\/v2\/news-topic?post=15582"},{"taxonomy":"organisation","embeddable":true,"href":"https:\/\/www.uni.lu\/fr\/wp-json\/wp\/v2\/organisation?post=15582"}],"curies":[{"name":"wp","href":"https:\/\/api.w.org\/{rel}","templated":true}]}}