{"id":15484,"date":"2025-06-13T14:51:45","date_gmt":"2025-06-13T12:51:45","guid":{"rendered":"https:\/\/www.uni.lu\/fr\/?post_type=news&#038;p=15484"},"modified":"2025-06-13T14:52:25","modified_gmt":"2025-06-13T12:52:25","slug":"en-direct-de-la-haye-les-etudiants-engages-dans-l-actualite-geopolitique","status":"publish","type":"news","link":"https:\/\/www.uni.lu\/fr\/news\/en-direct-de-la-haye-les-etudiants-engages-dans-l-actualite-geopolitique\/","title":{"rendered":"En direct de La Haye : Les \u00e9tudiants engag\u00e9s dans l\u2019actualit\u00e9 g\u00e9opolitique"},"content":{"rendered":"\n<section class=\"wp-block-unilux-blocks-free-section section\"><div class=\"container xl:max-w-screen-xl\">\n<p>Comprendre les grands enjeux politiques et mondiaux actuels, du r\u00e9chauffement climatique aux changements g\u00e9opolitiques en passant par la transformation num\u00e9rique, n\u2019est pas chose facile. Un groupe d&rsquo;\u00e9tudiants du Master en gouvernance europ\u00e9enne s&rsquo;est donn\u00e9 pour mission de faciliter cette compr\u00e9hension parmi leurs pairs.<\/p>\n\n\n\n<p>Les \u00e9tudiants Donada Rata et Charles Dufour, ainsi que la doctorante An\u0111ela Mi\u0107anovi\u0107 et le post-doct Christophe Lesschaeve suivront Josip Glaurdic, professeur de sciences politiques, au Forum public de l&rsquo;OTAN le 24 juin. De La Haye, ils diffuseront en direct des informations, des commentaires et des \u2018derri\u00e8re les coulisses\u2019 sur les r\u00e9seaux sociaux du Diplomacy Lab, un quasi-think tank g\u00e9r\u00e9 par des \u00e9tudiants en master et d\u00e9di\u00e9 \u00e0 la compr\u00e9hension des affaires europ\u00e9ennes par le grand public.<\/p>\n\n\n<div class=\"py-48 first:pt-0 last:pb-0 wp-block-unilux-blocks-people-list\">\n    \n<h2 class=\"has-text-align-left wp-block-unilux-blocks-heading\"        id=\"rencontrez-lequipe\"\n    >\nRencontrez l&rsquo;\u00e9quipe<\/h2>\n<ul class=\"flex flex-wrap -mx-16 wp-block-unilux-blocks-people-item-wrapper\">\n    <li class=\"w-full md:w-1\/2 p-16 wp-block-unilux-blocks-people-list-item\">\n    <div class=\"list-people bg-theme wp-block-unilux-blocks-people-item\">\n    \n<div class=\"wp-block-unilux-blocks-wrapper list-people__container\">\n<div class=\"wp-block-unilux-blocks-wrapper list-people__visual\"><figure class=\"wp-block-dev4-reusable-blocks-image w-full object-fit--cover\">\n    \n<img decoding=\"async\" class=\"wp-block-image unilux-custom-image-block\"\n                alt=\"\"\n            src=\"https:\/\/www.uni.lu\/wp-content\/uploads\/sites\/9\/2025\/06\/13113158\/donada-rata.jpg\"\n                    style=\"object-position: 50.00% 50.00%; font-family: &quot;object-fit: cover; object-position: 50.00% 50.00%;&quot;; aspect-ratio: 1\/1; object-fit: cover; width: 100%;\"\n        loading=\"lazy\"\n\/>    <\/figure><\/div>\n\n\n\n<div class=\"wp-block-unilux-blocks-wrapper list-people__body\">\n<h3 class=\"list-people__title has-text-align-left wp-block-unilux-blocks-heading\"        id=\"donada-rata\"\n    >\nDonada Rata<\/h3>\n\n\n\n<p class=\"list-people__description wp-block-unilux-blocks-plain-text\">Master student<\/p>\n\n<div class=\"wp-block-unilux-blocks-simple-cta\">\n    <a\n        href=\"https:\/\/www.linkedin.com\/in\/donada-rata-0b628a201\"\n        title=\"View profile\"\n        class=\"link-text link-text--icon list-people__link link-text link-absolute\"\n        target=\"_blank\"\n    >\n        <span class=\"link-text__body\">\n            <span class=\"link-text__name\">Voir le profil<\/span>\n        <\/span>\n        <svg aria-hidden=\"true\" focusable=\"false\" class=\"icon icon-outline icon--external-link \"><use xlink:href=\"https:\/\/www.uni.lu\/wp-content\/themes\/unilux-theme\/assets\/images\/icons\/icons-outline.svg#icon--external-link\"><\/use><\/svg>    <\/a>\n<\/div>\n<\/div>\n<\/div>\n<\/div>\n\n<\/li><li class=\"w-full md:w-1\/2 p-16 wp-block-unilux-blocks-people-list-item\">\n    <div class=\"list-people bg-theme wp-block-unilux-blocks-people-item\">\n    \n<div class=\"wp-block-unilux-blocks-wrapper list-people__container\">\n<div class=\"wp-block-unilux-blocks-wrapper list-people__visual\"><figure class=\"wp-block-dev4-reusable-blocks-image w-full object-fit--cover\">\n    \n<img decoding=\"async\" class=\"wp-block-image unilux-custom-image-block\"\n                alt=\"\"\n            src=\"https:\/\/www.uni.lu\/wp-content\/uploads\/sites\/9\/2025\/06\/13113414\/dufour.jpg\"\n                    style=\"object-position: 50.00% 50.00%; font-family: &quot;object-fit: cover; object-position: 50.00% 50.00%;&quot;; aspect-ratio: 1\/1; object-fit: cover; width: 100%;\"\n        loading=\"lazy\"\n\/>    <\/figure><\/div>\n\n\n\n<div class=\"wp-block-unilux-blocks-wrapper list-people__body\">\n<h3 class=\"list-people__title has-text-align-left wp-block-unilux-blocks-heading\"        id=\"charles-dufour\"\n    >\nCharles Dufour<\/h3>\n\n\n\n<p class=\"list-people__description wp-block-unilux-blocks-plain-text\">Master student<\/p>\n\n<div class=\"wp-block-unilux-blocks-simple-cta\">\n    <a\n        href=\"https:\/\/www.linkedin.com\/in\/charles-dufour-732242231\/\"\n        title=\"View profile\"\n        class=\"link-text link-text--icon list-people__link link-text link-absolute\"\n        target=\"_blank\"\n    >\n        <span class=\"link-text__body\">\n            <span class=\"link-text__name\">Voir le profil<\/span>\n        <\/span>\n        <svg aria-hidden=\"true\" focusable=\"false\" class=\"icon icon-outline icon--external-link \"><use xlink:href=\"https:\/\/www.uni.lu\/wp-content\/themes\/unilux-theme\/assets\/images\/icons\/icons-outline.svg#icon--external-link\"><\/use><\/svg>    <\/a>\n<\/div>\n<\/div>\n<\/div>\n<\/div>\n\n<\/li><li class=\"w-full md:w-1\/2 p-16 wp-block-unilux-blocks-people-item-automated\"><div class=\"ulux-card card-people bg-theme\"><div class=\"list-people bg-theme\">\n    <div class=\"list-people__container\">\n        <div class=\"list-people__visual\">\n            <figure class=\"wp-block-dev4-reusable-blocks-image\">\n                <!-- Template Image Component: default -->\n<img decoding=\"async\" class=\"w-full\" width=\"\" height=\"\" rel=\"\" alt=\"Dr. Christophe LESSCHAEVE\" src=\"https:\/\/www.uni.lu\/en\/person-image\/NTAwMjkxMDVfX0NocmlzdG9waGUgTEVTU0NIQUVWRQ==\" srcset=\"https:\/\/www.uni.lu\/en\/person-image\/NTAwMjkxMDVfX0NocmlzdG9waGUgTEVTU0NIQUVWRQ==--thumbnail 150w,https:\/\/www.uni.lu\/en\/person-image\/NTAwMjkxMDVfX0NocmlzdG9waGUgTEVTU0NIQUVWRQ==--medium 300w,https:\/\/www.uni.lu\/en\/person-image\/NTAwMjkxMDVfX0NocmlzdG9waGUgTEVTU0NIQUVWRQ==--medium_large 768w,https:\/\/www.uni.lu\/en\/person-image\/NTAwMjkxMDVfX0NocmlzdG9waGUgTEVTU0NIQUVWRQ==--large 1024w,https:\/\/www.uni.lu\/en\/person-image\/NTAwMjkxMDVfX0NocmlzdG9waGUgTEVTU0NIQUVWRQ==--1536x1536 1536w,https:\/\/www.uni.lu\/en\/person-image\/NTAwMjkxMDVfX0NocmlzdG9waGUgTEVTU0NIQUVWRQ==--2048x2048 2048w\" loading=\"lazy\" \/><!-- end Image Component -->\n            <\/figure>\n        <\/div>\n        <div class=\"list-people__body\">\n            <h3 class=\"list-people__title\">Dr. Christophe LESSCHAEVE<\/h3>\n            <p class=\"list-people__description\">Postdoctoral researcher<\/p>\n            <div class=\"wp-block-unilux-blocks-simple-cta wp-block-unilux-blocks-people-item-automated\">\n    <a\n        href=\"https:\/\/www.uni.lu\/fhse-en\/people\/christophe-lesschaeve\/\"\n        title=\"Dr. Christophe LESSCHAEVE\"\n        class=\"link-text link-text--icon list-people__link link-absolute\"\n        target=\"\"\n    >\n        <span class=\"link-text__body\">\n            <span class=\"link-text__name\">Voir le profil<\/span>\n        <\/span>\n        <svg aria-hidden=\"true\" focusable=\"false\" class=\"icon icon-outline icon--arrow-right \"><use xlink:href=\"https:\/\/www.uni.lu\/wp-content\/themes\/unilux-theme\/assets\/images\/icons\/icons-outline.svg#icon--arrow-right\"><\/use><\/svg>    <\/a>\n<\/div>\n        <\/div>\n    <\/div>\n<\/div>\n<\/div><\/li><li class=\"w-full md:w-1\/2 p-16 wp-block-unilux-blocks-people-item-automated\"><div class=\"ulux-card card-people bg-theme\"><div class=\"list-people bg-theme\">\n    <div class=\"list-people__container\">\n        <div class=\"list-people__visual\">\n            <figure class=\"wp-block-dev4-reusable-blocks-image\">\n                <!-- Template Image Component: default -->\n<img decoding=\"async\" class=\"w-full\" width=\"\" height=\"\" rel=\"\" alt=\"Prof Josip GLAURDIC\" src=\"https:\/\/www.uni.lu\/en\/person-image\/NTAwMjY4MDZfX0pvc2lwIEdMQVVSRElD\" srcset=\"https:\/\/www.uni.lu\/en\/person-image\/NTAwMjY4MDZfX0pvc2lwIEdMQVVSRElD--thumbnail 150w,https:\/\/www.uni.lu\/en\/person-image\/NTAwMjY4MDZfX0pvc2lwIEdMQVVSRElD--medium 300w,https:\/\/www.uni.lu\/en\/person-image\/NTAwMjY4MDZfX0pvc2lwIEdMQVVSRElD--medium_large 768w,https:\/\/www.uni.lu\/en\/person-image\/NTAwMjY4MDZfX0pvc2lwIEdMQVVSRElD--large 1024w,https:\/\/www.uni.lu\/en\/person-image\/NTAwMjY4MDZfX0pvc2lwIEdMQVVSRElD--1536x1536 1536w,https:\/\/www.uni.lu\/en\/person-image\/NTAwMjY4MDZfX0pvc2lwIEdMQVVSRElD--2048x2048 2048w\" loading=\"lazy\" \/><!-- end Image Component -->\n            <\/figure>\n        <\/div>\n        <div class=\"list-people__body\">\n            <h3 class=\"list-people__title\">Prof Josip GLAURDIC<\/h3>\n            <p class=\"list-people__description\">Full professor in Political Science<\/p>\n            <div class=\"wp-block-unilux-blocks-simple-cta wp-block-unilux-blocks-people-item-automated\">\n    <a\n        href=\"https:\/\/www.uni.lu\/fhse-en\/people\/josip-glaurdic\/\"\n        title=\"Prof Josip GLAURDIC\"\n        class=\"link-text link-text--icon list-people__link link-absolute\"\n        target=\"\"\n    >\n        <span class=\"link-text__body\">\n            <span class=\"link-text__name\">Voir le profil<\/span>\n        <\/span>\n        <svg aria-hidden=\"true\" focusable=\"false\" class=\"icon icon-outline icon--arrow-right \"><use xlink:href=\"https:\/\/www.uni.lu\/wp-content\/themes\/unilux-theme\/assets\/images\/icons\/icons-outline.svg#icon--arrow-right\"><\/use><\/svg>    <\/a>\n<\/div>\n        <\/div>\n    <\/div>\n<\/div>\n<\/div><\/li><\/ul>\n\n<\/div>\n\n\n\n\n<h2 class=\"has-text-align-left wp-block-unilux-blocks-heading\"        id=\"les-reseaux-et-les-competences-transversales\"\n    >\nLes r\u00e9seaux et les comp\u00e9tences transversales<\/h2>\n\n\n\n<p>La participation de l&rsquo;\u00e9quipe souligne le r\u00f4le de plus en plus important des initiatives d\u2019\u00e9tudiants dans l&rsquo;\u00e9laboration de transfert de savoir au grand public. Le <a href=\"https:\/\/www.uni.lu\/fhse-en\/study-programs\/master-in-european-governance\/diplomacy-lab\/\" target=\"_blank\" rel=\"noreferrer noopener\">Diplomacy Lab<\/a> refl\u00e8te la conviction que les futurs dirigeants doivent, au-del\u00e0 d\u2019\u00e9tudier la politique, aussi participer activement \u00e0 son \u00e9volution.&nbsp;&nbsp;<\/p>\n\n\n\n<p>\u00ab Les sommets de l&rsquo;OTAN sont principalement r\u00e9serv\u00e9s aux dirigeants politiques et militaires \u00bb, explique Donada. \u00ab Cependant, le Forum public de l&rsquo;OTAN offre un espace aux repr\u00e9sentants de la soci\u00e9t\u00e9 civile et de la jeunesse pour participer \u00e0 un d\u00e9bat plus large, exprimer leurs points de vue et plaider en faveur de certaines politiques. \u00bb&nbsp;<\/p>\n\n\n\n<div class=\"wp-block-columns are-vertically-aligned-center is-layout-flex wp-block-columns-is-layout-flex\">\n<div class=\"wp-block-column is-vertically-aligned-center is-layout-flow wp-block-column-is-layout-flow\">\n<section class=\"wp-block-unilux-blocks-quote-people\">\n    <div class=\"quote-people\" role=\"group\">\n        <figure class=\"quote-people__body\">\n            <blockquote class=\"quote-people__blockquote\">\n    <span class=\"quote-people__quote\">\u201f<\/span>\n    L&rsquo;objectif du Diplomacy Lab est de favoriser la compr\u00e9hension des enjeux mondiaux, des politiques de l&rsquo;OTAN et des processus d\u00e9cisionnels. Il vise \u00e0 traduire ces d\u00e9cisions en un dialogue plus large avec toute personne int\u00e9ress\u00e9e par les affaires europ\u00e9ennes et internationales.\u201d\n<\/blockquote>\n<div class=\"wp-block-unilux-blocks-wrapper quote-people__figcaption\">\n<p class=\"quote-people__author wp-block-unilux-blocks-plain-text\">Donada Rata<\/p><\/div>\n        <\/figure>\n    <\/div>\n<\/section><\/div>\n\n\n\n<div class=\"wp-block-column is-vertically-aligned-center is-layout-flow wp-block-column-is-layout-flow\"><figure class=\"wp-block-dev4-reusable-blocks-image  object-fit--cover\">\n    \n<img decoding=\"async\" class=\"wp-block-image unilux-custom-image-block\"\n                alt=\"\"\n            src=\"https:\/\/www.uni.lu\/wp-content\/uploads\/sites\/9\/2025\/06\/13142524\/IMG_20250613_100927-scaled.jpg\"\n                    style=\"object-position: 35.00% 59.00%; font-family: &quot;object-fit: cover; object-position: 35.00% 59.00%;&quot;; aspect-ratio: 4\/3; object-fit: cover; width: 100%;\"\n        loading=\"lazy\"\n\/>            <p class=\"wp-block-dev4-reusable-blocks-image-caption\">\n            Charles Dufour et Donada Rata        <\/p>\n    <\/figure><\/div>\n<\/div>\n\n\n\n<ul class=\"wp-block-unilux-blocks-button-list-v2\">\n<li class=\"wp-block-unilux-blocks-button-list-item-v2\"><a class=\"quick-link\" href=\"https:\/\/www.linkedin.com\/company\/uni-lu-diplomacy-lab\/\" target=\"_blank\" role=\"link\" rel=\"noopener\" tabindex=\"0\"><span class=\"quick-link__container\">\n<div class=\"wp-block-unilux-blocks-block-inserter quick-link__img\">\n<div class=\"icon--primary icon--secondary-2 icon--lg wp-block-unilux-blocks-icon-picker\">\n    <svg aria-hidden=\"true\" focusable=\"false\" class=\"icon icon-solid icon--linkedin \"><use xlink:href=\"https:\/\/www.uni.lu\/wp-content\/themes\/unilux-theme\/assets\/images\/icons\/icons-solid.svg#icon--linkedin\"><\/use><\/svg><\/div><\/div>\n\n\n\n<span class=\"quick-link__name wp-block-unilux-blocks-plain-text\">Suivez le Diplomacy Lab sur LinkedIn<\/span>\n\n<svg aria-hidden=\"true\" focusable=\"false\" class=\"icon icon-outline icon--arrow-right \"><use xlink:href=\"https:\/\/www.uni.lu\/wp-content\/themes\/unilux-theme\/assets\/images\/icons\/icons-outline.svg#icon--arrow-right\"><\/use><\/svg><\/span><\/a><\/li>\n\n\n\n<li class=\"wp-block-unilux-blocks-button-list-item-v2\"><a class=\"quick-link\" href=\"https:\/\/www.instagram.com\/diplomacy.lab_uni.lu\/\" target=\"_blank\" role=\"link\" rel=\"noopener\" tabindex=\"0\"><span class=\"quick-link__container\">\n<div class=\"wp-block-unilux-blocks-block-inserter quick-link__img\">\n<div class=\"icon--primary icon--secondary-2 icon--lg wp-block-unilux-blocks-icon-picker\">\n    <svg aria-hidden=\"true\" focusable=\"false\" class=\"icon icon-solid icon--instagram \"><use xlink:href=\"https:\/\/www.uni.lu\/wp-content\/themes\/unilux-theme\/assets\/images\/icons\/icons-solid.svg#icon--instagram\"><\/use><\/svg><\/div><\/div>\n\n\n\n<span class=\"quick-link__name wp-block-unilux-blocks-plain-text\">Suivez le Diplomacy Lab sur Instagram<\/span>\n\n<svg aria-hidden=\"true\" focusable=\"false\" class=\"icon icon-outline icon--arrow-right \"><use xlink:href=\"https:\/\/www.uni.lu\/wp-content\/themes\/unilux-theme\/assets\/images\/icons\/icons-outline.svg#icon--arrow-right\"><\/use><\/svg><\/span><\/a><\/li>\n<\/ul>\n\n\n<div class=\"wp-block-unilux-blocks-spacer is-spacer-size-md\"><\/div>\n\n\n<h2 class=\"has-text-align-left wp-block-unilux-blocks-heading\"        id=\"un-avant-gout-du-monde-reel\"\n    >\nUn avant-go\u00fbt du monde r\u00e9el<\/h2>\n\n\n\n<p>Le Forum public de cette ann\u00e9e se joue \u00e0 un moment g\u00e9opolitique critique. Alors que l&rsquo;Europe est confront\u00e9e \u00e0 la guerre \u00e0 ses fronti\u00e8res, \u00e0 l&rsquo;incertitude strat\u00e9gique et \u00e0 la lutte mondiale pour les normes d\u00e9mocratiques, la pertinence d&rsquo;une recherche rigoureuse en sciences politiques pour \u00e9clairer le d\u00e9bat est d&rsquo;une importance capitale.<\/p>\n\n\n\n<p>\u00ab Les personnes actives au sein de leur communaut\u00e9 peuvent aider les autres \u00e0 comprendre ce qui se passe dans le forum. Des questions telles que la s\u00e9curit\u00e9 mondiale, la r\u00e9glementation des entreprises, le changement climatique et les donn\u00e9es personnelles sont des enjeux qui vont changer l&rsquo;avenir des jeunes \u00bb, explique Charles Dufour, coordinateur du Lab. \u00ab Nous voulons aider les gens \u00e0 mieux comprendre ces sujets. Plus les gens sont inform\u00e9s, mieux ils peuvent prendre des d\u00e9cisions politiques. \u00bb<\/p>\n\n\n\n<h2 class=\"has-text-align-left wp-block-unilux-blocks-heading\"        id=\"du-local-au-mondial-et-vice-versa\"\n    >\n<strong>Du local au mondial et vice-versa<\/strong><\/h2>\n\n\n\n<p>\u00c0 travers leur participation, l&rsquo;Institut des sciences politiques de l&rsquo;Universit\u00e9 vise \u00e0 d\u00e9montrer comment la recherche men\u00e9e dans des petits \u00c9tats comme le Luxembourg peut contribuer de mani\u00e8re significative \u00e0 l&rsquo;agenda international. \u00c0 La Haye, l&rsquo;\u00e9quipe pourra promouvoir les recherches de l&rsquo;Institut et \u00e9tablir des r\u00e9seaux avec des acteurs politiques et universitaires. L&rsquo;invitation \u00e0 participer s&rsquo;inscrit dans le prolongement des travaux du professeur Glaurdi\u0107 en tant que membre du Groupe consultatif de la soci\u00e9t\u00e9 civile sur les femmes, la paix et la s\u00e9curit\u00e9 de l&rsquo;OTAN.<\/p>\n\n\n\n<p>Donada poursuit : \u00ab Cet \u00e9v\u00e9nement est important pour les \u00e9tudiants car les discussions qui auront lieu lors du forum peuvent avoir des r\u00e9percussions sur la politique nationale et la s\u00e9curit\u00e9 en Europe. Les \u00e9tudiants en sciences politiques et toute personne int\u00e9ress\u00e9e devraient donc y assister, y r\u00e9fl\u00e9chir et en tirer des enseignements. \u00bb<\/p>\n<\/div><\/section>\n\n\n<section class=\"section section wp-block-unilux-blocks-quick-link-discover-section py-0\">\n    <div class=\"container xl:max-w-screen-xl\">\n        \n<h2 class=\"has-text-align-left wp-block-unilux-blocks-heading\"        id=\"en-savoir-plus-sur\"\n    >\nEn savoir plus sur&#8230;<\/h2>\n\n<ul class=\"wp-block-unilux-blocks-quick-link-discover quick-link-list\">\n<li class=\"wp-block-unilux-blocks-quick-link-discover-item\">\n    <a\n                    href=\"https:\/\/www.natopublicforum.org\/\"\n                    class=\"quick-link\"\n            target=\"_blank\"\n    >\n            <span class=\"quick-link__container\">\n                <span class=\"quick-link__text\">\n                    Le Forum public de l&rsquo;OTAN                <\/span>\n                <svg aria-hidden=\"true\" focusable=\"false\" class=\"icon icon-outline icon--external-link \"><use xlink:href=\"https:\/\/www.uni.lu\/wp-content\/themes\/unilux-theme\/assets\/images\/icons\/icons-outline.svg#icon--external-link\"><\/use><\/svg>            <\/span>\n    <\/a>\n<\/li>\n\n\n\n<li class=\"wp-block-unilux-blocks-quick-link-discover-item\">\n    <a\n                    href=\"https:\/\/www.uni.lu\/fhse-en\/study-programs\/master-in-european-governance\/diplomacy-lab\/\"\n                    class=\"quick-link\"\n            target=\"\"\n    >\n            <span class=\"quick-link__container\">\n                <span class=\"quick-link__text\">\n                    Le Diplomacy Lab                 <\/span>\n                <svg aria-hidden=\"true\" focusable=\"false\" class=\"icon icon-outline icon--arrow-right \"><use xlink:href=\"https:\/\/www.uni.lu\/wp-content\/themes\/unilux-theme\/assets\/images\/icons\/icons-outline.svg#icon--arrow-right\"><\/use><\/svg>            <\/span>\n    <\/a>\n<\/li>\n\n\n\n<li class=\"wp-block-unilux-blocks-quick-link-discover-item\">\n    <a\n                    href=\"https:\/\/www.uni.lu\/fhse-en\/study-programs\/master-in-european-governance\/\"\n                    class=\"quick-link\"\n            target=\"\"\n    >\n            <span class=\"quick-link__container\">\n                <span class=\"quick-link__text\">\n                    Le Master en gouvernance europ\u00e9enne                <\/span>\n                <svg aria-hidden=\"true\" focusable=\"false\" class=\"icon icon-outline icon--arrow-right \"><use xlink:href=\"https:\/\/www.uni.lu\/wp-content\/themes\/unilux-theme\/assets\/images\/icons\/icons-outline.svg#icon--arrow-right\"><\/use><\/svg>            <\/span>\n    <\/a>\n<\/li>\n<\/ul>\n    <\/div>\n<\/section>","protected":false},"excerpt":{"rendered":"","protected":false},"author":341,"featured_media":15487,"template":"","format":"standard","meta":{"featured_image_focal_point":[],"show_featured_caption":true,"ulux_newsletter_groups":"","uluxPostTitle":"","uluxPrePostTitle":"","_trash_the_other_posts":false,"_price":"","_stock":"","_tribe_ticket_header":"","_tribe_default_ticket_provider":"","_tribe_ticket_capacity":"0","_ticket_start_date":"","_ticket_end_date":"","_tribe_ticket_show_description":"","_tribe_ticket_show_not_going":false,"_tribe_ticket_use_global_stock":"","_tribe_ticket_global_stock_level":"","_global_stock_mode":"","_global_stock_cap":"","_tribe_rsvp_for_event":"","_tribe_ticket_going_count":"","_tribe_ticket_not_going_count":"","_tribe_tickets_list":"[]","_tribe_ticket_has_attendee_info_fields":false},"news-category":[7],"news-topic":[23],"organisation":[147],"authorship":[341],"acf":[],"yoast_head":"<!-- This site is optimized with the Yoast SEO Premium plugin v22.3 (Yoast SEO v22.3) - https:\/\/yoast.com\/wordpress\/plugins\/seo\/ -->\n<title>En direct de La Haye : Les \u00e9tudiants engag\u00e9s dans l\u2019actualit\u00e9 g\u00e9opolitique - Universit\u00e9 du Luxembourg<\/title>\n<meta name=\"description\" content=\"Comprendre les grands enjeux politiques et mondiaux actuels, du r\u00e9chauffement climatique aux changements g\u00e9opolitiques en passant par la transformation\" \/>\n<meta name=\"robots\" content=\"index, follow, max-snippet:-1, max-image-preview:large, max-video-preview:-1\" \/>\n<link rel=\"canonical\" href=\"https:\/\/www.uni.lu\/fr\/news\/en-direct-de-la-haye-les-etudiants-engages-dans-l-actualite-geopolitique\/\" \/>\n<meta property=\"og:locale\" content=\"fr_FR\" \/>\n<meta property=\"og:type\" content=\"article\" \/>\n<meta property=\"og:title\" content=\"En direct de La Haye : Les \u00e9tudiants engag\u00e9s dans l\u2019actualit\u00e9 g\u00e9opolitique\" \/>\n<meta property=\"og:description\" content=\"Comprendre les grands enjeux politiques et mondiaux actuels, du r\u00e9chauffement climatique aux changements g\u00e9opolitiques en passant par la transformation\" \/>\n<meta property=\"og:url\" content=\"https:\/\/www.uni.lu\/fr\/news\/en-direct-de-la-haye-les-etudiants-engages-dans-l-actualite-geopolitique\/\" \/>\n<meta property=\"og:site_name\" content=\"UNI FR\" \/>\n<meta property=\"article:publisher\" content=\"https:\/\/www.facebook.com\/uni.lu\" \/>\n<meta property=\"article:modified_time\" content=\"2025-06-13T12:52:25+00:00\" \/>\n<meta property=\"og:image\" content=\"https:\/\/www.uni.lu\/wp-content\/uploads\/sites\/11\/2025\/06\/13145011\/nqto-public-forum.jpg\" \/>\n\t<meta property=\"og:image:width\" content=\"2560\" \/>\n\t<meta property=\"og:image:height\" content=\"1884\" \/>\n\t<meta property=\"og:image:type\" content=\"image\/jpeg\" \/>\n<meta name=\"twitter:card\" content=\"summary_large_image\" \/>\n<meta name=\"twitter:label1\" content=\"Dur\u00e9e de lecture estim\u00e9e\" \/>\n\t<meta name=\"twitter:data1\" content=\"3 minutes\" \/>\n<script type=\"application\/ld+json\" class=\"yoast-schema-graph\">{\"@context\":\"https:\/\/schema.org\",\"@graph\":[{\"@type\":\"NewsArticle\",\"@id\":\"https:\/\/www.uni.lu\/fr\/news\/en-direct-de-la-haye-les-etudiants-engages-dans-l-actualite-geopolitique\/#article\",\"isPartOf\":{\"@id\":\"https:\/\/www.uni.lu\/fr\/news\/en-direct-de-la-haye-les-etudiants-engages-dans-l-actualite-geopolitique\/\"},\"author\":{\"name\":\"Catherine Clesse\",\"@id\":\"https:\/\/www.uni.lu\/fr\/#\/schema\/person\/67d3defa53981502bf9cddb74a850c08\"},\"headline\":\"En direct de La Haye : Les \u00e9tudiants engag\u00e9s dans l\u2019actualit\u00e9 g\u00e9opolitique\",\"datePublished\":\"2025-06-13T12:51:45+00:00\",\"dateModified\":\"2025-06-13T12:52:25+00:00\",\"mainEntityOfPage\":{\"@id\":\"https:\/\/www.uni.lu\/fr\/news\/en-direct-de-la-haye-les-etudiants-engages-dans-l-actualite-geopolitique\/\"},\"wordCount\":550,\"publisher\":{\"@id\":\"https:\/\/www.uni.lu\/fr\/#organization\"},\"image\":{\"@id\":\"https:\/\/www.uni.lu\/fr\/news\/en-direct-de-la-haye-les-etudiants-engages-dans-l-actualite-geopolitique\/#primaryimage\"},\"thumbnailUrl\":\"https:\/\/www.uni.lu\/wp-content\/uploads\/sites\/11\/2025\/06\/13145011\/nqto-public-forum.jpg\",\"inLanguage\":\"fr-FR\"},{\"@type\":\"WebPage\",\"@id\":\"https:\/\/www.uni.lu\/fr\/news\/en-direct-de-la-haye-les-etudiants-engages-dans-l-actualite-geopolitique\/\",\"url\":\"https:\/\/www.uni.lu\/fr\/news\/en-direct-de-la-haye-les-etudiants-engages-dans-l-actualite-geopolitique\/\",\"name\":\"En direct de La Haye : Les \u00e9tudiants engag\u00e9s dans l\u2019actualit\u00e9 g\u00e9opolitique - Universit\u00e9 du Luxembourg\",\"isPartOf\":{\"@id\":\"https:\/\/www.uni.lu\/fr\/#website\"},\"primaryImageOfPage\":{\"@id\":\"https:\/\/www.uni.lu\/fr\/news\/en-direct-de-la-haye-les-etudiants-engages-dans-l-actualite-geopolitique\/#primaryimage\"},\"image\":{\"@id\":\"https:\/\/www.uni.lu\/fr\/news\/en-direct-de-la-haye-les-etudiants-engages-dans-l-actualite-geopolitique\/#primaryimage\"},\"thumbnailUrl\":\"https:\/\/www.uni.lu\/wp-content\/uploads\/sites\/11\/2025\/06\/13145011\/nqto-public-forum.jpg\",\"datePublished\":\"2025-06-13T12:51:45+00:00\",\"dateModified\":\"2025-06-13T12:52:25+00:00\",\"description\":\"Comprendre les grands enjeux politiques et mondiaux actuels, du r\u00e9chauffement climatique aux changements g\u00e9opolitiques en passant par la transformation\",\"breadcrumb\":{\"@id\":\"https:\/\/www.uni.lu\/fr\/news\/en-direct-de-la-haye-les-etudiants-engages-dans-l-actualite-geopolitique\/#breadcrumb\"},\"inLanguage\":\"fr-FR\",\"potentialAction\":[{\"@type\":\"ReadAction\",\"target\":[\"https:\/\/www.uni.lu\/fr\/news\/en-direct-de-la-haye-les-etudiants-engages-dans-l-actualite-geopolitique\/\"]}]},{\"@type\":\"ImageObject\",\"inLanguage\":\"fr-FR\",\"@id\":\"https:\/\/www.uni.lu\/fr\/news\/en-direct-de-la-haye-les-etudiants-engages-dans-l-actualite-geopolitique\/#primaryimage\",\"url\":\"https:\/\/www.uni.lu\/wp-content\/uploads\/sites\/11\/2025\/06\/13145011\/nqto-public-forum.jpg\",\"contentUrl\":\"https:\/\/www.uni.lu\/wp-content\/uploads\/sites\/11\/2025\/06\/13145011\/nqto-public-forum.jpg\",\"width\":2560,\"height\":1884,\"caption\":\"Cr\u00e9dit photo : NATO Public Forum\"},{\"@type\":\"BreadcrumbList\",\"@id\":\"https:\/\/www.uni.lu\/fr\/news\/en-direct-de-la-haye-les-etudiants-engages-dans-l-actualite-geopolitique\/#breadcrumb\",\"itemListElement\":[{\"@type\":\"ListItem\",\"position\":1,\"name\":\"Home\",\"item\":\"https:\/\/www.uni.lu\/fr\/\"},{\"@type\":\"ListItem\",\"position\":2,\"name\":\"News\",\"item\":\"https:\/\/www.uni.lu\/fr\/news\/\"},{\"@type\":\"ListItem\",\"position\":3,\"name\":\"En direct de La Haye : Les \u00e9tudiants engag\u00e9s dans l\u2019actualit\u00e9 g\u00e9opolitique\"}]},{\"@type\":\"WebSite\",\"@id\":\"https:\/\/www.uni.lu\/fr\/#website\",\"url\":\"https:\/\/www.uni.lu\/fr\/\",\"name\":\"Uni.lu\",\"description\":\"Universit\u00e9 du Luxembourg\",\"publisher\":{\"@id\":\"https:\/\/www.uni.lu\/fr\/#organization\"},\"alternateName\":\"Universit\u00e9 du Luxembourg\",\"potentialAction\":[{\"@type\":\"SearchAction\",\"target\":{\"@type\":\"EntryPoint\",\"urlTemplate\":\"https:\/\/www.uni.lu\/fr\/?s={search_term_string}\"},\"query-input\":\"required name=search_term_string\"}],\"inLanguage\":\"fr-FR\"},{\"@type\":\"Organization\",\"@id\":\"https:\/\/www.uni.lu\/fr\/#organization\",\"name\":\"Universit\u00e9 du Luxembourg\",\"alternateName\":\"Uni.lu\",\"url\":\"https:\/\/www.uni.lu\/fr\/\",\"logo\":{\"@type\":\"ImageObject\",\"inLanguage\":\"fr-FR\",\"@id\":\"https:\/\/www.uni.lu\/fr\/#\/schema\/logo\/image\/\",\"url\":\"https:\/\/www.uni.lu\/wp-content\/uploads\/sites\/11\/2026\/03\/03120045\/UNIV_SM-Profile_1600x1600px-scaled.jpg\",\"contentUrl\":\"https:\/\/www.uni.lu\/wp-content\/uploads\/sites\/11\/2026\/03\/03120045\/UNIV_SM-Profile_1600x1600px-scaled.jpg\",\"width\":2560,\"height\":2560,\"caption\":\"Universit\u00e9 du Luxembourg\"},\"image\":\"https:\/\/www.uni.lu\/wp-content\/uploads\/sites\/11\/2026\/04\/24120552\/20200609-Belval-Campus_Henri-Goergen-23.jpg\",\"sameAs\":[\"https:\/\/www.facebook.com\/uni.lu\",\"https:\/\/www.linkedin.com\/school\/university-of-luxembourg\/\",\"https:\/\/www.instagram.com\/uni.lu\",\"https:\/\/www.youtube.com\/@uni_lu\",\"https:\/\/en.wikipedia.org\/wiki\/University_of_Luxembourg\"],\"email\":\"communication@uni.lu\",\"telephone\":\"+352 46 66 44 1\",\"address\":{\"@type\":\"PostalAddress\",\"streetAddress\":\"2, place de l\u2019Universit\u00e9\",\"addressLocality\":\"Esch-sur-Alzette\",\"postalCode\":\"4365\",\"addressCountry\":\"LU\"},\"description\":\"Universit\u00e9 du Luxembourg\"},{\"@type\":\"Person\",\"@id\":\"https:\/\/www.uni.lu\/fr\/#\/schema\/person\/67d3defa53981502bf9cddb74a850c08\",\"name\":\"Catherine Clesse\",\"image\":{\"@type\":\"ImageObject\",\"inLanguage\":\"fr-FR\",\"@id\":\"https:\/\/www.uni.lu\/fr\/#\/schema\/person\/image\/\",\"url\":\"https:\/\/secure.gravatar.com\/avatar\/6a2e15a24f9036a6aee8753304e46c2d?s=96&d=mm&r=g\",\"contentUrl\":\"https:\/\/secure.gravatar.com\/avatar\/6a2e15a24f9036a6aee8753304e46c2d?s=96&d=mm&r=g\",\"caption\":\"Catherine Clesse\"}}]}<\/script>\n<!-- \/ Yoast SEO Premium plugin. -->","yoast_head_json":{"title":"En direct de La Haye : Les \u00e9tudiants engag\u00e9s dans l\u2019actualit\u00e9 g\u00e9opolitique - Universit\u00e9 du Luxembourg","description":"Comprendre les grands enjeux politiques et mondiaux actuels, du r\u00e9chauffement climatique aux changements g\u00e9opolitiques en passant par la transformation","robots":{"index":"index","follow":"follow","max-snippet":"max-snippet:-1","max-image-preview":"max-image-preview:large","max-video-preview":"max-video-preview:-1"},"canonical":"https:\/\/www.uni.lu\/fr\/news\/en-direct-de-la-haye-les-etudiants-engages-dans-l-actualite-geopolitique\/","og_locale":"fr_FR","og_type":"article","og_title":"En direct de La Haye : Les \u00e9tudiants engag\u00e9s dans l\u2019actualit\u00e9 g\u00e9opolitique","og_description":"Comprendre les grands enjeux politiques et mondiaux actuels, du r\u00e9chauffement climatique aux changements g\u00e9opolitiques en passant par la transformation","og_url":"https:\/\/www.uni.lu\/fr\/news\/en-direct-de-la-haye-les-etudiants-engages-dans-l-actualite-geopolitique\/","og_site_name":"UNI FR","article_publisher":"https:\/\/www.facebook.com\/uni.lu","article_modified_time":"2025-06-13T12:52:25+00:00","og_image":[{"width":2560,"height":1884,"url":"https:\/\/www.uni.lu\/wp-content\/uploads\/sites\/11\/2025\/06\/13145011\/nqto-public-forum.jpg","type":"image\/jpeg"}],"twitter_card":"summary_large_image","twitter_misc":{"Dur\u00e9e de lecture estim\u00e9e":"3 minutes"},"schema":{"@context":"https:\/\/schema.org","@graph":[{"@type":"NewsArticle","@id":"https:\/\/www.uni.lu\/fr\/news\/en-direct-de-la-haye-les-etudiants-engages-dans-l-actualite-geopolitique\/#article","isPartOf":{"@id":"https:\/\/www.uni.lu\/fr\/news\/en-direct-de-la-haye-les-etudiants-engages-dans-l-actualite-geopolitique\/"},"author":{"name":"Catherine Clesse","@id":"https:\/\/www.uni.lu\/fr\/#\/schema\/person\/67d3defa53981502bf9cddb74a850c08"},"headline":"En direct de La Haye : Les \u00e9tudiants engag\u00e9s dans l\u2019actualit\u00e9 g\u00e9opolitique","datePublished":"2025-06-13T12:51:45+00:00","dateModified":"2025-06-13T12:52:25+00:00","mainEntityOfPage":{"@id":"https:\/\/www.uni.lu\/fr\/news\/en-direct-de-la-haye-les-etudiants-engages-dans-l-actualite-geopolitique\/"},"wordCount":550,"publisher":{"@id":"https:\/\/www.uni.lu\/fr\/#organization"},"image":{"@id":"https:\/\/www.uni.lu\/fr\/news\/en-direct-de-la-haye-les-etudiants-engages-dans-l-actualite-geopolitique\/#primaryimage"},"thumbnailUrl":"https:\/\/www.uni.lu\/wp-content\/uploads\/sites\/11\/2025\/06\/13145011\/nqto-public-forum.jpg","inLanguage":"fr-FR"},{"@type":"WebPage","@id":"https:\/\/www.uni.lu\/fr\/news\/en-direct-de-la-haye-les-etudiants-engages-dans-l-actualite-geopolitique\/","url":"https:\/\/www.uni.lu\/fr\/news\/en-direct-de-la-haye-les-etudiants-engages-dans-l-actualite-geopolitique\/","name":"En direct de La Haye : Les \u00e9tudiants engag\u00e9s dans l\u2019actualit\u00e9 g\u00e9opolitique - Universit\u00e9 du Luxembourg","isPartOf":{"@id":"https:\/\/www.uni.lu\/fr\/#website"},"primaryImageOfPage":{"@id":"https:\/\/www.uni.lu\/fr\/news\/en-direct-de-la-haye-les-etudiants-engages-dans-l-actualite-geopolitique\/#primaryimage"},"image":{"@id":"https:\/\/www.uni.lu\/fr\/news\/en-direct-de-la-haye-les-etudiants-engages-dans-l-actualite-geopolitique\/#primaryimage"},"thumbnailUrl":"https:\/\/www.uni.lu\/wp-content\/uploads\/sites\/11\/2025\/06\/13145011\/nqto-public-forum.jpg","datePublished":"2025-06-13T12:51:45+00:00","dateModified":"2025-06-13T12:52:25+00:00","description":"Comprendre les grands enjeux politiques et mondiaux actuels, du r\u00e9chauffement climatique aux changements g\u00e9opolitiques en passant par la transformation","breadcrumb":{"@id":"https:\/\/www.uni.lu\/fr\/news\/en-direct-de-la-haye-les-etudiants-engages-dans-l-actualite-geopolitique\/#breadcrumb"},"inLanguage":"fr-FR","potentialAction":[{"@type":"ReadAction","target":["https:\/\/www.uni.lu\/fr\/news\/en-direct-de-la-haye-les-etudiants-engages-dans-l-actualite-geopolitique\/"]}]},{"@type":"ImageObject","inLanguage":"fr-FR","@id":"https:\/\/www.uni.lu\/fr\/news\/en-direct-de-la-haye-les-etudiants-engages-dans-l-actualite-geopolitique\/#primaryimage","url":"https:\/\/www.uni.lu\/wp-content\/uploads\/sites\/11\/2025\/06\/13145011\/nqto-public-forum.jpg","contentUrl":"https:\/\/www.uni.lu\/wp-content\/uploads\/sites\/11\/2025\/06\/13145011\/nqto-public-forum.jpg","width":2560,"height":1884,"caption":"Cr\u00e9dit photo : NATO Public Forum"},{"@type":"BreadcrumbList","@id":"https:\/\/www.uni.lu\/fr\/news\/en-direct-de-la-haye-les-etudiants-engages-dans-l-actualite-geopolitique\/#breadcrumb","itemListElement":[{"@type":"ListItem","position":1,"name":"Home","item":"https:\/\/www.uni.lu\/fr\/"},{"@type":"ListItem","position":2,"name":"News","item":"https:\/\/www.uni.lu\/fr\/news\/"},{"@type":"ListItem","position":3,"name":"En direct de La Haye : Les \u00e9tudiants engag\u00e9s dans l\u2019actualit\u00e9 g\u00e9opolitique"}]},{"@type":"WebSite","@id":"https:\/\/www.uni.lu\/fr\/#website","url":"https:\/\/www.uni.lu\/fr\/","name":"Uni.lu","description":"Universit\u00e9 du Luxembourg","publisher":{"@id":"https:\/\/www.uni.lu\/fr\/#organization"},"alternateName":"Universit\u00e9 du Luxembourg","potentialAction":[{"@type":"SearchAction","target":{"@type":"EntryPoint","urlTemplate":"https:\/\/www.uni.lu\/fr\/?s={search_term_string}"},"query-input":"required name=search_term_string"}],"inLanguage":"fr-FR"},{"@type":"Organization","@id":"https:\/\/www.uni.lu\/fr\/#organization","name":"Universit\u00e9 du Luxembourg","alternateName":"Uni.lu","url":"https:\/\/www.uni.lu\/fr\/","logo":{"@type":"ImageObject","inLanguage":"fr-FR","@id":"https:\/\/www.uni.lu\/fr\/#\/schema\/logo\/image\/","url":"https:\/\/www.uni.lu\/wp-content\/uploads\/sites\/11\/2026\/03\/03120045\/UNIV_SM-Profile_1600x1600px-scaled.jpg","contentUrl":"https:\/\/www.uni.lu\/wp-content\/uploads\/sites\/11\/2026\/03\/03120045\/UNIV_SM-Profile_1600x1600px-scaled.jpg","width":2560,"height":2560,"caption":"Universit\u00e9 du Luxembourg"},"image":"https:\/\/www.uni.lu\/wp-content\/uploads\/sites\/11\/2026\/04\/24120552\/20200609-Belval-Campus_Henri-Goergen-23.jpg","sameAs":["https:\/\/www.facebook.com\/uni.lu","https:\/\/www.linkedin.com\/school\/university-of-luxembourg\/","https:\/\/www.instagram.com\/uni.lu","https:\/\/www.youtube.com\/@uni_lu","https:\/\/en.wikipedia.org\/wiki\/University_of_Luxembourg"],"email":"communication@uni.lu","telephone":"+352 46 66 44 1","address":{"@type":"PostalAddress","streetAddress":"2, place de l\u2019Universit\u00e9","addressLocality":"Esch-sur-Alzette","postalCode":"4365","addressCountry":"LU"},"description":"Universit\u00e9 du Luxembourg"},{"@type":"Person","@id":"https:\/\/www.uni.lu\/fr\/#\/schema\/person\/67d3defa53981502bf9cddb74a850c08","name":"Catherine Clesse","image":{"@type":"ImageObject","inLanguage":"fr-FR","@id":"https:\/\/www.uni.lu\/fr\/#\/schema\/person\/image\/","url":"https:\/\/secure.gravatar.com\/avatar\/6a2e15a24f9036a6aee8753304e46c2d?s=96&d=mm&r=g","contentUrl":"https:\/\/secure.gravatar.com\/avatar\/6a2e15a24f9036a6aee8753304e46c2d?s=96&d=mm&r=g","caption":"Catherine Clesse"}}]}},"blog_id":11,"_links":{"self":[{"href":"https:\/\/www.uni.lu\/fr\/wp-json\/wp\/v2\/news\/15484"}],"collection":[{"href":"https:\/\/www.uni.lu\/fr\/wp-json\/wp\/v2\/news"}],"about":[{"href":"https:\/\/www.uni.lu\/fr\/wp-json\/wp\/v2\/types\/news"}],"author":[{"embeddable":true,"href":"https:\/\/www.uni.lu\/fr\/wp-json\/wp\/v2\/users\/341"}],"version-history":[{"count":4,"href":"https:\/\/www.uni.lu\/fr\/wp-json\/wp\/v2\/news\/15484\/revisions"}],"predecessor-version":[{"id":15489,"href":"https:\/\/www.uni.lu\/fr\/wp-json\/wp\/v2\/news\/15484\/revisions\/15489"}],"wp:authorship":[{"embeddable":true,"href":"https:\/\/www.uni.lu\/fr\/wp-json\/wp\/v2\/users\/341"}],"wp:featuredmedia":[{"embeddable":true,"href":"https:\/\/www.uni.lu\/fr\/wp-json\/wp\/v2\/media\/15487"}],"wp:attachment":[{"href":"https:\/\/www.uni.lu\/fr\/wp-json\/wp\/v2\/media?parent=15484"}],"wp:term":[{"taxonomy":"news-category","embeddable":true,"href":"https:\/\/www.uni.lu\/fr\/wp-json\/wp\/v2\/news-category?post=15484"},{"taxonomy":"news-topic","embeddable":true,"href":"https:\/\/www.uni.lu\/fr\/wp-json\/wp\/v2\/news-topic?post=15484"},{"taxonomy":"organisation","embeddable":true,"href":"https:\/\/www.uni.lu\/fr\/wp-json\/wp\/v2\/organisation?post=15484"}],"curies":[{"name":"wp","href":"https:\/\/api.w.org\/{rel}","templated":true}]}}