{"id":1545,"date":"2021-10-20T14:24:14","date_gmt":"2021-10-20T14:24:14","guid":{"rendered":"https:\/\/website.prod.unilu.spikeseed.cloud\/fr\/news\/retour-envisage-a-lenseignement-presentiel-a-partir-de-novembre\/"},"modified":"2021-10-20T14:24:14","modified_gmt":"2021-10-20T14:24:14","slug":"retour-envisage-a-lenseignement-presentiel-a-partir-de-novembre","status":"publish","type":"news","link":"https:\/\/www.uni.lu\/fr\/news\/retour-envisage-a-lenseignement-presentiel-a-partir-de-novembre\/","title":{"rendered":"Retour envisag\u00e9 \u00e0 l&rsquo;enseignement pr\u00e9sentiel \u00e0 partir de novembre"},"content":{"rendered":"<section class=\"wp-block-unilux-blocks-free-section section\"><div class=\"container xl:max-w-screen-xl\"><p>L&rsquo;Universit\u00e9 du Luxembourg pr\u00e9pare un retour complet \u00e0 l&rsquo;enseignement en pr\u00e9sentiel \u00e0 partir du 8 novembre 2021.<\/p><p>Le protocole sp\u00e9cial \u00e9tabli par l&rsquo;Universit\u00e9 pour le retour \u00e0 l&rsquo;enseignement sur le campus a \u00e9t\u00e9 valid\u00e9 par les autorit\u00e9s luxembourgeoises de la Sant\u00e9, de sorte que les salles de classe seront \u00e0 nouveau utilis\u00e9es \u00e0 leur pleine capacit\u00e9.<\/p><p>L&rsquo;acc\u00e8s aux cours sera possible pour tous les \u00e9tudiants et ne d\u00e9pendra pas de certificats de type Covidcheck ou similaires. Les autorit\u00e9s sanitaires recommandent aux \u00e9tudiants et aux professeurs d&rsquo;utiliser des autotests deux fois par semaine. Des kits de test seront distribu\u00e9s aux r\u00e9ceptions. Le port du masque restera obligatoire, \u00e0 l&rsquo;exception des professeurs enti\u00e8rement vaccin\u00e9s qui auront la possibilit\u00e9 d&rsquo;enseigner sans le masque.<\/p><p>De nouveaux protocoles de s\u00e9curit\u00e9 seront appliqu\u00e9s si une ou plusieurs personnes d&rsquo;une classe sont test\u00e9es positives.\u00a0<\/p><p>Le Luxembourg Learning Centre pr\u00e9voit un accroissement du nombre d&rsquo;utilisateurs. Le nombre de places sera port\u00e9 de 300 \u00e0 800, et il ne sera plus n\u00e9cessaire de r\u00e9server \u00e0 l&rsquo;avance.\u00a0<\/p><p><i>\u00ab\u00a0Nous avons longtemps attendu ce moment\u00a0\u00bb<\/i><i>\u00ab\u00a0M\u00eame si les interactions sociales ne seront pas parfaites dans le cadre de ce nouveau protocole, il s&rsquo;agit d&rsquo;une \u00e9tape importante dans notre retour \u00e0 la vie normale. Elle permettra d&rsquo;augmenter le niveau d&rsquo;interaction personnelle qui est un ingr\u00e9dient important pour une atmosph\u00e8re universitaire vibrante. Je remercie tout notre personnel d&rsquo;avoir rendu cela possible.\u00a0\u00bb<\/i>, a d\u00e9clar\u00e9 le recteur de l&rsquo;universit\u00e9, St\u00e9phane Pallage. <\/p><\/div><\/section>","protected":false},"excerpt":{"rendered":"<p>L&rsquo;Universit\u00e9 du Luxembourg pr\u00e9pare un retour complet \u00e0 l&rsquo;enseignement en pr\u00e9sentiel \u00e0 partir du 8 novembre 2021.<\/p>\n","protected":false},"author":0,"featured_media":0,"template":"","format":"standard","meta":{"featured_image_focal_point":[],"show_featured_caption":false,"ulux_newsletter_groups":"","uluxPostTitle":"","uluxPrePostTitle":"","_trash_the_other_posts":false,"_price":"","_stock":"","_tribe_ticket_header":"","_tribe_default_ticket_provider":"","_tribe_ticket_capacity":"0","_ticket_start_date":"","_ticket_end_date":"","_tribe_ticket_show_description":"","_tribe_ticket_show_not_going":false,"_tribe_ticket_use_global_stock":"","_tribe_ticket_global_stock_level":"","_global_stock_mode":"","_global_stock_cap":"","_tribe_rsvp_for_event":"","_tribe_ticket_going_count":"","_tribe_ticket_not_going_count":"","_tribe_tickets_list":"[]","_tribe_ticket_has_attendee_info_fields":false},"news-category":[3],"news-topic":[],"organisation":[226],"authorship":[],"acf":[],"yoast_head":"<!-- This site is optimized with the Yoast SEO Premium plugin v22.3 (Yoast SEO v22.3) - https:\/\/yoast.com\/wordpress\/plugins\/seo\/ -->\n<title>Retour envisag\u00e9 \u00e0 l&#039;enseignement pr\u00e9sentiel \u00e0 partir de novembre - Universit\u00e9 du Luxembourg<\/title>\n<meta name=\"description\" content=\"L&#039;Universit\u00e9 du Luxembourg pr\u00e9pare un retour complet \u00e0 l&#039;enseignement en pr\u00e9sentiel \u00e0 partir du 8 novembre 2021.\" \/>\n<meta name=\"robots\" content=\"index, follow, max-snippet:-1, max-image-preview:large, max-video-preview:-1\" \/>\n<link rel=\"canonical\" href=\"https:\/\/www.uni.lu\/fr\/news\/\" \/>\n<meta property=\"og:locale\" content=\"fr_FR\" \/>\n<meta property=\"og:type\" content=\"article\" \/>\n<meta property=\"og:title\" content=\"Retour envisag\u00e9 \u00e0 l&#039;enseignement pr\u00e9sentiel \u00e0 partir de novembre\" \/>\n<meta property=\"og:description\" content=\"L&#039;Universit\u00e9 du Luxembourg pr\u00e9pare un retour complet \u00e0 l&#039;enseignement en pr\u00e9sentiel \u00e0 partir du 8 novembre 2021.\" \/>\n<meta property=\"og:url\" content=\"https:\/\/www.uni.lu\/fr\/news\/\" \/>\n<meta property=\"og:site_name\" content=\"UNI FR\" \/>\n<meta property=\"article:publisher\" content=\"https:\/\/www.facebook.com\/uni.lu\" \/>\n<meta property=\"og:image\" content=\"https:\/\/www.uni.lu\/wp-content\/uploads\/sites\/11\/2026\/03\/03120045\/UNIV_SM-Profile_1600x1600px-scaled.jpg\" \/>\n\t<meta property=\"og:image:width\" content=\"2560\" \/>\n\t<meta property=\"og:image:height\" content=\"2560\" \/>\n\t<meta property=\"og:image:type\" content=\"image\/jpeg\" \/>\n<meta name=\"twitter:card\" content=\"summary_large_image\" \/>\n<meta name=\"twitter:label1\" content=\"Dur\u00e9e de lecture estim\u00e9e\" \/>\n\t<meta name=\"twitter:data1\" content=\"1 minute\" \/>\n<script type=\"application\/ld+json\" class=\"yoast-schema-graph\">{\"@context\":\"https:\/\/schema.org\",\"@graph\":[{\"@type\":\"NewsArticle\",\"@id\":\"https:\/\/www.uni.lu\/fr\/news\/#article\",\"isPartOf\":{\"@id\":\"https:\/\/www.uni.lu\/fr\/news\/\"},\"author\":{\"name\":\"\",\"@id\":\"\"},\"headline\":\"Retour envisag\u00e9 \u00e0 l&rsquo;enseignement pr\u00e9sentiel \u00e0 partir de novembre\",\"datePublished\":\"2021-10-20T14:24:14+00:00\",\"dateModified\":\"2021-10-20T14:24:14+00:00\",\"mainEntityOfPage\":{\"@id\":\"https:\/\/www.uni.lu\/fr\/news\/\"},\"wordCount\":271,\"publisher\":{\"@id\":\"https:\/\/www.uni.lu\/fr\/#organization\"},\"inLanguage\":\"fr-FR\"},{\"@type\":\"WebPage\",\"@id\":\"https:\/\/www.uni.lu\/fr\/news\/\",\"url\":\"https:\/\/www.uni.lu\/fr\/news\/\",\"name\":\"Retour envisag\u00e9 \u00e0 l'enseignement pr\u00e9sentiel \u00e0 partir de novembre - Universit\u00e9 du Luxembourg\",\"isPartOf\":{\"@id\":\"https:\/\/www.uni.lu\/fr\/#website\"},\"datePublished\":\"2021-10-20T14:24:14+00:00\",\"dateModified\":\"2021-10-20T14:24:14+00:00\",\"description\":\"L'Universit\u00e9 du Luxembourg pr\u00e9pare un retour complet \u00e0 l'enseignement en pr\u00e9sentiel \u00e0 partir du 8 novembre 2021.\",\"breadcrumb\":{\"@id\":\"https:\/\/www.uni.lu\/fr\/news\/#breadcrumb\"},\"inLanguage\":\"fr-FR\",\"potentialAction\":[{\"@type\":\"ReadAction\",\"target\":[\"https:\/\/www.uni.lu\/fr\/news\/\"]}]},{\"@type\":\"BreadcrumbList\",\"@id\":\"https:\/\/www.uni.lu\/fr\/news\/#breadcrumb\",\"itemListElement\":[{\"@type\":\"ListItem\",\"position\":1,\"name\":\"Home\",\"item\":\"https:\/\/www.uni.lu\/fr\/\"},{\"@type\":\"ListItem\",\"position\":2,\"name\":\"News\",\"item\":\"https:\/\/www.uni.lu\/fr\/news\/\"},{\"@type\":\"ListItem\",\"position\":3,\"name\":\"Retour envisag\u00e9 \u00e0 l&#8217;enseignement pr\u00e9sentiel \u00e0 partir de novembre\"}]},{\"@type\":\"WebSite\",\"@id\":\"https:\/\/www.uni.lu\/fr\/#website\",\"url\":\"https:\/\/www.uni.lu\/fr\/\",\"name\":\"Uni.lu\",\"description\":\"Universit\u00e9 du Luxembourg\",\"publisher\":{\"@id\":\"https:\/\/www.uni.lu\/fr\/#organization\"},\"alternateName\":\"Universit\u00e9 du Luxembourg\",\"potentialAction\":[{\"@type\":\"SearchAction\",\"target\":{\"@type\":\"EntryPoint\",\"urlTemplate\":\"https:\/\/www.uni.lu\/fr\/?s={search_term_string}\"},\"query-input\":\"required name=search_term_string\"}],\"inLanguage\":\"fr-FR\"},{\"@type\":\"Organization\",\"@id\":\"https:\/\/www.uni.lu\/fr\/#organization\",\"name\":\"Universit\u00e9 du Luxembourg\",\"alternateName\":\"Uni.lu\",\"url\":\"https:\/\/www.uni.lu\/fr\/\",\"logo\":{\"@type\":\"ImageObject\",\"inLanguage\":\"fr-FR\",\"@id\":\"https:\/\/www.uni.lu\/fr\/#\/schema\/logo\/image\/\",\"url\":\"https:\/\/www.uni.lu\/wp-content\/uploads\/sites\/11\/2026\/03\/03120045\/UNIV_SM-Profile_1600x1600px-scaled.jpg\",\"contentUrl\":\"https:\/\/www.uni.lu\/wp-content\/uploads\/sites\/11\/2026\/03\/03120045\/UNIV_SM-Profile_1600x1600px-scaled.jpg\",\"width\":2560,\"height\":2560,\"caption\":\"Universit\u00e9 du Luxembourg\"},\"image\":\"https:\/\/www.uni.lu\/wp-content\/uploads\/sites\/11\/2026\/04\/24120552\/20200609-Belval-Campus_Henri-Goergen-23.jpg\",\"sameAs\":[\"https:\/\/www.facebook.com\/uni.lu\",\"https:\/\/www.linkedin.com\/school\/university-of-luxembourg\/\",\"https:\/\/www.instagram.com\/uni.lu\",\"https:\/\/www.youtube.com\/@uni_lu\",\"https:\/\/en.wikipedia.org\/wiki\/University_of_Luxembourg\"],\"email\":\"communication@uni.lu\",\"telephone\":\"+352 46 66 44 1\",\"address\":{\"@type\":\"PostalAddress\",\"streetAddress\":\"2, place de l\u2019Universit\u00e9\",\"addressLocality\":\"Esch-sur-Alzette\",\"postalCode\":\"4365\",\"addressCountry\":\"LU\"},\"description\":\"Universit\u00e9 du Luxembourg\"}]}<\/script>\n<!-- \/ Yoast SEO Premium plugin. -->","yoast_head_json":{"title":"Retour envisag\u00e9 \u00e0 l'enseignement pr\u00e9sentiel \u00e0 partir de novembre - Universit\u00e9 du Luxembourg","description":"L'Universit\u00e9 du Luxembourg pr\u00e9pare un retour complet \u00e0 l'enseignement en pr\u00e9sentiel \u00e0 partir du 8 novembre 2021.","robots":{"index":"index","follow":"follow","max-snippet":"max-snippet:-1","max-image-preview":"max-image-preview:large","max-video-preview":"max-video-preview:-1"},"canonical":"https:\/\/www.uni.lu\/fr\/news\/","og_locale":"fr_FR","og_type":"article","og_title":"Retour envisag\u00e9 \u00e0 l'enseignement pr\u00e9sentiel \u00e0 partir de novembre","og_description":"L'Universit\u00e9 du Luxembourg pr\u00e9pare un retour complet \u00e0 l'enseignement en pr\u00e9sentiel \u00e0 partir du 8 novembre 2021.","og_url":"https:\/\/www.uni.lu\/fr\/news\/","og_site_name":"UNI FR","article_publisher":"https:\/\/www.facebook.com\/uni.lu","og_image":[{"width":2560,"height":2560,"url":"https:\/\/www.uni.lu\/wp-content\/uploads\/sites\/11\/2026\/03\/03120045\/UNIV_SM-Profile_1600x1600px-scaled.jpg","type":"image\/jpeg"}],"twitter_card":"summary_large_image","twitter_misc":{"Dur\u00e9e de lecture estim\u00e9e":"1 minute"},"schema":{"@context":"https:\/\/schema.org","@graph":[{"@type":"NewsArticle","@id":"https:\/\/www.uni.lu\/fr\/news\/#article","isPartOf":{"@id":"https:\/\/www.uni.lu\/fr\/news\/"},"author":{"name":"","@id":""},"headline":"Retour envisag\u00e9 \u00e0 l&rsquo;enseignement pr\u00e9sentiel \u00e0 partir de novembre","datePublished":"2021-10-20T14:24:14+00:00","dateModified":"2021-10-20T14:24:14+00:00","mainEntityOfPage":{"@id":"https:\/\/www.uni.lu\/fr\/news\/"},"wordCount":271,"publisher":{"@id":"https:\/\/www.uni.lu\/fr\/#organization"},"inLanguage":"fr-FR"},{"@type":"WebPage","@id":"https:\/\/www.uni.lu\/fr\/news\/","url":"https:\/\/www.uni.lu\/fr\/news\/","name":"Retour envisag\u00e9 \u00e0 l'enseignement pr\u00e9sentiel \u00e0 partir de novembre - Universit\u00e9 du Luxembourg","isPartOf":{"@id":"https:\/\/www.uni.lu\/fr\/#website"},"datePublished":"2021-10-20T14:24:14+00:00","dateModified":"2021-10-20T14:24:14+00:00","description":"L'Universit\u00e9 du Luxembourg pr\u00e9pare un retour complet \u00e0 l'enseignement en pr\u00e9sentiel \u00e0 partir du 8 novembre 2021.","breadcrumb":{"@id":"https:\/\/www.uni.lu\/fr\/news\/#breadcrumb"},"inLanguage":"fr-FR","potentialAction":[{"@type":"ReadAction","target":["https:\/\/www.uni.lu\/fr\/news\/"]}]},{"@type":"BreadcrumbList","@id":"https:\/\/www.uni.lu\/fr\/news\/#breadcrumb","itemListElement":[{"@type":"ListItem","position":1,"name":"Home","item":"https:\/\/www.uni.lu\/fr\/"},{"@type":"ListItem","position":2,"name":"News","item":"https:\/\/www.uni.lu\/fr\/news\/"},{"@type":"ListItem","position":3,"name":"Retour envisag\u00e9 \u00e0 l&#8217;enseignement pr\u00e9sentiel \u00e0 partir de novembre"}]},{"@type":"WebSite","@id":"https:\/\/www.uni.lu\/fr\/#website","url":"https:\/\/www.uni.lu\/fr\/","name":"Uni.lu","description":"Universit\u00e9 du Luxembourg","publisher":{"@id":"https:\/\/www.uni.lu\/fr\/#organization"},"alternateName":"Universit\u00e9 du Luxembourg","potentialAction":[{"@type":"SearchAction","target":{"@type":"EntryPoint","urlTemplate":"https:\/\/www.uni.lu\/fr\/?s={search_term_string}"},"query-input":"required name=search_term_string"}],"inLanguage":"fr-FR"},{"@type":"Organization","@id":"https:\/\/www.uni.lu\/fr\/#organization","name":"Universit\u00e9 du Luxembourg","alternateName":"Uni.lu","url":"https:\/\/www.uni.lu\/fr\/","logo":{"@type":"ImageObject","inLanguage":"fr-FR","@id":"https:\/\/www.uni.lu\/fr\/#\/schema\/logo\/image\/","url":"https:\/\/www.uni.lu\/wp-content\/uploads\/sites\/11\/2026\/03\/03120045\/UNIV_SM-Profile_1600x1600px-scaled.jpg","contentUrl":"https:\/\/www.uni.lu\/wp-content\/uploads\/sites\/11\/2026\/03\/03120045\/UNIV_SM-Profile_1600x1600px-scaled.jpg","width":2560,"height":2560,"caption":"Universit\u00e9 du Luxembourg"},"image":"https:\/\/www.uni.lu\/wp-content\/uploads\/sites\/11\/2026\/04\/24120552\/20200609-Belval-Campus_Henri-Goergen-23.jpg","sameAs":["https:\/\/www.facebook.com\/uni.lu","https:\/\/www.linkedin.com\/school\/university-of-luxembourg\/","https:\/\/www.instagram.com\/uni.lu","https:\/\/www.youtube.com\/@uni_lu","https:\/\/en.wikipedia.org\/wiki\/University_of_Luxembourg"],"email":"communication@uni.lu","telephone":"+352 46 66 44 1","address":{"@type":"PostalAddress","streetAddress":"2, place de l\u2019Universit\u00e9","addressLocality":"Esch-sur-Alzette","postalCode":"4365","addressCountry":"LU"},"description":"Universit\u00e9 du Luxembourg"}]}},"blog_id":11,"_links":{"self":[{"href":"https:\/\/www.uni.lu\/fr\/wp-json\/wp\/v2\/news\/1545"}],"collection":[{"href":"https:\/\/www.uni.lu\/fr\/wp-json\/wp\/v2\/news"}],"about":[{"href":"https:\/\/www.uni.lu\/fr\/wp-json\/wp\/v2\/types\/news"}],"version-history":[{"count":0,"href":"https:\/\/www.uni.lu\/fr\/wp-json\/wp\/v2\/news\/1545\/revisions"}],"wp:attachment":[{"href":"https:\/\/www.uni.lu\/fr\/wp-json\/wp\/v2\/media?parent=1545"}],"wp:term":[{"taxonomy":"news-category","embeddable":true,"href":"https:\/\/www.uni.lu\/fr\/wp-json\/wp\/v2\/news-category?post=1545"},{"taxonomy":"news-topic","embeddable":true,"href":"https:\/\/www.uni.lu\/fr\/wp-json\/wp\/v2\/news-topic?post=1545"},{"taxonomy":"organisation","embeddable":true,"href":"https:\/\/www.uni.lu\/fr\/wp-json\/wp\/v2\/organisation?post=1545"}],"curies":[{"name":"wp","href":"https:\/\/api.w.org\/{rel}","templated":true}]}}