{"id":15434,"date":"2025-06-10T16:13:18","date_gmt":"2025-06-10T14:13:18","guid":{"rendered":"https:\/\/www.uni.lu\/fr\/?post_type=news&#038;p=15434"},"modified":"2025-06-10T16:28:01","modified_gmt":"2025-06-10T14:28:01","slug":"felicitations-aux-laureates-des-bourses-marie-speyer-2025","status":"publish","type":"news","link":"https:\/\/www.uni.lu\/fr\/news\/felicitations-aux-laureates-des-bourses-marie-speyer-2025\/","title":{"rendered":"F\u00e9licitations aux laur\u00e9ates des bourses Marie Speyer !"},"content":{"rendered":"\n<section class=\"wp-block-unilux-blocks-free-section section\"><div class=\"container xl:max-w-screen-xl\">\n<p>Cette ann\u00e9e, 61 chercheuses ont postul\u00e9 pour une bourse Marie Speyer, un programme de l&rsquo;Universit\u00e9 r\u00e9serv\u00e9 aux chercheuses, soit pr\u00e8s de deux fois plus que lors de la premi\u00e8re \u00e9dition l&rsquo;ann\u00e9e derni\u00e8re.<\/p>\n\n\n\n<p>Les sept candidates retenues refl\u00e8tent la diversit\u00e9 et l&rsquo;interdisciplinarit\u00e9 de l&rsquo;environnement de recherche de l&rsquo;Uni.lu, o\u00f9 les femmes m\u00e8nent des projets scientifiques exceptionnels. Quatre laur\u00e9ates recevront chacune une bourse de recherche de 130 000 euros, tandis que trois scientifiques se sont vu d\u00e9cerner un label Seal of Excellence pour la qualit\u00e9 scientifique exceptionnelle de leurs travaux.<\/p>\n\n\n\n<section class=\"wp-block-unilux-blocks-quote-people\">\n    <div class=\"quote-people\" role=\"group\">\n        <figure class=\"quote-people__body\">\n            <blockquote class=\"quote-people__blockquote\">\n    <span class=\"quote-people__quote\">\u201f<\/span>\n    Je suis tr\u00e8s reconnaissante d&rsquo;avoir re\u00e7u ce soutien pour mon projet DigiTRAD, qui examine comment les discours r\u00e9actionnaires sur la langue, le genre et la nation circulent sur les nouveaux m\u00e9dias et sont rendus attrayants pour les jeunes au Luxembourg. C&rsquo;est formidable que l&rsquo;Uni.lu soutienne la recherche critique sur les m\u00e9dias, et je suis tr\u00e8s heureuse que mon projet soutienne \u00e9galement deux projets de master \u2013 et, esp\u00e9rons-le, de futurs doctorats !\u202f\u201d\n<\/blockquote>\n<div class=\"wp-block-unilux-blocks-wrapper quote-people__figcaption\">\n<p class=\"quote-people__author wp-block-unilux-blocks-plain-text\">Catherine Tebaldi<\/p><\/div>\n        <\/figure>\n    <\/div>\n<\/section>\n\n<div class=\"wp-block-unilux-blocks-spacer is-spacer-size-md\"><\/div>\n\n\n<h2 class=\"has-text-align-left wp-block-unilux-blocks-heading\"        id=\"decouvrir-les-sept-laureates-et-leurs-projets-en-anglais\"\n    >\nD\u00e9couvrir les sept laur\u00e9ates et leurs projets en anglais<\/h2>\n\n\n\n<ul class=\"wp-block-unilux-blocks-button-list-v2\">\n<li class=\"wp-block-unilux-blocks-button-list-item-v2 image-rounded\"><a class=\"quick-link\" href=\"https:\/\/www.uni.lu\/en\/news\/congratulations-to-recipients-of-the-marie-speyer-grants-2025\/\" target=\"\" role=\"link\" rel=\"noopener\" tabindex=\"0\"><span class=\"quick-link__container\">\n<div class=\"wp-block-unilux-blocks-block-inserter quick-link__img\"><figure class=\"wp-block-dev4-reusable-blocks-image  object-fit--cover\">\n    \n<img decoding=\"async\" class=\"wp-block-image unilux-custom-image-block\"\n                alt=\"\"\n            src=\"https:\/\/www.uni.lu\/wp-content\/uploads\/sites\/11\/2023\/11\/Placeholder_news.png\"\n                srcset=\"https:\/\/www.uni.lu\/wp-content\/uploads\/sites\/11\/2023\/11\/Placeholder_news-300x225.png 300w, https:\/\/www.uni.lu\/wp-content\/uploads\/sites\/11\/2023\/11\/Placeholder_news-1024x768.png 1024w, https:\/\/www.uni.lu\/wp-content\/uploads\/sites\/11\/2023\/11\/Placeholder_news-768x576.png 768w, https:\/\/www.uni.lu\/wp-content\/uploads\/sites\/11\/2023\/11\/Placeholder_news.png 1500w\"\n                style=\"object-position: 50.00% 50.00%; font-family: &quot;object-fit: cover; object-position: 50.00% 50.00%;&quot;; aspect-ratio: 1\/1; object-fit: cover; width: 100%;\"\n        loading=\"lazy\"\n\/>    <\/figure><\/div>\n\n\n\n<span class=\"quick-link__name wp-block-unilux-blocks-plain-text\">Congratulations to recipients of the Marie Speyer Grants!<\/span>\n\n<svg aria-hidden=\"true\" focusable=\"false\" class=\"icon icon-outline icon--arrow-right \"><use xlink:href=\"https:\/\/www.uni.lu\/wp-content\/themes\/unilux-theme\/assets\/images\/icons\/icons-outline.svg#icon--arrow-right\"><\/use><\/svg><\/span><\/a><\/li>\n<\/ul>\n<\/div><\/section>\n","protected":false},"excerpt":{"rendered":"<p>Cette ann\u00e9e, 61 chercheuses ont postul\u00e9 pour une bourse Marie Speyer, un programme de l&rsquo;Universit\u00e9 r\u00e9serv\u00e9 aux chercheuses, soit pr\u00e8s de deux fois plus que lors de la premi\u00e8re \u00e9dition l&rsquo;ann\u00e9e derni\u00e8re.<\/p>\n","protected":false},"author":44,"featured_media":15436,"template":"","format":"standard","meta":{"featured_image_focal_point":[],"show_featured_caption":false,"ulux_newsletter_groups":"","uluxPostTitle":"","uluxPrePostTitle":"","_trash_the_other_posts":false,"_price":"","_stock":"","_tribe_ticket_header":"","_tribe_default_ticket_provider":"","_tribe_ticket_capacity":"0","_ticket_start_date":"","_ticket_end_date":"","_tribe_ticket_show_description":"","_tribe_ticket_show_not_going":false,"_tribe_ticket_use_global_stock":"","_tribe_ticket_global_stock_level":"","_global_stock_mode":"","_global_stock_cap":"","_tribe_rsvp_for_event":"","_tribe_ticket_going_count":"","_tribe_ticket_not_going_count":"","_tribe_tickets_list":"[]","_tribe_ticket_has_attendee_info_fields":false},"news-category":[4],"news-topic":[],"organisation":[428],"authorship":[44,91],"acf":[],"yoast_head":"<!-- This site is optimized with the Yoast SEO Premium plugin v22.3 (Yoast SEO v22.3) - https:\/\/yoast.com\/wordpress\/plugins\/seo\/ -->\n<title>F\u00e9licitations aux laur\u00e9ates des bourses Marie Speyer ! - Universit\u00e9 du Luxembourg<\/title>\n<meta name=\"description\" content=\"Cette ann\u00e9e, 61 chercheuses ont postul\u00e9 pour une bourse Marie Speyer, un programme de l&#039;Universit\u00e9 r\u00e9serv\u00e9 aux chercheuses, soit pr\u00e8s de deux fois plus que lors de la premi\u00e8re \u00e9dition l&#039;ann\u00e9e derni\u00e8re.\" \/>\n<meta name=\"robots\" content=\"index, follow, max-snippet:-1, max-image-preview:large, max-video-preview:-1\" \/>\n<link rel=\"canonical\" href=\"https:\/\/www.uni.lu\/fr\/news\/felicitations-aux-laureates-des-bourses-marie-speyer-2025\/\" \/>\n<meta property=\"og:locale\" content=\"fr_FR\" \/>\n<meta property=\"og:type\" content=\"article\" \/>\n<meta property=\"og:title\" content=\"F\u00e9licitations aux laur\u00e9ates des bourses Marie Speyer !\" \/>\n<meta property=\"og:description\" content=\"Cette ann\u00e9e, 61 chercheuses ont postul\u00e9 pour une bourse Marie Speyer, un programme de l&#039;Universit\u00e9 r\u00e9serv\u00e9 aux chercheuses, soit pr\u00e8s de deux fois plus que lors de la premi\u00e8re \u00e9dition l&#039;ann\u00e9e derni\u00e8re.\" \/>\n<meta property=\"og:url\" content=\"https:\/\/www.uni.lu\/fr\/news\/felicitations-aux-laureates-des-bourses-marie-speyer-2025\/\" \/>\n<meta property=\"og:site_name\" content=\"UNI FR\" \/>\n<meta property=\"article:publisher\" content=\"https:\/\/www.facebook.com\/uni.lu\" \/>\n<meta property=\"article:modified_time\" content=\"2025-06-10T14:28:01+00:00\" \/>\n<meta property=\"og:image\" content=\"https:\/\/www.uni.lu\/wp-content\/uploads\/sites\/11\/2025\/06\/10161141\/Marie-Speyer-Grants_2025.jpg\" \/>\n\t<meta property=\"og:image:width\" content=\"1200\" \/>\n\t<meta property=\"og:image:height\" content=\"800\" \/>\n\t<meta property=\"og:image:type\" content=\"image\/jpeg\" \/>\n<meta name=\"twitter:card\" content=\"summary_large_image\" \/>\n<meta name=\"twitter:label1\" content=\"Dur\u00e9e de lecture estim\u00e9e\" \/>\n\t<meta name=\"twitter:data1\" content=\"1 minute\" \/>\n<script type=\"application\/ld+json\" class=\"yoast-schema-graph\">{\"@context\":\"https:\/\/schema.org\",\"@graph\":[{\"@type\":\"NewsArticle\",\"@id\":\"https:\/\/www.uni.lu\/fr\/news\/felicitations-aux-laureates-des-bourses-marie-speyer-2025\/#article\",\"isPartOf\":{\"@id\":\"https:\/\/www.uni.lu\/fr\/news\/felicitations-aux-laureates-des-bourses-marie-speyer-2025\/\"},\"author\":{\"name\":\"Eunice\",\"@id\":\"https:\/\/www.uni.lu\/fr\/#\/schema\/person\/17dbc4a6ec9d969d266bcfb8d8e06279\"},\"headline\":\"F\u00e9licitations aux laur\u00e9ates des bourses Marie Speyer !\",\"datePublished\":\"2025-06-10T14:13:18+00:00\",\"dateModified\":\"2025-06-10T14:28:01+00:00\",\"mainEntityOfPage\":{\"@id\":\"https:\/\/www.uni.lu\/fr\/news\/felicitations-aux-laureates-des-bourses-marie-speyer-2025\/\"},\"wordCount\":110,\"publisher\":{\"@id\":\"https:\/\/www.uni.lu\/fr\/#organization\"},\"image\":{\"@id\":\"https:\/\/www.uni.lu\/fr\/news\/felicitations-aux-laureates-des-bourses-marie-speyer-2025\/#primaryimage\"},\"thumbnailUrl\":\"https:\/\/www.uni.lu\/wp-content\/uploads\/sites\/11\/2025\/06\/10161141\/Marie-Speyer-Grants_2025.jpg\",\"inLanguage\":\"fr-FR\"},{\"@type\":\"WebPage\",\"@id\":\"https:\/\/www.uni.lu\/fr\/news\/felicitations-aux-laureates-des-bourses-marie-speyer-2025\/\",\"url\":\"https:\/\/www.uni.lu\/fr\/news\/felicitations-aux-laureates-des-bourses-marie-speyer-2025\/\",\"name\":\"F\u00e9licitations aux laur\u00e9ates des bourses Marie Speyer ! - Universit\u00e9 du Luxembourg\",\"isPartOf\":{\"@id\":\"https:\/\/www.uni.lu\/fr\/#website\"},\"primaryImageOfPage\":{\"@id\":\"https:\/\/www.uni.lu\/fr\/news\/felicitations-aux-laureates-des-bourses-marie-speyer-2025\/#primaryimage\"},\"image\":{\"@id\":\"https:\/\/www.uni.lu\/fr\/news\/felicitations-aux-laureates-des-bourses-marie-speyer-2025\/#primaryimage\"},\"thumbnailUrl\":\"https:\/\/www.uni.lu\/wp-content\/uploads\/sites\/11\/2025\/06\/10161141\/Marie-Speyer-Grants_2025.jpg\",\"datePublished\":\"2025-06-10T14:13:18+00:00\",\"dateModified\":\"2025-06-10T14:28:01+00:00\",\"description\":\"Cette ann\u00e9e, 61 chercheuses ont postul\u00e9 pour une bourse Marie Speyer, un programme de l'Universit\u00e9 r\u00e9serv\u00e9 aux chercheuses, soit pr\u00e8s de deux fois plus que lors de la premi\u00e8re \u00e9dition l'ann\u00e9e derni\u00e8re.\",\"breadcrumb\":{\"@id\":\"https:\/\/www.uni.lu\/fr\/news\/felicitations-aux-laureates-des-bourses-marie-speyer-2025\/#breadcrumb\"},\"inLanguage\":\"fr-FR\",\"potentialAction\":[{\"@type\":\"ReadAction\",\"target\":[\"https:\/\/www.uni.lu\/fr\/news\/felicitations-aux-laureates-des-bourses-marie-speyer-2025\/\"]}]},{\"@type\":\"ImageObject\",\"inLanguage\":\"fr-FR\",\"@id\":\"https:\/\/www.uni.lu\/fr\/news\/felicitations-aux-laureates-des-bourses-marie-speyer-2025\/#primaryimage\",\"url\":\"https:\/\/www.uni.lu\/wp-content\/uploads\/sites\/11\/2025\/06\/10161141\/Marie-Speyer-Grants_2025.jpg\",\"contentUrl\":\"https:\/\/www.uni.lu\/wp-content\/uploads\/sites\/11\/2025\/06\/10161141\/Marie-Speyer-Grants_2025.jpg\",\"width\":1200,\"height\":800,\"caption\":\"Bourses Marie Speyer\"},{\"@type\":\"BreadcrumbList\",\"@id\":\"https:\/\/www.uni.lu\/fr\/news\/felicitations-aux-laureates-des-bourses-marie-speyer-2025\/#breadcrumb\",\"itemListElement\":[{\"@type\":\"ListItem\",\"position\":1,\"name\":\"Home\",\"item\":\"https:\/\/www.uni.lu\/fr\/\"},{\"@type\":\"ListItem\",\"position\":2,\"name\":\"News\",\"item\":\"https:\/\/www.uni.lu\/fr\/news\/\"},{\"@type\":\"ListItem\",\"position\":3,\"name\":\"F\u00e9licitations aux laur\u00e9ates des bourses Marie Speyer !\"}]},{\"@type\":\"WebSite\",\"@id\":\"https:\/\/www.uni.lu\/fr\/#website\",\"url\":\"https:\/\/www.uni.lu\/fr\/\",\"name\":\"Uni.lu\",\"description\":\"Universit\u00e9 du Luxembourg\",\"publisher\":{\"@id\":\"https:\/\/www.uni.lu\/fr\/#organization\"},\"alternateName\":\"Universit\u00e9 du Luxembourg\",\"potentialAction\":[{\"@type\":\"SearchAction\",\"target\":{\"@type\":\"EntryPoint\",\"urlTemplate\":\"https:\/\/www.uni.lu\/fr\/?s={search_term_string}\"},\"query-input\":\"required name=search_term_string\"}],\"inLanguage\":\"fr-FR\"},{\"@type\":\"Organization\",\"@id\":\"https:\/\/www.uni.lu\/fr\/#organization\",\"name\":\"Universit\u00e9 du Luxembourg\",\"alternateName\":\"Uni.lu\",\"url\":\"https:\/\/www.uni.lu\/fr\/\",\"logo\":{\"@type\":\"ImageObject\",\"inLanguage\":\"fr-FR\",\"@id\":\"https:\/\/www.uni.lu\/fr\/#\/schema\/logo\/image\/\",\"url\":\"https:\/\/www.uni.lu\/wp-content\/uploads\/sites\/11\/2026\/03\/03120045\/UNIV_SM-Profile_1600x1600px-scaled.jpg\",\"contentUrl\":\"https:\/\/www.uni.lu\/wp-content\/uploads\/sites\/11\/2026\/03\/03120045\/UNIV_SM-Profile_1600x1600px-scaled.jpg\",\"width\":2560,\"height\":2560,\"caption\":\"Universit\u00e9 du Luxembourg\"},\"image\":\"https:\/\/www.uni.lu\/wp-content\/uploads\/sites\/11\/2026\/04\/24120552\/20200609-Belval-Campus_Henri-Goergen-23.jpg\",\"sameAs\":[\"https:\/\/www.facebook.com\/uni.lu\",\"https:\/\/www.linkedin.com\/school\/university-of-luxembourg\/\",\"https:\/\/www.instagram.com\/uni.lu\",\"https:\/\/www.youtube.com\/@uni_lu\",\"https:\/\/en.wikipedia.org\/wiki\/University_of_Luxembourg\"],\"email\":\"communication@uni.lu\",\"telephone\":\"+352 46 66 44 1\",\"address\":{\"@type\":\"PostalAddress\",\"streetAddress\":\"2, place de l\u2019Universit\u00e9\",\"addressLocality\":\"Esch-sur-Alzette\",\"postalCode\":\"4365\",\"addressCountry\":\"LU\"},\"description\":\"Universit\u00e9 du Luxembourg\"},{\"@type\":\"Person\",\"@id\":\"https:\/\/www.uni.lu\/fr\/#\/schema\/person\/17dbc4a6ec9d969d266bcfb8d8e06279\",\"name\":\"Eunice\",\"image\":{\"@type\":\"ImageObject\",\"inLanguage\":\"fr-FR\",\"@id\":\"https:\/\/www.uni.lu\/fr\/#\/schema\/person\/image\/\",\"url\":\"https:\/\/secure.gravatar.com\/avatar\/dff9d86d63de4fa4c270ac204a61e8a8?s=96&d=mm&r=g\",\"contentUrl\":\"https:\/\/secure.gravatar.com\/avatar\/dff9d86d63de4fa4c270ac204a61e8a8?s=96&d=mm&r=g\",\"caption\":\"Eunice\"},\"birthDate\":\"1991-12-20\",\"gender\":\"female\",\"jobTitle\":\"Web editor\",\"worksFor\":\"University of Luxembourg\"}]}<\/script>\n<!-- \/ Yoast SEO Premium plugin. -->","yoast_head_json":{"title":"F\u00e9licitations aux laur\u00e9ates des bourses Marie Speyer ! - Universit\u00e9 du Luxembourg","description":"Cette ann\u00e9e, 61 chercheuses ont postul\u00e9 pour une bourse Marie Speyer, un programme de l'Universit\u00e9 r\u00e9serv\u00e9 aux chercheuses, soit pr\u00e8s de deux fois plus que lors de la premi\u00e8re \u00e9dition l'ann\u00e9e derni\u00e8re.","robots":{"index":"index","follow":"follow","max-snippet":"max-snippet:-1","max-image-preview":"max-image-preview:large","max-video-preview":"max-video-preview:-1"},"canonical":"https:\/\/www.uni.lu\/fr\/news\/felicitations-aux-laureates-des-bourses-marie-speyer-2025\/","og_locale":"fr_FR","og_type":"article","og_title":"F\u00e9licitations aux laur\u00e9ates des bourses Marie Speyer !","og_description":"Cette ann\u00e9e, 61 chercheuses ont postul\u00e9 pour une bourse Marie Speyer, un programme de l'Universit\u00e9 r\u00e9serv\u00e9 aux chercheuses, soit pr\u00e8s de deux fois plus que lors de la premi\u00e8re \u00e9dition l'ann\u00e9e derni\u00e8re.","og_url":"https:\/\/www.uni.lu\/fr\/news\/felicitations-aux-laureates-des-bourses-marie-speyer-2025\/","og_site_name":"UNI FR","article_publisher":"https:\/\/www.facebook.com\/uni.lu","article_modified_time":"2025-06-10T14:28:01+00:00","og_image":[{"width":1200,"height":800,"url":"https:\/\/www.uni.lu\/wp-content\/uploads\/sites\/11\/2025\/06\/10161141\/Marie-Speyer-Grants_2025.jpg","type":"image\/jpeg"}],"twitter_card":"summary_large_image","twitter_misc":{"Dur\u00e9e de lecture estim\u00e9e":"1 minute"},"schema":{"@context":"https:\/\/schema.org","@graph":[{"@type":"NewsArticle","@id":"https:\/\/www.uni.lu\/fr\/news\/felicitations-aux-laureates-des-bourses-marie-speyer-2025\/#article","isPartOf":{"@id":"https:\/\/www.uni.lu\/fr\/news\/felicitations-aux-laureates-des-bourses-marie-speyer-2025\/"},"author":{"name":"Eunice","@id":"https:\/\/www.uni.lu\/fr\/#\/schema\/person\/17dbc4a6ec9d969d266bcfb8d8e06279"},"headline":"F\u00e9licitations aux laur\u00e9ates des bourses Marie Speyer !","datePublished":"2025-06-10T14:13:18+00:00","dateModified":"2025-06-10T14:28:01+00:00","mainEntityOfPage":{"@id":"https:\/\/www.uni.lu\/fr\/news\/felicitations-aux-laureates-des-bourses-marie-speyer-2025\/"},"wordCount":110,"publisher":{"@id":"https:\/\/www.uni.lu\/fr\/#organization"},"image":{"@id":"https:\/\/www.uni.lu\/fr\/news\/felicitations-aux-laureates-des-bourses-marie-speyer-2025\/#primaryimage"},"thumbnailUrl":"https:\/\/www.uni.lu\/wp-content\/uploads\/sites\/11\/2025\/06\/10161141\/Marie-Speyer-Grants_2025.jpg","inLanguage":"fr-FR"},{"@type":"WebPage","@id":"https:\/\/www.uni.lu\/fr\/news\/felicitations-aux-laureates-des-bourses-marie-speyer-2025\/","url":"https:\/\/www.uni.lu\/fr\/news\/felicitations-aux-laureates-des-bourses-marie-speyer-2025\/","name":"F\u00e9licitations aux laur\u00e9ates des bourses Marie Speyer ! - Universit\u00e9 du Luxembourg","isPartOf":{"@id":"https:\/\/www.uni.lu\/fr\/#website"},"primaryImageOfPage":{"@id":"https:\/\/www.uni.lu\/fr\/news\/felicitations-aux-laureates-des-bourses-marie-speyer-2025\/#primaryimage"},"image":{"@id":"https:\/\/www.uni.lu\/fr\/news\/felicitations-aux-laureates-des-bourses-marie-speyer-2025\/#primaryimage"},"thumbnailUrl":"https:\/\/www.uni.lu\/wp-content\/uploads\/sites\/11\/2025\/06\/10161141\/Marie-Speyer-Grants_2025.jpg","datePublished":"2025-06-10T14:13:18+00:00","dateModified":"2025-06-10T14:28:01+00:00","description":"Cette ann\u00e9e, 61 chercheuses ont postul\u00e9 pour une bourse Marie Speyer, un programme de l'Universit\u00e9 r\u00e9serv\u00e9 aux chercheuses, soit pr\u00e8s de deux fois plus que lors de la premi\u00e8re \u00e9dition l'ann\u00e9e derni\u00e8re.","breadcrumb":{"@id":"https:\/\/www.uni.lu\/fr\/news\/felicitations-aux-laureates-des-bourses-marie-speyer-2025\/#breadcrumb"},"inLanguage":"fr-FR","potentialAction":[{"@type":"ReadAction","target":["https:\/\/www.uni.lu\/fr\/news\/felicitations-aux-laureates-des-bourses-marie-speyer-2025\/"]}]},{"@type":"ImageObject","inLanguage":"fr-FR","@id":"https:\/\/www.uni.lu\/fr\/news\/felicitations-aux-laureates-des-bourses-marie-speyer-2025\/#primaryimage","url":"https:\/\/www.uni.lu\/wp-content\/uploads\/sites\/11\/2025\/06\/10161141\/Marie-Speyer-Grants_2025.jpg","contentUrl":"https:\/\/www.uni.lu\/wp-content\/uploads\/sites\/11\/2025\/06\/10161141\/Marie-Speyer-Grants_2025.jpg","width":1200,"height":800,"caption":"Bourses Marie Speyer"},{"@type":"BreadcrumbList","@id":"https:\/\/www.uni.lu\/fr\/news\/felicitations-aux-laureates-des-bourses-marie-speyer-2025\/#breadcrumb","itemListElement":[{"@type":"ListItem","position":1,"name":"Home","item":"https:\/\/www.uni.lu\/fr\/"},{"@type":"ListItem","position":2,"name":"News","item":"https:\/\/www.uni.lu\/fr\/news\/"},{"@type":"ListItem","position":3,"name":"F\u00e9licitations aux laur\u00e9ates des bourses Marie Speyer !"}]},{"@type":"WebSite","@id":"https:\/\/www.uni.lu\/fr\/#website","url":"https:\/\/www.uni.lu\/fr\/","name":"Uni.lu","description":"Universit\u00e9 du Luxembourg","publisher":{"@id":"https:\/\/www.uni.lu\/fr\/#organization"},"alternateName":"Universit\u00e9 du Luxembourg","potentialAction":[{"@type":"SearchAction","target":{"@type":"EntryPoint","urlTemplate":"https:\/\/www.uni.lu\/fr\/?s={search_term_string}"},"query-input":"required name=search_term_string"}],"inLanguage":"fr-FR"},{"@type":"Organization","@id":"https:\/\/www.uni.lu\/fr\/#organization","name":"Universit\u00e9 du Luxembourg","alternateName":"Uni.lu","url":"https:\/\/www.uni.lu\/fr\/","logo":{"@type":"ImageObject","inLanguage":"fr-FR","@id":"https:\/\/www.uni.lu\/fr\/#\/schema\/logo\/image\/","url":"https:\/\/www.uni.lu\/wp-content\/uploads\/sites\/11\/2026\/03\/03120045\/UNIV_SM-Profile_1600x1600px-scaled.jpg","contentUrl":"https:\/\/www.uni.lu\/wp-content\/uploads\/sites\/11\/2026\/03\/03120045\/UNIV_SM-Profile_1600x1600px-scaled.jpg","width":2560,"height":2560,"caption":"Universit\u00e9 du Luxembourg"},"image":"https:\/\/www.uni.lu\/wp-content\/uploads\/sites\/11\/2026\/04\/24120552\/20200609-Belval-Campus_Henri-Goergen-23.jpg","sameAs":["https:\/\/www.facebook.com\/uni.lu","https:\/\/www.linkedin.com\/school\/university-of-luxembourg\/","https:\/\/www.instagram.com\/uni.lu","https:\/\/www.youtube.com\/@uni_lu","https:\/\/en.wikipedia.org\/wiki\/University_of_Luxembourg"],"email":"communication@uni.lu","telephone":"+352 46 66 44 1","address":{"@type":"PostalAddress","streetAddress":"2, place de l\u2019Universit\u00e9","addressLocality":"Esch-sur-Alzette","postalCode":"4365","addressCountry":"LU"},"description":"Universit\u00e9 du Luxembourg"},{"@type":"Person","@id":"https:\/\/www.uni.lu\/fr\/#\/schema\/person\/17dbc4a6ec9d969d266bcfb8d8e06279","name":"Eunice","image":{"@type":"ImageObject","inLanguage":"fr-FR","@id":"https:\/\/www.uni.lu\/fr\/#\/schema\/person\/image\/","url":"https:\/\/secure.gravatar.com\/avatar\/dff9d86d63de4fa4c270ac204a61e8a8?s=96&d=mm&r=g","contentUrl":"https:\/\/secure.gravatar.com\/avatar\/dff9d86d63de4fa4c270ac204a61e8a8?s=96&d=mm&r=g","caption":"Eunice"},"birthDate":"1991-12-20","gender":"female","jobTitle":"Web editor","worksFor":"University of Luxembourg"}]}},"blog_id":11,"_links":{"self":[{"href":"https:\/\/www.uni.lu\/fr\/wp-json\/wp\/v2\/news\/15434"}],"collection":[{"href":"https:\/\/www.uni.lu\/fr\/wp-json\/wp\/v2\/news"}],"about":[{"href":"https:\/\/www.uni.lu\/fr\/wp-json\/wp\/v2\/types\/news"}],"author":[{"embeddable":true,"href":"https:\/\/www.uni.lu\/fr\/wp-json\/wp\/v2\/users\/44"}],"version-history":[{"count":4,"href":"https:\/\/www.uni.lu\/fr\/wp-json\/wp\/v2\/news\/15434\/revisions"}],"predecessor-version":[{"id":15441,"href":"https:\/\/www.uni.lu\/fr\/wp-json\/wp\/v2\/news\/15434\/revisions\/15441"}],"wp:authorship":[{"embeddable":true,"href":"https:\/\/www.uni.lu\/fr\/wp-json\/wp\/v2\/users\/44"},{"embeddable":true,"href":"https:\/\/www.uni.lu\/fr\/wp-json\/wp\/v2\/users\/91"}],"wp:featuredmedia":[{"embeddable":true,"href":"https:\/\/www.uni.lu\/fr\/wp-json\/wp\/v2\/media\/15436"}],"wp:attachment":[{"href":"https:\/\/www.uni.lu\/fr\/wp-json\/wp\/v2\/media?parent=15434"}],"wp:term":[{"taxonomy":"news-category","embeddable":true,"href":"https:\/\/www.uni.lu\/fr\/wp-json\/wp\/v2\/news-category?post=15434"},{"taxonomy":"news-topic","embeddable":true,"href":"https:\/\/www.uni.lu\/fr\/wp-json\/wp\/v2\/news-topic?post=15434"},{"taxonomy":"organisation","embeddable":true,"href":"https:\/\/www.uni.lu\/fr\/wp-json\/wp\/v2\/organisation?post=15434"}],"curies":[{"name":"wp","href":"https:\/\/api.w.org\/{rel}","templated":true}]}}