{"id":1541,"date":"2021-10-13T15:44:13","date_gmt":"2021-10-13T15:44:13","guid":{"rendered":"https:\/\/website.prod.unilu.spikeseed.cloud\/fr\/news\/uni-lu-classee-parmi-les-100-premieres-universites-du-monde-en-droit\/"},"modified":"2021-10-13T15:44:13","modified_gmt":"2021-10-13T15:44:13","slug":"uni-lu-classee-parmi-les-100-premieres-universites-du-monde-en-droit","status":"publish","type":"news","link":"https:\/\/www.uni.lu\/fr\/news\/uni-lu-classee-parmi-les-100-premieres-universites-du-monde-en-droit\/","title":{"rendered":"Uni.lu class\u00e9e parmi les 100 premi\u00e8res universit\u00e9s du monde en droit"},"content":{"rendered":"<section class=\"wp-block-unilux-blocks-free-section section\"><div class=\"container xl:max-w-screen-xl\"><p><i>Am\u00e9lioration des classements \u00e9galement en sciences sociales et en \u00e9ducation. <\/i><\/p><p>Le Times Higher Education (THE) a class\u00e9 l&rsquo;Universit\u00e9 du Luxembourg \u00e0 la 92e place <a href=\"https:\/\/wwwen.uni.lu\/fdef\/department_of_law\" target=\"_blank\" title=\"\" rel=\"noopener\"><strong>en droit<\/strong><\/a> parmi 257 universit\u00e9s dans le monde dans son dernier classement par discipline 2022 publi\u00e9 le 13 octobre. C&rsquo;est la premi\u00e8re fois que l&rsquo;Universit\u00e9 figure dans cette cat\u00e9gorie, et elle est parmi les trois nouveaux venus dans le top 100 en droit.<\/p><p>THE a \u00e9galement class\u00e9 l&rsquo;Universit\u00e9 parmi les 176-200 premi\u00e8res universit\u00e9s mondiales en <a href=\"https:\/\/wwwen.uni.lu\/fhse\/research\" target=\"_blank\" title=\"\" rel=\"noopener\"><strong>Sciences sociales<\/strong><\/a> (contre 201-250 dans l&rsquo;\u00e9dition de l&rsquo;ann\u00e9e pr\u00e9c\u00e9dente). Cette cat\u00e9gorie met en \u00e9vidence les universit\u00e9s \u00e0 la pointe dans les disciplines de la communication et des \u00e9tudes des m\u00e9dias, de la politique et des \u00e9tudes internationales (y compris les \u00e9tudes du d\u00e9veloppement), de la sociologie et de la g\u00e9ographie. Le tableau de cette ann\u00e9e comprend 870 universit\u00e9s, contre 791 l&rsquo;ann\u00e9e derni\u00e8re.<\/p><p>Pour le sujet <strong><a href=\"https:\/\/wwwen.uni.lu\/fhse\/research\" target=\"_blank\" title=\"\" rel=\"noopener\">\u00c9ducation<\/a>,<\/strong> THE a \u00e9galement class\u00e9 l&rsquo;Universit\u00e9 dans la cat\u00e9gorie des 176-200 premi\u00e8res universit\u00e9s du monde (contre 201-250 auparavant). Cette cat\u00e9gorie est centr\u00e9e sur l&rsquo;\u00e9ducation, la formation des enseignants et les \u00e9tudes universitaires en \u00e9ducation. Le classement de cette ann\u00e9e comprend 597 universit\u00e9s, contre 537 l&rsquo;ann\u00e9e derni\u00e8re.<\/p><p>Dans le domaine du <a href=\"https:\/\/wwwen.uni.lu\/fdef\/department_of_economics_and_management\" target=\"_blank\" title=\"\" rel=\"noopener\"><strong>commerce et de l&rsquo;\u00e9conomie<\/strong><\/a>, l&rsquo;Universit\u00e9 a \u00e9t\u00e9 class\u00e9e 251-300, contre 201-250 l\u2019an pass\u00e9. Ce classement \u00e9value les universit\u00e9s en fonction de leurs performances dans les disciplines suivantes : commerce et gestion, comptabilit\u00e9 et finance, et \u00e9conomie et \u00e9conom\u00e9trie. Le tableau de cette ann\u00e9e comprend 795 universit\u00e9s, contre 729 l&rsquo;ann\u00e9e derni\u00e8re.<\/p><\/div><\/section>","protected":false},"excerpt":{"rendered":"<p>Am\u00e9lioration des classements \u00e9galement en sciences sociales et en \u00e9ducation.<\/p>\n","protected":false},"author":0,"featured_media":0,"template":"","format":"standard","meta":{"featured_image_focal_point":[],"show_featured_caption":false,"ulux_newsletter_groups":"","uluxPostTitle":"","uluxPrePostTitle":"","_trash_the_other_posts":false,"_price":"","_stock":"","_tribe_ticket_header":"","_tribe_default_ticket_provider":"","_tribe_ticket_capacity":"0","_ticket_start_date":"","_ticket_end_date":"","_tribe_ticket_show_description":"","_tribe_ticket_show_not_going":false,"_tribe_ticket_use_global_stock":"","_tribe_ticket_global_stock_level":"","_global_stock_mode":"","_global_stock_cap":"","_tribe_rsvp_for_event":"","_tribe_ticket_going_count":"","_tribe_ticket_not_going_count":"","_tribe_tickets_list":"[]","_tribe_ticket_has_attendee_info_fields":false},"news-category":[3],"news-topic":[],"organisation":[101,147,226],"authorship":[],"acf":[],"yoast_head":"<!-- This site is optimized with the Yoast SEO Premium plugin v22.3 (Yoast SEO v22.3) - https:\/\/yoast.com\/wordpress\/plugins\/seo\/ -->\n<title>Uni.lu class\u00e9e parmi les 100 premi\u00e8res universit\u00e9s du monde en droit - Universit\u00e9 du Luxembourg<\/title>\n<meta name=\"description\" content=\"Am\u00e9lioration des classements \u00e9galement en sciences sociales et en \u00e9ducation.\" \/>\n<meta name=\"robots\" content=\"index, follow, max-snippet:-1, max-image-preview:large, max-video-preview:-1\" \/>\n<link rel=\"canonical\" href=\"https:\/\/www.uni.lu\/fr\/news\/\" \/>\n<meta property=\"og:locale\" content=\"fr_FR\" \/>\n<meta property=\"og:type\" content=\"article\" \/>\n<meta property=\"og:title\" content=\"Uni.lu class\u00e9e parmi les 100 premi\u00e8res universit\u00e9s du monde en droit\" \/>\n<meta property=\"og:description\" content=\"Am\u00e9lioration des classements \u00e9galement en sciences sociales et en \u00e9ducation.\" \/>\n<meta property=\"og:url\" content=\"https:\/\/www.uni.lu\/fr\/news\/\" \/>\n<meta property=\"og:site_name\" content=\"UNI FR\" \/>\n<meta property=\"article:publisher\" content=\"https:\/\/www.facebook.com\/uni.lu\" \/>\n<meta property=\"og:image\" content=\"https:\/\/www.uni.lu\/wp-content\/uploads\/sites\/11\/2021\/10\/uni_lu_classee_parmi_les_100_premieres_universites_du_monde_en_droit.jpg\" \/>\n\t<meta property=\"og:image:width\" content=\"800\" \/>\n\t<meta property=\"og:image:height\" content=\"600\" \/>\n\t<meta property=\"og:image:type\" content=\"image\/jpeg\" \/>\n<meta name=\"twitter:card\" content=\"summary_large_image\" \/>\n<meta name=\"twitter:label1\" content=\"Dur\u00e9e de lecture estim\u00e9e\" \/>\n\t<meta name=\"twitter:data1\" content=\"1 minute\" \/>\n<script type=\"application\/ld+json\" class=\"yoast-schema-graph\">{\"@context\":\"https:\/\/schema.org\",\"@graph\":[{\"@type\":\"NewsArticle\",\"@id\":\"https:\/\/www.uni.lu\/fr\/news\/#article\",\"isPartOf\":{\"@id\":\"https:\/\/www.uni.lu\/fr\/news\/\"},\"author\":{\"name\":\"\",\"@id\":\"\"},\"headline\":\"Uni.lu class\u00e9e parmi les 100 premi\u00e8res universit\u00e9s du monde en droit\",\"datePublished\":\"2021-10-13T15:44:13+00:00\",\"dateModified\":\"2021-10-13T15:44:13+00:00\",\"mainEntityOfPage\":{\"@id\":\"https:\/\/www.uni.lu\/fr\/news\/\"},\"wordCount\":293,\"publisher\":{\"@id\":\"https:\/\/www.uni.lu\/fr\/#organization\"},\"inLanguage\":\"fr-FR\"},{\"@type\":\"WebPage\",\"@id\":\"https:\/\/www.uni.lu\/fr\/news\/\",\"url\":\"https:\/\/www.uni.lu\/fr\/news\/\",\"name\":\"Uni.lu class\u00e9e parmi les 100 premi\u00e8res universit\u00e9s du monde en droit - Universit\u00e9 du Luxembourg\",\"isPartOf\":{\"@id\":\"https:\/\/www.uni.lu\/fr\/#website\"},\"datePublished\":\"2021-10-13T15:44:13+00:00\",\"dateModified\":\"2021-10-13T15:44:13+00:00\",\"description\":\"Am\u00e9lioration des classements \u00e9galement en sciences sociales et en \u00e9ducation.\",\"breadcrumb\":{\"@id\":\"https:\/\/www.uni.lu\/fr\/news\/#breadcrumb\"},\"inLanguage\":\"fr-FR\",\"potentialAction\":[{\"@type\":\"ReadAction\",\"target\":[\"https:\/\/www.uni.lu\/fr\/news\/\"]}]},{\"@type\":\"BreadcrumbList\",\"@id\":\"https:\/\/www.uni.lu\/fr\/news\/#breadcrumb\",\"itemListElement\":[{\"@type\":\"ListItem\",\"position\":1,\"name\":\"Home\",\"item\":\"https:\/\/www.uni.lu\/fr\/\"},{\"@type\":\"ListItem\",\"position\":2,\"name\":\"News\",\"item\":\"https:\/\/www.uni.lu\/fr\/news\/\"},{\"@type\":\"ListItem\",\"position\":3,\"name\":\"Uni.lu class\u00e9e parmi les 100 premi\u00e8res universit\u00e9s du monde en droit\"}]},{\"@type\":\"WebSite\",\"@id\":\"https:\/\/www.uni.lu\/fr\/#website\",\"url\":\"https:\/\/www.uni.lu\/fr\/\",\"name\":\"Uni.lu\",\"description\":\"Universit\u00e9 du Luxembourg\",\"publisher\":{\"@id\":\"https:\/\/www.uni.lu\/fr\/#organization\"},\"alternateName\":\"Universit\u00e9 du Luxembourg\",\"potentialAction\":[{\"@type\":\"SearchAction\",\"target\":{\"@type\":\"EntryPoint\",\"urlTemplate\":\"https:\/\/www.uni.lu\/fr\/?s={search_term_string}\"},\"query-input\":\"required name=search_term_string\"}],\"inLanguage\":\"fr-FR\"},{\"@type\":\"Organization\",\"@id\":\"https:\/\/www.uni.lu\/fr\/#organization\",\"name\":\"Universit\u00e9 du Luxembourg\",\"alternateName\":\"Uni.lu\",\"url\":\"https:\/\/www.uni.lu\/fr\/\",\"logo\":{\"@type\":\"ImageObject\",\"inLanguage\":\"fr-FR\",\"@id\":\"https:\/\/www.uni.lu\/fr\/#\/schema\/logo\/image\/\",\"url\":\"https:\/\/www.uni.lu\/wp-content\/uploads\/sites\/11\/2026\/03\/03120045\/UNIV_SM-Profile_1600x1600px-scaled.jpg\",\"contentUrl\":\"https:\/\/www.uni.lu\/wp-content\/uploads\/sites\/11\/2026\/03\/03120045\/UNIV_SM-Profile_1600x1600px-scaled.jpg\",\"width\":2560,\"height\":2560,\"caption\":\"Universit\u00e9 du Luxembourg\"},\"image\":\"https:\/\/www.uni.lu\/wp-content\/uploads\/sites\/11\/2026\/04\/24120552\/20200609-Belval-Campus_Henri-Goergen-23.jpg\",\"sameAs\":[\"https:\/\/www.facebook.com\/uni.lu\",\"https:\/\/www.linkedin.com\/school\/university-of-luxembourg\/\",\"https:\/\/www.instagram.com\/uni.lu\",\"https:\/\/www.youtube.com\/@uni_lu\",\"https:\/\/en.wikipedia.org\/wiki\/University_of_Luxembourg\"],\"email\":\"communication@uni.lu\",\"telephone\":\"+352 46 66 44 1\",\"address\":{\"@type\":\"PostalAddress\",\"streetAddress\":\"2, place de l\u2019Universit\u00e9\",\"addressLocality\":\"Esch-sur-Alzette\",\"postalCode\":\"4365\",\"addressCountry\":\"LU\"},\"description\":\"Universit\u00e9 du Luxembourg\"}]}<\/script>\n<!-- \/ Yoast SEO Premium plugin. -->","yoast_head_json":{"title":"Uni.lu class\u00e9e parmi les 100 premi\u00e8res universit\u00e9s du monde en droit - Universit\u00e9 du Luxembourg","description":"Am\u00e9lioration des classements \u00e9galement en sciences sociales et en \u00e9ducation.","robots":{"index":"index","follow":"follow","max-snippet":"max-snippet:-1","max-image-preview":"max-image-preview:large","max-video-preview":"max-video-preview:-1"},"canonical":"https:\/\/www.uni.lu\/fr\/news\/","og_locale":"fr_FR","og_type":"article","og_title":"Uni.lu class\u00e9e parmi les 100 premi\u00e8res universit\u00e9s du monde en droit","og_description":"Am\u00e9lioration des classements \u00e9galement en sciences sociales et en \u00e9ducation.","og_url":"https:\/\/www.uni.lu\/fr\/news\/","og_site_name":"UNI FR","article_publisher":"https:\/\/www.facebook.com\/uni.lu","og_image":[{"width":800,"height":600,"url":"https:\/\/www.uni.lu\/wp-content\/uploads\/sites\/11\/2021\/10\/uni_lu_classee_parmi_les_100_premieres_universites_du_monde_en_droit.jpg","type":"image\/jpeg"}],"twitter_card":"summary_large_image","twitter_misc":{"Dur\u00e9e de lecture estim\u00e9e":"1 minute"},"schema":{"@context":"https:\/\/schema.org","@graph":[{"@type":"NewsArticle","@id":"https:\/\/www.uni.lu\/fr\/news\/#article","isPartOf":{"@id":"https:\/\/www.uni.lu\/fr\/news\/"},"author":{"name":"","@id":""},"headline":"Uni.lu class\u00e9e parmi les 100 premi\u00e8res universit\u00e9s du monde en droit","datePublished":"2021-10-13T15:44:13+00:00","dateModified":"2021-10-13T15:44:13+00:00","mainEntityOfPage":{"@id":"https:\/\/www.uni.lu\/fr\/news\/"},"wordCount":293,"publisher":{"@id":"https:\/\/www.uni.lu\/fr\/#organization"},"inLanguage":"fr-FR"},{"@type":"WebPage","@id":"https:\/\/www.uni.lu\/fr\/news\/","url":"https:\/\/www.uni.lu\/fr\/news\/","name":"Uni.lu class\u00e9e parmi les 100 premi\u00e8res universit\u00e9s du monde en droit - Universit\u00e9 du Luxembourg","isPartOf":{"@id":"https:\/\/www.uni.lu\/fr\/#website"},"datePublished":"2021-10-13T15:44:13+00:00","dateModified":"2021-10-13T15:44:13+00:00","description":"Am\u00e9lioration des classements \u00e9galement en sciences sociales et en \u00e9ducation.","breadcrumb":{"@id":"https:\/\/www.uni.lu\/fr\/news\/#breadcrumb"},"inLanguage":"fr-FR","potentialAction":[{"@type":"ReadAction","target":["https:\/\/www.uni.lu\/fr\/news\/"]}]},{"@type":"BreadcrumbList","@id":"https:\/\/www.uni.lu\/fr\/news\/#breadcrumb","itemListElement":[{"@type":"ListItem","position":1,"name":"Home","item":"https:\/\/www.uni.lu\/fr\/"},{"@type":"ListItem","position":2,"name":"News","item":"https:\/\/www.uni.lu\/fr\/news\/"},{"@type":"ListItem","position":3,"name":"Uni.lu class\u00e9e parmi les 100 premi\u00e8res universit\u00e9s du monde en droit"}]},{"@type":"WebSite","@id":"https:\/\/www.uni.lu\/fr\/#website","url":"https:\/\/www.uni.lu\/fr\/","name":"Uni.lu","description":"Universit\u00e9 du Luxembourg","publisher":{"@id":"https:\/\/www.uni.lu\/fr\/#organization"},"alternateName":"Universit\u00e9 du Luxembourg","potentialAction":[{"@type":"SearchAction","target":{"@type":"EntryPoint","urlTemplate":"https:\/\/www.uni.lu\/fr\/?s={search_term_string}"},"query-input":"required name=search_term_string"}],"inLanguage":"fr-FR"},{"@type":"Organization","@id":"https:\/\/www.uni.lu\/fr\/#organization","name":"Universit\u00e9 du Luxembourg","alternateName":"Uni.lu","url":"https:\/\/www.uni.lu\/fr\/","logo":{"@type":"ImageObject","inLanguage":"fr-FR","@id":"https:\/\/www.uni.lu\/fr\/#\/schema\/logo\/image\/","url":"https:\/\/www.uni.lu\/wp-content\/uploads\/sites\/11\/2026\/03\/03120045\/UNIV_SM-Profile_1600x1600px-scaled.jpg","contentUrl":"https:\/\/www.uni.lu\/wp-content\/uploads\/sites\/11\/2026\/03\/03120045\/UNIV_SM-Profile_1600x1600px-scaled.jpg","width":2560,"height":2560,"caption":"Universit\u00e9 du Luxembourg"},"image":"https:\/\/www.uni.lu\/wp-content\/uploads\/sites\/11\/2026\/04\/24120552\/20200609-Belval-Campus_Henri-Goergen-23.jpg","sameAs":["https:\/\/www.facebook.com\/uni.lu","https:\/\/www.linkedin.com\/school\/university-of-luxembourg\/","https:\/\/www.instagram.com\/uni.lu","https:\/\/www.youtube.com\/@uni_lu","https:\/\/en.wikipedia.org\/wiki\/University_of_Luxembourg"],"email":"communication@uni.lu","telephone":"+352 46 66 44 1","address":{"@type":"PostalAddress","streetAddress":"2, place de l\u2019Universit\u00e9","addressLocality":"Esch-sur-Alzette","postalCode":"4365","addressCountry":"LU"},"description":"Universit\u00e9 du Luxembourg"}]}},"blog_id":11,"_links":{"self":[{"href":"https:\/\/www.uni.lu\/fr\/wp-json\/wp\/v2\/news\/1541"}],"collection":[{"href":"https:\/\/www.uni.lu\/fr\/wp-json\/wp\/v2\/news"}],"about":[{"href":"https:\/\/www.uni.lu\/fr\/wp-json\/wp\/v2\/types\/news"}],"version-history":[{"count":0,"href":"https:\/\/www.uni.lu\/fr\/wp-json\/wp\/v2\/news\/1541\/revisions"}],"wp:attachment":[{"href":"https:\/\/www.uni.lu\/fr\/wp-json\/wp\/v2\/media?parent=1541"}],"wp:term":[{"taxonomy":"news-category","embeddable":true,"href":"https:\/\/www.uni.lu\/fr\/wp-json\/wp\/v2\/news-category?post=1541"},{"taxonomy":"news-topic","embeddable":true,"href":"https:\/\/www.uni.lu\/fr\/wp-json\/wp\/v2\/news-topic?post=1541"},{"taxonomy":"organisation","embeddable":true,"href":"https:\/\/www.uni.lu\/fr\/wp-json\/wp\/v2\/organisation?post=1541"}],"curies":[{"name":"wp","href":"https:\/\/api.w.org\/{rel}","templated":true}]}}