{"id":1539,"date":"2021-10-13T12:59:42","date_gmt":"2021-10-13T12:59:42","guid":{"rendered":"https:\/\/website.prod.unilu.spikeseed.cloud\/fr\/news\/10-ans-de-la-ses-chair-in-space-satcom-and-media-law\/"},"modified":"2021-10-13T12:59:42","modified_gmt":"2021-10-13T12:59:42","slug":"10-ans-de-la-ses-chair-in-space-satcom-and-media-law","status":"publish","type":"news","link":"https:\/\/www.uni.lu\/fr\/news\/10-ans-de-la-ses-chair-in-space-satcom-and-media-law\/","title":{"rendered":"10 ans de la SES Chair in Space, SatCom and Media Law"},"content":{"rendered":"<section class=\"wp-block-unilux-blocks-free-section section\"><div class=\"container xl:max-w-screen-xl\"><p>En septembre\u00a02021, l\u2019Universit\u00e9 du Luxembourg a officiellement c\u00e9l\u00e9br\u00e9 le 10e anniversaire de la chaire \u00ab\u00a0SES Chair in Space, SatCom and Media Law\u00a0\u00bb.<\/p><p>Au fil d\u2019une d\u00e9cennie d\u2019existence, la chaire a soutenu 85\u00a0\u00e9tudiants du Master in Space, Communication and Media Law, et 7\u00a0doctorants\u00a0; elle a g\u00e9n\u00e9r\u00e9 plus de 100\u00a0publications scientifiques, et a contribu\u00e9 une expertise juridique \u00e0 de nombreux ateliers, conf\u00e9rences et autres \u00e9v\u00e9nements dans les secteurs public et priv\u00e9. La chaire est administr\u00e9e par la Facult\u00e9 de Droit, d\u2019\u00c9conomie et de Finance (FDEF) et sa titulaire est la professeure <a href=\"https:\/\/wwwen.uni.lu\/fdef\/departement_droit\/equipe\/mahulena_hofmann\" target=\"_self\" title=\"\" rel=\"noopener\">Mahulena Hofmann<\/a>.<\/p>\n<h4 class=\"has-text-align-left wp-block-unilux-blocks-heading\"        id=\"un-partenariat-fort-avec-ses-principal-proprietaire-et-exploitant-de-satellites-base-au-luxembourg\"\n    >\nUn partenariat fort avec SES, principal propri\u00e9taire et exploitant de satellites bas\u00e9 au Luxembourg<\/h4>\n<p>Les objectifs de chaire en termes de recherche, d\u2019enseignement et de r\u00e9seaux portent sur les probl\u00e8mes de l\u00e9gislation et de r\u00e9glementation dans le cadre des communications par satellite et autres activit\u00e9s spatiales. Depuis l\u2019inauguration de la chaire en 2010, la Facult\u00e9 a travaill\u00e9 en \u00e9troite collaboration avec SES, l\u2019un des principaux propri\u00e9taires et exploitants de satellites au monde, bas\u00e9 \u00e0 Betzdorf au Luxembourg, visant \u00e0 d\u00e9velopper un mod\u00e8le de coop\u00e9ration convivial et efficace. La chaire SES est l\u2019une des plus anciennes chaires de l\u2019Universit\u00e9.<\/p><p>Le partenariat ouvre de nombreuses opportunit\u00e9s de collaboration, notamment l\u2019accueil d\u2019experts SES dans des cours et des conf\u00e9rences, l\u2019organisation conjointe d\u2019un colloque annuel pour \u00e9voquer les questions de r\u00e9glementation, ainsi que le placement de stagiaires et de chercheurs postdoctoraux au sein de l\u2019entreprise. Gr\u00e2ce \u00e0 cette \u00e9troite collaboration, les \u00e9tudiants du <a href=\"https:\/\/wwwen.uni.lu\/studies\/fdef\/master_in_space_communication_and_media_law_ll_m\" target=\"_self\" title=\"\" rel=\"noopener\">Master in Space, Communication and Media Law<\/a>, fond\u00e9 en 2016, ont la possibilit\u00e9 d\u2019acqu\u00e9rir une exp\u00e9rience pratique dans le domaine du droit aupr\u00e8s d\u2019un leader mondial du secteur. Depuis l\u2019ann\u00e9e acad\u00e9mique\u00a02016-2017, 85\u00a0\u00e9tudiants de 20\u00a0nationalit\u00e9s ont obtenu un dipl\u00f4me LL.M et d\u00e9but\u00e9 leur carri\u00e8re dans les secteurs public et priv\u00e9.<\/p><p><strong>Aider \u00e0 construire un cadre juridique stable pour d\u00e9velopper le secteur<\/strong><\/p><p>De par la loi sur l\u2019exploration et l\u2019utilisation des ressources de l\u2019espace et la loi g\u00e9n\u00e9rale sur les activit\u00e9s spatiales (2020), le Luxembourg a \u00e9t\u00e9 l\u2019un des premiers pays \u00e0 adopter un cadre r\u00e9glementaire pour l\u00e9gif\u00e9rer sur les activit\u00e9s li\u00e9es \u00e0 l\u2019espace, telles que le lancement d\u2019objets dans l\u2019espace et l\u2019exploitation mini\u00e8re. Outre l\u2019expertise juridique fournie au gouvernement luxembourgeois lors de la r\u00e9daction de la l\u00e9gislation, la chaire est actuellement impliqu\u00e9e dans l\u2019\u00e9laboration de commentaires sur la r\u00e9cente l\u00e9gislation spatiale du Luxembourg. Cette interpr\u00e9tation des lois servira d\u2019outil pratique pour les op\u00e9rateurs, en leur fournissant notamment des informations sur la mani\u00e8re de solliciter des autorisations de lancement de satellites ou d\u2019appareils de recherche.<\/p><p>Au-del\u00e0 des fronti\u00e8res luxembourgeoises, les activit\u00e9s de la chaire s\u2019\u00e9tendent \u00e0 l\u2019\u00e9chelle mondiale, \u00e0 l\u2019instar du soutien apport\u00e9 au Bureau des affaires spatiales des Nations unies (UNOOSA) dans la cr\u00e9ation de modules de cours virtuels sur le droit de l\u2019espace, ainsi qu\u2019au niveau europ\u00e9en, \u00e0 l\u2019exemple de la cr\u00e9ation d\u2019une <a href=\"https:\/\/universeh.eu\/\" target=\"_blank\" title=\"\" rel=\"noopener\">Universit\u00e9 europ\u00e9enne de l\u2019espace- Universeh<\/a>.<\/p><p><strong>Une \u00e9quipe de chercheurs et d\u2019\u00e9ducateurs hautement qualifi\u00e9s et dynamiques<\/strong><\/p><p>L\u2019\u00e9quipe de la chaire est compos\u00e9e de sa titulaire,\u00a0 Prof. Mahulena Hofmann, qui d\u00e9tient la chaire SES et co-dirige le Master, est membre du conseil de l\u2019International Institute of Space Law (IISL) et laur\u00e9ate du prix\u00a02020 Distinguished Service Award, ainsi que du Dr PJ Blount, chercheur postdoctoral, secr\u00e9taire ex\u00e9cutif de l\u2019IISL,\u00a0 r\u00e9cipiendaire de la bourse du FNR\u00a0\u00ab\u00a0Cybersecurity for the Space Industry \u00bb &#8211; une collaboration financ\u00e9e de mani\u00e8re ind\u00e9pendante entre SES et l\u2019Universit\u00e9 du Luxembourg.<\/p><p>Quatre chercheurs doctoraux sont aujourd\u2019hui en activit\u00e9\u00a0: Gabrielle Leterre, Laetitia Zarkan, Antonino Salmeri et Ella Homov. Antonino Salmeri occupe deux postes de direction au sein du Space Generation Advisory Council (SGAC) : il est co-directeur du groupe \u00ab\u00a0Space Exploration Project Group\u00a0\u00bb et chef de l\u2019\u00e9quipe d\u2019action E.A.G.L.E. (Action Team on Lunar Governance)\u00a0; il a publi\u00e9 le <a href=\"https:\/\/wwwfr.uni.lu\/fdef\/actualites\/antonino_salmeri_and_eagle_team_release_lunar_governance_report\" target=\"_blank\" title=\"\" rel=\"noopener\">Manifeste lunaire<\/a> cette ann\u00e9e.<\/p><p>Aux c\u00f4t\u00e9s des quatre doctorants actuels, la chaire a \u00e9galement accueilli quatre chercheurs doctorants au cours des dix derni\u00e8res ann\u00e9es\u00a0: Andreas Loukakis, Simona Spassova, Sandra Cabrera-Alvarado et Federico Bergamasco. Gr\u00e2ce au travail de l\u2019\u00e9quipe, plus de 100\u00a0publications ont \u00e9t\u00e9 r\u00e9alis\u00e9es, y compris un la mise \u00e0 jour d\u2019un manuel destin\u00e9 aux \u00e9tudiants du programme de Master\u00a0: \u00ab\u00a0L\u2019introduction au droit de l\u2019espace\u00a0\u00bb, (4<sup>e<\/sup> \u00e9dition r\u00e9dig\u00e9e en 2019 par M. Hofmann en collaboration avec Tanja Masson Zwaan).<\/p><p>\u00ab\u00a0Dix ann\u00e9es de travail au sein de la chaire SES constituent un bilan tr\u00e8s gratifiant\u00a0\u00bb explique la Prof. Hofmann. \u00ab\u00a0C\u2019est un grand plaisir de travailler avec les \u00e9tudiants et de participer \u00e0 l\u2019\u00e9change d\u2019opinions avec des coll\u00e8gues internationaux et europ\u00e9ens. L\u2019espace n\u2019est pas une cr\u00e9ation de science-fiction, il entre dans nos foyers gr\u00e2ce \u00e0 la communication et la navigation, et il est important de conna\u00eetre ses droits. On ne conduirait pas une voiture sans le permis de conduire et dans la mauvaise direction \u2013 c\u2019est la m\u00eame chose dans l\u2019espace\u00a0!\u00a0\u00bb<\/p>\n<h4 class=\"has-text-align-left wp-block-unilux-blocks-heading\"        id=\"ses-et-luniversite\"\n    >\nSES et l\u2019Universit\u00e9<\/h4>\n<p>Outre un partenariat fructueux dans le domaine de l&rsquo;enseignement sup\u00e9rieur, SES et l&rsquo;Universit\u00e9 du Luxembourg coop\u00e8rent depuis longtemps en recherche et d\u00e9veloppement (R&#038;D). L\u2019Interdisciplinary Centre for Security, Reliability and Trust (SnT) de l&rsquo;Universit\u00e9 s&rsquo;est notamment r\u00e9guli\u00e8rement associ\u00e9 \u00e0 SES pour des recherches de pointe sur la communication par satellite et les r\u00e9seaux de connectivit\u00e9 de nouvelle g\u00e9n\u00e9ration. La collaboration entre le SnT et SES inclut des projets dans le cadre de l&rsquo;IPBG (Industrial Partnership Block Grant) du FNR, des initiatives de l&rsquo;Agence spatiale europ\u00e9enne (ESA), du programme H2020 de la Commission europ\u00e9enne et des programmes nationaux d\u2019exp\u00e9rimentation de la 5\u00ab Alors que le monde entre dans l&rsquo;\u00e8re de la connectivit\u00e9 et des technologies spatiales de nouvelle g\u00e9n\u00e9ration, une approche globale, \u00e9volutive et moderne du cadre juridique est n\u00e9cessaire \u00bb, a d\u00e9clar\u00e9 Thai Rubin, Chief Legal Officer chez SES. \u00ab Le Luxembourg a des d\u00e9cennies d&rsquo;exp\u00e9rience dans la conduite d&rsquo;initiatives de l&rsquo;espace r\u00e9volutionnaires qui b\u00e9n\u00e9ficient au monde entier, ainsi que dans les aspects juridiques qui vont de pair avec un tel leadership. Le pays est ainsi bien plac\u00e9 pour faire avancer la l\u00e9gislation pertinente. En tant qu&rsquo;entreprise profond\u00e9ment enracin\u00e9e dans ce pays, nous sommes ravis d&rsquo;apporter notre expertise et de soutenir le d\u00e9veloppement des lois de l&rsquo;espace, qui m\u00e8neront \u00e0 de nouveaux succ\u00e8s dans ce domaine au Luxembourg et bien au-del\u00e0.\u00a0\u00bb<\/p><p>\u00a9 Universit\u00e9 du Luxembourg<\/p><\/div><\/section>","protected":false},"excerpt":{"rendered":"<p>En septembre\u00a02021, l\u2019Universit\u00e9 du Luxembourg a officiellement c\u00e9l\u00e9br\u00e9 le 10e anniversaire de la chaire \u00ab\u00a0SES Chair in Space, SatCom and Media Law\u00a0\u00bb.<\/p>\n","protected":false},"author":0,"featured_media":0,"template":"","format":"standard","meta":{"featured_image_focal_point":[],"show_featured_caption":false,"ulux_newsletter_groups":"","uluxPostTitle":"","uluxPrePostTitle":"","_trash_the_other_posts":false,"_price":"","_stock":"","_tribe_ticket_header":"","_tribe_default_ticket_provider":"","_tribe_ticket_capacity":"0","_ticket_start_date":"","_ticket_end_date":"","_tribe_ticket_show_description":"","_tribe_ticket_show_not_going":false,"_tribe_ticket_use_global_stock":"","_tribe_ticket_global_stock_level":"","_global_stock_mode":"","_global_stock_cap":"","_tribe_rsvp_for_event":"","_tribe_ticket_going_count":"","_tribe_ticket_not_going_count":"","_tribe_tickets_list":"[]","_tribe_ticket_has_attendee_info_fields":false},"news-category":[3],"news-topic":[],"organisation":[226],"authorship":[],"acf":[],"yoast_head":"<!-- This site is optimized with the Yoast SEO Premium plugin v22.3 (Yoast SEO v22.3) - https:\/\/yoast.com\/wordpress\/plugins\/seo\/ -->\n<title>10 ans de la SES Chair in Space, SatCom and Media Law - Universit\u00e9 du Luxembourg<\/title>\n<meta name=\"description\" content=\"En septembre\u00a02021, l\u2019Universit\u00e9 du Luxembourg a officiellement c\u00e9l\u00e9br\u00e9 le 10e anniversaire de la chaire \u00ab\u00a0SES Chair in Space, SatCom and Media Law\u00a0\u00bb.\" \/>\n<meta name=\"robots\" content=\"index, follow, max-snippet:-1, max-image-preview:large, max-video-preview:-1\" \/>\n<link rel=\"canonical\" href=\"https:\/\/www.uni.lu\/fr\/news\/\" \/>\n<meta property=\"og:locale\" content=\"fr_FR\" \/>\n<meta property=\"og:type\" content=\"article\" \/>\n<meta property=\"og:title\" content=\"10 ans de la SES Chair in Space, SatCom and Media Law\" \/>\n<meta property=\"og:description\" content=\"En septembre\u00a02021, l\u2019Universit\u00e9 du Luxembourg a officiellement c\u00e9l\u00e9br\u00e9 le 10e anniversaire de la chaire \u00ab\u00a0SES Chair in Space, SatCom and Media Law\u00a0\u00bb.\" \/>\n<meta property=\"og:url\" content=\"https:\/\/www.uni.lu\/fr\/news\/\" \/>\n<meta property=\"og:site_name\" content=\"UNI FR\" \/>\n<meta property=\"article:publisher\" content=\"https:\/\/www.facebook.com\/uni.lu\" \/>\n<meta property=\"og:image\" content=\"https:\/\/www.uni.lu\/wp-content\/uploads\/sites\/11\/2021\/10\/10_ans_de_la_ses_chair_in_space_satcom_and_media_law.jpg\" \/>\n\t<meta property=\"og:image:width\" content=\"800\" \/>\n\t<meta property=\"og:image:height\" content=\"600\" \/>\n\t<meta property=\"og:image:type\" content=\"image\/jpeg\" \/>\n<meta name=\"twitter:card\" content=\"summary_large_image\" \/>\n<meta name=\"twitter:label1\" content=\"Dur\u00e9e de lecture estim\u00e9e\" \/>\n\t<meta name=\"twitter:data1\" content=\"6 minutes\" \/>\n<script type=\"application\/ld+json\" class=\"yoast-schema-graph\">{\"@context\":\"https:\/\/schema.org\",\"@graph\":[{\"@type\":\"NewsArticle\",\"@id\":\"https:\/\/www.uni.lu\/fr\/news\/#article\",\"isPartOf\":{\"@id\":\"https:\/\/www.uni.lu\/fr\/news\/\"},\"author\":{\"name\":\"\",\"@id\":\"\"},\"headline\":\"10 ans de la SES Chair in Space, SatCom and Media Law\",\"datePublished\":\"2021-10-13T12:59:42+00:00\",\"dateModified\":\"2021-10-13T12:59:42+00:00\",\"mainEntityOfPage\":{\"@id\":\"https:\/\/www.uni.lu\/fr\/news\/\"},\"wordCount\":1160,\"publisher\":{\"@id\":\"https:\/\/www.uni.lu\/fr\/#organization\"},\"inLanguage\":\"fr-FR\"},{\"@type\":\"WebPage\",\"@id\":\"https:\/\/www.uni.lu\/fr\/news\/\",\"url\":\"https:\/\/www.uni.lu\/fr\/news\/\",\"name\":\"10 ans de la SES Chair in Space, SatCom and Media Law - Universit\u00e9 du Luxembourg\",\"isPartOf\":{\"@id\":\"https:\/\/www.uni.lu\/fr\/#website\"},\"datePublished\":\"2021-10-13T12:59:42+00:00\",\"dateModified\":\"2021-10-13T12:59:42+00:00\",\"description\":\"En septembre\u00a02021, l\u2019Universit\u00e9 du Luxembourg a officiellement c\u00e9l\u00e9br\u00e9 le 10e anniversaire de la chaire \u00ab\u00a0SES Chair in Space, SatCom and Media Law\u00a0\u00bb.\",\"breadcrumb\":{\"@id\":\"https:\/\/www.uni.lu\/fr\/news\/#breadcrumb\"},\"inLanguage\":\"fr-FR\",\"potentialAction\":[{\"@type\":\"ReadAction\",\"target\":[\"https:\/\/www.uni.lu\/fr\/news\/\"]}]},{\"@type\":\"BreadcrumbList\",\"@id\":\"https:\/\/www.uni.lu\/fr\/news\/#breadcrumb\",\"itemListElement\":[{\"@type\":\"ListItem\",\"position\":1,\"name\":\"Home\",\"item\":\"https:\/\/www.uni.lu\/fr\/\"},{\"@type\":\"ListItem\",\"position\":2,\"name\":\"News\",\"item\":\"https:\/\/www.uni.lu\/fr\/news\/\"},{\"@type\":\"ListItem\",\"position\":3,\"name\":\"10 ans de la SES Chair in Space, SatCom and Media Law\"}]},{\"@type\":\"WebSite\",\"@id\":\"https:\/\/www.uni.lu\/fr\/#website\",\"url\":\"https:\/\/www.uni.lu\/fr\/\",\"name\":\"Uni.lu\",\"description\":\"Universit\u00e9 du Luxembourg\",\"publisher\":{\"@id\":\"https:\/\/www.uni.lu\/fr\/#organization\"},\"alternateName\":\"Universit\u00e9 du Luxembourg\",\"potentialAction\":[{\"@type\":\"SearchAction\",\"target\":{\"@type\":\"EntryPoint\",\"urlTemplate\":\"https:\/\/www.uni.lu\/fr\/?s={search_term_string}\"},\"query-input\":\"required name=search_term_string\"}],\"inLanguage\":\"fr-FR\"},{\"@type\":\"Organization\",\"@id\":\"https:\/\/www.uni.lu\/fr\/#organization\",\"name\":\"Universit\u00e9 du Luxembourg\",\"alternateName\":\"Uni.lu\",\"url\":\"https:\/\/www.uni.lu\/fr\/\",\"logo\":{\"@type\":\"ImageObject\",\"inLanguage\":\"fr-FR\",\"@id\":\"https:\/\/www.uni.lu\/fr\/#\/schema\/logo\/image\/\",\"url\":\"https:\/\/www.uni.lu\/wp-content\/uploads\/sites\/11\/2026\/03\/03120045\/UNIV_SM-Profile_1600x1600px-scaled.jpg\",\"contentUrl\":\"https:\/\/www.uni.lu\/wp-content\/uploads\/sites\/11\/2026\/03\/03120045\/UNIV_SM-Profile_1600x1600px-scaled.jpg\",\"width\":2560,\"height\":2560,\"caption\":\"Universit\u00e9 du Luxembourg\"},\"image\":\"https:\/\/www.uni.lu\/wp-content\/uploads\/sites\/11\/2026\/04\/24120552\/20200609-Belval-Campus_Henri-Goergen-23.jpg\",\"sameAs\":[\"https:\/\/www.facebook.com\/uni.lu\",\"https:\/\/www.linkedin.com\/school\/university-of-luxembourg\/\",\"https:\/\/www.instagram.com\/uni.lu\",\"https:\/\/www.youtube.com\/@uni_lu\",\"https:\/\/en.wikipedia.org\/wiki\/University_of_Luxembourg\"],\"email\":\"communication@uni.lu\",\"telephone\":\"+352 46 66 44 1\",\"address\":{\"@type\":\"PostalAddress\",\"streetAddress\":\"2, place de l\u2019Universit\u00e9\",\"addressLocality\":\"Esch-sur-Alzette\",\"postalCode\":\"4365\",\"addressCountry\":\"LU\"},\"description\":\"Universit\u00e9 du Luxembourg\"}]}<\/script>\n<!-- \/ Yoast SEO Premium plugin. -->","yoast_head_json":{"title":"10 ans de la SES Chair in Space, SatCom and Media Law - Universit\u00e9 du Luxembourg","description":"En septembre\u00a02021, l\u2019Universit\u00e9 du Luxembourg a officiellement c\u00e9l\u00e9br\u00e9 le 10e anniversaire de la chaire \u00ab\u00a0SES Chair in Space, SatCom and Media Law\u00a0\u00bb.","robots":{"index":"index","follow":"follow","max-snippet":"max-snippet:-1","max-image-preview":"max-image-preview:large","max-video-preview":"max-video-preview:-1"},"canonical":"https:\/\/www.uni.lu\/fr\/news\/","og_locale":"fr_FR","og_type":"article","og_title":"10 ans de la SES Chair in Space, SatCom and Media Law","og_description":"En septembre\u00a02021, l\u2019Universit\u00e9 du Luxembourg a officiellement c\u00e9l\u00e9br\u00e9 le 10e anniversaire de la chaire \u00ab\u00a0SES Chair in Space, SatCom and Media Law\u00a0\u00bb.","og_url":"https:\/\/www.uni.lu\/fr\/news\/","og_site_name":"UNI FR","article_publisher":"https:\/\/www.facebook.com\/uni.lu","og_image":[{"width":800,"height":600,"url":"https:\/\/www.uni.lu\/wp-content\/uploads\/sites\/11\/2021\/10\/10_ans_de_la_ses_chair_in_space_satcom_and_media_law.jpg","type":"image\/jpeg"}],"twitter_card":"summary_large_image","twitter_misc":{"Dur\u00e9e de lecture estim\u00e9e":"6 minutes"},"schema":{"@context":"https:\/\/schema.org","@graph":[{"@type":"NewsArticle","@id":"https:\/\/www.uni.lu\/fr\/news\/#article","isPartOf":{"@id":"https:\/\/www.uni.lu\/fr\/news\/"},"author":{"name":"","@id":""},"headline":"10 ans de la SES Chair in Space, SatCom and Media Law","datePublished":"2021-10-13T12:59:42+00:00","dateModified":"2021-10-13T12:59:42+00:00","mainEntityOfPage":{"@id":"https:\/\/www.uni.lu\/fr\/news\/"},"wordCount":1160,"publisher":{"@id":"https:\/\/www.uni.lu\/fr\/#organization"},"inLanguage":"fr-FR"},{"@type":"WebPage","@id":"https:\/\/www.uni.lu\/fr\/news\/","url":"https:\/\/www.uni.lu\/fr\/news\/","name":"10 ans de la SES Chair in Space, SatCom and Media Law - Universit\u00e9 du Luxembourg","isPartOf":{"@id":"https:\/\/www.uni.lu\/fr\/#website"},"datePublished":"2021-10-13T12:59:42+00:00","dateModified":"2021-10-13T12:59:42+00:00","description":"En septembre\u00a02021, l\u2019Universit\u00e9 du Luxembourg a officiellement c\u00e9l\u00e9br\u00e9 le 10e anniversaire de la chaire \u00ab\u00a0SES Chair in Space, SatCom and Media Law\u00a0\u00bb.","breadcrumb":{"@id":"https:\/\/www.uni.lu\/fr\/news\/#breadcrumb"},"inLanguage":"fr-FR","potentialAction":[{"@type":"ReadAction","target":["https:\/\/www.uni.lu\/fr\/news\/"]}]},{"@type":"BreadcrumbList","@id":"https:\/\/www.uni.lu\/fr\/news\/#breadcrumb","itemListElement":[{"@type":"ListItem","position":1,"name":"Home","item":"https:\/\/www.uni.lu\/fr\/"},{"@type":"ListItem","position":2,"name":"News","item":"https:\/\/www.uni.lu\/fr\/news\/"},{"@type":"ListItem","position":3,"name":"10 ans de la SES Chair in Space, SatCom and Media Law"}]},{"@type":"WebSite","@id":"https:\/\/www.uni.lu\/fr\/#website","url":"https:\/\/www.uni.lu\/fr\/","name":"Uni.lu","description":"Universit\u00e9 du Luxembourg","publisher":{"@id":"https:\/\/www.uni.lu\/fr\/#organization"},"alternateName":"Universit\u00e9 du Luxembourg","potentialAction":[{"@type":"SearchAction","target":{"@type":"EntryPoint","urlTemplate":"https:\/\/www.uni.lu\/fr\/?s={search_term_string}"},"query-input":"required name=search_term_string"}],"inLanguage":"fr-FR"},{"@type":"Organization","@id":"https:\/\/www.uni.lu\/fr\/#organization","name":"Universit\u00e9 du Luxembourg","alternateName":"Uni.lu","url":"https:\/\/www.uni.lu\/fr\/","logo":{"@type":"ImageObject","inLanguage":"fr-FR","@id":"https:\/\/www.uni.lu\/fr\/#\/schema\/logo\/image\/","url":"https:\/\/www.uni.lu\/wp-content\/uploads\/sites\/11\/2026\/03\/03120045\/UNIV_SM-Profile_1600x1600px-scaled.jpg","contentUrl":"https:\/\/www.uni.lu\/wp-content\/uploads\/sites\/11\/2026\/03\/03120045\/UNIV_SM-Profile_1600x1600px-scaled.jpg","width":2560,"height":2560,"caption":"Universit\u00e9 du Luxembourg"},"image":"https:\/\/www.uni.lu\/wp-content\/uploads\/sites\/11\/2026\/04\/24120552\/20200609-Belval-Campus_Henri-Goergen-23.jpg","sameAs":["https:\/\/www.facebook.com\/uni.lu","https:\/\/www.linkedin.com\/school\/university-of-luxembourg\/","https:\/\/www.instagram.com\/uni.lu","https:\/\/www.youtube.com\/@uni_lu","https:\/\/en.wikipedia.org\/wiki\/University_of_Luxembourg"],"email":"communication@uni.lu","telephone":"+352 46 66 44 1","address":{"@type":"PostalAddress","streetAddress":"2, place de l\u2019Universit\u00e9","addressLocality":"Esch-sur-Alzette","postalCode":"4365","addressCountry":"LU"},"description":"Universit\u00e9 du Luxembourg"}]}},"blog_id":11,"_links":{"self":[{"href":"https:\/\/www.uni.lu\/fr\/wp-json\/wp\/v2\/news\/1539"}],"collection":[{"href":"https:\/\/www.uni.lu\/fr\/wp-json\/wp\/v2\/news"}],"about":[{"href":"https:\/\/www.uni.lu\/fr\/wp-json\/wp\/v2\/types\/news"}],"version-history":[{"count":0,"href":"https:\/\/www.uni.lu\/fr\/wp-json\/wp\/v2\/news\/1539\/revisions"}],"wp:attachment":[{"href":"https:\/\/www.uni.lu\/fr\/wp-json\/wp\/v2\/media?parent=1539"}],"wp:term":[{"taxonomy":"news-category","embeddable":true,"href":"https:\/\/www.uni.lu\/fr\/wp-json\/wp\/v2\/news-category?post=1539"},{"taxonomy":"news-topic","embeddable":true,"href":"https:\/\/www.uni.lu\/fr\/wp-json\/wp\/v2\/news-topic?post=1539"},{"taxonomy":"organisation","embeddable":true,"href":"https:\/\/www.uni.lu\/fr\/wp-json\/wp\/v2\/organisation?post=1539"}],"curies":[{"name":"wp","href":"https:\/\/api.w.org\/{rel}","templated":true}]}}