{"id":1527,"date":"2021-10-05T12:46:00","date_gmt":"2021-10-05T12:46:00","guid":{"rendered":"https:\/\/website.prod.unilu.spikeseed.cloud\/fr\/news\/universeh-presente-beyond-universeh-lors-de-sa-conference-inaugurale\/"},"modified":"2021-10-05T12:46:00","modified_gmt":"2021-10-05T12:46:00","slug":"universeh-presente-beyond-universeh-lors-de-sa-conference-inaugurale","status":"publish","type":"news","link":"https:\/\/www.uni.lu\/fr\/news\/universeh-presente-beyond-universeh-lors-de-sa-conference-inaugurale\/","title":{"rendered":"UNIVERSEH pr\u00e9sente \u00ab\u00a0Beyond UNIVERSEH\u00a0\u00bb lors de sa conf\u00e9rence inaugurale"},"content":{"rendered":"<section class=\"wp-block-unilux-blocks-free-section section\"><div class=\"container xl:max-w-screen-xl\"><p>UNIVERSEH, l&rsquo;universit\u00e9 europ\u00e9enne de l&rsquo;Espace pour la Terre et l&rsquo;Humanit\u00e9, a fait la d\u00e9monstration de son d\u00e9veloppement avanc\u00e9 lors d\u2019une conf\u00e9rence de haut niveau sur le th\u00e8me \u00ab L&rsquo;espace et les universit\u00e9s du futur en Europe \u00bb, qui s&rsquo;est tenue \u00e0 Toulouse, le 4 octobre 2021.<\/p><p>UNIVERSEH est une alliance de cinq \u00e9tablissements d&rsquo;enseignement sup\u00e9rieur visant \u00e0 d\u00e9velopper de nouveaux modes de collaboration dans le domaine de l&rsquo;espace, et qui s\u2019inscrit dans le cadre de l&rsquo;initiative \u00ab Universit\u00e9s europ\u00e9ennes \u00bb de la Commission europ\u00e9enne. UNIVERSEH associe l&rsquo;Universit\u00e9 F\u00e9d\u00e9rale Toulouse Midi Pyr\u00e9n\u00e9es (France), l&rsquo;Universit\u00e9 du Luxembourg (Luxembourg), la Heinrich-Heine-Universit\u00e4t D\u00fcsseldorf (Allemagne), la Lule\u00e5 tekniska universitet (Su\u00e8de) et l\u2019AGH University of Science and Technology (Pologne).<\/p><p>La conf\u00e9rence inaugurale a mis en exergue les contributions que les universit\u00e9s du futur peuvent apporter pour am\u00e9liorer les comp\u00e9tences en Europe dans le secteur de l&rsquo;espace et du nouvel espace, les b\u00e9n\u00e9fices mutuels que UNIVERSEH pourra apporter \u00e0 toutes ses parties prenantes, ainsi que l&rsquo;\u00e9galit\u00e9 d&rsquo;acc\u00e8s \u00e0 une \u00e9ducation de haute qualit\u00e9 pouvant \u00eatre assur\u00e9e \u00e0 tous les \u00e9tudiants.<\/p><p>La conf\u00e9rence a donn\u00e9 lieu aux interventions de repr\u00e9sentants des cinq universit\u00e9s engag\u00e9es dans l&rsquo;alliance, du minist\u00e8re fran\u00e7ais de l&rsquo;enseignement sup\u00e9rieur, de la recherche et de l&rsquo;innovation, d&rsquo;acteurs majeurs de l&rsquo;industrie spatiale tels que le CNES, Airbus et Thales, d&rsquo;institutions europ\u00e9ennes telles que l&rsquo;Agence spatiale europ\u00e9enne, le Fonds europ\u00e9en d&rsquo;investissement et le Parlement europ\u00e9en, ainsi que de plusieurs start-ups.<\/p><p>La conf\u00e9rence a \u00e9galement permis le lancement de \u00ab Beyond UNIVERSEH \u00bb. Beyond UNIVERSEH est le pilier \u00ab Recherche \u00bb d&rsquo;UNIVERSEH. Il est destin\u00e9 \u00e0 \u00e9tendre le savoir-faire de l&rsquo;alliance en mati\u00e8re d&rsquo;enseignement et d&rsquo;apprentissage au niveau d\u2019une universit\u00e9 de recherche europ\u00e9enne UNIVERSEH ax\u00e9e sur l&rsquo;espace dans toutes ses dimensions : Science et ing\u00e9nierie ; \u00e9conomie, affaires et finances ; m\u00e9decine et sant\u00e9 ; sciences sociales et humaines ; art et culture ; innovation et entrepreneuriat. L\u2019Universit\u00e9 mettra en relation des chercheurs avec des parties prenantes d&rsquo;horizons multiples, afin de promouvoir un r\u00e9seau hautement multidisciplinaire et intersectoriel apte \u00e0 relever les d\u00e9fis soci\u00e9taux de l&rsquo;espace et du nouvel espace.<\/p><p>L&rsquo;ambition principale de Beyond UNIVERSEH est de d\u00e9velopper et de proposer une feuille de route en mati\u00e8re de politique de recherche d\u2019ici 2035 doubl\u00e9e d\u2019une vision d\u2019ici 2050 dans le secteur spatial. Cette feuille de route mettra en \u0153uvre un r\u00e9seau de recherche et d&rsquo;innovation durable et int\u00e9gr\u00e9 au sein de l&rsquo;alliance UNIVERSEH et au-del\u00e0. En outre, Beyond UNIVERSEH cr\u00e9era un laboratoire virtuel unique, partag\u00e9 et collaboratif, ainsi qu&rsquo;une communaut\u00e9 de recherche, g\u00e9n\u00e9ratrice de nouvelles m\u00e9thodologies collaboratives et interdisciplinaires, afin d&rsquo;am\u00e9liorer davantage les r\u00e9sultats de la recherche et de l&rsquo;innovation spatiales.<\/p><p>Philippe Raimbault, pr\u00e9sident du conseil d&rsquo;administration d&rsquo;UNIVERSEH, a d\u00e9clar\u00e9 : \u00ab Nous nous r\u00e9jouissons des perspectives qu&rsquo;offre UNIVERSEH \u00e0 toutes les parties prenantes, \u00e9tudiants, chercheurs et op\u00e9rateurs institutionnels et commerciaux dans le vaste domaine des activit\u00e9s spatiales. UNIVERSEH d\u00e9veloppe un programme europ\u00e9en ambitieux pour soutenir l&rsquo;\u00e9cosyst\u00e8me florissant des activit\u00e9s spatiales avec le soutien proactif d&rsquo;organismes gouvernementaux et publics ainsi que d&rsquo;acteurs commerciaux.<\/p><p>L&rsquo;espace est le d\u00e9fi ultime de l&rsquo;humanit\u00e9, et nous sommes convaincus que l&rsquo;alliance UNIVERSEH apportera une valeur ajout\u00e9e substantielle pour soutenir les multiples efforts dans ce domaine, contribuant ainsi \u00e0 renforcer la position de l&rsquo;Europe dans le domaine de l&rsquo;espace et du nouvel espace \u00bb.<\/p><p><strong>\u00c0 propos d\u2019UNIVERSEH<\/strong><\/p><p>UNIVERSEH est une alliance entre l\u2019Universit\u00e9 F\u00e9d\u00e9rale de Toulouse (France), l\u2019Universit\u00e9 du Luxembourg (Luxembourg), l\u2019Universit\u00e9 Heinrich Heine de D\u00fcsseldorf (Allemagne), l\u2019Universit\u00e9 de technologie de Lule\u00e5 (Su\u00e8de) et l\u2019AGH University of Science and Technology (Pologne). L\u2019alliance se concentre sur le d\u00e9veloppement d\u2019activit\u00e9s p\u00e9dagogiques et de collaboration dans le secteur spatial europ\u00e9en. Refl\u00e9tant les valeurs europ\u00e9ennes, les objectifs d\u2019UNIVERSEH sont de faciliter la mobilit\u00e9 et le multilinguisme, de promouvoir l\u2019inclusion et la diversit\u00e9 des \u00e9tudiants, de soutenir les programmes interdisciplinaires et de renforcer l\u2019innovation p\u00e9dagogique ainsi que l\u2019entrepreneuriat en Europe. UNIVERSEH encourage la mobilit\u00e9 th\u00e9matique des \u00e9tudiants et des enseignants, favorise la coop\u00e9ration entre des institutions d\u2019enseignement sup\u00e9rieur et de recherche et favorise l\u2019\u00e9change sur des questions communes aux syst\u00e8mes \u00e9ducatifs europ\u00e9ens. L\u2019alliance s\u2019appuie sur son expertise et ses relations avec l\u2019industrie et les institutions publiques dans le secteur spatial. UNIVERSEH a \u00e9t\u00e9 cr\u00e9\u00e9e en 2020 dans le cadre de l\u2019initiative Erasmus+ \u00ab Universit\u00e9 europ\u00e9ennes \u00bb de la Commission europ\u00e9enne. Ensemble, les partenaires ont le potentiel d\u2019atteindre 140 000 \u00e9tudiants et employ\u00e9s.<\/p><p><a href=\"https:\/\/universeh.eu\" target=\"_self\" title=\"\" rel=\"noopener\">universeh.eu<\/a><\/p><\/div><\/section>","protected":false},"excerpt":{"rendered":"<p>UNIVERSEH, l&rsquo;universit\u00e9 europ\u00e9enne de l&rsquo;Espace pour la Terre et l&rsquo;Humanit\u00e9, a fait la d\u00e9monstration de son d\u00e9veloppement avanc\u00e9 lors d\u2019une conf\u00e9rence de haut niveau sur le th\u00e8me \u00ab L&rsquo;espace et les universit\u00e9s du futur en Europe \u00bb, qui s&rsquo;est tenue \u00e0 Toulouse, le 4 octobre 2021.<\/p>\n","protected":false},"author":0,"featured_media":0,"template":"","format":"standard","meta":{"featured_image_focal_point":[],"show_featured_caption":false,"ulux_newsletter_groups":"","uluxPostTitle":"","uluxPrePostTitle":"","_trash_the_other_posts":false,"_price":"","_stock":"","_tribe_ticket_header":"","_tribe_default_ticket_provider":"","_tribe_ticket_capacity":"0","_ticket_start_date":"","_ticket_end_date":"","_tribe_ticket_show_description":"","_tribe_ticket_show_not_going":false,"_tribe_ticket_use_global_stock":"","_tribe_ticket_global_stock_level":"","_global_stock_mode":"","_global_stock_cap":"","_tribe_rsvp_for_event":"","_tribe_ticket_going_count":"","_tribe_ticket_not_going_count":"","_tribe_tickets_list":"[]","_tribe_ticket_has_attendee_info_fields":false},"news-category":[3],"news-topic":[],"organisation":[226],"authorship":[],"acf":[],"yoast_head":"<!-- This site is optimized with the Yoast SEO Premium plugin v22.3 (Yoast SEO v22.3) - https:\/\/yoast.com\/wordpress\/plugins\/seo\/ -->\n<title>UNIVERSEH pr\u00e9sente &quot;Beyond UNIVERSEH&quot; lors de sa conf\u00e9rence inaugurale - Universit\u00e9 du Luxembourg<\/title>\n<meta name=\"description\" content=\"UNIVERSEH, l&#039;universit\u00e9 europ\u00e9enne de l&#039;Espace pour la Terre et l&#039;Humanit\u00e9, a fait la d\u00e9monstration de son d\u00e9veloppement avanc\u00e9 lors d\u2019une conf\u00e9rence de haut niveau sur le th\u00e8me \u00ab L&#039;espace et les universit\u00e9s du futur en Europe \u00bb, qui s&#039;est tenue \u00e0 Toulouse, le 4 octobre 2021.\" \/>\n<meta name=\"robots\" content=\"index, follow, max-snippet:-1, max-image-preview:large, max-video-preview:-1\" \/>\n<link rel=\"canonical\" href=\"https:\/\/www.uni.lu\/fr\/news\/\" \/>\n<meta property=\"og:locale\" content=\"fr_FR\" \/>\n<meta property=\"og:type\" content=\"article\" \/>\n<meta property=\"og:title\" content=\"UNIVERSEH pr\u00e9sente &quot;Beyond UNIVERSEH&quot; lors de sa conf\u00e9rence inaugurale\" \/>\n<meta property=\"og:description\" content=\"UNIVERSEH, l&#039;universit\u00e9 europ\u00e9enne de l&#039;Espace pour la Terre et l&#039;Humanit\u00e9, a fait la d\u00e9monstration de son d\u00e9veloppement avanc\u00e9 lors d\u2019une conf\u00e9rence de haut niveau sur le th\u00e8me \u00ab L&#039;espace et les universit\u00e9s du futur en Europe \u00bb, qui s&#039;est tenue \u00e0 Toulouse, le 4 octobre 2021.\" \/>\n<meta property=\"og:url\" content=\"https:\/\/www.uni.lu\/fr\/news\/\" \/>\n<meta property=\"og:site_name\" content=\"UNI FR\" \/>\n<meta property=\"article:publisher\" content=\"https:\/\/www.facebook.com\/uni.lu\" \/>\n<meta property=\"og:image\" content=\"https:\/\/www.uni.lu\/wp-content\/uploads\/sites\/11\/2021\/10\/universeh_presente_beyond_universeh_lors_de_sa_conference_inaugurale.jpg\" \/>\n\t<meta property=\"og:image:width\" content=\"800\" \/>\n\t<meta property=\"og:image:height\" content=\"600\" \/>\n\t<meta property=\"og:image:type\" content=\"image\/jpeg\" \/>\n<meta name=\"twitter:card\" content=\"summary_large_image\" \/>\n<meta name=\"twitter:label1\" content=\"Dur\u00e9e de lecture estim\u00e9e\" \/>\n\t<meta name=\"twitter:data1\" content=\"4 minutes\" \/>\n<script type=\"application\/ld+json\" class=\"yoast-schema-graph\">{\"@context\":\"https:\/\/schema.org\",\"@graph\":[{\"@type\":\"NewsArticle\",\"@id\":\"https:\/\/www.uni.lu\/fr\/news\/#article\",\"isPartOf\":{\"@id\":\"https:\/\/www.uni.lu\/fr\/news\/\"},\"author\":{\"name\":\"\",\"@id\":\"\"},\"headline\":\"UNIVERSEH pr\u00e9sente \u00ab\u00a0Beyond UNIVERSEH\u00a0\u00bb lors de sa conf\u00e9rence inaugurale\",\"datePublished\":\"2021-10-05T12:46:00+00:00\",\"dateModified\":\"2021-10-05T12:46:00+00:00\",\"mainEntityOfPage\":{\"@id\":\"https:\/\/www.uni.lu\/fr\/news\/\"},\"wordCount\":849,\"publisher\":{\"@id\":\"https:\/\/www.uni.lu\/fr\/#organization\"},\"inLanguage\":\"fr-FR\"},{\"@type\":\"WebPage\",\"@id\":\"https:\/\/www.uni.lu\/fr\/news\/\",\"url\":\"https:\/\/www.uni.lu\/fr\/news\/\",\"name\":\"UNIVERSEH pr\u00e9sente \\\"Beyond UNIVERSEH\\\" lors de sa conf\u00e9rence inaugurale - Universit\u00e9 du Luxembourg\",\"isPartOf\":{\"@id\":\"https:\/\/www.uni.lu\/fr\/#website\"},\"datePublished\":\"2021-10-05T12:46:00+00:00\",\"dateModified\":\"2021-10-05T12:46:00+00:00\",\"description\":\"UNIVERSEH, l'universit\u00e9 europ\u00e9enne de l'Espace pour la Terre et l'Humanit\u00e9, a fait la d\u00e9monstration de son d\u00e9veloppement avanc\u00e9 lors d\u2019une conf\u00e9rence de haut niveau sur le th\u00e8me \u00ab L'espace et les universit\u00e9s du futur en Europe \u00bb, qui s'est tenue \u00e0 Toulouse, le 4 octobre 2021.\",\"breadcrumb\":{\"@id\":\"https:\/\/www.uni.lu\/fr\/news\/#breadcrumb\"},\"inLanguage\":\"fr-FR\",\"potentialAction\":[{\"@type\":\"ReadAction\",\"target\":[\"https:\/\/www.uni.lu\/fr\/news\/\"]}]},{\"@type\":\"BreadcrumbList\",\"@id\":\"https:\/\/www.uni.lu\/fr\/news\/#breadcrumb\",\"itemListElement\":[{\"@type\":\"ListItem\",\"position\":1,\"name\":\"Home\",\"item\":\"https:\/\/www.uni.lu\/fr\/\"},{\"@type\":\"ListItem\",\"position\":2,\"name\":\"News\",\"item\":\"https:\/\/www.uni.lu\/fr\/news\/\"},{\"@type\":\"ListItem\",\"position\":3,\"name\":\"UNIVERSEH pr\u00e9sente &#8220;Beyond UNIVERSEH&#8221; lors de sa conf\u00e9rence inaugurale\"}]},{\"@type\":\"WebSite\",\"@id\":\"https:\/\/www.uni.lu\/fr\/#website\",\"url\":\"https:\/\/www.uni.lu\/fr\/\",\"name\":\"Uni.lu\",\"description\":\"Universit\u00e9 du Luxembourg\",\"publisher\":{\"@id\":\"https:\/\/www.uni.lu\/fr\/#organization\"},\"alternateName\":\"Universit\u00e9 du Luxembourg\",\"potentialAction\":[{\"@type\":\"SearchAction\",\"target\":{\"@type\":\"EntryPoint\",\"urlTemplate\":\"https:\/\/www.uni.lu\/fr\/?s={search_term_string}\"},\"query-input\":\"required name=search_term_string\"}],\"inLanguage\":\"fr-FR\"},{\"@type\":\"Organization\",\"@id\":\"https:\/\/www.uni.lu\/fr\/#organization\",\"name\":\"Universit\u00e9 du Luxembourg\",\"alternateName\":\"Uni.lu\",\"url\":\"https:\/\/www.uni.lu\/fr\/\",\"logo\":{\"@type\":\"ImageObject\",\"inLanguage\":\"fr-FR\",\"@id\":\"https:\/\/www.uni.lu\/fr\/#\/schema\/logo\/image\/\",\"url\":\"https:\/\/www.uni.lu\/wp-content\/uploads\/sites\/11\/2026\/03\/03120045\/UNIV_SM-Profile_1600x1600px-scaled.jpg\",\"contentUrl\":\"https:\/\/www.uni.lu\/wp-content\/uploads\/sites\/11\/2026\/03\/03120045\/UNIV_SM-Profile_1600x1600px-scaled.jpg\",\"width\":2560,\"height\":2560,\"caption\":\"Universit\u00e9 du Luxembourg\"},\"image\":\"https:\/\/www.uni.lu\/wp-content\/uploads\/sites\/11\/2026\/04\/24120552\/20200609-Belval-Campus_Henri-Goergen-23.jpg\",\"sameAs\":[\"https:\/\/www.facebook.com\/uni.lu\",\"https:\/\/www.linkedin.com\/school\/university-of-luxembourg\/\",\"https:\/\/www.instagram.com\/uni.lu\",\"https:\/\/www.youtube.com\/@uni_lu\",\"https:\/\/en.wikipedia.org\/wiki\/University_of_Luxembourg\"],\"email\":\"communication@uni.lu\",\"telephone\":\"+352 46 66 44 1\",\"address\":{\"@type\":\"PostalAddress\",\"streetAddress\":\"2, place de l\u2019Universit\u00e9\",\"addressLocality\":\"Esch-sur-Alzette\",\"postalCode\":\"4365\",\"addressCountry\":\"LU\"},\"description\":\"Universit\u00e9 du Luxembourg\"}]}<\/script>\n<!-- \/ Yoast SEO Premium plugin. -->","yoast_head_json":{"title":"UNIVERSEH pr\u00e9sente \"Beyond UNIVERSEH\" lors de sa conf\u00e9rence inaugurale - Universit\u00e9 du Luxembourg","description":"UNIVERSEH, l'universit\u00e9 europ\u00e9enne de l'Espace pour la Terre et l'Humanit\u00e9, a fait la d\u00e9monstration de son d\u00e9veloppement avanc\u00e9 lors d\u2019une conf\u00e9rence de haut niveau sur le th\u00e8me \u00ab L'espace et les universit\u00e9s du futur en Europe \u00bb, qui s'est tenue \u00e0 Toulouse, le 4 octobre 2021.","robots":{"index":"index","follow":"follow","max-snippet":"max-snippet:-1","max-image-preview":"max-image-preview:large","max-video-preview":"max-video-preview:-1"},"canonical":"https:\/\/www.uni.lu\/fr\/news\/","og_locale":"fr_FR","og_type":"article","og_title":"UNIVERSEH pr\u00e9sente \"Beyond UNIVERSEH\" lors de sa conf\u00e9rence inaugurale","og_description":"UNIVERSEH, l'universit\u00e9 europ\u00e9enne de l'Espace pour la Terre et l'Humanit\u00e9, a fait la d\u00e9monstration de son d\u00e9veloppement avanc\u00e9 lors d\u2019une conf\u00e9rence de haut niveau sur le th\u00e8me \u00ab L'espace et les universit\u00e9s du futur en Europe \u00bb, qui s'est tenue \u00e0 Toulouse, le 4 octobre 2021.","og_url":"https:\/\/www.uni.lu\/fr\/news\/","og_site_name":"UNI FR","article_publisher":"https:\/\/www.facebook.com\/uni.lu","og_image":[{"width":800,"height":600,"url":"https:\/\/www.uni.lu\/wp-content\/uploads\/sites\/11\/2021\/10\/universeh_presente_beyond_universeh_lors_de_sa_conference_inaugurale.jpg","type":"image\/jpeg"}],"twitter_card":"summary_large_image","twitter_misc":{"Dur\u00e9e de lecture estim\u00e9e":"4 minutes"},"schema":{"@context":"https:\/\/schema.org","@graph":[{"@type":"NewsArticle","@id":"https:\/\/www.uni.lu\/fr\/news\/#article","isPartOf":{"@id":"https:\/\/www.uni.lu\/fr\/news\/"},"author":{"name":"","@id":""},"headline":"UNIVERSEH pr\u00e9sente \u00ab\u00a0Beyond UNIVERSEH\u00a0\u00bb lors de sa conf\u00e9rence inaugurale","datePublished":"2021-10-05T12:46:00+00:00","dateModified":"2021-10-05T12:46:00+00:00","mainEntityOfPage":{"@id":"https:\/\/www.uni.lu\/fr\/news\/"},"wordCount":849,"publisher":{"@id":"https:\/\/www.uni.lu\/fr\/#organization"},"inLanguage":"fr-FR"},{"@type":"WebPage","@id":"https:\/\/www.uni.lu\/fr\/news\/","url":"https:\/\/www.uni.lu\/fr\/news\/","name":"UNIVERSEH pr\u00e9sente \"Beyond UNIVERSEH\" lors de sa conf\u00e9rence inaugurale - Universit\u00e9 du Luxembourg","isPartOf":{"@id":"https:\/\/www.uni.lu\/fr\/#website"},"datePublished":"2021-10-05T12:46:00+00:00","dateModified":"2021-10-05T12:46:00+00:00","description":"UNIVERSEH, l'universit\u00e9 europ\u00e9enne de l'Espace pour la Terre et l'Humanit\u00e9, a fait la d\u00e9monstration de son d\u00e9veloppement avanc\u00e9 lors d\u2019une conf\u00e9rence de haut niveau sur le th\u00e8me \u00ab L'espace et les universit\u00e9s du futur en Europe \u00bb, qui s'est tenue \u00e0 Toulouse, le 4 octobre 2021.","breadcrumb":{"@id":"https:\/\/www.uni.lu\/fr\/news\/#breadcrumb"},"inLanguage":"fr-FR","potentialAction":[{"@type":"ReadAction","target":["https:\/\/www.uni.lu\/fr\/news\/"]}]},{"@type":"BreadcrumbList","@id":"https:\/\/www.uni.lu\/fr\/news\/#breadcrumb","itemListElement":[{"@type":"ListItem","position":1,"name":"Home","item":"https:\/\/www.uni.lu\/fr\/"},{"@type":"ListItem","position":2,"name":"News","item":"https:\/\/www.uni.lu\/fr\/news\/"},{"@type":"ListItem","position":3,"name":"UNIVERSEH pr\u00e9sente &#8220;Beyond UNIVERSEH&#8221; lors de sa conf\u00e9rence inaugurale"}]},{"@type":"WebSite","@id":"https:\/\/www.uni.lu\/fr\/#website","url":"https:\/\/www.uni.lu\/fr\/","name":"Uni.lu","description":"Universit\u00e9 du Luxembourg","publisher":{"@id":"https:\/\/www.uni.lu\/fr\/#organization"},"alternateName":"Universit\u00e9 du Luxembourg","potentialAction":[{"@type":"SearchAction","target":{"@type":"EntryPoint","urlTemplate":"https:\/\/www.uni.lu\/fr\/?s={search_term_string}"},"query-input":"required name=search_term_string"}],"inLanguage":"fr-FR"},{"@type":"Organization","@id":"https:\/\/www.uni.lu\/fr\/#organization","name":"Universit\u00e9 du Luxembourg","alternateName":"Uni.lu","url":"https:\/\/www.uni.lu\/fr\/","logo":{"@type":"ImageObject","inLanguage":"fr-FR","@id":"https:\/\/www.uni.lu\/fr\/#\/schema\/logo\/image\/","url":"https:\/\/www.uni.lu\/wp-content\/uploads\/sites\/11\/2026\/03\/03120045\/UNIV_SM-Profile_1600x1600px-scaled.jpg","contentUrl":"https:\/\/www.uni.lu\/wp-content\/uploads\/sites\/11\/2026\/03\/03120045\/UNIV_SM-Profile_1600x1600px-scaled.jpg","width":2560,"height":2560,"caption":"Universit\u00e9 du Luxembourg"},"image":"https:\/\/www.uni.lu\/wp-content\/uploads\/sites\/11\/2026\/04\/24120552\/20200609-Belval-Campus_Henri-Goergen-23.jpg","sameAs":["https:\/\/www.facebook.com\/uni.lu","https:\/\/www.linkedin.com\/school\/university-of-luxembourg\/","https:\/\/www.instagram.com\/uni.lu","https:\/\/www.youtube.com\/@uni_lu","https:\/\/en.wikipedia.org\/wiki\/University_of_Luxembourg"],"email":"communication@uni.lu","telephone":"+352 46 66 44 1","address":{"@type":"PostalAddress","streetAddress":"2, place de l\u2019Universit\u00e9","addressLocality":"Esch-sur-Alzette","postalCode":"4365","addressCountry":"LU"},"description":"Universit\u00e9 du Luxembourg"}]}},"blog_id":11,"_links":{"self":[{"href":"https:\/\/www.uni.lu\/fr\/wp-json\/wp\/v2\/news\/1527"}],"collection":[{"href":"https:\/\/www.uni.lu\/fr\/wp-json\/wp\/v2\/news"}],"about":[{"href":"https:\/\/www.uni.lu\/fr\/wp-json\/wp\/v2\/types\/news"}],"version-history":[{"count":0,"href":"https:\/\/www.uni.lu\/fr\/wp-json\/wp\/v2\/news\/1527\/revisions"}],"wp:attachment":[{"href":"https:\/\/www.uni.lu\/fr\/wp-json\/wp\/v2\/media?parent=1527"}],"wp:term":[{"taxonomy":"news-category","embeddable":true,"href":"https:\/\/www.uni.lu\/fr\/wp-json\/wp\/v2\/news-category?post=1527"},{"taxonomy":"news-topic","embeddable":true,"href":"https:\/\/www.uni.lu\/fr\/wp-json\/wp\/v2\/news-topic?post=1527"},{"taxonomy":"organisation","embeddable":true,"href":"https:\/\/www.uni.lu\/fr\/wp-json\/wp\/v2\/organisation?post=1527"}],"curies":[{"name":"wp","href":"https:\/\/api.w.org\/{rel}","templated":true}]}}