{"id":15213,"date":"2025-05-13T14:39:43","date_gmt":"2025-05-13T12:39:43","guid":{"rendered":"https:\/\/www.uni.lu\/fr\/?post_type=news&#038;p=15213"},"modified":"2025-05-13T16:02:22","modified_gmt":"2025-05-13T14:02:22","slug":"un-alumni-fait-vibrer-le-campus-de-belval-avec-le-festival-loa","status":"publish","type":"news","link":"https:\/\/www.uni.lu\/fr\/news\/un-alumni-fait-vibrer-le-campus-de-belval-avec-le-festival-loa\/","title":{"rendered":"Un alumni fait vibrer le campus de Belval avec le festival LOA"},"content":{"rendered":"\n<section class=\"wp-block-unilux-blocks-free-section section\"><div class=\"container xl:max-w-screen-xl\">\n<p>Sur le campus de Belval, les derni\u00e8res traces d&rsquo;un week-end enfi\u00e9vr\u00e9 s&rsquo;estompent, et l&rsquo;excitation du Luxembourg Open Air (<a href=\"https:\/\/www.loa.lu\/\" target=\"_blank\" rel=\"noreferrer noopener\">LOA<\/a>) fait place au bourdonnement quotidien. Profitant d\u2019une courte pause dans son emploi du temps charg\u00e9, nous avons parl\u00e9 avec notre ancien \u00e9tudiant, le cofondateur et manager de LOA, Sebastian Jacqu\u00e9, au sujet du festival de musique \u00e9lectronique et de ce qu&rsquo;il signifie pour notre communaut\u00e9 \u00e9tudiante.<\/p>\n\n\n\n<h2 class=\"has-text-align-left wp-block-unilux-blocks-heading\"        id=\"comment-est-nee-lidee-du-festival-loa\"\n    >\n<strong>Comment est n\u00e9e l&rsquo;id\u00e9e du festival LOA ?<\/strong><\/h2>\n\n\n\n<p>L&rsquo;id\u00e9e originale est venue de l&rsquo;un de mes cofondateurs, Ivan Cardoso, en 2018. Ensemble avec Tom Wecker et Felix Hemmerling, nous avons d\u00e9velopp\u00e9 le concept et cr\u00e9\u00e9 la premi\u00e8re \u00e9dition du LOA en 2019 \u00e0 la Place de l&rsquo;Europe.&nbsp;&nbsp;<\/p>\n\n\n\n<p>Apr\u00e8s cela, j&rsquo;ai d\u00e9cid\u00e9 de basculer ma vie pour travailler sur le projet \u00e0 temps plein et le d\u00e9velopper, pour en faire ce qu&rsquo;il est aujourd&rsquo;hui : un festival de musique bi-annuel sur 4 jours avec plus de 30 000 visiteurs par an. Au LOA, je suis autant l&rsquo;organisateur et la force motrice du festival de musique que le directeur de l&rsquo;entreprise et de l&rsquo;\u00e9quipe derri\u00e8re Luxembourg Open Air.&nbsp;&nbsp;<\/p>\n\n\n\n<h2 class=\"has-text-align-left wp-block-unilux-blocks-heading\"        id=\"les-etudiants-adorent-le-festival-et-sen-rejouissent-a-chaque-fois-comment-vous-engagez-vous-aupres-des-etudiants\"\n    >\nLes \u00e9tudiants adorent le festival et s&rsquo;en r\u00e9jouissent \u00e0 chaque fois. Comment vous engagez-vous aupr\u00e8s des \u00e9tudiants ?<\/h2>\n\n\n\n<div class=\"wp-block-columns are-vertically-aligned-center is-layout-flex wp-block-columns-is-layout-flex\">\n<div class=\"wp-block-column is-vertically-aligned-center is-layout-flow wp-block-column-is-layout-flow\" style=\"flex-basis:33.33%\">\n<p>De nombreux \u00e9tudiants de l&rsquo;Universit\u00e9 du Luxembourg font du b\u00e9n\u00e9volat ou travaillent pour le LOA pendant les semaines pr\u00e9c\u00e9dant l&rsquo;\u00e9v\u00e9nement. Nous sommes tr\u00e8s reconnaissants de leur participation et ils jouent un r\u00f4le essentiel dans la cr\u00e9ation d&rsquo;une atmosph\u00e8re positive au festival.<\/p>\n\n\n\n<p>Nous voulons rendre l&rsquo;\u00e9v\u00e9nement accessible \u00e0 tous les groupes d&rsquo;\u00e2ge, c&rsquo;est pourquoi les d\u00e9tenteurs de la carte europ\u00e9enne de la jeunesse (European Youth Card) b\u00e9n\u00e9ficient d&rsquo;une r\u00e9duction de 20 %<\/p>\n<\/div>\n\n\n\n<div class=\"wp-block-column is-vertically-aligned-center is-layout-flow wp-block-column-is-layout-flow\" style=\"flex-basis:66.66%\"><figure class=\"wp-block-dev4-reusable-blocks-image  object-fit--cover\">\n    \n<img decoding=\"async\" class=\"wp-block-image unilux-custom-image-block\"\n                alt=\"\"\n            src=\"https:\/\/www.uni.lu\/wp-content\/uploads\/sites\/9\/2025\/05\/Sebastien-Jacque_Co-founder-and-Manager-of-Luxembourg-Open-Air.jpg\"\n                    style=\"object-position: 50.00% 50.00%; font-family: &quot;object-fit: cover; object-position: 50.00% 50.00%;&quot;; aspect-ratio: 16\/9; object-fit: cover; width: 100%;\"\n        loading=\"lazy\"\n\/>    <\/figure><\/div>\n<\/div>\n\n\n\n<ul class=\"wp-block-unilux-blocks-button-list-v2\">\n<li class=\"wp-block-unilux-blocks-button-list-item-v2\"><a class=\"quick-link\" href=\"https:\/\/www.uni.lu\/life-en\/alumni\/\" target=\"\" role=\"link\" rel=\"noopener\" tabindex=\"0\"><span class=\"quick-link__container\">\n<div class=\"wp-block-unilux-blocks-block-inserter quick-link__img\">\n<div class=\"icon--secondary icon--primary-2 icon--xl wp-block-unilux-blocks-icon-picker\">\n    <svg aria-hidden=\"true\" focusable=\"false\" class=\"icon icon-outline icon--graduate \"><use xlink:href=\"https:\/\/www.uni.lu\/wp-content\/themes\/unilux-theme\/assets\/images\/icons\/icons-outline.svg#icon--graduate\"><\/use><\/svg><\/div><\/div>\n\n\n\n<span class=\"quick-link__name wp-block-unilux-blocks-plain-text\">D\u00e9couvrez le r\u00e9seau des anciens d&rsquo;Uni.lu<\/span>\n\n<svg aria-hidden=\"true\" focusable=\"false\" class=\"icon icon-outline icon--arrow-right \"><use xlink:href=\"https:\/\/www.uni.lu\/wp-content\/themes\/unilux-theme\/assets\/images\/icons\/icons-outline.svg#icon--arrow-right\"><\/use><\/svg><\/span><\/a><\/li>\n<\/ul>\n\n\n<div class=\"wp-block-unilux-blocks-spacer is-spacer-size-md\"><\/div>\n\n\n<h2 class=\"has-text-align-left wp-block-unilux-blocks-heading\"        id=\"revenons-a-vous-quest-ce-qui-vous-a-amene-a-choisir-un-cursus-a-uni-lu\"\n    >\n<strong>Revenons \u00e0 vous. Qu\u2019est-ce qui vous a amen\u00e9 \u00e0 choisir un cursus \u00e0 Uni.lu ?<\/strong><\/h2>\n\n\n\n<p>Apr\u00e8s le lyc\u00e9e, je me suis int\u00e9ress\u00e9e aux sciences humaines, en particulier \u00e0 l&rsquo;histoire et \u00e0 la litt\u00e9rature. Le Bachelor en cultures europ\u00e9ennes de l&rsquo;Universit\u00e9 du Luxembourg couvrait cinq disciplines (histoire, philosophie, \u00e9tudes allemandes, \u00e9tudes fran\u00e7aises, \u00e9tudes anglaises) et combinait donc mes int\u00e9r\u00eats en un seul dipl\u00f4me. J&rsquo;ai effectu\u00e9 le cursus de 2008 \u00e0 2011.<\/p>\n\n\n\n<p>Plus tard, c&rsquo;est surtout mon doctorat \u00e0 Rotterdam qui a \u00e9t\u00e9 le plus pertinent pour l&rsquo;entrepreneuriat en termes de comp\u00e9tences cl\u00e9s : G\u00e9rer un projet de A \u00e0 Z, aiguiser mes comp\u00e9tences en mati\u00e8re d&rsquo;\u00e9criture, de communication et de pr\u00e9sentation, l\u2019analyse et synth\u00e9tisation des informations, travailler de mani\u00e8re ind\u00e9pendante et faire preuve de r\u00e9silience.<\/p>\n\n\n\n<div class=\"wp-block-columns is-layout-flex wp-block-columns-is-layout-flex\">\n<div class=\"wp-block-column is-layout-flow wp-block-column-is-layout-flow\" style=\"flex-basis:33.33%\">\n<h2 class=\"has-text-align-left wp-block-unilux-blocks-heading\"        id=\"quelle-est-la-prochaine-etape-pour-loa\"\n    >\n<strong>Quelle est la prochaine \u00e9tape pour LOA ?<\/strong><\/h2>\n\n\n\n<p>L&rsquo;ouverture de la saison a eu lieu le week-end dernier, et nous l&rsquo;organisation de la cl\u00f4ture de la saison, qui aura lieu les 13 et 14 septembre, bat son plein. Le Season Closing se d\u00e9roulera dans un nouveau lieu, l\u2019embl\u00e9matique ancien site industriel Metzeschmelz \u00e0 Esch-sur-Alzette, accessible aux \u00e9tudiants par les transports en commun.<\/p>\n\n\n\n<p>Les \u00e9tudiants souhaitant s&rsquo;inscrire au LOA peuvent \u00e9crire \u00e0 <a href=\"mailto:applications@loa.lu\" target=\"_blank\" rel=\"noreferrer noopener\">applications@loa.lu<\/a>.&nbsp;<\/p>\n<\/div>\n\n\n\n<div class=\"wp-block-column is-layout-flow wp-block-column-is-layout-flow\" style=\"flex-basis:66.66%\"><figure class=\"wp-block-dev4-reusable-blocks-image  object-fit--cover\">\n    \n<img decoding=\"async\" class=\"wp-block-image unilux-custom-image-block\"\n                alt=\"\"\n            src=\"https:\/\/www.uni.lu\/wp-content\/uploads\/sites\/9\/2025\/05\/240914-153511-LOA-PS-104410-LR.jpg\"\n                    style=\"object-position: 55.00% 73.00%; font-family: &quot;object-fit: cover; object-position: 55.00% 73.00%;&quot;; aspect-ratio: 1\/1; object-fit: cover; width: 75%;\"\n        loading=\"lazy\"\n\/>    <\/figure><\/div>\n<\/div>\n<\/div><\/section>\n\n\n<section class=\"section section wp-block-unilux-blocks-quick-link-discover-section\">\n    <div class=\"container xl:max-w-screen-xl\">\n        \n<h2 class=\"has-text-align-left wp-block-unilux-blocks-heading\"        id=\"decouvrez-egalement\"\n    >\nD\u00e9couvrez \u00e9galement<\/h2>\n\n<ul class=\"wp-block-unilux-blocks-quick-link-discover quick-link-list\">\n<li class=\"wp-block-unilux-blocks-quick-link-discover-item\">\n    <a\n                    href=\"https:\/\/www.uni.lu\/fr\/news\/etudiant-un-jour-alumni-pour-la-vie\/\"\n                    class=\"quick-link\"\n            target=\"\"\n    >\n            <span class=\"quick-link__container\">\n                <span class=\"quick-link__text\">\n                    \u00c9tudiant un jour, alumni pour la vie                <\/span>\n                <svg aria-hidden=\"true\" focusable=\"false\" class=\"icon icon-outline icon--arrow-right \"><use xlink:href=\"https:\/\/www.uni.lu\/wp-content\/themes\/unilux-theme\/assets\/images\/icons\/icons-outline.svg#icon--arrow-right\"><\/use><\/svg>            <\/span>\n    <\/a>\n<\/li>\n\n\n\n<li class=\"wp-block-unilux-blocks-quick-link-discover-item\">\n    <a\n                    href=\"https:\/\/www.uni.lu\/fr\/news\/astartelux-jewellery-du-concept-a-la-boutique-centrale-en-4-ans\/\"\n                    class=\"quick-link\"\n            target=\"\"\n    >\n            <span class=\"quick-link__container\">\n                <span class=\"quick-link__text\">\n                    Astartelux, du concept \u00e0 la boutique                <\/span>\n                <svg aria-hidden=\"true\" focusable=\"false\" class=\"icon icon-outline icon--arrow-right \"><use xlink:href=\"https:\/\/www.uni.lu\/wp-content\/themes\/unilux-theme\/assets\/images\/icons\/icons-outline.svg#icon--arrow-right\"><\/use><\/svg>            <\/span>\n    <\/a>\n<\/li>\n\n\n\n<li class=\"wp-block-unilux-blocks-quick-link-discover-item\">\n    <a\n                    href=\"https:\/\/www.uni.lu\/fr\/news\/goldenme-veut-connecter-les-seniors\/\"\n                    class=\"quick-link\"\n            target=\"\"\n    >\n            <span class=\"quick-link__container\">\n                <span class=\"quick-link__text\">\n                    GoldenMe veut connecter les seniors                <\/span>\n                <svg aria-hidden=\"true\" focusable=\"false\" class=\"icon icon-outline icon--arrow-right \"><use xlink:href=\"https:\/\/www.uni.lu\/wp-content\/themes\/unilux-theme\/assets\/images\/icons\/icons-outline.svg#icon--arrow-right\"><\/use><\/svg>            <\/span>\n    <\/a>\n<\/li>\n<\/ul>\n    <\/div>\n<\/section>","protected":false},"excerpt":{"rendered":"","protected":false},"author":341,"featured_media":15216,"template":"","format":"standard","meta":{"featured_image_focal_point":[],"show_featured_caption":false,"ulux_newsletter_groups":"","uluxPostTitle":"","uluxPrePostTitle":"","_trash_the_other_posts":false,"_price":"","_stock":"","_tribe_ticket_header":"","_tribe_default_ticket_provider":"","_tribe_ticket_capacity":"0","_ticket_start_date":"","_ticket_end_date":"","_tribe_ticket_show_description":"","_tribe_ticket_show_not_going":false,"_tribe_ticket_use_global_stock":"","_tribe_ticket_global_stock_level":"","_global_stock_mode":"","_global_stock_cap":"","_tribe_rsvp_for_event":"","_tribe_ticket_going_count":"","_tribe_ticket_not_going_count":"","_tribe_tickets_list":"[]","_tribe_ticket_has_attendee_info_fields":false},"news-category":[6],"news-topic":[],"organisation":[304,147],"authorship":[341],"acf":[],"yoast_head":"<!-- This site is optimized with the Yoast SEO Premium plugin v22.3 (Yoast SEO v22.3) - https:\/\/yoast.com\/wordpress\/plugins\/seo\/ -->\n<title>Un alumni fait vibrer le campus de Belval avec le festival LOA - Universit\u00e9 du Luxembourg<\/title>\n<meta name=\"description\" content=\"Sur le campus de Belval, les derni\u00e8res traces d&#039;un week-end enfi\u00e9vr\u00e9 s&#039;estompent, et l&#039;excitation du Luxembourg Open Air (LOA) fait place au bourdonnement\" \/>\n<meta name=\"robots\" content=\"index, follow, max-snippet:-1, max-image-preview:large, max-video-preview:-1\" \/>\n<link rel=\"canonical\" href=\"https:\/\/www.uni.lu\/fr\/news\/un-alumni-fait-vibrer-le-campus-de-belval-avec-le-festival-loa\/\" \/>\n<meta property=\"og:locale\" content=\"fr_FR\" \/>\n<meta property=\"og:type\" content=\"article\" \/>\n<meta property=\"og:title\" content=\"Un alumni fait vibrer le campus de Belval avec le festival LOA\" \/>\n<meta property=\"og:description\" content=\"Sur le campus de Belval, les derni\u00e8res traces d&#039;un week-end enfi\u00e9vr\u00e9 s&#039;estompent, et l&#039;excitation du Luxembourg Open Air (LOA) fait place au bourdonnement\" \/>\n<meta property=\"og:url\" content=\"https:\/\/www.uni.lu\/fr\/news\/un-alumni-fait-vibrer-le-campus-de-belval-avec-le-festival-loa\/\" \/>\n<meta property=\"og:site_name\" content=\"UNI FR\" \/>\n<meta property=\"article:publisher\" content=\"https:\/\/www.facebook.com\/uni.lu\" \/>\n<meta property=\"article:modified_time\" content=\"2025-05-13T14:02:22+00:00\" \/>\n<meta property=\"og:image\" content=\"https:\/\/www.uni.lu\/wp-content\/uploads\/sites\/11\/2025\/05\/Header-photo.-Sebastien-Jacque.-Copyright-Private-scaled.jpg\" \/>\n\t<meta property=\"og:image:width\" content=\"2560\" \/>\n\t<meta property=\"og:image:height\" content=\"1920\" \/>\n\t<meta property=\"og:image:type\" content=\"image\/jpeg\" \/>\n<meta name=\"twitter:card\" content=\"summary_large_image\" \/>\n<meta name=\"twitter:label1\" content=\"Dur\u00e9e de lecture estim\u00e9e\" \/>\n\t<meta name=\"twitter:data1\" content=\"3 minutes\" \/>\n<script type=\"application\/ld+json\" class=\"yoast-schema-graph\">{\"@context\":\"https:\/\/schema.org\",\"@graph\":[{\"@type\":\"NewsArticle\",\"@id\":\"https:\/\/www.uni.lu\/fr\/news\/un-alumni-fait-vibrer-le-campus-de-belval-avec-le-festival-loa\/#article\",\"isPartOf\":{\"@id\":\"https:\/\/www.uni.lu\/fr\/news\/un-alumni-fait-vibrer-le-campus-de-belval-avec-le-festival-loa\/\"},\"author\":{\"name\":\"Catherine Clesse\",\"@id\":\"https:\/\/www.uni.lu\/fr\/#\/schema\/person\/67d3defa53981502bf9cddb74a850c08\"},\"headline\":\"Un alumni fait vibrer le campus de Belval avec le festival LOA\",\"datePublished\":\"2025-05-13T12:39:43+00:00\",\"dateModified\":\"2025-05-13T14:02:22+00:00\",\"mainEntityOfPage\":{\"@id\":\"https:\/\/www.uni.lu\/fr\/news\/un-alumni-fait-vibrer-le-campus-de-belval-avec-le-festival-loa\/\"},\"wordCount\":492,\"publisher\":{\"@id\":\"https:\/\/www.uni.lu\/fr\/#organization\"},\"image\":{\"@id\":\"https:\/\/www.uni.lu\/fr\/news\/un-alumni-fait-vibrer-le-campus-de-belval-avec-le-festival-loa\/#primaryimage\"},\"thumbnailUrl\":\"https:\/\/www.uni.lu\/wp-content\/uploads\/sites\/11\/2025\/05\/Header-photo.-Sebastien-Jacque.-Copyright-Private-scaled.jpg\",\"inLanguage\":\"fr-FR\"},{\"@type\":\"WebPage\",\"@id\":\"https:\/\/www.uni.lu\/fr\/news\/un-alumni-fait-vibrer-le-campus-de-belval-avec-le-festival-loa\/\",\"url\":\"https:\/\/www.uni.lu\/fr\/news\/un-alumni-fait-vibrer-le-campus-de-belval-avec-le-festival-loa\/\",\"name\":\"Un alumni fait vibrer le campus de Belval avec le festival LOA - Universit\u00e9 du Luxembourg\",\"isPartOf\":{\"@id\":\"https:\/\/www.uni.lu\/fr\/#website\"},\"primaryImageOfPage\":{\"@id\":\"https:\/\/www.uni.lu\/fr\/news\/un-alumni-fait-vibrer-le-campus-de-belval-avec-le-festival-loa\/#primaryimage\"},\"image\":{\"@id\":\"https:\/\/www.uni.lu\/fr\/news\/un-alumni-fait-vibrer-le-campus-de-belval-avec-le-festival-loa\/#primaryimage\"},\"thumbnailUrl\":\"https:\/\/www.uni.lu\/wp-content\/uploads\/sites\/11\/2025\/05\/Header-photo.-Sebastien-Jacque.-Copyright-Private-scaled.jpg\",\"datePublished\":\"2025-05-13T12:39:43+00:00\",\"dateModified\":\"2025-05-13T14:02:22+00:00\",\"description\":\"Sur le campus de Belval, les derni\u00e8res traces d'un week-end enfi\u00e9vr\u00e9 s'estompent, et l'excitation du Luxembourg Open Air (LOA) fait place au bourdonnement\",\"breadcrumb\":{\"@id\":\"https:\/\/www.uni.lu\/fr\/news\/un-alumni-fait-vibrer-le-campus-de-belval-avec-le-festival-loa\/#breadcrumb\"},\"inLanguage\":\"fr-FR\",\"potentialAction\":[{\"@type\":\"ReadAction\",\"target\":[\"https:\/\/www.uni.lu\/fr\/news\/un-alumni-fait-vibrer-le-campus-de-belval-avec-le-festival-loa\/\"]}]},{\"@type\":\"ImageObject\",\"inLanguage\":\"fr-FR\",\"@id\":\"https:\/\/www.uni.lu\/fr\/news\/un-alumni-fait-vibrer-le-campus-de-belval-avec-le-festival-loa\/#primaryimage\",\"url\":\"https:\/\/www.uni.lu\/wp-content\/uploads\/sites\/11\/2025\/05\/Header-photo.-Sebastien-Jacque.-Copyright-Private-scaled.jpg\",\"contentUrl\":\"https:\/\/www.uni.lu\/wp-content\/uploads\/sites\/11\/2025\/05\/Header-photo.-Sebastien-Jacque.-Copyright-Private-scaled.jpg\",\"width\":2560,\"height\":1920},{\"@type\":\"BreadcrumbList\",\"@id\":\"https:\/\/www.uni.lu\/fr\/news\/un-alumni-fait-vibrer-le-campus-de-belval-avec-le-festival-loa\/#breadcrumb\",\"itemListElement\":[{\"@type\":\"ListItem\",\"position\":1,\"name\":\"Home\",\"item\":\"https:\/\/www.uni.lu\/fr\/\"},{\"@type\":\"ListItem\",\"position\":2,\"name\":\"News\",\"item\":\"https:\/\/www.uni.lu\/fr\/news\/\"},{\"@type\":\"ListItem\",\"position\":3,\"name\":\"Un alumni fait vibrer le campus de Belval avec le festival LOA\"}]},{\"@type\":\"WebSite\",\"@id\":\"https:\/\/www.uni.lu\/fr\/#website\",\"url\":\"https:\/\/www.uni.lu\/fr\/\",\"name\":\"Uni.lu\",\"description\":\"Universit\u00e9 du Luxembourg\",\"publisher\":{\"@id\":\"https:\/\/www.uni.lu\/fr\/#organization\"},\"alternateName\":\"Universit\u00e9 du Luxembourg\",\"potentialAction\":[{\"@type\":\"SearchAction\",\"target\":{\"@type\":\"EntryPoint\",\"urlTemplate\":\"https:\/\/www.uni.lu\/fr\/?s={search_term_string}\"},\"query-input\":\"required name=search_term_string\"}],\"inLanguage\":\"fr-FR\"},{\"@type\":\"Organization\",\"@id\":\"https:\/\/www.uni.lu\/fr\/#organization\",\"name\":\"Universit\u00e9 du Luxembourg\",\"alternateName\":\"Uni.lu\",\"url\":\"https:\/\/www.uni.lu\/fr\/\",\"logo\":{\"@type\":\"ImageObject\",\"inLanguage\":\"fr-FR\",\"@id\":\"https:\/\/www.uni.lu\/fr\/#\/schema\/logo\/image\/\",\"url\":\"https:\/\/www.uni.lu\/wp-content\/uploads\/sites\/11\/2026\/03\/03120045\/UNIV_SM-Profile_1600x1600px-scaled.jpg\",\"contentUrl\":\"https:\/\/www.uni.lu\/wp-content\/uploads\/sites\/11\/2026\/03\/03120045\/UNIV_SM-Profile_1600x1600px-scaled.jpg\",\"width\":2560,\"height\":2560,\"caption\":\"Universit\u00e9 du Luxembourg\"},\"image\":\"https:\/\/www.uni.lu\/wp-content\/uploads\/sites\/11\/2026\/04\/24120552\/20200609-Belval-Campus_Henri-Goergen-23.jpg\",\"sameAs\":[\"https:\/\/www.facebook.com\/uni.lu\",\"https:\/\/www.linkedin.com\/school\/university-of-luxembourg\/\",\"https:\/\/www.instagram.com\/uni.lu\",\"https:\/\/www.youtube.com\/@uni_lu\",\"https:\/\/en.wikipedia.org\/wiki\/University_of_Luxembourg\"],\"email\":\"communication@uni.lu\",\"telephone\":\"+352 46 66 44 1\",\"address\":{\"@type\":\"PostalAddress\",\"streetAddress\":\"2, place de l\u2019Universit\u00e9\",\"addressLocality\":\"Esch-sur-Alzette\",\"postalCode\":\"4365\",\"addressCountry\":\"LU\"},\"description\":\"Universit\u00e9 du Luxembourg\"},{\"@type\":\"Person\",\"@id\":\"https:\/\/www.uni.lu\/fr\/#\/schema\/person\/67d3defa53981502bf9cddb74a850c08\",\"name\":\"Catherine Clesse\",\"image\":{\"@type\":\"ImageObject\",\"inLanguage\":\"fr-FR\",\"@id\":\"https:\/\/www.uni.lu\/fr\/#\/schema\/person\/image\/\",\"url\":\"https:\/\/secure.gravatar.com\/avatar\/6a2e15a24f9036a6aee8753304e46c2d?s=96&d=mm&r=g\",\"contentUrl\":\"https:\/\/secure.gravatar.com\/avatar\/6a2e15a24f9036a6aee8753304e46c2d?s=96&d=mm&r=g\",\"caption\":\"Catherine Clesse\"}}]}<\/script>\n<!-- \/ Yoast SEO Premium plugin. -->","yoast_head_json":{"title":"Un alumni fait vibrer le campus de Belval avec le festival LOA - Universit\u00e9 du Luxembourg","description":"Sur le campus de Belval, les derni\u00e8res traces d'un week-end enfi\u00e9vr\u00e9 s'estompent, et l'excitation du Luxembourg Open Air (LOA) fait place au bourdonnement","robots":{"index":"index","follow":"follow","max-snippet":"max-snippet:-1","max-image-preview":"max-image-preview:large","max-video-preview":"max-video-preview:-1"},"canonical":"https:\/\/www.uni.lu\/fr\/news\/un-alumni-fait-vibrer-le-campus-de-belval-avec-le-festival-loa\/","og_locale":"fr_FR","og_type":"article","og_title":"Un alumni fait vibrer le campus de Belval avec le festival LOA","og_description":"Sur le campus de Belval, les derni\u00e8res traces d'un week-end enfi\u00e9vr\u00e9 s'estompent, et l'excitation du Luxembourg Open Air (LOA) fait place au bourdonnement","og_url":"https:\/\/www.uni.lu\/fr\/news\/un-alumni-fait-vibrer-le-campus-de-belval-avec-le-festival-loa\/","og_site_name":"UNI FR","article_publisher":"https:\/\/www.facebook.com\/uni.lu","article_modified_time":"2025-05-13T14:02:22+00:00","og_image":[{"width":2560,"height":1920,"url":"https:\/\/www.uni.lu\/wp-content\/uploads\/sites\/11\/2025\/05\/Header-photo.-Sebastien-Jacque.-Copyright-Private-scaled.jpg","type":"image\/jpeg"}],"twitter_card":"summary_large_image","twitter_misc":{"Dur\u00e9e de lecture estim\u00e9e":"3 minutes"},"schema":{"@context":"https:\/\/schema.org","@graph":[{"@type":"NewsArticle","@id":"https:\/\/www.uni.lu\/fr\/news\/un-alumni-fait-vibrer-le-campus-de-belval-avec-le-festival-loa\/#article","isPartOf":{"@id":"https:\/\/www.uni.lu\/fr\/news\/un-alumni-fait-vibrer-le-campus-de-belval-avec-le-festival-loa\/"},"author":{"name":"Catherine Clesse","@id":"https:\/\/www.uni.lu\/fr\/#\/schema\/person\/67d3defa53981502bf9cddb74a850c08"},"headline":"Un alumni fait vibrer le campus de Belval avec le festival LOA","datePublished":"2025-05-13T12:39:43+00:00","dateModified":"2025-05-13T14:02:22+00:00","mainEntityOfPage":{"@id":"https:\/\/www.uni.lu\/fr\/news\/un-alumni-fait-vibrer-le-campus-de-belval-avec-le-festival-loa\/"},"wordCount":492,"publisher":{"@id":"https:\/\/www.uni.lu\/fr\/#organization"},"image":{"@id":"https:\/\/www.uni.lu\/fr\/news\/un-alumni-fait-vibrer-le-campus-de-belval-avec-le-festival-loa\/#primaryimage"},"thumbnailUrl":"https:\/\/www.uni.lu\/wp-content\/uploads\/sites\/11\/2025\/05\/Header-photo.-Sebastien-Jacque.-Copyright-Private-scaled.jpg","inLanguage":"fr-FR"},{"@type":"WebPage","@id":"https:\/\/www.uni.lu\/fr\/news\/un-alumni-fait-vibrer-le-campus-de-belval-avec-le-festival-loa\/","url":"https:\/\/www.uni.lu\/fr\/news\/un-alumni-fait-vibrer-le-campus-de-belval-avec-le-festival-loa\/","name":"Un alumni fait vibrer le campus de Belval avec le festival LOA - Universit\u00e9 du Luxembourg","isPartOf":{"@id":"https:\/\/www.uni.lu\/fr\/#website"},"primaryImageOfPage":{"@id":"https:\/\/www.uni.lu\/fr\/news\/un-alumni-fait-vibrer-le-campus-de-belval-avec-le-festival-loa\/#primaryimage"},"image":{"@id":"https:\/\/www.uni.lu\/fr\/news\/un-alumni-fait-vibrer-le-campus-de-belval-avec-le-festival-loa\/#primaryimage"},"thumbnailUrl":"https:\/\/www.uni.lu\/wp-content\/uploads\/sites\/11\/2025\/05\/Header-photo.-Sebastien-Jacque.-Copyright-Private-scaled.jpg","datePublished":"2025-05-13T12:39:43+00:00","dateModified":"2025-05-13T14:02:22+00:00","description":"Sur le campus de Belval, les derni\u00e8res traces d'un week-end enfi\u00e9vr\u00e9 s'estompent, et l'excitation du Luxembourg Open Air (LOA) fait place au bourdonnement","breadcrumb":{"@id":"https:\/\/www.uni.lu\/fr\/news\/un-alumni-fait-vibrer-le-campus-de-belval-avec-le-festival-loa\/#breadcrumb"},"inLanguage":"fr-FR","potentialAction":[{"@type":"ReadAction","target":["https:\/\/www.uni.lu\/fr\/news\/un-alumni-fait-vibrer-le-campus-de-belval-avec-le-festival-loa\/"]}]},{"@type":"ImageObject","inLanguage":"fr-FR","@id":"https:\/\/www.uni.lu\/fr\/news\/un-alumni-fait-vibrer-le-campus-de-belval-avec-le-festival-loa\/#primaryimage","url":"https:\/\/www.uni.lu\/wp-content\/uploads\/sites\/11\/2025\/05\/Header-photo.-Sebastien-Jacque.-Copyright-Private-scaled.jpg","contentUrl":"https:\/\/www.uni.lu\/wp-content\/uploads\/sites\/11\/2025\/05\/Header-photo.-Sebastien-Jacque.-Copyright-Private-scaled.jpg","width":2560,"height":1920},{"@type":"BreadcrumbList","@id":"https:\/\/www.uni.lu\/fr\/news\/un-alumni-fait-vibrer-le-campus-de-belval-avec-le-festival-loa\/#breadcrumb","itemListElement":[{"@type":"ListItem","position":1,"name":"Home","item":"https:\/\/www.uni.lu\/fr\/"},{"@type":"ListItem","position":2,"name":"News","item":"https:\/\/www.uni.lu\/fr\/news\/"},{"@type":"ListItem","position":3,"name":"Un alumni fait vibrer le campus de Belval avec le festival LOA"}]},{"@type":"WebSite","@id":"https:\/\/www.uni.lu\/fr\/#website","url":"https:\/\/www.uni.lu\/fr\/","name":"Uni.lu","description":"Universit\u00e9 du Luxembourg","publisher":{"@id":"https:\/\/www.uni.lu\/fr\/#organization"},"alternateName":"Universit\u00e9 du Luxembourg","potentialAction":[{"@type":"SearchAction","target":{"@type":"EntryPoint","urlTemplate":"https:\/\/www.uni.lu\/fr\/?s={search_term_string}"},"query-input":"required name=search_term_string"}],"inLanguage":"fr-FR"},{"@type":"Organization","@id":"https:\/\/www.uni.lu\/fr\/#organization","name":"Universit\u00e9 du Luxembourg","alternateName":"Uni.lu","url":"https:\/\/www.uni.lu\/fr\/","logo":{"@type":"ImageObject","inLanguage":"fr-FR","@id":"https:\/\/www.uni.lu\/fr\/#\/schema\/logo\/image\/","url":"https:\/\/www.uni.lu\/wp-content\/uploads\/sites\/11\/2026\/03\/03120045\/UNIV_SM-Profile_1600x1600px-scaled.jpg","contentUrl":"https:\/\/www.uni.lu\/wp-content\/uploads\/sites\/11\/2026\/03\/03120045\/UNIV_SM-Profile_1600x1600px-scaled.jpg","width":2560,"height":2560,"caption":"Universit\u00e9 du Luxembourg"},"image":"https:\/\/www.uni.lu\/wp-content\/uploads\/sites\/11\/2026\/04\/24120552\/20200609-Belval-Campus_Henri-Goergen-23.jpg","sameAs":["https:\/\/www.facebook.com\/uni.lu","https:\/\/www.linkedin.com\/school\/university-of-luxembourg\/","https:\/\/www.instagram.com\/uni.lu","https:\/\/www.youtube.com\/@uni_lu","https:\/\/en.wikipedia.org\/wiki\/University_of_Luxembourg"],"email":"communication@uni.lu","telephone":"+352 46 66 44 1","address":{"@type":"PostalAddress","streetAddress":"2, place de l\u2019Universit\u00e9","addressLocality":"Esch-sur-Alzette","postalCode":"4365","addressCountry":"LU"},"description":"Universit\u00e9 du Luxembourg"},{"@type":"Person","@id":"https:\/\/www.uni.lu\/fr\/#\/schema\/person\/67d3defa53981502bf9cddb74a850c08","name":"Catherine Clesse","image":{"@type":"ImageObject","inLanguage":"fr-FR","@id":"https:\/\/www.uni.lu\/fr\/#\/schema\/person\/image\/","url":"https:\/\/secure.gravatar.com\/avatar\/6a2e15a24f9036a6aee8753304e46c2d?s=96&d=mm&r=g","contentUrl":"https:\/\/secure.gravatar.com\/avatar\/6a2e15a24f9036a6aee8753304e46c2d?s=96&d=mm&r=g","caption":"Catherine Clesse"}}]}},"blog_id":11,"_links":{"self":[{"href":"https:\/\/www.uni.lu\/fr\/wp-json\/wp\/v2\/news\/15213"}],"collection":[{"href":"https:\/\/www.uni.lu\/fr\/wp-json\/wp\/v2\/news"}],"about":[{"href":"https:\/\/www.uni.lu\/fr\/wp-json\/wp\/v2\/types\/news"}],"author":[{"embeddable":true,"href":"https:\/\/www.uni.lu\/fr\/wp-json\/wp\/v2\/users\/341"}],"version-history":[{"count":4,"href":"https:\/\/www.uni.lu\/fr\/wp-json\/wp\/v2\/news\/15213\/revisions"}],"predecessor-version":[{"id":15220,"href":"https:\/\/www.uni.lu\/fr\/wp-json\/wp\/v2\/news\/15213\/revisions\/15220"}],"wp:authorship":[{"embeddable":true,"href":"https:\/\/www.uni.lu\/fr\/wp-json\/wp\/v2\/users\/341"}],"wp:featuredmedia":[{"embeddable":true,"href":"https:\/\/www.uni.lu\/fr\/wp-json\/wp\/v2\/media\/15216"}],"wp:attachment":[{"href":"https:\/\/www.uni.lu\/fr\/wp-json\/wp\/v2\/media?parent=15213"}],"wp:term":[{"taxonomy":"news-category","embeddable":true,"href":"https:\/\/www.uni.lu\/fr\/wp-json\/wp\/v2\/news-category?post=15213"},{"taxonomy":"news-topic","embeddable":true,"href":"https:\/\/www.uni.lu\/fr\/wp-json\/wp\/v2\/news-topic?post=15213"},{"taxonomy":"organisation","embeddable":true,"href":"https:\/\/www.uni.lu\/fr\/wp-json\/wp\/v2\/organisation?post=15213"}],"curies":[{"name":"wp","href":"https:\/\/api.w.org\/{rel}","templated":true}]}}