{"id":1515,"date":"2021-09-21T08:46:38","date_gmt":"2021-09-21T08:46:38","guid":{"rendered":"https:\/\/website.prod.unilu.spikeseed.cloud\/fr\/news\/le-prof-pallage-ne-briguera-pas-de-second-mandat-de-recteur\/"},"modified":"2021-09-21T08:46:38","modified_gmt":"2021-09-21T08:46:38","slug":"le-prof-pallage-ne-briguera-pas-de-second-mandat-de-recteur","status":"publish","type":"news","link":"https:\/\/www.uni.lu\/fr\/news\/le-prof-pallage-ne-briguera-pas-de-second-mandat-de-recteur\/","title":{"rendered":"Le prof. Pallage ne briguera pas de second mandat de recteur"},"content":{"rendered":"<section class=\"wp-block-unilux-blocks-free-section section\"><div class=\"container xl:max-w-screen-xl\"><p>Le Conseil de gouvernance de l\u2019Universit\u00e9 du Luxembourg a pris acte de la d\u00e9cision du recteur St\u00e9phane Pallage de ne pas briguer un second mandat en tant que recteur de l\u2019Universit\u00e9 du Luxembourg. Le professeur Pallage a invoqu\u00e9 les circonstances induites par la pand\u00e9mie du COVID 19 et qui rendent sa situation familiale tr\u00e8s difficile, ce pour quoi le Conseil exprime toute sa compr\u00e9hension.<\/p><p>Afin d\u2019assurer la continuit\u00e9 \u00e0 la t\u00eate de l\u2019Universit\u00e9 au terme du mandat du recteur, et conform\u00e9ment aux dispositions de la Loi modifi\u00e9e du 27 juin 2018, le Conseil de gouvernance a entam\u00e9 ses travaux en vue du recrutement du prochain recteur de l\u2019Universit\u00e9 du Luxembourg, pour une prise de fonction le 1er janvier 2023.<\/p><\/div><\/section>","protected":false},"excerpt":{"rendered":"<p>Le Conseil de gouvernance de l\u2019Universit\u00e9 du Luxembourg a pris acte de la d\u00e9cision du recteur St\u00e9phane Pallage de ne pas briguer un second mandat en tant que recteur de l\u2019Universit\u00e9 du Luxembourg. Le professeur Pallage a invoqu\u00e9 les circonstances induites par la pand\u00e9mie du COVID 19 et qui rendent sa situation familiale tr\u00e8s difficile, ce pour quoi le Conseil exprime toute sa compr\u00e9hension.<\/p>\n","protected":false},"author":0,"featured_media":0,"template":"","format":"standard","meta":{"featured_image_focal_point":[],"show_featured_caption":false,"ulux_newsletter_groups":"","uluxPostTitle":"","uluxPrePostTitle":"","_trash_the_other_posts":false,"_price":"","_stock":"","_tribe_ticket_header":"","_tribe_default_ticket_provider":"","_tribe_ticket_capacity":"0","_ticket_start_date":"","_ticket_end_date":"","_tribe_ticket_show_description":"","_tribe_ticket_show_not_going":false,"_tribe_ticket_use_global_stock":"","_tribe_ticket_global_stock_level":"","_global_stock_mode":"","_global_stock_cap":"","_tribe_rsvp_for_event":"","_tribe_ticket_going_count":"","_tribe_ticket_not_going_count":"","_tribe_tickets_list":"[]","_tribe_ticket_has_attendee_info_fields":false},"news-category":[3],"news-topic":[],"organisation":[226],"authorship":[],"acf":[],"yoast_head":"<!-- This site is optimized with the Yoast SEO Premium plugin v22.3 (Yoast SEO v22.3) - https:\/\/yoast.com\/wordpress\/plugins\/seo\/ -->\n<title>Le prof. Pallage ne briguera pas de second mandat de recteur - Universit\u00e9 du Luxembourg<\/title>\n<meta name=\"description\" content=\"Le Conseil de gouvernance de l\u2019Universit\u00e9 du Luxembourg a pris acte de la d\u00e9cision du recteur St\u00e9phane Pallage de ne pas briguer un second mandat en tant que recteur de l\u2019Universit\u00e9 du Luxembourg. Le professeur Pallage a invoqu\u00e9 les circonstances induites par la pand\u00e9mie du COVID 19 et qui rendent sa situation familiale tr\u00e8s difficile, ce pour quoi le Conseil exprime toute sa compr\u00e9hension.\" \/>\n<meta name=\"robots\" content=\"index, follow, max-snippet:-1, max-image-preview:large, max-video-preview:-1\" \/>\n<link rel=\"canonical\" href=\"https:\/\/www.uni.lu\/fr\/news\/\" \/>\n<meta property=\"og:locale\" content=\"fr_FR\" \/>\n<meta property=\"og:type\" content=\"article\" \/>\n<meta property=\"og:title\" content=\"Le prof. Pallage ne briguera pas de second mandat de recteur\" \/>\n<meta property=\"og:description\" content=\"Le Conseil de gouvernance de l\u2019Universit\u00e9 du Luxembourg a pris acte de la d\u00e9cision du recteur St\u00e9phane Pallage de ne pas briguer un second mandat en tant que recteur de l\u2019Universit\u00e9 du Luxembourg. Le professeur Pallage a invoqu\u00e9 les circonstances induites par la pand\u00e9mie du COVID 19 et qui rendent sa situation familiale tr\u00e8s difficile, ce pour quoi le Conseil exprime toute sa compr\u00e9hension.\" \/>\n<meta property=\"og:url\" content=\"https:\/\/www.uni.lu\/fr\/news\/\" \/>\n<meta property=\"og:site_name\" content=\"UNI FR\" \/>\n<meta property=\"article:publisher\" content=\"https:\/\/www.facebook.com\/uni.lu\" \/>\n<meta property=\"og:image\" content=\"https:\/\/www.uni.lu\/wp-content\/uploads\/sites\/11\/2021\/09\/le_prof_pallage_ne_briguera_pas_de_second_mandat_de_recteur.jpg\" \/>\n\t<meta property=\"og:image:width\" content=\"800\" \/>\n\t<meta property=\"og:image:height\" content=\"600\" \/>\n\t<meta property=\"og:image:type\" content=\"image\/jpeg\" \/>\n<meta name=\"twitter:card\" content=\"summary_large_image\" \/>\n<meta name=\"twitter:label1\" content=\"Dur\u00e9e de lecture estim\u00e9e\" \/>\n\t<meta name=\"twitter:data1\" content=\"1 minute\" \/>\n<script type=\"application\/ld+json\" class=\"yoast-schema-graph\">{\"@context\":\"https:\/\/schema.org\",\"@graph\":[{\"@type\":\"NewsArticle\",\"@id\":\"https:\/\/www.uni.lu\/fr\/news\/#article\",\"isPartOf\":{\"@id\":\"https:\/\/www.uni.lu\/fr\/news\/\"},\"author\":{\"name\":\"\",\"@id\":\"\"},\"headline\":\"Le prof. Pallage ne briguera pas de second mandat de recteur\",\"datePublished\":\"2021-09-21T08:46:38+00:00\",\"dateModified\":\"2021-09-21T08:46:38+00:00\",\"mainEntityOfPage\":{\"@id\":\"https:\/\/www.uni.lu\/fr\/news\/\"},\"wordCount\":138,\"publisher\":{\"@id\":\"https:\/\/www.uni.lu\/fr\/#organization\"},\"inLanguage\":\"fr-FR\"},{\"@type\":\"WebPage\",\"@id\":\"https:\/\/www.uni.lu\/fr\/news\/\",\"url\":\"https:\/\/www.uni.lu\/fr\/news\/\",\"name\":\"Le prof. Pallage ne briguera pas de second mandat de recteur - Universit\u00e9 du Luxembourg\",\"isPartOf\":{\"@id\":\"https:\/\/www.uni.lu\/fr\/#website\"},\"datePublished\":\"2021-09-21T08:46:38+00:00\",\"dateModified\":\"2021-09-21T08:46:38+00:00\",\"description\":\"Le Conseil de gouvernance de l\u2019Universit\u00e9 du Luxembourg a pris acte de la d\u00e9cision du recteur St\u00e9phane Pallage de ne pas briguer un second mandat en tant que recteur de l\u2019Universit\u00e9 du Luxembourg. Le professeur Pallage a invoqu\u00e9 les circonstances induites par la pand\u00e9mie du COVID 19 et qui rendent sa situation familiale tr\u00e8s difficile, ce pour quoi le Conseil exprime toute sa compr\u00e9hension.\",\"breadcrumb\":{\"@id\":\"https:\/\/www.uni.lu\/fr\/news\/#breadcrumb\"},\"inLanguage\":\"fr-FR\",\"potentialAction\":[{\"@type\":\"ReadAction\",\"target\":[\"https:\/\/www.uni.lu\/fr\/news\/\"]}]},{\"@type\":\"BreadcrumbList\",\"@id\":\"https:\/\/www.uni.lu\/fr\/news\/#breadcrumb\",\"itemListElement\":[{\"@type\":\"ListItem\",\"position\":1,\"name\":\"Home\",\"item\":\"https:\/\/www.uni.lu\/fr\/\"},{\"@type\":\"ListItem\",\"position\":2,\"name\":\"News\",\"item\":\"https:\/\/www.uni.lu\/fr\/news\/\"},{\"@type\":\"ListItem\",\"position\":3,\"name\":\"Le prof. Pallage ne briguera pas de second mandat de recteur\"}]},{\"@type\":\"WebSite\",\"@id\":\"https:\/\/www.uni.lu\/fr\/#website\",\"url\":\"https:\/\/www.uni.lu\/fr\/\",\"name\":\"Uni.lu\",\"description\":\"Universit\u00e9 du Luxembourg\",\"publisher\":{\"@id\":\"https:\/\/www.uni.lu\/fr\/#organization\"},\"alternateName\":\"Universit\u00e9 du Luxembourg\",\"potentialAction\":[{\"@type\":\"SearchAction\",\"target\":{\"@type\":\"EntryPoint\",\"urlTemplate\":\"https:\/\/www.uni.lu\/fr\/?s={search_term_string}\"},\"query-input\":\"required name=search_term_string\"}],\"inLanguage\":\"fr-FR\"},{\"@type\":\"Organization\",\"@id\":\"https:\/\/www.uni.lu\/fr\/#organization\",\"name\":\"Universit\u00e9 du Luxembourg\",\"alternateName\":\"Uni.lu\",\"url\":\"https:\/\/www.uni.lu\/fr\/\",\"logo\":{\"@type\":\"ImageObject\",\"inLanguage\":\"fr-FR\",\"@id\":\"https:\/\/www.uni.lu\/fr\/#\/schema\/logo\/image\/\",\"url\":\"https:\/\/www.uni.lu\/wp-content\/uploads\/sites\/11\/2026\/03\/03120045\/UNIV_SM-Profile_1600x1600px-scaled.jpg\",\"contentUrl\":\"https:\/\/www.uni.lu\/wp-content\/uploads\/sites\/11\/2026\/03\/03120045\/UNIV_SM-Profile_1600x1600px-scaled.jpg\",\"width\":2560,\"height\":2560,\"caption\":\"Universit\u00e9 du Luxembourg\"},\"image\":\"https:\/\/www.uni.lu\/wp-content\/uploads\/sites\/11\/2026\/04\/24120552\/20200609-Belval-Campus_Henri-Goergen-23.jpg\",\"sameAs\":[\"https:\/\/www.facebook.com\/uni.lu\",\"https:\/\/www.linkedin.com\/school\/university-of-luxembourg\/\",\"https:\/\/www.instagram.com\/uni.lu\",\"https:\/\/www.youtube.com\/@uni_lu\",\"https:\/\/en.wikipedia.org\/wiki\/University_of_Luxembourg\"],\"email\":\"communication@uni.lu\",\"telephone\":\"+352 46 66 44 1\",\"address\":{\"@type\":\"PostalAddress\",\"streetAddress\":\"2, place de l\u2019Universit\u00e9\",\"addressLocality\":\"Esch-sur-Alzette\",\"postalCode\":\"4365\",\"addressCountry\":\"LU\"},\"description\":\"Universit\u00e9 du Luxembourg\"}]}<\/script>\n<!-- \/ Yoast SEO Premium plugin. -->","yoast_head_json":{"title":"Le prof. Pallage ne briguera pas de second mandat de recteur - Universit\u00e9 du Luxembourg","description":"Le Conseil de gouvernance de l\u2019Universit\u00e9 du Luxembourg a pris acte de la d\u00e9cision du recteur St\u00e9phane Pallage de ne pas briguer un second mandat en tant que recteur de l\u2019Universit\u00e9 du Luxembourg. Le professeur Pallage a invoqu\u00e9 les circonstances induites par la pand\u00e9mie du COVID 19 et qui rendent sa situation familiale tr\u00e8s difficile, ce pour quoi le Conseil exprime toute sa compr\u00e9hension.","robots":{"index":"index","follow":"follow","max-snippet":"max-snippet:-1","max-image-preview":"max-image-preview:large","max-video-preview":"max-video-preview:-1"},"canonical":"https:\/\/www.uni.lu\/fr\/news\/","og_locale":"fr_FR","og_type":"article","og_title":"Le prof. Pallage ne briguera pas de second mandat de recteur","og_description":"Le Conseil de gouvernance de l\u2019Universit\u00e9 du Luxembourg a pris acte de la d\u00e9cision du recteur St\u00e9phane Pallage de ne pas briguer un second mandat en tant que recteur de l\u2019Universit\u00e9 du Luxembourg. Le professeur Pallage a invoqu\u00e9 les circonstances induites par la pand\u00e9mie du COVID 19 et qui rendent sa situation familiale tr\u00e8s difficile, ce pour quoi le Conseil exprime toute sa compr\u00e9hension.","og_url":"https:\/\/www.uni.lu\/fr\/news\/","og_site_name":"UNI FR","article_publisher":"https:\/\/www.facebook.com\/uni.lu","og_image":[{"width":800,"height":600,"url":"https:\/\/www.uni.lu\/wp-content\/uploads\/sites\/11\/2021\/09\/le_prof_pallage_ne_briguera_pas_de_second_mandat_de_recteur.jpg","type":"image\/jpeg"}],"twitter_card":"summary_large_image","twitter_misc":{"Dur\u00e9e de lecture estim\u00e9e":"1 minute"},"schema":{"@context":"https:\/\/schema.org","@graph":[{"@type":"NewsArticle","@id":"https:\/\/www.uni.lu\/fr\/news\/#article","isPartOf":{"@id":"https:\/\/www.uni.lu\/fr\/news\/"},"author":{"name":"","@id":""},"headline":"Le prof. Pallage ne briguera pas de second mandat de recteur","datePublished":"2021-09-21T08:46:38+00:00","dateModified":"2021-09-21T08:46:38+00:00","mainEntityOfPage":{"@id":"https:\/\/www.uni.lu\/fr\/news\/"},"wordCount":138,"publisher":{"@id":"https:\/\/www.uni.lu\/fr\/#organization"},"inLanguage":"fr-FR"},{"@type":"WebPage","@id":"https:\/\/www.uni.lu\/fr\/news\/","url":"https:\/\/www.uni.lu\/fr\/news\/","name":"Le prof. Pallage ne briguera pas de second mandat de recteur - Universit\u00e9 du Luxembourg","isPartOf":{"@id":"https:\/\/www.uni.lu\/fr\/#website"},"datePublished":"2021-09-21T08:46:38+00:00","dateModified":"2021-09-21T08:46:38+00:00","description":"Le Conseil de gouvernance de l\u2019Universit\u00e9 du Luxembourg a pris acte de la d\u00e9cision du recteur St\u00e9phane Pallage de ne pas briguer un second mandat en tant que recteur de l\u2019Universit\u00e9 du Luxembourg. Le professeur Pallage a invoqu\u00e9 les circonstances induites par la pand\u00e9mie du COVID 19 et qui rendent sa situation familiale tr\u00e8s difficile, ce pour quoi le Conseil exprime toute sa compr\u00e9hension.","breadcrumb":{"@id":"https:\/\/www.uni.lu\/fr\/news\/#breadcrumb"},"inLanguage":"fr-FR","potentialAction":[{"@type":"ReadAction","target":["https:\/\/www.uni.lu\/fr\/news\/"]}]},{"@type":"BreadcrumbList","@id":"https:\/\/www.uni.lu\/fr\/news\/#breadcrumb","itemListElement":[{"@type":"ListItem","position":1,"name":"Home","item":"https:\/\/www.uni.lu\/fr\/"},{"@type":"ListItem","position":2,"name":"News","item":"https:\/\/www.uni.lu\/fr\/news\/"},{"@type":"ListItem","position":3,"name":"Le prof. Pallage ne briguera pas de second mandat de recteur"}]},{"@type":"WebSite","@id":"https:\/\/www.uni.lu\/fr\/#website","url":"https:\/\/www.uni.lu\/fr\/","name":"Uni.lu","description":"Universit\u00e9 du Luxembourg","publisher":{"@id":"https:\/\/www.uni.lu\/fr\/#organization"},"alternateName":"Universit\u00e9 du Luxembourg","potentialAction":[{"@type":"SearchAction","target":{"@type":"EntryPoint","urlTemplate":"https:\/\/www.uni.lu\/fr\/?s={search_term_string}"},"query-input":"required name=search_term_string"}],"inLanguage":"fr-FR"},{"@type":"Organization","@id":"https:\/\/www.uni.lu\/fr\/#organization","name":"Universit\u00e9 du Luxembourg","alternateName":"Uni.lu","url":"https:\/\/www.uni.lu\/fr\/","logo":{"@type":"ImageObject","inLanguage":"fr-FR","@id":"https:\/\/www.uni.lu\/fr\/#\/schema\/logo\/image\/","url":"https:\/\/www.uni.lu\/wp-content\/uploads\/sites\/11\/2026\/03\/03120045\/UNIV_SM-Profile_1600x1600px-scaled.jpg","contentUrl":"https:\/\/www.uni.lu\/wp-content\/uploads\/sites\/11\/2026\/03\/03120045\/UNIV_SM-Profile_1600x1600px-scaled.jpg","width":2560,"height":2560,"caption":"Universit\u00e9 du Luxembourg"},"image":"https:\/\/www.uni.lu\/wp-content\/uploads\/sites\/11\/2026\/04\/24120552\/20200609-Belval-Campus_Henri-Goergen-23.jpg","sameAs":["https:\/\/www.facebook.com\/uni.lu","https:\/\/www.linkedin.com\/school\/university-of-luxembourg\/","https:\/\/www.instagram.com\/uni.lu","https:\/\/www.youtube.com\/@uni_lu","https:\/\/en.wikipedia.org\/wiki\/University_of_Luxembourg"],"email":"communication@uni.lu","telephone":"+352 46 66 44 1","address":{"@type":"PostalAddress","streetAddress":"2, place de l\u2019Universit\u00e9","addressLocality":"Esch-sur-Alzette","postalCode":"4365","addressCountry":"LU"},"description":"Universit\u00e9 du Luxembourg"}]}},"blog_id":11,"_links":{"self":[{"href":"https:\/\/www.uni.lu\/fr\/wp-json\/wp\/v2\/news\/1515"}],"collection":[{"href":"https:\/\/www.uni.lu\/fr\/wp-json\/wp\/v2\/news"}],"about":[{"href":"https:\/\/www.uni.lu\/fr\/wp-json\/wp\/v2\/types\/news"}],"version-history":[{"count":0,"href":"https:\/\/www.uni.lu\/fr\/wp-json\/wp\/v2\/news\/1515\/revisions"}],"wp:attachment":[{"href":"https:\/\/www.uni.lu\/fr\/wp-json\/wp\/v2\/media?parent=1515"}],"wp:term":[{"taxonomy":"news-category","embeddable":true,"href":"https:\/\/www.uni.lu\/fr\/wp-json\/wp\/v2\/news-category?post=1515"},{"taxonomy":"news-topic","embeddable":true,"href":"https:\/\/www.uni.lu\/fr\/wp-json\/wp\/v2\/news-topic?post=1515"},{"taxonomy":"organisation","embeddable":true,"href":"https:\/\/www.uni.lu\/fr\/wp-json\/wp\/v2\/organisation?post=1515"}],"curies":[{"name":"wp","href":"https:\/\/api.w.org\/{rel}","templated":true}]}}