{"id":1502,"date":"2021-09-16T15:21:31","date_gmt":"2021-09-16T15:21:31","guid":{"rendered":"https:\/\/website.prod.unilu.spikeseed.cloud\/fr\/news\/le-pr-du-conseil-de-lue-michel-et-le-pm-bettel-a-la-maison-schuman\/"},"modified":"2021-09-16T15:21:31","modified_gmt":"2021-09-16T15:21:31","slug":"le-pr-du-conseil-de-lue-michel-et-le-pm-bettel-a-la-maison-schuman","status":"publish","type":"news","link":"https:\/\/www.uni.lu\/fr\/news\/le-pr-du-conseil-de-lue-michel-et-le-pm-bettel-a-la-maison-schuman\/","title":{"rendered":"Le Pr du Conseil de l&rsquo;UE Michel et le PM Bettel \u00e0 la Maison Schuman"},"content":{"rendered":"<section class=\"wp-block-unilux-blocks-free-section section\"><div class=\"container xl:max-w-screen-xl\"><p>L&rsquo;Universit\u00e9 du Luxembourg a accueilli la visite du pr\u00e9sident du Conseil de l&rsquo;UE Charles Michel et du Premier ministre luxembourgeois Xavier Bettel \u00e0 la Maison Schuman, lieu de naissance de Robert Schuman, p\u00e8re fondateur de la premi\u00e8re Communaut\u00e9 europ\u00e9enne du charbon et de l&rsquo;acier et initiateur de la D\u00e9claration Schuman du 9 mai 1950 qui a ouvert la voie \u00e0 la cr\u00e9ation de l&rsquo;Union europ\u00e9enne.<\/p><p>La Maison Schuman est aujourd&rsquo;hui utilis\u00e9e par le <a href=\"https:\/\/wwwfr.uni.lu\/c2dh\" target=\"_self\" title=\"\" rel=\"noopener\">Luxembourg Centre for Contemporary and Digital History<\/a> (C\u00b2DH) de l&rsquo;Universit\u00e9 du Luxembourg comme lieu d&rsquo;enseignement et de recherche sur l&rsquo;histoire contemporaine luxembourgeoise et europ\u00e9enne.<\/p><p>La d\u00e9l\u00e9gation incluait \u00e9galement la pr\u00e9sence de St\u00e9phane Pallage, recteur de l&rsquo;Universit\u00e9 du Luxembourg et de <a href=\"https:\/\/wwwfr.uni.lu\/c2dh\/people\/andreas_fickers\" target=\"_self\" title=\"\" rel=\"noopener\">Andreas Fickers<\/a>, directeur du C<sup>2<\/sup>DH.<\/p><p>Situ\u00e9e dans le quartier Clausen de la ville de Luxembourg, la <a href=\"https:\/\/maison-schuman.uni.lu\/en\/\" target=\"_blank\" title=\"\" rel=\"noopener\">Maison Robert Schuman<\/a> a \u00e9t\u00e9 acquise par le gouvernement luxembourgeois en 1985, afin de maintenir et de d\u00e9velopper sa dimension historique en tant qu&rsquo;\u00e9l\u00e9ment central du patrimoine culturel du Luxembourg, de la France et de la Communaut\u00e9 europ\u00e9enne.<\/p><figure class=\"wp-block-dev4-reusable-blocks-image  object-fit--contain\">\n    \n<img decoding=\"async\" class=\"wp-block-image unilux-custom-image-block\"\n                alt=\"\"\n            src=\"https:\/\/www.uni.lu\/wp-content\/uploads\/sites\/11\/2023\/07\/visite.jpg\"\n                    style=\"object-position: 50.00% 50.00%; font-family: &quot;object-fit: contain; object-position: 50.00% 50.00%;&quot;; aspect-ratio: 16\/9; object-fit: contain; width: 100%;\"\n        loading=\"lazy\"\n\/>            <p class=\"wp-block-dev4-reusable-blocks-image-caption\">\n            Charles Michel, Xavier Bettel, St\u00e9phane Pallage et Andreas Fickers dans le jardin de la Maison Schuman.\u00a0\u00a9 Universit\u00e9 du Luxembourg        <\/p>\n    <\/figure><\/div><\/section>","protected":false},"excerpt":{"rendered":"<p>L&rsquo;Universit\u00e9 du Luxembourg a accueilli la visite du pr\u00e9sident du Conseil de l&rsquo;UE Charles Michel et du Premier ministre luxembourgeois Xavier Bettel \u00e0 la Maison Schuman, lieu de naissance de Robert Schuman, p\u00e8re fondateur de la premi\u00e8re Communaut\u00e9 europ\u00e9enne du charbon et de l&rsquo;acier et initiateur de la D\u00e9claration Schuman du 9 mai 1950 qui a ouvert la voie \u00e0 la cr\u00e9ation de l&rsquo;Union europ\u00e9enne.<\/p>\n","protected":false},"author":0,"featured_media":0,"template":"","format":"standard","meta":{"featured_image_focal_point":[],"show_featured_caption":false,"ulux_newsletter_groups":"","uluxPostTitle":"","uluxPrePostTitle":"","_trash_the_other_posts":false,"_price":"","_stock":"","_tribe_ticket_header":"","_tribe_default_ticket_provider":"","_tribe_ticket_capacity":"0","_ticket_start_date":"","_ticket_end_date":"","_tribe_ticket_show_description":"","_tribe_ticket_show_not_going":false,"_tribe_ticket_use_global_stock":"","_tribe_ticket_global_stock_level":"","_global_stock_mode":"","_global_stock_cap":"","_tribe_rsvp_for_event":"","_tribe_ticket_going_count":"","_tribe_ticket_not_going_count":"","_tribe_tickets_list":"[]","_tribe_ticket_has_attendee_info_fields":false},"news-category":[4,3],"news-topic":[17],"organisation":[221,226],"authorship":[],"acf":[],"yoast_head":"<!-- This site is optimized with the Yoast SEO Premium plugin v22.3 (Yoast SEO v22.3) - https:\/\/yoast.com\/wordpress\/plugins\/seo\/ -->\n<title>Le Pr du Conseil de l&#039;UE Michel et le PM Bettel \u00e0 la Maison Schuman - Universit\u00e9 du Luxembourg<\/title>\n<meta name=\"description\" content=\"L&#039;Universit\u00e9 du Luxembourg a accueilli la visite du pr\u00e9sident du Conseil de l&#039;UE Charles Michel et du Premier ministre luxembourgeois Xavier Bettel \u00e0 la Maison Schuman, lieu de naissance de Robert Schuman, p\u00e8re fondateur de la premi\u00e8re Communaut\u00e9 europ\u00e9enne du charbon et de l&#039;acier et initiateur de la D\u00e9claration Schuman du 9 mai 1950 qui a ouvert la voie \u00e0 la cr\u00e9ation de l&#039;Union europ\u00e9enne.\" \/>\n<meta name=\"robots\" content=\"index, follow, max-snippet:-1, max-image-preview:large, max-video-preview:-1\" \/>\n<link rel=\"canonical\" href=\"https:\/\/www.uni.lu\/fr\/news\/\" \/>\n<meta property=\"og:locale\" content=\"fr_FR\" \/>\n<meta property=\"og:type\" content=\"article\" \/>\n<meta property=\"og:title\" content=\"Le Pr du Conseil de l&#039;UE Michel et le PM Bettel \u00e0 la Maison Schuman\" \/>\n<meta property=\"og:description\" content=\"L&#039;Universit\u00e9 du Luxembourg a accueilli la visite du pr\u00e9sident du Conseil de l&#039;UE Charles Michel et du Premier ministre luxembourgeois Xavier Bettel \u00e0 la Maison Schuman, lieu de naissance de Robert Schuman, p\u00e8re fondateur de la premi\u00e8re Communaut\u00e9 europ\u00e9enne du charbon et de l&#039;acier et initiateur de la D\u00e9claration Schuman du 9 mai 1950 qui a ouvert la voie \u00e0 la cr\u00e9ation de l&#039;Union europ\u00e9enne.\" \/>\n<meta property=\"og:url\" content=\"https:\/\/www.uni.lu\/fr\/news\/\" \/>\n<meta property=\"og:site_name\" content=\"UNI FR\" \/>\n<meta property=\"article:publisher\" content=\"https:\/\/www.facebook.com\/uni.lu\" \/>\n<meta property=\"og:image\" content=\"https:\/\/www.uni.lu\/wp-content\/uploads\/sites\/11\/2021\/09\/le_pr_du_conseil_de_l_ue_michel_et_le_pm_bettel_a_la_maison_schuman.jpg\" \/>\n\t<meta property=\"og:image:width\" content=\"800\" \/>\n\t<meta property=\"og:image:height\" content=\"600\" \/>\n\t<meta property=\"og:image:type\" content=\"image\/jpeg\" \/>\n<meta name=\"twitter:card\" content=\"summary_large_image\" \/>\n<meta name=\"twitter:label1\" content=\"Dur\u00e9e de lecture estim\u00e9e\" \/>\n\t<meta name=\"twitter:data1\" content=\"1 minute\" \/>\n<script type=\"application\/ld+json\" class=\"yoast-schema-graph\">{\"@context\":\"https:\/\/schema.org\",\"@graph\":[{\"@type\":\"NewsArticle\",\"@id\":\"https:\/\/www.uni.lu\/fr\/news\/#article\",\"isPartOf\":{\"@id\":\"https:\/\/www.uni.lu\/fr\/news\/\"},\"author\":{\"name\":\"\",\"@id\":\"\"},\"headline\":\"Le Pr du Conseil de l&rsquo;UE Michel et le PM Bettel \u00e0 la Maison Schuman\",\"datePublished\":\"2021-09-16T15:21:31+00:00\",\"dateModified\":\"2021-09-16T15:21:31+00:00\",\"mainEntityOfPage\":{\"@id\":\"https:\/\/www.uni.lu\/fr\/news\/\"},\"wordCount\":206,\"publisher\":{\"@id\":\"https:\/\/www.uni.lu\/fr\/#organization\"},\"inLanguage\":\"fr-FR\"},{\"@type\":\"WebPage\",\"@id\":\"https:\/\/www.uni.lu\/fr\/news\/\",\"url\":\"https:\/\/www.uni.lu\/fr\/news\/\",\"name\":\"Le Pr du Conseil de l'UE Michel et le PM Bettel \u00e0 la Maison Schuman - Universit\u00e9 du Luxembourg\",\"isPartOf\":{\"@id\":\"https:\/\/www.uni.lu\/fr\/#website\"},\"datePublished\":\"2021-09-16T15:21:31+00:00\",\"dateModified\":\"2021-09-16T15:21:31+00:00\",\"description\":\"L'Universit\u00e9 du Luxembourg a accueilli la visite du pr\u00e9sident du Conseil de l'UE Charles Michel et du Premier ministre luxembourgeois Xavier Bettel \u00e0 la Maison Schuman, lieu de naissance de Robert Schuman, p\u00e8re fondateur de la premi\u00e8re Communaut\u00e9 europ\u00e9enne du charbon et de l'acier et initiateur de la D\u00e9claration Schuman du 9 mai 1950 qui a ouvert la voie \u00e0 la cr\u00e9ation de l'Union europ\u00e9enne.\",\"breadcrumb\":{\"@id\":\"https:\/\/www.uni.lu\/fr\/news\/#breadcrumb\"},\"inLanguage\":\"fr-FR\",\"potentialAction\":[{\"@type\":\"ReadAction\",\"target\":[\"https:\/\/www.uni.lu\/fr\/news\/\"]}]},{\"@type\":\"BreadcrumbList\",\"@id\":\"https:\/\/www.uni.lu\/fr\/news\/#breadcrumb\",\"itemListElement\":[{\"@type\":\"ListItem\",\"position\":1,\"name\":\"Home\",\"item\":\"https:\/\/www.uni.lu\/fr\/\"},{\"@type\":\"ListItem\",\"position\":2,\"name\":\"News\",\"item\":\"https:\/\/www.uni.lu\/fr\/news\/\"},{\"@type\":\"ListItem\",\"position\":3,\"name\":\"Le Pr du Conseil de l&#8217;UE Michel et le PM Bettel \u00e0 la Maison Schuman\"}]},{\"@type\":\"WebSite\",\"@id\":\"https:\/\/www.uni.lu\/fr\/#website\",\"url\":\"https:\/\/www.uni.lu\/fr\/\",\"name\":\"Uni.lu\",\"description\":\"Universit\u00e9 du Luxembourg\",\"publisher\":{\"@id\":\"https:\/\/www.uni.lu\/fr\/#organization\"},\"alternateName\":\"Universit\u00e9 du Luxembourg\",\"potentialAction\":[{\"@type\":\"SearchAction\",\"target\":{\"@type\":\"EntryPoint\",\"urlTemplate\":\"https:\/\/www.uni.lu\/fr\/?s={search_term_string}\"},\"query-input\":\"required name=search_term_string\"}],\"inLanguage\":\"fr-FR\"},{\"@type\":\"Organization\",\"@id\":\"https:\/\/www.uni.lu\/fr\/#organization\",\"name\":\"Universit\u00e9 du Luxembourg\",\"alternateName\":\"Uni.lu\",\"url\":\"https:\/\/www.uni.lu\/fr\/\",\"logo\":{\"@type\":\"ImageObject\",\"inLanguage\":\"fr-FR\",\"@id\":\"https:\/\/www.uni.lu\/fr\/#\/schema\/logo\/image\/\",\"url\":\"https:\/\/www.uni.lu\/wp-content\/uploads\/sites\/11\/2026\/03\/03120045\/UNIV_SM-Profile_1600x1600px-scaled.jpg\",\"contentUrl\":\"https:\/\/www.uni.lu\/wp-content\/uploads\/sites\/11\/2026\/03\/03120045\/UNIV_SM-Profile_1600x1600px-scaled.jpg\",\"width\":2560,\"height\":2560,\"caption\":\"Universit\u00e9 du Luxembourg\"},\"image\":\"https:\/\/www.uni.lu\/wp-content\/uploads\/sites\/11\/2026\/04\/24120552\/20200609-Belval-Campus_Henri-Goergen-23.jpg\",\"sameAs\":[\"https:\/\/www.facebook.com\/uni.lu\",\"https:\/\/www.linkedin.com\/school\/university-of-luxembourg\/\",\"https:\/\/www.instagram.com\/uni.lu\",\"https:\/\/www.youtube.com\/@uni_lu\",\"https:\/\/en.wikipedia.org\/wiki\/University_of_Luxembourg\"],\"email\":\"communication@uni.lu\",\"telephone\":\"+352 46 66 44 1\",\"address\":{\"@type\":\"PostalAddress\",\"streetAddress\":\"2, place de l\u2019Universit\u00e9\",\"addressLocality\":\"Esch-sur-Alzette\",\"postalCode\":\"4365\",\"addressCountry\":\"LU\"},\"description\":\"Universit\u00e9 du Luxembourg\"}]}<\/script>\n<!-- \/ Yoast SEO Premium plugin. -->","yoast_head_json":{"title":"Le Pr du Conseil de l'UE Michel et le PM Bettel \u00e0 la Maison Schuman - Universit\u00e9 du Luxembourg","description":"L'Universit\u00e9 du Luxembourg a accueilli la visite du pr\u00e9sident du Conseil de l'UE Charles Michel et du Premier ministre luxembourgeois Xavier Bettel \u00e0 la Maison Schuman, lieu de naissance de Robert Schuman, p\u00e8re fondateur de la premi\u00e8re Communaut\u00e9 europ\u00e9enne du charbon et de l'acier et initiateur de la D\u00e9claration Schuman du 9 mai 1950 qui a ouvert la voie \u00e0 la cr\u00e9ation de l'Union europ\u00e9enne.","robots":{"index":"index","follow":"follow","max-snippet":"max-snippet:-1","max-image-preview":"max-image-preview:large","max-video-preview":"max-video-preview:-1"},"canonical":"https:\/\/www.uni.lu\/fr\/news\/","og_locale":"fr_FR","og_type":"article","og_title":"Le Pr du Conseil de l'UE Michel et le PM Bettel \u00e0 la Maison Schuman","og_description":"L'Universit\u00e9 du Luxembourg a accueilli la visite du pr\u00e9sident du Conseil de l'UE Charles Michel et du Premier ministre luxembourgeois Xavier Bettel \u00e0 la Maison Schuman, lieu de naissance de Robert Schuman, p\u00e8re fondateur de la premi\u00e8re Communaut\u00e9 europ\u00e9enne du charbon et de l'acier et initiateur de la D\u00e9claration Schuman du 9 mai 1950 qui a ouvert la voie \u00e0 la cr\u00e9ation de l'Union europ\u00e9enne.","og_url":"https:\/\/www.uni.lu\/fr\/news\/","og_site_name":"UNI FR","article_publisher":"https:\/\/www.facebook.com\/uni.lu","og_image":[{"width":800,"height":600,"url":"https:\/\/www.uni.lu\/wp-content\/uploads\/sites\/11\/2021\/09\/le_pr_du_conseil_de_l_ue_michel_et_le_pm_bettel_a_la_maison_schuman.jpg","type":"image\/jpeg"}],"twitter_card":"summary_large_image","twitter_misc":{"Dur\u00e9e de lecture estim\u00e9e":"1 minute"},"schema":{"@context":"https:\/\/schema.org","@graph":[{"@type":"NewsArticle","@id":"https:\/\/www.uni.lu\/fr\/news\/#article","isPartOf":{"@id":"https:\/\/www.uni.lu\/fr\/news\/"},"author":{"name":"","@id":""},"headline":"Le Pr du Conseil de l&rsquo;UE Michel et le PM Bettel \u00e0 la Maison Schuman","datePublished":"2021-09-16T15:21:31+00:00","dateModified":"2021-09-16T15:21:31+00:00","mainEntityOfPage":{"@id":"https:\/\/www.uni.lu\/fr\/news\/"},"wordCount":206,"publisher":{"@id":"https:\/\/www.uni.lu\/fr\/#organization"},"inLanguage":"fr-FR"},{"@type":"WebPage","@id":"https:\/\/www.uni.lu\/fr\/news\/","url":"https:\/\/www.uni.lu\/fr\/news\/","name":"Le Pr du Conseil de l'UE Michel et le PM Bettel \u00e0 la Maison Schuman - Universit\u00e9 du Luxembourg","isPartOf":{"@id":"https:\/\/www.uni.lu\/fr\/#website"},"datePublished":"2021-09-16T15:21:31+00:00","dateModified":"2021-09-16T15:21:31+00:00","description":"L'Universit\u00e9 du Luxembourg a accueilli la visite du pr\u00e9sident du Conseil de l'UE Charles Michel et du Premier ministre luxembourgeois Xavier Bettel \u00e0 la Maison Schuman, lieu de naissance de Robert Schuman, p\u00e8re fondateur de la premi\u00e8re Communaut\u00e9 europ\u00e9enne du charbon et de l'acier et initiateur de la D\u00e9claration Schuman du 9 mai 1950 qui a ouvert la voie \u00e0 la cr\u00e9ation de l'Union europ\u00e9enne.","breadcrumb":{"@id":"https:\/\/www.uni.lu\/fr\/news\/#breadcrumb"},"inLanguage":"fr-FR","potentialAction":[{"@type":"ReadAction","target":["https:\/\/www.uni.lu\/fr\/news\/"]}]},{"@type":"BreadcrumbList","@id":"https:\/\/www.uni.lu\/fr\/news\/#breadcrumb","itemListElement":[{"@type":"ListItem","position":1,"name":"Home","item":"https:\/\/www.uni.lu\/fr\/"},{"@type":"ListItem","position":2,"name":"News","item":"https:\/\/www.uni.lu\/fr\/news\/"},{"@type":"ListItem","position":3,"name":"Le Pr du Conseil de l&#8217;UE Michel et le PM Bettel \u00e0 la Maison Schuman"}]},{"@type":"WebSite","@id":"https:\/\/www.uni.lu\/fr\/#website","url":"https:\/\/www.uni.lu\/fr\/","name":"Uni.lu","description":"Universit\u00e9 du Luxembourg","publisher":{"@id":"https:\/\/www.uni.lu\/fr\/#organization"},"alternateName":"Universit\u00e9 du Luxembourg","potentialAction":[{"@type":"SearchAction","target":{"@type":"EntryPoint","urlTemplate":"https:\/\/www.uni.lu\/fr\/?s={search_term_string}"},"query-input":"required name=search_term_string"}],"inLanguage":"fr-FR"},{"@type":"Organization","@id":"https:\/\/www.uni.lu\/fr\/#organization","name":"Universit\u00e9 du Luxembourg","alternateName":"Uni.lu","url":"https:\/\/www.uni.lu\/fr\/","logo":{"@type":"ImageObject","inLanguage":"fr-FR","@id":"https:\/\/www.uni.lu\/fr\/#\/schema\/logo\/image\/","url":"https:\/\/www.uni.lu\/wp-content\/uploads\/sites\/11\/2026\/03\/03120045\/UNIV_SM-Profile_1600x1600px-scaled.jpg","contentUrl":"https:\/\/www.uni.lu\/wp-content\/uploads\/sites\/11\/2026\/03\/03120045\/UNIV_SM-Profile_1600x1600px-scaled.jpg","width":2560,"height":2560,"caption":"Universit\u00e9 du Luxembourg"},"image":"https:\/\/www.uni.lu\/wp-content\/uploads\/sites\/11\/2026\/04\/24120552\/20200609-Belval-Campus_Henri-Goergen-23.jpg","sameAs":["https:\/\/www.facebook.com\/uni.lu","https:\/\/www.linkedin.com\/school\/university-of-luxembourg\/","https:\/\/www.instagram.com\/uni.lu","https:\/\/www.youtube.com\/@uni_lu","https:\/\/en.wikipedia.org\/wiki\/University_of_Luxembourg"],"email":"communication@uni.lu","telephone":"+352 46 66 44 1","address":{"@type":"PostalAddress","streetAddress":"2, place de l\u2019Universit\u00e9","addressLocality":"Esch-sur-Alzette","postalCode":"4365","addressCountry":"LU"},"description":"Universit\u00e9 du Luxembourg"}]}},"blog_id":11,"_links":{"self":[{"href":"https:\/\/www.uni.lu\/fr\/wp-json\/wp\/v2\/news\/1502"}],"collection":[{"href":"https:\/\/www.uni.lu\/fr\/wp-json\/wp\/v2\/news"}],"about":[{"href":"https:\/\/www.uni.lu\/fr\/wp-json\/wp\/v2\/types\/news"}],"version-history":[{"count":0,"href":"https:\/\/www.uni.lu\/fr\/wp-json\/wp\/v2\/news\/1502\/revisions"}],"wp:attachment":[{"href":"https:\/\/www.uni.lu\/fr\/wp-json\/wp\/v2\/media?parent=1502"}],"wp:term":[{"taxonomy":"news-category","embeddable":true,"href":"https:\/\/www.uni.lu\/fr\/wp-json\/wp\/v2\/news-category?post=1502"},{"taxonomy":"news-topic","embeddable":true,"href":"https:\/\/www.uni.lu\/fr\/wp-json\/wp\/v2\/news-topic?post=1502"},{"taxonomy":"organisation","embeddable":true,"href":"https:\/\/www.uni.lu\/fr\/wp-json\/wp\/v2\/organisation?post=1502"}],"curies":[{"name":"wp","href":"https:\/\/api.w.org\/{rel}","templated":true}]}}