{"id":1497,"date":"2021-09-08T13:49:49","date_gmt":"2021-09-08T13:49:49","guid":{"rendered":"https:\/\/website.prod.unilu.spikeseed.cloud\/fr\/news\/le-career-centre-la-valeur-ajoutee-de-lexpertise\/"},"modified":"2021-09-08T13:49:49","modified_gmt":"2021-09-08T13:49:49","slug":"le-career-centre-la-valeur-ajoutee-de-lexpertise","status":"publish","type":"news","link":"https:\/\/www.uni.lu\/fr\/news\/le-career-centre-la-valeur-ajoutee-de-lexpertise\/","title":{"rendered":"Le Career centre : la valeur ajout\u00e9e de l\u2019expertise"},"content":{"rendered":"<section class=\"wp-block-unilux-blocks-free-section section\"><div class=\"container xl:max-w-screen-xl\"><p>Les cursus d\u2019\u00e9tudes se sont termin\u00e9s pour de nombreux \u00e9tudiants, pr\u00eats \u00e0 d\u00e9marrer leur parcours professionnel. D\u2019autres, encore en cours d\u2019\u00e9tudes, se lancent dans la recherche de stages et jobs d\u2019\u00e9tudiants.<\/p><p>La <a href=\"https:\/\/wwwen.uni.lu\/students\/career_centre\" target=\"_self\" title=\"\" rel=\"noopener\">Career centre<\/a> de l\u2019Universit\u00e9 est le point de contact pour toute activit\u00e9 en lien avec l\u2019employabilit\u00e9. Le Career centre offre des ateliers et simulations d\u2019entretien, des conseils personnalis\u00e9s en mati\u00e8re de candidatures et parcours professionnel, des informations sur le march\u00e9 de l\u2019emploi, et facilite les contacts avec les r\u00e9seaux professionnels. Il administre la page <a href=\"https:\/\/uni-lu.jobteaser.com\/fr\/users\/sign_in?back_to_after_login=%2F\" target=\"_blank\" title=\"\" rel=\"noopener\">uni-lu.jobteaser.com<\/a> qui re\u00e7oit les offres de stages, de jobs d\u2019\u00e9tudiants, et d\u2019emploi.\u00a0<\/p><p>Romain Raux dirige le Career centre et nous pr\u00e9sente quelques-uns de ses points forts.<\/p><figure class=\"wp-block-dev4-reusable-blocks-image  object-fit--contain\">\n    \n<img decoding=\"async\" class=\"wp-block-image unilux-custom-image-block\"\n                alt=\"\"\n            src=\"https:\/\/www.uni.lu\/wp-content\/uploads\/sites\/11\/2023\/07\/romain_raux_portrait.jpg\"\n                    style=\"object-position: 50.00% 50.00%; font-family: &quot;object-fit: contain; object-position: 50.00% 50.00%;&quot;; aspect-ratio: 4\/3; object-fit: contain; width: 100%;\"\n        loading=\"lazy\"\n\/>            <p class=\"wp-block-dev4-reusable-blocks-image-caption\">\n            Romain Raux, Project Manager Career centre        <\/p>\n    <\/figure>\n<h5 class=\"has-text-align-left wp-block-unilux-blocks-heading\"        id=\"on-trouve-de-nombreux-modeles-et-astuces-en-ligne-pour-preparer-son-debut-de-carriere-pourquoi-avoir-recours-au-service-dun-career-centre\"\n    >\nOn trouve de nombreux mod\u00e8les et astuces en ligne pour pr\u00e9parer son d\u00e9but de carri\u00e8re. Pourquoi avoir recours au service d\u2019un Career centre\u00a0?<\/h5>\n<p>En effet de nombreux sites prposent des mod\u00e8les de CV, des exemples de lettres de motivation, ou des conseils pour se pr\u00e9parer aux entretiens. Si c\u2019est <i>a priori <\/i>une bonne chose, beaucoup d&rsquo;\u00e9tudiants ne se doutent pas que la cl\u00e9 du succ\u00e8s, c\u2019est au contraire la <strong>personnalisation<\/strong> de la candidature.<\/p><p>Les mod\u00e8les sont un bon point de d\u00e9part. Mais les \u00e9tudiants ont souvent tendance \u00e0 surcharger le CV, en ajoutant tout ce qu\u2019ils ont accompli. Ils peuvent copier un mod\u00e8le de lettre de motivation et changer deux ou trois phrases. Cette candidature est envoy\u00e9e \u00e0 leurs 50 entreprises cibles, en esp\u00e9rant que deux ou trois leur r\u00e9pondront. Or, c\u2019est exactement l\u2019inverse que les employeurs demandent\u00a0!\u00a0<\/p><p>Avant de commencer sa candidature, il faut comprendre le besoin de l\u2019entreprise, ses attentes. Il faut s\u2019approprier leurs missions et valeurs, leur culture. Ces notions devront se retrouver au c\u0153ur du CV et de la lettre, ainsi que dans l\u2019entretien.<\/p><p>Avoir recours au Career centre, c\u2019est justement apprendre \u00e0 se d\u00e9tacher des mod\u00e8les pr\u00e9fabriqu\u00e9s, de s\u2019approprier les codes de l\u2019entreprise que l\u2019on vise, et envoyer une candidature qui r\u00e9pondra exactement aux attentes des recruteurs. Attention, une belle candidature, bien \u00e9crite, cibl\u00e9e et personnalis\u00e9e, c\u2019est trois fois plus de travail. Ne dit-on pas que le travail paie\u00a0?<\/p><p>D\u00e9couvrez les workshop du Career centre <a href=\"https:\/\/wwwfr.uni.lu\/media\/files\/service_de_communication\/latest_news_data\/student_success_workshops_career_centre_2021\" target=\"_blank\" title=\"\" rel=\"noopener\">ici<\/a><\/p>\n<h5 class=\"has-text-align-left wp-block-unilux-blocks-heading\"        id=\"beaucoup-detudiants-ont-les-reseaux-et-applications-dans-le-sang-que-peut-on-leur-offrir-de-plus-en-cette-matiere\"\n    >\nBeaucoup d&rsquo;\u00e9tudiants ont les r\u00e9seaux et applications dans le sang. Que peut-on leur offrir de plus\u00a0en cette mati\u00e8re ?<\/h5>\n<p>Les r\u00e9seaux sociaux sont souvent compl\u00e9mentaires d\u2019une candidature \u00ab\u00a0classique\u00a0\u00bb, ils servent \u00e0 mettre en avant la connaissance du milieu, les contacts et les r\u00e9seaux cr\u00e9\u00e9s. Un m\u00e9dia comme LinkedIn permet aussi de cibler rapidement les bons interlocuteurs. Attention, il faudra veiller \u00e0 ma\u00eetriser les outils et le langage pour que son activit\u00e9 sur le net soit efficace.<\/p><p>Pour les r\u00e9seaux sociaux, le Career centre s\u2019appuie sur l\u2019expertise de son Social Media Manager, <a href=\"https:\/\/www.aswinlutchanah.com\/\" target=\"_blank\" title=\"\" rel=\"noopener\">Aswin Lutchanah<\/a>, qui conseille les \u00e9tudiants en mati\u00e8re de visibilit\u00e9, d\u2019efficacit\u00e9 et de r\u00e9seautage sur ces plateformes.<\/p><p>De plus, nous offrons des ateliers avec un professionnel de la s\u00e9curit\u00e9 des r\u00e9seaux, car quand on a toute sa vie professionnelle et priv\u00e9e qui tient dans un smartphone, il vaut mieux anticiper les d\u00e9faillances techniques \u00e9ventuelles, la gestion des mots de passe ou la g\u00e9olocalisation en cas de vol.<\/p><p><strong>Certains \u00e9tudiants peuvent vouloir sortir du lot de mani\u00e8re cr\u00e9ative. Est-ce que les conseillers peuvent aider ces projets\u00a0?<\/strong><\/p><p>Vouloir sortir du lot, c\u2019est normal, mais il faut choisir la bonne m\u00e9thode. En plus de 15 ans dans ce m\u00e9tier, j\u2019ai vu des CV sous forme de publicit\u00e9, affich\u00e9s en taille r\u00e9elle sur des murs publics, la candidature sous forme de vid\u00e9o \u00ab\u00a0humoristique\u00a0\u00bb, la lettre de motivation en chanson, des stories Instagram, le CV inscrit sur des objets insolites, et bien d\u2019autres. Effectivement \u00e7a peut aider \u00e0 se d\u00e9marquer si on postule dans la communication ou les m\u00e9dias. Mais si on ne ma\u00eetrise pas les codes de cette communication, ou si elle n\u2019est pas adapt\u00e9e \u00e0 l\u2019employeur, on risque vite de tomber dans le ridicule. C\u00f4t\u00e9 recruteurs, vous avez rarement envie de chercher \u00e0 ouvrir un format vid\u00e9o ou \u00e0 classer un CV sous forme de bo\u00eete.<\/p><p>Cela ne signifie pas qu\u2019on ne doit pas sortir du lot\u00a0! Il y a bien des m\u00e9thodes pour illustrer sa cr\u00e9ativit\u00e9, notamment les lister sur le CV ou glisser des activit\u00e9s au bon moment de l\u2019entretien. Si on s\u2019applique dans des arts visuels, la musique ou le sport, on peut fournir le lien d\u2019une page personnelle (Tumblr, Flickr, un blog\u2026) bien entretenue. Ici, notre t\u00e2che est de faire comprendre les besoins et les limites des recruteurs, et de guider l\u2019\u00e9tudiant \u00e0 exprimer sa personnalit\u00e9, tout en respectant les codes et les valeurs de l\u2019employeur qu\u2019il choisit.<\/p><\/div><\/section>","protected":false},"excerpt":{"rendered":"<p>Les cursus d\u2019\u00e9tudes se sont termin\u00e9s pour de nombreux \u00e9tudiants, pr\u00eats \u00e0 d\u00e9marrer leur parcours professionnel. D\u2019autres, encore en cours d\u2019\u00e9tudes, se lancent dans la recherche de stages et jobs d\u2019\u00e9tudiants.<\/p>\n","protected":false},"author":0,"featured_media":0,"template":"","format":"standard","meta":{"featured_image_focal_point":[],"show_featured_caption":false,"ulux_newsletter_groups":"","uluxPostTitle":"","uluxPrePostTitle":"","_trash_the_other_posts":false,"_price":"","_stock":"","_tribe_ticket_header":"","_tribe_default_ticket_provider":"","_tribe_ticket_capacity":"0","_ticket_start_date":"","_ticket_end_date":"","_tribe_ticket_show_description":"","_tribe_ticket_show_not_going":false,"_tribe_ticket_use_global_stock":"","_tribe_ticket_global_stock_level":"","_global_stock_mode":"","_global_stock_cap":"","_tribe_rsvp_for_event":"","_tribe_ticket_going_count":"","_tribe_ticket_not_going_count":"","_tribe_tickets_list":"[]","_tribe_ticket_has_attendee_info_fields":false},"news-category":[3],"news-topic":[],"organisation":[226],"authorship":[],"acf":[],"yoast_head":"<!-- This site is optimized with the Yoast SEO Premium plugin v22.3 (Yoast SEO v22.3) - https:\/\/yoast.com\/wordpress\/plugins\/seo\/ -->\n<title>Le Career centre : la valeur ajout\u00e9e de l\u2019expertise - Universit\u00e9 du Luxembourg<\/title>\n<meta name=\"description\" content=\"Les cursus d\u2019\u00e9tudes se sont termin\u00e9s pour de nombreux \u00e9tudiants, pr\u00eats \u00e0 d\u00e9marrer leur parcours professionnel. D\u2019autres, encore en cours d\u2019\u00e9tudes, se lancent dans la recherche de stages et jobs d\u2019\u00e9tudiants.\" \/>\n<meta name=\"robots\" content=\"index, follow, max-snippet:-1, max-image-preview:large, max-video-preview:-1\" \/>\n<link rel=\"canonical\" href=\"https:\/\/www.uni.lu\/fr\/news\/\" \/>\n<meta property=\"og:locale\" content=\"fr_FR\" \/>\n<meta property=\"og:type\" content=\"article\" \/>\n<meta property=\"og:title\" content=\"Le Career centre : la valeur ajout\u00e9e de l\u2019expertise\" \/>\n<meta property=\"og:description\" content=\"Les cursus d\u2019\u00e9tudes se sont termin\u00e9s pour de nombreux \u00e9tudiants, pr\u00eats \u00e0 d\u00e9marrer leur parcours professionnel. D\u2019autres, encore en cours d\u2019\u00e9tudes, se lancent dans la recherche de stages et jobs d\u2019\u00e9tudiants.\" \/>\n<meta property=\"og:url\" content=\"https:\/\/www.uni.lu\/fr\/news\/\" \/>\n<meta property=\"og:site_name\" content=\"UNI FR\" \/>\n<meta property=\"article:publisher\" content=\"https:\/\/www.facebook.com\/uni.lu\" \/>\n<meta property=\"og:image\" content=\"https:\/\/www.uni.lu\/wp-content\/uploads\/sites\/11\/2021\/09\/le_career_centre_la_valeur_ajoutee_de_l_expertise.jpg\" \/>\n\t<meta property=\"og:image:width\" content=\"800\" \/>\n\t<meta property=\"og:image:height\" content=\"600\" \/>\n\t<meta property=\"og:image:type\" content=\"image\/jpeg\" \/>\n<meta name=\"twitter:card\" content=\"summary_large_image\" \/>\n<meta name=\"twitter:label1\" content=\"Dur\u00e9e de lecture estim\u00e9e\" \/>\n\t<meta name=\"twitter:data1\" content=\"4 minutes\" \/>\n<script type=\"application\/ld+json\" class=\"yoast-schema-graph\">{\"@context\":\"https:\/\/schema.org\",\"@graph\":[{\"@type\":\"NewsArticle\",\"@id\":\"https:\/\/www.uni.lu\/fr\/news\/#article\",\"isPartOf\":{\"@id\":\"https:\/\/www.uni.lu\/fr\/news\/\"},\"author\":{\"name\":\"\",\"@id\":\"\"},\"headline\":\"Le Career centre : la valeur ajout\u00e9e de l\u2019expertise\",\"datePublished\":\"2021-09-08T13:49:49+00:00\",\"dateModified\":\"2021-09-08T13:49:49+00:00\",\"mainEntityOfPage\":{\"@id\":\"https:\/\/www.uni.lu\/fr\/news\/\"},\"wordCount\":808,\"publisher\":{\"@id\":\"https:\/\/www.uni.lu\/fr\/#organization\"},\"inLanguage\":\"fr-FR\"},{\"@type\":\"WebPage\",\"@id\":\"https:\/\/www.uni.lu\/fr\/news\/\",\"url\":\"https:\/\/www.uni.lu\/fr\/news\/\",\"name\":\"Le Career centre : la valeur ajout\u00e9e de l\u2019expertise - Universit\u00e9 du Luxembourg\",\"isPartOf\":{\"@id\":\"https:\/\/www.uni.lu\/fr\/#website\"},\"datePublished\":\"2021-09-08T13:49:49+00:00\",\"dateModified\":\"2021-09-08T13:49:49+00:00\",\"description\":\"Les cursus d\u2019\u00e9tudes se sont termin\u00e9s pour de nombreux \u00e9tudiants, pr\u00eats \u00e0 d\u00e9marrer leur parcours professionnel. D\u2019autres, encore en cours d\u2019\u00e9tudes, se lancent dans la recherche de stages et jobs d\u2019\u00e9tudiants.\",\"breadcrumb\":{\"@id\":\"https:\/\/www.uni.lu\/fr\/news\/#breadcrumb\"},\"inLanguage\":\"fr-FR\",\"potentialAction\":[{\"@type\":\"ReadAction\",\"target\":[\"https:\/\/www.uni.lu\/fr\/news\/\"]}]},{\"@type\":\"BreadcrumbList\",\"@id\":\"https:\/\/www.uni.lu\/fr\/news\/#breadcrumb\",\"itemListElement\":[{\"@type\":\"ListItem\",\"position\":1,\"name\":\"Home\",\"item\":\"https:\/\/www.uni.lu\/fr\/\"},{\"@type\":\"ListItem\",\"position\":2,\"name\":\"News\",\"item\":\"https:\/\/www.uni.lu\/fr\/news\/\"},{\"@type\":\"ListItem\",\"position\":3,\"name\":\"Le Career centre : la valeur ajout\u00e9e de l\u2019expertise\"}]},{\"@type\":\"WebSite\",\"@id\":\"https:\/\/www.uni.lu\/fr\/#website\",\"url\":\"https:\/\/www.uni.lu\/fr\/\",\"name\":\"Uni.lu\",\"description\":\"Universit\u00e9 du Luxembourg\",\"publisher\":{\"@id\":\"https:\/\/www.uni.lu\/fr\/#organization\"},\"alternateName\":\"Universit\u00e9 du Luxembourg\",\"potentialAction\":[{\"@type\":\"SearchAction\",\"target\":{\"@type\":\"EntryPoint\",\"urlTemplate\":\"https:\/\/www.uni.lu\/fr\/?s={search_term_string}\"},\"query-input\":\"required name=search_term_string\"}],\"inLanguage\":\"fr-FR\"},{\"@type\":\"Organization\",\"@id\":\"https:\/\/www.uni.lu\/fr\/#organization\",\"name\":\"Universit\u00e9 du Luxembourg\",\"alternateName\":\"Uni.lu\",\"url\":\"https:\/\/www.uni.lu\/fr\/\",\"logo\":{\"@type\":\"ImageObject\",\"inLanguage\":\"fr-FR\",\"@id\":\"https:\/\/www.uni.lu\/fr\/#\/schema\/logo\/image\/\",\"url\":\"https:\/\/www.uni.lu\/wp-content\/uploads\/sites\/11\/2026\/03\/03120045\/UNIV_SM-Profile_1600x1600px-scaled.jpg\",\"contentUrl\":\"https:\/\/www.uni.lu\/wp-content\/uploads\/sites\/11\/2026\/03\/03120045\/UNIV_SM-Profile_1600x1600px-scaled.jpg\",\"width\":2560,\"height\":2560,\"caption\":\"Universit\u00e9 du Luxembourg\"},\"image\":\"https:\/\/www.uni.lu\/wp-content\/uploads\/sites\/11\/2026\/04\/24120552\/20200609-Belval-Campus_Henri-Goergen-23.jpg\",\"sameAs\":[\"https:\/\/www.facebook.com\/uni.lu\",\"https:\/\/www.linkedin.com\/school\/university-of-luxembourg\/\",\"https:\/\/www.instagram.com\/uni.lu\",\"https:\/\/www.youtube.com\/@uni_lu\",\"https:\/\/en.wikipedia.org\/wiki\/University_of_Luxembourg\"],\"email\":\"communication@uni.lu\",\"telephone\":\"+352 46 66 44 1\",\"address\":{\"@type\":\"PostalAddress\",\"streetAddress\":\"2, place de l\u2019Universit\u00e9\",\"addressLocality\":\"Esch-sur-Alzette\",\"postalCode\":\"4365\",\"addressCountry\":\"LU\"},\"description\":\"Universit\u00e9 du Luxembourg\"}]}<\/script>\n<!-- \/ Yoast SEO Premium plugin. -->","yoast_head_json":{"title":"Le Career centre : la valeur ajout\u00e9e de l\u2019expertise - Universit\u00e9 du Luxembourg","description":"Les cursus d\u2019\u00e9tudes se sont termin\u00e9s pour de nombreux \u00e9tudiants, pr\u00eats \u00e0 d\u00e9marrer leur parcours professionnel. D\u2019autres, encore en cours d\u2019\u00e9tudes, se lancent dans la recherche de stages et jobs d\u2019\u00e9tudiants.","robots":{"index":"index","follow":"follow","max-snippet":"max-snippet:-1","max-image-preview":"max-image-preview:large","max-video-preview":"max-video-preview:-1"},"canonical":"https:\/\/www.uni.lu\/fr\/news\/","og_locale":"fr_FR","og_type":"article","og_title":"Le Career centre : la valeur ajout\u00e9e de l\u2019expertise","og_description":"Les cursus d\u2019\u00e9tudes se sont termin\u00e9s pour de nombreux \u00e9tudiants, pr\u00eats \u00e0 d\u00e9marrer leur parcours professionnel. D\u2019autres, encore en cours d\u2019\u00e9tudes, se lancent dans la recherche de stages et jobs d\u2019\u00e9tudiants.","og_url":"https:\/\/www.uni.lu\/fr\/news\/","og_site_name":"UNI FR","article_publisher":"https:\/\/www.facebook.com\/uni.lu","og_image":[{"width":800,"height":600,"url":"https:\/\/www.uni.lu\/wp-content\/uploads\/sites\/11\/2021\/09\/le_career_centre_la_valeur_ajoutee_de_l_expertise.jpg","type":"image\/jpeg"}],"twitter_card":"summary_large_image","twitter_misc":{"Dur\u00e9e de lecture estim\u00e9e":"4 minutes"},"schema":{"@context":"https:\/\/schema.org","@graph":[{"@type":"NewsArticle","@id":"https:\/\/www.uni.lu\/fr\/news\/#article","isPartOf":{"@id":"https:\/\/www.uni.lu\/fr\/news\/"},"author":{"name":"","@id":""},"headline":"Le Career centre : la valeur ajout\u00e9e de l\u2019expertise","datePublished":"2021-09-08T13:49:49+00:00","dateModified":"2021-09-08T13:49:49+00:00","mainEntityOfPage":{"@id":"https:\/\/www.uni.lu\/fr\/news\/"},"wordCount":808,"publisher":{"@id":"https:\/\/www.uni.lu\/fr\/#organization"},"inLanguage":"fr-FR"},{"@type":"WebPage","@id":"https:\/\/www.uni.lu\/fr\/news\/","url":"https:\/\/www.uni.lu\/fr\/news\/","name":"Le Career centre : la valeur ajout\u00e9e de l\u2019expertise - Universit\u00e9 du Luxembourg","isPartOf":{"@id":"https:\/\/www.uni.lu\/fr\/#website"},"datePublished":"2021-09-08T13:49:49+00:00","dateModified":"2021-09-08T13:49:49+00:00","description":"Les cursus d\u2019\u00e9tudes se sont termin\u00e9s pour de nombreux \u00e9tudiants, pr\u00eats \u00e0 d\u00e9marrer leur parcours professionnel. D\u2019autres, encore en cours d\u2019\u00e9tudes, se lancent dans la recherche de stages et jobs d\u2019\u00e9tudiants.","breadcrumb":{"@id":"https:\/\/www.uni.lu\/fr\/news\/#breadcrumb"},"inLanguage":"fr-FR","potentialAction":[{"@type":"ReadAction","target":["https:\/\/www.uni.lu\/fr\/news\/"]}]},{"@type":"BreadcrumbList","@id":"https:\/\/www.uni.lu\/fr\/news\/#breadcrumb","itemListElement":[{"@type":"ListItem","position":1,"name":"Home","item":"https:\/\/www.uni.lu\/fr\/"},{"@type":"ListItem","position":2,"name":"News","item":"https:\/\/www.uni.lu\/fr\/news\/"},{"@type":"ListItem","position":3,"name":"Le Career centre : la valeur ajout\u00e9e de l\u2019expertise"}]},{"@type":"WebSite","@id":"https:\/\/www.uni.lu\/fr\/#website","url":"https:\/\/www.uni.lu\/fr\/","name":"Uni.lu","description":"Universit\u00e9 du Luxembourg","publisher":{"@id":"https:\/\/www.uni.lu\/fr\/#organization"},"alternateName":"Universit\u00e9 du Luxembourg","potentialAction":[{"@type":"SearchAction","target":{"@type":"EntryPoint","urlTemplate":"https:\/\/www.uni.lu\/fr\/?s={search_term_string}"},"query-input":"required name=search_term_string"}],"inLanguage":"fr-FR"},{"@type":"Organization","@id":"https:\/\/www.uni.lu\/fr\/#organization","name":"Universit\u00e9 du Luxembourg","alternateName":"Uni.lu","url":"https:\/\/www.uni.lu\/fr\/","logo":{"@type":"ImageObject","inLanguage":"fr-FR","@id":"https:\/\/www.uni.lu\/fr\/#\/schema\/logo\/image\/","url":"https:\/\/www.uni.lu\/wp-content\/uploads\/sites\/11\/2026\/03\/03120045\/UNIV_SM-Profile_1600x1600px-scaled.jpg","contentUrl":"https:\/\/www.uni.lu\/wp-content\/uploads\/sites\/11\/2026\/03\/03120045\/UNIV_SM-Profile_1600x1600px-scaled.jpg","width":2560,"height":2560,"caption":"Universit\u00e9 du Luxembourg"},"image":"https:\/\/www.uni.lu\/wp-content\/uploads\/sites\/11\/2026\/04\/24120552\/20200609-Belval-Campus_Henri-Goergen-23.jpg","sameAs":["https:\/\/www.facebook.com\/uni.lu","https:\/\/www.linkedin.com\/school\/university-of-luxembourg\/","https:\/\/www.instagram.com\/uni.lu","https:\/\/www.youtube.com\/@uni_lu","https:\/\/en.wikipedia.org\/wiki\/University_of_Luxembourg"],"email":"communication@uni.lu","telephone":"+352 46 66 44 1","address":{"@type":"PostalAddress","streetAddress":"2, place de l\u2019Universit\u00e9","addressLocality":"Esch-sur-Alzette","postalCode":"4365","addressCountry":"LU"},"description":"Universit\u00e9 du Luxembourg"}]}},"blog_id":11,"_links":{"self":[{"href":"https:\/\/www.uni.lu\/fr\/wp-json\/wp\/v2\/news\/1497"}],"collection":[{"href":"https:\/\/www.uni.lu\/fr\/wp-json\/wp\/v2\/news"}],"about":[{"href":"https:\/\/www.uni.lu\/fr\/wp-json\/wp\/v2\/types\/news"}],"version-history":[{"count":0,"href":"https:\/\/www.uni.lu\/fr\/wp-json\/wp\/v2\/news\/1497\/revisions"}],"wp:attachment":[{"href":"https:\/\/www.uni.lu\/fr\/wp-json\/wp\/v2\/media?parent=1497"}],"wp:term":[{"taxonomy":"news-category","embeddable":true,"href":"https:\/\/www.uni.lu\/fr\/wp-json\/wp\/v2\/news-category?post=1497"},{"taxonomy":"news-topic","embeddable":true,"href":"https:\/\/www.uni.lu\/fr\/wp-json\/wp\/v2\/news-topic?post=1497"},{"taxonomy":"organisation","embeddable":true,"href":"https:\/\/www.uni.lu\/fr\/wp-json\/wp\/v2\/organisation?post=1497"}],"curies":[{"name":"wp","href":"https:\/\/api.w.org\/{rel}","templated":true}]}}