{"id":1479,"date":"2021-08-12T09:48:18","date_gmt":"2021-08-12T09:48:18","guid":{"rendered":"https:\/\/website.prod.unilu.spikeseed.cloud\/fr\/news\/luniversite-du-luxembourg-nouveau-membre-du-reseau-ims-luxembourg\/"},"modified":"2021-08-12T09:48:18","modified_gmt":"2021-08-12T09:48:18","slug":"luniversite-du-luxembourg-nouveau-membre-du-reseau-ims-luxembourg","status":"publish","type":"news","link":"https:\/\/www.uni.lu\/fr\/news\/luniversite-du-luxembourg-nouveau-membre-du-reseau-ims-luxembourg\/","title":{"rendered":"L\u2019Universit\u00e9 du Luxembourg, nouveau membre du r\u00e9seau IMS Luxembourg"},"content":{"rendered":"<section class=\"wp-block-unilux-blocks-free-section section\"><div class=\"container xl:max-w-screen-xl\"><p>L\u2019Universit\u00e9 du Luxembourg vient de rejoindre <a href=\"https:\/\/imslux.lu\/fra\" target=\"_blank\" title=\"\" rel=\"noopener\">IMS<\/a> (Inspiring More Sustainability), r\u00e9seau leader des entreprises et organisations luxembourgeoises engag\u00e9es en mati\u00e8re de\u00a0responsabilit\u00e9 soci\u00e9tale des entreprises (RSE).<\/p><p>Depuis plus de 10 ans, la mission d\u2019IMS est d\u2019accompagner ses membres afin qu\u2019ils d\u00e9veloppent ou am\u00e9liorent leurs pratiques du point de vue social, environnemental ou \u00e9conomique. IMS explore de nouvelles solutions et teste concr\u00e8tement des alternatives durables, via\u00a0des groupes de travail et des projets pilotes aux impacts positifs. \u00c0\u00a0travers ces projets, IMS facilite les initiatives innovantes en mobilisant l&rsquo;ensemble des acteurs (priv\u00e9s, publics et associatifs).<\/p><p>IMS est un organisme ind\u00e9pendant, apolitique et sans but lucratif\u00a0qui b\u00e9n\u00e9ficie de l&rsquo;expertise d&rsquo;une \u00e9quipe agile et cr\u00e9ative. Le r\u00e9seau repr\u00e9sente 16% de la masse salariale luxembourgeoise et est le repr\u00e9sentant national de l&rsquo;organisation europ\u00e9enne CSR (<i>Corporate Social Responsibility<\/i>) Europe, le leader Europ\u00e9en pour la responsabilit\u00e9 soci\u00e9tale des entreprises, qui regroupe plus de 10 000 membres engag\u00e9s dans la responsabilit\u00e9 environnementale et sociale.<\/p><p>Les projets d&rsquo;IMS aborde ces diff\u00e9rents enjeux :<\/p><ul class=\"ulux-list\"><li class=\"ulux-list-item\">Personnes : inclusion et diversit\u00e9, bien-\u00eatre au travail, engagement communautaire, jeunesse, entreprises et droits de l&rsquo;homme<\/li><li class=\"ulux-list-item\">Plan\u00e8te : lutte contre le changement climatique, ressources naturelles et biodiversit\u00e9, objectif z\u00e9ro d\u00e9chet<\/li><li class=\"ulux-list-item\">Prosp\u00e9rit\u00e9 : production et consommation responsables, nouvelles approches \u00e9conomiques, \u00e9conomie sociale et solidaire, transparence et reporting.<\/li><\/ul>\n<h3 class=\"has-text-align-left wp-block-unilux-blocks-heading\"        id=\"de-nombreux-avantages\"\n    >\nDe nombreux avantages<\/h3>\n<p>L\u2019adh\u00e9sion au r\u00e9seau IMS permettra notamment \u00e0 l\u2019Universit\u00e9 du Luxembourg\u00a0de :<\/p><ul class=\"ulux-list\"><li class=\"ulux-list-item\">Connecter l\u2019Universit\u00e9, sa communaut\u00e9 et ses activit\u00e9s avec les membres du r\u00e9seau pour d\u00e9velopper des partenariats et des actions communes en faveur du d\u00e9veloppement durable<\/li><li class=\"ulux-list-item\">Permettre \u00e0 ses chercheurs de dialoguer avec les entreprises ou organisations membres, actives dans le d\u00e9veloppement durable, et ainsi renforcer l\u2019impact local de ses activit\u00e9s de recherche et d\u2019innovation<\/li><li class=\"ulux-list-item\">Mettre en relation ces m\u00eames entreprises et organisations avec ses \u00e9tudiants, acteurs incontournables de la transition \u00e9cologique et soci\u00e9tale<\/li><li class=\"ulux-list-item\">Interagir avec l\u2019ensemble des acteurs du d\u00e9veloppement durable au sein du territoire et \u00e0 l\u2019\u00e9chelle de l\u2019Europe\u00a0<\/li><li class=\"ulux-list-item\">Participer \u00e0 des groupes th\u00e9matiques ou territoriaux en mati\u00e8re d\u2019innovation durable (mobilit\u00e9, \u00e9conomie circulaire, bien-\u00eatre social) et de tester des alternatives durables via des projets pilotes<\/li><li class=\"ulux-list-item\">Acc\u00e9der \u00e0 de nombreux outils d\u00e9di\u00e9s et bonnes pratiques de responsabilit\u00e9 soci\u00e9tale des entreprises et organisations<\/li><\/ul>\n<h3 class=\"has-text-align-left wp-block-unilux-blocks-heading\"        id=\"luniversite-du-luxembourg-acteur-engage-dans-le-developpement-durable\"\n    >\nL\u2019Universit\u00e9 du Luxembourg, acteur engag\u00e9 dans le d\u00e9veloppement durable<\/h3>\n<p>Cette adh\u00e9sion s\u2019inscrit dans la politique volontariste de l&rsquo;Universit\u00e9 du Luxembourg en mati\u00e8re de d\u00e9veloppement durable, qui se traduit notamment par l\u2019int\u00e9gration de la responsabilit\u00e9 soci\u00e9tale en transversalit\u00e9 dans les programmes interdisciplinaires d\u2019enseignement et de recherche au sein des trois facult\u00e9s de l&rsquo;Universit\u00e9 et des divers centres th\u00e9matiques.<\/p><p>Les diverses approches interdisciplinaires visant \u00e0 contribuer \u00e0 l\u2019\u00e9mergence de solutions durables face aux mutations environnementales, \u00e9nerg\u00e9tiques, climatiques et socio\u00e9conomiques que traversent nos soci\u00e9t\u00e9s, concernent notamment les domaines des transports\/mobilit\u00e9, la digitalisation, l&rsquo;\u00e9conomie de la sant\u00e9, l&rsquo;\u00e9conomie \u00e9cologique, la g\u00e9ographie \u00e9conomique, les \u00e9tudes socio-\u00e9conomiques et d\u00e9mographiques et les TIC vertes.<\/p><p>L\u2019Universit\u00e9 du Luxembourg s\u2019efforce ainsi, en coh\u00e9rence avec ses trois missions d\u2019enseignement, de recherche et d\u2019engagement communautaire, d\u2019int\u00e9grer \u00e0 son approche sociale et environnementale les impacts li\u00e9s \u00e0 son fonctionnement et ses op\u00e9rations. Par la prise en compte de ces questions dans son administration et ses activit\u00e9s op\u00e9rationnelles, cette initiative en cours vise \u00e0 faire de l\u2019Universit\u00e9 du Luxembourg un mod\u00e8le d\u2019universit\u00e9 durable et responsable.<\/p><p>Pour plus d\u2019informations\u00a0:<\/p><p><a href=\"https:\/\/imslux.lu\/\" target=\"_blank\" title=\"\" rel=\"noopener\">IMS Luxembourg<\/a><\/p><p><a href=\"https:\/\/imslux.lu\/fra\/qui-sommes-nous\/les-membres\/235_universite-du-luxembourg\" target=\"_blank\" title=\"\" rel=\"noopener\">L&rsquo;Universit\u00e9 du Luxembourg sur le r\u00e9seau d&rsquo;IMS Luxembourg<\/a><\/p><\/div><\/section>","protected":false},"excerpt":{"rendered":"<p>L\u2019Universit\u00e9 du Luxembourg vient de rejoindre IMS (Inspiring More Sustainability), r\u00e9seau leader des entreprises et organisations luxembourgeoises engag\u00e9es en mati\u00e8re de\u00a0responsabilit\u00e9 soci\u00e9tale des entreprises (RSE).<\/p>\n","protected":false},"author":0,"featured_media":0,"template":"","format":"standard","meta":{"featured_image_focal_point":[],"show_featured_caption":false,"ulux_newsletter_groups":"","uluxPostTitle":"","uluxPrePostTitle":"","_trash_the_other_posts":false,"_price":"","_stock":"","_tribe_ticket_header":"","_tribe_default_ticket_provider":"","_tribe_ticket_capacity":"0","_ticket_start_date":"","_ticket_end_date":"","_tribe_ticket_show_description":"","_tribe_ticket_show_not_going":false,"_tribe_ticket_use_global_stock":"","_tribe_ticket_global_stock_level":"","_global_stock_mode":"","_global_stock_cap":"","_tribe_rsvp_for_event":"","_tribe_ticket_going_count":"","_tribe_ticket_not_going_count":"","_tribe_tickets_list":"[]","_tribe_ticket_has_attendee_info_fields":false},"news-category":[3],"news-topic":[],"organisation":[226],"authorship":[],"acf":[],"yoast_head":"<!-- This site is optimized with the Yoast SEO Premium plugin v22.3 (Yoast SEO v22.3) - https:\/\/yoast.com\/wordpress\/plugins\/seo\/ -->\n<title>L\u2019Universit\u00e9 du Luxembourg, nouveau membre du r\u00e9seau IMS Luxembourg - Universit\u00e9 du Luxembourg<\/title>\n<meta name=\"description\" content=\"L\u2019Universit\u00e9 du Luxembourg vient de rejoindre IMS (Inspiring More Sustainability), r\u00e9seau leader des entreprises et organisations luxembourgeoises engag\u00e9es en mati\u00e8re de\u00a0responsabilit\u00e9 soci\u00e9tale des entreprises (RSE).\" \/>\n<meta name=\"robots\" content=\"index, follow, max-snippet:-1, max-image-preview:large, max-video-preview:-1\" \/>\n<link rel=\"canonical\" href=\"https:\/\/www.uni.lu\/fr\/news\/\" \/>\n<meta property=\"og:locale\" content=\"fr_FR\" \/>\n<meta property=\"og:type\" content=\"article\" \/>\n<meta property=\"og:title\" content=\"L\u2019Universit\u00e9 du Luxembourg, nouveau membre du r\u00e9seau IMS Luxembourg\" \/>\n<meta property=\"og:description\" content=\"L\u2019Universit\u00e9 du Luxembourg vient de rejoindre IMS (Inspiring More Sustainability), r\u00e9seau leader des entreprises et organisations luxembourgeoises engag\u00e9es en mati\u00e8re de\u00a0responsabilit\u00e9 soci\u00e9tale des entreprises (RSE).\" \/>\n<meta property=\"og:url\" content=\"https:\/\/www.uni.lu\/fr\/news\/\" \/>\n<meta property=\"og:site_name\" content=\"UNI FR\" \/>\n<meta property=\"article:publisher\" content=\"https:\/\/www.facebook.com\/uni.lu\" \/>\n<meta property=\"og:image\" content=\"https:\/\/www.uni.lu\/wp-content\/uploads\/sites\/11\/2021\/08\/l_universite_du_luxembourg_nouveau_membre_du_reseau_ims_luxembourg.jpg\" \/>\n\t<meta property=\"og:image:width\" content=\"800\" \/>\n\t<meta property=\"og:image:height\" content=\"600\" \/>\n\t<meta property=\"og:image:type\" content=\"image\/jpeg\" \/>\n<meta name=\"twitter:card\" content=\"summary_large_image\" \/>\n<meta name=\"twitter:label1\" content=\"Dur\u00e9e de lecture estim\u00e9e\" \/>\n\t<meta name=\"twitter:data1\" content=\"3 minutes\" \/>\n<script type=\"application\/ld+json\" class=\"yoast-schema-graph\">{\"@context\":\"https:\/\/schema.org\",\"@graph\":[{\"@type\":\"NewsArticle\",\"@id\":\"https:\/\/www.uni.lu\/fr\/news\/#article\",\"isPartOf\":{\"@id\":\"https:\/\/www.uni.lu\/fr\/news\/\"},\"author\":{\"name\":\"\",\"@id\":\"\"},\"headline\":\"L\u2019Universit\u00e9 du Luxembourg, nouveau membre du r\u00e9seau IMS Luxembourg\",\"datePublished\":\"2021-08-12T09:48:18+00:00\",\"dateModified\":\"2021-08-12T09:48:18+00:00\",\"mainEntityOfPage\":{\"@id\":\"https:\/\/www.uni.lu\/fr\/news\/\"},\"wordCount\":626,\"publisher\":{\"@id\":\"https:\/\/www.uni.lu\/fr\/#organization\"},\"inLanguage\":\"fr-FR\"},{\"@type\":\"WebPage\",\"@id\":\"https:\/\/www.uni.lu\/fr\/news\/\",\"url\":\"https:\/\/www.uni.lu\/fr\/news\/\",\"name\":\"L\u2019Universit\u00e9 du Luxembourg, nouveau membre du r\u00e9seau IMS Luxembourg - Universit\u00e9 du Luxembourg\",\"isPartOf\":{\"@id\":\"https:\/\/www.uni.lu\/fr\/#website\"},\"datePublished\":\"2021-08-12T09:48:18+00:00\",\"dateModified\":\"2021-08-12T09:48:18+00:00\",\"description\":\"L\u2019Universit\u00e9 du Luxembourg vient de rejoindre IMS (Inspiring More Sustainability), r\u00e9seau leader des entreprises et organisations luxembourgeoises engag\u00e9es en mati\u00e8re de\u00a0responsabilit\u00e9 soci\u00e9tale des entreprises (RSE).\",\"breadcrumb\":{\"@id\":\"https:\/\/www.uni.lu\/fr\/news\/#breadcrumb\"},\"inLanguage\":\"fr-FR\",\"potentialAction\":[{\"@type\":\"ReadAction\",\"target\":[\"https:\/\/www.uni.lu\/fr\/news\/\"]}]},{\"@type\":\"BreadcrumbList\",\"@id\":\"https:\/\/www.uni.lu\/fr\/news\/#breadcrumb\",\"itemListElement\":[{\"@type\":\"ListItem\",\"position\":1,\"name\":\"Home\",\"item\":\"https:\/\/www.uni.lu\/fr\/\"},{\"@type\":\"ListItem\",\"position\":2,\"name\":\"News\",\"item\":\"https:\/\/www.uni.lu\/fr\/news\/\"},{\"@type\":\"ListItem\",\"position\":3,\"name\":\"L\u2019Universit\u00e9 du Luxembourg, nouveau membre du r\u00e9seau IMS Luxembourg\"}]},{\"@type\":\"WebSite\",\"@id\":\"https:\/\/www.uni.lu\/fr\/#website\",\"url\":\"https:\/\/www.uni.lu\/fr\/\",\"name\":\"Uni.lu\",\"description\":\"Universit\u00e9 du Luxembourg\",\"publisher\":{\"@id\":\"https:\/\/www.uni.lu\/fr\/#organization\"},\"alternateName\":\"Universit\u00e9 du Luxembourg\",\"potentialAction\":[{\"@type\":\"SearchAction\",\"target\":{\"@type\":\"EntryPoint\",\"urlTemplate\":\"https:\/\/www.uni.lu\/fr\/?s={search_term_string}\"},\"query-input\":\"required name=search_term_string\"}],\"inLanguage\":\"fr-FR\"},{\"@type\":\"Organization\",\"@id\":\"https:\/\/www.uni.lu\/fr\/#organization\",\"name\":\"Universit\u00e9 du Luxembourg\",\"alternateName\":\"Uni.lu\",\"url\":\"https:\/\/www.uni.lu\/fr\/\",\"logo\":{\"@type\":\"ImageObject\",\"inLanguage\":\"fr-FR\",\"@id\":\"https:\/\/www.uni.lu\/fr\/#\/schema\/logo\/image\/\",\"url\":\"https:\/\/www.uni.lu\/wp-content\/uploads\/sites\/11\/2026\/03\/03120045\/UNIV_SM-Profile_1600x1600px-scaled.jpg\",\"contentUrl\":\"https:\/\/www.uni.lu\/wp-content\/uploads\/sites\/11\/2026\/03\/03120045\/UNIV_SM-Profile_1600x1600px-scaled.jpg\",\"width\":2560,\"height\":2560,\"caption\":\"Universit\u00e9 du Luxembourg\"},\"image\":\"https:\/\/www.uni.lu\/wp-content\/uploads\/sites\/11\/2026\/04\/24120552\/20200609-Belval-Campus_Henri-Goergen-23.jpg\",\"sameAs\":[\"https:\/\/www.facebook.com\/uni.lu\",\"https:\/\/www.linkedin.com\/school\/university-of-luxembourg\/\",\"https:\/\/www.instagram.com\/uni.lu\",\"https:\/\/www.youtube.com\/@uni_lu\",\"https:\/\/en.wikipedia.org\/wiki\/University_of_Luxembourg\"],\"email\":\"communication@uni.lu\",\"telephone\":\"+352 46 66 44 1\",\"address\":{\"@type\":\"PostalAddress\",\"streetAddress\":\"2, place de l\u2019Universit\u00e9\",\"addressLocality\":\"Esch-sur-Alzette\",\"postalCode\":\"4365\",\"addressCountry\":\"LU\"},\"description\":\"Universit\u00e9 du Luxembourg\"}]}<\/script>\n<!-- \/ Yoast SEO Premium plugin. -->","yoast_head_json":{"title":"L\u2019Universit\u00e9 du Luxembourg, nouveau membre du r\u00e9seau IMS Luxembourg - Universit\u00e9 du Luxembourg","description":"L\u2019Universit\u00e9 du Luxembourg vient de rejoindre IMS (Inspiring More Sustainability), r\u00e9seau leader des entreprises et organisations luxembourgeoises engag\u00e9es en mati\u00e8re de\u00a0responsabilit\u00e9 soci\u00e9tale des entreprises (RSE).","robots":{"index":"index","follow":"follow","max-snippet":"max-snippet:-1","max-image-preview":"max-image-preview:large","max-video-preview":"max-video-preview:-1"},"canonical":"https:\/\/www.uni.lu\/fr\/news\/","og_locale":"fr_FR","og_type":"article","og_title":"L\u2019Universit\u00e9 du Luxembourg, nouveau membre du r\u00e9seau IMS Luxembourg","og_description":"L\u2019Universit\u00e9 du Luxembourg vient de rejoindre IMS (Inspiring More Sustainability), r\u00e9seau leader des entreprises et organisations luxembourgeoises engag\u00e9es en mati\u00e8re de\u00a0responsabilit\u00e9 soci\u00e9tale des entreprises (RSE).","og_url":"https:\/\/www.uni.lu\/fr\/news\/","og_site_name":"UNI FR","article_publisher":"https:\/\/www.facebook.com\/uni.lu","og_image":[{"width":800,"height":600,"url":"https:\/\/www.uni.lu\/wp-content\/uploads\/sites\/11\/2021\/08\/l_universite_du_luxembourg_nouveau_membre_du_reseau_ims_luxembourg.jpg","type":"image\/jpeg"}],"twitter_card":"summary_large_image","twitter_misc":{"Dur\u00e9e de lecture estim\u00e9e":"3 minutes"},"schema":{"@context":"https:\/\/schema.org","@graph":[{"@type":"NewsArticle","@id":"https:\/\/www.uni.lu\/fr\/news\/#article","isPartOf":{"@id":"https:\/\/www.uni.lu\/fr\/news\/"},"author":{"name":"","@id":""},"headline":"L\u2019Universit\u00e9 du Luxembourg, nouveau membre du r\u00e9seau IMS Luxembourg","datePublished":"2021-08-12T09:48:18+00:00","dateModified":"2021-08-12T09:48:18+00:00","mainEntityOfPage":{"@id":"https:\/\/www.uni.lu\/fr\/news\/"},"wordCount":626,"publisher":{"@id":"https:\/\/www.uni.lu\/fr\/#organization"},"inLanguage":"fr-FR"},{"@type":"WebPage","@id":"https:\/\/www.uni.lu\/fr\/news\/","url":"https:\/\/www.uni.lu\/fr\/news\/","name":"L\u2019Universit\u00e9 du Luxembourg, nouveau membre du r\u00e9seau IMS Luxembourg - Universit\u00e9 du Luxembourg","isPartOf":{"@id":"https:\/\/www.uni.lu\/fr\/#website"},"datePublished":"2021-08-12T09:48:18+00:00","dateModified":"2021-08-12T09:48:18+00:00","description":"L\u2019Universit\u00e9 du Luxembourg vient de rejoindre IMS (Inspiring More Sustainability), r\u00e9seau leader des entreprises et organisations luxembourgeoises engag\u00e9es en mati\u00e8re de\u00a0responsabilit\u00e9 soci\u00e9tale des entreprises (RSE).","breadcrumb":{"@id":"https:\/\/www.uni.lu\/fr\/news\/#breadcrumb"},"inLanguage":"fr-FR","potentialAction":[{"@type":"ReadAction","target":["https:\/\/www.uni.lu\/fr\/news\/"]}]},{"@type":"BreadcrumbList","@id":"https:\/\/www.uni.lu\/fr\/news\/#breadcrumb","itemListElement":[{"@type":"ListItem","position":1,"name":"Home","item":"https:\/\/www.uni.lu\/fr\/"},{"@type":"ListItem","position":2,"name":"News","item":"https:\/\/www.uni.lu\/fr\/news\/"},{"@type":"ListItem","position":3,"name":"L\u2019Universit\u00e9 du Luxembourg, nouveau membre du r\u00e9seau IMS Luxembourg"}]},{"@type":"WebSite","@id":"https:\/\/www.uni.lu\/fr\/#website","url":"https:\/\/www.uni.lu\/fr\/","name":"Uni.lu","description":"Universit\u00e9 du Luxembourg","publisher":{"@id":"https:\/\/www.uni.lu\/fr\/#organization"},"alternateName":"Universit\u00e9 du Luxembourg","potentialAction":[{"@type":"SearchAction","target":{"@type":"EntryPoint","urlTemplate":"https:\/\/www.uni.lu\/fr\/?s={search_term_string}"},"query-input":"required name=search_term_string"}],"inLanguage":"fr-FR"},{"@type":"Organization","@id":"https:\/\/www.uni.lu\/fr\/#organization","name":"Universit\u00e9 du Luxembourg","alternateName":"Uni.lu","url":"https:\/\/www.uni.lu\/fr\/","logo":{"@type":"ImageObject","inLanguage":"fr-FR","@id":"https:\/\/www.uni.lu\/fr\/#\/schema\/logo\/image\/","url":"https:\/\/www.uni.lu\/wp-content\/uploads\/sites\/11\/2026\/03\/03120045\/UNIV_SM-Profile_1600x1600px-scaled.jpg","contentUrl":"https:\/\/www.uni.lu\/wp-content\/uploads\/sites\/11\/2026\/03\/03120045\/UNIV_SM-Profile_1600x1600px-scaled.jpg","width":2560,"height":2560,"caption":"Universit\u00e9 du Luxembourg"},"image":"https:\/\/www.uni.lu\/wp-content\/uploads\/sites\/11\/2026\/04\/24120552\/20200609-Belval-Campus_Henri-Goergen-23.jpg","sameAs":["https:\/\/www.facebook.com\/uni.lu","https:\/\/www.linkedin.com\/school\/university-of-luxembourg\/","https:\/\/www.instagram.com\/uni.lu","https:\/\/www.youtube.com\/@uni_lu","https:\/\/en.wikipedia.org\/wiki\/University_of_Luxembourg"],"email":"communication@uni.lu","telephone":"+352 46 66 44 1","address":{"@type":"PostalAddress","streetAddress":"2, place de l\u2019Universit\u00e9","addressLocality":"Esch-sur-Alzette","postalCode":"4365","addressCountry":"LU"},"description":"Universit\u00e9 du Luxembourg"}]}},"blog_id":11,"_links":{"self":[{"href":"https:\/\/www.uni.lu\/fr\/wp-json\/wp\/v2\/news\/1479"}],"collection":[{"href":"https:\/\/www.uni.lu\/fr\/wp-json\/wp\/v2\/news"}],"about":[{"href":"https:\/\/www.uni.lu\/fr\/wp-json\/wp\/v2\/types\/news"}],"version-history":[{"count":0,"href":"https:\/\/www.uni.lu\/fr\/wp-json\/wp\/v2\/news\/1479\/revisions"}],"wp:attachment":[{"href":"https:\/\/www.uni.lu\/fr\/wp-json\/wp\/v2\/media?parent=1479"}],"wp:term":[{"taxonomy":"news-category","embeddable":true,"href":"https:\/\/www.uni.lu\/fr\/wp-json\/wp\/v2\/news-category?post=1479"},{"taxonomy":"news-topic","embeddable":true,"href":"https:\/\/www.uni.lu\/fr\/wp-json\/wp\/v2\/news-topic?post=1479"},{"taxonomy":"organisation","embeddable":true,"href":"https:\/\/www.uni.lu\/fr\/wp-json\/wp\/v2\/organisation?post=1479"}],"curies":[{"name":"wp","href":"https:\/\/api.w.org\/{rel}","templated":true}]}}