{"id":14763,"date":"2025-03-25T15:59:24","date_gmt":"2025-03-25T14:59:24","guid":{"rendered":"https:\/\/www.uni.lu\/fr\/?post_type=news&#038;p=14763"},"modified":"2025-03-25T16:10:21","modified_gmt":"2025-03-25T15:10:21","slug":"le-couple-heritier-rencontre-etudiants-et-chercheurs-de-l-universite","status":"publish","type":"news","link":"https:\/\/www.uni.lu\/fr\/news\/le-couple-heritier-rencontre-etudiants-et-chercheurs-de-l-universite\/","title":{"rendered":"Le Couple H\u00e9ritier rencontre \u00e9tudiants et chercheurs de l\u2019Universit\u00e9"},"content":{"rendered":"\n<section class=\"wp-block-unilux-blocks-free-section section\"><div class=\"container xl:max-w-screen-xl\">\n<p><strong>Leurs Altesses Royales le Grand-Duc h\u00e9ritier et la Grande-Duchesse H\u00e9riti\u00e8re ont visit\u00e9 le campus de l\u2019Universit\u00e9 au c\u00f4t\u00e9 de St\u00e9phanie Obertin, ministre de la Recherche et de l\u2019Enseignement Sup\u00e9rieur.<\/strong><\/p>\n\n\n\n<p>Le Couple H\u00e9ritier a d\u00e9marr\u00e9 par une visite guid\u00e9e du Media Centre de l\u2019Universit\u00e9, sur le th\u00e8me de la d\u00e9sinformation et de l\u2019intelligence artificielle. Pour l\u2019occasion, un avatar du Grand-Duc H\u00e9ritier a \u00e9t\u00e9 cr\u00e9\u00e9 dans les nouveaux studios tout juste inaugur\u00e9s.<\/p>\n\n\n\n<p>Apr\u00e8s une pr\u00e9sentation de l\u2019Universit\u00e9 du Luxembourg et de son futur par le Recteur Prof. Jens Kreisel, le couple royal a pu \u00e9changer en toute libert\u00e9 avec des \u00e9tudiants en sciences politiques et sociales sur le th\u00e8me de la monarchie moderne et de la lieutenance.<\/p>\n\n\n\n<p>Leurs Altesses Royales ont ensuite d\u00e9couvert le tr\u00e8s symbolique Luxembourg Learning Centre au c\u0153ur du campus de Belval, qui allie modernit\u00e9 et h\u00e9ritage industriel, avant d\u2019accompagner Prof. Michael Heneka dans son laboratoire d\u00e9di\u00e9 \u00e0 la recherche sur les maladies neurod\u00e9g\u00e9n\u00e9ratives, au Luxembourg Centre for Systems Biomedicine (LCSB).<\/p>\n\n\n\n<section class=\"wp-block-unilux-blocks-quote-people\">\n    <div class=\"quote-people\" role=\"group\">\n        <figure class=\"quote-people__body\">\n            <blockquote class=\"quote-people__blockquote\">\n    <span class=\"quote-people__quote\">\u201f<\/span>\n    \u202fLeurs Altesses Royales remercient le personnel et les \u00e9tudiants de l\u2019Universit\u00e9 pour leur accueil et cette visite enrichissante qui confirme, une nouvelle fois, l\u2019importance de l\u2019Universit\u00e9 comme p\u00f4le de recherche et d\u2019enseignement au Luxembourg\u202f\u00bb, a publi\u00e9 le Palais apr\u00e8s la visite\u201d\n<\/blockquote>\n<div class=\"wp-block-unilux-blocks-wrapper quote-people__figcaption\">\n<p class=\"quote-people__author wp-block-unilux-blocks-plain-text\"><\/p><\/div>\n        <\/figure>\n    <\/div>\n<\/section>\n\n<div class=\"wp-block-unilux-blocks-spacer is-spacer-size-md\"><\/div>\n\n\n<section class=\"alignfull wp-block-unilux-blocks-gallery-carousel\">\n    <div class=\"swiper swiper-gallery\" aria-roledescription=\"carousel\" aria-label=\"A gallery of images\">\n        <!-- Swiper button Next & Prev -->\n        <div class=\"swiper-nav\">\n            <div class=\"swiper-nav__container\">\n                <div class=\"swiper-nav__grid\">\n                    <button type=\"button\" class=\"swiper-button-next\">\n                        <svg aria-hidden=\"true\" focusable=\"false\" class=\"icon icon-outline icon--arrow-right \"><use xlink:href=\"https:\/\/www.uni.lu\/wp-content\/themes\/unilux-theme\/assets\/images\/icons\/icons-outline.svg#icon--arrow-right\"><\/use><\/svg>                    <\/button>\n                    <button type=\"button\" class=\"swiper-button-prev\">\n                        <svg aria-hidden=\"true\" focusable=\"false\" class=\"icon icon-outline icon--arrow-left \"><use xlink:href=\"https:\/\/www.uni.lu\/wp-content\/themes\/unilux-theme\/assets\/images\/icons\/icons-outline.svg#icon--arrow-left\"><\/use><\/svg>                    <\/button>\n                <\/div>\n            <\/div>\n        <\/div>\n\n        <!-- swiper slides -->\n        <ul class=\"swiper-wrapper\">\n            \n<li class=\"swiper-slide\" aria-roledescription=\"slide\">\n    <figure class=\"wp-block-dev4-reusable-blocks-image swiper-slide__bg object-fit--cover\">\n    \n<img decoding=\"async\" class=\"wp-block-image unilux-custom-image-block\"\n                alt=\"\"\n            src=\"https:\/\/www.uni.lu\/wp-content\/uploads\/sites\/9\/2025\/03\/Uni.lu_The-Hereditary-Couple-students-and-researchers-group-picture-scaled.jpg\"\n                    style=\"object-position: 46.00% 23.00%; font-family: &quot;object-fit: cover; object-position: 46.00% 23.00%;&quot;; aspect-ratio: 16\/9; object-fit: cover; width: 100%;\"\n        loading=\"lazy\"\n\/>            <p class=\"wp-block-dev4-reusable-blocks-image-caption\">\n            \u00a9 Universit\u00e9 du Luxembourg        <\/p>\n    <\/figure><\/li>\n<li class=\"swiper-slide\" aria-roledescription=\"slide\">\n    <figure class=\"wp-block-dev4-reusable-blocks-image swiper-slide__bg object-fit--cover\">\n    \n<img decoding=\"async\" class=\"wp-block-image unilux-custom-image-block\"\n                alt=\"The Hereditary Couple and the university&#039;s rector, Jens Kreisel at the Library (LLC).\"\n            src=\"https:\/\/www.uni.lu\/wp-content\/uploads\/sites\/9\/2025\/03\/Uni.lu_The-Hereditary-Couple_LLC_welcome.png\"\n                    style=\"object-position: 48.00% 41.00%; font-family: &quot;object-fit: cover; object-position: 48.00% 41.00%;&quot;; aspect-ratio: 16\/9; object-fit: cover; width: 100%;\"\n        loading=\"lazy\"\n\/>            <p class=\"wp-block-dev4-reusable-blocks-image-caption\">\n            \u00a9 Universit\u00e9 du Luxembourg        <\/p>\n    <\/figure><\/li>\n<li class=\"swiper-slide\" aria-roledescription=\"slide\">\n    <figure class=\"wp-block-dev4-reusable-blocks-image swiper-slide__bg object-fit--cover\">\n    \n<img decoding=\"async\" class=\"wp-block-image unilux-custom-image-block\"\n                alt=\"\"\n            src=\"https:\/\/www.uni.lu\/wp-content\/uploads\/sites\/9\/2025\/03\/Visite_UniversiteduLuxembourg-08_merged_line-break.png\"\n                    style=\"object-position: 50.00% 50.00%; font-family: &quot;object-fit: cover; object-position: 50.00% 50.00%;&quot;; aspect-ratio: 16\/9; object-fit: cover; width: 100%;\"\n        loading=\"lazy\"\n\/>            <p class=\"wp-block-dev4-reusable-blocks-image-caption\">\n            Le Couple H\u00e9ritier au Media Centre de l\u2019Universit\u00e9. \u00a9 Maison du Grand-Du        <\/p>\n    <\/figure><\/li>\n<li class=\"swiper-slide\" aria-roledescription=\"slide\">\n    <figure class=\"wp-block-dev4-reusable-blocks-image swiper-slide__bg object-fit--cover\">\n    \n<img decoding=\"async\" class=\"wp-block-image unilux-custom-image-block\"\n                alt=\"\"\n            src=\"https:\/\/www.uni.lu\/wp-content\/uploads\/sites\/9\/2025\/03\/Uni.lu_The-Hereditary-Couple-with-uni.lu-students-scaled.jpg\"\n                    style=\"object-position: 50.00% 50.00%; font-family: &quot;object-fit: cover; object-position: 50.00% 50.00%;&quot;; aspect-ratio: 16\/9; object-fit: cover; width: 100%;\"\n        loading=\"lazy\"\n\/>            <p class=\"wp-block-dev4-reusable-blocks-image-caption\">\n            \u00a9 Universit\u00e9 du Luxembourg        <\/p>\n    <\/figure><\/li>        <\/ul>\n\n        <!-- Swiper pagination -->\n        <div class=\"swiper-pagination\">\n            <div class=\"swiper-pagination__bullets\"><\/div>\n        <\/div>\n    <\/div>\n<\/section>\n\n\n<h2 class=\"has-text-align-left wp-block-unilux-blocks-heading\"        id=\"dans-les-medias\"\n    >\nDans les m\u00e9dias<\/h2>\n\n\n\n<div class=\"wp-block-unilux-blocks-guidebook-list-wrapper guidebook\">\n<header class=\"wp-block-unilux-blocks-wrapper guidebook__header\">\n<h3 class=\"guidebook__title has-text-align-left wp-block-unilux-blocks-heading\"        id=\"en-luxembourgeois\"\n    >\n<em>En luxembourgeois<\/em>\u00a0<\/h3>\n\n\n\n<p><\/p>\n<\/header>\n\n\n<ul class=\"guidebook__listing  wp-block-unilux-blocks-guidebook-list\">\n    <li class=\"guidebook__item  wp-block-unilux-blocks-guidebook-list-item\">\n        <a\n        href=\"https:\/\/www.rtl.lu\/lifestyle\/news\/a\/2288163.html\"\n        class=\"quick-link\"\n        target=\"_blank\"\n    >\n            \n<div class=\"wp-block-unilux-blocks-wrapper guidebook__visual\"><figure class=\"wp-block-dev4-reusable-blocks-image w-full object-fit--cover\">\n        <\/figure><\/div>\n\n<div class=\"wp-block-unilux-blocks-wrapper guidebook__body\">\n<h4 class=\"guidebook__name has-text-align-left wp-block-unilux-blocks-heading\"        id=\"besuch-vun-der-ierfgroussherzoglecher-koppel-op-der-uni-lu\"\n    >\nBesuch vun der ierfgroussherzoglecher Koppel op der Uni.lu<\/h4>\n\n\n\n<cite class=\"wp-block-unilux-blocks-plain-text\">RTL.lu<\/cite><\/div>\n        <\/a>\n    <\/li><\/ul><\/div>\n\n\n\n<div class=\"wp-block-unilux-blocks-guidebook-list-wrapper guidebook\">\n<header class=\"wp-block-unilux-blocks-wrapper guidebook__header\">\n<h3 class=\"guidebook__title has-text-align-left wp-block-unilux-blocks-heading\"        id=\"en-francais\"\n    >\n<em>En fran\u00e7ais<\/em>\u00a0<\/h3>\n\n\n\n<p><\/p>\n<\/header>\n\n\n<ul class=\"guidebook__listing  wp-block-unilux-blocks-guidebook-list\">\n    <li class=\"guidebook__item  wp-block-unilux-blocks-guidebook-list-item\">\n        <a\n        href=\"https:\/\/monarchie.lu\/fr\/actualites\/visite-de-luniversite-du-luxembourg\"\n        class=\"quick-link\"\n        target=\"_blank\"\n    >\n            \n<div class=\"wp-block-unilux-blocks-wrapper guidebook__visual\"><figure class=\"wp-block-dev4-reusable-blocks-image w-full object-fit--cover\">\n        <\/figure><\/div>\n\n<div class=\"wp-block-unilux-blocks-wrapper guidebook__body\">\n<h4 class=\"guidebook__name has-text-align-left wp-block-unilux-blocks-heading\"        id=\"visite-de-luniversite-du-luxembourg\"\n    >\nVisite de l&rsquo;Universit\u00e9 du Luxembourg<\/h4>\n\n\n\n<cite class=\"wp-block-unilux-blocks-plain-text\">Monarchie.lu<\/cite><\/div>\n        <\/a>\n    <\/li><li class=\"guidebook__item  wp-block-unilux-blocks-guidebook-list-item\">\n        <a\n        href=\"https:\/\/www.virgule.lu\/luxembourg\/le-couple-heritier-face-aux-technologies-de-demain-et-aux-etudiants-de-l-uni\/51189809.html\"\n        class=\"quick-link\"\n        target=\"_blank\"\n    >\n            \n<div class=\"wp-block-unilux-blocks-wrapper guidebook__visual\"><figure class=\"wp-block-dev4-reusable-blocks-image w-full object-fit--cover\">\n        <\/figure><\/div>\n\n<div class=\"wp-block-unilux-blocks-wrapper guidebook__body\">\n<h4 class=\"guidebook__name has-text-align-left wp-block-unilux-blocks-heading\"        id=\"le-couple-heritier-face-aux-technologies-de-demain-et-aux-etudiants-de-luni\"\n    >\nLe couple h\u00e9ritier face aux technologies de demain et aux \u00e9tudiants de l\u2019Uni<\/h4>\n\n\n\n<cite class=\"wp-block-unilux-blocks-plain-text\">Virgule.lu<\/cite><\/div>\n        <\/a>\n    <\/li><li class=\"guidebook__item  wp-block-unilux-blocks-guidebook-list-item\">\n        <a\n        href=\"https:\/\/www.pointdevue.fr\/noblesse-et-royautes\/guillaume-et-stephanie-de-luxembourg-au-campus-de-belval\"\n        class=\"quick-link\"\n        target=\"_blank\"\n    >\n            \n<div class=\"wp-block-unilux-blocks-wrapper guidebook__visual\"><figure class=\"wp-block-dev4-reusable-blocks-image w-full object-fit--cover\">\n        <\/figure><\/div>\n\n<div class=\"wp-block-unilux-blocks-wrapper guidebook__body\">\n<h4 class=\"guidebook__name has-text-align-left wp-block-unilux-blocks-heading\"        id=\"guillaume-et-stephanie-de-luxembourg-au-campus-de-belval\"\n    >\nGuillaume et St\u00e9phanie de Luxembourg au campus de Belval<\/h4>\n\n\n\n<cite class=\"wp-block-unilux-blocks-plain-text\">Pointdevue.fr<\/cite><\/div>\n        <\/a>\n    <\/li><\/ul><\/div>\n<\/div><\/section>\n","protected":false},"excerpt":{"rendered":"<p>Leurs Altesses Royales le Grand-Duc h\u00e9ritier et la Grande-Duchesse H\u00e9riti\u00e8re ont visit\u00e9 le campus de l\u2019Universit\u00e9 au c\u00f4t\u00e9 de St\u00e9phanie Obertin, ministre de la Recherche et de l\u2019Enseignement Sup\u00e9rieur.<\/p>\n","protected":false},"author":44,"featured_media":14766,"template":"","format":"standard","meta":{"featured_image_focal_point":[],"show_featured_caption":false,"ulux_newsletter_groups":"","uluxPostTitle":"","uluxPrePostTitle":"","_trash_the_other_posts":false,"_price":"","_stock":"","_tribe_ticket_header":"","_tribe_default_ticket_provider":"","_tribe_ticket_capacity":"0","_ticket_start_date":"","_ticket_end_date":"","_tribe_ticket_show_description":"","_tribe_ticket_show_not_going":false,"_tribe_ticket_use_global_stock":"","_tribe_ticket_global_stock_level":"","_global_stock_mode":"","_global_stock_cap":"","_tribe_rsvp_for_event":"","_tribe_ticket_going_count":"","_tribe_ticket_not_going_count":"","_tribe_tickets_list":"[]","_tribe_ticket_has_attendee_info_fields":false},"news-category":[9,3],"news-topic":[],"organisation":[147,202,226],"authorship":[44,311],"acf":[],"yoast_head":"<!-- This site is optimized with the Yoast SEO Premium plugin v22.3 (Yoast SEO v22.3) - https:\/\/yoast.com\/wordpress\/plugins\/seo\/ -->\n<title>Le Couple H\u00e9ritier rencontre \u00e9tudiants et chercheurs de l\u2019Universit\u00e9 - Universit\u00e9 du Luxembourg<\/title>\n<meta name=\"description\" content=\"Leurs Altesses Royales le Grand-Duc h\u00e9ritier et la Grande-Duchesse H\u00e9riti\u00e8re ont visit\u00e9 le campus de l\u2019Universit\u00e9 au c\u00f4t\u00e9 de St\u00e9phanie Obertin, ministre de la Recherche et de l\u2019Enseignement Sup\u00e9rieur.\" \/>\n<meta name=\"robots\" content=\"index, follow, max-snippet:-1, max-image-preview:large, max-video-preview:-1\" \/>\n<link rel=\"canonical\" href=\"https:\/\/www.uni.lu\/fr\/news\/le-couple-heritier-rencontre-etudiants-et-chercheurs-de-l-universite\/\" \/>\n<meta property=\"og:locale\" content=\"fr_FR\" \/>\n<meta property=\"og:type\" content=\"article\" \/>\n<meta property=\"og:title\" content=\"Le Couple H\u00e9ritier rencontre \u00e9tudiants et chercheurs de l\u2019Universit\u00e9\" \/>\n<meta property=\"og:description\" content=\"Leurs Altesses Royales le Grand-Duc h\u00e9ritier et la Grande-Duchesse H\u00e9riti\u00e8re ont visit\u00e9 le campus de l\u2019Universit\u00e9 au c\u00f4t\u00e9 de St\u00e9phanie Obertin, ministre de la Recherche et de l\u2019Enseignement Sup\u00e9rieur.\" \/>\n<meta property=\"og:url\" content=\"https:\/\/www.uni.lu\/fr\/news\/le-couple-heritier-rencontre-etudiants-et-chercheurs-de-l-universite\/\" \/>\n<meta property=\"og:site_name\" content=\"UNI FR\" \/>\n<meta property=\"article:publisher\" content=\"https:\/\/www.facebook.com\/uni.lu\" \/>\n<meta property=\"article:modified_time\" content=\"2025-03-25T15:10:21+00:00\" \/>\n<meta property=\"og:image\" content=\"https:\/\/www.uni.lu\/wp-content\/uploads\/sites\/11\/2025\/03\/Visite_UniversiteduLuxembourg-12_Cour-Grand-Ducale.jpg\" \/>\n\t<meta property=\"og:image:width\" content=\"1280\" \/>\n\t<meta property=\"og:image:height\" content=\"854\" \/>\n\t<meta property=\"og:image:type\" content=\"image\/jpeg\" \/>\n<meta name=\"twitter:card\" content=\"summary_large_image\" \/>\n<meta name=\"twitter:label1\" content=\"Dur\u00e9e de lecture estim\u00e9e\" \/>\n\t<meta name=\"twitter:data1\" content=\"2 minutes\" \/>\n<script type=\"application\/ld+json\" class=\"yoast-schema-graph\">{\"@context\":\"https:\/\/schema.org\",\"@graph\":[{\"@type\":\"NewsArticle\",\"@id\":\"https:\/\/www.uni.lu\/fr\/news\/le-couple-heritier-rencontre-etudiants-et-chercheurs-de-l-universite\/#article\",\"isPartOf\":{\"@id\":\"https:\/\/www.uni.lu\/fr\/news\/le-couple-heritier-rencontre-etudiants-et-chercheurs-de-l-universite\/\"},\"author\":{\"name\":\"Eunice\",\"@id\":\"https:\/\/www.uni.lu\/fr\/#\/schema\/person\/17dbc4a6ec9d969d266bcfb8d8e06279\"},\"headline\":\"Le Couple H\u00e9ritier rencontre \u00e9tudiants et chercheurs de l\u2019Universit\u00e9\",\"datePublished\":\"2025-03-25T14:59:24+00:00\",\"dateModified\":\"2025-03-25T15:10:21+00:00\",\"mainEntityOfPage\":{\"@id\":\"https:\/\/www.uni.lu\/fr\/news\/le-couple-heritier-rencontre-etudiants-et-chercheurs-de-l-universite\/\"},\"wordCount\":203,\"publisher\":{\"@id\":\"https:\/\/www.uni.lu\/fr\/#organization\"},\"image\":{\"@id\":\"https:\/\/www.uni.lu\/fr\/news\/le-couple-heritier-rencontre-etudiants-et-chercheurs-de-l-universite\/#primaryimage\"},\"thumbnailUrl\":\"https:\/\/www.uni.lu\/wp-content\/uploads\/sites\/11\/2025\/03\/Visite_UniversiteduLuxembourg-12_Cour-Grand-Ducale.jpg\",\"inLanguage\":\"fr-FR\"},{\"@type\":\"WebPage\",\"@id\":\"https:\/\/www.uni.lu\/fr\/news\/le-couple-heritier-rencontre-etudiants-et-chercheurs-de-l-universite\/\",\"url\":\"https:\/\/www.uni.lu\/fr\/news\/le-couple-heritier-rencontre-etudiants-et-chercheurs-de-l-universite\/\",\"name\":\"Le Couple H\u00e9ritier rencontre \u00e9tudiants et chercheurs de l\u2019Universit\u00e9 - Universit\u00e9 du Luxembourg\",\"isPartOf\":{\"@id\":\"https:\/\/www.uni.lu\/fr\/#website\"},\"primaryImageOfPage\":{\"@id\":\"https:\/\/www.uni.lu\/fr\/news\/le-couple-heritier-rencontre-etudiants-et-chercheurs-de-l-universite\/#primaryimage\"},\"image\":{\"@id\":\"https:\/\/www.uni.lu\/fr\/news\/le-couple-heritier-rencontre-etudiants-et-chercheurs-de-l-universite\/#primaryimage\"},\"thumbnailUrl\":\"https:\/\/www.uni.lu\/wp-content\/uploads\/sites\/11\/2025\/03\/Visite_UniversiteduLuxembourg-12_Cour-Grand-Ducale.jpg\",\"datePublished\":\"2025-03-25T14:59:24+00:00\",\"dateModified\":\"2025-03-25T15:10:21+00:00\",\"description\":\"Leurs Altesses Royales le Grand-Duc h\u00e9ritier et la Grande-Duchesse H\u00e9riti\u00e8re ont visit\u00e9 le campus de l\u2019Universit\u00e9 au c\u00f4t\u00e9 de St\u00e9phanie Obertin, ministre de la Recherche et de l\u2019Enseignement Sup\u00e9rieur.\",\"breadcrumb\":{\"@id\":\"https:\/\/www.uni.lu\/fr\/news\/le-couple-heritier-rencontre-etudiants-et-chercheurs-de-l-universite\/#breadcrumb\"},\"inLanguage\":\"fr-FR\",\"potentialAction\":[{\"@type\":\"ReadAction\",\"target\":[\"https:\/\/www.uni.lu\/fr\/news\/le-couple-heritier-rencontre-etudiants-et-chercheurs-de-l-universite\/\"]}]},{\"@type\":\"ImageObject\",\"inLanguage\":\"fr-FR\",\"@id\":\"https:\/\/www.uni.lu\/fr\/news\/le-couple-heritier-rencontre-etudiants-et-chercheurs-de-l-universite\/#primaryimage\",\"url\":\"https:\/\/www.uni.lu\/wp-content\/uploads\/sites\/11\/2025\/03\/Visite_UniversiteduLuxembourg-12_Cour-Grand-Ducale.jpg\",\"contentUrl\":\"https:\/\/www.uni.lu\/wp-content\/uploads\/sites\/11\/2025\/03\/Visite_UniversiteduLuxembourg-12_Cour-Grand-Ducale.jpg\",\"width\":1280,\"height\":854,\"caption\":\"Visite de l'Universit\u00e9 du Luxembourg\"},{\"@type\":\"BreadcrumbList\",\"@id\":\"https:\/\/www.uni.lu\/fr\/news\/le-couple-heritier-rencontre-etudiants-et-chercheurs-de-l-universite\/#breadcrumb\",\"itemListElement\":[{\"@type\":\"ListItem\",\"position\":1,\"name\":\"Home\",\"item\":\"https:\/\/www.uni.lu\/fr\/\"},{\"@type\":\"ListItem\",\"position\":2,\"name\":\"News\",\"item\":\"https:\/\/www.uni.lu\/fr\/news\/\"},{\"@type\":\"ListItem\",\"position\":3,\"name\":\"Le Couple H\u00e9ritier rencontre \u00e9tudiants et chercheurs de l\u2019Universit\u00e9\"}]},{\"@type\":\"WebSite\",\"@id\":\"https:\/\/www.uni.lu\/fr\/#website\",\"url\":\"https:\/\/www.uni.lu\/fr\/\",\"name\":\"Uni.lu\",\"description\":\"Universit\u00e9 du Luxembourg\",\"publisher\":{\"@id\":\"https:\/\/www.uni.lu\/fr\/#organization\"},\"alternateName\":\"Universit\u00e9 du Luxembourg\",\"potentialAction\":[{\"@type\":\"SearchAction\",\"target\":{\"@type\":\"EntryPoint\",\"urlTemplate\":\"https:\/\/www.uni.lu\/fr\/?s={search_term_string}\"},\"query-input\":\"required name=search_term_string\"}],\"inLanguage\":\"fr-FR\"},{\"@type\":\"Organization\",\"@id\":\"https:\/\/www.uni.lu\/fr\/#organization\",\"name\":\"Universit\u00e9 du Luxembourg\",\"alternateName\":\"Uni.lu\",\"url\":\"https:\/\/www.uni.lu\/fr\/\",\"logo\":{\"@type\":\"ImageObject\",\"inLanguage\":\"fr-FR\",\"@id\":\"https:\/\/www.uni.lu\/fr\/#\/schema\/logo\/image\/\",\"url\":\"https:\/\/www.uni.lu\/wp-content\/uploads\/sites\/11\/2026\/03\/03120045\/UNIV_SM-Profile_1600x1600px-scaled.jpg\",\"contentUrl\":\"https:\/\/www.uni.lu\/wp-content\/uploads\/sites\/11\/2026\/03\/03120045\/UNIV_SM-Profile_1600x1600px-scaled.jpg\",\"width\":2560,\"height\":2560,\"caption\":\"Universit\u00e9 du Luxembourg\"},\"image\":\"https:\/\/www.uni.lu\/wp-content\/uploads\/sites\/11\/2026\/04\/24120552\/20200609-Belval-Campus_Henri-Goergen-23.jpg\",\"sameAs\":[\"https:\/\/www.facebook.com\/uni.lu\",\"https:\/\/www.linkedin.com\/school\/university-of-luxembourg\/\",\"https:\/\/www.instagram.com\/uni.lu\",\"https:\/\/www.youtube.com\/@uni_lu\",\"https:\/\/en.wikipedia.org\/wiki\/University_of_Luxembourg\"],\"email\":\"communication@uni.lu\",\"telephone\":\"+352 46 66 44 1\",\"address\":{\"@type\":\"PostalAddress\",\"streetAddress\":\"2, place de l\u2019Universit\u00e9\",\"addressLocality\":\"Esch-sur-Alzette\",\"postalCode\":\"4365\",\"addressCountry\":\"LU\"},\"description\":\"Universit\u00e9 du Luxembourg\"},{\"@type\":\"Person\",\"@id\":\"https:\/\/www.uni.lu\/fr\/#\/schema\/person\/17dbc4a6ec9d969d266bcfb8d8e06279\",\"name\":\"Eunice\",\"image\":{\"@type\":\"ImageObject\",\"inLanguage\":\"fr-FR\",\"@id\":\"https:\/\/www.uni.lu\/fr\/#\/schema\/person\/image\/\",\"url\":\"https:\/\/secure.gravatar.com\/avatar\/dff9d86d63de4fa4c270ac204a61e8a8?s=96&d=mm&r=g\",\"contentUrl\":\"https:\/\/secure.gravatar.com\/avatar\/dff9d86d63de4fa4c270ac204a61e8a8?s=96&d=mm&r=g\",\"caption\":\"Eunice\"},\"birthDate\":\"1991-12-20\",\"gender\":\"female\",\"jobTitle\":\"Web editor\",\"worksFor\":\"University of Luxembourg\"}]}<\/script>\n<!-- \/ Yoast SEO Premium plugin. -->","yoast_head_json":{"title":"Le Couple H\u00e9ritier rencontre \u00e9tudiants et chercheurs de l\u2019Universit\u00e9 - Universit\u00e9 du Luxembourg","description":"Leurs Altesses Royales le Grand-Duc h\u00e9ritier et la Grande-Duchesse H\u00e9riti\u00e8re ont visit\u00e9 le campus de l\u2019Universit\u00e9 au c\u00f4t\u00e9 de St\u00e9phanie Obertin, ministre de la Recherche et de l\u2019Enseignement Sup\u00e9rieur.","robots":{"index":"index","follow":"follow","max-snippet":"max-snippet:-1","max-image-preview":"max-image-preview:large","max-video-preview":"max-video-preview:-1"},"canonical":"https:\/\/www.uni.lu\/fr\/news\/le-couple-heritier-rencontre-etudiants-et-chercheurs-de-l-universite\/","og_locale":"fr_FR","og_type":"article","og_title":"Le Couple H\u00e9ritier rencontre \u00e9tudiants et chercheurs de l\u2019Universit\u00e9","og_description":"Leurs Altesses Royales le Grand-Duc h\u00e9ritier et la Grande-Duchesse H\u00e9riti\u00e8re ont visit\u00e9 le campus de l\u2019Universit\u00e9 au c\u00f4t\u00e9 de St\u00e9phanie Obertin, ministre de la Recherche et de l\u2019Enseignement Sup\u00e9rieur.","og_url":"https:\/\/www.uni.lu\/fr\/news\/le-couple-heritier-rencontre-etudiants-et-chercheurs-de-l-universite\/","og_site_name":"UNI FR","article_publisher":"https:\/\/www.facebook.com\/uni.lu","article_modified_time":"2025-03-25T15:10:21+00:00","og_image":[{"width":1280,"height":854,"url":"https:\/\/www.uni.lu\/wp-content\/uploads\/sites\/11\/2025\/03\/Visite_UniversiteduLuxembourg-12_Cour-Grand-Ducale.jpg","type":"image\/jpeg"}],"twitter_card":"summary_large_image","twitter_misc":{"Dur\u00e9e de lecture estim\u00e9e":"2 minutes"},"schema":{"@context":"https:\/\/schema.org","@graph":[{"@type":"NewsArticle","@id":"https:\/\/www.uni.lu\/fr\/news\/le-couple-heritier-rencontre-etudiants-et-chercheurs-de-l-universite\/#article","isPartOf":{"@id":"https:\/\/www.uni.lu\/fr\/news\/le-couple-heritier-rencontre-etudiants-et-chercheurs-de-l-universite\/"},"author":{"name":"Eunice","@id":"https:\/\/www.uni.lu\/fr\/#\/schema\/person\/17dbc4a6ec9d969d266bcfb8d8e06279"},"headline":"Le Couple H\u00e9ritier rencontre \u00e9tudiants et chercheurs de l\u2019Universit\u00e9","datePublished":"2025-03-25T14:59:24+00:00","dateModified":"2025-03-25T15:10:21+00:00","mainEntityOfPage":{"@id":"https:\/\/www.uni.lu\/fr\/news\/le-couple-heritier-rencontre-etudiants-et-chercheurs-de-l-universite\/"},"wordCount":203,"publisher":{"@id":"https:\/\/www.uni.lu\/fr\/#organization"},"image":{"@id":"https:\/\/www.uni.lu\/fr\/news\/le-couple-heritier-rencontre-etudiants-et-chercheurs-de-l-universite\/#primaryimage"},"thumbnailUrl":"https:\/\/www.uni.lu\/wp-content\/uploads\/sites\/11\/2025\/03\/Visite_UniversiteduLuxembourg-12_Cour-Grand-Ducale.jpg","inLanguage":"fr-FR"},{"@type":"WebPage","@id":"https:\/\/www.uni.lu\/fr\/news\/le-couple-heritier-rencontre-etudiants-et-chercheurs-de-l-universite\/","url":"https:\/\/www.uni.lu\/fr\/news\/le-couple-heritier-rencontre-etudiants-et-chercheurs-de-l-universite\/","name":"Le Couple H\u00e9ritier rencontre \u00e9tudiants et chercheurs de l\u2019Universit\u00e9 - Universit\u00e9 du Luxembourg","isPartOf":{"@id":"https:\/\/www.uni.lu\/fr\/#website"},"primaryImageOfPage":{"@id":"https:\/\/www.uni.lu\/fr\/news\/le-couple-heritier-rencontre-etudiants-et-chercheurs-de-l-universite\/#primaryimage"},"image":{"@id":"https:\/\/www.uni.lu\/fr\/news\/le-couple-heritier-rencontre-etudiants-et-chercheurs-de-l-universite\/#primaryimage"},"thumbnailUrl":"https:\/\/www.uni.lu\/wp-content\/uploads\/sites\/11\/2025\/03\/Visite_UniversiteduLuxembourg-12_Cour-Grand-Ducale.jpg","datePublished":"2025-03-25T14:59:24+00:00","dateModified":"2025-03-25T15:10:21+00:00","description":"Leurs Altesses Royales le Grand-Duc h\u00e9ritier et la Grande-Duchesse H\u00e9riti\u00e8re ont visit\u00e9 le campus de l\u2019Universit\u00e9 au c\u00f4t\u00e9 de St\u00e9phanie Obertin, ministre de la Recherche et de l\u2019Enseignement Sup\u00e9rieur.","breadcrumb":{"@id":"https:\/\/www.uni.lu\/fr\/news\/le-couple-heritier-rencontre-etudiants-et-chercheurs-de-l-universite\/#breadcrumb"},"inLanguage":"fr-FR","potentialAction":[{"@type":"ReadAction","target":["https:\/\/www.uni.lu\/fr\/news\/le-couple-heritier-rencontre-etudiants-et-chercheurs-de-l-universite\/"]}]},{"@type":"ImageObject","inLanguage":"fr-FR","@id":"https:\/\/www.uni.lu\/fr\/news\/le-couple-heritier-rencontre-etudiants-et-chercheurs-de-l-universite\/#primaryimage","url":"https:\/\/www.uni.lu\/wp-content\/uploads\/sites\/11\/2025\/03\/Visite_UniversiteduLuxembourg-12_Cour-Grand-Ducale.jpg","contentUrl":"https:\/\/www.uni.lu\/wp-content\/uploads\/sites\/11\/2025\/03\/Visite_UniversiteduLuxembourg-12_Cour-Grand-Ducale.jpg","width":1280,"height":854,"caption":"Visite de l'Universit\u00e9 du Luxembourg"},{"@type":"BreadcrumbList","@id":"https:\/\/www.uni.lu\/fr\/news\/le-couple-heritier-rencontre-etudiants-et-chercheurs-de-l-universite\/#breadcrumb","itemListElement":[{"@type":"ListItem","position":1,"name":"Home","item":"https:\/\/www.uni.lu\/fr\/"},{"@type":"ListItem","position":2,"name":"News","item":"https:\/\/www.uni.lu\/fr\/news\/"},{"@type":"ListItem","position":3,"name":"Le Couple H\u00e9ritier rencontre \u00e9tudiants et chercheurs de l\u2019Universit\u00e9"}]},{"@type":"WebSite","@id":"https:\/\/www.uni.lu\/fr\/#website","url":"https:\/\/www.uni.lu\/fr\/","name":"Uni.lu","description":"Universit\u00e9 du Luxembourg","publisher":{"@id":"https:\/\/www.uni.lu\/fr\/#organization"},"alternateName":"Universit\u00e9 du Luxembourg","potentialAction":[{"@type":"SearchAction","target":{"@type":"EntryPoint","urlTemplate":"https:\/\/www.uni.lu\/fr\/?s={search_term_string}"},"query-input":"required name=search_term_string"}],"inLanguage":"fr-FR"},{"@type":"Organization","@id":"https:\/\/www.uni.lu\/fr\/#organization","name":"Universit\u00e9 du Luxembourg","alternateName":"Uni.lu","url":"https:\/\/www.uni.lu\/fr\/","logo":{"@type":"ImageObject","inLanguage":"fr-FR","@id":"https:\/\/www.uni.lu\/fr\/#\/schema\/logo\/image\/","url":"https:\/\/www.uni.lu\/wp-content\/uploads\/sites\/11\/2026\/03\/03120045\/UNIV_SM-Profile_1600x1600px-scaled.jpg","contentUrl":"https:\/\/www.uni.lu\/wp-content\/uploads\/sites\/11\/2026\/03\/03120045\/UNIV_SM-Profile_1600x1600px-scaled.jpg","width":2560,"height":2560,"caption":"Universit\u00e9 du Luxembourg"},"image":"https:\/\/www.uni.lu\/wp-content\/uploads\/sites\/11\/2026\/04\/24120552\/20200609-Belval-Campus_Henri-Goergen-23.jpg","sameAs":["https:\/\/www.facebook.com\/uni.lu","https:\/\/www.linkedin.com\/school\/university-of-luxembourg\/","https:\/\/www.instagram.com\/uni.lu","https:\/\/www.youtube.com\/@uni_lu","https:\/\/en.wikipedia.org\/wiki\/University_of_Luxembourg"],"email":"communication@uni.lu","telephone":"+352 46 66 44 1","address":{"@type":"PostalAddress","streetAddress":"2, place de l\u2019Universit\u00e9","addressLocality":"Esch-sur-Alzette","postalCode":"4365","addressCountry":"LU"},"description":"Universit\u00e9 du Luxembourg"},{"@type":"Person","@id":"https:\/\/www.uni.lu\/fr\/#\/schema\/person\/17dbc4a6ec9d969d266bcfb8d8e06279","name":"Eunice","image":{"@type":"ImageObject","inLanguage":"fr-FR","@id":"https:\/\/www.uni.lu\/fr\/#\/schema\/person\/image\/","url":"https:\/\/secure.gravatar.com\/avatar\/dff9d86d63de4fa4c270ac204a61e8a8?s=96&d=mm&r=g","contentUrl":"https:\/\/secure.gravatar.com\/avatar\/dff9d86d63de4fa4c270ac204a61e8a8?s=96&d=mm&r=g","caption":"Eunice"},"birthDate":"1991-12-20","gender":"female","jobTitle":"Web editor","worksFor":"University of Luxembourg"}]}},"blog_id":11,"_links":{"self":[{"href":"https:\/\/www.uni.lu\/fr\/wp-json\/wp\/v2\/news\/14763"}],"collection":[{"href":"https:\/\/www.uni.lu\/fr\/wp-json\/wp\/v2\/news"}],"about":[{"href":"https:\/\/www.uni.lu\/fr\/wp-json\/wp\/v2\/types\/news"}],"author":[{"embeddable":true,"href":"https:\/\/www.uni.lu\/fr\/wp-json\/wp\/v2\/users\/44"}],"version-history":[{"count":3,"href":"https:\/\/www.uni.lu\/fr\/wp-json\/wp\/v2\/news\/14763\/revisions"}],"predecessor-version":[{"id":14768,"href":"https:\/\/www.uni.lu\/fr\/wp-json\/wp\/v2\/news\/14763\/revisions\/14768"}],"wp:authorship":[{"embeddable":true,"href":"https:\/\/www.uni.lu\/fr\/wp-json\/wp\/v2\/users\/44"},{"embeddable":true,"href":"https:\/\/www.uni.lu\/fr\/wp-json\/wp\/v2\/users\/311"}],"wp:featuredmedia":[{"embeddable":true,"href":"https:\/\/www.uni.lu\/fr\/wp-json\/wp\/v2\/media\/14766"}],"wp:attachment":[{"href":"https:\/\/www.uni.lu\/fr\/wp-json\/wp\/v2\/media?parent=14763"}],"wp:term":[{"taxonomy":"news-category","embeddable":true,"href":"https:\/\/www.uni.lu\/fr\/wp-json\/wp\/v2\/news-category?post=14763"},{"taxonomy":"news-topic","embeddable":true,"href":"https:\/\/www.uni.lu\/fr\/wp-json\/wp\/v2\/news-topic?post=14763"},{"taxonomy":"organisation","embeddable":true,"href":"https:\/\/www.uni.lu\/fr\/wp-json\/wp\/v2\/organisation?post=14763"}],"curies":[{"name":"wp","href":"https:\/\/api.w.org\/{rel}","templated":true}]}}