{"id":1475,"date":"2021-08-09T14:36:11","date_gmt":"2021-08-09T14:36:11","guid":{"rendered":"https:\/\/website.prod.unilu.spikeseed.cloud\/fr\/news\/un-conseil-de-politique-alimentaire-au-luxembourg\/"},"modified":"2021-08-09T14:36:11","modified_gmt":"2021-08-09T14:36:11","slug":"un-conseil-de-politique-alimentaire-au-luxembourg","status":"publish","type":"news","link":"https:\/\/www.uni.lu\/fr\/news\/un-conseil-de-politique-alimentaire-au-luxembourg\/","title":{"rendered":"Un Conseil de Politique Alimentaire au Luxembourg"},"content":{"rendered":"<section class=\"wp-block-unilux-blocks-free-section section\"><div class=\"container xl:max-w-screen-xl\"><p>En pr\u00e9vision de la cr\u00e9ation prochaine du Food Policy Council (FPC) au Luxembourg, l&rsquo;\u00e9quipe des Pratiques Alimentaires Durables de l&rsquo;Universit\u00e9 du Luxembourg, en partenariat avec le CELL (Centre for Ecological Learning Luxembourg, The Transition Hub) souhaite conna\u00eetre l\u2019opinion du public sur ce projet par le biais d\u2019une enqu\u00eate en ligne.\u00a0<\/p><p>L&rsquo;id\u00e9e d&rsquo;un <i>Food Policy<\/i> <i>Council\u00a0<\/i>national et participatif pour le Luxembourg a \u00e9t\u00e9 inspir\u00e9e par la rencontre et les visites aupr\u00e8s d&rsquo;autres Conseils de politique alimentaire dans les pays voisins et par l&rsquo;engagement avec les parties prenantes du syst\u00e8me alimentaire au Luxembourg.<\/p><p>Le Dr. <a href=\"https:\/\/wwwfr.uni.lu\/recherche\/fhse\/dhum\/people\/rachel_reckinger\" target=\"_self\" title=\"\" rel=\"noopener\">Rachel Reckinger<\/a>\u00a0(Universit\u00e9 du Luxembourg) et Norry Schneider (CELL &#8211; Centre for Ecological Learning Luxembourg, The Transition Hub) ont jou\u00e9 un r\u00f4le d\u00e9terminant dans l\u2019\u00e9tude du champ d\u2019action d&rsquo;un tel Conseil. Le fait d&rsquo;unir toutes les parties prenantes du syst\u00e8me alimentaire permettra d&rsquo;innover par le biais de d\u00e9bats constructifs et d&rsquo;un travail d&rsquo;\u00e9quipe, et de cr\u00e9er un syst\u00e8me alimentaire local de haute qualit\u00e9, plus juste sur le plan social et environnemental et plus solide sur le plan \u00e9conomique. Un tel Conseil de politique alimentaire permettrait \u00e9galement de concr\u00e9tiser l&rsquo;intention inscrite dans l&rsquo;Accord de Coalition du Luxembourg.\u00a0<\/p><p>Afin de mieux cerner les acteurs cl\u00e9s, les connaissances dont dispose le grand public concernant les FPC ainsi que ses attentes vis-\u00e0-vis d\u2019un tel Conseil \u00e0 l&rsquo;\u00e9chelle nationale luxembourgeoise, l&rsquo;\u00e9quipe des Pratiques Alimentaires Durables de l&rsquo;Universit\u00e9 du Luxembourg et le CELL ont con\u00e7u une enqu\u00eate ouverte \u00e0 l\u2019ensemble des citoyens.<\/p><p>Les contributions peuvent \u00eatre soumises jusqu&rsquo;au <strong>30 septembre 2021<\/strong> en r\u00e9pondant en ligne \u00e0 l&rsquo;<a href=\"https:\/\/ulsurvey.uni.lu\/index.php\/414559\" target=\"_blank\" title=\"\" rel=\"noopener\">Enqu\u00eate sur le Conseil Politique Alimentaire (CPA)<\/a>.<\/p><p>Votre opinion contribuera \u00e0 fa\u00e7onner les fondements du Food Policy Council du Luxembourg.<\/p><p>Pour en savoir plus sur la cr\u00e9ation du FPC du Luxembourg et sur le projet de recherche connexe, veuillez <a href=\"https:\/\/food.uni.lu\/projects\/research-projects\/food-policy-council\/\" target=\"_blank\" title=\"\" rel=\"noopener\">consulter le site web \u00ab\u00a0Sustainable Food Practices\u00a0\u00bb<\/a>.<\/p><\/div><\/section>","protected":false},"excerpt":{"rendered":"<p>En pr\u00e9vision de la cr\u00e9ation prochaine du Food Policy Council (FPC) au Luxembourg, l&rsquo;\u00e9quipe des Pratiques Alimentaires Durables de l&rsquo;Universit\u00e9 du Luxembourg, en partenariat avec le CELL (Centre for Ecological Learning Luxembourg, The Transition Hub) souhaite conna\u00eetre l\u2019opinion du public sur ce projet par le biais d\u2019une enqu\u00eate en ligne.\u00a0<\/p>\n","protected":false},"author":0,"featured_media":0,"template":"","format":"standard","meta":{"featured_image_focal_point":[],"show_featured_caption":false,"ulux_newsletter_groups":"","uluxPostTitle":"","uluxPrePostTitle":"","_trash_the_other_posts":false,"_price":"","_stock":"","_tribe_ticket_header":"","_tribe_default_ticket_provider":"","_tribe_ticket_capacity":"0","_ticket_start_date":"","_ticket_end_date":"","_tribe_ticket_show_description":"","_tribe_ticket_show_not_going":false,"_tribe_ticket_use_global_stock":"","_tribe_ticket_global_stock_level":"","_global_stock_mode":"","_global_stock_cap":"","_tribe_rsvp_for_event":"","_tribe_ticket_going_count":"","_tribe_ticket_not_going_count":"","_tribe_tickets_list":"[]","_tribe_ticket_has_attendee_info_fields":false},"news-category":[4,3],"news-topic":[17],"organisation":[171,147,226],"authorship":[],"acf":[],"yoast_head":"<!-- This site is optimized with the Yoast SEO Premium plugin v22.3 (Yoast SEO v22.3) - https:\/\/yoast.com\/wordpress\/plugins\/seo\/ -->\n<title>Un Conseil de Politique Alimentaire au Luxembourg - Universit\u00e9 du Luxembourg<\/title>\n<meta name=\"description\" content=\"En pr\u00e9vision de la cr\u00e9ation prochaine du Food Policy Council (FPC) au Luxembourg, l&#039;\u00e9quipe des Pratiques Alimentaires Durables de l&#039;Universit\u00e9 du Luxembourg, en partenariat avec le CELL (Centre for Ecological Learning Luxembourg, The Transition Hub) souhaite conna\u00eetre l\u2019opinion du public sur ce projet par le biais d\u2019une enqu\u00eate en ligne.\u00a0\" \/>\n<meta name=\"robots\" content=\"index, follow, max-snippet:-1, max-image-preview:large, max-video-preview:-1\" \/>\n<link rel=\"canonical\" href=\"https:\/\/www.uni.lu\/fr\/news\/un-conseil-de-politique-alimentaire-au-luxembourg\/\" \/>\n<meta property=\"og:locale\" content=\"fr_FR\" \/>\n<meta property=\"og:type\" content=\"article\" \/>\n<meta property=\"og:title\" content=\"Un Conseil de Politique Alimentaire au Luxembourg\" \/>\n<meta property=\"og:description\" content=\"En pr\u00e9vision de la cr\u00e9ation prochaine du Food Policy Council (FPC) au Luxembourg, l&#039;\u00e9quipe des Pratiques Alimentaires Durables de l&#039;Universit\u00e9 du Luxembourg, en partenariat avec le CELL (Centre for Ecological Learning Luxembourg, The Transition Hub) souhaite conna\u00eetre l\u2019opinion du public sur ce projet par le biais d\u2019une enqu\u00eate en ligne.\u00a0\" \/>\n<meta property=\"og:url\" content=\"https:\/\/www.uni.lu\/fr\/news\/un-conseil-de-politique-alimentaire-au-luxembourg\/\" \/>\n<meta property=\"og:site_name\" content=\"UNI FR\" \/>\n<meta property=\"article:publisher\" content=\"https:\/\/www.facebook.com\/uni.lu\" \/>\n<meta property=\"og:image\" content=\"https:\/\/www.uni.lu\/wp-content\/uploads\/sites\/11\/2021\/08\/un_conseil_de_politique_alimentaire_au_luxembourg.jpg\" \/>\n\t<meta property=\"og:image:width\" content=\"800\" \/>\n\t<meta property=\"og:image:height\" content=\"600\" \/>\n\t<meta property=\"og:image:type\" content=\"image\/jpeg\" \/>\n<meta name=\"twitter:card\" content=\"summary_large_image\" \/>\n<meta name=\"twitter:label1\" content=\"Dur\u00e9e de lecture estim\u00e9e\" \/>\n\t<meta name=\"twitter:data1\" content=\"2 minutes\" \/>\n<script type=\"application\/ld+json\" class=\"yoast-schema-graph\">{\"@context\":\"https:\/\/schema.org\",\"@graph\":[{\"@type\":\"NewsArticle\",\"@id\":\"https:\/\/www.uni.lu\/fr\/news\/un-conseil-de-politique-alimentaire-au-luxembourg\/#article\",\"isPartOf\":{\"@id\":\"https:\/\/www.uni.lu\/fr\/news\/un-conseil-de-politique-alimentaire-au-luxembourg\/\"},\"author\":{\"name\":\"\",\"@id\":\"\"},\"headline\":\"Un Conseil de Politique Alimentaire au Luxembourg\",\"datePublished\":\"2021-08-09T14:36:11+00:00\",\"dateModified\":\"2021-08-09T14:36:11+00:00\",\"mainEntityOfPage\":{\"@id\":\"https:\/\/www.uni.lu\/fr\/news\/un-conseil-de-politique-alimentaire-au-luxembourg\/\"},\"wordCount\":348,\"publisher\":{\"@id\":\"https:\/\/www.uni.lu\/fr\/#organization\"},\"inLanguage\":\"fr-FR\"},{\"@type\":\"WebPage\",\"@id\":\"https:\/\/www.uni.lu\/fr\/news\/un-conseil-de-politique-alimentaire-au-luxembourg\/\",\"url\":\"https:\/\/www.uni.lu\/fr\/news\/un-conseil-de-politique-alimentaire-au-luxembourg\/\",\"name\":\"Un Conseil de Politique Alimentaire au Luxembourg - Universit\u00e9 du Luxembourg\",\"isPartOf\":{\"@id\":\"https:\/\/www.uni.lu\/fr\/#website\"},\"datePublished\":\"2021-08-09T14:36:11+00:00\",\"dateModified\":\"2021-08-09T14:36:11+00:00\",\"description\":\"En pr\u00e9vision de la cr\u00e9ation prochaine du Food Policy Council (FPC) au Luxembourg, l'\u00e9quipe des Pratiques Alimentaires Durables de l'Universit\u00e9 du Luxembourg, en partenariat avec le CELL (Centre for Ecological Learning Luxembourg, The Transition Hub) souhaite conna\u00eetre l\u2019opinion du public sur ce projet par le biais d\u2019une enqu\u00eate en ligne.\u00a0\",\"breadcrumb\":{\"@id\":\"https:\/\/www.uni.lu\/fr\/news\/un-conseil-de-politique-alimentaire-au-luxembourg\/#breadcrumb\"},\"inLanguage\":\"fr-FR\",\"potentialAction\":[{\"@type\":\"ReadAction\",\"target\":[\"https:\/\/www.uni.lu\/fr\/news\/un-conseil-de-politique-alimentaire-au-luxembourg\/\"]}]},{\"@type\":\"BreadcrumbList\",\"@id\":\"https:\/\/www.uni.lu\/fr\/news\/un-conseil-de-politique-alimentaire-au-luxembourg\/#breadcrumb\",\"itemListElement\":[{\"@type\":\"ListItem\",\"position\":1,\"name\":\"Home\",\"item\":\"https:\/\/www.uni.lu\/fr\/\"},{\"@type\":\"ListItem\",\"position\":2,\"name\":\"News\",\"item\":\"https:\/\/www.uni.lu\/fr\/news\/\"},{\"@type\":\"ListItem\",\"position\":3,\"name\":\"Un Conseil de Politique Alimentaire au Luxembourg\"}]},{\"@type\":\"WebSite\",\"@id\":\"https:\/\/www.uni.lu\/fr\/#website\",\"url\":\"https:\/\/www.uni.lu\/fr\/\",\"name\":\"Uni.lu\",\"description\":\"Universit\u00e9 du Luxembourg\",\"publisher\":{\"@id\":\"https:\/\/www.uni.lu\/fr\/#organization\"},\"alternateName\":\"Universit\u00e9 du Luxembourg\",\"potentialAction\":[{\"@type\":\"SearchAction\",\"target\":{\"@type\":\"EntryPoint\",\"urlTemplate\":\"https:\/\/www.uni.lu\/fr\/?s={search_term_string}\"},\"query-input\":\"required name=search_term_string\"}],\"inLanguage\":\"fr-FR\"},{\"@type\":\"Organization\",\"@id\":\"https:\/\/www.uni.lu\/fr\/#organization\",\"name\":\"Universit\u00e9 du Luxembourg\",\"alternateName\":\"Uni.lu\",\"url\":\"https:\/\/www.uni.lu\/fr\/\",\"logo\":{\"@type\":\"ImageObject\",\"inLanguage\":\"fr-FR\",\"@id\":\"https:\/\/www.uni.lu\/fr\/#\/schema\/logo\/image\/\",\"url\":\"https:\/\/www.uni.lu\/wp-content\/uploads\/sites\/11\/2026\/03\/03120045\/UNIV_SM-Profile_1600x1600px-scaled.jpg\",\"contentUrl\":\"https:\/\/www.uni.lu\/wp-content\/uploads\/sites\/11\/2026\/03\/03120045\/UNIV_SM-Profile_1600x1600px-scaled.jpg\",\"width\":2560,\"height\":2560,\"caption\":\"Universit\u00e9 du Luxembourg\"},\"image\":\"https:\/\/www.uni.lu\/wp-content\/uploads\/sites\/11\/2026\/04\/24120552\/20200609-Belval-Campus_Henri-Goergen-23.jpg\",\"sameAs\":[\"https:\/\/www.facebook.com\/uni.lu\",\"https:\/\/www.linkedin.com\/school\/university-of-luxembourg\/\",\"https:\/\/www.instagram.com\/uni.lu\",\"https:\/\/www.youtube.com\/@uni_lu\",\"https:\/\/en.wikipedia.org\/wiki\/University_of_Luxembourg\"],\"email\":\"communication@uni.lu\",\"telephone\":\"+352 46 66 44 1\",\"address\":{\"@type\":\"PostalAddress\",\"streetAddress\":\"2, place de l\u2019Universit\u00e9\",\"addressLocality\":\"Esch-sur-Alzette\",\"postalCode\":\"4365\",\"addressCountry\":\"LU\"},\"description\":\"Universit\u00e9 du Luxembourg\"}]}<\/script>\n<!-- \/ Yoast SEO Premium plugin. -->","yoast_head_json":{"title":"Un Conseil de Politique Alimentaire au Luxembourg - Universit\u00e9 du Luxembourg","description":"En pr\u00e9vision de la cr\u00e9ation prochaine du Food Policy Council (FPC) au Luxembourg, l'\u00e9quipe des Pratiques Alimentaires Durables de l'Universit\u00e9 du Luxembourg, en partenariat avec le CELL (Centre for Ecological Learning Luxembourg, The Transition Hub) souhaite conna\u00eetre l\u2019opinion du public sur ce projet par le biais d\u2019une enqu\u00eate en ligne.\u00a0","robots":{"index":"index","follow":"follow","max-snippet":"max-snippet:-1","max-image-preview":"max-image-preview:large","max-video-preview":"max-video-preview:-1"},"canonical":"https:\/\/www.uni.lu\/fr\/news\/un-conseil-de-politique-alimentaire-au-luxembourg\/","og_locale":"fr_FR","og_type":"article","og_title":"Un Conseil de Politique Alimentaire au Luxembourg","og_description":"En pr\u00e9vision de la cr\u00e9ation prochaine du Food Policy Council (FPC) au Luxembourg, l'\u00e9quipe des Pratiques Alimentaires Durables de l'Universit\u00e9 du Luxembourg, en partenariat avec le CELL (Centre for Ecological Learning Luxembourg, The Transition Hub) souhaite conna\u00eetre l\u2019opinion du public sur ce projet par le biais d\u2019une enqu\u00eate en ligne.\u00a0","og_url":"https:\/\/www.uni.lu\/fr\/news\/un-conseil-de-politique-alimentaire-au-luxembourg\/","og_site_name":"UNI FR","article_publisher":"https:\/\/www.facebook.com\/uni.lu","og_image":[{"width":800,"height":600,"url":"https:\/\/www.uni.lu\/wp-content\/uploads\/sites\/11\/2021\/08\/un_conseil_de_politique_alimentaire_au_luxembourg.jpg","type":"image\/jpeg"}],"twitter_card":"summary_large_image","twitter_misc":{"Dur\u00e9e de lecture estim\u00e9e":"2 minutes"},"schema":{"@context":"https:\/\/schema.org","@graph":[{"@type":"NewsArticle","@id":"https:\/\/www.uni.lu\/fr\/news\/un-conseil-de-politique-alimentaire-au-luxembourg\/#article","isPartOf":{"@id":"https:\/\/www.uni.lu\/fr\/news\/un-conseil-de-politique-alimentaire-au-luxembourg\/"},"author":{"name":"","@id":""},"headline":"Un Conseil de Politique Alimentaire au Luxembourg","datePublished":"2021-08-09T14:36:11+00:00","dateModified":"2021-08-09T14:36:11+00:00","mainEntityOfPage":{"@id":"https:\/\/www.uni.lu\/fr\/news\/un-conseil-de-politique-alimentaire-au-luxembourg\/"},"wordCount":348,"publisher":{"@id":"https:\/\/www.uni.lu\/fr\/#organization"},"inLanguage":"fr-FR"},{"@type":"WebPage","@id":"https:\/\/www.uni.lu\/fr\/news\/un-conseil-de-politique-alimentaire-au-luxembourg\/","url":"https:\/\/www.uni.lu\/fr\/news\/un-conseil-de-politique-alimentaire-au-luxembourg\/","name":"Un Conseil de Politique Alimentaire au Luxembourg - Universit\u00e9 du Luxembourg","isPartOf":{"@id":"https:\/\/www.uni.lu\/fr\/#website"},"datePublished":"2021-08-09T14:36:11+00:00","dateModified":"2021-08-09T14:36:11+00:00","description":"En pr\u00e9vision de la cr\u00e9ation prochaine du Food Policy Council (FPC) au Luxembourg, l'\u00e9quipe des Pratiques Alimentaires Durables de l'Universit\u00e9 du Luxembourg, en partenariat avec le CELL (Centre for Ecological Learning Luxembourg, The Transition Hub) souhaite conna\u00eetre l\u2019opinion du public sur ce projet par le biais d\u2019une enqu\u00eate en ligne.\u00a0","breadcrumb":{"@id":"https:\/\/www.uni.lu\/fr\/news\/un-conseil-de-politique-alimentaire-au-luxembourg\/#breadcrumb"},"inLanguage":"fr-FR","potentialAction":[{"@type":"ReadAction","target":["https:\/\/www.uni.lu\/fr\/news\/un-conseil-de-politique-alimentaire-au-luxembourg\/"]}]},{"@type":"BreadcrumbList","@id":"https:\/\/www.uni.lu\/fr\/news\/un-conseil-de-politique-alimentaire-au-luxembourg\/#breadcrumb","itemListElement":[{"@type":"ListItem","position":1,"name":"Home","item":"https:\/\/www.uni.lu\/fr\/"},{"@type":"ListItem","position":2,"name":"News","item":"https:\/\/www.uni.lu\/fr\/news\/"},{"@type":"ListItem","position":3,"name":"Un Conseil de Politique Alimentaire au Luxembourg"}]},{"@type":"WebSite","@id":"https:\/\/www.uni.lu\/fr\/#website","url":"https:\/\/www.uni.lu\/fr\/","name":"Uni.lu","description":"Universit\u00e9 du Luxembourg","publisher":{"@id":"https:\/\/www.uni.lu\/fr\/#organization"},"alternateName":"Universit\u00e9 du Luxembourg","potentialAction":[{"@type":"SearchAction","target":{"@type":"EntryPoint","urlTemplate":"https:\/\/www.uni.lu\/fr\/?s={search_term_string}"},"query-input":"required name=search_term_string"}],"inLanguage":"fr-FR"},{"@type":"Organization","@id":"https:\/\/www.uni.lu\/fr\/#organization","name":"Universit\u00e9 du Luxembourg","alternateName":"Uni.lu","url":"https:\/\/www.uni.lu\/fr\/","logo":{"@type":"ImageObject","inLanguage":"fr-FR","@id":"https:\/\/www.uni.lu\/fr\/#\/schema\/logo\/image\/","url":"https:\/\/www.uni.lu\/wp-content\/uploads\/sites\/11\/2026\/03\/03120045\/UNIV_SM-Profile_1600x1600px-scaled.jpg","contentUrl":"https:\/\/www.uni.lu\/wp-content\/uploads\/sites\/11\/2026\/03\/03120045\/UNIV_SM-Profile_1600x1600px-scaled.jpg","width":2560,"height":2560,"caption":"Universit\u00e9 du Luxembourg"},"image":"https:\/\/www.uni.lu\/wp-content\/uploads\/sites\/11\/2026\/04\/24120552\/20200609-Belval-Campus_Henri-Goergen-23.jpg","sameAs":["https:\/\/www.facebook.com\/uni.lu","https:\/\/www.linkedin.com\/school\/university-of-luxembourg\/","https:\/\/www.instagram.com\/uni.lu","https:\/\/www.youtube.com\/@uni_lu","https:\/\/en.wikipedia.org\/wiki\/University_of_Luxembourg"],"email":"communication@uni.lu","telephone":"+352 46 66 44 1","address":{"@type":"PostalAddress","streetAddress":"2, place de l\u2019Universit\u00e9","addressLocality":"Esch-sur-Alzette","postalCode":"4365","addressCountry":"LU"},"description":"Universit\u00e9 du Luxembourg"}]}},"blog_id":11,"_links":{"self":[{"href":"https:\/\/www.uni.lu\/fr\/wp-json\/wp\/v2\/news\/1475"}],"collection":[{"href":"https:\/\/www.uni.lu\/fr\/wp-json\/wp\/v2\/news"}],"about":[{"href":"https:\/\/www.uni.lu\/fr\/wp-json\/wp\/v2\/types\/news"}],"version-history":[{"count":0,"href":"https:\/\/www.uni.lu\/fr\/wp-json\/wp\/v2\/news\/1475\/revisions"}],"wp:attachment":[{"href":"https:\/\/www.uni.lu\/fr\/wp-json\/wp\/v2\/media?parent=1475"}],"wp:term":[{"taxonomy":"news-category","embeddable":true,"href":"https:\/\/www.uni.lu\/fr\/wp-json\/wp\/v2\/news-category?post=1475"},{"taxonomy":"news-topic","embeddable":true,"href":"https:\/\/www.uni.lu\/fr\/wp-json\/wp\/v2\/news-topic?post=1475"},{"taxonomy":"organisation","embeddable":true,"href":"https:\/\/www.uni.lu\/fr\/wp-json\/wp\/v2\/organisation?post=1475"}],"curies":[{"name":"wp","href":"https:\/\/api.w.org\/{rel}","templated":true}]}}