{"id":14557,"date":"2025-03-12T08:28:08","date_gmt":"2025-03-12T07:28:08","guid":{"rendered":"https:\/\/www.uni.lu\/fr\/?post_type=news&#038;p=14557"},"modified":"2025-03-12T08:28:08","modified_gmt":"2025-03-12T07:28:08","slug":"democracy-and-youth-in-the-digital-age-la-conference-scientifique-pour-tous","status":"publish","type":"news","link":"https:\/\/www.uni.lu\/fr\/news\/democracy-and-youth-in-the-digital-age-la-conference-scientifique-pour-tous\/","title":{"rendered":"\u00ab Democracy and Youth in the Digital Age \u00bb, la conf\u00e9rence scientifique pour tous"},"content":{"rendered":"\n<section class=\"wp-block-unilux-blocks-free-section section\"><div class=\"container xl:max-w-screen-xl\">\n<p>\u00c0 une \u00e9poque o\u00f9 les environnements num\u00e9riques et l&rsquo;intelligence artificielle fa\u00e7onnent de plus en plus le discours et l&rsquo;engagement politiques, il devient essentiel de comprendre comment les technologies modernes influencent la conscience politique, l&rsquo;activisme et la formation de l&rsquo;identit\u00e9 politique des jeunes.&nbsp;&nbsp;<\/p>\n\n\n\n<p>Afin de combler le foss\u00e9 entre la recherche et le v\u00e9cu, la conf\u00e9rence \u00ab <a href=\"https:\/\/www.uni.lu\/en\/conferences\/democracy-and-youth-in-the-digital-age\/\" target=\"_blank\" rel=\"noreferrer noopener\">Democracy and Youth in the Digital Age<\/a> \u00bb r\u00e9unit des chercheurs, des acteurs politiques, des activistes et des enseignants. Des experts de diff\u00e9rents domaines aborderont chacun un aspect critique de la d\u00e9mocratie et de l&rsquo;engagement des jeunes \u00e0 l&rsquo;\u00e8re num\u00e9rique :&nbsp;<\/p>\n\n\n\n<ul class=\"ulux-list\">\n<li class=\"ulux-list-item\">Fragmentation versus participation: The public sphere in digital age, mod\u00e9r\u00e9 par Prof. Robin Samuel<\/li>\n\n\n\n<li class=\"ulux-list-item\">Parliamentary democracy versus activism: Techniques of engagement, mod\u00e9r\u00e9 par Prof. Stefan Braum&nbsp;<\/li>\n\n\n\n<li class=\"ulux-list-item\">Truth versus trust: Affective politics after the end of argument, mod\u00e9r\u00e9 par Prof. Anna-Lena H\u00f6genauer<\/li>\n\n\n\n<li class=\"ulux-list-item\">Memory versus history: Imagined identities and ethical claims, mod\u00e9r\u00e9 par Prof. Andrea Binsfeld&nbsp;<\/li>\n\n\n\n<li class=\"ulux-list-item\">Gaming versus explaining? The future of political education, mod\u00e9r\u00e9 par Prof. Pedro Cardoso-Leite<\/li>\n\n\n\n<li class=\"ulux-list-item\">Cultures of democracy: Political narratives and forms of representation, mod\u00e9r\u00e9 par Matja Gruden, Directeur pour la D\u00e9mocratie au Conseil de l&rsquo;Europe<\/li>\n<\/ul>\n\n\n\n<ul class=\"wp-block-unilux-blocks-button-list-v2\">\n<li class=\"wp-block-unilux-blocks-button-list-item-v2\"><a class=\"quick-link\" href=\"https:\/\/www.uni.lu\/en\/conferences\/democracy-and-youth-in-the-digital-age\/\" target=\"\" role=\"link\" rel=\"noopener\" tabindex=\"0\"><span class=\"quick-link__container\">\n<div class=\"wp-block-unilux-blocks-block-inserter quick-link__img\">\n<div class=\"icon--secondary icon--secondary-2 icon--lg wp-block-unilux-blocks-icon-picker\">\n    <svg aria-hidden=\"true\" focusable=\"false\" class=\"icon icon-solid icon--info \"><use xlink:href=\"https:\/\/www.uni.lu\/wp-content\/themes\/unilux-theme\/assets\/images\/icons\/icons-solid.svg#icon--info\"><\/use><\/svg><\/div><\/div>\n\n\n\n<span class=\"quick-link__name wp-block-unilux-blocks-plain-text\">Plus d&rsquo;informations sur la conf\u00e9rence (EN)<\/span>\n\n<svg aria-hidden=\"true\" focusable=\"false\" class=\"icon icon-outline icon--arrow-right \"><use xlink:href=\"https:\/\/www.uni.lu\/wp-content\/themes\/unilux-theme\/assets\/images\/icons\/icons-outline.svg#icon--arrow-right\"><\/use><\/svg><\/span><\/a><\/li>\n<\/ul>\n\n\n<div class=\"wp-block-unilux-blocks-spacer is-spacer-size-sm\"><\/div>\n\n\n<h2 class=\"has-text-align-left wp-block-unilux-blocks-heading\"        id=\"vous-ne-pouvez-pas-assister-aux-trois-jours-de-la-conference\"\n    >\nVous ne pouvez pas assister aux trois jours de la conf\u00e9rence ?<\/h2>\n\n\n\n<p>La c\u00e9r\u00e9monie d\u2019ouverture, comprenant le discours du Prof. Alain Berset, secr\u00e9taire g\u00e9n\u00e9ral du Conseil de l&rsquo;Europe, ainsi que la derni\u00e8re session, avec le r\u00e9sum\u00e9 de chaque mod\u00e9rateur et de la table ronde, seront diffus\u00e9es sur la page Youtube de l&rsquo;Universit\u00e9.<\/p>\n\n\n\n<div class=\"wp-block-columns is-layout-flex wp-block-columns-is-layout-flex\">\n<div class=\"wp-block-column is-layout-flow wp-block-column-is-layout-flow\">\n<ul class=\"wp-block-unilux-blocks-custom-buttons btn-list\"><li class=\"wp-block-unilux-blocks-custom-button\"    aria-disabled=\"false\"\n    >\n    <a\n        role=\"link\"\n        aria-disabled=\"false\"\n                    href=\"https:\/\/www.youtube.com\/live\/ltbSHT-TQH0\"\n                target=\"_self\"\n        class=\"btn btn--primary\"\n            >Regardez la session d&rsquo;ouverture sur Youtube le 19 mars<\/a>\n<\/li>\n<\/ul>\n<\/div>\n\n\n\n<div class=\"wp-block-column is-layout-flow wp-block-column-is-layout-flow\">\n<ul class=\"wp-block-unilux-blocks-custom-buttons btn-list\"><li class=\"wp-block-unilux-blocks-custom-button\"    aria-disabled=\"false\"\n    >\n    <a\n        role=\"link\"\n        aria-disabled=\"false\"\n                    href=\"https:\/\/www.youtube.com\/live\/hqw1nfGaG1c\"\n                target=\"_self\"\n        class=\"btn btn--primary\"\n            >Regardez la derni\u00e8re session sur Youtube le 21 mars<\/a>\n<\/li>\n<\/ul>\n<\/div>\n<\/div>\n\n\n\n<h2 class=\"has-text-align-left wp-block-unilux-blocks-heading\"        id=\"evolutions-technologiques-et-participation-politique\"\n    >\n<strong>\u00c9volutions technologiques et participation politique<\/strong><\/h2>\n\n\n\n<p>La conf\u00e9rence est organis\u00e9e dans le cadre de la pr\u00e9sidence luxembourgeoise du Comit\u00e9 des ministres du Conseil de l&rsquo;Europe. Elle vise \u00e0 d\u00e9velopper des solutions concr\u00e8tes pour relever les d\u00e9fis et saisir les opportunit\u00e9s de la participation politique des jeunes \u00e0 l&rsquo;\u00e8re num\u00e9rique.<\/p>\n<\/div><\/section>\n","protected":false},"excerpt":{"rendered":"","protected":false},"author":341,"featured_media":14559,"template":"","format":"standard","meta":{"featured_image_focal_point":[],"show_featured_caption":false,"ulux_newsletter_groups":"","uluxPostTitle":"","uluxPrePostTitle":"","_trash_the_other_posts":false,"_price":"","_stock":"","_tribe_ticket_header":"","_tribe_default_ticket_provider":"","_tribe_ticket_capacity":"0","_ticket_start_date":"","_ticket_end_date":"","_tribe_ticket_show_description":"","_tribe_ticket_show_not_going":false,"_tribe_ticket_use_global_stock":"","_tribe_ticket_global_stock_level":"","_global_stock_mode":"","_global_stock_cap":"","_tribe_rsvp_for_event":"","_tribe_ticket_going_count":"","_tribe_ticket_not_going_count":"","_tribe_tickets_list":"[]","_tribe_ticket_has_attendee_info_fields":false},"news-category":[7],"news-topic":[12,17,23],"organisation":[],"authorship":[341],"acf":[],"yoast_head":"<!-- This site is optimized with the Yoast SEO Premium plugin v22.3 (Yoast SEO v22.3) - https:\/\/yoast.com\/wordpress\/plugins\/seo\/ -->\n<title>\u00ab Democracy and Youth in the Digital Age \u00bb, la conf\u00e9rence scientifique pour tous - Universit\u00e9 du Luxembourg<\/title>\n<meta name=\"description\" content=\"\u00c0 une \u00e9poque o\u00f9 les environnements num\u00e9riques et l&#039;intelligence artificielle fa\u00e7onnent de plus en plus le discours et l&#039;engagement politiques, il devient\" \/>\n<meta name=\"robots\" content=\"index, follow, max-snippet:-1, max-image-preview:large, max-video-preview:-1\" \/>\n<link rel=\"canonical\" href=\"https:\/\/www.uni.lu\/fr\/news\/democracy-and-youth-in-the-digital-age-la-conference-scientifique-pour-tous\/\" \/>\n<meta property=\"og:locale\" content=\"fr_FR\" \/>\n<meta property=\"og:type\" content=\"article\" \/>\n<meta property=\"og:title\" content=\"\u00ab Democracy and Youth in the Digital Age \u00bb, la conf\u00e9rence scientifique pour tous\" \/>\n<meta property=\"og:description\" content=\"\u00c0 une \u00e9poque o\u00f9 les environnements num\u00e9riques et l&#039;intelligence artificielle fa\u00e7onnent de plus en plus le discours et l&#039;engagement politiques, il devient\" \/>\n<meta property=\"og:url\" content=\"https:\/\/www.uni.lu\/fr\/news\/democracy-and-youth-in-the-digital-age-la-conference-scientifique-pour-tous\/\" \/>\n<meta property=\"og:site_name\" content=\"UNI FR\" \/>\n<meta property=\"article:publisher\" content=\"https:\/\/www.facebook.com\/uni.lu\" \/>\n<meta property=\"og:image\" content=\"https:\/\/www.uni.lu\/wp-content\/uploads\/sites\/11\/2025\/03\/Democracy-and-Youth-in-the-Digital-Age-Hero-image_Sep2024.jpg\" \/>\n\t<meta property=\"og:image:width\" content=\"2000\" \/>\n\t<meta property=\"og:image:height\" content=\"1000\" \/>\n\t<meta property=\"og:image:type\" content=\"image\/jpeg\" \/>\n<meta name=\"twitter:card\" content=\"summary_large_image\" \/>\n<meta name=\"twitter:label1\" content=\"Dur\u00e9e de lecture estim\u00e9e\" \/>\n\t<meta name=\"twitter:data1\" content=\"2 minutes\" \/>\n<script type=\"application\/ld+json\" class=\"yoast-schema-graph\">{\"@context\":\"https:\/\/schema.org\",\"@graph\":[{\"@type\":\"NewsArticle\",\"@id\":\"https:\/\/www.uni.lu\/fr\/news\/democracy-and-youth-in-the-digital-age-la-conference-scientifique-pour-tous\/#article\",\"isPartOf\":{\"@id\":\"https:\/\/www.uni.lu\/fr\/news\/democracy-and-youth-in-the-digital-age-la-conference-scientifique-pour-tous\/\"},\"author\":{\"name\":\"Catherine Clesse\",\"@id\":\"https:\/\/www.uni.lu\/fr\/#\/schema\/person\/67d3defa53981502bf9cddb74a850c08\"},\"headline\":\"\u00ab Democracy and Youth in the Digital Age \u00bb, la conf\u00e9rence scientifique pour tous\",\"datePublished\":\"2025-03-12T07:28:08+00:00\",\"dateModified\":\"2025-03-12T07:28:08+00:00\",\"mainEntityOfPage\":{\"@id\":\"https:\/\/www.uni.lu\/fr\/news\/democracy-and-youth-in-the-digital-age-la-conference-scientifique-pour-tous\/\"},\"wordCount\":324,\"publisher\":{\"@id\":\"https:\/\/www.uni.lu\/fr\/#organization\"},\"image\":{\"@id\":\"https:\/\/www.uni.lu\/fr\/news\/democracy-and-youth-in-the-digital-age-la-conference-scientifique-pour-tous\/#primaryimage\"},\"thumbnailUrl\":\"https:\/\/www.uni.lu\/wp-content\/uploads\/sites\/11\/2025\/03\/Democracy-and-Youth-in-the-Digital-Age-Hero-image_Sep2024.jpg\",\"inLanguage\":\"fr-FR\"},{\"@type\":\"WebPage\",\"@id\":\"https:\/\/www.uni.lu\/fr\/news\/democracy-and-youth-in-the-digital-age-la-conference-scientifique-pour-tous\/\",\"url\":\"https:\/\/www.uni.lu\/fr\/news\/democracy-and-youth-in-the-digital-age-la-conference-scientifique-pour-tous\/\",\"name\":\"\u00ab Democracy and Youth in the Digital Age \u00bb, la conf\u00e9rence scientifique pour tous - Universit\u00e9 du Luxembourg\",\"isPartOf\":{\"@id\":\"https:\/\/www.uni.lu\/fr\/#website\"},\"primaryImageOfPage\":{\"@id\":\"https:\/\/www.uni.lu\/fr\/news\/democracy-and-youth-in-the-digital-age-la-conference-scientifique-pour-tous\/#primaryimage\"},\"image\":{\"@id\":\"https:\/\/www.uni.lu\/fr\/news\/democracy-and-youth-in-the-digital-age-la-conference-scientifique-pour-tous\/#primaryimage\"},\"thumbnailUrl\":\"https:\/\/www.uni.lu\/wp-content\/uploads\/sites\/11\/2025\/03\/Democracy-and-Youth-in-the-Digital-Age-Hero-image_Sep2024.jpg\",\"datePublished\":\"2025-03-12T07:28:08+00:00\",\"dateModified\":\"2025-03-12T07:28:08+00:00\",\"description\":\"\u00c0 une \u00e9poque o\u00f9 les environnements num\u00e9riques et l'intelligence artificielle fa\u00e7onnent de plus en plus le discours et l'engagement politiques, il devient\",\"breadcrumb\":{\"@id\":\"https:\/\/www.uni.lu\/fr\/news\/democracy-and-youth-in-the-digital-age-la-conference-scientifique-pour-tous\/#breadcrumb\"},\"inLanguage\":\"fr-FR\",\"potentialAction\":[{\"@type\":\"ReadAction\",\"target\":[\"https:\/\/www.uni.lu\/fr\/news\/democracy-and-youth-in-the-digital-age-la-conference-scientifique-pour-tous\/\"]}]},{\"@type\":\"ImageObject\",\"inLanguage\":\"fr-FR\",\"@id\":\"https:\/\/www.uni.lu\/fr\/news\/democracy-and-youth-in-the-digital-age-la-conference-scientifique-pour-tous\/#primaryimage\",\"url\":\"https:\/\/www.uni.lu\/wp-content\/uploads\/sites\/11\/2025\/03\/Democracy-and-Youth-in-the-Digital-Age-Hero-image_Sep2024.jpg\",\"contentUrl\":\"https:\/\/www.uni.lu\/wp-content\/uploads\/sites\/11\/2025\/03\/Democracy-and-Youth-in-the-Digital-Age-Hero-image_Sep2024.jpg\",\"width\":2000,\"height\":1000,\"caption\":\"Democracy and Youth in the Digital Age\"},{\"@type\":\"BreadcrumbList\",\"@id\":\"https:\/\/www.uni.lu\/fr\/news\/democracy-and-youth-in-the-digital-age-la-conference-scientifique-pour-tous\/#breadcrumb\",\"itemListElement\":[{\"@type\":\"ListItem\",\"position\":1,\"name\":\"Home\",\"item\":\"https:\/\/www.uni.lu\/fr\/\"},{\"@type\":\"ListItem\",\"position\":2,\"name\":\"News\",\"item\":\"https:\/\/www.uni.lu\/fr\/news\/\"},{\"@type\":\"ListItem\",\"position\":3,\"name\":\"\u00ab Democracy and Youth in the Digital Age \u00bb, la conf\u00e9rence scientifique pour tous\"}]},{\"@type\":\"WebSite\",\"@id\":\"https:\/\/www.uni.lu\/fr\/#website\",\"url\":\"https:\/\/www.uni.lu\/fr\/\",\"name\":\"Uni.lu\",\"description\":\"Universit\u00e9 du Luxembourg\",\"publisher\":{\"@id\":\"https:\/\/www.uni.lu\/fr\/#organization\"},\"alternateName\":\"Universit\u00e9 du Luxembourg\",\"potentialAction\":[{\"@type\":\"SearchAction\",\"target\":{\"@type\":\"EntryPoint\",\"urlTemplate\":\"https:\/\/www.uni.lu\/fr\/?s={search_term_string}\"},\"query-input\":\"required name=search_term_string\"}],\"inLanguage\":\"fr-FR\"},{\"@type\":\"Organization\",\"@id\":\"https:\/\/www.uni.lu\/fr\/#organization\",\"name\":\"Universit\u00e9 du Luxembourg\",\"alternateName\":\"Uni.lu\",\"url\":\"https:\/\/www.uni.lu\/fr\/\",\"logo\":{\"@type\":\"ImageObject\",\"inLanguage\":\"fr-FR\",\"@id\":\"https:\/\/www.uni.lu\/fr\/#\/schema\/logo\/image\/\",\"url\":\"https:\/\/www.uni.lu\/wp-content\/uploads\/sites\/11\/2026\/03\/03120045\/UNIV_SM-Profile_1600x1600px-scaled.jpg\",\"contentUrl\":\"https:\/\/www.uni.lu\/wp-content\/uploads\/sites\/11\/2026\/03\/03120045\/UNIV_SM-Profile_1600x1600px-scaled.jpg\",\"width\":2560,\"height\":2560,\"caption\":\"Universit\u00e9 du Luxembourg\"},\"image\":\"https:\/\/www.uni.lu\/wp-content\/uploads\/sites\/11\/2026\/04\/24120552\/20200609-Belval-Campus_Henri-Goergen-23.jpg\",\"sameAs\":[\"https:\/\/www.facebook.com\/uni.lu\",\"https:\/\/www.linkedin.com\/school\/university-of-luxembourg\/\",\"https:\/\/www.instagram.com\/uni.lu\",\"https:\/\/www.youtube.com\/@uni_lu\",\"https:\/\/en.wikipedia.org\/wiki\/University_of_Luxembourg\"],\"email\":\"communication@uni.lu\",\"telephone\":\"+352 46 66 44 1\",\"address\":{\"@type\":\"PostalAddress\",\"streetAddress\":\"2, place de l\u2019Universit\u00e9\",\"addressLocality\":\"Esch-sur-Alzette\",\"postalCode\":\"4365\",\"addressCountry\":\"LU\"},\"description\":\"Universit\u00e9 du Luxembourg\"},{\"@type\":\"Person\",\"@id\":\"https:\/\/www.uni.lu\/fr\/#\/schema\/person\/67d3defa53981502bf9cddb74a850c08\",\"name\":\"Catherine Clesse\",\"image\":{\"@type\":\"ImageObject\",\"inLanguage\":\"fr-FR\",\"@id\":\"https:\/\/www.uni.lu\/fr\/#\/schema\/person\/image\/\",\"url\":\"https:\/\/secure.gravatar.com\/avatar\/6a2e15a24f9036a6aee8753304e46c2d?s=96&d=mm&r=g\",\"contentUrl\":\"https:\/\/secure.gravatar.com\/avatar\/6a2e15a24f9036a6aee8753304e46c2d?s=96&d=mm&r=g\",\"caption\":\"Catherine Clesse\"}}]}<\/script>\n<!-- \/ Yoast SEO Premium plugin. -->","yoast_head_json":{"title":"\u00ab Democracy and Youth in the Digital Age \u00bb, la conf\u00e9rence scientifique pour tous - Universit\u00e9 du Luxembourg","description":"\u00c0 une \u00e9poque o\u00f9 les environnements num\u00e9riques et l'intelligence artificielle fa\u00e7onnent de plus en plus le discours et l'engagement politiques, il devient","robots":{"index":"index","follow":"follow","max-snippet":"max-snippet:-1","max-image-preview":"max-image-preview:large","max-video-preview":"max-video-preview:-1"},"canonical":"https:\/\/www.uni.lu\/fr\/news\/democracy-and-youth-in-the-digital-age-la-conference-scientifique-pour-tous\/","og_locale":"fr_FR","og_type":"article","og_title":"\u00ab Democracy and Youth in the Digital Age \u00bb, la conf\u00e9rence scientifique pour tous","og_description":"\u00c0 une \u00e9poque o\u00f9 les environnements num\u00e9riques et l'intelligence artificielle fa\u00e7onnent de plus en plus le discours et l'engagement politiques, il devient","og_url":"https:\/\/www.uni.lu\/fr\/news\/democracy-and-youth-in-the-digital-age-la-conference-scientifique-pour-tous\/","og_site_name":"UNI FR","article_publisher":"https:\/\/www.facebook.com\/uni.lu","og_image":[{"width":2000,"height":1000,"url":"https:\/\/www.uni.lu\/wp-content\/uploads\/sites\/11\/2025\/03\/Democracy-and-Youth-in-the-Digital-Age-Hero-image_Sep2024.jpg","type":"image\/jpeg"}],"twitter_card":"summary_large_image","twitter_misc":{"Dur\u00e9e de lecture estim\u00e9e":"2 minutes"},"schema":{"@context":"https:\/\/schema.org","@graph":[{"@type":"NewsArticle","@id":"https:\/\/www.uni.lu\/fr\/news\/democracy-and-youth-in-the-digital-age-la-conference-scientifique-pour-tous\/#article","isPartOf":{"@id":"https:\/\/www.uni.lu\/fr\/news\/democracy-and-youth-in-the-digital-age-la-conference-scientifique-pour-tous\/"},"author":{"name":"Catherine Clesse","@id":"https:\/\/www.uni.lu\/fr\/#\/schema\/person\/67d3defa53981502bf9cddb74a850c08"},"headline":"\u00ab Democracy and Youth in the Digital Age \u00bb, la conf\u00e9rence scientifique pour tous","datePublished":"2025-03-12T07:28:08+00:00","dateModified":"2025-03-12T07:28:08+00:00","mainEntityOfPage":{"@id":"https:\/\/www.uni.lu\/fr\/news\/democracy-and-youth-in-the-digital-age-la-conference-scientifique-pour-tous\/"},"wordCount":324,"publisher":{"@id":"https:\/\/www.uni.lu\/fr\/#organization"},"image":{"@id":"https:\/\/www.uni.lu\/fr\/news\/democracy-and-youth-in-the-digital-age-la-conference-scientifique-pour-tous\/#primaryimage"},"thumbnailUrl":"https:\/\/www.uni.lu\/wp-content\/uploads\/sites\/11\/2025\/03\/Democracy-and-Youth-in-the-Digital-Age-Hero-image_Sep2024.jpg","inLanguage":"fr-FR"},{"@type":"WebPage","@id":"https:\/\/www.uni.lu\/fr\/news\/democracy-and-youth-in-the-digital-age-la-conference-scientifique-pour-tous\/","url":"https:\/\/www.uni.lu\/fr\/news\/democracy-and-youth-in-the-digital-age-la-conference-scientifique-pour-tous\/","name":"\u00ab Democracy and Youth in the Digital Age \u00bb, la conf\u00e9rence scientifique pour tous - Universit\u00e9 du Luxembourg","isPartOf":{"@id":"https:\/\/www.uni.lu\/fr\/#website"},"primaryImageOfPage":{"@id":"https:\/\/www.uni.lu\/fr\/news\/democracy-and-youth-in-the-digital-age-la-conference-scientifique-pour-tous\/#primaryimage"},"image":{"@id":"https:\/\/www.uni.lu\/fr\/news\/democracy-and-youth-in-the-digital-age-la-conference-scientifique-pour-tous\/#primaryimage"},"thumbnailUrl":"https:\/\/www.uni.lu\/wp-content\/uploads\/sites\/11\/2025\/03\/Democracy-and-Youth-in-the-Digital-Age-Hero-image_Sep2024.jpg","datePublished":"2025-03-12T07:28:08+00:00","dateModified":"2025-03-12T07:28:08+00:00","description":"\u00c0 une \u00e9poque o\u00f9 les environnements num\u00e9riques et l'intelligence artificielle fa\u00e7onnent de plus en plus le discours et l'engagement politiques, il devient","breadcrumb":{"@id":"https:\/\/www.uni.lu\/fr\/news\/democracy-and-youth-in-the-digital-age-la-conference-scientifique-pour-tous\/#breadcrumb"},"inLanguage":"fr-FR","potentialAction":[{"@type":"ReadAction","target":["https:\/\/www.uni.lu\/fr\/news\/democracy-and-youth-in-the-digital-age-la-conference-scientifique-pour-tous\/"]}]},{"@type":"ImageObject","inLanguage":"fr-FR","@id":"https:\/\/www.uni.lu\/fr\/news\/democracy-and-youth-in-the-digital-age-la-conference-scientifique-pour-tous\/#primaryimage","url":"https:\/\/www.uni.lu\/wp-content\/uploads\/sites\/11\/2025\/03\/Democracy-and-Youth-in-the-Digital-Age-Hero-image_Sep2024.jpg","contentUrl":"https:\/\/www.uni.lu\/wp-content\/uploads\/sites\/11\/2025\/03\/Democracy-and-Youth-in-the-Digital-Age-Hero-image_Sep2024.jpg","width":2000,"height":1000,"caption":"Democracy and Youth in the Digital Age"},{"@type":"BreadcrumbList","@id":"https:\/\/www.uni.lu\/fr\/news\/democracy-and-youth-in-the-digital-age-la-conference-scientifique-pour-tous\/#breadcrumb","itemListElement":[{"@type":"ListItem","position":1,"name":"Home","item":"https:\/\/www.uni.lu\/fr\/"},{"@type":"ListItem","position":2,"name":"News","item":"https:\/\/www.uni.lu\/fr\/news\/"},{"@type":"ListItem","position":3,"name":"\u00ab Democracy and Youth in the Digital Age \u00bb, la conf\u00e9rence scientifique pour tous"}]},{"@type":"WebSite","@id":"https:\/\/www.uni.lu\/fr\/#website","url":"https:\/\/www.uni.lu\/fr\/","name":"Uni.lu","description":"Universit\u00e9 du Luxembourg","publisher":{"@id":"https:\/\/www.uni.lu\/fr\/#organization"},"alternateName":"Universit\u00e9 du Luxembourg","potentialAction":[{"@type":"SearchAction","target":{"@type":"EntryPoint","urlTemplate":"https:\/\/www.uni.lu\/fr\/?s={search_term_string}"},"query-input":"required name=search_term_string"}],"inLanguage":"fr-FR"},{"@type":"Organization","@id":"https:\/\/www.uni.lu\/fr\/#organization","name":"Universit\u00e9 du Luxembourg","alternateName":"Uni.lu","url":"https:\/\/www.uni.lu\/fr\/","logo":{"@type":"ImageObject","inLanguage":"fr-FR","@id":"https:\/\/www.uni.lu\/fr\/#\/schema\/logo\/image\/","url":"https:\/\/www.uni.lu\/wp-content\/uploads\/sites\/11\/2026\/03\/03120045\/UNIV_SM-Profile_1600x1600px-scaled.jpg","contentUrl":"https:\/\/www.uni.lu\/wp-content\/uploads\/sites\/11\/2026\/03\/03120045\/UNIV_SM-Profile_1600x1600px-scaled.jpg","width":2560,"height":2560,"caption":"Universit\u00e9 du Luxembourg"},"image":"https:\/\/www.uni.lu\/wp-content\/uploads\/sites\/11\/2026\/04\/24120552\/20200609-Belval-Campus_Henri-Goergen-23.jpg","sameAs":["https:\/\/www.facebook.com\/uni.lu","https:\/\/www.linkedin.com\/school\/university-of-luxembourg\/","https:\/\/www.instagram.com\/uni.lu","https:\/\/www.youtube.com\/@uni_lu","https:\/\/en.wikipedia.org\/wiki\/University_of_Luxembourg"],"email":"communication@uni.lu","telephone":"+352 46 66 44 1","address":{"@type":"PostalAddress","streetAddress":"2, place de l\u2019Universit\u00e9","addressLocality":"Esch-sur-Alzette","postalCode":"4365","addressCountry":"LU"},"description":"Universit\u00e9 du Luxembourg"},{"@type":"Person","@id":"https:\/\/www.uni.lu\/fr\/#\/schema\/person\/67d3defa53981502bf9cddb74a850c08","name":"Catherine Clesse","image":{"@type":"ImageObject","inLanguage":"fr-FR","@id":"https:\/\/www.uni.lu\/fr\/#\/schema\/person\/image\/","url":"https:\/\/secure.gravatar.com\/avatar\/6a2e15a24f9036a6aee8753304e46c2d?s=96&d=mm&r=g","contentUrl":"https:\/\/secure.gravatar.com\/avatar\/6a2e15a24f9036a6aee8753304e46c2d?s=96&d=mm&r=g","caption":"Catherine Clesse"}}]}},"blog_id":11,"_links":{"self":[{"href":"https:\/\/www.uni.lu\/fr\/wp-json\/wp\/v2\/news\/14557"}],"collection":[{"href":"https:\/\/www.uni.lu\/fr\/wp-json\/wp\/v2\/news"}],"about":[{"href":"https:\/\/www.uni.lu\/fr\/wp-json\/wp\/v2\/types\/news"}],"author":[{"embeddable":true,"href":"https:\/\/www.uni.lu\/fr\/wp-json\/wp\/v2\/users\/341"}],"version-history":[{"count":3,"href":"https:\/\/www.uni.lu\/fr\/wp-json\/wp\/v2\/news\/14557\/revisions"}],"predecessor-version":[{"id":14576,"href":"https:\/\/www.uni.lu\/fr\/wp-json\/wp\/v2\/news\/14557\/revisions\/14576"}],"wp:authorship":[{"embeddable":true,"href":"https:\/\/www.uni.lu\/fr\/wp-json\/wp\/v2\/users\/341"}],"wp:featuredmedia":[{"embeddable":true,"href":"https:\/\/www.uni.lu\/fr\/wp-json\/wp\/v2\/media\/14559"}],"wp:attachment":[{"href":"https:\/\/www.uni.lu\/fr\/wp-json\/wp\/v2\/media?parent=14557"}],"wp:term":[{"taxonomy":"news-category","embeddable":true,"href":"https:\/\/www.uni.lu\/fr\/wp-json\/wp\/v2\/news-category?post=14557"},{"taxonomy":"news-topic","embeddable":true,"href":"https:\/\/www.uni.lu\/fr\/wp-json\/wp\/v2\/news-topic?post=14557"},{"taxonomy":"organisation","embeddable":true,"href":"https:\/\/www.uni.lu\/fr\/wp-json\/wp\/v2\/organisation?post=14557"}],"curies":[{"name":"wp","href":"https:\/\/api.w.org\/{rel}","templated":true}]}}