{"id":1453,"date":"2021-07-19T12:06:48","date_gmt":"2021-07-19T12:06:48","guid":{"rendered":"https:\/\/website.prod.unilu.spikeseed.cloud\/fr\/news\/le-cinema-luxembourgeois-a-cannes-interview-du-dr-gianmaria-tore\/"},"modified":"2021-07-19T12:06:48","modified_gmt":"2021-07-19T12:06:48","slug":"le-cinema-luxembourgeois-a-cannes-interview-du-dr-gianmaria-tore","status":"publish","type":"news","link":"https:\/\/www.uni.lu\/fr\/news\/le-cinema-luxembourgeois-a-cannes-interview-du-dr-gianmaria-tore\/","title":{"rendered":"Le cin\u00e9ma luxembourgeois \u00e0 Cannes : Interview du Dr. GianMaria TORE"},"content":{"rendered":"<section class=\"wp-block-unilux-blocks-free-section section\"><div class=\"container xl:max-w-screen-xl\"><p>Apr\u00e8s une \u00e9dition 2020 annul\u00e9e en raison de la crise sanitaire, le Festival de Cannes a fait son grand retour dans l\u2019actualit\u00e9 internationale du cin\u00e9ma. Plusieurs coproductions luxembourgeoises \u00e9taient \u00e0 l\u2019affiche de cette 74e\u00a0\u00e9dition\u00a0; en s\u00e9lection officielle, les films <i>Les Intranquilles<\/i> et <i>Le<\/i> <i>sommet des Dieux<\/i> et en s\u00e9lection hors comp\u00e9tition <i>Where is Anne Frank\u00a0;<\/i> \u00e0 noter \u00e9galement la pr\u00e9sence sur le tapis rouge de l&rsquo;actrice luxembourgeoise Vicky Krieps, dans le casting de 3 long-m\u00e9trages s\u00e9lectionn\u00e9s.<strong><i>,<\/i><\/strong><\/p><p>GianMaria TORE, docteur en s\u00e9miotique du cin\u00e9ma, professeur assistant \u00e0 la Facult\u00e9 des Sciences Humaines, des Sciences de l\u2019\u00c9ducation et des Sciences Sociales\u200b de l\u2019Universit\u00e9 du Luxembourg nous a accord\u00e9 une interview sur l\u2019\u00e9volution du secteur du cin\u00e9ma au Luxembourg.\u00a0<\/p><p><strong><i>Quelles sont de votre point de vue les composantes du d\u00e9veloppement r\u00e9cent de l\u2019industrie locale du cin\u00e9ma\u00a0?<\/i><\/strong><\/p><p>Il existe des institutions importantes qui contribuent au d\u00e9veloppement du cin\u00e9ma luxembourgeois, tel que le <i>Film Fund<\/i>, qui d\u00e9pend directement du minist\u00e8re en charge de l\u2019audiovisuel et qui, avec la <i>Luxembourg Film Akademie<\/i> (l\u2019association des professionnels) soutient les productions locales et organise le <i>Filmpr\u00e4is<\/i>, qui r\u00e9compense les meilleures productions luxembourgeoises (nos \u00ab C\u00e9sars\u00a0\u00bb au niveau national) et il y a \u00e9galement le <i>LUXFILMFEST<\/i>, en quelque sorte le festival officiel du pays,\u00a0cr\u00e9\u00e9 il y a quelques ann\u00e9es et qui tient une place centrale dans ce secteur.<\/p><p>La r\u00e9ussite du cin\u00e9ma luxembourgeois au Festival de Cannes cette ann\u00e9e est assur\u00e9ment le r\u00e9sultat d\u2019une implication de diverses parties prenantes. Il convient de souligner \u00e9galement une autre grande r\u00e9ussite cette ann\u00e9e, celle de l\u2019Ours d\u2019or du Meilleur film du Festival de Berlin remport\u00e9e par une coproduction luxembourgeoise. Et \u00e9galement le succ\u00e8s de s\u00e9ries sur Netflix produites au Luxembourg comme <i>Bad Banks <\/i>ou <i>Capitani<\/i>&#8230; Donc, oui, le secteur a de quoi \u00eatre fier.<\/p><p>Depuis quelques ann\u00e9es, je constate une meilleure reconnaissance et un appui important \u00e0 ce secteur qui compte environ 750 personnes, toutes professions confondues. Pour un pays d\u2019environ 600 000 habitants, c&rsquo;est plus que respectable. Ce sont des productions tr\u00e8s diversifi\u00e9es, qui incluent des s\u00e9ries, des films d&rsquo;animation, de courts-m\u00e9trages int\u00e9ressants comme des grandes productions d&rsquo;auteur internationales. Il y a des cr\u00e9ations de jeunes r\u00e9alisateurs luxembourgeois comme des co-productions d\u2019auteurs d\u2019autres pays. Ces productions s\u2019inscrivent dans le cadre de projets europ\u00e9ens, de coproductions avec la France et la Belgique, ou avec d\u2019autres pays \u00e0 l\u2019\u00e9chelle internationale.<\/p><p>Avec le lancement du <i>Bachelor<\/i> en dessin d\u2019animation cr\u00e9\u00e9 en partenariat avec le BTS du Lyc\u00e9e des Arts et M\u00e9tiers (LAM), (o\u00f9 j\u2019enseigne \u00e9galement), l&rsquo;universit\u00e9 s\u2019inscrit dans une dynamique de d\u00e9veloppement des formations qui contribuent \u00e0 la professionnalisation du 7e\u00a0art.<\/p><p>Cr\u00e9dit photo :\u00a0\u00a9iStock<\/p><\/div><\/section>","protected":false},"excerpt":{"rendered":"<p>Apr\u00e8s une \u00e9dition 2020 annul\u00e9e en raison de la crise sanitaire, le Festival de Cannes a fait son grand retour dans l\u2019actualit\u00e9 internationale du cin\u00e9ma. Plusieurs coproductions luxembourgeoises \u00e9taient \u00e0 l\u2019affiche de cette 74e\u00a0\u00e9dition\u00a0; en s\u00e9lection officielle, les films Les Intranquilles et Le sommet des Dieux, et en s\u00e9lection hors comp\u00e9tition Where is Anne Frank\u00a0; \u00e0 noter \u00e9galement la pr\u00e9sence sur le tapis rouge de l&rsquo;actrice luxembourgeoise Vicky Krieps, dans le casting de 3 long-m\u00e9trages s\u00e9lectionn\u00e9s.<\/p>\n","protected":false},"author":0,"featured_media":0,"template":"","format":"standard","meta":{"featured_image_focal_point":[],"show_featured_caption":false,"ulux_newsletter_groups":"","uluxPostTitle":"","uluxPrePostTitle":"","_trash_the_other_posts":false,"_price":"","_stock":"","_tribe_ticket_header":"","_tribe_default_ticket_provider":"","_tribe_ticket_capacity":"0","_ticket_start_date":"","_ticket_end_date":"","_tribe_ticket_show_description":"","_tribe_ticket_show_not_going":false,"_tribe_ticket_use_global_stock":"","_tribe_ticket_global_stock_level":"","_global_stock_mode":"","_global_stock_cap":"","_tribe_rsvp_for_event":"","_tribe_ticket_going_count":"","_tribe_ticket_not_going_count":"","_tribe_tickets_list":"[]","_tribe_ticket_has_attendee_info_fields":false},"news-category":[3],"news-topic":[],"organisation":[147,226],"authorship":[],"acf":[],"yoast_head":"<!-- This site is optimized with the Yoast SEO Premium plugin v22.3 (Yoast SEO v22.3) - https:\/\/yoast.com\/wordpress\/plugins\/seo\/ -->\n<title>Le cin\u00e9ma luxembourgeois \u00e0 Cannes : Interview du Dr. GianMaria TORE - Universit\u00e9 du Luxembourg<\/title>\n<meta name=\"description\" content=\"Apr\u00e8s une \u00e9dition 2020 annul\u00e9e en raison de la crise sanitaire, le Festival de Cannes a fait son grand retour dans l\u2019actualit\u00e9 internationale du cin\u00e9ma. Plusieurs coproductions luxembourgeoises \u00e9taient \u00e0 l\u2019affiche de cette 74e\u00a0\u00e9dition\u00a0; en s\u00e9lection officielle, les films Les Intranquilles et Le sommet des Dieux, et en s\u00e9lection hors comp\u00e9tition Where is Anne Frank\u00a0; \u00e0 noter \u00e9galement la pr\u00e9sence sur le tapis rouge de l&#039;actrice luxembourgeoise Vicky Krieps, dans le casting de 3 long-m\u00e9trages s\u00e9lectionn\u00e9s.\" \/>\n<meta name=\"robots\" content=\"index, follow, max-snippet:-1, max-image-preview:large, max-video-preview:-1\" \/>\n<link rel=\"canonical\" href=\"https:\/\/www.uni.lu\/fr\/news\/le-cinema-luxembourgeois-a-cannes-interview-du-dr-gianmaria-tore\/\" \/>\n<meta property=\"og:locale\" content=\"fr_FR\" \/>\n<meta property=\"og:type\" content=\"article\" \/>\n<meta property=\"og:title\" content=\"Le cin\u00e9ma luxembourgeois \u00e0 Cannes : Interview du Dr. GianMaria TORE\" \/>\n<meta property=\"og:description\" content=\"Apr\u00e8s une \u00e9dition 2020 annul\u00e9e en raison de la crise sanitaire, le Festival de Cannes a fait son grand retour dans l\u2019actualit\u00e9 internationale du cin\u00e9ma. Plusieurs coproductions luxembourgeoises \u00e9taient \u00e0 l\u2019affiche de cette 74e\u00a0\u00e9dition\u00a0; en s\u00e9lection officielle, les films Les Intranquilles et Le sommet des Dieux, et en s\u00e9lection hors comp\u00e9tition Where is Anne Frank\u00a0; \u00e0 noter \u00e9galement la pr\u00e9sence sur le tapis rouge de l&#039;actrice luxembourgeoise Vicky Krieps, dans le casting de 3 long-m\u00e9trages s\u00e9lectionn\u00e9s.\" \/>\n<meta property=\"og:url\" content=\"https:\/\/www.uni.lu\/fr\/news\/le-cinema-luxembourgeois-a-cannes-interview-du-dr-gianmaria-tore\/\" \/>\n<meta property=\"og:site_name\" content=\"UNI FR\" \/>\n<meta property=\"article:publisher\" content=\"https:\/\/www.facebook.com\/uni.lu\" \/>\n<meta property=\"og:image\" content=\"https:\/\/www.uni.lu\/wp-content\/uploads\/sites\/11\/2021\/07\/le_cinema_luxembourgeois_a_cannes_interview_du_dr_gianmaria_tore.jpg\" \/>\n\t<meta property=\"og:image:width\" content=\"800\" \/>\n\t<meta property=\"og:image:height\" content=\"600\" \/>\n\t<meta property=\"og:image:type\" content=\"image\/jpeg\" \/>\n<meta name=\"twitter:card\" content=\"summary_large_image\" \/>\n<meta name=\"twitter:label1\" content=\"Dur\u00e9e de lecture estim\u00e9e\" \/>\n\t<meta name=\"twitter:data1\" content=\"2 minutes\" \/>\n<script type=\"application\/ld+json\" class=\"yoast-schema-graph\">{\"@context\":\"https:\/\/schema.org\",\"@graph\":[{\"@type\":\"NewsArticle\",\"@id\":\"https:\/\/www.uni.lu\/fr\/news\/le-cinema-luxembourgeois-a-cannes-interview-du-dr-gianmaria-tore\/#article\",\"isPartOf\":{\"@id\":\"https:\/\/www.uni.lu\/fr\/news\/le-cinema-luxembourgeois-a-cannes-interview-du-dr-gianmaria-tore\/\"},\"author\":{\"name\":\"\",\"@id\":\"\"},\"headline\":\"Le cin\u00e9ma luxembourgeois \u00e0 Cannes : Interview du Dr. GianMaria TORE\",\"datePublished\":\"2021-07-19T12:06:48+00:00\",\"dateModified\":\"2021-07-19T12:06:48+00:00\",\"mainEntityOfPage\":{\"@id\":\"https:\/\/www.uni.lu\/fr\/news\/le-cinema-luxembourgeois-a-cannes-interview-du-dr-gianmaria-tore\/\"},\"wordCount\":502,\"publisher\":{\"@id\":\"https:\/\/www.uni.lu\/fr\/#organization\"},\"inLanguage\":\"fr-FR\"},{\"@type\":\"WebPage\",\"@id\":\"https:\/\/www.uni.lu\/fr\/news\/le-cinema-luxembourgeois-a-cannes-interview-du-dr-gianmaria-tore\/\",\"url\":\"https:\/\/www.uni.lu\/fr\/news\/le-cinema-luxembourgeois-a-cannes-interview-du-dr-gianmaria-tore\/\",\"name\":\"Le cin\u00e9ma luxembourgeois \u00e0 Cannes : Interview du Dr. GianMaria TORE - Universit\u00e9 du Luxembourg\",\"isPartOf\":{\"@id\":\"https:\/\/www.uni.lu\/fr\/#website\"},\"datePublished\":\"2021-07-19T12:06:48+00:00\",\"dateModified\":\"2021-07-19T12:06:48+00:00\",\"description\":\"Apr\u00e8s une \u00e9dition 2020 annul\u00e9e en raison de la crise sanitaire, le Festival de Cannes a fait son grand retour dans l\u2019actualit\u00e9 internationale du cin\u00e9ma. Plusieurs coproductions luxembourgeoises \u00e9taient \u00e0 l\u2019affiche de cette 74e\u00a0\u00e9dition\u00a0; en s\u00e9lection officielle, les films Les Intranquilles et Le sommet des Dieux, et en s\u00e9lection hors comp\u00e9tition Where is Anne Frank\u00a0; \u00e0 noter \u00e9galement la pr\u00e9sence sur le tapis rouge de l'actrice luxembourgeoise Vicky Krieps, dans le casting de 3 long-m\u00e9trages s\u00e9lectionn\u00e9s.\",\"breadcrumb\":{\"@id\":\"https:\/\/www.uni.lu\/fr\/news\/le-cinema-luxembourgeois-a-cannes-interview-du-dr-gianmaria-tore\/#breadcrumb\"},\"inLanguage\":\"fr-FR\",\"potentialAction\":[{\"@type\":\"ReadAction\",\"target\":[\"https:\/\/www.uni.lu\/fr\/news\/le-cinema-luxembourgeois-a-cannes-interview-du-dr-gianmaria-tore\/\"]}]},{\"@type\":\"BreadcrumbList\",\"@id\":\"https:\/\/www.uni.lu\/fr\/news\/le-cinema-luxembourgeois-a-cannes-interview-du-dr-gianmaria-tore\/#breadcrumb\",\"itemListElement\":[{\"@type\":\"ListItem\",\"position\":1,\"name\":\"Home\",\"item\":\"https:\/\/www.uni.lu\/fr\/\"},{\"@type\":\"ListItem\",\"position\":2,\"name\":\"News\",\"item\":\"https:\/\/www.uni.lu\/fr\/news\/\"},{\"@type\":\"ListItem\",\"position\":3,\"name\":\"Le cin\u00e9ma luxembourgeois \u00e0 Cannes : Interview du Dr. GianMaria TORE\"}]},{\"@type\":\"WebSite\",\"@id\":\"https:\/\/www.uni.lu\/fr\/#website\",\"url\":\"https:\/\/www.uni.lu\/fr\/\",\"name\":\"Uni.lu\",\"description\":\"Universit\u00e9 du Luxembourg\",\"publisher\":{\"@id\":\"https:\/\/www.uni.lu\/fr\/#organization\"},\"alternateName\":\"Universit\u00e9 du Luxembourg\",\"potentialAction\":[{\"@type\":\"SearchAction\",\"target\":{\"@type\":\"EntryPoint\",\"urlTemplate\":\"https:\/\/www.uni.lu\/fr\/?s={search_term_string}\"},\"query-input\":\"required name=search_term_string\"}],\"inLanguage\":\"fr-FR\"},{\"@type\":\"Organization\",\"@id\":\"https:\/\/www.uni.lu\/fr\/#organization\",\"name\":\"Universit\u00e9 du Luxembourg\",\"alternateName\":\"Uni.lu\",\"url\":\"https:\/\/www.uni.lu\/fr\/\",\"logo\":{\"@type\":\"ImageObject\",\"inLanguage\":\"fr-FR\",\"@id\":\"https:\/\/www.uni.lu\/fr\/#\/schema\/logo\/image\/\",\"url\":\"https:\/\/www.uni.lu\/wp-content\/uploads\/sites\/11\/2026\/03\/03120045\/UNIV_SM-Profile_1600x1600px-scaled.jpg\",\"contentUrl\":\"https:\/\/www.uni.lu\/wp-content\/uploads\/sites\/11\/2026\/03\/03120045\/UNIV_SM-Profile_1600x1600px-scaled.jpg\",\"width\":2560,\"height\":2560,\"caption\":\"Universit\u00e9 du Luxembourg\"},\"image\":\"https:\/\/www.uni.lu\/wp-content\/uploads\/sites\/11\/2026\/04\/24120552\/20200609-Belval-Campus_Henri-Goergen-23.jpg\",\"sameAs\":[\"https:\/\/www.facebook.com\/uni.lu\",\"https:\/\/www.linkedin.com\/school\/university-of-luxembourg\/\",\"https:\/\/www.instagram.com\/uni.lu\",\"https:\/\/www.youtube.com\/@uni_lu\",\"https:\/\/en.wikipedia.org\/wiki\/University_of_Luxembourg\"],\"email\":\"communication@uni.lu\",\"telephone\":\"+352 46 66 44 1\",\"address\":{\"@type\":\"PostalAddress\",\"streetAddress\":\"2, place de l\u2019Universit\u00e9\",\"addressLocality\":\"Esch-sur-Alzette\",\"postalCode\":\"4365\",\"addressCountry\":\"LU\"},\"description\":\"Universit\u00e9 du Luxembourg\"}]}<\/script>\n<!-- \/ Yoast SEO Premium plugin. -->","yoast_head_json":{"title":"Le cin\u00e9ma luxembourgeois \u00e0 Cannes : Interview du Dr. GianMaria TORE - Universit\u00e9 du Luxembourg","description":"Apr\u00e8s une \u00e9dition 2020 annul\u00e9e en raison de la crise sanitaire, le Festival de Cannes a fait son grand retour dans l\u2019actualit\u00e9 internationale du cin\u00e9ma. Plusieurs coproductions luxembourgeoises \u00e9taient \u00e0 l\u2019affiche de cette 74e\u00a0\u00e9dition\u00a0; en s\u00e9lection officielle, les films Les Intranquilles et Le sommet des Dieux, et en s\u00e9lection hors comp\u00e9tition Where is Anne Frank\u00a0; \u00e0 noter \u00e9galement la pr\u00e9sence sur le tapis rouge de l'actrice luxembourgeoise Vicky Krieps, dans le casting de 3 long-m\u00e9trages s\u00e9lectionn\u00e9s.","robots":{"index":"index","follow":"follow","max-snippet":"max-snippet:-1","max-image-preview":"max-image-preview:large","max-video-preview":"max-video-preview:-1"},"canonical":"https:\/\/www.uni.lu\/fr\/news\/le-cinema-luxembourgeois-a-cannes-interview-du-dr-gianmaria-tore\/","og_locale":"fr_FR","og_type":"article","og_title":"Le cin\u00e9ma luxembourgeois \u00e0 Cannes : Interview du Dr. GianMaria TORE","og_description":"Apr\u00e8s une \u00e9dition 2020 annul\u00e9e en raison de la crise sanitaire, le Festival de Cannes a fait son grand retour dans l\u2019actualit\u00e9 internationale du cin\u00e9ma. Plusieurs coproductions luxembourgeoises \u00e9taient \u00e0 l\u2019affiche de cette 74e\u00a0\u00e9dition\u00a0; en s\u00e9lection officielle, les films Les Intranquilles et Le sommet des Dieux, et en s\u00e9lection hors comp\u00e9tition Where is Anne Frank\u00a0; \u00e0 noter \u00e9galement la pr\u00e9sence sur le tapis rouge de l'actrice luxembourgeoise Vicky Krieps, dans le casting de 3 long-m\u00e9trages s\u00e9lectionn\u00e9s.","og_url":"https:\/\/www.uni.lu\/fr\/news\/le-cinema-luxembourgeois-a-cannes-interview-du-dr-gianmaria-tore\/","og_site_name":"UNI FR","article_publisher":"https:\/\/www.facebook.com\/uni.lu","og_image":[{"width":800,"height":600,"url":"https:\/\/www.uni.lu\/wp-content\/uploads\/sites\/11\/2021\/07\/le_cinema_luxembourgeois_a_cannes_interview_du_dr_gianmaria_tore.jpg","type":"image\/jpeg"}],"twitter_card":"summary_large_image","twitter_misc":{"Dur\u00e9e de lecture estim\u00e9e":"2 minutes"},"schema":{"@context":"https:\/\/schema.org","@graph":[{"@type":"NewsArticle","@id":"https:\/\/www.uni.lu\/fr\/news\/le-cinema-luxembourgeois-a-cannes-interview-du-dr-gianmaria-tore\/#article","isPartOf":{"@id":"https:\/\/www.uni.lu\/fr\/news\/le-cinema-luxembourgeois-a-cannes-interview-du-dr-gianmaria-tore\/"},"author":{"name":"","@id":""},"headline":"Le cin\u00e9ma luxembourgeois \u00e0 Cannes : Interview du Dr. GianMaria TORE","datePublished":"2021-07-19T12:06:48+00:00","dateModified":"2021-07-19T12:06:48+00:00","mainEntityOfPage":{"@id":"https:\/\/www.uni.lu\/fr\/news\/le-cinema-luxembourgeois-a-cannes-interview-du-dr-gianmaria-tore\/"},"wordCount":502,"publisher":{"@id":"https:\/\/www.uni.lu\/fr\/#organization"},"inLanguage":"fr-FR"},{"@type":"WebPage","@id":"https:\/\/www.uni.lu\/fr\/news\/le-cinema-luxembourgeois-a-cannes-interview-du-dr-gianmaria-tore\/","url":"https:\/\/www.uni.lu\/fr\/news\/le-cinema-luxembourgeois-a-cannes-interview-du-dr-gianmaria-tore\/","name":"Le cin\u00e9ma luxembourgeois \u00e0 Cannes : Interview du Dr. GianMaria TORE - Universit\u00e9 du Luxembourg","isPartOf":{"@id":"https:\/\/www.uni.lu\/fr\/#website"},"datePublished":"2021-07-19T12:06:48+00:00","dateModified":"2021-07-19T12:06:48+00:00","description":"Apr\u00e8s une \u00e9dition 2020 annul\u00e9e en raison de la crise sanitaire, le Festival de Cannes a fait son grand retour dans l\u2019actualit\u00e9 internationale du cin\u00e9ma. Plusieurs coproductions luxembourgeoises \u00e9taient \u00e0 l\u2019affiche de cette 74e\u00a0\u00e9dition\u00a0; en s\u00e9lection officielle, les films Les Intranquilles et Le sommet des Dieux, et en s\u00e9lection hors comp\u00e9tition Where is Anne Frank\u00a0; \u00e0 noter \u00e9galement la pr\u00e9sence sur le tapis rouge de l'actrice luxembourgeoise Vicky Krieps, dans le casting de 3 long-m\u00e9trages s\u00e9lectionn\u00e9s.","breadcrumb":{"@id":"https:\/\/www.uni.lu\/fr\/news\/le-cinema-luxembourgeois-a-cannes-interview-du-dr-gianmaria-tore\/#breadcrumb"},"inLanguage":"fr-FR","potentialAction":[{"@type":"ReadAction","target":["https:\/\/www.uni.lu\/fr\/news\/le-cinema-luxembourgeois-a-cannes-interview-du-dr-gianmaria-tore\/"]}]},{"@type":"BreadcrumbList","@id":"https:\/\/www.uni.lu\/fr\/news\/le-cinema-luxembourgeois-a-cannes-interview-du-dr-gianmaria-tore\/#breadcrumb","itemListElement":[{"@type":"ListItem","position":1,"name":"Home","item":"https:\/\/www.uni.lu\/fr\/"},{"@type":"ListItem","position":2,"name":"News","item":"https:\/\/www.uni.lu\/fr\/news\/"},{"@type":"ListItem","position":3,"name":"Le cin\u00e9ma luxembourgeois \u00e0 Cannes : Interview du Dr. GianMaria TORE"}]},{"@type":"WebSite","@id":"https:\/\/www.uni.lu\/fr\/#website","url":"https:\/\/www.uni.lu\/fr\/","name":"Uni.lu","description":"Universit\u00e9 du Luxembourg","publisher":{"@id":"https:\/\/www.uni.lu\/fr\/#organization"},"alternateName":"Universit\u00e9 du Luxembourg","potentialAction":[{"@type":"SearchAction","target":{"@type":"EntryPoint","urlTemplate":"https:\/\/www.uni.lu\/fr\/?s={search_term_string}"},"query-input":"required name=search_term_string"}],"inLanguage":"fr-FR"},{"@type":"Organization","@id":"https:\/\/www.uni.lu\/fr\/#organization","name":"Universit\u00e9 du Luxembourg","alternateName":"Uni.lu","url":"https:\/\/www.uni.lu\/fr\/","logo":{"@type":"ImageObject","inLanguage":"fr-FR","@id":"https:\/\/www.uni.lu\/fr\/#\/schema\/logo\/image\/","url":"https:\/\/www.uni.lu\/wp-content\/uploads\/sites\/11\/2026\/03\/03120045\/UNIV_SM-Profile_1600x1600px-scaled.jpg","contentUrl":"https:\/\/www.uni.lu\/wp-content\/uploads\/sites\/11\/2026\/03\/03120045\/UNIV_SM-Profile_1600x1600px-scaled.jpg","width":2560,"height":2560,"caption":"Universit\u00e9 du Luxembourg"},"image":"https:\/\/www.uni.lu\/wp-content\/uploads\/sites\/11\/2026\/04\/24120552\/20200609-Belval-Campus_Henri-Goergen-23.jpg","sameAs":["https:\/\/www.facebook.com\/uni.lu","https:\/\/www.linkedin.com\/school\/university-of-luxembourg\/","https:\/\/www.instagram.com\/uni.lu","https:\/\/www.youtube.com\/@uni_lu","https:\/\/en.wikipedia.org\/wiki\/University_of_Luxembourg"],"email":"communication@uni.lu","telephone":"+352 46 66 44 1","address":{"@type":"PostalAddress","streetAddress":"2, place de l\u2019Universit\u00e9","addressLocality":"Esch-sur-Alzette","postalCode":"4365","addressCountry":"LU"},"description":"Universit\u00e9 du Luxembourg"}]}},"blog_id":11,"_links":{"self":[{"href":"https:\/\/www.uni.lu\/fr\/wp-json\/wp\/v2\/news\/1453"}],"collection":[{"href":"https:\/\/www.uni.lu\/fr\/wp-json\/wp\/v2\/news"}],"about":[{"href":"https:\/\/www.uni.lu\/fr\/wp-json\/wp\/v2\/types\/news"}],"version-history":[{"count":0,"href":"https:\/\/www.uni.lu\/fr\/wp-json\/wp\/v2\/news\/1453\/revisions"}],"wp:attachment":[{"href":"https:\/\/www.uni.lu\/fr\/wp-json\/wp\/v2\/media?parent=1453"}],"wp:term":[{"taxonomy":"news-category","embeddable":true,"href":"https:\/\/www.uni.lu\/fr\/wp-json\/wp\/v2\/news-category?post=1453"},{"taxonomy":"news-topic","embeddable":true,"href":"https:\/\/www.uni.lu\/fr\/wp-json\/wp\/v2\/news-topic?post=1453"},{"taxonomy":"organisation","embeddable":true,"href":"https:\/\/www.uni.lu\/fr\/wp-json\/wp\/v2\/organisation?post=1453"}],"curies":[{"name":"wp","href":"https:\/\/api.w.org\/{rel}","templated":true}]}}