{"id":1444,"date":"2021-07-08T11:16:31","date_gmt":"2021-07-08T11:16:31","guid":{"rendered":"https:\/\/website.prod.unilu.spikeseed.cloud\/fr\/news\/luniversite-ferme-la-residence-des-dominicaines\/"},"modified":"2021-07-08T11:16:31","modified_gmt":"2021-07-08T11:16:31","slug":"luniversite-ferme-la-residence-des-dominicaines","status":"publish","type":"news","link":"https:\/\/www.uni.lu\/fr\/news\/luniversite-ferme-la-residence-des-dominicaines\/","title":{"rendered":"L\u2019Universit\u00e9 ferme la R\u00e9sidence des Dominicaines"},"content":{"rendered":"<section class=\"wp-block-unilux-blocks-free-section section\"><div class=\"container xl:max-w-screen-xl\"><p>L&rsquo;Universit\u00e9 du Luxembourg a d\u00e9cid\u00e9 \u00e0 court terme de fermer la R\u00e9sidence des Dominicaines, une r\u00e9sidence d\u2019environ 60 \u00e9tudiants situ\u00e9e \u00e0 Luxembourg-Limpertsberg.<\/p><p>La raison en est des r\u00e9sultats d\u2019analyses d\u2019eau effectu\u00e9es \u00e0 la demande de l\u2019Universit\u00e9 dans cette r\u00e9sidence d\u2019\u00e9tudiants, analyses qui ont conclu \u00e0 un niveau de turbidit\u00e9 \u00e9lev\u00e9 dans certains \u00e9chantillons d\u2019eau chaude, ainsi qu\u2019\u00e0 une contamination de certains \u00e9chantillons par des bact\u00e9ries de l\u00e9gionelles.<\/p><p>M\u00eame si le niveau de contamination n\u2019est pas consid\u00e9r\u00e9 comme critique, l\u2019Universit\u00e9 a d\u00e9cid\u00e9 \u00e0 titre de mesure de pr\u00e9caution et pour prot\u00e9ger la sant\u00e9 des r\u00e9sidents de reloger l\u2019ensemble des r\u00e9sidents \u00e0 br\u00e8ve \u00e9ch\u00e9ance.\u00a0L\u2019inspection sanitaire a \u00e9t\u00e9 inform\u00e9 de la situation.<\/p><p>Les r\u00e9sidents ont \u00e9t\u00e9 inform\u00e9s lors d\u2019une r\u00e9union d\u2019information tenue le 1<sup>er<\/sup> juillet. Dans une premi\u00e8re \u00e9tape, ils ont \u00e9t\u00e9 relog\u00e9s \u00e0 court terme dans des chambres d\u2019h\u00f4tels et apart-h\u00f4tels, au frais de l\u2019 Universit\u00e9. Ils sont en voie d\u2019\u00eatre relog\u00e9s dans d\u2019autres r\u00e9sidences universitaires.<\/p><p>Pour compenser les d\u00e9sagr\u00e9ments caus\u00e9s par le d\u00e9m\u00e9nagement, l&rsquo;Universit\u00e9 a renonc\u00e9 \u00e0 deux mois de loyer pour tous les r\u00e9sidents.<\/p><p>Au cas o\u00f9 les frais de location du nouveau logement universitaire propos\u00e9 d\u00e9passeraient le loyer actuel \u00e0 la r\u00e9sidence des Dominicaines, la diff\u00e9rence sera prise en charge par l&rsquo;Universit\u00e9 jusqu\u2019au terme du programme d\u2019\u00e9tudes de l\u2019\u00e9tudiant concern\u00e9.<\/p><\/div><\/section>","protected":false},"excerpt":{"rendered":"<p>L&rsquo;Universit\u00e9 du Luxembourg a d\u00e9cid\u00e9 \u00e0 court terme de fermer la R\u00e9sidence des Dominicaines, une r\u00e9sidence d\u2019environ 60 \u00e9tudiants situ\u00e9e \u00e0 Luxembourg-Limpertsberg.<\/p>\n","protected":false},"author":0,"featured_media":0,"template":"","format":"standard","meta":{"featured_image_focal_point":[],"show_featured_caption":false,"ulux_newsletter_groups":"","uluxPostTitle":"","uluxPrePostTitle":"","_trash_the_other_posts":false,"_price":"","_stock":"","_tribe_ticket_header":"","_tribe_default_ticket_provider":"","_tribe_ticket_capacity":"0","_ticket_start_date":"","_ticket_end_date":"","_tribe_ticket_show_description":"","_tribe_ticket_show_not_going":false,"_tribe_ticket_use_global_stock":"","_tribe_ticket_global_stock_level":"","_global_stock_mode":"","_global_stock_cap":"","_tribe_rsvp_for_event":"","_tribe_ticket_going_count":"","_tribe_ticket_not_going_count":"","_tribe_tickets_list":"[]","_tribe_ticket_has_attendee_info_fields":false},"news-category":[3],"news-topic":[],"organisation":[226],"authorship":[],"acf":[],"yoast_head":"<!-- This site is optimized with the Yoast SEO Premium plugin v22.3 (Yoast SEO v22.3) - https:\/\/yoast.com\/wordpress\/plugins\/seo\/ -->\n<title>L\u2019Universit\u00e9 ferme la R\u00e9sidence des Dominicaines - Universit\u00e9 du Luxembourg<\/title>\n<meta name=\"description\" content=\"L&#039;Universit\u00e9 du Luxembourg a d\u00e9cid\u00e9 \u00e0 court terme de fermer la R\u00e9sidence des Dominicaines, une r\u00e9sidence d\u2019environ 60 \u00e9tudiants situ\u00e9e \u00e0 Luxembourg-Limpertsberg.\" \/>\n<meta name=\"robots\" content=\"index, follow, max-snippet:-1, max-image-preview:large, max-video-preview:-1\" \/>\n<link rel=\"canonical\" href=\"https:\/\/www.uni.lu\/fr\/news\/\" \/>\n<meta property=\"og:locale\" content=\"fr_FR\" \/>\n<meta property=\"og:type\" content=\"article\" \/>\n<meta property=\"og:title\" content=\"L\u2019Universit\u00e9 ferme la R\u00e9sidence des Dominicaines\" \/>\n<meta property=\"og:description\" content=\"L&#039;Universit\u00e9 du Luxembourg a d\u00e9cid\u00e9 \u00e0 court terme de fermer la R\u00e9sidence des Dominicaines, une r\u00e9sidence d\u2019environ 60 \u00e9tudiants situ\u00e9e \u00e0 Luxembourg-Limpertsberg.\" \/>\n<meta property=\"og:url\" content=\"https:\/\/www.uni.lu\/fr\/news\/\" \/>\n<meta property=\"og:site_name\" content=\"UNI FR\" \/>\n<meta property=\"article:publisher\" content=\"https:\/\/www.facebook.com\/uni.lu\" \/>\n<meta property=\"og:image\" content=\"https:\/\/www.uni.lu\/wp-content\/uploads\/sites\/11\/2021\/07\/l_universite_ferme_la_residence_des_dominicaines.jpg\" \/>\n\t<meta property=\"og:image:width\" content=\"800\" \/>\n\t<meta property=\"og:image:height\" content=\"600\" \/>\n\t<meta property=\"og:image:type\" content=\"image\/jpeg\" \/>\n<meta name=\"twitter:card\" content=\"summary_large_image\" \/>\n<meta name=\"twitter:label1\" content=\"Dur\u00e9e de lecture estim\u00e9e\" \/>\n\t<meta name=\"twitter:data1\" content=\"1 minute\" \/>\n<script type=\"application\/ld+json\" class=\"yoast-schema-graph\">{\"@context\":\"https:\/\/schema.org\",\"@graph\":[{\"@type\":\"NewsArticle\",\"@id\":\"https:\/\/www.uni.lu\/fr\/news\/#article\",\"isPartOf\":{\"@id\":\"https:\/\/www.uni.lu\/fr\/news\/\"},\"author\":{\"name\":\"\",\"@id\":\"\"},\"headline\":\"L\u2019Universit\u00e9 ferme la R\u00e9sidence des Dominicaines\",\"datePublished\":\"2021-07-08T11:16:31+00:00\",\"dateModified\":\"2021-07-08T11:16:31+00:00\",\"mainEntityOfPage\":{\"@id\":\"https:\/\/www.uni.lu\/fr\/news\/\"},\"wordCount\":267,\"publisher\":{\"@id\":\"https:\/\/www.uni.lu\/fr\/#organization\"},\"inLanguage\":\"fr-FR\"},{\"@type\":\"WebPage\",\"@id\":\"https:\/\/www.uni.lu\/fr\/news\/\",\"url\":\"https:\/\/www.uni.lu\/fr\/news\/\",\"name\":\"L\u2019Universit\u00e9 ferme la R\u00e9sidence des Dominicaines - Universit\u00e9 du Luxembourg\",\"isPartOf\":{\"@id\":\"https:\/\/www.uni.lu\/fr\/#website\"},\"datePublished\":\"2021-07-08T11:16:31+00:00\",\"dateModified\":\"2021-07-08T11:16:31+00:00\",\"description\":\"L'Universit\u00e9 du Luxembourg a d\u00e9cid\u00e9 \u00e0 court terme de fermer la R\u00e9sidence des Dominicaines, une r\u00e9sidence d\u2019environ 60 \u00e9tudiants situ\u00e9e \u00e0 Luxembourg-Limpertsberg.\",\"breadcrumb\":{\"@id\":\"https:\/\/www.uni.lu\/fr\/news\/#breadcrumb\"},\"inLanguage\":\"fr-FR\",\"potentialAction\":[{\"@type\":\"ReadAction\",\"target\":[\"https:\/\/www.uni.lu\/fr\/news\/\"]}]},{\"@type\":\"BreadcrumbList\",\"@id\":\"https:\/\/www.uni.lu\/fr\/news\/#breadcrumb\",\"itemListElement\":[{\"@type\":\"ListItem\",\"position\":1,\"name\":\"Home\",\"item\":\"https:\/\/www.uni.lu\/fr\/\"},{\"@type\":\"ListItem\",\"position\":2,\"name\":\"News\",\"item\":\"https:\/\/www.uni.lu\/fr\/news\/\"},{\"@type\":\"ListItem\",\"position\":3,\"name\":\"L\u2019Universit\u00e9 ferme la R\u00e9sidence des Dominicaines\"}]},{\"@type\":\"WebSite\",\"@id\":\"https:\/\/www.uni.lu\/fr\/#website\",\"url\":\"https:\/\/www.uni.lu\/fr\/\",\"name\":\"Uni.lu\",\"description\":\"Universit\u00e9 du Luxembourg\",\"publisher\":{\"@id\":\"https:\/\/www.uni.lu\/fr\/#organization\"},\"alternateName\":\"Universit\u00e9 du Luxembourg\",\"potentialAction\":[{\"@type\":\"SearchAction\",\"target\":{\"@type\":\"EntryPoint\",\"urlTemplate\":\"https:\/\/www.uni.lu\/fr\/?s={search_term_string}\"},\"query-input\":\"required name=search_term_string\"}],\"inLanguage\":\"fr-FR\"},{\"@type\":\"Organization\",\"@id\":\"https:\/\/www.uni.lu\/fr\/#organization\",\"name\":\"Universit\u00e9 du Luxembourg\",\"alternateName\":\"Uni.lu\",\"url\":\"https:\/\/www.uni.lu\/fr\/\",\"logo\":{\"@type\":\"ImageObject\",\"inLanguage\":\"fr-FR\",\"@id\":\"https:\/\/www.uni.lu\/fr\/#\/schema\/logo\/image\/\",\"url\":\"https:\/\/www.uni.lu\/wp-content\/uploads\/sites\/11\/2026\/03\/03120045\/UNIV_SM-Profile_1600x1600px-scaled.jpg\",\"contentUrl\":\"https:\/\/www.uni.lu\/wp-content\/uploads\/sites\/11\/2026\/03\/03120045\/UNIV_SM-Profile_1600x1600px-scaled.jpg\",\"width\":2560,\"height\":2560,\"caption\":\"Universit\u00e9 du Luxembourg\"},\"image\":\"https:\/\/www.uni.lu\/wp-content\/uploads\/sites\/11\/2026\/04\/24120552\/20200609-Belval-Campus_Henri-Goergen-23.jpg\",\"sameAs\":[\"https:\/\/www.facebook.com\/uni.lu\",\"https:\/\/www.linkedin.com\/school\/university-of-luxembourg\/\",\"https:\/\/www.instagram.com\/uni.lu\",\"https:\/\/www.youtube.com\/@uni_lu\",\"https:\/\/en.wikipedia.org\/wiki\/University_of_Luxembourg\"],\"email\":\"communication@uni.lu\",\"telephone\":\"+352 46 66 44 1\",\"address\":{\"@type\":\"PostalAddress\",\"streetAddress\":\"2, place de l\u2019Universit\u00e9\",\"addressLocality\":\"Esch-sur-Alzette\",\"postalCode\":\"4365\",\"addressCountry\":\"LU\"},\"description\":\"Universit\u00e9 du Luxembourg\"}]}<\/script>\n<!-- \/ Yoast SEO Premium plugin. -->","yoast_head_json":{"title":"L\u2019Universit\u00e9 ferme la R\u00e9sidence des Dominicaines - Universit\u00e9 du Luxembourg","description":"L'Universit\u00e9 du Luxembourg a d\u00e9cid\u00e9 \u00e0 court terme de fermer la R\u00e9sidence des Dominicaines, une r\u00e9sidence d\u2019environ 60 \u00e9tudiants situ\u00e9e \u00e0 Luxembourg-Limpertsberg.","robots":{"index":"index","follow":"follow","max-snippet":"max-snippet:-1","max-image-preview":"max-image-preview:large","max-video-preview":"max-video-preview:-1"},"canonical":"https:\/\/www.uni.lu\/fr\/news\/","og_locale":"fr_FR","og_type":"article","og_title":"L\u2019Universit\u00e9 ferme la R\u00e9sidence des Dominicaines","og_description":"L'Universit\u00e9 du Luxembourg a d\u00e9cid\u00e9 \u00e0 court terme de fermer la R\u00e9sidence des Dominicaines, une r\u00e9sidence d\u2019environ 60 \u00e9tudiants situ\u00e9e \u00e0 Luxembourg-Limpertsberg.","og_url":"https:\/\/www.uni.lu\/fr\/news\/","og_site_name":"UNI FR","article_publisher":"https:\/\/www.facebook.com\/uni.lu","og_image":[{"width":800,"height":600,"url":"https:\/\/www.uni.lu\/wp-content\/uploads\/sites\/11\/2021\/07\/l_universite_ferme_la_residence_des_dominicaines.jpg","type":"image\/jpeg"}],"twitter_card":"summary_large_image","twitter_misc":{"Dur\u00e9e de lecture estim\u00e9e":"1 minute"},"schema":{"@context":"https:\/\/schema.org","@graph":[{"@type":"NewsArticle","@id":"https:\/\/www.uni.lu\/fr\/news\/#article","isPartOf":{"@id":"https:\/\/www.uni.lu\/fr\/news\/"},"author":{"name":"","@id":""},"headline":"L\u2019Universit\u00e9 ferme la R\u00e9sidence des Dominicaines","datePublished":"2021-07-08T11:16:31+00:00","dateModified":"2021-07-08T11:16:31+00:00","mainEntityOfPage":{"@id":"https:\/\/www.uni.lu\/fr\/news\/"},"wordCount":267,"publisher":{"@id":"https:\/\/www.uni.lu\/fr\/#organization"},"inLanguage":"fr-FR"},{"@type":"WebPage","@id":"https:\/\/www.uni.lu\/fr\/news\/","url":"https:\/\/www.uni.lu\/fr\/news\/","name":"L\u2019Universit\u00e9 ferme la R\u00e9sidence des Dominicaines - Universit\u00e9 du Luxembourg","isPartOf":{"@id":"https:\/\/www.uni.lu\/fr\/#website"},"datePublished":"2021-07-08T11:16:31+00:00","dateModified":"2021-07-08T11:16:31+00:00","description":"L'Universit\u00e9 du Luxembourg a d\u00e9cid\u00e9 \u00e0 court terme de fermer la R\u00e9sidence des Dominicaines, une r\u00e9sidence d\u2019environ 60 \u00e9tudiants situ\u00e9e \u00e0 Luxembourg-Limpertsberg.","breadcrumb":{"@id":"https:\/\/www.uni.lu\/fr\/news\/#breadcrumb"},"inLanguage":"fr-FR","potentialAction":[{"@type":"ReadAction","target":["https:\/\/www.uni.lu\/fr\/news\/"]}]},{"@type":"BreadcrumbList","@id":"https:\/\/www.uni.lu\/fr\/news\/#breadcrumb","itemListElement":[{"@type":"ListItem","position":1,"name":"Home","item":"https:\/\/www.uni.lu\/fr\/"},{"@type":"ListItem","position":2,"name":"News","item":"https:\/\/www.uni.lu\/fr\/news\/"},{"@type":"ListItem","position":3,"name":"L\u2019Universit\u00e9 ferme la R\u00e9sidence des Dominicaines"}]},{"@type":"WebSite","@id":"https:\/\/www.uni.lu\/fr\/#website","url":"https:\/\/www.uni.lu\/fr\/","name":"Uni.lu","description":"Universit\u00e9 du Luxembourg","publisher":{"@id":"https:\/\/www.uni.lu\/fr\/#organization"},"alternateName":"Universit\u00e9 du Luxembourg","potentialAction":[{"@type":"SearchAction","target":{"@type":"EntryPoint","urlTemplate":"https:\/\/www.uni.lu\/fr\/?s={search_term_string}"},"query-input":"required name=search_term_string"}],"inLanguage":"fr-FR"},{"@type":"Organization","@id":"https:\/\/www.uni.lu\/fr\/#organization","name":"Universit\u00e9 du Luxembourg","alternateName":"Uni.lu","url":"https:\/\/www.uni.lu\/fr\/","logo":{"@type":"ImageObject","inLanguage":"fr-FR","@id":"https:\/\/www.uni.lu\/fr\/#\/schema\/logo\/image\/","url":"https:\/\/www.uni.lu\/wp-content\/uploads\/sites\/11\/2026\/03\/03120045\/UNIV_SM-Profile_1600x1600px-scaled.jpg","contentUrl":"https:\/\/www.uni.lu\/wp-content\/uploads\/sites\/11\/2026\/03\/03120045\/UNIV_SM-Profile_1600x1600px-scaled.jpg","width":2560,"height":2560,"caption":"Universit\u00e9 du Luxembourg"},"image":"https:\/\/www.uni.lu\/wp-content\/uploads\/sites\/11\/2026\/04\/24120552\/20200609-Belval-Campus_Henri-Goergen-23.jpg","sameAs":["https:\/\/www.facebook.com\/uni.lu","https:\/\/www.linkedin.com\/school\/university-of-luxembourg\/","https:\/\/www.instagram.com\/uni.lu","https:\/\/www.youtube.com\/@uni_lu","https:\/\/en.wikipedia.org\/wiki\/University_of_Luxembourg"],"email":"communication@uni.lu","telephone":"+352 46 66 44 1","address":{"@type":"PostalAddress","streetAddress":"2, place de l\u2019Universit\u00e9","addressLocality":"Esch-sur-Alzette","postalCode":"4365","addressCountry":"LU"},"description":"Universit\u00e9 du Luxembourg"}]}},"blog_id":11,"_links":{"self":[{"href":"https:\/\/www.uni.lu\/fr\/wp-json\/wp\/v2\/news\/1444"}],"collection":[{"href":"https:\/\/www.uni.lu\/fr\/wp-json\/wp\/v2\/news"}],"about":[{"href":"https:\/\/www.uni.lu\/fr\/wp-json\/wp\/v2\/types\/news"}],"version-history":[{"count":0,"href":"https:\/\/www.uni.lu\/fr\/wp-json\/wp\/v2\/news\/1444\/revisions"}],"wp:attachment":[{"href":"https:\/\/www.uni.lu\/fr\/wp-json\/wp\/v2\/media?parent=1444"}],"wp:term":[{"taxonomy":"news-category","embeddable":true,"href":"https:\/\/www.uni.lu\/fr\/wp-json\/wp\/v2\/news-category?post=1444"},{"taxonomy":"news-topic","embeddable":true,"href":"https:\/\/www.uni.lu\/fr\/wp-json\/wp\/v2\/news-topic?post=1444"},{"taxonomy":"organisation","embeddable":true,"href":"https:\/\/www.uni.lu\/fr\/wp-json\/wp\/v2\/organisation?post=1444"}],"curies":[{"name":"wp","href":"https:\/\/api.w.org\/{rel}","templated":true}]}}