{"id":1429,"date":"2021-06-21T15:12:44","date_gmt":"2021-06-21T15:12:44","guid":{"rendered":"https:\/\/website.prod.unilu.spikeseed.cloud\/fr\/news\/le-luxembourg-se-positionne-sur-les-civictechs\/"},"modified":"2021-06-21T15:12:44","modified_gmt":"2021-06-21T15:12:44","slug":"le-luxembourg-se-positionne-sur-les-civictechs","status":"publish","type":"news","link":"https:\/\/www.uni.lu\/fr\/news\/le-luxembourg-se-positionne-sur-les-civictechs\/","title":{"rendered":"Le Luxembourg se positionne sur les CivicTechs"},"content":{"rendered":"<section class=\"wp-block-unilux-blocks-free-section section\"><div class=\"container xl:max-w-screen-xl\"><p>Dans le cadre du plan d\u2019action national 2019-2021 de l\u2019<strong>OGP<\/strong> (Open Government Partnership), \u00e0 travers duquel l\u2019Etat luxembourgeois s\u2019est fix\u00e9 6 plans d\u2019action visant \u00e0 promouvoir la transparence et la participation citoyenne, ETICC et l\u2019Universit\u00e9 du Luxembourg ont sign\u00e9 une convention avec <strong>le Minist\u00e8re d\u2019Etat visant \u00e0 promouvoir l\u2019utilisation des technologies participatives (CivicTech) dans les processus d\u00e9mocratiques (plan d\u2019action n\u00b05). <\/strong>Les activit\u00e9s men\u00e9es dans le cade de la convention visent valoriser les initiatives citoyennes au Luxembourg et la Grande R\u00e9gion, et encourager des jeunes entrepreneurs \u00e0 d\u00e9velopper leur propre start-up CivicTech au service du bien commun.<\/p><p>L\u2019Open Governement Partnership (OGP) est une initiative multilat\u00e9rale qui cherche \u00e0 mobiliser les gouvernements du monde entier \u00e0 prendre des engagements mesurables pour promouvoir la transparence, la participation citoyenne, la lutte contre la corruption et la bonne gouvernance, notamment via les nouvelles technologies. L\u2019OGP a \u00e9t\u00e9 lanc\u00e9 en 2011 par huit pays (Afrique du Sud, Br\u00e9sil, Etats-Unis d&rsquo;Am\u00e9rique, Indon\u00e9sie, Mexique, Norv\u00e8ge, Philippines, et Royaume-Uni). Plus de 75 pays et 20 collectivit\u00e9s locales participent au partenariat actuellement.<\/p><p>La collaboration dont fait l\u2019objet la convention \u00e9mane d\u2019<a href=\"https:\/\/eticc.org\" target=\"_blank\" title=\"\" rel=\"noopener\">ETICC<\/a>\u00a0asbl (Europe Technologie &#038; Intelligence Collective Citoyenne). ETICC est un <i>think &#038; action tank<\/i> luxembourgeois cr\u00e9\u00e9 en Juin 2019 par un groupe de citoyens engag\u00e9s, qui a pour mission de promouvoir des mod\u00e8les de citoyennet\u00e9 active, notamment \u00e0 travers la technologie (CivicTech, AI4Citizen) et de d\u00e9velopper des projets g\u00e9n\u00e9rateurs d\u2019une intelligence collective citoyenne europ\u00e9enne et d\u2019impacts positifs \u00e0 grande \u00e9chelle.<\/p><p>L\u2019Universit\u00e9 du Luxembourg collabore \u00e0 ce projet \u00e0 travers la plateforme luxembourgeois de la d\u00e9mocratie participative (PLDP) et son incubateur d\u2019entreprises. La PLDP a \u00e9t\u00e9 cr\u00e9\u00e9e en d\u00e9cembre 2020 et a pour ambition d\u2019\u00e9valuer et renforcer les projets participatifs de la Ville de Dudelange (comme ville-pilote) et, en deuxi\u00e8me lieu, de faire un \u00e9tat des lieux et promouvoir des projets de d\u00e9mocratie participative dans l\u2019ensemble du pays.<\/p><p>Cette convention apporte un premier cadre de travail et pose les bases d\u2019une r\u00e9flexion commune ayant pour ambition de renforcer le lien d\u00e9mocratique et la confiance \u00e0 double sens entre les citoyens et les institutions \u00e0 long terme. L\u2019engagement pr\u00e9voit plusieurs livrables tels que l\u2019organisation d\u2019une campagne de sensibilisation aux CivicTech et d\u2019une conf\u00e9rence de lancement multi-acteurs, l\u2019ouverture d\u2019un incubateur de CivicTech, ainsi que la mise en ligne d\u2019une plateforme phygitale citoyenne nationale d\u00e9di\u00e9e \u00e0 la d\u00e9mocratie participative.<\/p><p>Parmi, les premiers projets, PLDP et ETICC produiront une s\u00e9rie d\u2019interviews avec des acteurs concern\u00e9s par la d\u00e9mocratie participative (des institutions publiques et acad\u00e9miques, des acteurs sociaux\u2026), afin de sensibiliser et promouvoir ce sujet. L\u2019<a href=\"https:\/\/wwwfr.uni.lu\/formations\/incubator_and_entrepreneurship_programme\" target=\"_self\" title=\"\" rel=\"noopener\">Incubateur de l\u2019Universit\u00e9 du Luxembourg<\/a> promouvra les CivicTech aupr\u00e8s des entrepreneurs potentiels au sein de l\u2019Universit\u00e9.<\/p><\/div><\/section>","protected":false},"excerpt":{"rendered":"<p>Dans le cadre du plan d\u2019action national 2019-2021 de l\u2019OGP (Open Government Partnership), \u00e0 travers duquel l\u2019Etat luxembourgeois s\u2019est fix\u00e9 6 plans d\u2019action visant \u00e0 promouvoir la transparence et la participation citoyenne, ETICC et l\u2019Universit\u00e9 du Luxembourg ont sign\u00e9 une convention avec le Minist\u00e8re d\u2019Etat visant \u00e0 promouvoir l\u2019utilisation des technologies participatives (CivicTech) dans les processus d\u00e9mocratiques (plan d\u2019action n\u00b05). Les activit\u00e9s men\u00e9es dans le cade de la convention visent valoriser les initiatives citoyennes au Luxembourg et la Grande R\u00e9gion, et encourager des jeunes entrepreneurs \u00e0 d\u00e9velopper leur propre start-up CivicTech au service du bien commun.<\/p>\n","protected":false},"author":0,"featured_media":0,"template":"","format":"standard","meta":{"featured_image_focal_point":[],"show_featured_caption":false,"ulux_newsletter_groups":"","uluxPostTitle":"","uluxPrePostTitle":"","_trash_the_other_posts":false,"_price":"","_stock":"","_tribe_ticket_header":"","_tribe_default_ticket_provider":"","_tribe_ticket_capacity":"0","_ticket_start_date":"","_ticket_end_date":"","_tribe_ticket_show_description":"","_tribe_ticket_show_not_going":false,"_tribe_ticket_use_global_stock":"","_tribe_ticket_global_stock_level":"","_global_stock_mode":"","_global_stock_cap":"","_tribe_rsvp_for_event":"","_tribe_ticket_going_count":"","_tribe_ticket_not_going_count":"","_tribe_tickets_list":"[]","_tribe_ticket_has_attendee_info_fields":false},"news-category":[3],"news-topic":[],"organisation":[147,226],"authorship":[],"acf":[],"yoast_head":"<!-- This site is optimized with the Yoast SEO Premium plugin v22.3 (Yoast SEO v22.3) - https:\/\/yoast.com\/wordpress\/plugins\/seo\/ -->\n<title>Le Luxembourg se positionne sur les CivicTechs - Universit\u00e9 du Luxembourg<\/title>\n<meta name=\"description\" content=\"Dans le cadre du plan d\u2019action national 2019-2021 de l\u2019OGP (Open Government Partnership), \u00e0 travers duquel l\u2019Etat luxembourgeois s\u2019est fix\u00e9 6 plans d\u2019action visant \u00e0 promouvoir la transparence et la participation citoyenne, ETICC et l\u2019Universit\u00e9 du Luxembourg ont sign\u00e9 une convention avec le Minist\u00e8re d\u2019Etat visant \u00e0 promouvoir l\u2019utilisation des technologies participatives (CivicTech) dans les processus d\u00e9mocratiques (plan d\u2019action n\u00b05). Les activit\u00e9s men\u00e9es dans le cade de la convention visent valoriser les initiatives citoyennes au Luxembourg et la Grande R\u00e9gion, et encourager des jeunes entrepreneurs \u00e0 d\u00e9velopper leur propre start-up CivicTech au service du bien commun.\" \/>\n<meta name=\"robots\" content=\"index, follow, max-snippet:-1, max-image-preview:large, max-video-preview:-1\" \/>\n<link rel=\"canonical\" href=\"https:\/\/www.uni.lu\/fr\/news\/\" \/>\n<meta property=\"og:locale\" content=\"fr_FR\" \/>\n<meta property=\"og:type\" content=\"article\" \/>\n<meta property=\"og:title\" content=\"Le Luxembourg se positionne sur les CivicTechs\" \/>\n<meta property=\"og:description\" content=\"Dans le cadre du plan d\u2019action national 2019-2021 de l\u2019OGP (Open Government Partnership), \u00e0 travers duquel l\u2019Etat luxembourgeois s\u2019est fix\u00e9 6 plans d\u2019action visant \u00e0 promouvoir la transparence et la participation citoyenne, ETICC et l\u2019Universit\u00e9 du Luxembourg ont sign\u00e9 une convention avec le Minist\u00e8re d\u2019Etat visant \u00e0 promouvoir l\u2019utilisation des technologies participatives (CivicTech) dans les processus d\u00e9mocratiques (plan d\u2019action n\u00b05). Les activit\u00e9s men\u00e9es dans le cade de la convention visent valoriser les initiatives citoyennes au Luxembourg et la Grande R\u00e9gion, et encourager des jeunes entrepreneurs \u00e0 d\u00e9velopper leur propre start-up CivicTech au service du bien commun.\" \/>\n<meta property=\"og:url\" content=\"https:\/\/www.uni.lu\/fr\/news\/\" \/>\n<meta property=\"og:site_name\" content=\"UNI FR\" \/>\n<meta property=\"article:publisher\" content=\"https:\/\/www.facebook.com\/uni.lu\" \/>\n<meta property=\"og:image\" content=\"https:\/\/www.uni.lu\/wp-content\/uploads\/sites\/11\/2021\/06\/le_luxembourg_se_positionne_sur_les_civictechs.jpg\" \/>\n\t<meta property=\"og:image:width\" content=\"800\" \/>\n\t<meta property=\"og:image:height\" content=\"600\" \/>\n\t<meta property=\"og:image:type\" content=\"image\/jpeg\" \/>\n<meta name=\"twitter:card\" content=\"summary_large_image\" \/>\n<meta name=\"twitter:label1\" content=\"Dur\u00e9e de lecture estim\u00e9e\" \/>\n\t<meta name=\"twitter:data1\" content=\"2 minutes\" \/>\n<script type=\"application\/ld+json\" class=\"yoast-schema-graph\">{\"@context\":\"https:\/\/schema.org\",\"@graph\":[{\"@type\":\"NewsArticle\",\"@id\":\"https:\/\/www.uni.lu\/fr\/news\/#article\",\"isPartOf\":{\"@id\":\"https:\/\/www.uni.lu\/fr\/news\/\"},\"author\":{\"name\":\"\",\"@id\":\"\"},\"headline\":\"Le Luxembourg se positionne sur les CivicTechs\",\"datePublished\":\"2021-06-21T15:12:44+00:00\",\"dateModified\":\"2021-06-21T15:12:44+00:00\",\"mainEntityOfPage\":{\"@id\":\"https:\/\/www.uni.lu\/fr\/news\/\"},\"wordCount\":490,\"publisher\":{\"@id\":\"https:\/\/www.uni.lu\/fr\/#organization\"},\"inLanguage\":\"fr-FR\"},{\"@type\":\"WebPage\",\"@id\":\"https:\/\/www.uni.lu\/fr\/news\/\",\"url\":\"https:\/\/www.uni.lu\/fr\/news\/\",\"name\":\"Le Luxembourg se positionne sur les CivicTechs - Universit\u00e9 du Luxembourg\",\"isPartOf\":{\"@id\":\"https:\/\/www.uni.lu\/fr\/#website\"},\"datePublished\":\"2021-06-21T15:12:44+00:00\",\"dateModified\":\"2021-06-21T15:12:44+00:00\",\"description\":\"Dans le cadre du plan d\u2019action national 2019-2021 de l\u2019OGP (Open Government Partnership), \u00e0 travers duquel l\u2019Etat luxembourgeois s\u2019est fix\u00e9 6 plans d\u2019action visant \u00e0 promouvoir la transparence et la participation citoyenne, ETICC et l\u2019Universit\u00e9 du Luxembourg ont sign\u00e9 une convention avec le Minist\u00e8re d\u2019Etat visant \u00e0 promouvoir l\u2019utilisation des technologies participatives (CivicTech) dans les processus d\u00e9mocratiques (plan d\u2019action n\u00b05). Les activit\u00e9s men\u00e9es dans le cade de la convention visent valoriser les initiatives citoyennes au Luxembourg et la Grande R\u00e9gion, et encourager des jeunes entrepreneurs \u00e0 d\u00e9velopper leur propre start-up CivicTech au service du bien commun.\",\"breadcrumb\":{\"@id\":\"https:\/\/www.uni.lu\/fr\/news\/#breadcrumb\"},\"inLanguage\":\"fr-FR\",\"potentialAction\":[{\"@type\":\"ReadAction\",\"target\":[\"https:\/\/www.uni.lu\/fr\/news\/\"]}]},{\"@type\":\"BreadcrumbList\",\"@id\":\"https:\/\/www.uni.lu\/fr\/news\/#breadcrumb\",\"itemListElement\":[{\"@type\":\"ListItem\",\"position\":1,\"name\":\"Home\",\"item\":\"https:\/\/www.uni.lu\/fr\/\"},{\"@type\":\"ListItem\",\"position\":2,\"name\":\"News\",\"item\":\"https:\/\/www.uni.lu\/fr\/news\/\"},{\"@type\":\"ListItem\",\"position\":3,\"name\":\"Le Luxembourg se positionne sur les CivicTechs\"}]},{\"@type\":\"WebSite\",\"@id\":\"https:\/\/www.uni.lu\/fr\/#website\",\"url\":\"https:\/\/www.uni.lu\/fr\/\",\"name\":\"Uni.lu\",\"description\":\"Universit\u00e9 du Luxembourg\",\"publisher\":{\"@id\":\"https:\/\/www.uni.lu\/fr\/#organization\"},\"alternateName\":\"Universit\u00e9 du Luxembourg\",\"potentialAction\":[{\"@type\":\"SearchAction\",\"target\":{\"@type\":\"EntryPoint\",\"urlTemplate\":\"https:\/\/www.uni.lu\/fr\/?s={search_term_string}\"},\"query-input\":\"required name=search_term_string\"}],\"inLanguage\":\"fr-FR\"},{\"@type\":\"Organization\",\"@id\":\"https:\/\/www.uni.lu\/fr\/#organization\",\"name\":\"Universit\u00e9 du Luxembourg\",\"alternateName\":\"Uni.lu\",\"url\":\"https:\/\/www.uni.lu\/fr\/\",\"logo\":{\"@type\":\"ImageObject\",\"inLanguage\":\"fr-FR\",\"@id\":\"https:\/\/www.uni.lu\/fr\/#\/schema\/logo\/image\/\",\"url\":\"https:\/\/www.uni.lu\/wp-content\/uploads\/sites\/11\/2026\/03\/03120045\/UNIV_SM-Profile_1600x1600px-scaled.jpg\",\"contentUrl\":\"https:\/\/www.uni.lu\/wp-content\/uploads\/sites\/11\/2026\/03\/03120045\/UNIV_SM-Profile_1600x1600px-scaled.jpg\",\"width\":2560,\"height\":2560,\"caption\":\"Universit\u00e9 du Luxembourg\"},\"image\":\"https:\/\/www.uni.lu\/wp-content\/uploads\/sites\/11\/2026\/04\/24120552\/20200609-Belval-Campus_Henri-Goergen-23.jpg\",\"sameAs\":[\"https:\/\/www.facebook.com\/uni.lu\",\"https:\/\/www.linkedin.com\/school\/university-of-luxembourg\/\",\"https:\/\/www.instagram.com\/uni.lu\",\"https:\/\/www.youtube.com\/@uni_lu\",\"https:\/\/en.wikipedia.org\/wiki\/University_of_Luxembourg\"],\"email\":\"communication@uni.lu\",\"telephone\":\"+352 46 66 44 1\",\"address\":{\"@type\":\"PostalAddress\",\"streetAddress\":\"2, place de l\u2019Universit\u00e9\",\"addressLocality\":\"Esch-sur-Alzette\",\"postalCode\":\"4365\",\"addressCountry\":\"LU\"},\"description\":\"Universit\u00e9 du Luxembourg\"}]}<\/script>\n<!-- \/ Yoast SEO Premium plugin. -->","yoast_head_json":{"title":"Le Luxembourg se positionne sur les CivicTechs - Universit\u00e9 du Luxembourg","description":"Dans le cadre du plan d\u2019action national 2019-2021 de l\u2019OGP (Open Government Partnership), \u00e0 travers duquel l\u2019Etat luxembourgeois s\u2019est fix\u00e9 6 plans d\u2019action visant \u00e0 promouvoir la transparence et la participation citoyenne, ETICC et l\u2019Universit\u00e9 du Luxembourg ont sign\u00e9 une convention avec le Minist\u00e8re d\u2019Etat visant \u00e0 promouvoir l\u2019utilisation des technologies participatives (CivicTech) dans les processus d\u00e9mocratiques (plan d\u2019action n\u00b05). Les activit\u00e9s men\u00e9es dans le cade de la convention visent valoriser les initiatives citoyennes au Luxembourg et la Grande R\u00e9gion, et encourager des jeunes entrepreneurs \u00e0 d\u00e9velopper leur propre start-up CivicTech au service du bien commun.","robots":{"index":"index","follow":"follow","max-snippet":"max-snippet:-1","max-image-preview":"max-image-preview:large","max-video-preview":"max-video-preview:-1"},"canonical":"https:\/\/www.uni.lu\/fr\/news\/","og_locale":"fr_FR","og_type":"article","og_title":"Le Luxembourg se positionne sur les CivicTechs","og_description":"Dans le cadre du plan d\u2019action national 2019-2021 de l\u2019OGP (Open Government Partnership), \u00e0 travers duquel l\u2019Etat luxembourgeois s\u2019est fix\u00e9 6 plans d\u2019action visant \u00e0 promouvoir la transparence et la participation citoyenne, ETICC et l\u2019Universit\u00e9 du Luxembourg ont sign\u00e9 une convention avec le Minist\u00e8re d\u2019Etat visant \u00e0 promouvoir l\u2019utilisation des technologies participatives (CivicTech) dans les processus d\u00e9mocratiques (plan d\u2019action n\u00b05). Les activit\u00e9s men\u00e9es dans le cade de la convention visent valoriser les initiatives citoyennes au Luxembourg et la Grande R\u00e9gion, et encourager des jeunes entrepreneurs \u00e0 d\u00e9velopper leur propre start-up CivicTech au service du bien commun.","og_url":"https:\/\/www.uni.lu\/fr\/news\/","og_site_name":"UNI FR","article_publisher":"https:\/\/www.facebook.com\/uni.lu","og_image":[{"width":800,"height":600,"url":"https:\/\/www.uni.lu\/wp-content\/uploads\/sites\/11\/2021\/06\/le_luxembourg_se_positionne_sur_les_civictechs.jpg","type":"image\/jpeg"}],"twitter_card":"summary_large_image","twitter_misc":{"Dur\u00e9e de lecture estim\u00e9e":"2 minutes"},"schema":{"@context":"https:\/\/schema.org","@graph":[{"@type":"NewsArticle","@id":"https:\/\/www.uni.lu\/fr\/news\/#article","isPartOf":{"@id":"https:\/\/www.uni.lu\/fr\/news\/"},"author":{"name":"","@id":""},"headline":"Le Luxembourg se positionne sur les CivicTechs","datePublished":"2021-06-21T15:12:44+00:00","dateModified":"2021-06-21T15:12:44+00:00","mainEntityOfPage":{"@id":"https:\/\/www.uni.lu\/fr\/news\/"},"wordCount":490,"publisher":{"@id":"https:\/\/www.uni.lu\/fr\/#organization"},"inLanguage":"fr-FR"},{"@type":"WebPage","@id":"https:\/\/www.uni.lu\/fr\/news\/","url":"https:\/\/www.uni.lu\/fr\/news\/","name":"Le Luxembourg se positionne sur les CivicTechs - Universit\u00e9 du Luxembourg","isPartOf":{"@id":"https:\/\/www.uni.lu\/fr\/#website"},"datePublished":"2021-06-21T15:12:44+00:00","dateModified":"2021-06-21T15:12:44+00:00","description":"Dans le cadre du plan d\u2019action national 2019-2021 de l\u2019OGP (Open Government Partnership), \u00e0 travers duquel l\u2019Etat luxembourgeois s\u2019est fix\u00e9 6 plans d\u2019action visant \u00e0 promouvoir la transparence et la participation citoyenne, ETICC et l\u2019Universit\u00e9 du Luxembourg ont sign\u00e9 une convention avec le Minist\u00e8re d\u2019Etat visant \u00e0 promouvoir l\u2019utilisation des technologies participatives (CivicTech) dans les processus d\u00e9mocratiques (plan d\u2019action n\u00b05). Les activit\u00e9s men\u00e9es dans le cade de la convention visent valoriser les initiatives citoyennes au Luxembourg et la Grande R\u00e9gion, et encourager des jeunes entrepreneurs \u00e0 d\u00e9velopper leur propre start-up CivicTech au service du bien commun.","breadcrumb":{"@id":"https:\/\/www.uni.lu\/fr\/news\/#breadcrumb"},"inLanguage":"fr-FR","potentialAction":[{"@type":"ReadAction","target":["https:\/\/www.uni.lu\/fr\/news\/"]}]},{"@type":"BreadcrumbList","@id":"https:\/\/www.uni.lu\/fr\/news\/#breadcrumb","itemListElement":[{"@type":"ListItem","position":1,"name":"Home","item":"https:\/\/www.uni.lu\/fr\/"},{"@type":"ListItem","position":2,"name":"News","item":"https:\/\/www.uni.lu\/fr\/news\/"},{"@type":"ListItem","position":3,"name":"Le Luxembourg se positionne sur les CivicTechs"}]},{"@type":"WebSite","@id":"https:\/\/www.uni.lu\/fr\/#website","url":"https:\/\/www.uni.lu\/fr\/","name":"Uni.lu","description":"Universit\u00e9 du Luxembourg","publisher":{"@id":"https:\/\/www.uni.lu\/fr\/#organization"},"alternateName":"Universit\u00e9 du Luxembourg","potentialAction":[{"@type":"SearchAction","target":{"@type":"EntryPoint","urlTemplate":"https:\/\/www.uni.lu\/fr\/?s={search_term_string}"},"query-input":"required name=search_term_string"}],"inLanguage":"fr-FR"},{"@type":"Organization","@id":"https:\/\/www.uni.lu\/fr\/#organization","name":"Universit\u00e9 du Luxembourg","alternateName":"Uni.lu","url":"https:\/\/www.uni.lu\/fr\/","logo":{"@type":"ImageObject","inLanguage":"fr-FR","@id":"https:\/\/www.uni.lu\/fr\/#\/schema\/logo\/image\/","url":"https:\/\/www.uni.lu\/wp-content\/uploads\/sites\/11\/2026\/03\/03120045\/UNIV_SM-Profile_1600x1600px-scaled.jpg","contentUrl":"https:\/\/www.uni.lu\/wp-content\/uploads\/sites\/11\/2026\/03\/03120045\/UNIV_SM-Profile_1600x1600px-scaled.jpg","width":2560,"height":2560,"caption":"Universit\u00e9 du Luxembourg"},"image":"https:\/\/www.uni.lu\/wp-content\/uploads\/sites\/11\/2026\/04\/24120552\/20200609-Belval-Campus_Henri-Goergen-23.jpg","sameAs":["https:\/\/www.facebook.com\/uni.lu","https:\/\/www.linkedin.com\/school\/university-of-luxembourg\/","https:\/\/www.instagram.com\/uni.lu","https:\/\/www.youtube.com\/@uni_lu","https:\/\/en.wikipedia.org\/wiki\/University_of_Luxembourg"],"email":"communication@uni.lu","telephone":"+352 46 66 44 1","address":{"@type":"PostalAddress","streetAddress":"2, place de l\u2019Universit\u00e9","addressLocality":"Esch-sur-Alzette","postalCode":"4365","addressCountry":"LU"},"description":"Universit\u00e9 du Luxembourg"}]}},"blog_id":11,"_links":{"self":[{"href":"https:\/\/www.uni.lu\/fr\/wp-json\/wp\/v2\/news\/1429"}],"collection":[{"href":"https:\/\/www.uni.lu\/fr\/wp-json\/wp\/v2\/news"}],"about":[{"href":"https:\/\/www.uni.lu\/fr\/wp-json\/wp\/v2\/types\/news"}],"version-history":[{"count":0,"href":"https:\/\/www.uni.lu\/fr\/wp-json\/wp\/v2\/news\/1429\/revisions"}],"wp:attachment":[{"href":"https:\/\/www.uni.lu\/fr\/wp-json\/wp\/v2\/media?parent=1429"}],"wp:term":[{"taxonomy":"news-category","embeddable":true,"href":"https:\/\/www.uni.lu\/fr\/wp-json\/wp\/v2\/news-category?post=1429"},{"taxonomy":"news-topic","embeddable":true,"href":"https:\/\/www.uni.lu\/fr\/wp-json\/wp\/v2\/news-topic?post=1429"},{"taxonomy":"organisation","embeddable":true,"href":"https:\/\/www.uni.lu\/fr\/wp-json\/wp\/v2\/organisation?post=1429"}],"curies":[{"name":"wp","href":"https:\/\/api.w.org\/{rel}","templated":true}]}}