{"id":1424,"date":"2021-06-18T10:34:01","date_gmt":"2021-06-18T10:34:01","guid":{"rendered":"https:\/\/website.prod.unilu.spikeseed.cloud\/fr\/news\/remise-du-prix-paul-belche-a-dominique-santana\/"},"modified":"2021-06-18T10:34:01","modified_gmt":"2021-06-18T10:34:01","slug":"remise-du-prix-paul-belche-a-dominique-santana","status":"publish","type":"news","link":"https:\/\/www.uni.lu\/fr\/news\/remise-du-prix-paul-belche-a-dominique-santana\/","title":{"rendered":"Remise du \u00ab Prix Paul Belche \u00bb \u00e0 Dominique Santana"},"content":{"rendered":"<section class=\"wp-block-unilux-blocks-free-section section\"><div class=\"container xl:max-w-screen-xl\"><p>Le Rotary Club Esch \u2013 Bassin Minier a pr\u00e9sent\u00e9 son \u2018Prix Paul Belche\u2019, un don de 10 000 EUR, au C\u00b2DH pour soutenir le projet de recherche \u00abA Col\u00f5nia Luxemburguesa\u00bb de la jeune historienne et r\u00e9alisatrice.<\/p><p>Il y a cent ans, de nombreux sid\u00e9rurgistes quittent le Bassin Minier pour travailler dans la filiale br\u00e9silienne de l\u2019Arbed. Aujourd\u2019hui, Dominique Santana d\u00e9voile un si\u00e8cle d\u2019histoires crois\u00e9es entre le Bassin Minier et Minas Gerais au Br\u00e9sil avec son projet de recherche et documentaire transm\u00e9dia <a href=\"https:\/\/www.c2dh.uni.lu\/thinkering\/colonia-luxemburguesa-lets-co-create-our-shared-history\" target=\"_blank\" title=\"\" rel=\"noopener\"><strong>A Col\u00f4nia Luxemburguesa<\/strong><\/a> \u2013 une exp\u00e9rience interactive et participative \u00e0 travers diff\u00e9rentes perspectives et plateformes tra\u00e7ant un portrait de cette curieuse colonie forg\u00e9e par l\u2019acier. (<a href=\"www.colonia.lu\" target=\"_blank\" title=\"\" rel=\"noopener\">www.colonia.lu<\/a>)<\/p><p>\u00ab Nous souhaitons faire ce don en m\u00e9moire de notre ami rotarien Paul Belche, qui nous a quitt\u00e9 en 2019. Nous sommes convaincus qu\u2019il aurait \u00e9t\u00e9 tr\u00e8s int\u00e9ress\u00e9 par ce tr\u00e8s beau projet focalisant sur l\u2019aspect international de l\u2019histoire de l\u2019Arbed, qui a d\u2019ailleurs profond\u00e9ment marqu\u00e9 sa vie \u00bb, explique Alain Glod, Pr\u00e9sident du Rotary Esch-Bassin Minier.<\/p><p>Ce projet est une premi\u00e8re collaboration entre le C\u00b2DH (Uni.lu), Samsa Film et le CNA. Il cr\u00e9e de nouvelles synergies entre la recherche scientifique et le monde cin\u00e9matographique et des nouveaux m\u00e9dias.<\/p><\/div><\/section>","protected":false},"excerpt":{"rendered":"<p>Le Rotary Club Esch \u2013 Bassin Minier a pr\u00e9sent\u00e9 son \u2018Prix Paul Belche\u2019, un don de 10 000 EUR, au C\u00b2DH pour soutenir le projet de recherche \u00abA Col\u00f5nia Luxemburguesa\u00bb de la jeune historienne et r\u00e9alisatrice.<\/p>\n","protected":false},"author":0,"featured_media":0,"template":"","format":"standard","meta":{"featured_image_focal_point":[],"show_featured_caption":false,"ulux_newsletter_groups":"","uluxPostTitle":"","uluxPrePostTitle":"","_trash_the_other_posts":false,"_price":"","_stock":"","_tribe_ticket_header":"","_tribe_default_ticket_provider":"","_tribe_ticket_capacity":"0","_ticket_start_date":"","_ticket_end_date":"","_tribe_ticket_show_description":"","_tribe_ticket_show_not_going":false,"_tribe_ticket_use_global_stock":"","_tribe_ticket_global_stock_level":"","_global_stock_mode":"","_global_stock_cap":"","_tribe_rsvp_for_event":"","_tribe_ticket_going_count":"","_tribe_ticket_not_going_count":"","_tribe_tickets_list":"[]","_tribe_ticket_has_attendee_info_fields":false},"news-category":[4,3],"news-topic":[17],"organisation":[221,226],"authorship":[],"acf":[],"yoast_head":"<!-- This site is optimized with the Yoast SEO Premium plugin v22.3 (Yoast SEO v22.3) - https:\/\/yoast.com\/wordpress\/plugins\/seo\/ -->\n<title>Remise du \u00ab Prix Paul Belche \u00bb \u00e0 Dominique Santana - Universit\u00e9 du Luxembourg<\/title>\n<meta name=\"description\" content=\"Le Rotary Club Esch \u2013 Bassin Minier a pr\u00e9sent\u00e9 son \u2018Prix Paul Belche\u2019, un don de 10 000 EUR, au C\u00b2DH pour soutenir le projet de recherche \u00abA Col\u00f5nia Luxemburguesa\u00bb de la jeune historienne et r\u00e9alisatrice.\" \/>\n<meta name=\"robots\" content=\"index, follow, max-snippet:-1, max-image-preview:large, max-video-preview:-1\" \/>\n<link rel=\"canonical\" href=\"https:\/\/www.uni.lu\/fr\/news\/remise-du-prix-paul-belche-a-dominique-santana\/\" \/>\n<meta property=\"og:locale\" content=\"fr_FR\" \/>\n<meta property=\"og:type\" content=\"article\" \/>\n<meta property=\"og:title\" content=\"Remise du \u00ab Prix Paul Belche \u00bb \u00e0 Dominique Santana\" \/>\n<meta property=\"og:description\" content=\"Le Rotary Club Esch \u2013 Bassin Minier a pr\u00e9sent\u00e9 son \u2018Prix Paul Belche\u2019, un don de 10 000 EUR, au C\u00b2DH pour soutenir le projet de recherche \u00abA Col\u00f5nia Luxemburguesa\u00bb de la jeune historienne et r\u00e9alisatrice.\" \/>\n<meta property=\"og:url\" content=\"https:\/\/www.uni.lu\/fr\/news\/remise-du-prix-paul-belche-a-dominique-santana\/\" \/>\n<meta property=\"og:site_name\" content=\"UNI FR\" \/>\n<meta property=\"article:publisher\" content=\"https:\/\/www.facebook.com\/uni.lu\" \/>\n<meta property=\"og:image\" content=\"https:\/\/www.uni.lu\/wp-content\/uploads\/sites\/11\/2021\/06\/remise_du_prix_paul_belche_a_dominique_santana.jpg\" \/>\n\t<meta property=\"og:image:width\" content=\"800\" \/>\n\t<meta property=\"og:image:height\" content=\"600\" \/>\n\t<meta property=\"og:image:type\" content=\"image\/jpeg\" \/>\n<meta name=\"twitter:card\" content=\"summary_large_image\" \/>\n<meta name=\"twitter:label1\" content=\"Dur\u00e9e de lecture estim\u00e9e\" \/>\n\t<meta name=\"twitter:data1\" content=\"1 minute\" \/>\n<script type=\"application\/ld+json\" class=\"yoast-schema-graph\">{\"@context\":\"https:\/\/schema.org\",\"@graph\":[{\"@type\":\"NewsArticle\",\"@id\":\"https:\/\/www.uni.lu\/fr\/news\/remise-du-prix-paul-belche-a-dominique-santana\/#article\",\"isPartOf\":{\"@id\":\"https:\/\/www.uni.lu\/fr\/news\/remise-du-prix-paul-belche-a-dominique-santana\/\"},\"author\":{\"name\":\"\",\"@id\":\"\"},\"headline\":\"Remise du \u00ab Prix Paul Belche \u00bb \u00e0 Dominique Santana\",\"datePublished\":\"2021-06-18T10:34:01+00:00\",\"dateModified\":\"2021-06-18T10:34:01+00:00\",\"mainEntityOfPage\":{\"@id\":\"https:\/\/www.uni.lu\/fr\/news\/remise-du-prix-paul-belche-a-dominique-santana\/\"},\"wordCount\":234,\"publisher\":{\"@id\":\"https:\/\/www.uni.lu\/fr\/#organization\"},\"inLanguage\":\"fr-FR\"},{\"@type\":\"WebPage\",\"@id\":\"https:\/\/www.uni.lu\/fr\/news\/remise-du-prix-paul-belche-a-dominique-santana\/\",\"url\":\"https:\/\/www.uni.lu\/fr\/news\/remise-du-prix-paul-belche-a-dominique-santana\/\",\"name\":\"Remise du \u00ab Prix Paul Belche \u00bb \u00e0 Dominique Santana - Universit\u00e9 du Luxembourg\",\"isPartOf\":{\"@id\":\"https:\/\/www.uni.lu\/fr\/#website\"},\"datePublished\":\"2021-06-18T10:34:01+00:00\",\"dateModified\":\"2021-06-18T10:34:01+00:00\",\"description\":\"Le Rotary Club Esch \u2013 Bassin Minier a pr\u00e9sent\u00e9 son \u2018Prix Paul Belche\u2019, un don de 10 000 EUR, au C\u00b2DH pour soutenir le projet de recherche \u00abA Col\u00f5nia Luxemburguesa\u00bb de la jeune historienne et r\u00e9alisatrice.\",\"breadcrumb\":{\"@id\":\"https:\/\/www.uni.lu\/fr\/news\/remise-du-prix-paul-belche-a-dominique-santana\/#breadcrumb\"},\"inLanguage\":\"fr-FR\",\"potentialAction\":[{\"@type\":\"ReadAction\",\"target\":[\"https:\/\/www.uni.lu\/fr\/news\/remise-du-prix-paul-belche-a-dominique-santana\/\"]}]},{\"@type\":\"BreadcrumbList\",\"@id\":\"https:\/\/www.uni.lu\/fr\/news\/remise-du-prix-paul-belche-a-dominique-santana\/#breadcrumb\",\"itemListElement\":[{\"@type\":\"ListItem\",\"position\":1,\"name\":\"Home\",\"item\":\"https:\/\/www.uni.lu\/fr\/\"},{\"@type\":\"ListItem\",\"position\":2,\"name\":\"News\",\"item\":\"https:\/\/www.uni.lu\/fr\/news\/\"},{\"@type\":\"ListItem\",\"position\":3,\"name\":\"Remise du \u00ab Prix Paul Belche \u00bb \u00e0 Dominique Santana\"}]},{\"@type\":\"WebSite\",\"@id\":\"https:\/\/www.uni.lu\/fr\/#website\",\"url\":\"https:\/\/www.uni.lu\/fr\/\",\"name\":\"Uni.lu\",\"description\":\"Universit\u00e9 du Luxembourg\",\"publisher\":{\"@id\":\"https:\/\/www.uni.lu\/fr\/#organization\"},\"alternateName\":\"Universit\u00e9 du Luxembourg\",\"potentialAction\":[{\"@type\":\"SearchAction\",\"target\":{\"@type\":\"EntryPoint\",\"urlTemplate\":\"https:\/\/www.uni.lu\/fr\/?s={search_term_string}\"},\"query-input\":\"required name=search_term_string\"}],\"inLanguage\":\"fr-FR\"},{\"@type\":\"Organization\",\"@id\":\"https:\/\/www.uni.lu\/fr\/#organization\",\"name\":\"Universit\u00e9 du Luxembourg\",\"alternateName\":\"Uni.lu\",\"url\":\"https:\/\/www.uni.lu\/fr\/\",\"logo\":{\"@type\":\"ImageObject\",\"inLanguage\":\"fr-FR\",\"@id\":\"https:\/\/www.uni.lu\/fr\/#\/schema\/logo\/image\/\",\"url\":\"https:\/\/www.uni.lu\/wp-content\/uploads\/sites\/11\/2026\/03\/03120045\/UNIV_SM-Profile_1600x1600px-scaled.jpg\",\"contentUrl\":\"https:\/\/www.uni.lu\/wp-content\/uploads\/sites\/11\/2026\/03\/03120045\/UNIV_SM-Profile_1600x1600px-scaled.jpg\",\"width\":2560,\"height\":2560,\"caption\":\"Universit\u00e9 du Luxembourg\"},\"image\":\"https:\/\/www.uni.lu\/wp-content\/uploads\/sites\/11\/2026\/04\/24120552\/20200609-Belval-Campus_Henri-Goergen-23.jpg\",\"sameAs\":[\"https:\/\/www.facebook.com\/uni.lu\",\"https:\/\/www.linkedin.com\/school\/university-of-luxembourg\/\",\"https:\/\/www.instagram.com\/uni.lu\",\"https:\/\/www.youtube.com\/@uni_lu\",\"https:\/\/en.wikipedia.org\/wiki\/University_of_Luxembourg\"],\"email\":\"communication@uni.lu\",\"telephone\":\"+352 46 66 44 1\",\"address\":{\"@type\":\"PostalAddress\",\"streetAddress\":\"2, place de l\u2019Universit\u00e9\",\"addressLocality\":\"Esch-sur-Alzette\",\"postalCode\":\"4365\",\"addressCountry\":\"LU\"},\"description\":\"Universit\u00e9 du Luxembourg\"}]}<\/script>\n<!-- \/ Yoast SEO Premium plugin. -->","yoast_head_json":{"title":"Remise du \u00ab Prix Paul Belche \u00bb \u00e0 Dominique Santana - Universit\u00e9 du Luxembourg","description":"Le Rotary Club Esch \u2013 Bassin Minier a pr\u00e9sent\u00e9 son \u2018Prix Paul Belche\u2019, un don de 10 000 EUR, au C\u00b2DH pour soutenir le projet de recherche \u00abA Col\u00f5nia Luxemburguesa\u00bb de la jeune historienne et r\u00e9alisatrice.","robots":{"index":"index","follow":"follow","max-snippet":"max-snippet:-1","max-image-preview":"max-image-preview:large","max-video-preview":"max-video-preview:-1"},"canonical":"https:\/\/www.uni.lu\/fr\/news\/remise-du-prix-paul-belche-a-dominique-santana\/","og_locale":"fr_FR","og_type":"article","og_title":"Remise du \u00ab Prix Paul Belche \u00bb \u00e0 Dominique Santana","og_description":"Le Rotary Club Esch \u2013 Bassin Minier a pr\u00e9sent\u00e9 son \u2018Prix Paul Belche\u2019, un don de 10 000 EUR, au C\u00b2DH pour soutenir le projet de recherche \u00abA Col\u00f5nia Luxemburguesa\u00bb de la jeune historienne et r\u00e9alisatrice.","og_url":"https:\/\/www.uni.lu\/fr\/news\/remise-du-prix-paul-belche-a-dominique-santana\/","og_site_name":"UNI FR","article_publisher":"https:\/\/www.facebook.com\/uni.lu","og_image":[{"width":800,"height":600,"url":"https:\/\/www.uni.lu\/wp-content\/uploads\/sites\/11\/2021\/06\/remise_du_prix_paul_belche_a_dominique_santana.jpg","type":"image\/jpeg"}],"twitter_card":"summary_large_image","twitter_misc":{"Dur\u00e9e de lecture estim\u00e9e":"1 minute"},"schema":{"@context":"https:\/\/schema.org","@graph":[{"@type":"NewsArticle","@id":"https:\/\/www.uni.lu\/fr\/news\/remise-du-prix-paul-belche-a-dominique-santana\/#article","isPartOf":{"@id":"https:\/\/www.uni.lu\/fr\/news\/remise-du-prix-paul-belche-a-dominique-santana\/"},"author":{"name":"","@id":""},"headline":"Remise du \u00ab Prix Paul Belche \u00bb \u00e0 Dominique Santana","datePublished":"2021-06-18T10:34:01+00:00","dateModified":"2021-06-18T10:34:01+00:00","mainEntityOfPage":{"@id":"https:\/\/www.uni.lu\/fr\/news\/remise-du-prix-paul-belche-a-dominique-santana\/"},"wordCount":234,"publisher":{"@id":"https:\/\/www.uni.lu\/fr\/#organization"},"inLanguage":"fr-FR"},{"@type":"WebPage","@id":"https:\/\/www.uni.lu\/fr\/news\/remise-du-prix-paul-belche-a-dominique-santana\/","url":"https:\/\/www.uni.lu\/fr\/news\/remise-du-prix-paul-belche-a-dominique-santana\/","name":"Remise du \u00ab Prix Paul Belche \u00bb \u00e0 Dominique Santana - Universit\u00e9 du Luxembourg","isPartOf":{"@id":"https:\/\/www.uni.lu\/fr\/#website"},"datePublished":"2021-06-18T10:34:01+00:00","dateModified":"2021-06-18T10:34:01+00:00","description":"Le Rotary Club Esch \u2013 Bassin Minier a pr\u00e9sent\u00e9 son \u2018Prix Paul Belche\u2019, un don de 10 000 EUR, au C\u00b2DH pour soutenir le projet de recherche \u00abA Col\u00f5nia Luxemburguesa\u00bb de la jeune historienne et r\u00e9alisatrice.","breadcrumb":{"@id":"https:\/\/www.uni.lu\/fr\/news\/remise-du-prix-paul-belche-a-dominique-santana\/#breadcrumb"},"inLanguage":"fr-FR","potentialAction":[{"@type":"ReadAction","target":["https:\/\/www.uni.lu\/fr\/news\/remise-du-prix-paul-belche-a-dominique-santana\/"]}]},{"@type":"BreadcrumbList","@id":"https:\/\/www.uni.lu\/fr\/news\/remise-du-prix-paul-belche-a-dominique-santana\/#breadcrumb","itemListElement":[{"@type":"ListItem","position":1,"name":"Home","item":"https:\/\/www.uni.lu\/fr\/"},{"@type":"ListItem","position":2,"name":"News","item":"https:\/\/www.uni.lu\/fr\/news\/"},{"@type":"ListItem","position":3,"name":"Remise du \u00ab Prix Paul Belche \u00bb \u00e0 Dominique Santana"}]},{"@type":"WebSite","@id":"https:\/\/www.uni.lu\/fr\/#website","url":"https:\/\/www.uni.lu\/fr\/","name":"Uni.lu","description":"Universit\u00e9 du Luxembourg","publisher":{"@id":"https:\/\/www.uni.lu\/fr\/#organization"},"alternateName":"Universit\u00e9 du Luxembourg","potentialAction":[{"@type":"SearchAction","target":{"@type":"EntryPoint","urlTemplate":"https:\/\/www.uni.lu\/fr\/?s={search_term_string}"},"query-input":"required name=search_term_string"}],"inLanguage":"fr-FR"},{"@type":"Organization","@id":"https:\/\/www.uni.lu\/fr\/#organization","name":"Universit\u00e9 du Luxembourg","alternateName":"Uni.lu","url":"https:\/\/www.uni.lu\/fr\/","logo":{"@type":"ImageObject","inLanguage":"fr-FR","@id":"https:\/\/www.uni.lu\/fr\/#\/schema\/logo\/image\/","url":"https:\/\/www.uni.lu\/wp-content\/uploads\/sites\/11\/2026\/03\/03120045\/UNIV_SM-Profile_1600x1600px-scaled.jpg","contentUrl":"https:\/\/www.uni.lu\/wp-content\/uploads\/sites\/11\/2026\/03\/03120045\/UNIV_SM-Profile_1600x1600px-scaled.jpg","width":2560,"height":2560,"caption":"Universit\u00e9 du Luxembourg"},"image":"https:\/\/www.uni.lu\/wp-content\/uploads\/sites\/11\/2026\/04\/24120552\/20200609-Belval-Campus_Henri-Goergen-23.jpg","sameAs":["https:\/\/www.facebook.com\/uni.lu","https:\/\/www.linkedin.com\/school\/university-of-luxembourg\/","https:\/\/www.instagram.com\/uni.lu","https:\/\/www.youtube.com\/@uni_lu","https:\/\/en.wikipedia.org\/wiki\/University_of_Luxembourg"],"email":"communication@uni.lu","telephone":"+352 46 66 44 1","address":{"@type":"PostalAddress","streetAddress":"2, place de l\u2019Universit\u00e9","addressLocality":"Esch-sur-Alzette","postalCode":"4365","addressCountry":"LU"},"description":"Universit\u00e9 du Luxembourg"}]}},"blog_id":11,"_links":{"self":[{"href":"https:\/\/www.uni.lu\/fr\/wp-json\/wp\/v2\/news\/1424"}],"collection":[{"href":"https:\/\/www.uni.lu\/fr\/wp-json\/wp\/v2\/news"}],"about":[{"href":"https:\/\/www.uni.lu\/fr\/wp-json\/wp\/v2\/types\/news"}],"version-history":[{"count":0,"href":"https:\/\/www.uni.lu\/fr\/wp-json\/wp\/v2\/news\/1424\/revisions"}],"wp:attachment":[{"href":"https:\/\/www.uni.lu\/fr\/wp-json\/wp\/v2\/media?parent=1424"}],"wp:term":[{"taxonomy":"news-category","embeddable":true,"href":"https:\/\/www.uni.lu\/fr\/wp-json\/wp\/v2\/news-category?post=1424"},{"taxonomy":"news-topic","embeddable":true,"href":"https:\/\/www.uni.lu\/fr\/wp-json\/wp\/v2\/news-topic?post=1424"},{"taxonomy":"organisation","embeddable":true,"href":"https:\/\/www.uni.lu\/fr\/wp-json\/wp\/v2\/organisation?post=1424"}],"curies":[{"name":"wp","href":"https:\/\/api.w.org\/{rel}","templated":true}]}}