{"id":13282,"date":"2024-11-26T10:28:10","date_gmt":"2024-11-26T09:28:10","guid":{"rendered":"https:\/\/www.uni.lu\/fr\/?post_type=news&#038;p=13282"},"modified":"2024-12-03T11:36:44","modified_gmt":"2024-12-03T10:36:44","slug":"europe-direct-universite-du-luxembourg-ed-unilu-participe-a-la-reunion-eu-network","status":"publish","type":"news","link":"https:\/\/www.uni.lu\/fr\/news\/europe-direct-universite-du-luxembourg-ed-unilu-participe-a-la-reunion-eu-network\/","title":{"rendered":"Europe Direct Universit\u00e9 du Luxembourg (ED-UNILU) participe \u00e0 la r\u00e9union EU-Network"},"content":{"rendered":"\n<section class=\"wp-block-unilux-blocks-free-section section\"><div class=\"container xl:max-w-screen-xl\">\n<p><\/p>\n\n\n\n<p>Des membres du r\u00e9seau EU-Network se sont r\u00e9unis le vendredi 22 novembre 2024 \u00e0 l\u2019initiative de la <a href=\"https:\/\/luxembourg.representation.ec.europa.eu\/index_fr\">Repr\u00e9sentation de la Commission europ\u00e9enne<\/a> et du <a href=\"https:\/\/luxembourg.europarl.europa.eu\/fr#about-us\">Bureau de liaison du Parlement europ\u00e9en au Luxembourg<\/a>. L\u2019<strong><a href=\"https:\/\/www.uni.lu\/en\/about\/partners-international-networks\/international-networks\/europe-direct-university-of-luxembourg\/\">Europe Direct Universit\u00e9 du Luxembourg<\/a> (ED-UNILU)<\/strong>, repr\u00e9sent\u00e9 par <strong>Maria Eleni Nikoloudia<\/strong>, a eu le plaisir de prendre part \u00e0 cette r\u00e9union et de pr\u00e9senter les activit\u00e9s publiques que l\u2019ED-UNILU a d\u00e9velopp\u00e9es tout au long de l\u2019ann\u00e9e 2024.<\/p>\n\n\n\n<p>Cette rencontre a port\u00e9 essentiellement sur les priorit\u00e9s du programme de travail de la nouvelle <a href=\"https:\/\/commission.europa.eu\/index_fr\">Commission europ\u00e9enne<\/a>, les r\u00e9cents d\u00e9veloppements au sein de l\u2019UE apr\u00e8s les \u00e9lections de juin 2024, ainsi que sur des actions phares des fonds europ\u00e9ens, comme les programmes FEDER et Interreg. Des interventions par l\u2019<a href=\"https:\/\/www.een.lu\/\">Enterprise Europe Network<\/a>, un consortium national qui accompagne les PME luxembourgeois \u00e0 fonctionner au sol du march\u00e9 int\u00e9rieur, ainsi que par le <a href=\"https:\/\/www.cecluxembourg.lu\/\">Centre Europ\u00e9en des Consommateurs<\/a> (CEC) ont d\u00e9montr\u00e9 comment les initiatives de l&rsquo;UE simplifient la vie quotidienne des citoyens et soutiennent les entreprises.<\/p>\n\n\n\n<p>Les participants \u00e0 la r\u00e9union du EU Network ont convenu de poursuivre leur collaboration sur des activit\u00e9s et des projets communs ax\u00e9s sur l&rsquo;Europe, ainsi que leurs \u00e9changes sur les meilleures pratiques.<\/p>\n\n\n\n<p>Apr\u00e8s la r\u00e9union, les participants ont visit\u00e9 le nouveau centre des visiteurs du Parlement europ\u00e9en Europa Experience.<\/p>\n\n\n\n<p><\/p>\n\n\n<div class=\"wp-block-unilux-blocks-spacer is-spacer-size-sm\"><\/div>\n\n\n<p><strong>Programme<\/strong><\/p>\n\n\n\n<ul class=\"ulux-list\">\n<li class=\"ulux-list-item\"><strong>De 9h30 \u00e0 10h00<\/strong>&nbsp;\u2013 Accueil des participants<\/li>\n\n\n\n<li class=\"ulux-list-item\"><strong>De 10h00 \u00e0 10h15<\/strong>&nbsp;\u2013 Mot de bienvenue \u2013 <strong>M Christoph Schroeder<\/strong>, Chef d\u2019unit\u00e9, Parlement europ\u00e9en<\/li>\n\n\n\n<li class=\"ulux-list-item\"><strong>De 10h15 \u00e0 10h30<\/strong>&nbsp;\u2013 Mot sur la nouvelle Commission &#8211; <strong>Mme Anne Calteux<\/strong>, Cheffe de la Repr\u00e9sentation de la Commission europ\u00e9enne au Luxembourg<\/li>\n\n\n\n<li class=\"ulux-list-item\"><strong>De 10h30 \u00e0 10h45<\/strong>&nbsp;\u2013 Pr\u00e9sentation des priorit\u00e9s du prochain appel d\u2019offre de l\u2019Enterprise Europe Network &#8211; <strong>Mme Sabrina Sagramola<\/strong>, Coordinateur National du Consortium de l\u2019Enterprise Europe Network \u2013 Luxembourg<\/li>\n\n\n\n<li class=\"ulux-list-item\"><strong>De 10h45 \u00e0 11h45<\/strong>&nbsp;\u2013 Pr\u00e9sentations des membres de l\u2019EU Network\n<ul class=\"ulux-list\">\n<li class=\"ulux-list-item\">Fonds europ\u00e9ens \u2013 actions phares (programmes FEDER, Interreg, AMIF, FSE+, ISF, BMVI) &#8211; <strong>Mme Carole Boulmont<\/strong>, Point de Contact Luxembourg, Interreg Grande R\u00e9gion, Minist\u00e8re du Logement et de l\u2019Am\u00e9nagement du territoire &#8211; <strong>Mme Emilie Etienne<\/strong>, Point de Contact National pour le programme ESPON<\/li>\n\n\n\n<li class=\"ulux-list-item\">Centre Europ\u00e9en des Consommateurs (CEC) &#8211; <strong>M. Thomas Segretain<\/strong>, Directeur, Centre europ\u00e9en des Consommateurs<\/li>\n\n\n\n<li class=\"ulux-list-item\">EUROPE DIRECT University of Luxembourg &#8211; <strong>Mme Maria Eleni Nikoloudia<\/strong>, Europe Direct Desk Coordinator, Europe Direct University of Luxembourg<\/li>\n<\/ul>\n<\/li>\n\n\n\n<li class=\"ulux-list-item\"><strong>De 11h45 \u00e0 12h30<\/strong>&nbsp;\u2013 Visite Europa Exp\u00e9rience&nbsp;: centre de visiteurs du Parlement Europ\u00e9en<\/li>\n\n\n\n<li class=\"ulux-list-item\"><strong>De 12h30 \u00e0 14h00<\/strong>&nbsp;\u2013 Networking lunch \u2013 Buffet<\/li>\n\n\n\n<li class=\"ulux-list-item\"><strong>14h00<\/strong>&nbsp;\u2013 Fin de la rencontre<\/li>\n<\/ul>\n\n\n\n<ul class=\"wp-block-unilux-blocks-button-list-v2\">\n<li class=\"wp-block-unilux-blocks-button-list-item-v2\"><a class=\"quick-link\" href=\"https:\/\/www.uni.lu\/wp-content\/uploads\/sites\/11\/2024\/11\/2024.11.22_EU-Network-meeting-PP-raccourci.pdf\" target=\"\" role=\"link\" rel=\"noopener\" tabindex=\"0\"><span class=\"quick-link__container\">\n<div class=\"wp-block-unilux-blocks-block-inserter quick-link__img\">\n<div class=\"icon--primary icon--secondary-2 icon--xl wp-block-unilux-blocks-icon-picker\">\n    <\/div><\/div>\n\n\n\n<span class=\"quick-link__name wp-block-unilux-blocks-plain-text\">Pr\u00e9sentation par Europe Direct<\/span>\n\n<svg aria-hidden=\"true\" focusable=\"false\" class=\"icon icon-outline icon--download \"><use xlink:href=\"https:\/\/www.uni.lu\/wp-content\/themes\/unilux-theme\/assets\/images\/icons\/icons-outline.svg#icon--download\"><\/use><\/svg><\/span><\/a><\/li>\n<\/ul>\n\n\n<div class=\"wp-block-unilux-blocks-spacer is-spacer-size-sm\"><\/div>\n\n<div class=\"wp-block-unilux-blocks-spacer is-spacer-size-sm\"><\/div>\n\n<div class=\"wp-block-unilux-blocks-spacer is-spacer-size-sm\"><\/div>\n\n<div class=\"wp-block-unilux-blocks-spacer is-spacer-size-sm\"><\/div>\n\n\n<section class=\"alignfull wp-block-unilux-blocks-gallery-carousel\">\n    <div class=\"swiper swiper-gallery\" aria-roledescription=\"carousel\" aria-label=\"A gallery of images\">\n        <!-- Swiper button Next & Prev -->\n        <div class=\"swiper-nav\">\n            <div class=\"swiper-nav__container\">\n                <div class=\"swiper-nav__grid\">\n                    <button type=\"button\" class=\"swiper-button-next\">\n                        <svg aria-hidden=\"true\" focusable=\"false\" class=\"icon icon-outline icon--arrow-right \"><use xlink:href=\"https:\/\/www.uni.lu\/wp-content\/themes\/unilux-theme\/assets\/images\/icons\/icons-outline.svg#icon--arrow-right\"><\/use><\/svg>                    <\/button>\n                    <button type=\"button\" class=\"swiper-button-prev\">\n                        <svg aria-hidden=\"true\" focusable=\"false\" class=\"icon icon-outline icon--arrow-left \"><use xlink:href=\"https:\/\/www.uni.lu\/wp-content\/themes\/unilux-theme\/assets\/images\/icons\/icons-outline.svg#icon--arrow-left\"><\/use><\/svg>                    <\/button>\n                <\/div>\n            <\/div>\n        <\/div>\n\n        <!-- swiper slides -->\n        <ul class=\"swiper-wrapper\">\n            \n<li class=\"swiper-slide\" aria-roledescription=\"slide\">\n    <figure class=\"wp-block-dev4-reusable-blocks-image swiper-slide__bg object-fit--cover\">\n    \n<img decoding=\"async\" class=\"wp-block-image unilux-custom-image-block\"\n                alt=\"EU Network meeting November 22\"\n            src=\"https:\/\/www.uni.lu\/wp-content\/uploads\/sites\/11\/2024\/11\/1-scaled.jpg\"\n                srcset=\"https:\/\/www.uni.lu\/wp-content\/uploads\/sites\/11\/2024\/11\/1-300x168.jpg 300w, https:\/\/www.uni.lu\/wp-content\/uploads\/sites\/11\/2024\/11\/1-1024x575.jpg 1024w, https:\/\/www.uni.lu\/wp-content\/uploads\/sites\/11\/2024\/11\/1-768x431.jpg 768w, https:\/\/www.uni.lu\/wp-content\/uploads\/sites\/11\/2024\/11\/1-1536x863.jpg 1536w, https:\/\/www.uni.lu\/wp-content\/uploads\/sites\/11\/2024\/11\/1-2048x1150.jpg 2048w\"\n                style=\"object-position: 50.00% 50.00%; font-family: &quot;object-fit: cover; object-position: 50.00% 50.00%;&quot;; aspect-ratio: 16\/9; object-fit: cover; width: 100%;\"\n        loading=\"lazy\"\n\/>    <\/figure><\/li>\n<li class=\"swiper-slide\" aria-roledescription=\"slide\">\n    <figure class=\"wp-block-dev4-reusable-blocks-image swiper-slide__bg object-fit--cover\">\n    \n<img decoding=\"async\" class=\"wp-block-image unilux-custom-image-block\"\n                alt=\"EU Network meeting November 22\"\n            src=\"https:\/\/www.uni.lu\/wp-content\/uploads\/sites\/11\/2024\/11\/2-scaled.jpg\"\n                srcset=\"https:\/\/www.uni.lu\/wp-content\/uploads\/sites\/11\/2024\/11\/2-168x300.jpg 168w, https:\/\/www.uni.lu\/wp-content\/uploads\/sites\/11\/2024\/11\/2-575x1024.jpg 575w, https:\/\/www.uni.lu\/wp-content\/uploads\/sites\/11\/2024\/11\/2-768x1368.jpg 768w, https:\/\/www.uni.lu\/wp-content\/uploads\/sites\/11\/2024\/11\/2-863x1536.jpg 863w, https:\/\/www.uni.lu\/wp-content\/uploads\/sites\/11\/2024\/11\/2-1150x2048.jpg 1150w, https:\/\/www.uni.lu\/wp-content\/uploads\/sites\/11\/2024\/11\/2-scaled.jpg 1438w\"\n                style=\"object-position: 50.00% 50.00%; font-family: &quot;object-fit: cover; object-position: 50.00% 50.00%;&quot;; aspect-ratio: 16\/9; object-fit: cover; width: 100%;\"\n        loading=\"lazy\"\n\/>    <\/figure><\/li>\n<li class=\"swiper-slide\" aria-roledescription=\"slide\">\n    <figure class=\"wp-block-dev4-reusable-blocks-image swiper-slide__bg object-fit--cover\">\n    \n<img decoding=\"async\" class=\"wp-block-image unilux-custom-image-block\"\n                alt=\"EU Network meeting November 22\"\n            src=\"https:\/\/www.uni.lu\/wp-content\/uploads\/sites\/11\/2024\/11\/3-scaled.jpg\"\n                srcset=\"https:\/\/www.uni.lu\/wp-content\/uploads\/sites\/11\/2024\/11\/3-300x168.jpg 300w, https:\/\/www.uni.lu\/wp-content\/uploads\/sites\/11\/2024\/11\/3-1024x575.jpg 1024w, https:\/\/www.uni.lu\/wp-content\/uploads\/sites\/11\/2024\/11\/3-768x431.jpg 768w, https:\/\/www.uni.lu\/wp-content\/uploads\/sites\/11\/2024\/11\/3-1536x863.jpg 1536w, https:\/\/www.uni.lu\/wp-content\/uploads\/sites\/11\/2024\/11\/3-2048x1150.jpg 2048w\"\n                style=\"object-position: 50.00% 50.00%; font-family: &quot;object-fit: cover; object-position: 50.00% 50.00%;&quot;; aspect-ratio: 16\/9; object-fit: cover; width: 100%;\"\n        loading=\"lazy\"\n\/>    <\/figure><\/li>\n<li class=\"swiper-slide\" aria-roledescription=\"slide\">\n    <figure class=\"wp-block-dev4-reusable-blocks-image swiper-slide__bg object-fit--cover\">\n    \n<img decoding=\"async\" class=\"wp-block-image unilux-custom-image-block\"\n                alt=\"EU Network meeting November 22\"\n            src=\"https:\/\/www.uni.lu\/wp-content\/uploads\/sites\/11\/2024\/11\/4-scaled.jpg\"\n                srcset=\"https:\/\/www.uni.lu\/wp-content\/uploads\/sites\/11\/2024\/11\/4-300x168.jpg 300w, https:\/\/www.uni.lu\/wp-content\/uploads\/sites\/11\/2024\/11\/4-1024x575.jpg 1024w, https:\/\/www.uni.lu\/wp-content\/uploads\/sites\/11\/2024\/11\/4-768x431.jpg 768w, https:\/\/www.uni.lu\/wp-content\/uploads\/sites\/11\/2024\/11\/4-1536x863.jpg 1536w, https:\/\/www.uni.lu\/wp-content\/uploads\/sites\/11\/2024\/11\/4-2048x1150.jpg 2048w\"\n                style=\"object-position: 50.00% 50.00%; font-family: &quot;object-fit: cover; object-position: 50.00% 50.00%;&quot;; aspect-ratio: 16\/9; object-fit: cover; width: 100%;\"\n        loading=\"lazy\"\n\/>    <\/figure><\/li>\n<li class=\"swiper-slide\" aria-roledescription=\"slide\">\n    <figure class=\"wp-block-dev4-reusable-blocks-image swiper-slide__bg object-fit--cover\">\n    \n<img decoding=\"async\" class=\"wp-block-image unilux-custom-image-block\"\n                alt=\"EU Network meeting November 22\"\n            src=\"https:\/\/www.uni.lu\/wp-content\/uploads\/sites\/11\/2024\/11\/5-scaled.jpg\"\n                srcset=\"https:\/\/www.uni.lu\/wp-content\/uploads\/sites\/11\/2024\/11\/5-300x168.jpg 300w, https:\/\/www.uni.lu\/wp-content\/uploads\/sites\/11\/2024\/11\/5-1024x575.jpg 1024w, https:\/\/www.uni.lu\/wp-content\/uploads\/sites\/11\/2024\/11\/5-768x431.jpg 768w, https:\/\/www.uni.lu\/wp-content\/uploads\/sites\/11\/2024\/11\/5-1536x863.jpg 1536w, https:\/\/www.uni.lu\/wp-content\/uploads\/sites\/11\/2024\/11\/5-2048x1150.jpg 2048w\"\n                style=\"object-position: 50.00% 50.00%; font-family: &quot;object-fit: cover; object-position: 50.00% 50.00%;&quot;; aspect-ratio: 16\/9; object-fit: cover; width: 100%;\"\n        loading=\"lazy\"\n\/>    <\/figure><\/li>        <\/ul>\n\n        <!-- Swiper pagination -->\n        <div class=\"swiper-pagination\">\n            <div class=\"swiper-pagination__bullets\"><\/div>\n        <\/div>\n    <\/div>\n<\/section>\n\n\n<p><sub>\u00a9Europe Direct University of Luxembourg<\/sub><\/p>\n\n\n<div class=\"wp-block-unilux-blocks-spacer is-spacer-size-sm\"><\/div>\n\n\n<ul class=\"wp-block-unilux-blocks-button-list-v2\">\n<li class=\"wp-block-unilux-blocks-button-list-item-v2\"><a class=\"quick-link\" href=\"https:\/\/www.instagram.com\/edic_uni_lu\/p\/DCytnp8Mo8H\/?img_index=1\" target=\"\" role=\"link\" rel=\"noopener\" tabindex=\"0\"><span class=\"quick-link__container\">\n<div class=\"wp-block-unilux-blocks-block-inserter quick-link__img\"><\/div>\n\n\n\n<span class=\"quick-link__name wp-block-unilux-blocks-plain-text\">L&rsquo;\u00e9v\u00e9nement reflet\u00e9 sur nos r\u00e9seaux sociaux<\/span>\n\n<svg aria-hidden=\"true\" focusable=\"false\" class=\"icon icon-outline icon--external-link \"><use xlink:href=\"https:\/\/www.uni.lu\/wp-content\/themes\/unilux-theme\/assets\/images\/icons\/icons-outline.svg#icon--external-link\"><\/use><\/svg><\/span><\/a><\/li>\n<\/ul>\n<\/div><\/section>\n","protected":false},"excerpt":{"rendered":"","protected":false},"author":327,"featured_media":13375,"template":"","format":"standard","meta":{"featured_image_focal_point":{"x":0.48,"y":0.85},"show_featured_caption":false,"ulux_newsletter_groups":"","uluxPostTitle":"","uluxPrePostTitle":"","_trash_the_other_posts":false,"_price":"","_stock":"","_tribe_ticket_header":"","_tribe_default_ticket_provider":"","_tribe_ticket_capacity":"0","_ticket_start_date":"","_ticket_end_date":"","_tribe_ticket_show_description":"","_tribe_ticket_show_not_going":false,"_tribe_ticket_use_global_stock":"","_tribe_ticket_global_stock_level":"","_global_stock_mode":"","_global_stock_cap":"","_tribe_rsvp_for_event":"","_tribe_ticket_going_count":"","_tribe_ticket_not_going_count":"","_tribe_tickets_list":"[]","_tribe_ticket_has_attendee_info_fields":false},"news-category":[7,3],"news-topic":[],"organisation":[297],"authorship":[327],"acf":[],"yoast_head":"<!-- This site is optimized with the Yoast SEO Premium plugin v22.3 (Yoast SEO v22.3) - https:\/\/yoast.com\/wordpress\/plugins\/seo\/ -->\n<title>Europe Direct Universit\u00e9 du Luxembourg (ED-UNILU) participe \u00e0 la r\u00e9union EU-Network - Universit\u00e9 du Luxembourg<\/title>\n<meta name=\"description\" content=\"Des membres du r\u00e9seau EU-Network se sont r\u00e9unis le vendredi 22 novembre 2024 \u00e0 l\u2019initiative de la Repr\u00e9sentation de la Commission europ\u00e9enne et du Bureau\" \/>\n<meta name=\"robots\" content=\"index, follow, max-snippet:-1, max-image-preview:large, max-video-preview:-1\" \/>\n<link rel=\"canonical\" href=\"https:\/\/www.uni.lu\/fr\/news\/europe-direct-universite-du-luxembourg-ed-unilu-participe-a-la-reunion-eu-network\/\" \/>\n<meta property=\"og:locale\" content=\"fr_FR\" \/>\n<meta property=\"og:type\" content=\"article\" \/>\n<meta property=\"og:title\" content=\"Europe Direct Universit\u00e9 du Luxembourg (ED-UNILU) participe \u00e0 la r\u00e9union EU-Network\" \/>\n<meta property=\"og:description\" content=\"Des membres du r\u00e9seau EU-Network se sont r\u00e9unis le vendredi 22 novembre 2024 \u00e0 l\u2019initiative de la Repr\u00e9sentation de la Commission europ\u00e9enne et du Bureau\" \/>\n<meta property=\"og:url\" content=\"https:\/\/www.uni.lu\/fr\/news\/europe-direct-universite-du-luxembourg-ed-unilu-participe-a-la-reunion-eu-network\/\" \/>\n<meta property=\"og:site_name\" content=\"UNI FR\" \/>\n<meta property=\"article:publisher\" content=\"https:\/\/www.facebook.com\/uni.lu\" \/>\n<meta property=\"article:modified_time\" content=\"2024-12-03T10:36:44+00:00\" \/>\n<meta property=\"og:image\" content=\"https:\/\/www.uni.lu\/wp-content\/uploads\/sites\/11\/2024\/11\/4.Photo_EUXP.1.jpg\" \/>\n\t<meta property=\"og:image:width\" content=\"1440\" \/>\n\t<meta property=\"og:image:height\" content=\"1355\" \/>\n\t<meta property=\"og:image:type\" content=\"image\/jpeg\" \/>\n<meta name=\"twitter:card\" content=\"summary_large_image\" \/>\n<meta name=\"twitter:label1\" content=\"Dur\u00e9e de lecture estim\u00e9e\" \/>\n\t<meta name=\"twitter:data1\" content=\"3 minutes\" \/>\n<script type=\"application\/ld+json\" class=\"yoast-schema-graph\">{\"@context\":\"https:\/\/schema.org\",\"@graph\":[{\"@type\":\"NewsArticle\",\"@id\":\"https:\/\/www.uni.lu\/fr\/news\/europe-direct-universite-du-luxembourg-ed-unilu-participe-a-la-reunion-eu-network\/#article\",\"isPartOf\":{\"@id\":\"https:\/\/www.uni.lu\/fr\/news\/europe-direct-universite-du-luxembourg-ed-unilu-participe-a-la-reunion-eu-network\/\"},\"author\":{\"name\":\"marianikoloudia\",\"@id\":\"https:\/\/www.uni.lu\/fr\/#\/schema\/person\/703d6d26876f2a1935162bc3200a54c1\"},\"headline\":\"Europe Direct Universit\u00e9 du Luxembourg (ED-UNILU) participe \u00e0 la r\u00e9union EU-Network\",\"datePublished\":\"2024-11-26T09:28:10+00:00\",\"dateModified\":\"2024-12-03T10:36:44+00:00\",\"mainEntityOfPage\":{\"@id\":\"https:\/\/www.uni.lu\/fr\/news\/europe-direct-universite-du-luxembourg-ed-unilu-participe-a-la-reunion-eu-network\/\"},\"wordCount\":458,\"publisher\":{\"@id\":\"https:\/\/www.uni.lu\/fr\/#organization\"},\"image\":{\"@id\":\"https:\/\/www.uni.lu\/fr\/news\/europe-direct-universite-du-luxembourg-ed-unilu-participe-a-la-reunion-eu-network\/#primaryimage\"},\"thumbnailUrl\":\"https:\/\/www.uni.lu\/wp-content\/uploads\/sites\/11\/2024\/11\/4.Photo_EUXP.1.jpg\",\"inLanguage\":\"fr-FR\"},{\"@type\":\"WebPage\",\"@id\":\"https:\/\/www.uni.lu\/fr\/news\/europe-direct-universite-du-luxembourg-ed-unilu-participe-a-la-reunion-eu-network\/\",\"url\":\"https:\/\/www.uni.lu\/fr\/news\/europe-direct-universite-du-luxembourg-ed-unilu-participe-a-la-reunion-eu-network\/\",\"name\":\"Europe Direct Universit\u00e9 du Luxembourg (ED-UNILU) participe \u00e0 la r\u00e9union EU-Network - Universit\u00e9 du Luxembourg\",\"isPartOf\":{\"@id\":\"https:\/\/www.uni.lu\/fr\/#website\"},\"primaryImageOfPage\":{\"@id\":\"https:\/\/www.uni.lu\/fr\/news\/europe-direct-universite-du-luxembourg-ed-unilu-participe-a-la-reunion-eu-network\/#primaryimage\"},\"image\":{\"@id\":\"https:\/\/www.uni.lu\/fr\/news\/europe-direct-universite-du-luxembourg-ed-unilu-participe-a-la-reunion-eu-network\/#primaryimage\"},\"thumbnailUrl\":\"https:\/\/www.uni.lu\/wp-content\/uploads\/sites\/11\/2024\/11\/4.Photo_EUXP.1.jpg\",\"datePublished\":\"2024-11-26T09:28:10+00:00\",\"dateModified\":\"2024-12-03T10:36:44+00:00\",\"description\":\"Des membres du r\u00e9seau EU-Network se sont r\u00e9unis le vendredi 22 novembre 2024 \u00e0 l\u2019initiative de la Repr\u00e9sentation de la Commission europ\u00e9enne et du Bureau\",\"breadcrumb\":{\"@id\":\"https:\/\/www.uni.lu\/fr\/news\/europe-direct-universite-du-luxembourg-ed-unilu-participe-a-la-reunion-eu-network\/#breadcrumb\"},\"inLanguage\":\"fr-FR\",\"potentialAction\":[{\"@type\":\"ReadAction\",\"target\":[\"https:\/\/www.uni.lu\/fr\/news\/europe-direct-universite-du-luxembourg-ed-unilu-participe-a-la-reunion-eu-network\/\"]}]},{\"@type\":\"ImageObject\",\"inLanguage\":\"fr-FR\",\"@id\":\"https:\/\/www.uni.lu\/fr\/news\/europe-direct-universite-du-luxembourg-ed-unilu-participe-a-la-reunion-eu-network\/#primaryimage\",\"url\":\"https:\/\/www.uni.lu\/wp-content\/uploads\/sites\/11\/2024\/11\/4.Photo_EUXP.1.jpg\",\"contentUrl\":\"https:\/\/www.uni.lu\/wp-content\/uploads\/sites\/11\/2024\/11\/4.Photo_EUXP.1.jpg\",\"width\":1440,\"height\":1355,\"caption\":\"EU Network meeting November 22\"},{\"@type\":\"BreadcrumbList\",\"@id\":\"https:\/\/www.uni.lu\/fr\/news\/europe-direct-universite-du-luxembourg-ed-unilu-participe-a-la-reunion-eu-network\/#breadcrumb\",\"itemListElement\":[{\"@type\":\"ListItem\",\"position\":1,\"name\":\"Home\",\"item\":\"https:\/\/www.uni.lu\/fr\/\"},{\"@type\":\"ListItem\",\"position\":2,\"name\":\"News\",\"item\":\"https:\/\/www.uni.lu\/fr\/news\/\"},{\"@type\":\"ListItem\",\"position\":3,\"name\":\"Europe Direct Universit\u00e9 du Luxembourg (ED-UNILU) participe \u00e0 la r\u00e9union EU-Network\"}]},{\"@type\":\"WebSite\",\"@id\":\"https:\/\/www.uni.lu\/fr\/#website\",\"url\":\"https:\/\/www.uni.lu\/fr\/\",\"name\":\"Uni.lu\",\"description\":\"Universit\u00e9 du Luxembourg\",\"publisher\":{\"@id\":\"https:\/\/www.uni.lu\/fr\/#organization\"},\"alternateName\":\"Universit\u00e9 du Luxembourg\",\"potentialAction\":[{\"@type\":\"SearchAction\",\"target\":{\"@type\":\"EntryPoint\",\"urlTemplate\":\"https:\/\/www.uni.lu\/fr\/?s={search_term_string}\"},\"query-input\":\"required name=search_term_string\"}],\"inLanguage\":\"fr-FR\"},{\"@type\":\"Organization\",\"@id\":\"https:\/\/www.uni.lu\/fr\/#organization\",\"name\":\"Universit\u00e9 du Luxembourg\",\"alternateName\":\"Uni.lu\",\"url\":\"https:\/\/www.uni.lu\/fr\/\",\"logo\":{\"@type\":\"ImageObject\",\"inLanguage\":\"fr-FR\",\"@id\":\"https:\/\/www.uni.lu\/fr\/#\/schema\/logo\/image\/\",\"url\":\"https:\/\/www.uni.lu\/wp-content\/uploads\/sites\/11\/2026\/03\/03120045\/UNIV_SM-Profile_1600x1600px-scaled.jpg\",\"contentUrl\":\"https:\/\/www.uni.lu\/wp-content\/uploads\/sites\/11\/2026\/03\/03120045\/UNIV_SM-Profile_1600x1600px-scaled.jpg\",\"width\":2560,\"height\":2560,\"caption\":\"Universit\u00e9 du Luxembourg\"},\"image\":\"https:\/\/www.uni.lu\/wp-content\/uploads\/sites\/11\/2026\/04\/24120552\/20200609-Belval-Campus_Henri-Goergen-23.jpg\",\"sameAs\":[\"https:\/\/www.facebook.com\/uni.lu\",\"https:\/\/www.linkedin.com\/school\/university-of-luxembourg\/\",\"https:\/\/www.instagram.com\/uni.lu\",\"https:\/\/www.youtube.com\/@uni_lu\",\"https:\/\/en.wikipedia.org\/wiki\/University_of_Luxembourg\"],\"email\":\"communication@uni.lu\",\"telephone\":\"+352 46 66 44 1\",\"address\":{\"@type\":\"PostalAddress\",\"streetAddress\":\"2, place de l\u2019Universit\u00e9\",\"addressLocality\":\"Esch-sur-Alzette\",\"postalCode\":\"4365\",\"addressCountry\":\"LU\"},\"description\":\"Universit\u00e9 du Luxembourg\"},{\"@type\":\"Person\",\"@id\":\"https:\/\/www.uni.lu\/fr\/#\/schema\/person\/703d6d26876f2a1935162bc3200a54c1\",\"name\":\"marianikoloudia\",\"image\":{\"@type\":\"ImageObject\",\"inLanguage\":\"fr-FR\",\"@id\":\"https:\/\/www.uni.lu\/fr\/#\/schema\/person\/image\/\",\"url\":\"https:\/\/secure.gravatar.com\/avatar\/bb8a37a0691e605c271eeeb4e1498648?s=96&d=mm&r=g\",\"contentUrl\":\"https:\/\/secure.gravatar.com\/avatar\/bb8a37a0691e605c271eeeb4e1498648?s=96&d=mm&r=g\",\"caption\":\"marianikoloudia\"},\"worksFor\":\"Europe Direct University of Luxembourg\"}]}<\/script>\n<!-- \/ Yoast SEO Premium plugin. -->","yoast_head_json":{"title":"Europe Direct Universit\u00e9 du Luxembourg (ED-UNILU) participe \u00e0 la r\u00e9union EU-Network - Universit\u00e9 du Luxembourg","description":"Des membres du r\u00e9seau EU-Network se sont r\u00e9unis le vendredi 22 novembre 2024 \u00e0 l\u2019initiative de la Repr\u00e9sentation de la Commission europ\u00e9enne et du Bureau","robots":{"index":"index","follow":"follow","max-snippet":"max-snippet:-1","max-image-preview":"max-image-preview:large","max-video-preview":"max-video-preview:-1"},"canonical":"https:\/\/www.uni.lu\/fr\/news\/europe-direct-universite-du-luxembourg-ed-unilu-participe-a-la-reunion-eu-network\/","og_locale":"fr_FR","og_type":"article","og_title":"Europe Direct Universit\u00e9 du Luxembourg (ED-UNILU) participe \u00e0 la r\u00e9union EU-Network","og_description":"Des membres du r\u00e9seau EU-Network se sont r\u00e9unis le vendredi 22 novembre 2024 \u00e0 l\u2019initiative de la Repr\u00e9sentation de la Commission europ\u00e9enne et du Bureau","og_url":"https:\/\/www.uni.lu\/fr\/news\/europe-direct-universite-du-luxembourg-ed-unilu-participe-a-la-reunion-eu-network\/","og_site_name":"UNI FR","article_publisher":"https:\/\/www.facebook.com\/uni.lu","article_modified_time":"2024-12-03T10:36:44+00:00","og_image":[{"width":1440,"height":1355,"url":"https:\/\/www.uni.lu\/wp-content\/uploads\/sites\/11\/2024\/11\/4.Photo_EUXP.1.jpg","type":"image\/jpeg"}],"twitter_card":"summary_large_image","twitter_misc":{"Dur\u00e9e de lecture estim\u00e9e":"3 minutes"},"schema":{"@context":"https:\/\/schema.org","@graph":[{"@type":"NewsArticle","@id":"https:\/\/www.uni.lu\/fr\/news\/europe-direct-universite-du-luxembourg-ed-unilu-participe-a-la-reunion-eu-network\/#article","isPartOf":{"@id":"https:\/\/www.uni.lu\/fr\/news\/europe-direct-universite-du-luxembourg-ed-unilu-participe-a-la-reunion-eu-network\/"},"author":{"name":"marianikoloudia","@id":"https:\/\/www.uni.lu\/fr\/#\/schema\/person\/703d6d26876f2a1935162bc3200a54c1"},"headline":"Europe Direct Universit\u00e9 du Luxembourg (ED-UNILU) participe \u00e0 la r\u00e9union EU-Network","datePublished":"2024-11-26T09:28:10+00:00","dateModified":"2024-12-03T10:36:44+00:00","mainEntityOfPage":{"@id":"https:\/\/www.uni.lu\/fr\/news\/europe-direct-universite-du-luxembourg-ed-unilu-participe-a-la-reunion-eu-network\/"},"wordCount":458,"publisher":{"@id":"https:\/\/www.uni.lu\/fr\/#organization"},"image":{"@id":"https:\/\/www.uni.lu\/fr\/news\/europe-direct-universite-du-luxembourg-ed-unilu-participe-a-la-reunion-eu-network\/#primaryimage"},"thumbnailUrl":"https:\/\/www.uni.lu\/wp-content\/uploads\/sites\/11\/2024\/11\/4.Photo_EUXP.1.jpg","inLanguage":"fr-FR"},{"@type":"WebPage","@id":"https:\/\/www.uni.lu\/fr\/news\/europe-direct-universite-du-luxembourg-ed-unilu-participe-a-la-reunion-eu-network\/","url":"https:\/\/www.uni.lu\/fr\/news\/europe-direct-universite-du-luxembourg-ed-unilu-participe-a-la-reunion-eu-network\/","name":"Europe Direct Universit\u00e9 du Luxembourg (ED-UNILU) participe \u00e0 la r\u00e9union EU-Network - Universit\u00e9 du Luxembourg","isPartOf":{"@id":"https:\/\/www.uni.lu\/fr\/#website"},"primaryImageOfPage":{"@id":"https:\/\/www.uni.lu\/fr\/news\/europe-direct-universite-du-luxembourg-ed-unilu-participe-a-la-reunion-eu-network\/#primaryimage"},"image":{"@id":"https:\/\/www.uni.lu\/fr\/news\/europe-direct-universite-du-luxembourg-ed-unilu-participe-a-la-reunion-eu-network\/#primaryimage"},"thumbnailUrl":"https:\/\/www.uni.lu\/wp-content\/uploads\/sites\/11\/2024\/11\/4.Photo_EUXP.1.jpg","datePublished":"2024-11-26T09:28:10+00:00","dateModified":"2024-12-03T10:36:44+00:00","description":"Des membres du r\u00e9seau EU-Network se sont r\u00e9unis le vendredi 22 novembre 2024 \u00e0 l\u2019initiative de la Repr\u00e9sentation de la Commission europ\u00e9enne et du Bureau","breadcrumb":{"@id":"https:\/\/www.uni.lu\/fr\/news\/europe-direct-universite-du-luxembourg-ed-unilu-participe-a-la-reunion-eu-network\/#breadcrumb"},"inLanguage":"fr-FR","potentialAction":[{"@type":"ReadAction","target":["https:\/\/www.uni.lu\/fr\/news\/europe-direct-universite-du-luxembourg-ed-unilu-participe-a-la-reunion-eu-network\/"]}]},{"@type":"ImageObject","inLanguage":"fr-FR","@id":"https:\/\/www.uni.lu\/fr\/news\/europe-direct-universite-du-luxembourg-ed-unilu-participe-a-la-reunion-eu-network\/#primaryimage","url":"https:\/\/www.uni.lu\/wp-content\/uploads\/sites\/11\/2024\/11\/4.Photo_EUXP.1.jpg","contentUrl":"https:\/\/www.uni.lu\/wp-content\/uploads\/sites\/11\/2024\/11\/4.Photo_EUXP.1.jpg","width":1440,"height":1355,"caption":"EU Network meeting November 22"},{"@type":"BreadcrumbList","@id":"https:\/\/www.uni.lu\/fr\/news\/europe-direct-universite-du-luxembourg-ed-unilu-participe-a-la-reunion-eu-network\/#breadcrumb","itemListElement":[{"@type":"ListItem","position":1,"name":"Home","item":"https:\/\/www.uni.lu\/fr\/"},{"@type":"ListItem","position":2,"name":"News","item":"https:\/\/www.uni.lu\/fr\/news\/"},{"@type":"ListItem","position":3,"name":"Europe Direct Universit\u00e9 du Luxembourg (ED-UNILU) participe \u00e0 la r\u00e9union EU-Network"}]},{"@type":"WebSite","@id":"https:\/\/www.uni.lu\/fr\/#website","url":"https:\/\/www.uni.lu\/fr\/","name":"Uni.lu","description":"Universit\u00e9 du Luxembourg","publisher":{"@id":"https:\/\/www.uni.lu\/fr\/#organization"},"alternateName":"Universit\u00e9 du Luxembourg","potentialAction":[{"@type":"SearchAction","target":{"@type":"EntryPoint","urlTemplate":"https:\/\/www.uni.lu\/fr\/?s={search_term_string}"},"query-input":"required name=search_term_string"}],"inLanguage":"fr-FR"},{"@type":"Organization","@id":"https:\/\/www.uni.lu\/fr\/#organization","name":"Universit\u00e9 du Luxembourg","alternateName":"Uni.lu","url":"https:\/\/www.uni.lu\/fr\/","logo":{"@type":"ImageObject","inLanguage":"fr-FR","@id":"https:\/\/www.uni.lu\/fr\/#\/schema\/logo\/image\/","url":"https:\/\/www.uni.lu\/wp-content\/uploads\/sites\/11\/2026\/03\/03120045\/UNIV_SM-Profile_1600x1600px-scaled.jpg","contentUrl":"https:\/\/www.uni.lu\/wp-content\/uploads\/sites\/11\/2026\/03\/03120045\/UNIV_SM-Profile_1600x1600px-scaled.jpg","width":2560,"height":2560,"caption":"Universit\u00e9 du Luxembourg"},"image":"https:\/\/www.uni.lu\/wp-content\/uploads\/sites\/11\/2026\/04\/24120552\/20200609-Belval-Campus_Henri-Goergen-23.jpg","sameAs":["https:\/\/www.facebook.com\/uni.lu","https:\/\/www.linkedin.com\/school\/university-of-luxembourg\/","https:\/\/www.instagram.com\/uni.lu","https:\/\/www.youtube.com\/@uni_lu","https:\/\/en.wikipedia.org\/wiki\/University_of_Luxembourg"],"email":"communication@uni.lu","telephone":"+352 46 66 44 1","address":{"@type":"PostalAddress","streetAddress":"2, place de l\u2019Universit\u00e9","addressLocality":"Esch-sur-Alzette","postalCode":"4365","addressCountry":"LU"},"description":"Universit\u00e9 du Luxembourg"},{"@type":"Person","@id":"https:\/\/www.uni.lu\/fr\/#\/schema\/person\/703d6d26876f2a1935162bc3200a54c1","name":"marianikoloudia","image":{"@type":"ImageObject","inLanguage":"fr-FR","@id":"https:\/\/www.uni.lu\/fr\/#\/schema\/person\/image\/","url":"https:\/\/secure.gravatar.com\/avatar\/bb8a37a0691e605c271eeeb4e1498648?s=96&d=mm&r=g","contentUrl":"https:\/\/secure.gravatar.com\/avatar\/bb8a37a0691e605c271eeeb4e1498648?s=96&d=mm&r=g","caption":"marianikoloudia"},"worksFor":"Europe Direct University of Luxembourg"}]}},"blog_id":11,"_links":{"self":[{"href":"https:\/\/www.uni.lu\/fr\/wp-json\/wp\/v2\/news\/13282"}],"collection":[{"href":"https:\/\/www.uni.lu\/fr\/wp-json\/wp\/v2\/news"}],"about":[{"href":"https:\/\/www.uni.lu\/fr\/wp-json\/wp\/v2\/types\/news"}],"author":[{"embeddable":true,"href":"https:\/\/www.uni.lu\/fr\/wp-json\/wp\/v2\/users\/327"}],"version-history":[{"count":5,"href":"https:\/\/www.uni.lu\/fr\/wp-json\/wp\/v2\/news\/13282\/revisions"}],"predecessor-version":[{"id":14713,"href":"https:\/\/www.uni.lu\/fr\/wp-json\/wp\/v2\/news\/13282\/revisions\/14713"}],"wp:authorship":[{"embeddable":true,"href":"https:\/\/www.uni.lu\/fr\/wp-json\/wp\/v2\/users\/327"}],"wp:featuredmedia":[{"embeddable":true,"href":"https:\/\/www.uni.lu\/fr\/wp-json\/wp\/v2\/media\/13375"}],"wp:attachment":[{"href":"https:\/\/www.uni.lu\/fr\/wp-json\/wp\/v2\/media?parent=13282"}],"wp:term":[{"taxonomy":"news-category","embeddable":true,"href":"https:\/\/www.uni.lu\/fr\/wp-json\/wp\/v2\/news-category?post=13282"},{"taxonomy":"news-topic","embeddable":true,"href":"https:\/\/www.uni.lu\/fr\/wp-json\/wp\/v2\/news-topic?post=13282"},{"taxonomy":"organisation","embeddable":true,"href":"https:\/\/www.uni.lu\/fr\/wp-json\/wp\/v2\/organisation?post=13282"}],"curies":[{"name":"wp","href":"https:\/\/api.w.org\/{rel}","templated":true}]}}