{"id":13262,"date":"2024-11-22T15:52:31","date_gmt":"2024-11-22T14:52:31","guid":{"rendered":"https:\/\/www.uni.lu\/fr\/?post_type=news&#038;p=13262"},"modified":"2024-11-22T17:09:19","modified_gmt":"2024-11-22T16:09:19","slug":"nous-devons-placer-la-personne-au-centre-de-l-education","status":"publish","type":"news","link":"https:\/\/www.uni.lu\/fr\/news\/nous-devons-placer-la-personne-au-centre-de-l-education\/","title":{"rendered":"\u00ab Nous devons placer la personne au centre de l&rsquo;\u00e9ducation \u00bb"},"content":{"rendered":"\n<section class=\"wp-block-unilux-blocks-free-section section\"><div class=\"container xl:max-w-screen-xl\">\n<p><\/p>\n\n\n\n<p>Le <a href=\"https:\/\/www.uni.lu\/fhse-en\/people\/philippe-hiligsmann\/\">Prof. Philippe Hiligsmann<\/a> a rejoint l&rsquo;Universit\u00e9 en tant que nouveau vice-recteur aux affaires acad\u00e9miques et \u00e9tudiantes. Avec une carri\u00e8re marqu\u00e9e par son engagement envers les \u00e9tudiants et l&rsquo;enseignement, il apporte une longue exp\u00e9rience en mati\u00e8re de leadership acad\u00e9mique et d&rsquo;approches innovantes en \u00e9ducation.&nbsp;<\/p>\n\n\n\n<p>Il a rejoint Uni.lu apr\u00e8s avoir \u00e9t\u00e9 vice-recteur et professeur de n\u00e9erlandais et de linguistique \u00e0 l&rsquo;UCLouvain.\u00a0Le changement de direction est marqu\u00e9 par un changement subtil mais important : le poste de <em>Vice-recteur aux affaires acad\u00e9miques<\/em> est devenu <em>Vice-recteur aux affaires acad\u00e9miques et \u00e9tudiantes<\/em>, soulignant le r\u00f4le des \u00e9tudiants dans la politique \u00e9ducative \u00e0 venir. <\/p>\n\n\n\n<p>Dans sa premi\u00e8re interview, nous abordons sa vision d&rsquo;une approche holistique de l&rsquo;enseignement, de l&rsquo;apprentissage et de l&rsquo;engagement des \u00e9tudiants.<\/p>\n\n\n\n<h2 class=\"has-text-align-left wp-block-unilux-blocks-heading\"        id=\"pouvez-vous-nous-parler-un-peu-de-votre-parcours\"\n    >\n<em>Pouvez-vous nous parler un peu de votre parcours ?\u00a0<\/em>\u00a0<\/h2>\n\n\n\n<p>Je suis belge et j&rsquo;ai \u00e9tudi\u00e9 \u00e0 l&rsquo;Universit\u00e9 de Li\u00e8ge, o\u00f9 j&rsquo;ai \u00e9galement effectu\u00e9 mon doctorat dans l&rsquo;apprentissage du n\u00e9erlandais comme deuxi\u00e8me langue. Pour ceux qui ne connaissent pas bien la Belgique, il y a trois langues officielles : le fran\u00e7ais, le n\u00e9erlandais et l&rsquo;allemand ! Plus tard, j&rsquo;ai eu l&rsquo;occasion d&rsquo;occuper un poste \u00e0 l&rsquo;Universit\u00e9 de Lille.\u00a0<\/p>\n\n\n\n<p>En 2001, j&rsquo;ai rejoint l&rsquo;Universit\u00e9 de Louvain-la-Neuve (UCLouvain), o\u00f9 j&rsquo;ai occup\u00e9 plusieurs postes, dont ceux de directeur de d\u00e9partement, de doyen de facult\u00e9 et de vice-recteur aux affaires \u00e9tudiantes. Je suis tr\u00e8s heureux de commencer un nouveau chapitre \u00e0 l&rsquo;Universit\u00e9 du Luxembourg.&nbsp;<\/p>\n\n\n\n<h2 class=\"has-text-align-left wp-block-unilux-blocks-heading\"        id=\"quels-sont-vos-projets-pour-ameliorer-les-programmes-detudes-et-les-services-aux-etudiants\"\n    >\n<em>Quels sont vos projets pour am\u00e9liorer les programmes d&rsquo;\u00e9tudes et les services aux \u00e9tudiants ?\u00a0<\/em><\/h2>\n\n\n\n<p>De mani\u00e8re g\u00e9n\u00e9rale, je crois fermement que nos d\u00e9cisions doivent s&rsquo;appuyer sur la recherche scientifique, les meilleures pratiques en vigueur dans les \u00e9tablissements d&rsquo;enseignement sup\u00e9rieur et les enqu\u00eates men\u00e9es aupr\u00e8s des \u00e9tudiants et des anciens \u00e9tudiants.\u00a0<\/p>\n\n\n\n<p>Le d\u00e9veloppement de nouveaux programmes interdisciplinaires est tr\u00e8s important en 2024, et j&rsquo;esp\u00e8re le faire dans les ann\u00e9es \u00e0 venir en collaboration avec les facult\u00e9s et les centres de recherche. Je me r\u00e9jouis \u00e9galement de renforcer les liens entre la formation initiale, la formation continue et l&rsquo;apprentissage tout au long de la vie.\u00a0<\/p>\n\n\n\n<p>En tant que vice-recteur aux affaires \u00e9tudiantes de l&rsquo;UCLouvain, j&rsquo;ai toujours mis l&rsquo;accent sur le service aux \u00e9tudiants.&nbsp;<\/p>\n\n\n\n<section class=\"wp-block-unilux-blocks-quote-people\">\n    <div class=\"quote-people\" role=\"group\">\n        <figure class=\"quote-people__body\">\n            <blockquote class=\"quote-people__blockquote\">\n    <span class=\"quote-people__quote\">\u201f<\/span>\n    Pour moi, \u00eatre professeur signifie non seulement \u00e9nseigner une mati\u00e8re acad\u00e9mique, mais aussi aider les \u00e9tudiants \u00e0 s&rsquo;\u00e9panouir en dehors de la salle de classe. En une phrase : la personne en tant qu&rsquo;individu doit \u00eatre au centre de l&rsquo;\u00e9ducation.\u201d\n<\/blockquote><!-- People Item Automated: Quote People -->\n<div class=\"quote-people__visual\">\n    <figure class=\"wp-block-dev4-reusable-blocks-image object-fit--cover\">\n        <!-- Template Image Component: default -->\n<img decoding=\"async\" class=\"w-full\" width=\"\" height=\"\" rel=\"\" alt=\"Prof Philippe HILIGSMANN\" src=\"https:\/\/www.uni.lu\/en\/person-image\/NTAwODc5NjlfX1BoaWxpcHBlIEhJTElHU01BTk4=\" srcset=\"https:\/\/www.uni.lu\/en\/person-image\/NTAwODc5NjlfX1BoaWxpcHBlIEhJTElHU01BTk4=--thumbnail 150w,https:\/\/www.uni.lu\/en\/person-image\/NTAwODc5NjlfX1BoaWxpcHBlIEhJTElHU01BTk4=--medium 300w,https:\/\/www.uni.lu\/en\/person-image\/NTAwODc5NjlfX1BoaWxpcHBlIEhJTElHU01BTk4=--medium_large 768w,https:\/\/www.uni.lu\/en\/person-image\/NTAwODc5NjlfX1BoaWxpcHBlIEhJTElHU01BTk4=--large 1024w,https:\/\/www.uni.lu\/en\/person-image\/NTAwODc5NjlfX1BoaWxpcHBlIEhJTElHU01BTk4=--1536x1536 1536w,https:\/\/www.uni.lu\/en\/person-image\/NTAwODc5NjlfX1BoaWxpcHBlIEhJTElHU01BTk4=--2048x2048 2048w\" loading=\"lazy\" \/><!-- end Image Component -->\n    <\/figure>\n<\/div>\n<div class=\"quote-people__figcaption\">\n    <p class=\"quote-people__author\">Prof Philippe HILIGSMANN<\/p>\n    <p class=\"quote-people__position\">Vice-Rector for Academic and Student Affairs<\/p>\n    <div class=\"wp-block-unilux-blocks-simple-cta wp-block-unilux-blocks-people-item-automated\">\n    <a\n        href=\"https:\/\/www.uni.lu\/fhse-en\/people\/philippe-hiligsmann\/\"\n        title=\"Prof Philippe HILIGSMANN\"\n        class=\"link-text link-text--icon quote-people__link\"\n        target=\"\"\n    >\n        <span class=\"link-text__body\">\n            <span class=\"link-text__name\">Voir le profil<\/span>\n        <\/span>\n        <svg aria-hidden=\"true\" focusable=\"false\" class=\"icon icon-outline icon--arrow-right \"><use xlink:href=\"https:\/\/www.uni.lu\/wp-content\/themes\/unilux-theme\/assets\/images\/icons\/icons-outline.svg#icon--arrow-right\"><\/use><\/svg>    <\/a>\n<\/div>\n<\/div>\n<!-- end People Item Automated -->        <\/figure>\n    <\/div>\n<\/section>\n\n\n<p>En 2024, l&rsquo;accompagnement des \u00e9tudiants s&rsquo;\u00e9tend \u00e0 la culture, au sport, au d\u00e9veloppement social et, bien s\u00fbr, \u00e0 l&rsquo;insertion professionnelle \u00e0 la fin de leurs \u00e9tudes. Je suis impatient d&rsquo;apporter cette approche \u00e0 l&rsquo;Universit\u00e9 du Luxembourg.\u00a0<\/p>\n\n\n\n<h2 class=\"has-text-align-left wp-block-unilux-blocks-heading\"        id=\"comment-envisagez-vous-developper-lengagement-des-etudiants-a-uni-lu\"\n    >\n<em>Comment envisagez-vous d\u00e9velopper l&rsquo;engagement des \u00e9tudiants \u00e0 Uni.lu ?\u00a0<\/em><\/h2>\n\n\n\n<p>Mon objectif est que chaque \u00e9tudiant dipl\u00f4m\u00e9 de l&rsquo;Universit\u00e9 du Luxembourg puisse dire : \u00ab J&rsquo;ai pass\u00e9 ici des ann\u00e9es enrichissantes, non seulement sur le plan acad\u00e9mique, mais aussi au niveau personnel et social \u00bb. Je veux renforcer tous les aspects de la vie \u00e9tudiante &#8211; la construction de la communaut\u00e9, la promotion des liens \u00e0 travers le multilinguisme et le multiculturalisme &#8211; parce que ces \u00e9l\u00e9ments contribuent \u00e0 l&rsquo;\u00e9panouissement global des \u00e9tudiants.\u00a0<\/p>\n\n\n\n<p>Je veux que nos \u00e9tudiants quittent l&rsquo;Universit\u00e9 enthousiastes \u00e0 l&rsquo;id\u00e9e de promouvoir leur exp\u00e9rience aupr\u00e8s d&rsquo;\u00e9tudiants potentiels, encourageant ainsi les jeunes \u00e0 \u00e9tudier ici.\u00a0<\/p>\n\n\n\n<h2 class=\"has-text-align-left wp-block-unilux-blocks-heading\"        id=\"dans-le-cadre-de-lamelioration-de-lexperience-globale-des-etudiants-passons-au-sujet-du-bien-etre-des-etudiants\"\n    >\n<em>Dans le cadre de l&rsquo;am\u00e9lioration de l&rsquo;exp\u00e9rience globale des \u00e9tudiants, passons au sujet du bien-\u00eatre des \u00e9tudiants.<\/em><\/h2>\n\n\n\n<p>Pendant mon s\u00e9jour \u00e0 l&rsquo;UCLouvain, j&rsquo;ai travaill\u00e9 avec mon \u00e9quipe sur l&rsquo;engagement des \u00e9tudiants, qui ne se limitait pas \u00e0 l&rsquo;implication acad\u00e9mique, mais aussi \u00e0 la participation \u00e0 des activit\u00e9s extrascolaires &#8211; soci\u00e9t\u00e9s \u00e9tudiantes, associations, etc. Nous avons enqu\u00eat\u00e9 aupr\u00e8s des dipl\u00f4m\u00e9s pour \u00e9valuer l&rsquo;impact de cet engagement sur leur insertion socioprofessionnelle et le d\u00e9veloppement de comp\u00e9tences transversales.\u00a0<\/p>\n\n\n\n<p>Les r\u00e9sultats ont montr\u00e9 que plus de 50 % des \u00e9tudiants ont ressenti un impact positif sur leurs r\u00e9seaux sociaux et leur sentiment d&rsquo;inclusion, ce qui a contribu\u00e9 \u00e0 leur bien-\u00eatre mental. Outre la sant\u00e9 mentale, cette implication extrascolaire a eu une influence positive sur l&rsquo;int\u00e9gration et la r\u00e9ussite scolaires, et le r\u00e9seau de soutien a perdur\u00e9 au-del\u00e0 des \u00e9tudes.<\/p>\n\n\n\n<h2 class=\"has-text-align-left wp-block-unilux-blocks-heading\"        id=\"quel-role-pensez-vous-que-les-outils-numeriques-et-lia-peuvent-jouer-dans-lapprentissage-personnalise-et-lexperience-des-etudiants\"\n    >\n<em>Quel r\u00f4le pensez-vous que les outils num\u00e9riques et l&rsquo;IA peuvent jouer dans l&rsquo;apprentissage personnalis\u00e9 et l&rsquo;exp\u00e9rience des \u00e9tudiants ?\u00a0<\/em><\/h2>\n\n\n\n<p>Aujourd&rsquo;hui, tous les \u00e9tudiants sont familiaris\u00e9s avec des outils tels que ChatGPT. Il est crucial de guider leur utilisation pour s&rsquo;assurer que nous pr\u00e9servons les aspects de l&rsquo;apprentissage qui sont distinctement humains, tels que la pens\u00e9e critique et la cr\u00e9ativit\u00e9. L&rsquo;intelligence artificielle doit rester un instrument et non remplacer l&rsquo;interaction humaine, l&rsquo;originalit\u00e9 ou le raisonnement.\u00a0<\/p>\n\n\n\n<p>Outre les projets de recherche sur l&rsquo;impact de l&rsquo;IA dans l&rsquo;enseignement et l&rsquo;apprentissage, un nouveau Fonds d&rsquo;innovation pour l&rsquo;\u00e9ducation (Education Innovation Fund) sera lanc\u00e9 pour soutenir les initiatives \u00e9ducatives innovantes du personnel enseignant, contribuant directement \u00e0 l&rsquo;am\u00e9lioration des pratiques d&rsquo;enseignement et de l&rsquo;exp\u00e9rience des \u00e9tudiants.\u00a0<\/p>\n\n\n\n<h2 class=\"has-text-align-left wp-block-unilux-blocks-heading\"        id=\"quelles-sont-vos-principales-priorites-pour-votre-premiere-annee-en-tant-que-vice-recteur\"\n    >\n<em>Quelles sont vos principales priorit\u00e9s pour votre premi\u00e8re ann\u00e9e en tant que vice-recteur ?\u00a0<\/em><\/h2>\n\n\n\n<p>Au cours de ma premi\u00e8re ann\u00e9e, ma priorit\u00e9 est de me familiariser avec les personnes avec lesquelles je vais travailler.&nbsp;<\/p>\n\n\n\n<p>Si je devais d\u00e9finir trois ou quatre priorit\u00e9s pour cette premi\u00e8re ann\u00e9e, elles seraient : Premi\u00e8rement, d\u00e9velopper une politique de vie \u00e9tudiante ; deuxi\u00e8mement, initier des programmes de cours interdisciplinaires que j&rsquo;aimerais mettre en \u0153uvre d&rsquo;ici l&rsquo;ann\u00e9e prochaine ; et troisi\u00e8mement, identifier les processus administratifs qui pourraient \u00eatre am\u00e9lior\u00e9s. Je suis s\u00fbr que je d\u00e9couvrirai d&rsquo;autres domaines au fur et \u00e0 mesure.<\/p>\n<\/div><\/section>\n","protected":false},"excerpt":{"rendered":"","protected":false},"author":341,"featured_media":13263,"template":"","format":"standard","meta":{"featured_image_focal_point":{"x":0.5,"y":0.29},"show_featured_caption":false,"ulux_newsletter_groups":"","uluxPostTitle":"","uluxPrePostTitle":"","_trash_the_other_posts":false,"_price":"","_stock":"","_tribe_ticket_header":"","_tribe_default_ticket_provider":"","_tribe_ticket_capacity":"0","_ticket_start_date":"","_ticket_end_date":"","_tribe_ticket_show_description":"","_tribe_ticket_show_not_going":false,"_tribe_ticket_use_global_stock":"","_tribe_ticket_global_stock_level":"","_global_stock_mode":"","_global_stock_cap":"","_tribe_rsvp_for_event":"","_tribe_ticket_going_count":"","_tribe_ticket_not_going_count":"","_tribe_tickets_list":"[]","_tribe_ticket_has_attendee_info_fields":false},"news-category":[3],"news-topic":[],"organisation":[235,226],"authorship":[341],"acf":[],"yoast_head":"<!-- This site is optimized with the Yoast SEO Premium plugin v22.3 (Yoast SEO v22.3) - https:\/\/yoast.com\/wordpress\/plugins\/seo\/ -->\n<title>\u00ab Nous devons placer la personne au centre de l&#039;\u00e9ducation \u00bb - Universit\u00e9 du Luxembourg<\/title>\n<meta name=\"description\" content=\"Le Prof. Philippe Hiligsmann a rejoint l&#039;Universit\u00e9 en tant que nouveau vice-recteur aux affaires acad\u00e9miques et \u00e9tudiantes. Avec une carri\u00e8re marqu\u00e9e par\" \/>\n<meta name=\"robots\" content=\"index, follow, max-snippet:-1, max-image-preview:large, max-video-preview:-1\" \/>\n<link rel=\"canonical\" href=\"https:\/\/www.uni.lu\/fr\/news\/nous-devons-placer-la-personne-au-centre-de-l-education\/\" \/>\n<meta property=\"og:locale\" content=\"fr_FR\" \/>\n<meta property=\"og:type\" content=\"article\" \/>\n<meta property=\"og:title\" content=\"\u00ab Nous devons placer la personne au centre de l&#039;\u00e9ducation \u00bb\" \/>\n<meta property=\"og:description\" content=\"Le Prof. Philippe Hiligsmann a rejoint l&#039;Universit\u00e9 en tant que nouveau vice-recteur aux affaires acad\u00e9miques et \u00e9tudiantes. Avec une carri\u00e8re marqu\u00e9e par\" \/>\n<meta property=\"og:url\" content=\"https:\/\/www.uni.lu\/fr\/news\/nous-devons-placer-la-personne-au-centre-de-l-education\/\" \/>\n<meta property=\"og:site_name\" content=\"UNI FR\" \/>\n<meta property=\"article:publisher\" content=\"https:\/\/www.facebook.com\/uni.lu\" \/>\n<meta property=\"article:modified_time\" content=\"2024-11-22T16:09:19+00:00\" \/>\n<meta property=\"og:image\" content=\"https:\/\/www.uni.lu\/wp-content\/uploads\/sites\/11\/2024\/11\/Hiligsmann.jpg\" \/>\n\t<meta property=\"og:image:width\" content=\"2048\" \/>\n\t<meta property=\"og:image:height\" content=\"1366\" \/>\n\t<meta property=\"og:image:type\" content=\"image\/jpeg\" \/>\n<meta name=\"twitter:card\" content=\"summary_large_image\" \/>\n<meta name=\"twitter:label1\" content=\"Dur\u00e9e de lecture estim\u00e9e\" \/>\n\t<meta name=\"twitter:data1\" content=\"5 minutes\" \/>\n<script type=\"application\/ld+json\" class=\"yoast-schema-graph\">{\"@context\":\"https:\/\/schema.org\",\"@graph\":[{\"@type\":\"NewsArticle\",\"@id\":\"https:\/\/www.uni.lu\/fr\/news\/nous-devons-placer-la-personne-au-centre-de-l-education\/#article\",\"isPartOf\":{\"@id\":\"https:\/\/www.uni.lu\/fr\/news\/nous-devons-placer-la-personne-au-centre-de-l-education\/\"},\"author\":{\"name\":\"Catherine Clesse\",\"@id\":\"https:\/\/www.uni.lu\/fr\/#\/schema\/person\/67d3defa53981502bf9cddb74a850c08\"},\"headline\":\"\u00ab Nous devons placer la personne au centre de l&rsquo;\u00e9ducation \u00bb\",\"datePublished\":\"2024-11-22T14:52:31+00:00\",\"dateModified\":\"2024-11-22T16:09:19+00:00\",\"mainEntityOfPage\":{\"@id\":\"https:\/\/www.uni.lu\/fr\/news\/nous-devons-placer-la-personne-au-centre-de-l-education\/\"},\"wordCount\":885,\"publisher\":{\"@id\":\"https:\/\/www.uni.lu\/fr\/#organization\"},\"image\":{\"@id\":\"https:\/\/www.uni.lu\/fr\/news\/nous-devons-placer-la-personne-au-centre-de-l-education\/#primaryimage\"},\"thumbnailUrl\":\"https:\/\/www.uni.lu\/wp-content\/uploads\/sites\/11\/2024\/11\/Hiligsmann.jpg\",\"inLanguage\":\"fr-FR\"},{\"@type\":\"WebPage\",\"@id\":\"https:\/\/www.uni.lu\/fr\/news\/nous-devons-placer-la-personne-au-centre-de-l-education\/\",\"url\":\"https:\/\/www.uni.lu\/fr\/news\/nous-devons-placer-la-personne-au-centre-de-l-education\/\",\"name\":\"\u00ab Nous devons placer la personne au centre de l'\u00e9ducation \u00bb - Universit\u00e9 du Luxembourg\",\"isPartOf\":{\"@id\":\"https:\/\/www.uni.lu\/fr\/#website\"},\"primaryImageOfPage\":{\"@id\":\"https:\/\/www.uni.lu\/fr\/news\/nous-devons-placer-la-personne-au-centre-de-l-education\/#primaryimage\"},\"image\":{\"@id\":\"https:\/\/www.uni.lu\/fr\/news\/nous-devons-placer-la-personne-au-centre-de-l-education\/#primaryimage\"},\"thumbnailUrl\":\"https:\/\/www.uni.lu\/wp-content\/uploads\/sites\/11\/2024\/11\/Hiligsmann.jpg\",\"datePublished\":\"2024-11-22T14:52:31+00:00\",\"dateModified\":\"2024-11-22T16:09:19+00:00\",\"description\":\"Le Prof. Philippe Hiligsmann a rejoint l'Universit\u00e9 en tant que nouveau vice-recteur aux affaires acad\u00e9miques et \u00e9tudiantes. Avec une carri\u00e8re marqu\u00e9e par\",\"breadcrumb\":{\"@id\":\"https:\/\/www.uni.lu\/fr\/news\/nous-devons-placer-la-personne-au-centre-de-l-education\/#breadcrumb\"},\"inLanguage\":\"fr-FR\",\"potentialAction\":[{\"@type\":\"ReadAction\",\"target\":[\"https:\/\/www.uni.lu\/fr\/news\/nous-devons-placer-la-personne-au-centre-de-l-education\/\"]}]},{\"@type\":\"ImageObject\",\"inLanguage\":\"fr-FR\",\"@id\":\"https:\/\/www.uni.lu\/fr\/news\/nous-devons-placer-la-personne-au-centre-de-l-education\/#primaryimage\",\"url\":\"https:\/\/www.uni.lu\/wp-content\/uploads\/sites\/11\/2024\/11\/Hiligsmann.jpg\",\"contentUrl\":\"https:\/\/www.uni.lu\/wp-content\/uploads\/sites\/11\/2024\/11\/Hiligsmann.jpg\",\"width\":2048,\"height\":1366,\"caption\":\"Prof. Philippe Hiligsmann\"},{\"@type\":\"BreadcrumbList\",\"@id\":\"https:\/\/www.uni.lu\/fr\/news\/nous-devons-placer-la-personne-au-centre-de-l-education\/#breadcrumb\",\"itemListElement\":[{\"@type\":\"ListItem\",\"position\":1,\"name\":\"Home\",\"item\":\"https:\/\/www.uni.lu\/fr\/\"},{\"@type\":\"ListItem\",\"position\":2,\"name\":\"News\",\"item\":\"https:\/\/www.uni.lu\/fr\/news\/\"},{\"@type\":\"ListItem\",\"position\":3,\"name\":\"\u00ab Nous devons placer la personne au centre de l'\u00e9ducation \u00bb\"}]},{\"@type\":\"WebSite\",\"@id\":\"https:\/\/www.uni.lu\/fr\/#website\",\"url\":\"https:\/\/www.uni.lu\/fr\/\",\"name\":\"Uni.lu\",\"description\":\"Universit\u00e9 du Luxembourg\",\"publisher\":{\"@id\":\"https:\/\/www.uni.lu\/fr\/#organization\"},\"alternateName\":\"Universit\u00e9 du Luxembourg\",\"potentialAction\":[{\"@type\":\"SearchAction\",\"target\":{\"@type\":\"EntryPoint\",\"urlTemplate\":\"https:\/\/www.uni.lu\/fr\/?s={search_term_string}\"},\"query-input\":\"required name=search_term_string\"}],\"inLanguage\":\"fr-FR\"},{\"@type\":\"Organization\",\"@id\":\"https:\/\/www.uni.lu\/fr\/#organization\",\"name\":\"Universit\u00e9 du Luxembourg\",\"alternateName\":\"Uni.lu\",\"url\":\"https:\/\/www.uni.lu\/fr\/\",\"logo\":{\"@type\":\"ImageObject\",\"inLanguage\":\"fr-FR\",\"@id\":\"https:\/\/www.uni.lu\/fr\/#\/schema\/logo\/image\/\",\"url\":\"https:\/\/www.uni.lu\/wp-content\/uploads\/sites\/11\/2026\/03\/03120045\/UNIV_SM-Profile_1600x1600px-scaled.jpg\",\"contentUrl\":\"https:\/\/www.uni.lu\/wp-content\/uploads\/sites\/11\/2026\/03\/03120045\/UNIV_SM-Profile_1600x1600px-scaled.jpg\",\"width\":2560,\"height\":2560,\"caption\":\"Universit\u00e9 du Luxembourg\"},\"image\":\"https:\/\/www.uni.lu\/wp-content\/uploads\/sites\/11\/2026\/04\/24120552\/20200609-Belval-Campus_Henri-Goergen-23.jpg\",\"sameAs\":[\"https:\/\/www.facebook.com\/uni.lu\",\"https:\/\/www.linkedin.com\/school\/university-of-luxembourg\/\",\"https:\/\/www.instagram.com\/uni.lu\",\"https:\/\/www.youtube.com\/@uni_lu\",\"https:\/\/en.wikipedia.org\/wiki\/University_of_Luxembourg\"],\"email\":\"communication@uni.lu\",\"telephone\":\"+352 46 66 44 1\",\"address\":{\"@type\":\"PostalAddress\",\"streetAddress\":\"2, place de l\u2019Universit\u00e9\",\"addressLocality\":\"Esch-sur-Alzette\",\"postalCode\":\"4365\",\"addressCountry\":\"LU\"},\"description\":\"Universit\u00e9 du Luxembourg\"},{\"@type\":\"Person\",\"@id\":\"https:\/\/www.uni.lu\/fr\/#\/schema\/person\/67d3defa53981502bf9cddb74a850c08\",\"name\":\"Catherine Clesse\",\"image\":{\"@type\":\"ImageObject\",\"inLanguage\":\"fr-FR\",\"@id\":\"https:\/\/www.uni.lu\/fr\/#\/schema\/person\/image\/\",\"url\":\"https:\/\/secure.gravatar.com\/avatar\/6a2e15a24f9036a6aee8753304e46c2d?s=96&d=mm&r=g\",\"contentUrl\":\"https:\/\/secure.gravatar.com\/avatar\/6a2e15a24f9036a6aee8753304e46c2d?s=96&d=mm&r=g\",\"caption\":\"Catherine Clesse\"}}]}<\/script>\n<!-- \/ Yoast SEO Premium plugin. -->","yoast_head_json":{"title":"\u00ab Nous devons placer la personne au centre de l'\u00e9ducation \u00bb - Universit\u00e9 du Luxembourg","description":"Le Prof. Philippe Hiligsmann a rejoint l'Universit\u00e9 en tant que nouveau vice-recteur aux affaires acad\u00e9miques et \u00e9tudiantes. Avec une carri\u00e8re marqu\u00e9e par","robots":{"index":"index","follow":"follow","max-snippet":"max-snippet:-1","max-image-preview":"max-image-preview:large","max-video-preview":"max-video-preview:-1"},"canonical":"https:\/\/www.uni.lu\/fr\/news\/nous-devons-placer-la-personne-au-centre-de-l-education\/","og_locale":"fr_FR","og_type":"article","og_title":"\u00ab Nous devons placer la personne au centre de l'\u00e9ducation \u00bb","og_description":"Le Prof. Philippe Hiligsmann a rejoint l'Universit\u00e9 en tant que nouveau vice-recteur aux affaires acad\u00e9miques et \u00e9tudiantes. Avec une carri\u00e8re marqu\u00e9e par","og_url":"https:\/\/www.uni.lu\/fr\/news\/nous-devons-placer-la-personne-au-centre-de-l-education\/","og_site_name":"UNI FR","article_publisher":"https:\/\/www.facebook.com\/uni.lu","article_modified_time":"2024-11-22T16:09:19+00:00","og_image":[{"width":2048,"height":1366,"url":"https:\/\/www.uni.lu\/wp-content\/uploads\/sites\/11\/2024\/11\/Hiligsmann.jpg","type":"image\/jpeg"}],"twitter_card":"summary_large_image","twitter_misc":{"Dur\u00e9e de lecture estim\u00e9e":"5 minutes"},"schema":{"@context":"https:\/\/schema.org","@graph":[{"@type":"NewsArticle","@id":"https:\/\/www.uni.lu\/fr\/news\/nous-devons-placer-la-personne-au-centre-de-l-education\/#article","isPartOf":{"@id":"https:\/\/www.uni.lu\/fr\/news\/nous-devons-placer-la-personne-au-centre-de-l-education\/"},"author":{"name":"Catherine Clesse","@id":"https:\/\/www.uni.lu\/fr\/#\/schema\/person\/67d3defa53981502bf9cddb74a850c08"},"headline":"\u00ab Nous devons placer la personne au centre de l&rsquo;\u00e9ducation \u00bb","datePublished":"2024-11-22T14:52:31+00:00","dateModified":"2024-11-22T16:09:19+00:00","mainEntityOfPage":{"@id":"https:\/\/www.uni.lu\/fr\/news\/nous-devons-placer-la-personne-au-centre-de-l-education\/"},"wordCount":885,"publisher":{"@id":"https:\/\/www.uni.lu\/fr\/#organization"},"image":{"@id":"https:\/\/www.uni.lu\/fr\/news\/nous-devons-placer-la-personne-au-centre-de-l-education\/#primaryimage"},"thumbnailUrl":"https:\/\/www.uni.lu\/wp-content\/uploads\/sites\/11\/2024\/11\/Hiligsmann.jpg","inLanguage":"fr-FR"},{"@type":"WebPage","@id":"https:\/\/www.uni.lu\/fr\/news\/nous-devons-placer-la-personne-au-centre-de-l-education\/","url":"https:\/\/www.uni.lu\/fr\/news\/nous-devons-placer-la-personne-au-centre-de-l-education\/","name":"\u00ab Nous devons placer la personne au centre de l'\u00e9ducation \u00bb - Universit\u00e9 du Luxembourg","isPartOf":{"@id":"https:\/\/www.uni.lu\/fr\/#website"},"primaryImageOfPage":{"@id":"https:\/\/www.uni.lu\/fr\/news\/nous-devons-placer-la-personne-au-centre-de-l-education\/#primaryimage"},"image":{"@id":"https:\/\/www.uni.lu\/fr\/news\/nous-devons-placer-la-personne-au-centre-de-l-education\/#primaryimage"},"thumbnailUrl":"https:\/\/www.uni.lu\/wp-content\/uploads\/sites\/11\/2024\/11\/Hiligsmann.jpg","datePublished":"2024-11-22T14:52:31+00:00","dateModified":"2024-11-22T16:09:19+00:00","description":"Le Prof. Philippe Hiligsmann a rejoint l'Universit\u00e9 en tant que nouveau vice-recteur aux affaires acad\u00e9miques et \u00e9tudiantes. Avec une carri\u00e8re marqu\u00e9e par","breadcrumb":{"@id":"https:\/\/www.uni.lu\/fr\/news\/nous-devons-placer-la-personne-au-centre-de-l-education\/#breadcrumb"},"inLanguage":"fr-FR","potentialAction":[{"@type":"ReadAction","target":["https:\/\/www.uni.lu\/fr\/news\/nous-devons-placer-la-personne-au-centre-de-l-education\/"]}]},{"@type":"ImageObject","inLanguage":"fr-FR","@id":"https:\/\/www.uni.lu\/fr\/news\/nous-devons-placer-la-personne-au-centre-de-l-education\/#primaryimage","url":"https:\/\/www.uni.lu\/wp-content\/uploads\/sites\/11\/2024\/11\/Hiligsmann.jpg","contentUrl":"https:\/\/www.uni.lu\/wp-content\/uploads\/sites\/11\/2024\/11\/Hiligsmann.jpg","width":2048,"height":1366,"caption":"Prof. Philippe Hiligsmann"},{"@type":"BreadcrumbList","@id":"https:\/\/www.uni.lu\/fr\/news\/nous-devons-placer-la-personne-au-centre-de-l-education\/#breadcrumb","itemListElement":[{"@type":"ListItem","position":1,"name":"Home","item":"https:\/\/www.uni.lu\/fr\/"},{"@type":"ListItem","position":2,"name":"News","item":"https:\/\/www.uni.lu\/fr\/news\/"},{"@type":"ListItem","position":3,"name":"\u00ab Nous devons placer la personne au centre de l'\u00e9ducation \u00bb"}]},{"@type":"WebSite","@id":"https:\/\/www.uni.lu\/fr\/#website","url":"https:\/\/www.uni.lu\/fr\/","name":"Uni.lu","description":"Universit\u00e9 du Luxembourg","publisher":{"@id":"https:\/\/www.uni.lu\/fr\/#organization"},"alternateName":"Universit\u00e9 du Luxembourg","potentialAction":[{"@type":"SearchAction","target":{"@type":"EntryPoint","urlTemplate":"https:\/\/www.uni.lu\/fr\/?s={search_term_string}"},"query-input":"required name=search_term_string"}],"inLanguage":"fr-FR"},{"@type":"Organization","@id":"https:\/\/www.uni.lu\/fr\/#organization","name":"Universit\u00e9 du Luxembourg","alternateName":"Uni.lu","url":"https:\/\/www.uni.lu\/fr\/","logo":{"@type":"ImageObject","inLanguage":"fr-FR","@id":"https:\/\/www.uni.lu\/fr\/#\/schema\/logo\/image\/","url":"https:\/\/www.uni.lu\/wp-content\/uploads\/sites\/11\/2026\/03\/03120045\/UNIV_SM-Profile_1600x1600px-scaled.jpg","contentUrl":"https:\/\/www.uni.lu\/wp-content\/uploads\/sites\/11\/2026\/03\/03120045\/UNIV_SM-Profile_1600x1600px-scaled.jpg","width":2560,"height":2560,"caption":"Universit\u00e9 du Luxembourg"},"image":"https:\/\/www.uni.lu\/wp-content\/uploads\/sites\/11\/2026\/04\/24120552\/20200609-Belval-Campus_Henri-Goergen-23.jpg","sameAs":["https:\/\/www.facebook.com\/uni.lu","https:\/\/www.linkedin.com\/school\/university-of-luxembourg\/","https:\/\/www.instagram.com\/uni.lu","https:\/\/www.youtube.com\/@uni_lu","https:\/\/en.wikipedia.org\/wiki\/University_of_Luxembourg"],"email":"communication@uni.lu","telephone":"+352 46 66 44 1","address":{"@type":"PostalAddress","streetAddress":"2, place de l\u2019Universit\u00e9","addressLocality":"Esch-sur-Alzette","postalCode":"4365","addressCountry":"LU"},"description":"Universit\u00e9 du Luxembourg"},{"@type":"Person","@id":"https:\/\/www.uni.lu\/fr\/#\/schema\/person\/67d3defa53981502bf9cddb74a850c08","name":"Catherine Clesse","image":{"@type":"ImageObject","inLanguage":"fr-FR","@id":"https:\/\/www.uni.lu\/fr\/#\/schema\/person\/image\/","url":"https:\/\/secure.gravatar.com\/avatar\/6a2e15a24f9036a6aee8753304e46c2d?s=96&d=mm&r=g","contentUrl":"https:\/\/secure.gravatar.com\/avatar\/6a2e15a24f9036a6aee8753304e46c2d?s=96&d=mm&r=g","caption":"Catherine Clesse"}}]}},"blog_id":11,"_links":{"self":[{"href":"https:\/\/www.uni.lu\/fr\/wp-json\/wp\/v2\/news\/13262"}],"collection":[{"href":"https:\/\/www.uni.lu\/fr\/wp-json\/wp\/v2\/news"}],"about":[{"href":"https:\/\/www.uni.lu\/fr\/wp-json\/wp\/v2\/types\/news"}],"author":[{"embeddable":true,"href":"https:\/\/www.uni.lu\/fr\/wp-json\/wp\/v2\/users\/341"}],"version-history":[{"count":3,"href":"https:\/\/www.uni.lu\/fr\/wp-json\/wp\/v2\/news\/13262\/revisions"}],"predecessor-version":[{"id":13274,"href":"https:\/\/www.uni.lu\/fr\/wp-json\/wp\/v2\/news\/13262\/revisions\/13274"}],"wp:authorship":[{"embeddable":true,"href":"https:\/\/www.uni.lu\/fr\/wp-json\/wp\/v2\/users\/341"}],"wp:featuredmedia":[{"embeddable":true,"href":"https:\/\/www.uni.lu\/fr\/wp-json\/wp\/v2\/media\/13263"}],"wp:attachment":[{"href":"https:\/\/www.uni.lu\/fr\/wp-json\/wp\/v2\/media?parent=13262"}],"wp:term":[{"taxonomy":"news-category","embeddable":true,"href":"https:\/\/www.uni.lu\/fr\/wp-json\/wp\/v2\/news-category?post=13262"},{"taxonomy":"news-topic","embeddable":true,"href":"https:\/\/www.uni.lu\/fr\/wp-json\/wp\/v2\/news-topic?post=13262"},{"taxonomy":"organisation","embeddable":true,"href":"https:\/\/www.uni.lu\/fr\/wp-json\/wp\/v2\/organisation?post=13262"}],"curies":[{"name":"wp","href":"https:\/\/api.w.org\/{rel}","templated":true}]}}