{"id":1243,"date":"2021-01-20T14:58:47","date_gmt":"2021-01-20T14:58:47","guid":{"rendered":"https:\/\/website.prod.unilu.spikeseed.cloud\/fr\/news\/du-concret-pour-faciliter-les-comportements-ecologiques\/"},"modified":"2021-01-20T14:58:47","modified_gmt":"2021-01-20T14:58:47","slug":"du-concret-pour-faciliter-les-comportements-ecologiques","status":"publish","type":"news","link":"https:\/\/www.uni.lu\/fr\/news\/du-concret-pour-faciliter-les-comportements-ecologiques\/","title":{"rendered":"Du concret pour faciliter les comportements \u00e9cologiques"},"content":{"rendered":"<section class=\"wp-block-unilux-blocks-free-section section\"><div class=\"container xl:max-w-screen-xl\"><p>Que cela soit dans nos exp\u00e9riences quotidiennes ou via des campagnes de sensibilisation, la transition \u00e9cologique est souvent d\u00e9crite en termes de mise en place de comportements \u00e9cologiques versus de r\u00e9duction des comportements non-\u00e9cologiques. Une \u00e9tude publi\u00e9e dans <i>Nature Sustainability<\/i> sugg\u00e8re que cette dualit\u00e9 modulerait la capacit\u00e9 des individus \u00e0 se projeter dans l\u2019adoption de conduites \u00e9cologiques.<\/p><p>Dans le contexte actuel d\u2019urgence \u00e9cologique, nous sommes de plus en plus sensibilis\u00e9s \u00e0 la n\u00e9cessit\u00e9 d\u2019adopter des comportements \u00e9cologiques. Dans l\u2019optique de mieux comprendre les processus c\u00e9r\u00e9braux et cognitifs sous-jacents \u00e0 la mise en place de ces conduites, une \u00e9quipe de chercheurs dirig\u00e9s par le Dr. <a href=\"https:\/\/wwwfr.uni.lu\/recherche\/fhse\/dbcs\/people\/damien_brevers\" target=\"_self\" title=\"\" rel=\"noopener\">Damien Brevers<\/a>\u00a0et le Prof. <a href=\"https:\/\/wwwfr.uni.lu\/recherche\/fhse\/dbcs\/people\/joel_billieux\" target=\"_self\" title=\"\" rel=\"noopener\">Jo\u00ebl Billieux<\/a> de l\u2019Universit\u00e9 du Luxembourg\u00a0ont \u00e9tudi\u00e9 l\u2019activit\u00e9 c\u00e9r\u00e9brale de personnes ayant re\u00e7u la consigne de r\u00e9fl\u00e9chir \u00e0 la faisabilit\u00e9 d\u2019adopter des conduites \u00e9cologiques au quotidien (par exemple, utiliser des tasses \u00e0 caf\u00e9 r\u00e9utilisables).\u00a0<\/p><p>Les chercheurs ont mis en \u00e9vidence que le fait de penser \u00e0 la mani\u00e8re d\u2019augmenter\u00a0(de \u00ab faire plus \u00bb) des comportements pro-\u00e9cologiques active l\u2019hippocampe et le cortex pr\u00e9frontal ventrom\u00e9dian, qui sont des structures c\u00e9r\u00e9brales nous aidant \u00e0 pouvoir imaginer des \u00e9v\u00e9nements futurs en nous basant sur nos connaissances et exp\u00e9riences personnelles encod\u00e9es dans notre m\u00e9moire.<\/p><p>En revanche, le fait de penser \u00e0 la mani\u00e8re de r\u00e9duire des comportements non-\u00e9cologiques est associ\u00e9e \u00e0 une augmentation de l\u2019activation du cortex pr\u00e9frontal dorsolat\u00e9ral droit, qui joue un r\u00f4le central dans le contr\u00f4le volontaire des pens\u00e9es et des comportements. Les chercheurs ont \u00e9galement mis en \u00e9vidence que l\u2019activation du cortex pr\u00e9frontal dorsolat\u00e9ral \u00e9tait associ\u00e9 \u00e0 une diminution de l\u2019activation au niveau de l\u2019hippocampe, qui joue un r\u00f4le cl\u00e9 dans la conservation des souvenirs en m\u00e9moire. Selon les chercheurs, cette dynamique\u00a0d\u2019activation c\u00e9r\u00e9brale sugg\u00e9rerait que le fait de r\u00e9duire les comportements non-\u00e9cologiques implique un processus dans lequel les souvenirs li\u00e9s \u00e0 de tels comportements sont inhib\u00e9s.<\/p><p>Un autre r\u00e9sultat d\u00e9couvert par les chercheurs montre que les participants de l\u2019\u00e9tude ont jug\u00e9 le fait d\u2019augmenter les comportements pro-\u00e9cologiques comme davantage r\u00e9alisable que de diminuer les comportements non-\u00e9cologiques. \u00ab\u00a0Notre \u00e9tude, men\u00e9e sur 86 participants, sugg\u00e8re qu&rsquo;il serait plus efficace d\u2019encourager la mise en place de comportements pro-\u00e9cologiques (par exemple, utiliser davantage les transports en commun) que d\u2019inciter \u00e0 la r\u00e9duction des comportements non-\u00e9cologiques (par exemple, moins utiliser la voiture)\u00a0\u00bb explique le Dr. Damien Brevers.<\/p><p>Les r\u00e9sultats de cette \u00e9tude sont susceptibles d\u2019avoir un impact important dans nos soci\u00e9t\u00e9s o\u00f9 la crise du changement climatique est souvent d\u00e9crite comme un d\u00e9fi \u00ab d\u2019auto-contr\u00f4le \u00bb, c\u2019est-\u00e0-dire, centr\u00e9 sur la ma\u00eetrise de soi. Les individus sont en effet encourag\u00e9s \u00e0 \u00e9viter la tentation des comportements non-\u00e9cologiques (par exemple, surconsommer, prendre l\u2019avion) en vue d\u2019atteindre des objectifs sur le long terme (la pr\u00e9servation de l&rsquo;environnement et des ressources naturelles). Or, les r\u00e9sultats de cette \u00e9tude indiquent que le d\u00e9veloppement d&rsquo;habitudes pro-\u00e9cologiques ne devrait pas se limiter \u00e0 une opposition entre conduite non-\u00e9cologique (les \u00ab mauvaises habitudes \u00bb) et conduites pro-\u00e9cologiques (les \u00ab bonnes habitudes\u00a0\u00bb), mais devrait plut\u00f4t se focaliser sur la mani\u00e8re d\u2019impl\u00e9menter de mani\u00e8re optimale (quand et dans quel contexte) des comportements \u00e9cologiques.<\/p><p><strong>Article:\u00a0<\/strong>Brevers D, Baeken C, Maurage P, Sescousse G, V\u00f6gele C, Billieux J. Brain mechanisms underlying prospective thinking of sustainable behaviors. Nat Sustain (2021). <a href=\"https:\/\/doi.org\/10.1038\/s41893-020-00658-3\" target=\"_blank\" title=\"\" rel=\"noopener\">https:\/\/doi.org\/10.1038\/s41893-020-00658-3<\/a><\/p><\/div><\/section>","protected":false},"excerpt":{"rendered":"<p>Que cela soit dans nos exp\u00e9riences quotidiennes ou via des campagnes de sensibilisation, la transition \u00e9cologique est souvent d\u00e9crite en termes de mise en place de comportements \u00e9cologiques versus de r\u00e9duction des comportements non-\u00e9cologiques. Une \u00e9tude publi\u00e9e dans Nature Sustainability sugg\u00e8re que cette dualit\u00e9 modulerait la capacit\u00e9 des individus \u00e0 se projeter dans l\u2019adoption de conduites \u00e9cologiques.<\/p>\n","protected":false},"author":0,"featured_media":0,"template":"","format":"standard","meta":{"featured_image_focal_point":[],"show_featured_caption":false,"ulux_newsletter_groups":"","uluxPostTitle":"","uluxPrePostTitle":"","_trash_the_other_posts":false,"_price":"","_stock":"","_tribe_ticket_header":"","_tribe_default_ticket_provider":"","_tribe_ticket_capacity":"0","_ticket_start_date":"","_ticket_end_date":"","_tribe_ticket_show_description":"","_tribe_ticket_show_not_going":false,"_tribe_ticket_use_global_stock":"","_tribe_ticket_global_stock_level":"","_global_stock_mode":"","_global_stock_cap":"","_tribe_rsvp_for_event":"","_tribe_ticket_going_count":"","_tribe_ticket_not_going_count":"","_tribe_tickets_list":"[]","_tribe_ticket_has_attendee_info_fields":false},"news-category":[3],"news-topic":[],"organisation":[147,226],"authorship":[],"acf":[],"yoast_head":"<!-- This site is optimized with the Yoast SEO Premium plugin v22.3 (Yoast SEO v22.3) - https:\/\/yoast.com\/wordpress\/plugins\/seo\/ -->\n<title>Du concret pour faciliter les comportements \u00e9cologiques - Universit\u00e9 du Luxembourg<\/title>\n<meta name=\"description\" content=\"Que cela soit dans nos exp\u00e9riences quotidiennes ou via des campagnes de sensibilisation, la transition \u00e9cologique est souvent d\u00e9crite en termes de mise en place de comportements \u00e9cologiques versus de r\u00e9duction des comportements non-\u00e9cologiques. Une \u00e9tude publi\u00e9e dans Nature Sustainability sugg\u00e8re que cette dualit\u00e9 modulerait la capacit\u00e9 des individus \u00e0 se projeter dans l\u2019adoption de conduites \u00e9cologiques.\" \/>\n<meta name=\"robots\" content=\"index, follow, max-snippet:-1, max-image-preview:large, max-video-preview:-1\" \/>\n<link rel=\"canonical\" href=\"https:\/\/www.uni.lu\/fr\/news\/du-concret-pour-faciliter-les-comportements-ecologiques\/\" \/>\n<meta property=\"og:locale\" content=\"fr_FR\" \/>\n<meta property=\"og:type\" content=\"article\" \/>\n<meta property=\"og:title\" content=\"Du concret pour faciliter les comportements \u00e9cologiques\" \/>\n<meta property=\"og:description\" content=\"Que cela soit dans nos exp\u00e9riences quotidiennes ou via des campagnes de sensibilisation, la transition \u00e9cologique est souvent d\u00e9crite en termes de mise en place de comportements \u00e9cologiques versus de r\u00e9duction des comportements non-\u00e9cologiques. Une \u00e9tude publi\u00e9e dans Nature Sustainability sugg\u00e8re que cette dualit\u00e9 modulerait la capacit\u00e9 des individus \u00e0 se projeter dans l\u2019adoption de conduites \u00e9cologiques.\" \/>\n<meta property=\"og:url\" content=\"https:\/\/www.uni.lu\/fr\/news\/du-concret-pour-faciliter-les-comportements-ecologiques\/\" \/>\n<meta property=\"og:site_name\" content=\"UNI FR\" \/>\n<meta property=\"article:publisher\" content=\"https:\/\/www.facebook.com\/uni.lu\" \/>\n<meta property=\"og:image\" content=\"https:\/\/www.uni.lu\/wp-content\/uploads\/sites\/11\/2021\/01\/du_concret_pour_faciliter_les_comportements_ecologiques.jpg\" \/>\n\t<meta property=\"og:image:width\" content=\"800\" \/>\n\t<meta property=\"og:image:height\" content=\"600\" \/>\n\t<meta property=\"og:image:type\" content=\"image\/jpeg\" \/>\n<meta name=\"twitter:card\" content=\"summary_large_image\" \/>\n<meta name=\"twitter:label1\" content=\"Dur\u00e9e de lecture estim\u00e9e\" \/>\n\t<meta name=\"twitter:data1\" content=\"3 minutes\" \/>\n<script type=\"application\/ld+json\" class=\"yoast-schema-graph\">{\"@context\":\"https:\/\/schema.org\",\"@graph\":[{\"@type\":\"NewsArticle\",\"@id\":\"https:\/\/www.uni.lu\/fr\/news\/du-concret-pour-faciliter-les-comportements-ecologiques\/#article\",\"isPartOf\":{\"@id\":\"https:\/\/www.uni.lu\/fr\/news\/du-concret-pour-faciliter-les-comportements-ecologiques\/\"},\"author\":{\"name\":\"\",\"@id\":\"\"},\"headline\":\"Du concret pour faciliter les comportements \u00e9cologiques\",\"datePublished\":\"2021-01-20T14:58:47+00:00\",\"dateModified\":\"2021-01-20T14:58:47+00:00\",\"mainEntityOfPage\":{\"@id\":\"https:\/\/www.uni.lu\/fr\/news\/du-concret-pour-faciliter-les-comportements-ecologiques\/\"},\"wordCount\":629,\"publisher\":{\"@id\":\"https:\/\/www.uni.lu\/fr\/#organization\"},\"inLanguage\":\"fr-FR\"},{\"@type\":\"WebPage\",\"@id\":\"https:\/\/www.uni.lu\/fr\/news\/du-concret-pour-faciliter-les-comportements-ecologiques\/\",\"url\":\"https:\/\/www.uni.lu\/fr\/news\/du-concret-pour-faciliter-les-comportements-ecologiques\/\",\"name\":\"Du concret pour faciliter les comportements \u00e9cologiques - Universit\u00e9 du Luxembourg\",\"isPartOf\":{\"@id\":\"https:\/\/www.uni.lu\/fr\/#website\"},\"datePublished\":\"2021-01-20T14:58:47+00:00\",\"dateModified\":\"2021-01-20T14:58:47+00:00\",\"description\":\"Que cela soit dans nos exp\u00e9riences quotidiennes ou via des campagnes de sensibilisation, la transition \u00e9cologique est souvent d\u00e9crite en termes de mise en place de comportements \u00e9cologiques versus de r\u00e9duction des comportements non-\u00e9cologiques. Une \u00e9tude publi\u00e9e dans Nature Sustainability sugg\u00e8re que cette dualit\u00e9 modulerait la capacit\u00e9 des individus \u00e0 se projeter dans l\u2019adoption de conduites \u00e9cologiques.\",\"breadcrumb\":{\"@id\":\"https:\/\/www.uni.lu\/fr\/news\/du-concret-pour-faciliter-les-comportements-ecologiques\/#breadcrumb\"},\"inLanguage\":\"fr-FR\",\"potentialAction\":[{\"@type\":\"ReadAction\",\"target\":[\"https:\/\/www.uni.lu\/fr\/news\/du-concret-pour-faciliter-les-comportements-ecologiques\/\"]}]},{\"@type\":\"BreadcrumbList\",\"@id\":\"https:\/\/www.uni.lu\/fr\/news\/du-concret-pour-faciliter-les-comportements-ecologiques\/#breadcrumb\",\"itemListElement\":[{\"@type\":\"ListItem\",\"position\":1,\"name\":\"Home\",\"item\":\"https:\/\/www.uni.lu\/fr\/\"},{\"@type\":\"ListItem\",\"position\":2,\"name\":\"News\",\"item\":\"https:\/\/www.uni.lu\/fr\/news\/\"},{\"@type\":\"ListItem\",\"position\":3,\"name\":\"Du concret pour faciliter les comportements \u00e9cologiques\"}]},{\"@type\":\"WebSite\",\"@id\":\"https:\/\/www.uni.lu\/fr\/#website\",\"url\":\"https:\/\/www.uni.lu\/fr\/\",\"name\":\"Uni.lu\",\"description\":\"Universit\u00e9 du Luxembourg\",\"publisher\":{\"@id\":\"https:\/\/www.uni.lu\/fr\/#organization\"},\"alternateName\":\"Universit\u00e9 du Luxembourg\",\"potentialAction\":[{\"@type\":\"SearchAction\",\"target\":{\"@type\":\"EntryPoint\",\"urlTemplate\":\"https:\/\/www.uni.lu\/fr\/?s={search_term_string}\"},\"query-input\":\"required name=search_term_string\"}],\"inLanguage\":\"fr-FR\"},{\"@type\":\"Organization\",\"@id\":\"https:\/\/www.uni.lu\/fr\/#organization\",\"name\":\"Universit\u00e9 du Luxembourg\",\"alternateName\":\"Uni.lu\",\"url\":\"https:\/\/www.uni.lu\/fr\/\",\"logo\":{\"@type\":\"ImageObject\",\"inLanguage\":\"fr-FR\",\"@id\":\"https:\/\/www.uni.lu\/fr\/#\/schema\/logo\/image\/\",\"url\":\"https:\/\/www.uni.lu\/wp-content\/uploads\/sites\/11\/2026\/03\/03120045\/UNIV_SM-Profile_1600x1600px-scaled.jpg\",\"contentUrl\":\"https:\/\/www.uni.lu\/wp-content\/uploads\/sites\/11\/2026\/03\/03120045\/UNIV_SM-Profile_1600x1600px-scaled.jpg\",\"width\":2560,\"height\":2560,\"caption\":\"Universit\u00e9 du Luxembourg\"},\"image\":\"https:\/\/www.uni.lu\/wp-content\/uploads\/sites\/11\/2026\/04\/24120552\/20200609-Belval-Campus_Henri-Goergen-23.jpg\",\"sameAs\":[\"https:\/\/www.facebook.com\/uni.lu\",\"https:\/\/www.linkedin.com\/school\/university-of-luxembourg\/\",\"https:\/\/www.instagram.com\/uni.lu\",\"https:\/\/www.youtube.com\/@uni_lu\",\"https:\/\/en.wikipedia.org\/wiki\/University_of_Luxembourg\"],\"email\":\"communication@uni.lu\",\"telephone\":\"+352 46 66 44 1\",\"address\":{\"@type\":\"PostalAddress\",\"streetAddress\":\"2, place de l\u2019Universit\u00e9\",\"addressLocality\":\"Esch-sur-Alzette\",\"postalCode\":\"4365\",\"addressCountry\":\"LU\"},\"description\":\"Universit\u00e9 du Luxembourg\"}]}<\/script>\n<!-- \/ Yoast SEO Premium plugin. -->","yoast_head_json":{"title":"Du concret pour faciliter les comportements \u00e9cologiques - Universit\u00e9 du Luxembourg","description":"Que cela soit dans nos exp\u00e9riences quotidiennes ou via des campagnes de sensibilisation, la transition \u00e9cologique est souvent d\u00e9crite en termes de mise en place de comportements \u00e9cologiques versus de r\u00e9duction des comportements non-\u00e9cologiques. Une \u00e9tude publi\u00e9e dans Nature Sustainability sugg\u00e8re que cette dualit\u00e9 modulerait la capacit\u00e9 des individus \u00e0 se projeter dans l\u2019adoption de conduites \u00e9cologiques.","robots":{"index":"index","follow":"follow","max-snippet":"max-snippet:-1","max-image-preview":"max-image-preview:large","max-video-preview":"max-video-preview:-1"},"canonical":"https:\/\/www.uni.lu\/fr\/news\/du-concret-pour-faciliter-les-comportements-ecologiques\/","og_locale":"fr_FR","og_type":"article","og_title":"Du concret pour faciliter les comportements \u00e9cologiques","og_description":"Que cela soit dans nos exp\u00e9riences quotidiennes ou via des campagnes de sensibilisation, la transition \u00e9cologique est souvent d\u00e9crite en termes de mise en place de comportements \u00e9cologiques versus de r\u00e9duction des comportements non-\u00e9cologiques. Une \u00e9tude publi\u00e9e dans Nature Sustainability sugg\u00e8re que cette dualit\u00e9 modulerait la capacit\u00e9 des individus \u00e0 se projeter dans l\u2019adoption de conduites \u00e9cologiques.","og_url":"https:\/\/www.uni.lu\/fr\/news\/du-concret-pour-faciliter-les-comportements-ecologiques\/","og_site_name":"UNI FR","article_publisher":"https:\/\/www.facebook.com\/uni.lu","og_image":[{"width":800,"height":600,"url":"https:\/\/www.uni.lu\/wp-content\/uploads\/sites\/11\/2021\/01\/du_concret_pour_faciliter_les_comportements_ecologiques.jpg","type":"image\/jpeg"}],"twitter_card":"summary_large_image","twitter_misc":{"Dur\u00e9e de lecture estim\u00e9e":"3 minutes"},"schema":{"@context":"https:\/\/schema.org","@graph":[{"@type":"NewsArticle","@id":"https:\/\/www.uni.lu\/fr\/news\/du-concret-pour-faciliter-les-comportements-ecologiques\/#article","isPartOf":{"@id":"https:\/\/www.uni.lu\/fr\/news\/du-concret-pour-faciliter-les-comportements-ecologiques\/"},"author":{"name":"","@id":""},"headline":"Du concret pour faciliter les comportements \u00e9cologiques","datePublished":"2021-01-20T14:58:47+00:00","dateModified":"2021-01-20T14:58:47+00:00","mainEntityOfPage":{"@id":"https:\/\/www.uni.lu\/fr\/news\/du-concret-pour-faciliter-les-comportements-ecologiques\/"},"wordCount":629,"publisher":{"@id":"https:\/\/www.uni.lu\/fr\/#organization"},"inLanguage":"fr-FR"},{"@type":"WebPage","@id":"https:\/\/www.uni.lu\/fr\/news\/du-concret-pour-faciliter-les-comportements-ecologiques\/","url":"https:\/\/www.uni.lu\/fr\/news\/du-concret-pour-faciliter-les-comportements-ecologiques\/","name":"Du concret pour faciliter les comportements \u00e9cologiques - Universit\u00e9 du Luxembourg","isPartOf":{"@id":"https:\/\/www.uni.lu\/fr\/#website"},"datePublished":"2021-01-20T14:58:47+00:00","dateModified":"2021-01-20T14:58:47+00:00","description":"Que cela soit dans nos exp\u00e9riences quotidiennes ou via des campagnes de sensibilisation, la transition \u00e9cologique est souvent d\u00e9crite en termes de mise en place de comportements \u00e9cologiques versus de r\u00e9duction des comportements non-\u00e9cologiques. Une \u00e9tude publi\u00e9e dans Nature Sustainability sugg\u00e8re que cette dualit\u00e9 modulerait la capacit\u00e9 des individus \u00e0 se projeter dans l\u2019adoption de conduites \u00e9cologiques.","breadcrumb":{"@id":"https:\/\/www.uni.lu\/fr\/news\/du-concret-pour-faciliter-les-comportements-ecologiques\/#breadcrumb"},"inLanguage":"fr-FR","potentialAction":[{"@type":"ReadAction","target":["https:\/\/www.uni.lu\/fr\/news\/du-concret-pour-faciliter-les-comportements-ecologiques\/"]}]},{"@type":"BreadcrumbList","@id":"https:\/\/www.uni.lu\/fr\/news\/du-concret-pour-faciliter-les-comportements-ecologiques\/#breadcrumb","itemListElement":[{"@type":"ListItem","position":1,"name":"Home","item":"https:\/\/www.uni.lu\/fr\/"},{"@type":"ListItem","position":2,"name":"News","item":"https:\/\/www.uni.lu\/fr\/news\/"},{"@type":"ListItem","position":3,"name":"Du concret pour faciliter les comportements \u00e9cologiques"}]},{"@type":"WebSite","@id":"https:\/\/www.uni.lu\/fr\/#website","url":"https:\/\/www.uni.lu\/fr\/","name":"Uni.lu","description":"Universit\u00e9 du Luxembourg","publisher":{"@id":"https:\/\/www.uni.lu\/fr\/#organization"},"alternateName":"Universit\u00e9 du Luxembourg","potentialAction":[{"@type":"SearchAction","target":{"@type":"EntryPoint","urlTemplate":"https:\/\/www.uni.lu\/fr\/?s={search_term_string}"},"query-input":"required name=search_term_string"}],"inLanguage":"fr-FR"},{"@type":"Organization","@id":"https:\/\/www.uni.lu\/fr\/#organization","name":"Universit\u00e9 du Luxembourg","alternateName":"Uni.lu","url":"https:\/\/www.uni.lu\/fr\/","logo":{"@type":"ImageObject","inLanguage":"fr-FR","@id":"https:\/\/www.uni.lu\/fr\/#\/schema\/logo\/image\/","url":"https:\/\/www.uni.lu\/wp-content\/uploads\/sites\/11\/2026\/03\/03120045\/UNIV_SM-Profile_1600x1600px-scaled.jpg","contentUrl":"https:\/\/www.uni.lu\/wp-content\/uploads\/sites\/11\/2026\/03\/03120045\/UNIV_SM-Profile_1600x1600px-scaled.jpg","width":2560,"height":2560,"caption":"Universit\u00e9 du Luxembourg"},"image":"https:\/\/www.uni.lu\/wp-content\/uploads\/sites\/11\/2026\/04\/24120552\/20200609-Belval-Campus_Henri-Goergen-23.jpg","sameAs":["https:\/\/www.facebook.com\/uni.lu","https:\/\/www.linkedin.com\/school\/university-of-luxembourg\/","https:\/\/www.instagram.com\/uni.lu","https:\/\/www.youtube.com\/@uni_lu","https:\/\/en.wikipedia.org\/wiki\/University_of_Luxembourg"],"email":"communication@uni.lu","telephone":"+352 46 66 44 1","address":{"@type":"PostalAddress","streetAddress":"2, place de l\u2019Universit\u00e9","addressLocality":"Esch-sur-Alzette","postalCode":"4365","addressCountry":"LU"},"description":"Universit\u00e9 du Luxembourg"}]}},"blog_id":11,"_links":{"self":[{"href":"https:\/\/www.uni.lu\/fr\/wp-json\/wp\/v2\/news\/1243"}],"collection":[{"href":"https:\/\/www.uni.lu\/fr\/wp-json\/wp\/v2\/news"}],"about":[{"href":"https:\/\/www.uni.lu\/fr\/wp-json\/wp\/v2\/types\/news"}],"version-history":[{"count":0,"href":"https:\/\/www.uni.lu\/fr\/wp-json\/wp\/v2\/news\/1243\/revisions"}],"wp:attachment":[{"href":"https:\/\/www.uni.lu\/fr\/wp-json\/wp\/v2\/media?parent=1243"}],"wp:term":[{"taxonomy":"news-category","embeddable":true,"href":"https:\/\/www.uni.lu\/fr\/wp-json\/wp\/v2\/news-category?post=1243"},{"taxonomy":"news-topic","embeddable":true,"href":"https:\/\/www.uni.lu\/fr\/wp-json\/wp\/v2\/news-topic?post=1243"},{"taxonomy":"organisation","embeddable":true,"href":"https:\/\/www.uni.lu\/fr\/wp-json\/wp\/v2\/organisation?post=1243"}],"curies":[{"name":"wp","href":"https:\/\/api.w.org\/{rel}","templated":true}]}}