{"id":1220,"date":"2021-01-08T14:11:27","date_gmt":"2021-01-08T14:11:27","guid":{"rendered":"https:\/\/website.prod.unilu.spikeseed.cloud\/fr\/news\/luniversite-nouveautes-sur-les-ouvertures\/"},"modified":"2023-09-22T11:41:02","modified_gmt":"2023-09-22T09:41:02","slug":"luniversite-nouveautes-sur-les-ouvertures","status":"publish","type":"news","link":"https:\/\/www.uni.lu\/fr\/news\/luniversite-nouveautes-sur-les-ouvertures\/","title":{"rendered":"L&rsquo;Universit\u00e9 : nouveaut\u00e9s sur les ouvertures"},"content":{"rendered":"\n<section class=\"wp-block-unilux-blocks-free-section section\"><div class=\"container xl:max-w-screen-xl\">\n<p><strong>Service et administration :&nbsp;<\/strong>Les membres du personnel sont encourag\u00e9s \u00e0 travailler \u00e0 distance si la nature de leur travail le permet. L&rsquo;organisation du travail doit \u00eatre convenue avec les superviseurs \/ gestionnaires.<\/p>\n\n\n\n<p><strong>Examens :&nbsp;<\/strong>Les examens de fin de semestre se d\u00e9rouleront \u00e0 distance. Un nombre limit\u00e9 d&rsquo;examens en personne sera accept\u00e9 s\u2019ils n\u00e9cessitent une pr\u00e9sence physique. La p\u00e9riode d&rsquo;examen de fin de semestre est prolong\u00e9e pour inclure la semaine des r\u00e9visions ; elle commence le 4 janvier et se termine le 6 f\u00e9vrier 2021.<\/p>\n\n\n\n<p><strong>Visiteurs :&nbsp;<\/strong>Les visiteurs doivent respecter les mesures de s\u00e9curit\u00e9 en place. L&rsquo;identit\u00e9 des visiteurs, les heures de visite et les d\u00e9partements visit\u00e9s doivent \u00eatre document\u00e9s en r\u00e9ception pour les besoins \u00e9ventuels de tra\u00e7age de contact. Les contacts par t\u00e9l\u00e9phone, e-mail, t\u00e9l\u00e9conf\u00e9rence et autres moyens similaires sont pr\u00e9f\u00e9r\u00e9s. Les masques doivent \u00eatre port\u00e9s dans tous les b\u00e2timents de l&rsquo;Universit\u00e9 et la distance sociale doit \u00eatre respect\u00e9e.<\/p>\n\n\n\n<p>Les <strong>services aux \u00e9tudiants<\/strong> disponibles sont list\u00e9s ci-dessous.<\/p>\n\n\n\n<p><strong>Services aux \u00e9tudiants<\/strong>&nbsp;are available as follows. It is recommended to prioritise contact by email.<\/p>\n\n\n\n<p><strong>SEVE<\/strong><\/p>\n\n\n\n<ul class=\"ulux-list\">\n<li class=\"ulux-list-item\">Les heures d&rsquo;ouverture du SEVE sont du lundi au vendredi de 13 \u00e0 17 heures. Pour limiter le trafic sur les lieux, il est n\u00e9cessaire de prendre rendez-vous via l\u2019application <a title=\"\" href=\"https:\/\/affluences.com\/universite-du-luxembourg-1\" target=\"_blank\" rel=\"noopener\">Affluences<\/a>. Les bureaux administratifs de SEVE sont \u00e9galement joignables par e-mail <strong>SEVE:<\/strong>\u00a0<a href=\"https:\/\/www.uni.lu\/en\/about\/organisation\/administration\/seve\/\">Student Service (SEVE)<\/a><\/li>\n\n\n\n<li class=\"ulux-list-item\"><strong>Vie estudiantine :&nbsp;<\/strong>La plupart des activit\u00e9s et \u00e9v\u00e9nements d\u2019\u00e9tudiants ont \u00e9t\u00e9 annul\u00e9s. Le <a href=\"https:\/\/wwwfr.uni.lu\/etudiants\/participation_des_etudiants\/student_lounge\" target=\"_self\" title=\"\" rel=\"noopener\">Student Lounge Belval<\/a>&nbsp;reste ouvert avec des r\u00e8gles de s\u00e9curit\u00e9 en place. Pour plus d&rsquo;informations sur les activit\u00e9s d\u2019\u00e9tudiants, merci de contacter <a href=\"mailto:studentlife@uni.lu\" target=\"_self\" title=\"\" rel=\"noopener\">studentlife@uni.lu<\/a>.<\/li>\n\n\n\n<li class=\"ulux-list-item\"><strong>Sant\u00e9 mentale et inclusion :&nbsp;<\/strong>L&rsquo;\u00e9quipe de soutien aux \u00e9tudiants est disponible via vid\u00e9oconf\u00e9rence, WhatsApp, e-mail et t\u00e9l\u00e9phone. Lorsque cela est n\u00e9cessaire et possible, des r\u00e9unions en face \u00e0 face avec un membre de l&rsquo;\u00e9quipe peuvent \u00eatre organis\u00e9es. Pour prendre rendez-vous avec l&rsquo;un des membres de notre \u00e9quipe, veuillez suivre les instructions sur la page <strong><a href=\"https:\/\/wwwfr.uni.lu\/umatter\/appointment\" target=\"_self\" title=\"\" rel=\"noopener\">umatter.uni.lu<\/a><\/strong>.<\/li>\n\n\n\n<li class=\"ulux-list-item\"><strong>Sports, art et bien-\u00eatre sur le campus :&nbsp;<\/strong>Les cours Campus Life seront offerts en vid\u00e9oconference ce trimestre. Comme le format peut \u00e9voluer, des informations et des mises \u00e0 jour peuvent \u00eatre trouv\u00e9es sur le <a href=\"https:\/\/wwwfr.uni.lu\/etudiants\/culture_art_sport_bien_etre\" target=\"_self\" title=\"\" rel=\"noopener\">site internet<\/a>.<\/li>\n\n\n\n<li class=\"ulux-list-item\"><strong>Bureau d&rsquo;\u00e9tudes doctorales :&nbsp;<\/strong>Pour les rendez-vous en personne, veuillez utiliser l\u2019application Affluences. Les questions peuvent \u00e9galement \u00eatre soumises par e-mail \u00e0 <a href=\"mailto:phdstudies@uni.lu\" target=\"_self\" title=\"\" rel=\"noopener\">phdstudies@uni.lu<\/a>.<\/li>\n<\/ul>\n\n\n\n<p><\/p>\n\n\n\n<p><strong>Luxembourg Learning Centre :&nbsp;&nbsp;<\/strong>Le LLC reprend ses heures d&rsquo;ouverture normales le 11 janvier&nbsp;: du lundi au vendredi de 8 \u00e0 22 heures et le samedi de 8 \u00e0 17 heures.<\/p>\n\n\n\n<p>Votre espace de travail doit \u00eatre r\u00e9serv\u00e9 via l\u2019application <a href=\"https:\/\/affluences.com\/universite-du-luxembourg-1\/luxembourg-learning-centre\" target=\"_blank\" title=\"\" rel=\"noopener\">Affluences<\/a>. Pour des raisons de s\u00e9curit\u00e9, les espaces de travail du groupe restent ferm\u00e9s. Le port du masque est obligatoire \u00e0 tout moment sauf en position assise sur un lieu de travail. Les utilisateurs sont invit\u00e9s \u00e0 se d\u00e9sinfecter les mains avant de toucher des livres ou des \u00e9tag\u00e8res. Le mobilier et les espaces de travail ont \u00e9t\u00e9 adapt\u00e9s pour permettre une distance adapt\u00e9e entre les utilisateurs. Par cons\u00e9quent, les meubles ne peuvent pas \u00eatre d\u00e9plac\u00e9s. Les nouveaux \u00e9tudiants et les utilisateurs qui souhaitent s&rsquo;inscrire pour la premi\u00e8re fois peuvent prendre rendez-vous via Affluence. Plus d&rsquo;informations sur <a href=\"https:\/\/wwwfr.uni.lu\/luxembourg_learning_centre\" target=\"_self\" title=\"\" rel=\"noopener\">la page internet du LLC<\/a>.<\/p>\n\n\n\n<p><strong>Career Centre :&nbsp;<\/strong>Le conseil \u00e9tudiant se poursuit, cependant, nous demandons aux \u00e9tudiants d&rsquo;adresser leurs demandes par e-mail \u00e0 <a href=\"mailto:careercentre@uni.lu\" target=\"_self\" title=\"\" rel=\"noopener\">careercentre@uni.lu<\/a>. Les ateliers seront donn\u00e9s par vid\u00e9oconf\u00e9rence.<\/p>\n\n\n\n<p><strong>Entrepreneurship Programme et l\u2019incubateur de l&rsquo;Universit\u00e9 :&nbsp;<\/strong>Des conseils sur les projets d\u2019entreprenariat sont offerts en personne mais aussi par e-mail. Les ateliers et \u00e9v\u00e9nements seront organis\u00e9s en format hybride ou enti\u00e8rement sous forme de webinaires ou autres m\u00e9thodes \u00e0 distance. Plus d&rsquo;informations sont disponibles sur la page internet ou en \u00e9crivant \u00e0 <a href=\"mailto:incubator@uni.lu\" target=\"_self\" title=\"\" rel=\"noopener\">incubator@uni.lu<\/a>.<\/p>\n\n\n\n<p><strong>Competence Centre :&nbsp;<\/strong>La plupart des formations seront donn\u00e9s \u00e0 distance. Dans des cas exceptionnels lorsque l&rsquo;enseignement num\u00e9rique n&rsquo;est pas possible, les cours seront dispens\u00e9s en classe.<\/p>\n\n\n\n<p><strong>Institut Confucius <\/strong>:&nbsp;L&rsquo;Institut Confucius propose des cours en ligne.<\/p>\n\n\n\n<p><strong>Espace Cultures&nbsp;<\/strong>:&nbsp;L&rsquo;Espace Cultures sera propos\u00e9 en mode enligne pour l&rsquo;instant. Comme ceci peut \u00e9voluer, des informations et des mises \u00e0 jour sur les programmes peuvent \u00eatre trouv\u00e9es sur le <a href=\"https:\/\/wwwfr.uni.lu\/etudiants\/culture_art_sport_bien_etre\" target=\"_self\" title=\"\" rel=\"noopener\">site internet<\/a> respectivement dans le Flash Culture hebdomadaire.<\/p>\n\n\n\n<p><strong>Cantines et restaurants :<\/strong><\/p>\n\n\n\n<p>Les caf\u00e9t\u00e9rias et restaurants du campus sont ferm\u00e9s du <strong>19 d\u00e9cembre au 10 janvier<\/strong>. \u00c0 partir du 11 janvier, les restaurants suivants rouvriront leurs portes<\/p>\n\n\n\n<ul class=\"ulux-list\">\n<li class=\"ulux-list-item\">Food House sur le campus de Belval<\/li>\n\n\n\n<li class=\"ulux-list-item\">Altius et Brasserie John&rsquo;s sur le campus de Kirchberg<\/li>\n\n\n\n<li class=\"ulux-list-item\">Um Weier sur le campus de Limpertsberg&nbsp;<\/li>\n<\/ul>\n<\/div><\/section>\n","protected":false},"excerpt":{"rendered":"<p>Service et administration :\u00a0Les membres du personnel sont encourag\u00e9s \u00e0 travailler \u00e0 distance si la nature de leur travail le permet. L&rsquo;organisation du travail doit \u00eatre convenue avec les superviseurs \/ gestionnaires.<\/p>\n","protected":false},"author":44,"featured_media":0,"template":"","format":"standard","meta":{"featured_image_focal_point":[],"show_featured_caption":false,"ulux_newsletter_groups":"","uluxPostTitle":"","uluxPrePostTitle":"","_trash_the_other_posts":false,"_price":"","_stock":"","_tribe_ticket_header":"","_tribe_default_ticket_provider":"","_tribe_ticket_capacity":"0","_ticket_start_date":"","_ticket_end_date":"","_tribe_ticket_show_description":"","_tribe_ticket_show_not_going":false,"_tribe_ticket_use_global_stock":"","_tribe_ticket_global_stock_level":"","_global_stock_mode":"","_global_stock_cap":"","_tribe_rsvp_for_event":"","_tribe_ticket_going_count":"","_tribe_ticket_not_going_count":"","_tribe_tickets_list":"[]","_tribe_ticket_has_attendee_info_fields":false},"news-category":[3],"news-topic":[],"organisation":[226],"authorship":[44],"acf":[],"yoast_head":"<!-- This site is optimized with the Yoast SEO Premium plugin v22.3 (Yoast SEO v22.3) - https:\/\/yoast.com\/wordpress\/plugins\/seo\/ -->\n<title>L&#039;Universit\u00e9 : nouveaut\u00e9s sur les ouvertures - Universit\u00e9 du Luxembourg<\/title>\n<meta name=\"description\" content=\"Service et administration :\u00a0Les membres du personnel sont encourag\u00e9s \u00e0 travailler \u00e0 distance si la nature de leur travail le permet. L&#039;organisation du travail doit \u00eatre convenue avec les superviseurs \/ gestionnaires.\" \/>\n<meta name=\"robots\" content=\"index, follow, max-snippet:-1, max-image-preview:large, max-video-preview:-1\" \/>\n<link rel=\"canonical\" href=\"https:\/\/www.uni.lu\/fr\/news\/\" \/>\n<meta property=\"og:locale\" content=\"fr_FR\" \/>\n<meta property=\"og:type\" content=\"article\" \/>\n<meta property=\"og:title\" content=\"L&#039;Universit\u00e9 : nouveaut\u00e9s sur les ouvertures\" \/>\n<meta property=\"og:description\" content=\"Service et administration :\u00a0Les membres du personnel sont encourag\u00e9s \u00e0 travailler \u00e0 distance si la nature de leur travail le permet. L&#039;organisation du travail doit \u00eatre convenue avec les superviseurs \/ gestionnaires.\" \/>\n<meta property=\"og:url\" content=\"https:\/\/www.uni.lu\/fr\/news\/\" \/>\n<meta property=\"og:site_name\" content=\"UNI FR\" \/>\n<meta property=\"article:publisher\" content=\"https:\/\/www.facebook.com\/uni.lu\" \/>\n<meta property=\"article:modified_time\" content=\"2023-09-22T09:41:02+00:00\" \/>\n<meta property=\"og:image\" content=\"https:\/\/www.uni.lu\/wp-content\/uploads\/sites\/11\/2021\/01\/l_universite_nouveautes_sur_les_ouvertures.jpg\" \/>\n\t<meta property=\"og:image:width\" content=\"800\" \/>\n\t<meta property=\"og:image:height\" content=\"600\" \/>\n\t<meta property=\"og:image:type\" content=\"image\/jpeg\" \/>\n<meta name=\"twitter:card\" content=\"summary_large_image\" \/>\n<meta name=\"twitter:label1\" content=\"Dur\u00e9e de lecture estim\u00e9e\" \/>\n\t<meta name=\"twitter:data1\" content=\"4 minutes\" \/>\n<script type=\"application\/ld+json\" class=\"yoast-schema-graph\">{\"@context\":\"https:\/\/schema.org\",\"@graph\":[{\"@type\":\"NewsArticle\",\"@id\":\"https:\/\/www.uni.lu\/fr\/news\/#article\",\"isPartOf\":{\"@id\":\"https:\/\/www.uni.lu\/fr\/news\/\"},\"author\":{\"name\":\"Eunice\",\"@id\":\"https:\/\/www.uni.lu\/fr\/#\/schema\/person\/17dbc4a6ec9d969d266bcfb8d8e06279\"},\"headline\":\"L&rsquo;Universit\u00e9 : nouveaut\u00e9s sur les ouvertures\",\"datePublished\":\"2021-01-08T14:11:27+00:00\",\"dateModified\":\"2023-09-22T09:41:02+00:00\",\"mainEntityOfPage\":{\"@id\":\"https:\/\/www.uni.lu\/fr\/news\/\"},\"wordCount\":815,\"publisher\":{\"@id\":\"https:\/\/www.uni.lu\/fr\/#organization\"},\"inLanguage\":\"fr-FR\"},{\"@type\":\"WebPage\",\"@id\":\"https:\/\/www.uni.lu\/fr\/news\/\",\"url\":\"https:\/\/www.uni.lu\/fr\/news\/\",\"name\":\"L'Universit\u00e9 : nouveaut\u00e9s sur les ouvertures - Universit\u00e9 du Luxembourg\",\"isPartOf\":{\"@id\":\"https:\/\/www.uni.lu\/fr\/#website\"},\"datePublished\":\"2021-01-08T14:11:27+00:00\",\"dateModified\":\"2023-09-22T09:41:02+00:00\",\"description\":\"Service et administration :\u00a0Les membres du personnel sont encourag\u00e9s \u00e0 travailler \u00e0 distance si la nature de leur travail le permet. L'organisation du travail doit \u00eatre convenue avec les superviseurs \/ gestionnaires.\",\"breadcrumb\":{\"@id\":\"https:\/\/www.uni.lu\/fr\/news\/#breadcrumb\"},\"inLanguage\":\"fr-FR\",\"potentialAction\":[{\"@type\":\"ReadAction\",\"target\":[\"https:\/\/www.uni.lu\/fr\/news\/\"]}]},{\"@type\":\"BreadcrumbList\",\"@id\":\"https:\/\/www.uni.lu\/fr\/news\/#breadcrumb\",\"itemListElement\":[{\"@type\":\"ListItem\",\"position\":1,\"name\":\"Home\",\"item\":\"https:\/\/www.uni.lu\/fr\/\"},{\"@type\":\"ListItem\",\"position\":2,\"name\":\"News\",\"item\":\"https:\/\/www.uni.lu\/fr\/news\/\"},{\"@type\":\"ListItem\",\"position\":3,\"name\":\"L&#8217;Universit\u00e9 : nouveaut\u00e9s sur les ouvertures\"}]},{\"@type\":\"WebSite\",\"@id\":\"https:\/\/www.uni.lu\/fr\/#website\",\"url\":\"https:\/\/www.uni.lu\/fr\/\",\"name\":\"Uni.lu\",\"description\":\"Universit\u00e9 du Luxembourg\",\"publisher\":{\"@id\":\"https:\/\/www.uni.lu\/fr\/#organization\"},\"alternateName\":\"Universit\u00e9 du Luxembourg\",\"potentialAction\":[{\"@type\":\"SearchAction\",\"target\":{\"@type\":\"EntryPoint\",\"urlTemplate\":\"https:\/\/www.uni.lu\/fr\/?s={search_term_string}\"},\"query-input\":\"required name=search_term_string\"}],\"inLanguage\":\"fr-FR\"},{\"@type\":\"Organization\",\"@id\":\"https:\/\/www.uni.lu\/fr\/#organization\",\"name\":\"Universit\u00e9 du Luxembourg\",\"alternateName\":\"Uni.lu\",\"url\":\"https:\/\/www.uni.lu\/fr\/\",\"logo\":{\"@type\":\"ImageObject\",\"inLanguage\":\"fr-FR\",\"@id\":\"https:\/\/www.uni.lu\/fr\/#\/schema\/logo\/image\/\",\"url\":\"https:\/\/www.uni.lu\/wp-content\/uploads\/sites\/11\/2026\/03\/03120045\/UNIV_SM-Profile_1600x1600px-scaled.jpg\",\"contentUrl\":\"https:\/\/www.uni.lu\/wp-content\/uploads\/sites\/11\/2026\/03\/03120045\/UNIV_SM-Profile_1600x1600px-scaled.jpg\",\"width\":2560,\"height\":2560,\"caption\":\"Universit\u00e9 du Luxembourg\"},\"image\":\"https:\/\/www.uni.lu\/wp-content\/uploads\/sites\/11\/2026\/04\/24120552\/20200609-Belval-Campus_Henri-Goergen-23.jpg\",\"sameAs\":[\"https:\/\/www.facebook.com\/uni.lu\",\"https:\/\/www.linkedin.com\/school\/university-of-luxembourg\/\",\"https:\/\/www.instagram.com\/uni.lu\",\"https:\/\/www.youtube.com\/@uni_lu\",\"https:\/\/en.wikipedia.org\/wiki\/University_of_Luxembourg\"],\"email\":\"communication@uni.lu\",\"telephone\":\"+352 46 66 44 1\",\"address\":{\"@type\":\"PostalAddress\",\"streetAddress\":\"2, place de l\u2019Universit\u00e9\",\"addressLocality\":\"Esch-sur-Alzette\",\"postalCode\":\"4365\",\"addressCountry\":\"LU\"},\"description\":\"Universit\u00e9 du Luxembourg\"},{\"@type\":\"Person\",\"@id\":\"https:\/\/www.uni.lu\/fr\/#\/schema\/person\/17dbc4a6ec9d969d266bcfb8d8e06279\",\"name\":\"Eunice\",\"image\":{\"@type\":\"ImageObject\",\"inLanguage\":\"fr-FR\",\"@id\":\"https:\/\/www.uni.lu\/fr\/#\/schema\/person\/image\/\",\"url\":\"https:\/\/secure.gravatar.com\/avatar\/dff9d86d63de4fa4c270ac204a61e8a8?s=96&d=mm&r=g\",\"contentUrl\":\"https:\/\/secure.gravatar.com\/avatar\/dff9d86d63de4fa4c270ac204a61e8a8?s=96&d=mm&r=g\",\"caption\":\"Eunice\"},\"birthDate\":\"1991-12-20\",\"gender\":\"female\",\"jobTitle\":\"Web editor\",\"worksFor\":\"University of Luxembourg\"}]}<\/script>\n<!-- \/ Yoast SEO Premium plugin. -->","yoast_head_json":{"title":"L'Universit\u00e9 : nouveaut\u00e9s sur les ouvertures - Universit\u00e9 du Luxembourg","description":"Service et administration :\u00a0Les membres du personnel sont encourag\u00e9s \u00e0 travailler \u00e0 distance si la nature de leur travail le permet. L'organisation du travail doit \u00eatre convenue avec les superviseurs \/ gestionnaires.","robots":{"index":"index","follow":"follow","max-snippet":"max-snippet:-1","max-image-preview":"max-image-preview:large","max-video-preview":"max-video-preview:-1"},"canonical":"https:\/\/www.uni.lu\/fr\/news\/","og_locale":"fr_FR","og_type":"article","og_title":"L'Universit\u00e9 : nouveaut\u00e9s sur les ouvertures","og_description":"Service et administration :\u00a0Les membres du personnel sont encourag\u00e9s \u00e0 travailler \u00e0 distance si la nature de leur travail le permet. L'organisation du travail doit \u00eatre convenue avec les superviseurs \/ gestionnaires.","og_url":"https:\/\/www.uni.lu\/fr\/news\/","og_site_name":"UNI FR","article_publisher":"https:\/\/www.facebook.com\/uni.lu","article_modified_time":"2023-09-22T09:41:02+00:00","og_image":[{"width":800,"height":600,"url":"https:\/\/www.uni.lu\/wp-content\/uploads\/sites\/11\/2021\/01\/l_universite_nouveautes_sur_les_ouvertures.jpg","type":"image\/jpeg"}],"twitter_card":"summary_large_image","twitter_misc":{"Dur\u00e9e de lecture estim\u00e9e":"4 minutes"},"schema":{"@context":"https:\/\/schema.org","@graph":[{"@type":"NewsArticle","@id":"https:\/\/www.uni.lu\/fr\/news\/#article","isPartOf":{"@id":"https:\/\/www.uni.lu\/fr\/news\/"},"author":{"name":"Eunice","@id":"https:\/\/www.uni.lu\/fr\/#\/schema\/person\/17dbc4a6ec9d969d266bcfb8d8e06279"},"headline":"L&rsquo;Universit\u00e9 : nouveaut\u00e9s sur les ouvertures","datePublished":"2021-01-08T14:11:27+00:00","dateModified":"2023-09-22T09:41:02+00:00","mainEntityOfPage":{"@id":"https:\/\/www.uni.lu\/fr\/news\/"},"wordCount":815,"publisher":{"@id":"https:\/\/www.uni.lu\/fr\/#organization"},"inLanguage":"fr-FR"},{"@type":"WebPage","@id":"https:\/\/www.uni.lu\/fr\/news\/","url":"https:\/\/www.uni.lu\/fr\/news\/","name":"L'Universit\u00e9 : nouveaut\u00e9s sur les ouvertures - Universit\u00e9 du Luxembourg","isPartOf":{"@id":"https:\/\/www.uni.lu\/fr\/#website"},"datePublished":"2021-01-08T14:11:27+00:00","dateModified":"2023-09-22T09:41:02+00:00","description":"Service et administration :\u00a0Les membres du personnel sont encourag\u00e9s \u00e0 travailler \u00e0 distance si la nature de leur travail le permet. L'organisation du travail doit \u00eatre convenue avec les superviseurs \/ gestionnaires.","breadcrumb":{"@id":"https:\/\/www.uni.lu\/fr\/news\/#breadcrumb"},"inLanguage":"fr-FR","potentialAction":[{"@type":"ReadAction","target":["https:\/\/www.uni.lu\/fr\/news\/"]}]},{"@type":"BreadcrumbList","@id":"https:\/\/www.uni.lu\/fr\/news\/#breadcrumb","itemListElement":[{"@type":"ListItem","position":1,"name":"Home","item":"https:\/\/www.uni.lu\/fr\/"},{"@type":"ListItem","position":2,"name":"News","item":"https:\/\/www.uni.lu\/fr\/news\/"},{"@type":"ListItem","position":3,"name":"L&#8217;Universit\u00e9 : nouveaut\u00e9s sur les ouvertures"}]},{"@type":"WebSite","@id":"https:\/\/www.uni.lu\/fr\/#website","url":"https:\/\/www.uni.lu\/fr\/","name":"Uni.lu","description":"Universit\u00e9 du Luxembourg","publisher":{"@id":"https:\/\/www.uni.lu\/fr\/#organization"},"alternateName":"Universit\u00e9 du Luxembourg","potentialAction":[{"@type":"SearchAction","target":{"@type":"EntryPoint","urlTemplate":"https:\/\/www.uni.lu\/fr\/?s={search_term_string}"},"query-input":"required name=search_term_string"}],"inLanguage":"fr-FR"},{"@type":"Organization","@id":"https:\/\/www.uni.lu\/fr\/#organization","name":"Universit\u00e9 du Luxembourg","alternateName":"Uni.lu","url":"https:\/\/www.uni.lu\/fr\/","logo":{"@type":"ImageObject","inLanguage":"fr-FR","@id":"https:\/\/www.uni.lu\/fr\/#\/schema\/logo\/image\/","url":"https:\/\/www.uni.lu\/wp-content\/uploads\/sites\/11\/2026\/03\/03120045\/UNIV_SM-Profile_1600x1600px-scaled.jpg","contentUrl":"https:\/\/www.uni.lu\/wp-content\/uploads\/sites\/11\/2026\/03\/03120045\/UNIV_SM-Profile_1600x1600px-scaled.jpg","width":2560,"height":2560,"caption":"Universit\u00e9 du Luxembourg"},"image":"https:\/\/www.uni.lu\/wp-content\/uploads\/sites\/11\/2026\/04\/24120552\/20200609-Belval-Campus_Henri-Goergen-23.jpg","sameAs":["https:\/\/www.facebook.com\/uni.lu","https:\/\/www.linkedin.com\/school\/university-of-luxembourg\/","https:\/\/www.instagram.com\/uni.lu","https:\/\/www.youtube.com\/@uni_lu","https:\/\/en.wikipedia.org\/wiki\/University_of_Luxembourg"],"email":"communication@uni.lu","telephone":"+352 46 66 44 1","address":{"@type":"PostalAddress","streetAddress":"2, place de l\u2019Universit\u00e9","addressLocality":"Esch-sur-Alzette","postalCode":"4365","addressCountry":"LU"},"description":"Universit\u00e9 du Luxembourg"},{"@type":"Person","@id":"https:\/\/www.uni.lu\/fr\/#\/schema\/person\/17dbc4a6ec9d969d266bcfb8d8e06279","name":"Eunice","image":{"@type":"ImageObject","inLanguage":"fr-FR","@id":"https:\/\/www.uni.lu\/fr\/#\/schema\/person\/image\/","url":"https:\/\/secure.gravatar.com\/avatar\/dff9d86d63de4fa4c270ac204a61e8a8?s=96&d=mm&r=g","contentUrl":"https:\/\/secure.gravatar.com\/avatar\/dff9d86d63de4fa4c270ac204a61e8a8?s=96&d=mm&r=g","caption":"Eunice"},"birthDate":"1991-12-20","gender":"female","jobTitle":"Web editor","worksFor":"University of Luxembourg"}]}},"blog_id":11,"_links":{"self":[{"href":"https:\/\/www.uni.lu\/fr\/wp-json\/wp\/v2\/news\/1220"}],"collection":[{"href":"https:\/\/www.uni.lu\/fr\/wp-json\/wp\/v2\/news"}],"about":[{"href":"https:\/\/www.uni.lu\/fr\/wp-json\/wp\/v2\/types\/news"}],"author":[{"embeddable":true,"href":"https:\/\/www.uni.lu\/fr\/wp-json\/wp\/v2\/users\/44"}],"version-history":[{"count":2,"href":"https:\/\/www.uni.lu\/fr\/wp-json\/wp\/v2\/news\/1220\/revisions"}],"predecessor-version":[{"id":2521,"href":"https:\/\/www.uni.lu\/fr\/wp-json\/wp\/v2\/news\/1220\/revisions\/2521"}],"wp:authorship":[{"embeddable":true,"href":"https:\/\/www.uni.lu\/fr\/wp-json\/wp\/v2\/users\/44"}],"wp:attachment":[{"href":"https:\/\/www.uni.lu\/fr\/wp-json\/wp\/v2\/media?parent=1220"}],"wp:term":[{"taxonomy":"news-category","embeddable":true,"href":"https:\/\/www.uni.lu\/fr\/wp-json\/wp\/v2\/news-category?post=1220"},{"taxonomy":"news-topic","embeddable":true,"href":"https:\/\/www.uni.lu\/fr\/wp-json\/wp\/v2\/news-topic?post=1220"},{"taxonomy":"organisation","embeddable":true,"href":"https:\/\/www.uni.lu\/fr\/wp-json\/wp\/v2\/organisation?post=1220"}],"curies":[{"name":"wp","href":"https:\/\/api.w.org\/{rel}","templated":true}]}}