{"id":11871,"date":"2024-06-27T16:53:29","date_gmt":"2024-06-27T14:53:29","guid":{"rendered":"https:\/\/www.uni.lu\/fr\/?post_type=news&#038;p=11871"},"modified":"2024-06-27T17:22:54","modified_gmt":"2024-06-27T15:22:54","slug":"linterdisciplinarite-une-specialite-pour-l-uni-lu","status":"publish","type":"news","link":"https:\/\/www.uni.lu\/fr\/news\/linterdisciplinarite-une-specialite-pour-l-uni-lu\/","title":{"rendered":"L\u2019interdisciplinarit\u00e9, une sp\u00e9cialit\u00e9 pour l\u2019Uni.lu"},"content":{"rendered":"\n<section class=\"wp-block-unilux-blocks-free-section section\"><div class=\"container xl:max-w-screen-xl\">\n<h2 class=\"has-text-align-left wp-block-unilux-blocks-heading\"        id=\"quel-est-le-point-commun-entre-leonard-de-vinci-et-luniversite-du-luxembourg-linterdisciplinarite\"\n    >\n<strong>Quel est le point commun entre Leonard de Vinci et l\u2019Universit\u00e9 du Luxembourg ?<\/strong> <strong>L\u2019interdisciplinarit\u00e9<\/strong><\/h2>\n\n\n\n<p>Tandis que le Ma\u00eetre s\u2019est fait conna\u00eetre aussi bien pour sa ma\u00eetrise des arts, de la science, de l\u2019anatomie ou encore de l\u2019architecture, l\u2019Universit\u00e9 du Luxembourg compte elle aussi une s\u00e9rie de domaines d\u2019\u00e9tudes qui collaborent les uns avec les autres.<\/p>\n\n\n\n<p>\u00ab <em>L\u2019interdisciplinarit\u00e9 figure parmi les priorit\u00e9s de l\u2019Uni.lu<\/em> \u00bb, a soulign\u00e9 son recteur <a href=\"https:\/\/www.uni.lu\/fstm-en\/people\/jens-kreisel\/\">Jens Kreisel<\/a> ce jeudi 27 juin \u00e0 l\u2019occasion du salon Nexus 2050 ax\u00e9 sur les nouvelles technologies. Parmi elles, l\u2019intelligence artificielle occupe une part importante du devant de la sc\u00e8ne : \u00ab <em>L\u2019IA va alimenter l\u2019interdisciplinarit\u00e9<\/em> \u00bb, a soulign\u00e9 dans sa pr\u00e9sentation Jens Kreisel.<\/p>\n\n\n\n<p><strong>Une rupture aux cons\u00e9quences impr\u00e9visibles<\/strong><\/p>\n\n\n\n<p>Face \u00e0 l\u2019\u00e9mergence des m\u00e9gatendances que sont la sant\u00e9, la digitalisation et la durabilit\u00e9, les opportunit\u00e9s de faire collaborer ces domaines sont nombreuses.<\/p>\n\n\n\n<p>L\u2019intelligence artificielle est-elle transversale ou profonde ? \u00ab <em>Je suis convaincu que ce sont les deux<\/em> ! \u00bb, a insist\u00e9 Jens Kreisel. Cette branche renferme tant de savoirs diff\u00e9rents et des tendances impr\u00e9visibles qu\u2019une chose est certaine : une rupture se profile mais on ignore o\u00f9 elle nous m\u00e8nera.<\/p>\n\n\n\n<p>La deuxi\u00e8me journ\u00e9e du salon Nexus 2050 a \u00e9t\u00e9 marqu\u00e9e par la pr\u00e9sence de nombreux orateurs de l\u2019Universit\u00e9 du Luxembourg. <a href=\"https:\/\/www.uni.lu\/snt-en\/people\/raphael-frank\/\">Rapha\u00ebl Frank<\/a>, <a href=\"https:\/\/www.uni.lu\/snt-en\/people\/djamila-aouada\/\">Djamila Aouada<\/a>, et <a href=\"https:\/\/www.uni.lu\/fhse-en\/people\/anja-leist\/\">Anja Leist<\/a> ont foul\u00e9 la sc\u00e8ne de Luxexpo The Box et partag\u00e9 leurs connaissances avec les participants du forum. L\u2019ancienne \u00e9tudiante Mara Kroth, fondatrice de GoldenMe, figurait aussi parmi les panelistes.<\/p>\n\n\n\n<p><sub>Photo \u00a9 University of Luxembourg<\/sub><\/p>\n<\/div><\/section>\n\n\n\n<section class=\"py-0 wp-block-unilux-blocks-free-section section\"><div class=\"container xl:max-w-screen-xl\">\n<h2 class=\"has-text-align-left wp-block-unilux-blocks-heading\"        id=\"a-lire-aussi\"\n    >\n\u00c0 lire aussi<\/h2>\n\n\n\n<ul class=\"wp-block-unilux-blocks-news-card-group flex flex-wrap -mx-16\"><li class=\"w-full sm:w-1\/2 px-16 lg:w-1\/3 w-full px-16 sm:w-1\/2 lg:w-1\/3 wp-block-unilux-blocks-news-card\">\n    <div class=\"ulux-card card-news bg-theme\">\n        <div class=\"ulux-card__container\">\n            <div class=\"ulux-card__visual\">\n                <img decoding=\"async\" class=\"w-full\" src=\"https:\/\/www.uni.lu\/wp-content\/uploads\/sites\/5\/2024\/06\/nexus-2050-university-of-luxembourg-snt-booth-5-300x225.png\" srcset=\"https:\/\/www.uni.lu\/wp-content\/uploads\/sites\/5\/2024\/06\/nexus-2050-university-of-luxembourg-snt-booth-5-768x576.png 768w, https:\/\/www.uni.lu\/wp-content\/uploads\/sites\/5\/2024\/06\/nexus-2050-university-of-luxembourg-snt-booth-5-300x225.png 300w, https:\/\/www.uni.lu\/wp-content\/uploads\/sites\/5\/2024\/06\/nexus-2050-university-of-luxembourg-snt-booth-5-1024x768.png 1024w, https:\/\/www.uni.lu\/wp-content\/uploads\/sites\/5\/2024\/06\/nexus-2050-university-of-luxembourg-snt-booth-5.png 1224w\" sizes=\"(max-width: 768px) 100vw, 768px\" alt=\"\" \/>\n            <\/div>\n\n            <div class=\"ulux-card__body\">\n                <h3 class=\"ulux-card__title break-words\">Glimpse exciting research at Nexus 2050!<\/h3>\n                <div class=\"ulux-card__category break-words\">Outreach<\/div>\n                <time class=\"ulux-card__date break-words\"\n                        datetime=\"2024-06-26\">26 juin 2024<\/time>\n                <div class=\"ulux-card__topic break-words\">Autonomous Systems, Computer Science &amp; ICT, Finance, Psychology, Neurosciences &amp; Behavioural Economics<\/div>\n                <a class=\"ulux-card__link link-text link-absolute\"\n                    href=\"https:\/\/www.uni.lu\/snt-en\/news\/glimpse-exciting-research-at-nexus-2050\/\"\n                    target=\"\">\n                    <span class=\"link-text__name\">En savoir plus<\/span>\n                    <svg aria-hidden=\"true\" focusable=\"false\" class=\"icon icon-outline icon--arrow-right icon--2xs\"><use xlink:href=\"https:\/\/www.uni.lu\/wp-content\/themes\/unilux-theme\/assets\/images\/icons\/icons-outline.svg#icon--arrow-right\"><\/use><\/svg>                <\/a>\n            <\/div>\n        <\/div>\n    <\/div>\n<\/li>\n\n\n<li class=\"w-full sm:w-1\/2 px-16 lg:w-1\/3 w-full px-16 sm:w-1\/2 lg:w-1\/3 wp-block-unilux-blocks-news-card\">\n    <div class=\"ulux-card card-news bg-theme\">\n        <div class=\"ulux-card__container\">\n            <div class=\"ulux-card__visual\">\n                <img decoding=\"async\" class=\"w-full\" src=\"https:\/\/www.uni.lu\/wp-content\/uploads\/sites\/9\/2024\/03\/GoldenMe_founders-300x225.png\" srcset=\"https:\/\/www.uni.lu\/wp-content\/uploads\/sites\/9\/2024\/03\/GoldenMe_founders-768x575.png 768w, https:\/\/www.uni.lu\/wp-content\/uploads\/sites\/9\/2024\/03\/GoldenMe_founders-300x225.png 300w, https:\/\/www.uni.lu\/wp-content\/uploads\/sites\/9\/2024\/03\/GoldenMe_founders-1024x767.png 1024w, https:\/\/www.uni.lu\/wp-content\/uploads\/sites\/9\/2024\/03\/GoldenMe_founders.png 1166w\" sizes=\"(max-width: 768px) 100vw, 768px\" alt=\"\" \/>\n            <\/div>\n\n            <div class=\"ulux-card__body\">\n                <h3 class=\"ulux-card__title break-words\">GoldenMe: the start-up connecting the older generation<\/h3>\n                <div class=\"ulux-card__category break-words\">Campus Life, Outreach, University<\/div>\n                <time class=\"ulux-card__date break-words\"\n                        datetime=\"2024-03-12\">12 mars 2024<\/time>\n                <div class=\"ulux-card__topic break-words\">Computer Science &amp; ICT, Psychology, Neurosciences &amp; Behavioural Economics<\/div>\n                <a class=\"ulux-card__link link-text link-absolute\"\n                    href=\"https:\/\/www.uni.lu\/en\/news\/goldenme-the-start-up-connecting-the-older-generation\/\"\n                    target=\"\">\n                    <span class=\"link-text__name\">En savoir plus<\/span>\n                    <svg aria-hidden=\"true\" focusable=\"false\" class=\"icon icon-outline icon--arrow-right icon--2xs\"><use xlink:href=\"https:\/\/www.uni.lu\/wp-content\/themes\/unilux-theme\/assets\/images\/icons\/icons-outline.svg#icon--arrow-right\"><\/use><\/svg>                <\/a>\n            <\/div>\n        <\/div>\n    <\/div>\n<\/li>\n<\/ul>\n<\/div><\/section>\n","protected":false},"excerpt":{"rendered":"<p>Quel est le point commun entre Leonard de Vinci et l\u2019Universit\u00e9 du Luxembourg ? L\u2019interdisciplinarit\u00e9.<\/p>\n","protected":false},"author":44,"featured_media":11872,"template":"","format":"standard","meta":{"featured_image_focal_point":[],"show_featured_caption":false,"ulux_newsletter_groups":"","uluxPostTitle":"","uluxPrePostTitle":"","_trash_the_other_posts":false,"_price":"","_stock":"","_tribe_ticket_header":"","_tribe_default_ticket_provider":"","_tribe_ticket_capacity":"0","_ticket_start_date":"","_ticket_end_date":"","_tribe_ticket_show_description":"","_tribe_ticket_show_not_going":false,"_tribe_ticket_use_global_stock":"","_tribe_ticket_global_stock_level":"","_global_stock_mode":"","_global_stock_cap":"","_tribe_rsvp_for_event":"","_tribe_ticket_going_count":"","_tribe_ticket_not_going_count":"","_tribe_tickets_list":"[]","_tribe_ticket_has_attendee_info_fields":false},"news-category":[7],"news-topic":[10],"organisation":[226],"authorship":[44],"acf":[],"yoast_head":"<!-- This site is optimized with the Yoast SEO Premium plugin v22.3 (Yoast SEO v22.3) - https:\/\/yoast.com\/wordpress\/plugins\/seo\/ -->\n<title>L\u2019interdisciplinarit\u00e9, une sp\u00e9cialit\u00e9 pour l\u2019Uni.lu - Uni.lu<\/title>\n<meta name=\"description\" content=\"\u00ab L\u2019interdisciplinarit\u00e9 figure parmi les priorit\u00e9s de l\u2019Uni.lu \u00bb, a soulign\u00e9 son recteur Jens Kreisel \u00e0 l\u2019occasion du salon Nexus 2050.\" \/>\n<meta name=\"robots\" content=\"index, follow, max-snippet:-1, max-image-preview:large, max-video-preview:-1\" \/>\n<link rel=\"canonical\" href=\"https:\/\/www.uni.lu\/fr\/news\/linterdisciplinarite-une-specialite-pour-l-uni-lu\/\" \/>\n<meta property=\"og:locale\" content=\"fr_FR\" \/>\n<meta property=\"og:type\" content=\"article\" \/>\n<meta property=\"og:title\" content=\"L\u2019interdisciplinarit\u00e9, une sp\u00e9cialit\u00e9 pour l\u2019Uni.lu\" \/>\n<meta property=\"og:description\" content=\"Quel est le point commun entre Leonard de Vinci et l\u2019Universit\u00e9 du Luxembourg ? L\u2019interdisciplinarit\u00e9.\" \/>\n<meta property=\"og:url\" content=\"https:\/\/www.uni.lu\/fr\/news\/linterdisciplinarite-une-specialite-pour-l-uni-lu\/\" \/>\n<meta property=\"og:site_name\" content=\"UNI FR\" \/>\n<meta property=\"article:publisher\" content=\"https:\/\/www.facebook.com\/uni.lu\" \/>\n<meta property=\"article:modified_time\" content=\"2024-06-27T15:22:54+00:00\" \/>\n<meta property=\"og:image\" content=\"https:\/\/www.uni.lu\/wp-content\/uploads\/sites\/11\/2024\/06\/Jens-Kreisel_interdisciplinarite-Nexus-2050-Copy.jpg\" \/>\n\t<meta property=\"og:image:width\" content=\"1024\" \/>\n\t<meta property=\"og:image:height\" content=\"768\" \/>\n\t<meta property=\"og:image:type\" content=\"image\/jpeg\" \/>\n<meta name=\"twitter:card\" content=\"summary_large_image\" \/>\n<meta name=\"twitter:label1\" content=\"Dur\u00e9e de lecture estim\u00e9e\" \/>\n\t<meta name=\"twitter:data1\" content=\"2 minutes\" \/>\n<script type=\"application\/ld+json\" class=\"yoast-schema-graph\">{\"@context\":\"https:\/\/schema.org\",\"@graph\":[{\"@type\":\"NewsArticle\",\"@id\":\"https:\/\/www.uni.lu\/fr\/news\/linterdisciplinarite-une-specialite-pour-l-uni-lu\/#article\",\"isPartOf\":{\"@id\":\"https:\/\/www.uni.lu\/fr\/news\/linterdisciplinarite-une-specialite-pour-l-uni-lu\/\"},\"author\":{\"name\":\"Eunice\",\"@id\":\"https:\/\/www.uni.lu\/fr\/#\/schema\/person\/17dbc4a6ec9d969d266bcfb8d8e06279\"},\"headline\":\"L\u2019interdisciplinarit\u00e9, une sp\u00e9cialit\u00e9 pour l\u2019Uni.lu\",\"datePublished\":\"2024-06-27T14:53:29+00:00\",\"dateModified\":\"2024-06-27T15:22:54+00:00\",\"mainEntityOfPage\":{\"@id\":\"https:\/\/www.uni.lu\/fr\/news\/linterdisciplinarite-une-specialite-pour-l-uni-lu\/\"},\"wordCount\":266,\"publisher\":{\"@id\":\"https:\/\/www.uni.lu\/fr\/#organization\"},\"image\":{\"@id\":\"https:\/\/www.uni.lu\/fr\/news\/linterdisciplinarite-une-specialite-pour-l-uni-lu\/#primaryimage\"},\"thumbnailUrl\":\"https:\/\/www.uni.lu\/wp-content\/uploads\/sites\/11\/2024\/06\/Jens-Kreisel_interdisciplinarite-Nexus-2050-Copy.jpg\",\"inLanguage\":\"fr-FR\"},{\"@type\":\"WebPage\",\"@id\":\"https:\/\/www.uni.lu\/fr\/news\/linterdisciplinarite-une-specialite-pour-l-uni-lu\/\",\"url\":\"https:\/\/www.uni.lu\/fr\/news\/linterdisciplinarite-une-specialite-pour-l-uni-lu\/\",\"name\":\"L\u2019interdisciplinarit\u00e9, une sp\u00e9cialit\u00e9 pour l\u2019Uni.lu - Uni.lu\",\"isPartOf\":{\"@id\":\"https:\/\/www.uni.lu\/fr\/#website\"},\"primaryImageOfPage\":{\"@id\":\"https:\/\/www.uni.lu\/fr\/news\/linterdisciplinarite-une-specialite-pour-l-uni-lu\/#primaryimage\"},\"image\":{\"@id\":\"https:\/\/www.uni.lu\/fr\/news\/linterdisciplinarite-une-specialite-pour-l-uni-lu\/#primaryimage\"},\"thumbnailUrl\":\"https:\/\/www.uni.lu\/wp-content\/uploads\/sites\/11\/2024\/06\/Jens-Kreisel_interdisciplinarite-Nexus-2050-Copy.jpg\",\"datePublished\":\"2024-06-27T14:53:29+00:00\",\"dateModified\":\"2024-06-27T15:22:54+00:00\",\"description\":\"\u00ab L\u2019interdisciplinarit\u00e9 figure parmi les priorit\u00e9s de l\u2019Uni.lu \u00bb, a soulign\u00e9 son recteur Jens Kreisel \u00e0 l\u2019occasion du salon Nexus 2050.\",\"breadcrumb\":{\"@id\":\"https:\/\/www.uni.lu\/fr\/news\/linterdisciplinarite-une-specialite-pour-l-uni-lu\/#breadcrumb\"},\"inLanguage\":\"fr-FR\",\"potentialAction\":[{\"@type\":\"ReadAction\",\"target\":[\"https:\/\/www.uni.lu\/fr\/news\/linterdisciplinarite-une-specialite-pour-l-uni-lu\/\"]}]},{\"@type\":\"ImageObject\",\"inLanguage\":\"fr-FR\",\"@id\":\"https:\/\/www.uni.lu\/fr\/news\/linterdisciplinarite-une-specialite-pour-l-uni-lu\/#primaryimage\",\"url\":\"https:\/\/www.uni.lu\/wp-content\/uploads\/sites\/11\/2024\/06\/Jens-Kreisel_interdisciplinarite-Nexus-2050-Copy.jpg\",\"contentUrl\":\"https:\/\/www.uni.lu\/wp-content\/uploads\/sites\/11\/2024\/06\/Jens-Kreisel_interdisciplinarite-Nexus-2050-Copy.jpg\",\"width\":1024,\"height\":768,\"caption\":\"Jens Kreisel, Nexus 2050\"},{\"@type\":\"BreadcrumbList\",\"@id\":\"https:\/\/www.uni.lu\/fr\/news\/linterdisciplinarite-une-specialite-pour-l-uni-lu\/#breadcrumb\",\"itemListElement\":[{\"@type\":\"ListItem\",\"position\":1,\"name\":\"Home\",\"item\":\"https:\/\/www.uni.lu\/fr\/\"},{\"@type\":\"ListItem\",\"position\":2,\"name\":\"News\",\"item\":\"https:\/\/www.uni.lu\/fr\/news\/\"},{\"@type\":\"ListItem\",\"position\":3,\"name\":\"L\u2019interdisciplinarit\u00e9, une sp\u00e9cialit\u00e9 pour l\u2019Uni.lu\"}]},{\"@type\":\"WebSite\",\"@id\":\"https:\/\/www.uni.lu\/fr\/#website\",\"url\":\"https:\/\/www.uni.lu\/fr\/\",\"name\":\"Uni.lu\",\"description\":\"Universit\u00e9 du Luxembourg\",\"publisher\":{\"@id\":\"https:\/\/www.uni.lu\/fr\/#organization\"},\"alternateName\":\"Universit\u00e9 du Luxembourg\",\"potentialAction\":[{\"@type\":\"SearchAction\",\"target\":{\"@type\":\"EntryPoint\",\"urlTemplate\":\"https:\/\/www.uni.lu\/fr\/?s={search_term_string}\"},\"query-input\":\"required name=search_term_string\"}],\"inLanguage\":\"fr-FR\"},{\"@type\":\"Organization\",\"@id\":\"https:\/\/www.uni.lu\/fr\/#organization\",\"name\":\"Universit\u00e9 du Luxembourg\",\"alternateName\":\"Uni.lu\",\"url\":\"https:\/\/www.uni.lu\/fr\/\",\"logo\":{\"@type\":\"ImageObject\",\"inLanguage\":\"fr-FR\",\"@id\":\"https:\/\/www.uni.lu\/fr\/#\/schema\/logo\/image\/\",\"url\":\"https:\/\/www.uni.lu\/wp-content\/uploads\/sites\/11\/2026\/03\/03120045\/UNIV_SM-Profile_1600x1600px-scaled.jpg\",\"contentUrl\":\"https:\/\/www.uni.lu\/wp-content\/uploads\/sites\/11\/2026\/03\/03120045\/UNIV_SM-Profile_1600x1600px-scaled.jpg\",\"width\":2560,\"height\":2560,\"caption\":\"Universit\u00e9 du Luxembourg\"},\"image\":\"https:\/\/www.uni.lu\/wp-content\/uploads\/sites\/11\/2026\/04\/24120552\/20200609-Belval-Campus_Henri-Goergen-23.jpg\",\"sameAs\":[\"https:\/\/www.facebook.com\/uni.lu\",\"https:\/\/www.linkedin.com\/school\/university-of-luxembourg\/\",\"https:\/\/www.instagram.com\/uni.lu\",\"https:\/\/www.youtube.com\/@uni_lu\",\"https:\/\/en.wikipedia.org\/wiki\/University_of_Luxembourg\"],\"email\":\"communication@uni.lu\",\"telephone\":\"+352 46 66 44 1\",\"address\":{\"@type\":\"PostalAddress\",\"streetAddress\":\"2, place de l\u2019Universit\u00e9\",\"addressLocality\":\"Esch-sur-Alzette\",\"postalCode\":\"4365\",\"addressCountry\":\"LU\"},\"description\":\"Universit\u00e9 du Luxembourg\"},{\"@type\":\"Person\",\"@id\":\"https:\/\/www.uni.lu\/fr\/#\/schema\/person\/17dbc4a6ec9d969d266bcfb8d8e06279\",\"name\":\"Eunice\",\"image\":{\"@type\":\"ImageObject\",\"inLanguage\":\"fr-FR\",\"@id\":\"https:\/\/www.uni.lu\/fr\/#\/schema\/person\/image\/\",\"url\":\"https:\/\/secure.gravatar.com\/avatar\/dff9d86d63de4fa4c270ac204a61e8a8?s=96&d=mm&r=g\",\"contentUrl\":\"https:\/\/secure.gravatar.com\/avatar\/dff9d86d63de4fa4c270ac204a61e8a8?s=96&d=mm&r=g\",\"caption\":\"Eunice\"},\"birthDate\":\"1991-12-20\",\"gender\":\"female\",\"jobTitle\":\"Web editor\",\"worksFor\":\"University of Luxembourg\"}]}<\/script>\n<!-- \/ Yoast SEO Premium plugin. -->","yoast_head_json":{"title":"L\u2019interdisciplinarit\u00e9, une sp\u00e9cialit\u00e9 pour l\u2019Uni.lu - Uni.lu","description":"\u00ab L\u2019interdisciplinarit\u00e9 figure parmi les priorit\u00e9s de l\u2019Uni.lu \u00bb, a soulign\u00e9 son recteur Jens Kreisel \u00e0 l\u2019occasion du salon Nexus 2050.","robots":{"index":"index","follow":"follow","max-snippet":"max-snippet:-1","max-image-preview":"max-image-preview:large","max-video-preview":"max-video-preview:-1"},"canonical":"https:\/\/www.uni.lu\/fr\/news\/linterdisciplinarite-une-specialite-pour-l-uni-lu\/","og_locale":"fr_FR","og_type":"article","og_title":"L\u2019interdisciplinarit\u00e9, une sp\u00e9cialit\u00e9 pour l\u2019Uni.lu","og_description":"Quel est le point commun entre Leonard de Vinci et l\u2019Universit\u00e9 du Luxembourg ? L\u2019interdisciplinarit\u00e9.","og_url":"https:\/\/www.uni.lu\/fr\/news\/linterdisciplinarite-une-specialite-pour-l-uni-lu\/","og_site_name":"UNI FR","article_publisher":"https:\/\/www.facebook.com\/uni.lu","article_modified_time":"2024-06-27T15:22:54+00:00","og_image":[{"width":1024,"height":768,"url":"https:\/\/www.uni.lu\/wp-content\/uploads\/sites\/11\/2024\/06\/Jens-Kreisel_interdisciplinarite-Nexus-2050-Copy.jpg","type":"image\/jpeg"}],"twitter_card":"summary_large_image","twitter_misc":{"Dur\u00e9e de lecture estim\u00e9e":"2 minutes"},"schema":{"@context":"https:\/\/schema.org","@graph":[{"@type":"NewsArticle","@id":"https:\/\/www.uni.lu\/fr\/news\/linterdisciplinarite-une-specialite-pour-l-uni-lu\/#article","isPartOf":{"@id":"https:\/\/www.uni.lu\/fr\/news\/linterdisciplinarite-une-specialite-pour-l-uni-lu\/"},"author":{"name":"Eunice","@id":"https:\/\/www.uni.lu\/fr\/#\/schema\/person\/17dbc4a6ec9d969d266bcfb8d8e06279"},"headline":"L\u2019interdisciplinarit\u00e9, une sp\u00e9cialit\u00e9 pour l\u2019Uni.lu","datePublished":"2024-06-27T14:53:29+00:00","dateModified":"2024-06-27T15:22:54+00:00","mainEntityOfPage":{"@id":"https:\/\/www.uni.lu\/fr\/news\/linterdisciplinarite-une-specialite-pour-l-uni-lu\/"},"wordCount":266,"publisher":{"@id":"https:\/\/www.uni.lu\/fr\/#organization"},"image":{"@id":"https:\/\/www.uni.lu\/fr\/news\/linterdisciplinarite-une-specialite-pour-l-uni-lu\/#primaryimage"},"thumbnailUrl":"https:\/\/www.uni.lu\/wp-content\/uploads\/sites\/11\/2024\/06\/Jens-Kreisel_interdisciplinarite-Nexus-2050-Copy.jpg","inLanguage":"fr-FR"},{"@type":"WebPage","@id":"https:\/\/www.uni.lu\/fr\/news\/linterdisciplinarite-une-specialite-pour-l-uni-lu\/","url":"https:\/\/www.uni.lu\/fr\/news\/linterdisciplinarite-une-specialite-pour-l-uni-lu\/","name":"L\u2019interdisciplinarit\u00e9, une sp\u00e9cialit\u00e9 pour l\u2019Uni.lu - Uni.lu","isPartOf":{"@id":"https:\/\/www.uni.lu\/fr\/#website"},"primaryImageOfPage":{"@id":"https:\/\/www.uni.lu\/fr\/news\/linterdisciplinarite-une-specialite-pour-l-uni-lu\/#primaryimage"},"image":{"@id":"https:\/\/www.uni.lu\/fr\/news\/linterdisciplinarite-une-specialite-pour-l-uni-lu\/#primaryimage"},"thumbnailUrl":"https:\/\/www.uni.lu\/wp-content\/uploads\/sites\/11\/2024\/06\/Jens-Kreisel_interdisciplinarite-Nexus-2050-Copy.jpg","datePublished":"2024-06-27T14:53:29+00:00","dateModified":"2024-06-27T15:22:54+00:00","description":"\u00ab L\u2019interdisciplinarit\u00e9 figure parmi les priorit\u00e9s de l\u2019Uni.lu \u00bb, a soulign\u00e9 son recteur Jens Kreisel \u00e0 l\u2019occasion du salon Nexus 2050.","breadcrumb":{"@id":"https:\/\/www.uni.lu\/fr\/news\/linterdisciplinarite-une-specialite-pour-l-uni-lu\/#breadcrumb"},"inLanguage":"fr-FR","potentialAction":[{"@type":"ReadAction","target":["https:\/\/www.uni.lu\/fr\/news\/linterdisciplinarite-une-specialite-pour-l-uni-lu\/"]}]},{"@type":"ImageObject","inLanguage":"fr-FR","@id":"https:\/\/www.uni.lu\/fr\/news\/linterdisciplinarite-une-specialite-pour-l-uni-lu\/#primaryimage","url":"https:\/\/www.uni.lu\/wp-content\/uploads\/sites\/11\/2024\/06\/Jens-Kreisel_interdisciplinarite-Nexus-2050-Copy.jpg","contentUrl":"https:\/\/www.uni.lu\/wp-content\/uploads\/sites\/11\/2024\/06\/Jens-Kreisel_interdisciplinarite-Nexus-2050-Copy.jpg","width":1024,"height":768,"caption":"Jens Kreisel, Nexus 2050"},{"@type":"BreadcrumbList","@id":"https:\/\/www.uni.lu\/fr\/news\/linterdisciplinarite-une-specialite-pour-l-uni-lu\/#breadcrumb","itemListElement":[{"@type":"ListItem","position":1,"name":"Home","item":"https:\/\/www.uni.lu\/fr\/"},{"@type":"ListItem","position":2,"name":"News","item":"https:\/\/www.uni.lu\/fr\/news\/"},{"@type":"ListItem","position":3,"name":"L\u2019interdisciplinarit\u00e9, une sp\u00e9cialit\u00e9 pour l\u2019Uni.lu"}]},{"@type":"WebSite","@id":"https:\/\/www.uni.lu\/fr\/#website","url":"https:\/\/www.uni.lu\/fr\/","name":"Uni.lu","description":"Universit\u00e9 du Luxembourg","publisher":{"@id":"https:\/\/www.uni.lu\/fr\/#organization"},"alternateName":"Universit\u00e9 du Luxembourg","potentialAction":[{"@type":"SearchAction","target":{"@type":"EntryPoint","urlTemplate":"https:\/\/www.uni.lu\/fr\/?s={search_term_string}"},"query-input":"required name=search_term_string"}],"inLanguage":"fr-FR"},{"@type":"Organization","@id":"https:\/\/www.uni.lu\/fr\/#organization","name":"Universit\u00e9 du Luxembourg","alternateName":"Uni.lu","url":"https:\/\/www.uni.lu\/fr\/","logo":{"@type":"ImageObject","inLanguage":"fr-FR","@id":"https:\/\/www.uni.lu\/fr\/#\/schema\/logo\/image\/","url":"https:\/\/www.uni.lu\/wp-content\/uploads\/sites\/11\/2026\/03\/03120045\/UNIV_SM-Profile_1600x1600px-scaled.jpg","contentUrl":"https:\/\/www.uni.lu\/wp-content\/uploads\/sites\/11\/2026\/03\/03120045\/UNIV_SM-Profile_1600x1600px-scaled.jpg","width":2560,"height":2560,"caption":"Universit\u00e9 du Luxembourg"},"image":"https:\/\/www.uni.lu\/wp-content\/uploads\/sites\/11\/2026\/04\/24120552\/20200609-Belval-Campus_Henri-Goergen-23.jpg","sameAs":["https:\/\/www.facebook.com\/uni.lu","https:\/\/www.linkedin.com\/school\/university-of-luxembourg\/","https:\/\/www.instagram.com\/uni.lu","https:\/\/www.youtube.com\/@uni_lu","https:\/\/en.wikipedia.org\/wiki\/University_of_Luxembourg"],"email":"communication@uni.lu","telephone":"+352 46 66 44 1","address":{"@type":"PostalAddress","streetAddress":"2, place de l\u2019Universit\u00e9","addressLocality":"Esch-sur-Alzette","postalCode":"4365","addressCountry":"LU"},"description":"Universit\u00e9 du Luxembourg"},{"@type":"Person","@id":"https:\/\/www.uni.lu\/fr\/#\/schema\/person\/17dbc4a6ec9d969d266bcfb8d8e06279","name":"Eunice","image":{"@type":"ImageObject","inLanguage":"fr-FR","@id":"https:\/\/www.uni.lu\/fr\/#\/schema\/person\/image\/","url":"https:\/\/secure.gravatar.com\/avatar\/dff9d86d63de4fa4c270ac204a61e8a8?s=96&d=mm&r=g","contentUrl":"https:\/\/secure.gravatar.com\/avatar\/dff9d86d63de4fa4c270ac204a61e8a8?s=96&d=mm&r=g","caption":"Eunice"},"birthDate":"1991-12-20","gender":"female","jobTitle":"Web editor","worksFor":"University of Luxembourg"}]}},"blog_id":11,"_links":{"self":[{"href":"https:\/\/www.uni.lu\/fr\/wp-json\/wp\/v2\/news\/11871"}],"collection":[{"href":"https:\/\/www.uni.lu\/fr\/wp-json\/wp\/v2\/news"}],"about":[{"href":"https:\/\/www.uni.lu\/fr\/wp-json\/wp\/v2\/types\/news"}],"author":[{"embeddable":true,"href":"https:\/\/www.uni.lu\/fr\/wp-json\/wp\/v2\/users\/44"}],"version-history":[{"count":4,"href":"https:\/\/www.uni.lu\/fr\/wp-json\/wp\/v2\/news\/11871\/revisions"}],"predecessor-version":[{"id":11883,"href":"https:\/\/www.uni.lu\/fr\/wp-json\/wp\/v2\/news\/11871\/revisions\/11883"}],"wp:authorship":[{"embeddable":true,"href":"https:\/\/www.uni.lu\/fr\/wp-json\/wp\/v2\/users\/44"}],"wp:featuredmedia":[{"embeddable":true,"href":"https:\/\/www.uni.lu\/fr\/wp-json\/wp\/v2\/media\/11872"}],"wp:attachment":[{"href":"https:\/\/www.uni.lu\/fr\/wp-json\/wp\/v2\/media?parent=11871"}],"wp:term":[{"taxonomy":"news-category","embeddable":true,"href":"https:\/\/www.uni.lu\/fr\/wp-json\/wp\/v2\/news-category?post=11871"},{"taxonomy":"news-topic","embeddable":true,"href":"https:\/\/www.uni.lu\/fr\/wp-json\/wp\/v2\/news-topic?post=11871"},{"taxonomy":"organisation","embeddable":true,"href":"https:\/\/www.uni.lu\/fr\/wp-json\/wp\/v2\/organisation?post=11871"}],"curies":[{"name":"wp","href":"https:\/\/api.w.org\/{rel}","templated":true}]}}