{"id":11317,"date":"2024-05-07T11:39:57","date_gmt":"2024-05-07T09:39:57","guid":{"rendered":"https:\/\/www.uni.lu\/fr\/?post_type=news&#038;p=11317"},"modified":"2024-08-08T11:13:06","modified_gmt":"2024-08-08T09:13:06","slug":"pouvoir-voter-selon-ses-orientations-avec-smartwielen","status":"publish","type":"news","link":"https:\/\/www.uni.lu\/fr\/news\/pouvoir-voter-selon-ses-orientations-avec-smartwielen\/","title":{"rendered":"Pouvoir voter selon ses orientations avec Smartwielen"},"content":{"rendered":"\n<section class=\"wp-block-unilux-blocks-free-section section\"><div class=\"container xl:max-w-screen-xl\">\n<p>La plateforme en ligne Smartwielen, coordonn\u00e9e par l\u2019Universit\u00e9 du Luxembourg et le Zentrum fir politesch Bildung, est disponible aux \u00e9lecteurs des \u00e9lections europ\u00e9ennes du 8 mai. Les fonctionnalit\u00e9s ont \u00e9t\u00e9 pr\u00e9sent\u00e9es lors d\u2019une conf\u00e9rence de presse le 6 mai.<\/p>\n\n\n\n<p>Malgr\u00e9 les efforts de communication des partis politiques concernant la pr\u00e9sentation de leurs programmes \u00e9lectoraux, la multiplicit\u00e9 des acteurs engag\u00e9s, le multilinguisme et la complexit\u00e9 du syst\u00e8me \u00e9lectoral peuvent \u00eatre une source de confusion pour de nombreux \u00e9lecteurs. L\u2019objectif de Smartwielen est d\u2019offrir aux \u00e9lecteurs une vue comparative globale entre leur propre position politique et ceux des candidats ou partis, permettant ainsi de faire un choix \u00e9lectoral plus inform\u00e9.<\/p>\n\n\n\n<p>L\u2019outil principal est un questionnaire portant sur divers th\u00e8mes europ\u00e9ens et enjeux politiques. Comme pour les \u00e9lections nationales de 2023, les citoyens et la soci\u00e9t\u00e9 civile \u00e9taient invit\u00e9s \u00e0 proposer des questions \u00e0 l\u2019\u00e9quipe Smartwielen. Pendant vingt jours, plus de 400 questions furent soumises. En tout, 38 affirmations ont \u00e9t\u00e9 s\u00e9lectionn\u00e9es. Parmi celles-ci, 25 sont communes \u00e0 24 pays de l\u2019Unions europ\u00e9enne dans le cadre du projet Votematch. Votematch est une collaboration pan-europ\u00e9enne visant \u00e0 offrir la possibilit\u00e9 \u00e0 tous les utilisateurs de calculer la proximit\u00e9 politique dans les autres pays europ\u00e9ens. Concr\u00e8tement, un utilisateur luxembourgeois pourra d\u00e9couvrir de quel parti il est plus proche par exemple au Portugal, Belgique ou Italie, juste en faisant le test Smartwielen. &nbsp;Les 13 autres affirmations sont sp\u00e9cifiques au Luxembourg.<\/p>\n\n\n\n<p>Le questionnaire a \u00e9t\u00e9 rempli pr\u00e9c\u00e9demment par les candidats individuels et partis politiques aux \u00e9lections europ\u00e9ennes. A ce jour, 12 partis sur 13, et 62 candidats sur 72 ont rempli le questionnaire. Apr\u00e8s avoir r\u00e9pondu \u00e0 son tour au questionnaire, l\u2019utilisateur aper\u00e7oit son \u201cmatching\u201c sous forme d\u2019une liste de candidats et partis et avec des pourcentages, ainsi qu\u2019\u00e0 travers des repr\u00e9sentations graphiques refl\u00e9tant les diff\u00e9rentes dimensions et axes politiques (le smartmap et le smartspider).<\/p>\n\n\n\n<p>Smartwielen est coordonn\u00e9 par le Dr <a href=\"https:\/\/www.uni.lu\/fhse-en\/people\/raphael-kies\/\">Rapha\u00ebl Kies<\/a>, responsable du Plateforme Luxembourgeoise de la D\u00e9mocratie Participative \u00e0 l\u2019Universit\u00e9 et le Dr Marc Schoentgen du <a href=\"https:\/\/zpb.lu\/\" target=\"_blank\" rel=\"noreferrer noopener\">Zentrum fir politesch Bildung<\/a> (ZpB).<\/p>\n\n\n\n<p>Dans le cadre des \u00e9lections, Smartwielen est con\u00e7u comme un outil d\u2019information pour aider les \u00e9lecteurs dans leur orientation politique, sans pour autant faire de recommandation \u00e9lectorale. C\u2019est \u00e9galement un outil d\u2019\u00e9ducation \u00e0 la citoyennet\u00e9. Cette ann\u00e9e, le site internet est disponible en cinq langues&nbsp;: en luxembourgeois, fran\u00e7ais, allemand, anglais et portugais.<\/p>\n\n\n\n<p>Smartwielen a \u00e9t\u00e9 mis en place pour la premi\u00e8re fois lors des \u00e9lections l\u00e9gislatives 2009 et ensuite pour les \u00e9lections europ\u00e9ennes et l\u00e9gislatives suivantes. L\u2019Universit\u00e9 et le ZpB ont entam\u00e9 leur collaboration lors des \u00e9lections l\u00e9gislatives de 2018 et reconduit depuis. En 2023, Smartwielen a \u00e9t\u00e9 consult\u00e9 par 30% des \u00e9lecteurs pour les \u00e9lections l\u00e9gislatives.<\/p>\n\n\n\n<p>D\u00e9couvrez le questionnaire sur sur <a href=\"https:\/\/smartwielen.lu\/\" target=\"_blank\" rel=\"noreferrer noopener\">www.smartwielen.lu<\/a>.<\/p>\n<\/div><\/section>\n","protected":false},"excerpt":{"rendered":"<p>La plateforme en ligne Smartwielen, coordonn\u00e9e par l\u2019Universit\u00e9 du Luxembourg et le Zentrum fir politesch Bildung, est disponible aux \u00e9lecteurs des \u00e9lections europ\u00e9ennes du 8 mai. <\/p>\n","protected":false},"author":91,"featured_media":11320,"template":"","format":"standard","meta":{"featured_image_focal_point":[],"show_featured_caption":false,"ulux_newsletter_groups":"","uluxPostTitle":"","uluxPrePostTitle":"","_trash_the_other_posts":false,"_price":"","_stock":"","_tribe_ticket_header":"","_tribe_default_ticket_provider":"","_tribe_ticket_capacity":"0","_ticket_start_date":"","_ticket_end_date":"","_tribe_ticket_show_description":"","_tribe_ticket_show_not_going":false,"_tribe_ticket_use_global_stock":"","_tribe_ticket_global_stock_level":"","_global_stock_mode":"","_global_stock_cap":"","_tribe_rsvp_for_event":"","_tribe_ticket_going_count":"","_tribe_ticket_not_going_count":"","_tribe_tickets_list":"[]","_tribe_ticket_has_attendee_info_fields":false},"news-category":[9],"news-topic":[17],"organisation":[147],"authorship":[91],"acf":[],"yoast_head":"<!-- This site is optimized with the Yoast SEO Premium plugin v22.3 (Yoast SEO v22.3) - https:\/\/yoast.com\/wordpress\/plugins\/seo\/ -->\n<title>Pouvoir voter selon ses orientations avec Smartwielen - Universit\u00e9 du Luxembourg<\/title>\n<meta name=\"description\" content=\"La plateforme en ligne Smartwielen, coordonn\u00e9e par l\u2019Universit\u00e9 du Luxembourg et le Zentrum fir politesch Bildung, est disponible aux \u00e9lecteurs des \u00e9lections europ\u00e9ennes du 8 mai.\" \/>\n<meta name=\"robots\" content=\"index, follow, max-snippet:-1, max-image-preview:large, max-video-preview:-1\" \/>\n<link rel=\"canonical\" href=\"https:\/\/www.uni.lu\/fr\/news\/pouvoir-voter-selon-ses-orientations-avec-smartwielen\/\" \/>\n<meta property=\"og:locale\" content=\"fr_FR\" \/>\n<meta property=\"og:type\" content=\"article\" \/>\n<meta property=\"og:title\" content=\"Pouvoir voter selon ses orientations avec Smartwielen\" \/>\n<meta property=\"og:description\" content=\"La plateforme en ligne Smartwielen, coordonn\u00e9e par l\u2019Universit\u00e9 du Luxembourg et le Zentrum fir politesch Bildung, est disponible aux \u00e9lecteurs des \u00e9lections europ\u00e9ennes du 8 mai.\" \/>\n<meta property=\"og:url\" content=\"https:\/\/www.uni.lu\/fr\/news\/pouvoir-voter-selon-ses-orientations-avec-smartwielen\/\" \/>\n<meta property=\"og:site_name\" content=\"UNI FR\" \/>\n<meta property=\"article:publisher\" content=\"https:\/\/www.facebook.com\/uni.lu\" \/>\n<meta property=\"article:modified_time\" content=\"2024-08-08T09:13:06+00:00\" \/>\n<meta property=\"og:image\" content=\"https:\/\/www.uni.lu\/wp-content\/uploads\/sites\/11\/2024\/05\/staying-current-with-the-help-of-her-tablet-2023-11-27-05-26-55-utc-scaled.jpg\" \/>\n\t<meta property=\"og:image:width\" content=\"2560\" \/>\n\t<meta property=\"og:image:height\" content=\"1709\" \/>\n\t<meta property=\"og:image:type\" content=\"image\/jpeg\" \/>\n<meta name=\"twitter:card\" content=\"summary_large_image\" \/>\n<meta name=\"twitter:label1\" content=\"Dur\u00e9e de lecture estim\u00e9e\" \/>\n\t<meta name=\"twitter:data1\" content=\"3 minutes\" \/>\n<script type=\"application\/ld+json\" class=\"yoast-schema-graph\">{\"@context\":\"https:\/\/schema.org\",\"@graph\":[{\"@type\":\"NewsArticle\",\"@id\":\"https:\/\/www.uni.lu\/fr\/news\/pouvoir-voter-selon-ses-orientations-avec-smartwielen\/#article\",\"isPartOf\":{\"@id\":\"https:\/\/www.uni.lu\/fr\/news\/pouvoir-voter-selon-ses-orientations-avec-smartwielen\/\"},\"author\":{\"name\":\"lbianchi\",\"@id\":\"https:\/\/www.uni.lu\/fr\/#\/schema\/person\/d9b86b7c2e53fc03137bac4835036477\"},\"headline\":\"Pouvoir voter selon ses orientations avec Smartwielen\",\"datePublished\":\"2024-05-07T09:39:57+00:00\",\"dateModified\":\"2024-08-08T09:13:06+00:00\",\"mainEntityOfPage\":{\"@id\":\"https:\/\/www.uni.lu\/fr\/news\/pouvoir-voter-selon-ses-orientations-avec-smartwielen\/\"},\"wordCount\":493,\"publisher\":{\"@id\":\"https:\/\/www.uni.lu\/fr\/#organization\"},\"image\":{\"@id\":\"https:\/\/www.uni.lu\/fr\/news\/pouvoir-voter-selon-ses-orientations-avec-smartwielen\/#primaryimage\"},\"thumbnailUrl\":\"https:\/\/www.uni.lu\/wp-content\/uploads\/sites\/11\/2024\/05\/staying-current-with-the-help-of-her-tablet-2023-11-27-05-26-55-utc-scaled.jpg\",\"inLanguage\":\"fr-FR\"},{\"@type\":\"WebPage\",\"@id\":\"https:\/\/www.uni.lu\/fr\/news\/pouvoir-voter-selon-ses-orientations-avec-smartwielen\/\",\"url\":\"https:\/\/www.uni.lu\/fr\/news\/pouvoir-voter-selon-ses-orientations-avec-smartwielen\/\",\"name\":\"Pouvoir voter selon ses orientations avec Smartwielen - Universit\u00e9 du Luxembourg\",\"isPartOf\":{\"@id\":\"https:\/\/www.uni.lu\/fr\/#website\"},\"primaryImageOfPage\":{\"@id\":\"https:\/\/www.uni.lu\/fr\/news\/pouvoir-voter-selon-ses-orientations-avec-smartwielen\/#primaryimage\"},\"image\":{\"@id\":\"https:\/\/www.uni.lu\/fr\/news\/pouvoir-voter-selon-ses-orientations-avec-smartwielen\/#primaryimage\"},\"thumbnailUrl\":\"https:\/\/www.uni.lu\/wp-content\/uploads\/sites\/11\/2024\/05\/staying-current-with-the-help-of-her-tablet-2023-11-27-05-26-55-utc-scaled.jpg\",\"datePublished\":\"2024-05-07T09:39:57+00:00\",\"dateModified\":\"2024-08-08T09:13:06+00:00\",\"description\":\"La plateforme en ligne Smartwielen, coordonn\u00e9e par l\u2019Universit\u00e9 du Luxembourg et le Zentrum fir politesch Bildung, est disponible aux \u00e9lecteurs des \u00e9lections europ\u00e9ennes du 8 mai.\",\"breadcrumb\":{\"@id\":\"https:\/\/www.uni.lu\/fr\/news\/pouvoir-voter-selon-ses-orientations-avec-smartwielen\/#breadcrumb\"},\"inLanguage\":\"fr-FR\",\"potentialAction\":[{\"@type\":\"ReadAction\",\"target\":[\"https:\/\/www.uni.lu\/fr\/news\/pouvoir-voter-selon-ses-orientations-avec-smartwielen\/\"]}]},{\"@type\":\"ImageObject\",\"inLanguage\":\"fr-FR\",\"@id\":\"https:\/\/www.uni.lu\/fr\/news\/pouvoir-voter-selon-ses-orientations-avec-smartwielen\/#primaryimage\",\"url\":\"https:\/\/www.uni.lu\/wp-content\/uploads\/sites\/11\/2024\/05\/staying-current-with-the-help-of-her-tablet-2023-11-27-05-26-55-utc-scaled.jpg\",\"contentUrl\":\"https:\/\/www.uni.lu\/wp-content\/uploads\/sites\/11\/2024\/05\/staying-current-with-the-help-of-her-tablet-2023-11-27-05-26-55-utc-scaled.jpg\",\"width\":2560,\"height\":1709,\"caption\":\"Staying current with the help of her tablet.\"},{\"@type\":\"BreadcrumbList\",\"@id\":\"https:\/\/www.uni.lu\/fr\/news\/pouvoir-voter-selon-ses-orientations-avec-smartwielen\/#breadcrumb\",\"itemListElement\":[{\"@type\":\"ListItem\",\"position\":1,\"name\":\"Home\",\"item\":\"https:\/\/www.uni.lu\/fr\/\"},{\"@type\":\"ListItem\",\"position\":2,\"name\":\"News\",\"item\":\"https:\/\/www.uni.lu\/fr\/news\/\"},{\"@type\":\"ListItem\",\"position\":3,\"name\":\"Pouvoir voter selon ses orientations avec Smartwielen\"}]},{\"@type\":\"WebSite\",\"@id\":\"https:\/\/www.uni.lu\/fr\/#website\",\"url\":\"https:\/\/www.uni.lu\/fr\/\",\"name\":\"Uni.lu\",\"description\":\"Universit\u00e9 du Luxembourg\",\"publisher\":{\"@id\":\"https:\/\/www.uni.lu\/fr\/#organization\"},\"alternateName\":\"Universit\u00e9 du Luxembourg\",\"potentialAction\":[{\"@type\":\"SearchAction\",\"target\":{\"@type\":\"EntryPoint\",\"urlTemplate\":\"https:\/\/www.uni.lu\/fr\/?s={search_term_string}\"},\"query-input\":\"required name=search_term_string\"}],\"inLanguage\":\"fr-FR\"},{\"@type\":\"Organization\",\"@id\":\"https:\/\/www.uni.lu\/fr\/#organization\",\"name\":\"Universit\u00e9 du Luxembourg\",\"alternateName\":\"Uni.lu\",\"url\":\"https:\/\/www.uni.lu\/fr\/\",\"logo\":{\"@type\":\"ImageObject\",\"inLanguage\":\"fr-FR\",\"@id\":\"https:\/\/www.uni.lu\/fr\/#\/schema\/logo\/image\/\",\"url\":\"https:\/\/www.uni.lu\/wp-content\/uploads\/sites\/11\/2026\/03\/03120045\/UNIV_SM-Profile_1600x1600px-scaled.jpg\",\"contentUrl\":\"https:\/\/www.uni.lu\/wp-content\/uploads\/sites\/11\/2026\/03\/03120045\/UNIV_SM-Profile_1600x1600px-scaled.jpg\",\"width\":2560,\"height\":2560,\"caption\":\"Universit\u00e9 du Luxembourg\"},\"image\":\"https:\/\/www.uni.lu\/wp-content\/uploads\/sites\/11\/2026\/04\/24120552\/20200609-Belval-Campus_Henri-Goergen-23.jpg\",\"sameAs\":[\"https:\/\/www.facebook.com\/uni.lu\",\"https:\/\/www.linkedin.com\/school\/university-of-luxembourg\/\",\"https:\/\/www.instagram.com\/uni.lu\",\"https:\/\/www.youtube.com\/@uni_lu\",\"https:\/\/en.wikipedia.org\/wiki\/University_of_Luxembourg\"],\"email\":\"communication@uni.lu\",\"telephone\":\"+352 46 66 44 1\",\"address\":{\"@type\":\"PostalAddress\",\"streetAddress\":\"2, place de l\u2019Universit\u00e9\",\"addressLocality\":\"Esch-sur-Alzette\",\"postalCode\":\"4365\",\"addressCountry\":\"LU\"},\"description\":\"Universit\u00e9 du Luxembourg\"},{\"@type\":\"Person\",\"@id\":\"https:\/\/www.uni.lu\/fr\/#\/schema\/person\/d9b86b7c2e53fc03137bac4835036477\",\"name\":\"lbianchi\",\"image\":{\"@type\":\"ImageObject\",\"inLanguage\":\"fr-FR\",\"@id\":\"https:\/\/www.uni.lu\/fr\/#\/schema\/person\/image\/\",\"url\":\"https:\/\/secure.gravatar.com\/avatar\/b95af755d0da6e0201fdf3e2f7318021?s=96&d=mm&r=g\",\"contentUrl\":\"https:\/\/secure.gravatar.com\/avatar\/b95af755d0da6e0201fdf3e2f7318021?s=96&d=mm&r=g\",\"caption\":\"lbianchi\"}}]}<\/script>\n<!-- \/ Yoast SEO Premium plugin. -->","yoast_head_json":{"title":"Pouvoir voter selon ses orientations avec Smartwielen - Universit\u00e9 du Luxembourg","description":"La plateforme en ligne Smartwielen, coordonn\u00e9e par l\u2019Universit\u00e9 du Luxembourg et le Zentrum fir politesch Bildung, est disponible aux \u00e9lecteurs des \u00e9lections europ\u00e9ennes du 8 mai.","robots":{"index":"index","follow":"follow","max-snippet":"max-snippet:-1","max-image-preview":"max-image-preview:large","max-video-preview":"max-video-preview:-1"},"canonical":"https:\/\/www.uni.lu\/fr\/news\/pouvoir-voter-selon-ses-orientations-avec-smartwielen\/","og_locale":"fr_FR","og_type":"article","og_title":"Pouvoir voter selon ses orientations avec Smartwielen","og_description":"La plateforme en ligne Smartwielen, coordonn\u00e9e par l\u2019Universit\u00e9 du Luxembourg et le Zentrum fir politesch Bildung, est disponible aux \u00e9lecteurs des \u00e9lections europ\u00e9ennes du 8 mai.","og_url":"https:\/\/www.uni.lu\/fr\/news\/pouvoir-voter-selon-ses-orientations-avec-smartwielen\/","og_site_name":"UNI FR","article_publisher":"https:\/\/www.facebook.com\/uni.lu","article_modified_time":"2024-08-08T09:13:06+00:00","og_image":[{"width":2560,"height":1709,"url":"https:\/\/www.uni.lu\/wp-content\/uploads\/sites\/11\/2024\/05\/staying-current-with-the-help-of-her-tablet-2023-11-27-05-26-55-utc-scaled.jpg","type":"image\/jpeg"}],"twitter_card":"summary_large_image","twitter_misc":{"Dur\u00e9e de lecture estim\u00e9e":"3 minutes"},"schema":{"@context":"https:\/\/schema.org","@graph":[{"@type":"NewsArticle","@id":"https:\/\/www.uni.lu\/fr\/news\/pouvoir-voter-selon-ses-orientations-avec-smartwielen\/#article","isPartOf":{"@id":"https:\/\/www.uni.lu\/fr\/news\/pouvoir-voter-selon-ses-orientations-avec-smartwielen\/"},"author":{"name":"lbianchi","@id":"https:\/\/www.uni.lu\/fr\/#\/schema\/person\/d9b86b7c2e53fc03137bac4835036477"},"headline":"Pouvoir voter selon ses orientations avec Smartwielen","datePublished":"2024-05-07T09:39:57+00:00","dateModified":"2024-08-08T09:13:06+00:00","mainEntityOfPage":{"@id":"https:\/\/www.uni.lu\/fr\/news\/pouvoir-voter-selon-ses-orientations-avec-smartwielen\/"},"wordCount":493,"publisher":{"@id":"https:\/\/www.uni.lu\/fr\/#organization"},"image":{"@id":"https:\/\/www.uni.lu\/fr\/news\/pouvoir-voter-selon-ses-orientations-avec-smartwielen\/#primaryimage"},"thumbnailUrl":"https:\/\/www.uni.lu\/wp-content\/uploads\/sites\/11\/2024\/05\/staying-current-with-the-help-of-her-tablet-2023-11-27-05-26-55-utc-scaled.jpg","inLanguage":"fr-FR"},{"@type":"WebPage","@id":"https:\/\/www.uni.lu\/fr\/news\/pouvoir-voter-selon-ses-orientations-avec-smartwielen\/","url":"https:\/\/www.uni.lu\/fr\/news\/pouvoir-voter-selon-ses-orientations-avec-smartwielen\/","name":"Pouvoir voter selon ses orientations avec Smartwielen - Universit\u00e9 du Luxembourg","isPartOf":{"@id":"https:\/\/www.uni.lu\/fr\/#website"},"primaryImageOfPage":{"@id":"https:\/\/www.uni.lu\/fr\/news\/pouvoir-voter-selon-ses-orientations-avec-smartwielen\/#primaryimage"},"image":{"@id":"https:\/\/www.uni.lu\/fr\/news\/pouvoir-voter-selon-ses-orientations-avec-smartwielen\/#primaryimage"},"thumbnailUrl":"https:\/\/www.uni.lu\/wp-content\/uploads\/sites\/11\/2024\/05\/staying-current-with-the-help-of-her-tablet-2023-11-27-05-26-55-utc-scaled.jpg","datePublished":"2024-05-07T09:39:57+00:00","dateModified":"2024-08-08T09:13:06+00:00","description":"La plateforme en ligne Smartwielen, coordonn\u00e9e par l\u2019Universit\u00e9 du Luxembourg et le Zentrum fir politesch Bildung, est disponible aux \u00e9lecteurs des \u00e9lections europ\u00e9ennes du 8 mai.","breadcrumb":{"@id":"https:\/\/www.uni.lu\/fr\/news\/pouvoir-voter-selon-ses-orientations-avec-smartwielen\/#breadcrumb"},"inLanguage":"fr-FR","potentialAction":[{"@type":"ReadAction","target":["https:\/\/www.uni.lu\/fr\/news\/pouvoir-voter-selon-ses-orientations-avec-smartwielen\/"]}]},{"@type":"ImageObject","inLanguage":"fr-FR","@id":"https:\/\/www.uni.lu\/fr\/news\/pouvoir-voter-selon-ses-orientations-avec-smartwielen\/#primaryimage","url":"https:\/\/www.uni.lu\/wp-content\/uploads\/sites\/11\/2024\/05\/staying-current-with-the-help-of-her-tablet-2023-11-27-05-26-55-utc-scaled.jpg","contentUrl":"https:\/\/www.uni.lu\/wp-content\/uploads\/sites\/11\/2024\/05\/staying-current-with-the-help-of-her-tablet-2023-11-27-05-26-55-utc-scaled.jpg","width":2560,"height":1709,"caption":"Staying current with the help of her tablet."},{"@type":"BreadcrumbList","@id":"https:\/\/www.uni.lu\/fr\/news\/pouvoir-voter-selon-ses-orientations-avec-smartwielen\/#breadcrumb","itemListElement":[{"@type":"ListItem","position":1,"name":"Home","item":"https:\/\/www.uni.lu\/fr\/"},{"@type":"ListItem","position":2,"name":"News","item":"https:\/\/www.uni.lu\/fr\/news\/"},{"@type":"ListItem","position":3,"name":"Pouvoir voter selon ses orientations avec Smartwielen"}]},{"@type":"WebSite","@id":"https:\/\/www.uni.lu\/fr\/#website","url":"https:\/\/www.uni.lu\/fr\/","name":"Uni.lu","description":"Universit\u00e9 du Luxembourg","publisher":{"@id":"https:\/\/www.uni.lu\/fr\/#organization"},"alternateName":"Universit\u00e9 du Luxembourg","potentialAction":[{"@type":"SearchAction","target":{"@type":"EntryPoint","urlTemplate":"https:\/\/www.uni.lu\/fr\/?s={search_term_string}"},"query-input":"required name=search_term_string"}],"inLanguage":"fr-FR"},{"@type":"Organization","@id":"https:\/\/www.uni.lu\/fr\/#organization","name":"Universit\u00e9 du Luxembourg","alternateName":"Uni.lu","url":"https:\/\/www.uni.lu\/fr\/","logo":{"@type":"ImageObject","inLanguage":"fr-FR","@id":"https:\/\/www.uni.lu\/fr\/#\/schema\/logo\/image\/","url":"https:\/\/www.uni.lu\/wp-content\/uploads\/sites\/11\/2026\/03\/03120045\/UNIV_SM-Profile_1600x1600px-scaled.jpg","contentUrl":"https:\/\/www.uni.lu\/wp-content\/uploads\/sites\/11\/2026\/03\/03120045\/UNIV_SM-Profile_1600x1600px-scaled.jpg","width":2560,"height":2560,"caption":"Universit\u00e9 du Luxembourg"},"image":"https:\/\/www.uni.lu\/wp-content\/uploads\/sites\/11\/2026\/04\/24120552\/20200609-Belval-Campus_Henri-Goergen-23.jpg","sameAs":["https:\/\/www.facebook.com\/uni.lu","https:\/\/www.linkedin.com\/school\/university-of-luxembourg\/","https:\/\/www.instagram.com\/uni.lu","https:\/\/www.youtube.com\/@uni_lu","https:\/\/en.wikipedia.org\/wiki\/University_of_Luxembourg"],"email":"communication@uni.lu","telephone":"+352 46 66 44 1","address":{"@type":"PostalAddress","streetAddress":"2, place de l\u2019Universit\u00e9","addressLocality":"Esch-sur-Alzette","postalCode":"4365","addressCountry":"LU"},"description":"Universit\u00e9 du Luxembourg"},{"@type":"Person","@id":"https:\/\/www.uni.lu\/fr\/#\/schema\/person\/d9b86b7c2e53fc03137bac4835036477","name":"lbianchi","image":{"@type":"ImageObject","inLanguage":"fr-FR","@id":"https:\/\/www.uni.lu\/fr\/#\/schema\/person\/image\/","url":"https:\/\/secure.gravatar.com\/avatar\/b95af755d0da6e0201fdf3e2f7318021?s=96&d=mm&r=g","contentUrl":"https:\/\/secure.gravatar.com\/avatar\/b95af755d0da6e0201fdf3e2f7318021?s=96&d=mm&r=g","caption":"lbianchi"}}]}},"blog_id":11,"_links":{"self":[{"href":"https:\/\/www.uni.lu\/fr\/wp-json\/wp\/v2\/news\/11317"}],"collection":[{"href":"https:\/\/www.uni.lu\/fr\/wp-json\/wp\/v2\/news"}],"about":[{"href":"https:\/\/www.uni.lu\/fr\/wp-json\/wp\/v2\/types\/news"}],"author":[{"embeddable":true,"href":"https:\/\/www.uni.lu\/fr\/wp-json\/wp\/v2\/users\/91"}],"version-history":[{"count":5,"href":"https:\/\/www.uni.lu\/fr\/wp-json\/wp\/v2\/news\/11317\/revisions"}],"predecessor-version":[{"id":11331,"href":"https:\/\/www.uni.lu\/fr\/wp-json\/wp\/v2\/news\/11317\/revisions\/11331"}],"wp:authorship":[{"embeddable":true,"href":"https:\/\/www.uni.lu\/fr\/wp-json\/wp\/v2\/users\/91"}],"wp:featuredmedia":[{"embeddable":true,"href":"https:\/\/www.uni.lu\/fr\/wp-json\/wp\/v2\/media\/11320"}],"wp:attachment":[{"href":"https:\/\/www.uni.lu\/fr\/wp-json\/wp\/v2\/media?parent=11317"}],"wp:term":[{"taxonomy":"news-category","embeddable":true,"href":"https:\/\/www.uni.lu\/fr\/wp-json\/wp\/v2\/news-category?post=11317"},{"taxonomy":"news-topic","embeddable":true,"href":"https:\/\/www.uni.lu\/fr\/wp-json\/wp\/v2\/news-topic?post=11317"},{"taxonomy":"organisation","embeddable":true,"href":"https:\/\/www.uni.lu\/fr\/wp-json\/wp\/v2\/organisation?post=11317"}],"curies":[{"name":"wp","href":"https:\/\/api.w.org\/{rel}","templated":true}]}}