{"id":11221,"date":"2022-05-30T11:38:00","date_gmt":"2022-05-30T09:38:00","guid":{"rendered":"https:\/\/www.uni.lu\/fr\/?post_type=news&#038;p=11221"},"modified":"2024-12-03T10:08:53","modified_gmt":"2024-12-03T09:08:53","slug":"assemblee-generale-des-centres-europe-direct-a-milan","status":"publish","type":"news","link":"https:\/\/www.uni.lu\/fr\/news\/assemblee-generale-des-centres-europe-direct-a-milan\/","title":{"rendered":"Assembl\u00e9e G\u00e9n\u00e9rale des centres Europe Direct \u00e0 Milan"},"content":{"rendered":"\n<section class=\"wp-block-unilux-blocks-free-section section\"><div class=\"container xl:max-w-screen-xl\">\n<p>Le centre Europe Direct de l&rsquo;Universit\u00e9 du Luxembourg \u00e9tait pr\u00e9sent \u00e0 l&rsquo;Assembl\u00e9e G\u00e9n\u00e9rale des centres Europe Direct qui s&rsquo;est tenue&nbsp;<strong>du 30 Mai 2022 au 1er Juin 2022<\/strong>&nbsp;\u00e0&nbsp;<strong>Milan<\/strong>&nbsp;en Italie. Pour le centre, c&rsquo;\u00e9tait l&rsquo;occasion de retrouver ses actuels partenaires internationaux et d&rsquo;en rencontrer de nouveaux.<\/p>\n\n\n<div class=\"wp-block-unilux-blocks-spacer is-spacer-size-sm\"><\/div>\n\n\n<h3 class=\"has-text-align-left wp-block-unilux-blocks-heading\"        id=\"programme\"\n    >\n<strong>Programme<\/strong><\/h3>\n\n\n\n<h6 class=\"has-text-align-left wp-block-unilux-blocks-heading\"        id=\"lundi-30-mai\"\n    >\n<strong>Lundi 30 Mai<\/strong><\/h6>\n\n\n\n<ul class=\"wp-block-unilux-blocks-highlighted-list list-highlighted list-highlighted--architectural\"><li class=\"list-highlighted__item  wp-block-unilux-blocks-highlighted-list-item\">\n    <header class=\"list-highlighted__header wp-block-unilux-blocks-highlighted-list-item-header\">\n    \n<h4 class=\"title text-18 font-bold has-text-align-left wp-block-unilux-blocks-heading\"        id=\"10h45-16h45\"\n    >\n<strong>10h45 &#8211; 16h45<\/strong><\/h4>\n<div class=\"wp-block-unilux-blocks-bigtext\">\n    <span>\n        \n    <\/span>\n<\/div><\/header><div class=\"list-highlighted__body wp-block-unilux-blocks-highlighted-list-item-body\">\n    <div class=\"wp-block-unilux-blocks-highlighted-list-item-free-content-area\">\n    \n<p>Visite du&nbsp;<a href=\"https:\/\/joint-research-centre.ec.europa.eu\/jrc-sites-across-europe\/jrc-ispra-italy_en\" target=\"_blank\" rel=\"noreferrer noopener\">Joint Research Center (JRC)<\/a>&nbsp;d&rsquo;Ispra<br>Pr\u00e9sentation du Centre et de ses missions<\/p>\n\n<p>Visite du European&nbsp;Crisis Management&nbsp;Laboratory (ECML)<\/p>\n\n<p>Visite du&nbsp;European&nbsp;Laboratory for Structural&nbsp;Assessment (ELSA)<\/p>\n<\/div><\/div><\/li>\n\n<li class=\"list-highlighted__item  wp-block-unilux-blocks-highlighted-list-item\">\n    <header class=\"list-highlighted__header wp-block-unilux-blocks-highlighted-list-item-header\">\n    \n<h4 class=\"title text-18 font-bold has-text-align-left wp-block-unilux-blocks-heading\"        id=\"17h00-19h45\"\n    >\n17h00-19h45<\/h4>\n<div class=\"wp-block-unilux-blocks-bigtext\">\n    <span>\n        \n    <\/span>\n<\/div><\/header><div class=\"list-highlighted__body wp-block-unilux-blocks-highlighted-list-item-body\">\n    <div class=\"wp-block-unilux-blocks-highlighted-list-item-free-content-area\">\n    \n<p>Enregistrement au Castello Sforzesco de Milan<\/p>\n<\/div><\/div><\/li>\n\n<li class=\"list-highlighted__item  wp-block-unilux-blocks-highlighted-list-item\">\n    <header class=\"list-highlighted__header wp-block-unilux-blocks-highlighted-list-item-header\">\n    \n<h4 class=\"title text-18 font-bold has-text-align-left wp-block-unilux-blocks-heading\"        id=\"19h45-20h30\"\n    >\n19h45 \u2013 20h30<\/h4>\n<div class=\"wp-block-unilux-blocks-bigtext\">\n    <span>\n        \n    <\/span>\n<\/div><\/header><div class=\"list-highlighted__body wp-block-unilux-blocks-highlighted-list-item-body\">\n    <div class=\"wp-block-unilux-blocks-highlighted-list-item-free-content-area\">\n    \n<p>R\u00e9ception et Networking au Castello Sforzesco<\/p>\n<\/div><\/div><\/li>\n\n<li class=\"list-highlighted__item  wp-block-unilux-blocks-highlighted-list-item\">\n    <header class=\"list-highlighted__header wp-block-unilux-blocks-highlighted-list-item-header\">\n    \n<h4 class=\"title text-18 font-bold has-text-align-left wp-block-unilux-blocks-heading\"        id=\"20h30-22h00\"\n    >\n20h30 &#8211; 22h00<\/h4>\n<div class=\"wp-block-unilux-blocks-bigtext\">\n    <span>\n        \n    <\/span>\n<\/div><\/header><div class=\"list-highlighted__body wp-block-unilux-blocks-highlighted-list-item-body\">\n    <div class=\"wp-block-unilux-blocks-highlighted-list-item-free-content-area\">\n    \n<p>D\u00eener de bienvenue au Castello Sforzesco<\/p>\n<\/div><\/div><\/li><\/ul>\n\n\n<div class=\"wp-block-unilux-blocks-spacer is-spacer-size-sm\"><\/div>\n\n\n<h6 class=\"has-text-align-left wp-block-unilux-blocks-heading\"        id=\"mardi-31-mai\"\n    >\n<br><strong>Mardi 31 Mai<\/strong><\/h6>\n\n\n\n<ul class=\"wp-block-unilux-blocks-highlighted-list list-highlighted list-highlighted--architectural\"><li class=\"list-highlighted__item  wp-block-unilux-blocks-highlighted-list-item\">\n    <header class=\"list-highlighted__header wp-block-unilux-blocks-highlighted-list-item-header\">\n    \n<h4 class=\"title text-18 font-bold has-text-align-left wp-block-unilux-blocks-heading\"        id=\"9h00-9h15\"\n    >\n9h00 &#8211; 9h15<\/h4>\n<div class=\"wp-block-unilux-blocks-bigtext\">\n    <span>\n        \n    <\/span>\n<\/div><\/header><div class=\"list-highlighted__body wp-block-unilux-blocks-highlighted-list-item-body\">\n    <div class=\"wp-block-unilux-blocks-highlighted-list-item-free-content-area\">\n    \n<p>Pr\u00e9sentation du programme<\/p>\n<\/div><\/div><\/li>\n\n<li class=\"list-highlighted__item  wp-block-unilux-blocks-highlighted-list-item\">\n    <header class=\"list-highlighted__header wp-block-unilux-blocks-highlighted-list-item-header\">\n    \n<h4 class=\"title text-18 font-bold has-text-align-left wp-block-unilux-blocks-heading\"        id=\"9h15-9h30\"\n    >\n9h15 &#8211; 9h30<\/h4>\n<div class=\"wp-block-unilux-blocks-bigtext\">\n    <span>\n        \n    <\/span>\n<\/div><\/header><div class=\"list-highlighted__body wp-block-unilux-blocks-highlighted-list-item-body\">\n    <div class=\"wp-block-unilux-blocks-highlighted-list-item-free-content-area\">\n    \n<p>Mot de bienvenue<\/p>\n<\/div><\/div><\/li>\n\n<li class=\"list-highlighted__item  wp-block-unilux-blocks-highlighted-list-item\">\n    <header class=\"list-highlighted__header wp-block-unilux-blocks-highlighted-list-item-header\">\n    \n<h4 class=\"title text-18 font-bold has-text-align-left wp-block-unilux-blocks-heading\"        id=\"9h30-10h30\"\n    >\n9h30 &#8211; 10h30<\/h4>\n<div class=\"wp-block-unilux-blocks-bigtext\">\n    <span>\n        \n    <\/span>\n<\/div><\/header><div class=\"list-highlighted__body wp-block-unilux-blocks-highlighted-list-item-body\">\n    <div class=\"wp-block-unilux-blocks-highlighted-list-item-free-content-area\">\n    \n<p>Communication de crise au niveau local et r\u00e9gional : exp\u00e9riences, d\u00e9fis et solutions<\/p>\n<\/div><\/div><\/li>\n\n<li class=\"list-highlighted__item  wp-block-unilux-blocks-highlighted-list-item\">\n    <header class=\"list-highlighted__header wp-block-unilux-blocks-highlighted-list-item-header\">\n    \n<h4 class=\"title text-18 font-bold has-text-align-left wp-block-unilux-blocks-heading\"        id=\"10h30-11h15\"\n    >\n10h30 &#8211; 11h15<\/h4>\n<div class=\"wp-block-unilux-blocks-bigtext\">\n    <span>\n        \n    <\/span>\n<\/div><\/header><div class=\"list-highlighted__body wp-block-unilux-blocks-highlighted-list-item-body\">\n    <div class=\"wp-block-unilux-blocks-highlighted-list-item-free-content-area\">\n    \n<p>Pause caf\u00e9 &amp; networking session<\/p>\n<\/div><\/div><\/li>\n\n<li class=\"list-highlighted__item  wp-block-unilux-blocks-highlighted-list-item\">\n    <header class=\"list-highlighted__header wp-block-unilux-blocks-highlighted-list-item-header\">\n    \n<h4 class=\"title text-18 font-bold has-text-align-left wp-block-unilux-blocks-heading\"        id=\"11h45-13h15\"\n    >\n11h45 &#8211; 13h15<\/h4>\n<div class=\"wp-block-unilux-blocks-bigtext\">\n    <span>\n        \n    <\/span>\n<\/div><\/header><div class=\"list-highlighted__body wp-block-unilux-blocks-highlighted-list-item-body\">\n    <div class=\"wp-block-unilux-blocks-highlighted-list-item-free-content-area\">\n    \n<p>Atelier \u00ab\u00a0L&rsquo;ann\u00e9e europ\u00e9enne de la Jeunesse : information et engagement avec les citoyens\u00a0\u00bb<\/p>\n<\/div><\/div><\/li>\n\n<li class=\"list-highlighted__item  wp-block-unilux-blocks-highlighted-list-item\">\n    <header class=\"list-highlighted__header wp-block-unilux-blocks-highlighted-list-item-header\">\n    \n<h4 class=\"title text-18 font-bold has-text-align-left wp-block-unilux-blocks-heading\"        id=\"13h15-14h45\"\n    >\n13h15 &#8211; 14h45<\/h4>\n<div class=\"wp-block-unilux-blocks-bigtext\">\n    <span>\n        \n    <\/span>\n<\/div><\/header><div class=\"list-highlighted__body wp-block-unilux-blocks-highlighted-list-item-body\">\n    <div class=\"wp-block-unilux-blocks-highlighted-list-item-free-content-area\">\n    \n<p>D\u00e9jeuner<\/p>\n<\/div><\/div><\/li>\n\n<li class=\"list-highlighted__item  wp-block-unilux-blocks-highlighted-list-item\">\n    <header class=\"list-highlighted__header wp-block-unilux-blocks-highlighted-list-item-header\">\n    \n<h4 class=\"title text-18 font-bold has-text-align-left wp-block-unilux-blocks-heading\"        id=\"14h45-16h15\"\n    >\n14h45 &#8211; 16h15<\/h4>\n<div class=\"wp-block-unilux-blocks-bigtext\">\n    <span>\n        \n    <\/span>\n<\/div><\/header><div class=\"list-highlighted__body wp-block-unilux-blocks-highlighted-list-item-body\">\n    <div class=\"wp-block-unilux-blocks-highlighted-list-item-free-content-area\">\n    \n<p>Pause caf\u00e9&nbsp;&amp; networking session<\/p>\n<\/div><\/div><\/li>\n\n<li class=\"list-highlighted__item  wp-block-unilux-blocks-highlighted-list-item\">\n    <header class=\"list-highlighted__header wp-block-unilux-blocks-highlighted-list-item-header\">\n    \n<h4 class=\"title text-18 font-bold has-text-align-left wp-block-unilux-blocks-heading\"        id=\"16h45-17h45\"\n    >\n16h45 &#8211; 17h45<\/h4>\n<div class=\"wp-block-unilux-blocks-bigtext\">\n    <span>\n        \n    <\/span>\n<\/div><\/header><div class=\"list-highlighted__body wp-block-unilux-blocks-highlighted-list-item-body\">\n    <div class=\"wp-block-unilux-blocks-highlighted-list-item-free-content-area\">\n    \n<p>Conf\u00e9rence sur l&rsquo;avenir de l&rsquo;Europe et au-del\u00e0<\/p>\n<\/div><\/div><\/li>\n\n<li class=\"list-highlighted__item  wp-block-unilux-blocks-highlighted-list-item\">\n    <header class=\"list-highlighted__header wp-block-unilux-blocks-highlighted-list-item-header\">\n    \n<h4 class=\"title text-18 font-bold has-text-align-left wp-block-unilux-blocks-heading\"        id=\"16h45-17h45\"\n    >\n16h45 &#8211; 17h45<\/h4>\n<div class=\"wp-block-unilux-blocks-bigtext\">\n    <span>\n        \n    <\/span>\n<\/div><\/header><div class=\"list-highlighted__body wp-block-unilux-blocks-highlighted-list-item-body\">\n    <div class=\"wp-block-unilux-blocks-highlighted-list-item-free-content-area\">\n    \n<p>R\u00e9ception et exposition des stands des centres Europe Direct<\/p>\n<\/div><\/div><\/li><\/ul>\n\n\n<div class=\"wp-block-unilux-blocks-spacer is-spacer-size-sm\"><\/div>\n\n\n<h6 class=\"has-text-align-left wp-block-unilux-blocks-heading\"        id=\"mercredi-1er-juin\"\n    >\n<br><strong>Mercredi 1er Juin<\/strong><\/h6>\n\n\n\n<ul class=\"wp-block-unilux-blocks-highlighted-list list-highlighted list-highlighted--architectural\"><li class=\"list-highlighted__item  wp-block-unilux-blocks-highlighted-list-item\">\n    <header class=\"list-highlighted__header wp-block-unilux-blocks-highlighted-list-item-header\">\n    \n<h4 class=\"title text-18 font-bold has-text-align-left wp-block-unilux-blocks-heading\"        id=\"9h05-9h15\"\n    >\n9h05 &#8211; 9h15<\/h4>\n<div class=\"wp-block-unilux-blocks-bigtext\">\n    <span>\n        \n    <\/span>\n<\/div><\/header><div class=\"list-highlighted__body wp-block-unilux-blocks-highlighted-list-item-body\">\n    <div class=\"wp-block-unilux-blocks-highlighted-list-item-free-content-area\">\n    \n<p>Mot de bienvenue<\/p>\n<\/div><\/div><\/li>\n\n<li class=\"list-highlighted__item  wp-block-unilux-blocks-highlighted-list-item\">\n    <header class=\"list-highlighted__header wp-block-unilux-blocks-highlighted-list-item-header\">\n    \n<h4 class=\"title text-18 font-bold has-text-align-left wp-block-unilux-blocks-heading\"        id=\"9h15-10h00\"\n    >\n9h15 &#8211; 10h00<\/h4>\n<div class=\"wp-block-unilux-blocks-bigtext\">\n    <span>\n        \n    <\/span>\n<\/div><\/header><div class=\"list-highlighted__body wp-block-unilux-blocks-highlighted-list-item-body\">\n    <div class=\"wp-block-unilux-blocks-highlighted-list-item-free-content-area\">\n    \n<p>La route vers les \u00e9lections europ\u00e9ennes 2024 et coop\u00e9ration avec les bureaux de Repr\u00e9sentation du Parlement Europ\u00e9en (EPLOs)<\/p>\n<\/div><\/div><\/li>\n\n<li class=\"list-highlighted__item  wp-block-unilux-blocks-highlighted-list-item\">\n    <header class=\"list-highlighted__header wp-block-unilux-blocks-highlighted-list-item-header\">\n    \n<h4 class=\"title text-18 font-bold has-text-align-left wp-block-unilux-blocks-heading\"        id=\"10h00-12h30\"\n    >\n10h00 &#8211; 12h30<\/h4>\n<div class=\"wp-block-unilux-blocks-bigtext\">\n    <span>\n        \n    <\/span>\n<\/div><\/header><div class=\"list-highlighted__body wp-block-unilux-blocks-highlighted-list-item-body\">\n    <div class=\"wp-block-unilux-blocks-highlighted-list-item-free-content-area\">\n    \n<p>Atelier \u00ab\u00a0Promouvoir un r\u00e9seau r\u00e9gional de r\u00e9seaux\u00a0\u00bb<\/p>\n<\/div><\/div><\/li>\n\n<li class=\"list-highlighted__item  wp-block-unilux-blocks-highlighted-list-item\">\n    <header class=\"list-highlighted__header wp-block-unilux-blocks-highlighted-list-item-header\">\n    \n<h4 class=\"title text-18 font-bold has-text-align-left wp-block-unilux-blocks-heading\"        id=\"12h30-14h00\"\n    >\n12h30 &#8211; 14h00<\/h4>\n<div class=\"wp-block-unilux-blocks-bigtext\">\n    <span>\n        \n    <\/span>\n<\/div><\/header><div class=\"list-highlighted__body wp-block-unilux-blocks-highlighted-list-item-body\">\n    <div class=\"wp-block-unilux-blocks-highlighted-list-item-free-content-area\">\n    \n<p>D\u00e9jeuner et networking session<\/p>\n<\/div><\/div><\/li>\n\n<li class=\"list-highlighted__item  wp-block-unilux-blocks-highlighted-list-item\">\n    <header class=\"list-highlighted__header wp-block-unilux-blocks-highlighted-list-item-header\">\n    \n<h4 class=\"title text-18 font-bold has-text-align-left wp-block-unilux-blocks-heading\"        id=\"14h00-14h45\"\n    >\n14h00 &#8211; 14h45<\/h4>\n<div class=\"wp-block-unilux-blocks-bigtext\">\n    <span>\n        \n    <\/span>\n<\/div><\/header><div class=\"list-highlighted__body wp-block-unilux-blocks-highlighted-list-item-body\">\n    <div class=\"wp-block-unilux-blocks-highlighted-list-item-free-content-area\">\n    \n<p>Utilisation des r\u00e9seaux sociaux en situation de crise<\/p>\n<\/div><\/div><\/li>\n\n<li class=\"list-highlighted__item  wp-block-unilux-blocks-highlighted-list-item\">\n    <header class=\"list-highlighted__header wp-block-unilux-blocks-highlighted-list-item-header\">\n    \n<h4 class=\"title text-18 font-bold has-text-align-left wp-block-unilux-blocks-heading\"        id=\"14h45-16h00\"\n    >\n14h45 &#8211; 16h00<\/h4>\n<div class=\"wp-block-unilux-blocks-bigtext\">\n    <span>\n        \n    <\/span>\n<\/div><\/header><div class=\"list-highlighted__body wp-block-unilux-blocks-highlighted-list-item-body\">\n    <div class=\"wp-block-unilux-blocks-highlighted-list-item-free-content-area\">\n    \n<p>Conclusion en pl\u00e9ni\u00e8re de l&rsquo;ensemble des ateliers et bilan de l&rsquo;Assembl\u00e9e<\/p>\n<\/div><\/div><\/li><\/ul>\n\n\n<div class=\"wp-block-unilux-blocks-spacer is-spacer-size-sm\"><\/div>\n\n\n<p>Retrouvez toutes les publications \u00ab\u00a0r\u00e9seaux sociaux\u00a0\u00bb gr\u00e2ce au hashtag : <strong>#EUROPEDIRECTGM2022<\/strong><\/p>\n\n\n\n<ul class=\"wp-block-unilux-blocks-highlighted-list list-highlighted list-highlighted--architectural\"><li class=\"list-highlighted__item  wp-block-unilux-blocks-highlighted-list-item\">\n    <header class=\"list-highlighted__header wp-block-unilux-blocks-highlighted-list-item-header\">\n    \n<h4 class=\"title text-18 font-bold has-text-align-left wp-block-unilux-blocks-heading\"    >\n<\/h4>\n<div class=\"wp-block-unilux-blocks-bigtext\">\n    <span>\n        \n    <\/span>\n<\/div><\/header><div class=\"list-highlighted__body wp-block-unilux-blocks-highlighted-list-item-body\">\n    <div class=\"wp-block-unilux-blocks-highlighted-list-item-free-content-area\">\n    \n<p><\/p>\n<\/div><\/div><\/li><\/ul>\n\n\n<div class=\"wp-block-unilux-blocks-spacer is-spacer-size-md\"><\/div>\n\n\n<h3 class=\"has-text-align-left wp-block-unilux-blocks-heading\"        id=\"galerie-de-photos\"\n    >\nGalerie de photos<\/h3>\n\n\n\n<div class=\"wp-block-columns is-layout-flex wp-block-columns-is-layout-flex\">\n<div class=\"wp-block-column is-layout-flow wp-block-column-is-layout-flow\">\n<section class=\"alignfull wp-block-unilux-blocks-gallery-carousel\">\n    <div class=\"swiper swiper-gallery\" aria-roledescription=\"carousel\" aria-label=\"A gallery of images\">\n        <!-- Swiper button Next & Prev -->\n        <div class=\"swiper-nav\">\n            <div class=\"swiper-nav__container\">\n                <div class=\"swiper-nav__grid\">\n                    <button type=\"button\" class=\"swiper-button-next\">\n                        <svg aria-hidden=\"true\" focusable=\"false\" class=\"icon icon-outline icon--arrow-right \"><use xlink:href=\"https:\/\/www.uni.lu\/wp-content\/themes\/unilux-theme\/assets\/images\/icons\/icons-outline.svg#icon--arrow-right\"><\/use><\/svg>                    <\/button>\n                    <button type=\"button\" class=\"swiper-button-prev\">\n                        <svg aria-hidden=\"true\" focusable=\"false\" class=\"icon icon-outline icon--arrow-left \"><use xlink:href=\"https:\/\/www.uni.lu\/wp-content\/themes\/unilux-theme\/assets\/images\/icons\/icons-outline.svg#icon--arrow-left\"><\/use><\/svg>                    <\/button>\n                <\/div>\n            <\/div>\n        <\/div>\n\n        <!-- swiper slides -->\n        <ul class=\"swiper-wrapper\">\n            \n<li class=\"swiper-slide\" aria-roledescription=\"slide\">\n    <figure class=\"wp-block-dev4-reusable-blocks-image swiper-slide__bg object-fit--cover\">\n    \n<img decoding=\"async\" class=\"wp-block-image unilux-custom-image-block\"\n                alt=\"\"\n            src=\"https:\/\/www.uni.lu\/wp-content\/uploads\/sites\/9\/2023\/08\/1_Visite-du-JRC-d-Ispra.jpg\"\n                    style=\"object-position: 50.00% 50.00%; font-family: &quot;object-fit: cover; object-position: 50.00% 50.00%;&quot;; aspect-ratio: 16\/9; object-fit: cover; width: 100%;\"\n        loading=\"lazy\"\n\/>            <p class=\"wp-block-dev4-reusable-blocks-image-caption\">\n            1. Visite du Joint Research Center d&rsquo;Ispra.         <\/p>\n    <\/figure><\/li>\n<li class=\"swiper-slide\" aria-roledescription=\"slide\">\n    <figure class=\"wp-block-dev4-reusable-blocks-image swiper-slide__bg object-fit--cover\">\n    \n<img decoding=\"async\" class=\"wp-block-image unilux-custom-image-block\"\n                alt=\"\"\n            src=\"https:\/\/www.uni.lu\/wp-content\/uploads\/sites\/9\/2023\/08\/2_Visite-du-JRC-d-Ispra.jpg\"\n                    style=\"object-position: 50.00% 50.00%; font-family: &quot;object-fit: cover; object-position: 50.00% 50.00%;&quot;; aspect-ratio: 16\/9; object-fit: cover; width: 100%;\"\n        loading=\"lazy\"\n\/>            <p class=\"wp-block-dev4-reusable-blocks-image-caption\">\n            2. Visite du JRC d&rsquo;Ispra.         <\/p>\n    <\/figure><\/li>\n<li class=\"swiper-slide\" aria-roledescription=\"slide\">\n    <figure class=\"wp-block-dev4-reusable-blocks-image swiper-slide__bg object-fit--cover\">\n    \n<img decoding=\"async\" class=\"wp-block-image unilux-custom-image-block\"\n                alt=\"\"\n            src=\"https:\/\/www.uni.lu\/wp-content\/uploads\/sites\/9\/2023\/08\/3_Presentation-du-JRC.jpg\"\n                    style=\"object-position: 50.00% 50.00%; font-family: &quot;object-fit: cover; object-position: 50.00% 50.00%;&quot;; aspect-ratio: 16\/9; object-fit: cover; width: 100%;\"\n        loading=\"lazy\"\n\/>            <p class=\"wp-block-dev4-reusable-blocks-image-caption\">\n            3. Pr\u00e9sentation du JRC et de ses missions.         <\/p>\n    <\/figure><\/li>\n<li class=\"swiper-slide\" aria-roledescription=\"slide\">\n    <figure class=\"wp-block-dev4-reusable-blocks-image swiper-slide__bg object-fit--cover\">\n    \n<img decoding=\"async\" class=\"wp-block-image unilux-custom-image-block\"\n                alt=\"\"\n            src=\"https:\/\/www.uni.lu\/wp-content\/uploads\/sites\/9\/2023\/08\/4_Visite-du-European-Crisis-Management-Laboratory-ECML.jpg\"\n                    style=\"object-position: 50.00% 50.00%; font-family: &quot;object-fit: cover; object-position: 50.00% 50.00%;&quot;; aspect-ratio: 16\/9; object-fit: cover; width: 100%;\"\n        loading=\"lazy\"\n\/>            <p class=\"wp-block-dev4-reusable-blocks-image-caption\">\n            4. Visite du European Crisis Management Laboratory (ECML)        <\/p>\n    <\/figure><\/li>\n<li class=\"swiper-slide\" aria-roledescription=\"slide\">\n    <figure class=\"wp-block-dev4-reusable-blocks-image swiper-slide__bg object-fit--cover\">\n    \n<img decoding=\"async\" class=\"wp-block-image unilux-custom-image-block\"\n                alt=\"\"\n            src=\"https:\/\/www.uni.lu\/wp-content\/uploads\/sites\/9\/2023\/08\/5_Visite-du-European-Laboratory-for-Structural-Assessment-ELSA.jpg\"\n                    style=\"object-position: 50.00% 50.00%; font-family: &quot;object-fit: cover; object-position: 50.00% 50.00%;&quot;; aspect-ratio: 16\/9; object-fit: cover; width: 100%;\"\n        loading=\"lazy\"\n\/>            <p class=\"wp-block-dev4-reusable-blocks-image-caption\">\n            5. Visite du European Laboratory for Structural Assessment (ELSA)        <\/p>\n    <\/figure><\/li>\n<li class=\"swiper-slide\" aria-roledescription=\"slide\">\n    <figure class=\"wp-block-dev4-reusable-blocks-image swiper-slide__bg object-fit--cover\">\n    \n<img decoding=\"async\" class=\"wp-block-image unilux-custom-image-block\"\n                alt=\"\"\n            src=\"https:\/\/www.uni.lu\/wp-content\/uploads\/sites\/9\/2023\/08\/6_Reception-et-Networking-au-Castello-Sforzesco.jpg\"\n                    style=\"object-position: 47.00% 83.00%; font-family: &quot;object-fit: cover; object-position: 47.00% 83.00%;&quot;; aspect-ratio: 16\/9; object-fit: cover; width: 100%;\"\n        loading=\"lazy\"\n\/>            <p class=\"wp-block-dev4-reusable-blocks-image-caption\">\n            6. R\u00e9ception et Networking au Castello Sforzesco        <\/p>\n    <\/figure><\/li>\n<li class=\"swiper-slide\" aria-roledescription=\"slide\">\n    <figure class=\"wp-block-dev4-reusable-blocks-image swiper-slide__bg object-fit--cover\">\n    \n<img decoding=\"async\" class=\"wp-block-image unilux-custom-image-block\"\n                alt=\"\"\n            src=\"https:\/\/www.uni.lu\/wp-content\/uploads\/sites\/9\/2023\/08\/7_-Mot-de-bienvenue-de-Giuseppe-Sala-Maire-de-Milan.jpg\"\n                    style=\"object-position: 39.00% 23.00%; font-family: &quot;object-fit: cover; object-position: 39.00% 23.00%;&quot;; aspect-ratio: 16\/9; object-fit: cover; width: 100%;\"\n        loading=\"lazy\"\n\/>            <p class=\"wp-block-dev4-reusable-blocks-image-caption\">\n            7. Mot de bienvenue de Giuseppe Sala -Maire de Milan        <\/p>\n    <\/figure><\/li>        <\/ul>\n\n        <!-- Swiper pagination -->\n        <div class=\"swiper-pagination\">\n            <div class=\"swiper-pagination__bullets\"><\/div>\n        <\/div>\n    <\/div>\n<\/section><\/div>\n\n\n\n<div class=\"wp-block-column is-layout-flow wp-block-column-is-layout-flow\">\n<section class=\"alignfull wp-block-unilux-blocks-gallery-carousel\">\n    <div class=\"swiper swiper-gallery\" aria-roledescription=\"carousel\" aria-label=\"A gallery of images\">\n        <!-- Swiper button Next & Prev -->\n        <div class=\"swiper-nav\">\n            <div class=\"swiper-nav__container\">\n                <div class=\"swiper-nav__grid\">\n                    <button type=\"button\" class=\"swiper-button-next\">\n                        <svg aria-hidden=\"true\" focusable=\"false\" class=\"icon icon-outline icon--arrow-right \"><use xlink:href=\"https:\/\/www.uni.lu\/wp-content\/themes\/unilux-theme\/assets\/images\/icons\/icons-outline.svg#icon--arrow-right\"><\/use><\/svg>                    <\/button>\n                    <button type=\"button\" class=\"swiper-button-prev\">\n                        <svg aria-hidden=\"true\" focusable=\"false\" class=\"icon icon-outline icon--arrow-left \"><use xlink:href=\"https:\/\/www.uni.lu\/wp-content\/themes\/unilux-theme\/assets\/images\/icons\/icons-outline.svg#icon--arrow-left\"><\/use><\/svg>                    <\/button>\n                <\/div>\n            <\/div>\n        <\/div>\n\n        <!-- swiper slides -->\n        <ul class=\"swiper-wrapper\">\n            \n<li class=\"swiper-slide\" aria-roledescription=\"slide\">\n    <figure class=\"wp-block-dev4-reusable-blocks-image swiper-slide__bg object-fit--cover\">\n    \n<img decoding=\"async\" class=\"wp-block-image unilux-custom-image-block\"\n                alt=\"\"\n            src=\"https:\/\/www.uni.lu\/wp-content\/uploads\/sites\/9\/2023\/08\/8_Programme-du-mardi-31-mai.jpg\"\n                    style=\"object-position: 50.00% 50.00%; font-family: &quot;object-fit: cover; object-position: 50.00% 50.00%;&quot;; aspect-ratio: 16\/9; object-fit: cover; width: 100%;\"\n        loading=\"lazy\"\n\/>            <p class=\"wp-block-dev4-reusable-blocks-image-caption\">\n            8. Programme du mardi 31 mai        <\/p>\n    <\/figure><\/li>\n<li class=\"swiper-slide\" aria-roledescription=\"slide\">\n    <figure class=\"wp-block-dev4-reusable-blocks-image swiper-slide__bg object-fit--cover\">\n    \n<img decoding=\"async\" class=\"wp-block-image unilux-custom-image-block\"\n                alt=\"\"\n            src=\"https:\/\/www.uni.lu\/wp-content\/uploads\/sites\/9\/2023\/08\/9_ED-Uni.lu-a-l-AG-de-Milan.jpg\"\n                    style=\"object-position: 34.00% 72.00%; font-family: &quot;object-fit: cover; object-position: 34.00% 72.00%;&quot;; aspect-ratio: 16\/9; object-fit: cover; width: 100%;\"\n        loading=\"lazy\"\n\/>            <p class=\"wp-block-dev4-reusable-blocks-image-caption\">\n            9. Europe Direct Universit\u00e9 du Luxembourg \u00e0 l AG de Milan        <\/p>\n    <\/figure><\/li>\n<li class=\"swiper-slide\" aria-roledescription=\"slide\">\n    <figure class=\"wp-block-dev4-reusable-blocks-image swiper-slide__bg object-fit--cover\">\n    \n<img decoding=\"async\" class=\"wp-block-image unilux-custom-image-block\"\n                alt=\"\"\n            src=\"https:\/\/www.uni.lu\/wp-content\/uploads\/sites\/9\/2023\/08\/10_Mot-de-bienvenue-du-Commissaire-Europeen-a-l-Economie-Paolo-Gentiloni.jpg\"\n                    style=\"object-position: 50.00% 50.00%; font-family: &quot;object-fit: cover; object-position: 50.00% 50.00%;&quot;; aspect-ratio: 16\/9; object-fit: cover; width: 100%;\"\n        loading=\"lazy\"\n\/>            <p class=\"wp-block-dev4-reusable-blocks-image-caption\">\n            10. Mot de bienvenue du Commissaire Europ\u00e9en \u00e0 l&rsquo;Economie &#8211; Paolo Gentiloni        <\/p>\n    <\/figure><\/li>\n<li class=\"swiper-slide\" aria-roledescription=\"slide\">\n    <figure class=\"wp-block-dev4-reusable-blocks-image swiper-slide__bg object-fit--cover\">\n    \n<img decoding=\"async\" class=\"wp-block-image unilux-custom-image-block\"\n                alt=\"\"\n            src=\"https:\/\/www.uni.lu\/wp-content\/uploads\/sites\/9\/2023\/08\/11_-les-ED-luxembourgeois-et-la-Representation-au-Luxembourg-devant-le-Superstudio-Maxi-de-Milan.jpg\"\n                    style=\"object-position: 51.00% 78.00%; font-family: &quot;object-fit: cover; object-position: 51.00% 78.00%;&quot;; aspect-ratio: 16\/9; object-fit: cover; width: 100%;\"\n        loading=\"lazy\"\n\/>            <p class=\"wp-block-dev4-reusable-blocks-image-caption\">\n            11. Les ED luxembourgeois et la Repr\u00e9sentation de la Commission Europ\u00e9enne au Luxembourg devant le Superstudio Maxi de Milan        <\/p>\n    <\/figure><\/li>\n<li class=\"swiper-slide\" aria-roledescription=\"slide\">\n    <figure class=\"wp-block-dev4-reusable-blocks-image swiper-slide__bg object-fit--cover\">\n    \n<img decoding=\"async\" class=\"wp-block-image unilux-custom-image-block\"\n                alt=\"\"\n            src=\"https:\/\/www.uni.lu\/wp-content\/uploads\/sites\/9\/2023\/08\/12_Presentation-du-stand-du-Luxembourg-avec-ED-Schengen-RepCom-Luxembourg-et-ED-Eislek.jpg\"\n                    style=\"object-position: 53.00% 32.00%; font-family: &quot;object-fit: cover; object-position: 53.00% 32.00%;&quot;; aspect-ratio: 16\/9; object-fit: cover; width: 100%;\"\n        loading=\"lazy\"\n\/>            <p class=\"wp-block-dev4-reusable-blocks-image-caption\">\n            12. Stand du Luxembourg avec de g. \u00e0 dr. Mme Martina Kneip (ED Schengen) &#8211;\u00a0Mme\u00a0Polyanna Vergidou (RepCom \u00e0 Luxembourg) &#8211;\u00a0Mme\u00a0Sonia Golini (ED Uni.lu) et\u00a0Mme\u00a0Christiane Blasen (ED \u00c9islek)        <\/p>\n    <\/figure><\/li>\n<li class=\"swiper-slide\" aria-roledescription=\"slide\">\n    <figure class=\"wp-block-dev4-reusable-blocks-image swiper-slide__bg object-fit--cover\">\n    \n<img decoding=\"async\" class=\"wp-block-image unilux-custom-image-block\"\n                alt=\"\"\n            src=\"https:\/\/www.uni.lu\/wp-content\/uploads\/sites\/9\/2023\/08\/13_Dernier-jour-et-retrouvailles-avec-ED-Saarbrucken-ED-Territoires-Lorrains-ED-Cristeel-et-ED-Reims.jpg\"\n                    style=\"object-position: 62.00% 38.00%; font-family: &quot;object-fit: cover; object-position: 62.00% 38.00%;&quot;; aspect-ratio: 16\/9; object-fit: cover; width: 100%;\"\n        loading=\"lazy\"\n\/>            <p class=\"wp-block-dev4-reusable-blocks-image-caption\">\n            13. Retrouvailles avec ED Saarbr\u00fccken, ED Territoires Lorrains, ED Lorraine Grand Est et ED Reims Grand Est        <\/p>\n    <\/figure><\/li>\n<li class=\"swiper-slide\" aria-roledescription=\"slide\">\n    <figure class=\"wp-block-dev4-reusable-blocks-image swiper-slide__bg object-fit--cover\">\n    \n<img decoding=\"async\" class=\"wp-block-image unilux-custom-image-block\"\n                alt=\"\"\n            src=\"https:\/\/www.uni.lu\/wp-content\/uploads\/sites\/9\/2023\/08\/14_-nos-partenaires-francais-et-allamands.jpg\"\n                    style=\"object-position: 50.00% 50.00%; font-family: &quot;object-fit: cover; object-position: 50.00% 50.00%;&quot;; aspect-ratio: 16\/9; object-fit: cover; width: 100%;\"\n        loading=\"lazy\"\n\/>            <p class=\"wp-block-dev4-reusable-blocks-image-caption\">\n            14. Nos partenaires Europe Direct fran\u00e7ais et allemands        <\/p>\n    <\/figure><\/li>\n<li class=\"swiper-slide\" aria-roledescription=\"slide\">\n    <figure class=\"wp-block-dev4-reusable-blocks-image swiper-slide__bg object-fit--cover\">\n    \n<img decoding=\"async\" class=\"wp-block-image unilux-custom-image-block\"\n                alt=\"\"\n            src=\"https:\/\/www.uni.lu\/wp-content\/uploads\/sites\/9\/2023\/08\/15_Photo-de-groupe-de-tous-les-ED-presents-a-l-AG-de-Milan.jpg\"\n                    style=\"object-position: 50.00% 50.00%; font-family: &quot;object-fit: cover; object-position: 50.00% 50.00%;&quot;; aspect-ratio: 16\/9; object-fit: cover; width: 100%;\"\n        loading=\"lazy\"\n\/>            <p class=\"wp-block-dev4-reusable-blocks-image-caption\">\n            15. Les centres Europe Direct rassembl\u00e9s face au Superstudio Maxi de Milan        <\/p>\n    <\/figure><\/li>        <\/ul>\n\n        <!-- Swiper pagination -->\n        <div class=\"swiper-pagination\">\n            <div class=\"swiper-pagination__bullets\"><\/div>\n        <\/div>\n    <\/div>\n<\/section><\/div>\n<\/div>\n<\/div><\/section>\n","protected":false},"excerpt":{"rendered":"","protected":false},"author":292,"featured_media":12107,"template":"","format":"standard","meta":{"featured_image_focal_point":{"x":0.37,"y":0.51},"show_featured_caption":false,"ulux_newsletter_groups":"","uluxPostTitle":"","uluxPrePostTitle":"","_trash_the_other_posts":false,"_price":"","_stock":"","_tribe_ticket_header":"","_tribe_default_ticket_provider":"","_tribe_ticket_capacity":"0","_ticket_start_date":"","_ticket_end_date":"","_tribe_ticket_show_description":"","_tribe_ticket_show_not_going":false,"_tribe_ticket_use_global_stock":"","_tribe_ticket_global_stock_level":"","_global_stock_mode":"","_global_stock_cap":"","_tribe_rsvp_for_event":"","_tribe_ticket_going_count":"","_tribe_ticket_not_going_count":"","_tribe_tickets_list":"[]","_tribe_ticket_has_attendee_info_fields":false},"news-category":[],"news-topic":[],"organisation":[297],"authorship":[292,327],"acf":[],"yoast_head":"<!-- This site is optimized with the Yoast SEO Premium plugin v22.3 (Yoast SEO v22.3) - https:\/\/yoast.com\/wordpress\/plugins\/seo\/ -->\n<title>Assembl\u00e9e G\u00e9n\u00e9rale des centres Europe Direct \u00e0 Milan - Universit\u00e9 du Luxembourg<\/title>\n<meta name=\"description\" content=\"Le centre Europe Direct de l&#039;Universit\u00e9 du Luxembourg \u00e9tait pr\u00e9sent \u00e0 l&#039;Assembl\u00e9e G\u00e9n\u00e9rale des centres Europe Direct qui s&#039;est tenue&nbsp;du 30 Mai 2022\" \/>\n<meta name=\"robots\" content=\"index, follow, max-snippet:-1, max-image-preview:large, max-video-preview:-1\" \/>\n<link rel=\"canonical\" href=\"https:\/\/www.uni.lu\/fr\/news\/assemblee-generale-des-centres-europe-direct-a-milan\/\" \/>\n<meta property=\"og:locale\" content=\"fr_FR\" \/>\n<meta property=\"og:type\" content=\"article\" \/>\n<meta property=\"og:title\" content=\"Assembl\u00e9e G\u00e9n\u00e9rale des centres Europe Direct \u00e0 Milan\" \/>\n<meta property=\"og:description\" content=\"Le centre Europe Direct de l&#039;Universit\u00e9 du Luxembourg \u00e9tait pr\u00e9sent \u00e0 l&#039;Assembl\u00e9e G\u00e9n\u00e9rale des centres Europe Direct qui s&#039;est tenue&nbsp;du 30 Mai 2022\" \/>\n<meta property=\"og:url\" content=\"https:\/\/www.uni.lu\/fr\/news\/assemblee-generale-des-centres-europe-direct-a-milan\/\" \/>\n<meta property=\"og:site_name\" content=\"UNI FR\" \/>\n<meta property=\"article:publisher\" content=\"https:\/\/www.facebook.com\/uni.lu\" \/>\n<meta property=\"article:modified_time\" content=\"2024-12-03T09:08:53+00:00\" \/>\n<meta property=\"og:image\" content=\"https:\/\/www.uni.lu\/wp-content\/uploads\/sites\/11\/2022\/05\/photo_de_groupe.jpg\" \/>\n\t<meta property=\"og:image:width\" content=\"960\" \/>\n\t<meta property=\"og:image:height\" content=\"564\" \/>\n\t<meta property=\"og:image:type\" content=\"image\/jpeg\" \/>\n<meta name=\"twitter:card\" content=\"summary_large_image\" \/>\n<meta name=\"twitter:label1\" content=\"Dur\u00e9e de lecture estim\u00e9e\" \/>\n\t<meta name=\"twitter:data1\" content=\"2 minutes\" \/>\n<script type=\"application\/ld+json\" class=\"yoast-schema-graph\">{\"@context\":\"https:\/\/schema.org\",\"@graph\":[{\"@type\":\"NewsArticle\",\"@id\":\"https:\/\/www.uni.lu\/fr\/news\/assemblee-generale-des-centres-europe-direct-a-milan\/#article\",\"isPartOf\":{\"@id\":\"https:\/\/www.uni.lu\/fr\/news\/assemblee-generale-des-centres-europe-direct-a-milan\/\"},\"author\":{\"name\":\"lucacolling\",\"@id\":\"https:\/\/www.uni.lu\/fr\/#\/schema\/person\/cbcad1cf6b807d7f55d4e7e6c825d639\"},\"headline\":\"Assembl\u00e9e G\u00e9n\u00e9rale des centres Europe Direct \u00e0 Milan\",\"datePublished\":\"2022-05-30T09:38:00+00:00\",\"dateModified\":\"2024-12-03T09:08:53+00:00\",\"mainEntityOfPage\":{\"@id\":\"https:\/\/www.uni.lu\/fr\/news\/assemblee-generale-des-centres-europe-direct-a-milan\/\"},\"wordCount\":270,\"publisher\":{\"@id\":\"https:\/\/www.uni.lu\/fr\/#organization\"},\"image\":{\"@id\":\"https:\/\/www.uni.lu\/fr\/news\/assemblee-generale-des-centres-europe-direct-a-milan\/#primaryimage\"},\"thumbnailUrl\":\"https:\/\/www.uni.lu\/wp-content\/uploads\/sites\/11\/2022\/05\/photo_de_groupe.jpg\",\"inLanguage\":\"fr-FR\"},{\"@type\":\"WebPage\",\"@id\":\"https:\/\/www.uni.lu\/fr\/news\/assemblee-generale-des-centres-europe-direct-a-milan\/\",\"url\":\"https:\/\/www.uni.lu\/fr\/news\/assemblee-generale-des-centres-europe-direct-a-milan\/\",\"name\":\"Assembl\u00e9e G\u00e9n\u00e9rale des centres Europe Direct \u00e0 Milan - Universit\u00e9 du Luxembourg\",\"isPartOf\":{\"@id\":\"https:\/\/www.uni.lu\/fr\/#website\"},\"primaryImageOfPage\":{\"@id\":\"https:\/\/www.uni.lu\/fr\/news\/assemblee-generale-des-centres-europe-direct-a-milan\/#primaryimage\"},\"image\":{\"@id\":\"https:\/\/www.uni.lu\/fr\/news\/assemblee-generale-des-centres-europe-direct-a-milan\/#primaryimage\"},\"thumbnailUrl\":\"https:\/\/www.uni.lu\/wp-content\/uploads\/sites\/11\/2022\/05\/photo_de_groupe.jpg\",\"datePublished\":\"2022-05-30T09:38:00+00:00\",\"dateModified\":\"2024-12-03T09:08:53+00:00\",\"description\":\"Le centre Europe Direct de l'Universit\u00e9 du Luxembourg \u00e9tait pr\u00e9sent \u00e0 l'Assembl\u00e9e G\u00e9n\u00e9rale des centres Europe Direct qui s'est tenue&nbsp;du 30 Mai 2022\",\"breadcrumb\":{\"@id\":\"https:\/\/www.uni.lu\/fr\/news\/assemblee-generale-des-centres-europe-direct-a-milan\/#breadcrumb\"},\"inLanguage\":\"fr-FR\",\"potentialAction\":[{\"@type\":\"ReadAction\",\"target\":[\"https:\/\/www.uni.lu\/fr\/news\/assemblee-generale-des-centres-europe-direct-a-milan\/\"]}]},{\"@type\":\"ImageObject\",\"inLanguage\":\"fr-FR\",\"@id\":\"https:\/\/www.uni.lu\/fr\/news\/assemblee-generale-des-centres-europe-direct-a-milan\/#primaryimage\",\"url\":\"https:\/\/www.uni.lu\/wp-content\/uploads\/sites\/11\/2022\/05\/photo_de_groupe.jpg\",\"contentUrl\":\"https:\/\/www.uni.lu\/wp-content\/uploads\/sites\/11\/2022\/05\/photo_de_groupe.jpg\",\"width\":960,\"height\":564},{\"@type\":\"BreadcrumbList\",\"@id\":\"https:\/\/www.uni.lu\/fr\/news\/assemblee-generale-des-centres-europe-direct-a-milan\/#breadcrumb\",\"itemListElement\":[{\"@type\":\"ListItem\",\"position\":1,\"name\":\"Home\",\"item\":\"https:\/\/www.uni.lu\/fr\/\"},{\"@type\":\"ListItem\",\"position\":2,\"name\":\"News\",\"item\":\"https:\/\/www.uni.lu\/fr\/news\/\"},{\"@type\":\"ListItem\",\"position\":3,\"name\":\"Assembl\u00e9e G\u00e9n\u00e9rale des centres Europe Direct \u00e0 Milan\"}]},{\"@type\":\"WebSite\",\"@id\":\"https:\/\/www.uni.lu\/fr\/#website\",\"url\":\"https:\/\/www.uni.lu\/fr\/\",\"name\":\"Uni.lu\",\"description\":\"Universit\u00e9 du Luxembourg\",\"publisher\":{\"@id\":\"https:\/\/www.uni.lu\/fr\/#organization\"},\"alternateName\":\"Universit\u00e9 du Luxembourg\",\"potentialAction\":[{\"@type\":\"SearchAction\",\"target\":{\"@type\":\"EntryPoint\",\"urlTemplate\":\"https:\/\/www.uni.lu\/fr\/?s={search_term_string}\"},\"query-input\":\"required name=search_term_string\"}],\"inLanguage\":\"fr-FR\"},{\"@type\":\"Organization\",\"@id\":\"https:\/\/www.uni.lu\/fr\/#organization\",\"name\":\"Universit\u00e9 du Luxembourg\",\"alternateName\":\"Uni.lu\",\"url\":\"https:\/\/www.uni.lu\/fr\/\",\"logo\":{\"@type\":\"ImageObject\",\"inLanguage\":\"fr-FR\",\"@id\":\"https:\/\/www.uni.lu\/fr\/#\/schema\/logo\/image\/\",\"url\":\"https:\/\/www.uni.lu\/wp-content\/uploads\/sites\/11\/2026\/03\/03120045\/UNIV_SM-Profile_1600x1600px-scaled.jpg\",\"contentUrl\":\"https:\/\/www.uni.lu\/wp-content\/uploads\/sites\/11\/2026\/03\/03120045\/UNIV_SM-Profile_1600x1600px-scaled.jpg\",\"width\":2560,\"height\":2560,\"caption\":\"Universit\u00e9 du Luxembourg\"},\"image\":\"https:\/\/www.uni.lu\/wp-content\/uploads\/sites\/11\/2026\/04\/24120552\/20200609-Belval-Campus_Henri-Goergen-23.jpg\",\"sameAs\":[\"https:\/\/www.facebook.com\/uni.lu\",\"https:\/\/www.linkedin.com\/school\/university-of-luxembourg\/\",\"https:\/\/www.instagram.com\/uni.lu\",\"https:\/\/www.youtube.com\/@uni_lu\",\"https:\/\/en.wikipedia.org\/wiki\/University_of_Luxembourg\"],\"email\":\"communication@uni.lu\",\"telephone\":\"+352 46 66 44 1\",\"address\":{\"@type\":\"PostalAddress\",\"streetAddress\":\"2, place de l\u2019Universit\u00e9\",\"addressLocality\":\"Esch-sur-Alzette\",\"postalCode\":\"4365\",\"addressCountry\":\"LU\"},\"description\":\"Universit\u00e9 du Luxembourg\"},{\"@type\":\"Person\",\"@id\":\"https:\/\/www.uni.lu\/fr\/#\/schema\/person\/cbcad1cf6b807d7f55d4e7e6c825d639\",\"name\":\"lucacolling\",\"image\":{\"@type\":\"ImageObject\",\"inLanguage\":\"fr-FR\",\"@id\":\"https:\/\/www.uni.lu\/fr\/#\/schema\/person\/image\/\",\"url\":\"https:\/\/secure.gravatar.com\/avatar\/b916eb75bf84d37d345044c8508d388b?s=96&d=mm&r=g\",\"contentUrl\":\"https:\/\/secure.gravatar.com\/avatar\/b916eb75bf84d37d345044c8508d388b?s=96&d=mm&r=g\",\"caption\":\"lucacolling\"},\"worksFor\":\"Europe Direct University of Luxembourg\"}]}<\/script>\n<!-- \/ Yoast SEO Premium plugin. -->","yoast_head_json":{"title":"Assembl\u00e9e G\u00e9n\u00e9rale des centres Europe Direct \u00e0 Milan - Universit\u00e9 du Luxembourg","description":"Le centre Europe Direct de l'Universit\u00e9 du Luxembourg \u00e9tait pr\u00e9sent \u00e0 l'Assembl\u00e9e G\u00e9n\u00e9rale des centres Europe Direct qui s'est tenue&nbsp;du 30 Mai 2022","robots":{"index":"index","follow":"follow","max-snippet":"max-snippet:-1","max-image-preview":"max-image-preview:large","max-video-preview":"max-video-preview:-1"},"canonical":"https:\/\/www.uni.lu\/fr\/news\/assemblee-generale-des-centres-europe-direct-a-milan\/","og_locale":"fr_FR","og_type":"article","og_title":"Assembl\u00e9e G\u00e9n\u00e9rale des centres Europe Direct \u00e0 Milan","og_description":"Le centre Europe Direct de l'Universit\u00e9 du Luxembourg \u00e9tait pr\u00e9sent \u00e0 l'Assembl\u00e9e G\u00e9n\u00e9rale des centres Europe Direct qui s'est tenue&nbsp;du 30 Mai 2022","og_url":"https:\/\/www.uni.lu\/fr\/news\/assemblee-generale-des-centres-europe-direct-a-milan\/","og_site_name":"UNI FR","article_publisher":"https:\/\/www.facebook.com\/uni.lu","article_modified_time":"2024-12-03T09:08:53+00:00","og_image":[{"width":960,"height":564,"url":"https:\/\/www.uni.lu\/wp-content\/uploads\/sites\/11\/2022\/05\/photo_de_groupe.jpg","type":"image\/jpeg"}],"twitter_card":"summary_large_image","twitter_misc":{"Dur\u00e9e de lecture estim\u00e9e":"2 minutes"},"schema":{"@context":"https:\/\/schema.org","@graph":[{"@type":"NewsArticle","@id":"https:\/\/www.uni.lu\/fr\/news\/assemblee-generale-des-centres-europe-direct-a-milan\/#article","isPartOf":{"@id":"https:\/\/www.uni.lu\/fr\/news\/assemblee-generale-des-centres-europe-direct-a-milan\/"},"author":{"name":"lucacolling","@id":"https:\/\/www.uni.lu\/fr\/#\/schema\/person\/cbcad1cf6b807d7f55d4e7e6c825d639"},"headline":"Assembl\u00e9e G\u00e9n\u00e9rale des centres Europe Direct \u00e0 Milan","datePublished":"2022-05-30T09:38:00+00:00","dateModified":"2024-12-03T09:08:53+00:00","mainEntityOfPage":{"@id":"https:\/\/www.uni.lu\/fr\/news\/assemblee-generale-des-centres-europe-direct-a-milan\/"},"wordCount":270,"publisher":{"@id":"https:\/\/www.uni.lu\/fr\/#organization"},"image":{"@id":"https:\/\/www.uni.lu\/fr\/news\/assemblee-generale-des-centres-europe-direct-a-milan\/#primaryimage"},"thumbnailUrl":"https:\/\/www.uni.lu\/wp-content\/uploads\/sites\/11\/2022\/05\/photo_de_groupe.jpg","inLanguage":"fr-FR"},{"@type":"WebPage","@id":"https:\/\/www.uni.lu\/fr\/news\/assemblee-generale-des-centres-europe-direct-a-milan\/","url":"https:\/\/www.uni.lu\/fr\/news\/assemblee-generale-des-centres-europe-direct-a-milan\/","name":"Assembl\u00e9e G\u00e9n\u00e9rale des centres Europe Direct \u00e0 Milan - Universit\u00e9 du Luxembourg","isPartOf":{"@id":"https:\/\/www.uni.lu\/fr\/#website"},"primaryImageOfPage":{"@id":"https:\/\/www.uni.lu\/fr\/news\/assemblee-generale-des-centres-europe-direct-a-milan\/#primaryimage"},"image":{"@id":"https:\/\/www.uni.lu\/fr\/news\/assemblee-generale-des-centres-europe-direct-a-milan\/#primaryimage"},"thumbnailUrl":"https:\/\/www.uni.lu\/wp-content\/uploads\/sites\/11\/2022\/05\/photo_de_groupe.jpg","datePublished":"2022-05-30T09:38:00+00:00","dateModified":"2024-12-03T09:08:53+00:00","description":"Le centre Europe Direct de l'Universit\u00e9 du Luxembourg \u00e9tait pr\u00e9sent \u00e0 l'Assembl\u00e9e G\u00e9n\u00e9rale des centres Europe Direct qui s'est tenue&nbsp;du 30 Mai 2022","breadcrumb":{"@id":"https:\/\/www.uni.lu\/fr\/news\/assemblee-generale-des-centres-europe-direct-a-milan\/#breadcrumb"},"inLanguage":"fr-FR","potentialAction":[{"@type":"ReadAction","target":["https:\/\/www.uni.lu\/fr\/news\/assemblee-generale-des-centres-europe-direct-a-milan\/"]}]},{"@type":"ImageObject","inLanguage":"fr-FR","@id":"https:\/\/www.uni.lu\/fr\/news\/assemblee-generale-des-centres-europe-direct-a-milan\/#primaryimage","url":"https:\/\/www.uni.lu\/wp-content\/uploads\/sites\/11\/2022\/05\/photo_de_groupe.jpg","contentUrl":"https:\/\/www.uni.lu\/wp-content\/uploads\/sites\/11\/2022\/05\/photo_de_groupe.jpg","width":960,"height":564},{"@type":"BreadcrumbList","@id":"https:\/\/www.uni.lu\/fr\/news\/assemblee-generale-des-centres-europe-direct-a-milan\/#breadcrumb","itemListElement":[{"@type":"ListItem","position":1,"name":"Home","item":"https:\/\/www.uni.lu\/fr\/"},{"@type":"ListItem","position":2,"name":"News","item":"https:\/\/www.uni.lu\/fr\/news\/"},{"@type":"ListItem","position":3,"name":"Assembl\u00e9e G\u00e9n\u00e9rale des centres Europe Direct \u00e0 Milan"}]},{"@type":"WebSite","@id":"https:\/\/www.uni.lu\/fr\/#website","url":"https:\/\/www.uni.lu\/fr\/","name":"Uni.lu","description":"Universit\u00e9 du Luxembourg","publisher":{"@id":"https:\/\/www.uni.lu\/fr\/#organization"},"alternateName":"Universit\u00e9 du Luxembourg","potentialAction":[{"@type":"SearchAction","target":{"@type":"EntryPoint","urlTemplate":"https:\/\/www.uni.lu\/fr\/?s={search_term_string}"},"query-input":"required name=search_term_string"}],"inLanguage":"fr-FR"},{"@type":"Organization","@id":"https:\/\/www.uni.lu\/fr\/#organization","name":"Universit\u00e9 du Luxembourg","alternateName":"Uni.lu","url":"https:\/\/www.uni.lu\/fr\/","logo":{"@type":"ImageObject","inLanguage":"fr-FR","@id":"https:\/\/www.uni.lu\/fr\/#\/schema\/logo\/image\/","url":"https:\/\/www.uni.lu\/wp-content\/uploads\/sites\/11\/2026\/03\/03120045\/UNIV_SM-Profile_1600x1600px-scaled.jpg","contentUrl":"https:\/\/www.uni.lu\/wp-content\/uploads\/sites\/11\/2026\/03\/03120045\/UNIV_SM-Profile_1600x1600px-scaled.jpg","width":2560,"height":2560,"caption":"Universit\u00e9 du Luxembourg"},"image":"https:\/\/www.uni.lu\/wp-content\/uploads\/sites\/11\/2026\/04\/24120552\/20200609-Belval-Campus_Henri-Goergen-23.jpg","sameAs":["https:\/\/www.facebook.com\/uni.lu","https:\/\/www.linkedin.com\/school\/university-of-luxembourg\/","https:\/\/www.instagram.com\/uni.lu","https:\/\/www.youtube.com\/@uni_lu","https:\/\/en.wikipedia.org\/wiki\/University_of_Luxembourg"],"email":"communication@uni.lu","telephone":"+352 46 66 44 1","address":{"@type":"PostalAddress","streetAddress":"2, place de l\u2019Universit\u00e9","addressLocality":"Esch-sur-Alzette","postalCode":"4365","addressCountry":"LU"},"description":"Universit\u00e9 du Luxembourg"},{"@type":"Person","@id":"https:\/\/www.uni.lu\/fr\/#\/schema\/person\/cbcad1cf6b807d7f55d4e7e6c825d639","name":"lucacolling","image":{"@type":"ImageObject","inLanguage":"fr-FR","@id":"https:\/\/www.uni.lu\/fr\/#\/schema\/person\/image\/","url":"https:\/\/secure.gravatar.com\/avatar\/b916eb75bf84d37d345044c8508d388b?s=96&d=mm&r=g","contentUrl":"https:\/\/secure.gravatar.com\/avatar\/b916eb75bf84d37d345044c8508d388b?s=96&d=mm&r=g","caption":"lucacolling"},"worksFor":"Europe Direct University of Luxembourg"}]}},"blog_id":11,"_links":{"self":[{"href":"https:\/\/www.uni.lu\/fr\/wp-json\/wp\/v2\/news\/11221"}],"collection":[{"href":"https:\/\/www.uni.lu\/fr\/wp-json\/wp\/v2\/news"}],"about":[{"href":"https:\/\/www.uni.lu\/fr\/wp-json\/wp\/v2\/types\/news"}],"author":[{"embeddable":true,"href":"https:\/\/www.uni.lu\/fr\/wp-json\/wp\/v2\/users\/292"}],"version-history":[{"count":5,"href":"https:\/\/www.uni.lu\/fr\/wp-json\/wp\/v2\/news\/11221\/revisions"}],"predecessor-version":[{"id":13365,"href":"https:\/\/www.uni.lu\/fr\/wp-json\/wp\/v2\/news\/11221\/revisions\/13365"}],"wp:authorship":[{"embeddable":true,"href":"https:\/\/www.uni.lu\/fr\/wp-json\/wp\/v2\/users\/292"},{"embeddable":true,"href":"https:\/\/www.uni.lu\/fr\/wp-json\/wp\/v2\/users\/327"}],"wp:featuredmedia":[{"embeddable":true,"href":"https:\/\/www.uni.lu\/fr\/wp-json\/wp\/v2\/media\/12107"}],"wp:attachment":[{"href":"https:\/\/www.uni.lu\/fr\/wp-json\/wp\/v2\/media?parent=11221"}],"wp:term":[{"taxonomy":"news-category","embeddable":true,"href":"https:\/\/www.uni.lu\/fr\/wp-json\/wp\/v2\/news-category?post=11221"},{"taxonomy":"news-topic","embeddable":true,"href":"https:\/\/www.uni.lu\/fr\/wp-json\/wp\/v2\/news-topic?post=11221"},{"taxonomy":"organisation","embeddable":true,"href":"https:\/\/www.uni.lu\/fr\/wp-json\/wp\/v2\/organisation?post=11221"}],"curies":[{"name":"wp","href":"https:\/\/api.w.org\/{rel}","templated":true}]}}