{"id":10584,"date":"2024-03-13T13:13:03","date_gmt":"2024-03-13T12:13:03","guid":{"rendered":"https:\/\/www.uni.lu\/fr\/?post_type=news&#038;p=10584"},"modified":"2024-03-13T13:13:05","modified_gmt":"2024-03-13T12:13:05","slug":"les-maths-une-discipline-qui-compte","status":"publish","type":"news","link":"https:\/\/www.uni.lu\/fr\/news\/les-maths-une-discipline-qui-compte\/","title":{"rendered":"Les maths, une discipline qui compte"},"content":{"rendered":"\n<section class=\"wp-block-unilux-blocks-free-section section\"><div class=\"container xl:max-w-screen-xl\">\n<p>Ils ont mordu \u00e0 l\u2019hame\u00e7on des math\u00e9matiques et y ont pris go\u00fbt\u00a0: <a href=\"https:\/\/www.uni.lu\/fstm-en\/people\/hugo-parlier\/\">Hugo Parlier<\/a> et <a href=\"https:\/\/www.uni.lu\/fstm-en\/people\/giovanni-peccati\/\">Giovanni Peccati<\/a> transmettent leur passion aux \u00e9tudiants de l\u2019Universit\u00e9 du Luxembourg et ils l\u2019assurent\u00a0: \u00ab\u00a0Les math\u00e9matiques sont un lieu d\u2019exploration et de d\u00e9couvertes\u00a0\u00bb.<\/p>\n\n\n\n<p>Parfois redout\u00e9e par les \u00e9l\u00e8ves sur les bancs de l\u2019\u00e9cole, la discipline constitue une porte d\u2019entr\u00e9e vers des parcours professionnels enrichissants qui incluent la finance, la consultance, l\u2019IT ou encore la recherche. \u00ab\u00a0Et n\u2019oublions pas les ouvertures que l\u2019on ne conna\u00eet pas encore\u00a0\u00bb, ajoute Hugo Parlier, professeur \u00e0 l\u2019Universit\u00e9.<\/p>\n\n\n\n<section class=\"wp-block-unilux-blocks-quote-people\">\n    <div class=\"quote-people\" role=\"group\">\n        <figure class=\"quote-people__body\">\n            <blockquote class=\"quote-people__blockquote\">\n    <span class=\"quote-people__quote\">\u201f<\/span>\n    Ces derni\u00e8res ann\u00e9es, les math\u00e9matiques sont le dipl\u00f4me phare dans les universit\u00e9s am\u00e9ricaines parce que leurs titulaires obtiennent le plus haut taux d\u2019\u00e9panouissement professionnel. Avec ce dipl\u00f4me, on peut faire beaucoup de choses dont certaines que l\u2019on ne conna\u00eet pas encore. L\u2019arriv\u00e9e de la science des donn\u00e9es montre que le monde change. Et ceux qui comprennent cela ont un avantage comp\u00e9titif sur les autres candidats\u00a0\u201d\n<\/blockquote>\n<div class=\"wp-block-unilux-blocks-wrapper quote-people__figcaption\">\n<p class=\"quote-people__author wp-block-unilux-blocks-plain-text\">Hugo Parlier<\/p><\/div>\n        <\/figure>\n    <\/div>\n<\/section>\n\n\n<h2 class=\"has-text-align-left wp-block-unilux-blocks-heading\"        id=\"les-etudiants-soutenus-tout-au-long-du-cursus\"\n    >\nLes \u00e9tudiants soutenus tout au long du cursus<\/h2>\n\n\n\n<p>A l\u2019Universit\u00e9 du Luxembourg, plus d\u2019une centaine d\u2019\u00e9tudiants suivent un cursus en math\u00e9matiques en bachelor et pr\u00e8s de 90 sont inscrits \u00e0 l\u2019un des trois Masters d\u00e9di\u00e9s \u00e0 la discipline. En premier cycle, ils sont deux fois plus nombreux qu\u2019il y a cinq ans selon Giovanni Peccati, chef de d\u00e9partement de Math\u00e9matiques.<\/p>\n\n\n\n<p>Et pour prendre leurs marques dans la discipline, les \u00e9tudiants peuvent compter sur des soutiens pr\u00e9cieux comme le Math Camp, un cours pr\u00e9liminaire organis\u00e9 deux semaines avant le coup d\u2019envoi du premier semestre de Bachelor. Tout au long du cursus, des professeurs assurent un tutorat et un suivi r\u00e9gulier des \u00e9tudiants. Ceux-ci b\u00e9n\u00e9ficient aussi d\u2019une approche humaine dans les s\u00e9ances d\u2019exercices avec au maximum un assistant pour quinze \u00e9tudiants. Les doctorants et postdocs assurent pour leur part Math Forge, un syst\u00e8me de tutorat ax\u00e9 sur l\u2019approfondissement des notions.<\/p>\n\n\n\n<p>\u00ab&nbsp;La recherche est la pierre angulaire du d\u00e9partement \u00bb, abonde Hugo Parlier. Avec un doctorant sur sept \u00e9tudiants inscrits, l\u2019Universit\u00e9 du Luxembourg se distingue en effet sur ce volet et le d\u00e9partement de Math\u00e9matiques suit la tendance.<\/p>\n\n\n\n<h2 class=\"has-text-align-left wp-block-unilux-blocks-heading\"        id=\"des-domaines-de-recherche-varies\"\n    >\nDes domaines de recherche vari\u00e9s<\/h2>\n\n\n\n<p>La recherche au d\u00e9partement est multiple et vari\u00e9e, et internationalement reconnue. A titre d\u2019exemple, en 2023, <a href=\"https:\/\/www.uni.lu\/fstm-en\/news\/msca-awarded-grants-in-geometry\/\">l\u2019ensemble des trois postes en g\u00e9om\u00e9trie pr\u00e9vus par les bourses Marie Sk\u0142odowska-Curie (AMSC) ont \u00e9t\u00e9 octroy\u00e9s \u00e0 l\u2019Universit\u00e9 du Luxembourg<\/a>. La recherche dans ce domaine y est pouss\u00e9e, au m\u00eame titre que par exemple les statistiques th\u00e9oriques et appliqu\u00e9es, et l\u2019\u00e9tude des fluctuations des structures al\u00e9atoires \u00e0 grande \u00e9chelle.<\/p>\n\n\n\n<p>Hugo Parlier assimile l\u2019enseignement des maths au lyc\u00e9e \u00e0 celui de la musique mais sans instrument : \u00ab&nbsp;A l\u2019Universit\u00e9, les \u00e9tudiants peuvent jouer de l\u2019instrument et l\u00e0, le champ d\u2019exploration des math\u00e9matiques est infini&nbsp;\u00bb.<\/p>\n\n\n\n<p>C\u2019est probablement le paradoxe des math\u00e9matiques qu\u2019aucune formule ne r\u00e9sout \u00e0 ce jour&nbsp;: consid\u00e9r\u00e9e comme un outil de s\u00e9lection pour les \u00e9l\u00e8ves \u00e0 l\u2019\u00e9cole secondaire, la discipline est explor\u00e9e bien plus profond\u00e9ment \u00e0 l\u2019Universit\u00e9 et r\u00e9v\u00e8le alors toute sa richesse et stimule la curiosit\u00e9 des \u00e9tudiants.<\/p>\n\n\n\n<p>Le d\u00e9partement de Math\u00e9matiques compte quinzaine de professeurs, un contingent qui \u00e9volue et se f\u00e9minise au fil des ans. Et fin 2023, <a href=\"https:\/\/www.uni.lu\/fstm-en\/news\/master-in-data-science-celebrates-its-first-graduates\/\">les premiers dipl\u00f4m\u00e9s du Master en Data Science ont re\u00e7u leur s\u00e9same.<\/a> L\u00e0 aussi, il constitue une cl\u00e9 qui ouvre bien plus qu\u2019une seule porte.<\/p>\n\n\n\n<p>Depuis 2019, l\u2019Unesco organise la journ\u00e9e internationale des math\u00e9matiques. Auparavant, de nombreux pays avaient retenu cette m\u00eame date \u2013 3\/14 dans l\u2019\u00e9criture anglo-saxonne &#8211; pour c\u00e9l\u00e9brer la journ\u00e9e Pi, dont on sait qu\u2019elle commence par 3,14. Logique, peut-\u00eatre&nbsp;? Math\u00e9matique, certainement&nbsp;!<\/p>\n\n\n\n<section class=\"py-0 wp-block-unilux-blocks-free-section section\"><div class=\"container xl:max-w-screen-xl\">\n<h2 class=\"has-text-align-left wp-block-unilux-blocks-heading\"        id=\"decouvrir-plus\"\n    >\nD\u00e9couvrir plus<\/h2>\n\n\n<div class=\"thumbnail  wp-block-unilux-blocks-thumbnail-video\">\n    <div class=\"card bg-theme p-0\">\n        <div class=\"card__container p-0\">\n            <div class=\"card__body p-0\">\n                <iframe \n            src=\"https:\/\/www.youtube.com\/embed\/luKqXqErqUU\" \n            title=\"YouTube video player\" frameborder=\"0\" \n            allow=\"accelerometer; autoplay; clipboard-write; encrypted-media; gyroscope; picture-in-picture; web-share\" referrerpolicy=\"strict-origin-when-cross-origin\" \n            style=\"object-position: 50% 50%; aspect-ratio: 16\/9; object-fit: cover; width: 100%;\"\n            allowfullscreen data-cookieconsent=\"ignore\">\n            <\/iframe>                            <\/div>\n        <\/div>\n    <\/div>\n<\/div>\n\n\n<section class=\"section section wp-block-unilux-blocks-quick-link-discover-section\">\n    <div class=\"container xl:max-w-screen-xl\">\n        \n<h2 class=\"has-text-align-left wp-block-unilux-blocks-heading\"    >\n<\/h2>\n\n<ul class=\"wp-block-unilux-blocks-quick-link-discover quick-link-list\">\n<li class=\"wp-block-unilux-blocks-quick-link-discover-item\">\n    <a\n                    href=\"https:\/\/www.uni.lu\/fstm-en\/research-departments\/department-of-mathematics\/\"\n                    class=\"quick-link\"\n            target=\"\"\n    >\n            <span class=\"quick-link__container\">\n                <span class=\"quick-link__text\">\n                    D\u00e9partement de Math\u00e9matiques (en anglais)                <\/span>\n                <svg aria-hidden=\"true\" focusable=\"false\" class=\"icon icon-outline icon--arrow-right \"><use xlink:href=\"https:\/\/www.uni.lu\/wp-content\/themes\/unilux-theme\/assets\/images\/icons\/icons-outline.svg#icon--arrow-right\"><\/use><\/svg>            <\/span>\n    <\/a>\n<\/li>\n<\/ul>\n    <\/div>\n<\/section><\/div><\/section>\n<\/div><\/section>\n","protected":false},"excerpt":{"rendered":"<p>L\u2019apprentissage des math\u00e9matiques gagne en popularit\u00e9 \u00e0 l\u2019Universit\u00e9 du Luxembourg avec deux fois plus d\u2019\u00e9tudiants en cinq ans. Lumi\u00e8re sur ce regain d\u2019int\u00e9r\u00eat en cette journ\u00e9e internationale des math\u00e9matiques du 14 mars.<\/p>\n","protected":false},"author":42,"featured_media":10585,"template":"","format":"standard","meta":{"featured_image_focal_point":[],"show_featured_caption":false,"ulux_newsletter_groups":"","uluxPostTitle":"","uluxPrePostTitle":"","_trash_the_other_posts":false,"_price":"","_stock":"","_tribe_ticket_header":"","_tribe_default_ticket_provider":"","_tribe_ticket_capacity":"0","_ticket_start_date":"","_ticket_end_date":"","_tribe_ticket_show_description":"","_tribe_ticket_show_not_going":false,"_tribe_ticket_use_global_stock":"","_tribe_ticket_global_stock_level":"","_global_stock_mode":"","_global_stock_cap":"","_tribe_rsvp_for_event":"","_tribe_ticket_going_count":"","_tribe_ticket_not_going_count":"","_tribe_tickets_list":"[]","_tribe_ticket_has_attendee_info_fields":false},"news-category":[5,4],"news-topic":[20],"organisation":[61,25],"authorship":[42],"acf":[],"yoast_head":"<!-- This site is optimized with the Yoast SEO Premium plugin v22.3 (Yoast SEO v22.3) - https:\/\/yoast.com\/wordpress\/plugins\/seo\/ -->\n<title>Les maths, une discipline qui compte - Universit\u00e9 du Luxembourg<\/title>\n<meta name=\"description\" content=\"L\u2019apprentissage des math\u00e9matiques gagne en popularit\u00e9 \u00e0 l\u2019Universit\u00e9 du Luxembourg avec deux fois plus d\u2019\u00e9tudiants en cinq ans. Lumi\u00e8re sur ce regain d\u2019int\u00e9r\u00eat en cette journ\u00e9e internationale des math\u00e9matiques du 14 mars.\" \/>\n<meta name=\"robots\" content=\"index, follow, max-snippet:-1, max-image-preview:large, max-video-preview:-1\" \/>\n<link rel=\"canonical\" href=\"https:\/\/www.uni.lu\/fr\/news\/les-maths-une-discipline-qui-compte\/\" \/>\n<meta property=\"og:locale\" content=\"fr_FR\" \/>\n<meta property=\"og:type\" content=\"article\" \/>\n<meta property=\"og:title\" content=\"Les maths, une discipline qui compte\" \/>\n<meta property=\"og:description\" content=\"L\u2019apprentissage des math\u00e9matiques gagne en popularit\u00e9 \u00e0 l\u2019Universit\u00e9 du Luxembourg avec deux fois plus d\u2019\u00e9tudiants en cinq ans. Lumi\u00e8re sur ce regain d\u2019int\u00e9r\u00eat en cette journ\u00e9e internationale des math\u00e9matiques du 14 mars.\" \/>\n<meta property=\"og:url\" content=\"https:\/\/www.uni.lu\/fr\/news\/les-maths-une-discipline-qui-compte\/\" \/>\n<meta property=\"og:site_name\" content=\"UNI FR\" \/>\n<meta property=\"article:publisher\" content=\"https:\/\/www.facebook.com\/uni.lu\" \/>\n<meta property=\"article:modified_time\" content=\"2024-03-13T12:13:05+00:00\" \/>\n<meta property=\"og:image\" content=\"https:\/\/www.uni.lu\/wp-content\/uploads\/sites\/11\/2024\/03\/MA_Mathematics_2010.jpg\" \/>\n\t<meta property=\"og:image:width\" content=\"1280\" \/>\n\t<meta property=\"og:image:height\" content=\"786\" \/>\n\t<meta property=\"og:image:type\" content=\"image\/jpeg\" \/>\n<meta name=\"twitter:card\" content=\"summary_large_image\" \/>\n<meta name=\"twitter:label1\" content=\"Dur\u00e9e de lecture estim\u00e9e\" \/>\n\t<meta name=\"twitter:data1\" content=\"3 minutes\" \/>\n<script type=\"application\/ld+json\" class=\"yoast-schema-graph\">{\"@context\":\"https:\/\/schema.org\",\"@graph\":[{\"@type\":\"NewsArticle\",\"@id\":\"https:\/\/www.uni.lu\/fr\/news\/les-maths-une-discipline-qui-compte\/#article\",\"isPartOf\":{\"@id\":\"https:\/\/www.uni.lu\/fr\/news\/les-maths-une-discipline-qui-compte\/\"},\"author\":{\"name\":\"svankelst\",\"@id\":\"https:\/\/www.uni.lu\/fr\/#\/schema\/person\/bbacc9db2c68a323b1a3cbdab743cd0c\"},\"headline\":\"Les maths, une discipline qui compte\",\"datePublished\":\"2024-03-13T12:13:03+00:00\",\"dateModified\":\"2024-03-13T12:13:05+00:00\",\"mainEntityOfPage\":{\"@id\":\"https:\/\/www.uni.lu\/fr\/news\/les-maths-une-discipline-qui-compte\/\"},\"wordCount\":589,\"publisher\":{\"@id\":\"https:\/\/www.uni.lu\/fr\/#organization\"},\"image\":{\"@id\":\"https:\/\/www.uni.lu\/fr\/news\/les-maths-une-discipline-qui-compte\/#primaryimage\"},\"thumbnailUrl\":\"https:\/\/www.uni.lu\/wp-content\/uploads\/sites\/11\/2024\/03\/MA_Mathematics_2010.jpg\",\"inLanguage\":\"fr-FR\"},{\"@type\":\"WebPage\",\"@id\":\"https:\/\/www.uni.lu\/fr\/news\/les-maths-une-discipline-qui-compte\/\",\"url\":\"https:\/\/www.uni.lu\/fr\/news\/les-maths-une-discipline-qui-compte\/\",\"name\":\"Les maths, une discipline qui compte - Universit\u00e9 du Luxembourg\",\"isPartOf\":{\"@id\":\"https:\/\/www.uni.lu\/fr\/#website\"},\"primaryImageOfPage\":{\"@id\":\"https:\/\/www.uni.lu\/fr\/news\/les-maths-une-discipline-qui-compte\/#primaryimage\"},\"image\":{\"@id\":\"https:\/\/www.uni.lu\/fr\/news\/les-maths-une-discipline-qui-compte\/#primaryimage\"},\"thumbnailUrl\":\"https:\/\/www.uni.lu\/wp-content\/uploads\/sites\/11\/2024\/03\/MA_Mathematics_2010.jpg\",\"datePublished\":\"2024-03-13T12:13:03+00:00\",\"dateModified\":\"2024-03-13T12:13:05+00:00\",\"description\":\"L\u2019apprentissage des math\u00e9matiques gagne en popularit\u00e9 \u00e0 l\u2019Universit\u00e9 du Luxembourg avec deux fois plus d\u2019\u00e9tudiants en cinq ans. Lumi\u00e8re sur ce regain d\u2019int\u00e9r\u00eat en cette journ\u00e9e internationale des math\u00e9matiques du 14 mars.\",\"breadcrumb\":{\"@id\":\"https:\/\/www.uni.lu\/fr\/news\/les-maths-une-discipline-qui-compte\/#breadcrumb\"},\"inLanguage\":\"fr-FR\",\"potentialAction\":[{\"@type\":\"ReadAction\",\"target\":[\"https:\/\/www.uni.lu\/fr\/news\/les-maths-une-discipline-qui-compte\/\"]}]},{\"@type\":\"ImageObject\",\"inLanguage\":\"fr-FR\",\"@id\":\"https:\/\/www.uni.lu\/fr\/news\/les-maths-une-discipline-qui-compte\/#primaryimage\",\"url\":\"https:\/\/www.uni.lu\/wp-content\/uploads\/sites\/11\/2024\/03\/MA_Mathematics_2010.jpg\",\"contentUrl\":\"https:\/\/www.uni.lu\/wp-content\/uploads\/sites\/11\/2024\/03\/MA_Mathematics_2010.jpg\",\"width\":1280,\"height\":786},{\"@type\":\"BreadcrumbList\",\"@id\":\"https:\/\/www.uni.lu\/fr\/news\/les-maths-une-discipline-qui-compte\/#breadcrumb\",\"itemListElement\":[{\"@type\":\"ListItem\",\"position\":1,\"name\":\"Home\",\"item\":\"https:\/\/www.uni.lu\/fr\/\"},{\"@type\":\"ListItem\",\"position\":2,\"name\":\"News\",\"item\":\"https:\/\/www.uni.lu\/fr\/news\/\"},{\"@type\":\"ListItem\",\"position\":3,\"name\":\"Les maths, une discipline qui compte\"}]},{\"@type\":\"WebSite\",\"@id\":\"https:\/\/www.uni.lu\/fr\/#website\",\"url\":\"https:\/\/www.uni.lu\/fr\/\",\"name\":\"Uni.lu\",\"description\":\"Universit\u00e9 du Luxembourg\",\"publisher\":{\"@id\":\"https:\/\/www.uni.lu\/fr\/#organization\"},\"alternateName\":\"Universit\u00e9 du Luxembourg\",\"potentialAction\":[{\"@type\":\"SearchAction\",\"target\":{\"@type\":\"EntryPoint\",\"urlTemplate\":\"https:\/\/www.uni.lu\/fr\/?s={search_term_string}\"},\"query-input\":\"required name=search_term_string\"}],\"inLanguage\":\"fr-FR\"},{\"@type\":\"Organization\",\"@id\":\"https:\/\/www.uni.lu\/fr\/#organization\",\"name\":\"Universit\u00e9 du Luxembourg\",\"alternateName\":\"Uni.lu\",\"url\":\"https:\/\/www.uni.lu\/fr\/\",\"logo\":{\"@type\":\"ImageObject\",\"inLanguage\":\"fr-FR\",\"@id\":\"https:\/\/www.uni.lu\/fr\/#\/schema\/logo\/image\/\",\"url\":\"https:\/\/www.uni.lu\/wp-content\/uploads\/sites\/11\/2026\/03\/03120045\/UNIV_SM-Profile_1600x1600px-scaled.jpg\",\"contentUrl\":\"https:\/\/www.uni.lu\/wp-content\/uploads\/sites\/11\/2026\/03\/03120045\/UNIV_SM-Profile_1600x1600px-scaled.jpg\",\"width\":2560,\"height\":2560,\"caption\":\"Universit\u00e9 du Luxembourg\"},\"image\":\"https:\/\/www.uni.lu\/wp-content\/uploads\/sites\/11\/2026\/04\/24120552\/20200609-Belval-Campus_Henri-Goergen-23.jpg\",\"sameAs\":[\"https:\/\/www.facebook.com\/uni.lu\",\"https:\/\/www.linkedin.com\/school\/university-of-luxembourg\/\",\"https:\/\/www.instagram.com\/uni.lu\",\"https:\/\/www.youtube.com\/@uni_lu\",\"https:\/\/en.wikipedia.org\/wiki\/University_of_Luxembourg\"],\"email\":\"communication@uni.lu\",\"telephone\":\"+352 46 66 44 1\",\"address\":{\"@type\":\"PostalAddress\",\"streetAddress\":\"2, place de l\u2019Universit\u00e9\",\"addressLocality\":\"Esch-sur-Alzette\",\"postalCode\":\"4365\",\"addressCountry\":\"LU\"},\"description\":\"Universit\u00e9 du Luxembourg\"},{\"@type\":\"Person\",\"@id\":\"https:\/\/www.uni.lu\/fr\/#\/schema\/person\/bbacc9db2c68a323b1a3cbdab743cd0c\",\"name\":\"svankelst\",\"image\":{\"@type\":\"ImageObject\",\"inLanguage\":\"fr-FR\",\"@id\":\"https:\/\/www.uni.lu\/fr\/#\/schema\/person\/image\/\",\"url\":\"https:\/\/secure.gravatar.com\/avatar\/54b090610f90377561821e2f82f83b9f?s=96&d=mm&r=g\",\"contentUrl\":\"https:\/\/secure.gravatar.com\/avatar\/54b090610f90377561821e2f82f83b9f?s=96&d=mm&r=g\",\"caption\":\"svankelst\"}}]}<\/script>\n<!-- \/ Yoast SEO Premium plugin. -->","yoast_head_json":{"title":"Les maths, une discipline qui compte - Universit\u00e9 du Luxembourg","description":"L\u2019apprentissage des math\u00e9matiques gagne en popularit\u00e9 \u00e0 l\u2019Universit\u00e9 du Luxembourg avec deux fois plus d\u2019\u00e9tudiants en cinq ans. Lumi\u00e8re sur ce regain d\u2019int\u00e9r\u00eat en cette journ\u00e9e internationale des math\u00e9matiques du 14 mars.","robots":{"index":"index","follow":"follow","max-snippet":"max-snippet:-1","max-image-preview":"max-image-preview:large","max-video-preview":"max-video-preview:-1"},"canonical":"https:\/\/www.uni.lu\/fr\/news\/les-maths-une-discipline-qui-compte\/","og_locale":"fr_FR","og_type":"article","og_title":"Les maths, une discipline qui compte","og_description":"L\u2019apprentissage des math\u00e9matiques gagne en popularit\u00e9 \u00e0 l\u2019Universit\u00e9 du Luxembourg avec deux fois plus d\u2019\u00e9tudiants en cinq ans. Lumi\u00e8re sur ce regain d\u2019int\u00e9r\u00eat en cette journ\u00e9e internationale des math\u00e9matiques du 14 mars.","og_url":"https:\/\/www.uni.lu\/fr\/news\/les-maths-une-discipline-qui-compte\/","og_site_name":"UNI FR","article_publisher":"https:\/\/www.facebook.com\/uni.lu","article_modified_time":"2024-03-13T12:13:05+00:00","og_image":[{"width":1280,"height":786,"url":"https:\/\/www.uni.lu\/wp-content\/uploads\/sites\/11\/2024\/03\/MA_Mathematics_2010.jpg","type":"image\/jpeg"}],"twitter_card":"summary_large_image","twitter_misc":{"Dur\u00e9e de lecture estim\u00e9e":"3 minutes"},"schema":{"@context":"https:\/\/schema.org","@graph":[{"@type":"NewsArticle","@id":"https:\/\/www.uni.lu\/fr\/news\/les-maths-une-discipline-qui-compte\/#article","isPartOf":{"@id":"https:\/\/www.uni.lu\/fr\/news\/les-maths-une-discipline-qui-compte\/"},"author":{"name":"svankelst","@id":"https:\/\/www.uni.lu\/fr\/#\/schema\/person\/bbacc9db2c68a323b1a3cbdab743cd0c"},"headline":"Les maths, une discipline qui compte","datePublished":"2024-03-13T12:13:03+00:00","dateModified":"2024-03-13T12:13:05+00:00","mainEntityOfPage":{"@id":"https:\/\/www.uni.lu\/fr\/news\/les-maths-une-discipline-qui-compte\/"},"wordCount":589,"publisher":{"@id":"https:\/\/www.uni.lu\/fr\/#organization"},"image":{"@id":"https:\/\/www.uni.lu\/fr\/news\/les-maths-une-discipline-qui-compte\/#primaryimage"},"thumbnailUrl":"https:\/\/www.uni.lu\/wp-content\/uploads\/sites\/11\/2024\/03\/MA_Mathematics_2010.jpg","inLanguage":"fr-FR"},{"@type":"WebPage","@id":"https:\/\/www.uni.lu\/fr\/news\/les-maths-une-discipline-qui-compte\/","url":"https:\/\/www.uni.lu\/fr\/news\/les-maths-une-discipline-qui-compte\/","name":"Les maths, une discipline qui compte - Universit\u00e9 du Luxembourg","isPartOf":{"@id":"https:\/\/www.uni.lu\/fr\/#website"},"primaryImageOfPage":{"@id":"https:\/\/www.uni.lu\/fr\/news\/les-maths-une-discipline-qui-compte\/#primaryimage"},"image":{"@id":"https:\/\/www.uni.lu\/fr\/news\/les-maths-une-discipline-qui-compte\/#primaryimage"},"thumbnailUrl":"https:\/\/www.uni.lu\/wp-content\/uploads\/sites\/11\/2024\/03\/MA_Mathematics_2010.jpg","datePublished":"2024-03-13T12:13:03+00:00","dateModified":"2024-03-13T12:13:05+00:00","description":"L\u2019apprentissage des math\u00e9matiques gagne en popularit\u00e9 \u00e0 l\u2019Universit\u00e9 du Luxembourg avec deux fois plus d\u2019\u00e9tudiants en cinq ans. Lumi\u00e8re sur ce regain d\u2019int\u00e9r\u00eat en cette journ\u00e9e internationale des math\u00e9matiques du 14 mars.","breadcrumb":{"@id":"https:\/\/www.uni.lu\/fr\/news\/les-maths-une-discipline-qui-compte\/#breadcrumb"},"inLanguage":"fr-FR","potentialAction":[{"@type":"ReadAction","target":["https:\/\/www.uni.lu\/fr\/news\/les-maths-une-discipline-qui-compte\/"]}]},{"@type":"ImageObject","inLanguage":"fr-FR","@id":"https:\/\/www.uni.lu\/fr\/news\/les-maths-une-discipline-qui-compte\/#primaryimage","url":"https:\/\/www.uni.lu\/wp-content\/uploads\/sites\/11\/2024\/03\/MA_Mathematics_2010.jpg","contentUrl":"https:\/\/www.uni.lu\/wp-content\/uploads\/sites\/11\/2024\/03\/MA_Mathematics_2010.jpg","width":1280,"height":786},{"@type":"BreadcrumbList","@id":"https:\/\/www.uni.lu\/fr\/news\/les-maths-une-discipline-qui-compte\/#breadcrumb","itemListElement":[{"@type":"ListItem","position":1,"name":"Home","item":"https:\/\/www.uni.lu\/fr\/"},{"@type":"ListItem","position":2,"name":"News","item":"https:\/\/www.uni.lu\/fr\/news\/"},{"@type":"ListItem","position":3,"name":"Les maths, une discipline qui compte"}]},{"@type":"WebSite","@id":"https:\/\/www.uni.lu\/fr\/#website","url":"https:\/\/www.uni.lu\/fr\/","name":"Uni.lu","description":"Universit\u00e9 du Luxembourg","publisher":{"@id":"https:\/\/www.uni.lu\/fr\/#organization"},"alternateName":"Universit\u00e9 du Luxembourg","potentialAction":[{"@type":"SearchAction","target":{"@type":"EntryPoint","urlTemplate":"https:\/\/www.uni.lu\/fr\/?s={search_term_string}"},"query-input":"required name=search_term_string"}],"inLanguage":"fr-FR"},{"@type":"Organization","@id":"https:\/\/www.uni.lu\/fr\/#organization","name":"Universit\u00e9 du Luxembourg","alternateName":"Uni.lu","url":"https:\/\/www.uni.lu\/fr\/","logo":{"@type":"ImageObject","inLanguage":"fr-FR","@id":"https:\/\/www.uni.lu\/fr\/#\/schema\/logo\/image\/","url":"https:\/\/www.uni.lu\/wp-content\/uploads\/sites\/11\/2026\/03\/03120045\/UNIV_SM-Profile_1600x1600px-scaled.jpg","contentUrl":"https:\/\/www.uni.lu\/wp-content\/uploads\/sites\/11\/2026\/03\/03120045\/UNIV_SM-Profile_1600x1600px-scaled.jpg","width":2560,"height":2560,"caption":"Universit\u00e9 du Luxembourg"},"image":"https:\/\/www.uni.lu\/wp-content\/uploads\/sites\/11\/2026\/04\/24120552\/20200609-Belval-Campus_Henri-Goergen-23.jpg","sameAs":["https:\/\/www.facebook.com\/uni.lu","https:\/\/www.linkedin.com\/school\/university-of-luxembourg\/","https:\/\/www.instagram.com\/uni.lu","https:\/\/www.youtube.com\/@uni_lu","https:\/\/en.wikipedia.org\/wiki\/University_of_Luxembourg"],"email":"communication@uni.lu","telephone":"+352 46 66 44 1","address":{"@type":"PostalAddress","streetAddress":"2, place de l\u2019Universit\u00e9","addressLocality":"Esch-sur-Alzette","postalCode":"4365","addressCountry":"LU"},"description":"Universit\u00e9 du Luxembourg"},{"@type":"Person","@id":"https:\/\/www.uni.lu\/fr\/#\/schema\/person\/bbacc9db2c68a323b1a3cbdab743cd0c","name":"svankelst","image":{"@type":"ImageObject","inLanguage":"fr-FR","@id":"https:\/\/www.uni.lu\/fr\/#\/schema\/person\/image\/","url":"https:\/\/secure.gravatar.com\/avatar\/54b090610f90377561821e2f82f83b9f?s=96&d=mm&r=g","contentUrl":"https:\/\/secure.gravatar.com\/avatar\/54b090610f90377561821e2f82f83b9f?s=96&d=mm&r=g","caption":"svankelst"}}]}},"blog_id":11,"_links":{"self":[{"href":"https:\/\/www.uni.lu\/fr\/wp-json\/wp\/v2\/news\/10584"}],"collection":[{"href":"https:\/\/www.uni.lu\/fr\/wp-json\/wp\/v2\/news"}],"about":[{"href":"https:\/\/www.uni.lu\/fr\/wp-json\/wp\/v2\/types\/news"}],"author":[{"embeddable":true,"href":"https:\/\/www.uni.lu\/fr\/wp-json\/wp\/v2\/users\/42"}],"version-history":[{"count":1,"href":"https:\/\/www.uni.lu\/fr\/wp-json\/wp\/v2\/news\/10584\/revisions"}],"predecessor-version":[{"id":10586,"href":"https:\/\/www.uni.lu\/fr\/wp-json\/wp\/v2\/news\/10584\/revisions\/10586"}],"wp:authorship":[{"embeddable":true,"href":"https:\/\/www.uni.lu\/fr\/wp-json\/wp\/v2\/users\/42"}],"wp:featuredmedia":[{"embeddable":true,"href":"https:\/\/www.uni.lu\/fr\/wp-json\/wp\/v2\/media\/10585"}],"wp:attachment":[{"href":"https:\/\/www.uni.lu\/fr\/wp-json\/wp\/v2\/media?parent=10584"}],"wp:term":[{"taxonomy":"news-category","embeddable":true,"href":"https:\/\/www.uni.lu\/fr\/wp-json\/wp\/v2\/news-category?post=10584"},{"taxonomy":"news-topic","embeddable":true,"href":"https:\/\/www.uni.lu\/fr\/wp-json\/wp\/v2\/news-topic?post=10584"},{"taxonomy":"organisation","embeddable":true,"href":"https:\/\/www.uni.lu\/fr\/wp-json\/wp\/v2\/organisation?post=10584"}],"curies":[{"name":"wp","href":"https:\/\/api.w.org\/{rel}","templated":true}]}}