{"id":10550,"date":"2024-03-08T11:09:07","date_gmt":"2024-03-08T10:09:07","guid":{"rendered":"https:\/\/www.uni.lu\/fr\/?post_type=news&#038;p=10550"},"modified":"2024-03-08T11:11:07","modified_gmt":"2024-03-08T10:11:07","slug":"les-bourses-marie-speyer-soutiennent-les-chercheuses-audacieuses","status":"publish","type":"news","link":"https:\/\/www.uni.lu\/fr\/news\/les-bourses-marie-speyer-soutiennent-les-chercheuses-audacieuses\/","title":{"rendered":"Les bourses Marie Speyer soutiennent les chercheuses audacieuses"},"content":{"rendered":"\n<section class=\"wp-block-unilux-blocks-free-section section\"><div class=\"container xl:max-w-screen-xl\">\n<p>L\u2019Universit\u00e9 a lanc\u00e9 un programme de bourses de recherche, les \u00ab&nbsp;Marie Speyer Excellence Grants&nbsp;\u00bb, con\u00e7u pour soutenir financi\u00e8rement des chercheuses de l\u2019institution.<\/p>\n\n\n\n<p>Les femmes en position de postdoctorantes, de ma\u00eetre-assistantes, de professeures assistantes, de professeures adjointes, quel que soit leur discipline, peuvent poser leur candidature. Quatre bourses sont disponibles par an, chacune \u00e9tant dot\u00e9e d&rsquo;une allocation de 130 000 euros. Les bourses peuvent \u00eatre utilis\u00e9es pour d\u00e9velopper des programmes existants de recherche ou la cr\u00e9ation de concepts innovants de recherche.<\/p>\n\n\n\n<p>Avec ce nouveau programme de bourses, l\u2019Universit\u00e9 associe sa mission de soutien \u00e0 l\u2019excellence et l\u2019innovation acad\u00e9mique \u00e0 deux objectifs cl\u00e9s\u00a0: <a href=\"https:\/\/www.uni.lu\/fr\/news\/engagee-sur-la-voie-de-la-diversite-et-de-l-egalite-des-chances\/\">favoriser un environnement de recherche diversifi\u00e9 et respectueux de l&rsquo;\u00e9galit\u00e9 des chances<\/a>, et attirer des talents au Luxembourg.<\/p>\n\n\n\n<section class=\"wp-block-unilux-blocks-quote-people\">\n    <div class=\"quote-people\" role=\"group\">\n        <figure class=\"quote-people__body\">\n            <blockquote class=\"quote-people__blockquote\">\n    <span class=\"quote-people__quote\">\u201f<\/span>\n    Les bourses de recherche sont \u00e0 la fois un symbole de cet engagement et un pas en avant vers la r\u00e9alisation de ces objectifs.\u201d\n<\/blockquote>\n<div class=\"wp-block-unilux-blocks-wrapper quote-people__visual\"><figure class=\"wp-block-dev4-reusable-blocks-image  object-fit--cover\">\n    \n<img decoding=\"async\" class=\"wp-block-image unilux-custom-image-block\"\n                alt=\"Skerdilajda Zanaj\"\n            src=\"https:\/\/www.uni.lu\/wp-content\/uploads\/sites\/9\/2024\/03\/skerdilajda_zanaj.jpg\"\n                    style=\"object-position: 50.00% 50.00%; font-family: &quot;object-fit: cover; object-position: 50.00% 50.00%;&quot;; aspect-ratio: 1\/1; object-fit: cover; width: 100%;\"\n        loading=\"lazy\"\n\/>    <\/figure><\/div>\n\n<div class=\"wp-block-unilux-blocks-wrapper quote-people__figcaption\">\n<p class=\"quote-people__author wp-block-unilux-blocks-plain-text\">Skerdilajda Zanaj<\/p>\n\n\n<p class=\"quote-people__position wp-block-unilux-blocks-plain-text\">D\u00e9l\u00e9gu\u00e9e \u00e0 l&rsquo;\u00e9galit\u00e9 des genres<\/p>\n\n<div class=\"wp-block-unilux-blocks-simple-cta\">\n    <a\n        href=\"https:\/\/www.uni.lu\/fdef-en\/people\/skerdilajda-zanaj\/\"\n        title=\"View Profile\"\n        class=\"link-text link-text--icon quote-people__link\"\n        target=\"\"\n    >\n        <span class=\"link-text__body\">\n            <span class=\"link-text__name\">View profile<\/span>\n        <\/span>\n        <svg aria-hidden=\"true\" focusable=\"false\" class=\"icon icon-outline icon--arrow-right \"><use xlink:href=\"https:\/\/www.uni.lu\/wp-content\/themes\/unilux-theme\/assets\/images\/icons\/icons-outline.svg#icon--arrow-right\"><\/use><\/svg>    <\/a>\n<\/div>\n<\/div>\n        <\/figure>\n    <\/div>\n<\/section>\n\n\n<p>Le premier appel \u00e0 candidatures est en cours jusqu&rsquo;au 15 mars 2024.<\/p>\n\n\n\n<ul class=\"wp-block-unilux-blocks-button-list-v2\">\n<li class=\"wp-block-unilux-blocks-button-list-item-v2\"><a class=\"quick-link\" href=\"https:\/\/www.uni.lu\/en\/about\/gender-equality\/marie-speyer-grants\/\" target=\"\" role=\"link\" rel=\"noopener\" tabindex=\"0\"><span class=\"quick-link__container\">\n<div class=\"wp-block-unilux-blocks-block-inserter quick-link__img\">\n<div class=\"icon--primary icon--secondary-2 icon--xl wp-block-unilux-blocks-icon-picker\">\n    <svg aria-hidden=\"true\" focusable=\"false\" class=\"icon icon-outline icon--arrow-long-right \"><use xlink:href=\"https:\/\/www.uni.lu\/wp-content\/themes\/unilux-theme\/assets\/images\/icons\/icons-outline.svg#icon--arrow-long-right\"><\/use><\/svg><\/div><\/div>\n\n\n\n<span class=\"quick-link__name wp-block-unilux-blocks-plain-text\">Plus d&rsquo;informations sur les bourses Marie Speyer (en anglais)<\/span>\n\n<svg aria-hidden=\"true\" focusable=\"false\" class=\"icon icon-outline icon--arrow-right \"><use xlink:href=\"https:\/\/www.uni.lu\/wp-content\/themes\/unilux-theme\/assets\/images\/icons\/icons-outline.svg#icon--arrow-right\"><\/use><\/svg><\/span><\/a><\/li>\n<\/ul>\n\n\n<div class=\"wp-block-unilux-blocks-spacer is-spacer-size-md\"><\/div>\n\n\n<h2 class=\"has-text-align-left wp-block-unilux-blocks-heading\"        id=\"qui-etait-marie-speyer\"\n    >\nQui \u00e9tait Marie Speyer ?<\/h2>\n\n\n\n<p>Les bourses portent le nom de la pionni\u00e8re luxembourgeoise de l&rsquo;\u00e9ducation des femmes au d\u00e9but du 20e si\u00e8cle. \u00c0 l&rsquo;\u00e2ge de 29 ans, Marie Speyer a \u00e9t\u00e9 la premi\u00e8re femme \u00e0 obtenir un doctorat \u00e0 l&rsquo;Universit\u00e9 de Fribourg. En tant que directrice d&rsquo;\u00e9coles de filles en Suisse et au Luxembourg, elle s&rsquo;est engag\u00e9e \u00e0 favoriser l&rsquo;acc\u00e8s des filles \u00e0 l&rsquo;enseignement sup\u00e9rieur et sert de mod\u00e8le aux jeunes universitaires pour briser les barri\u00e8res soci\u00e9tales.<\/p>\n<\/div><\/section>\n\n\n\n<section class=\"py-0 wp-block-unilux-blocks-free-section section\"><div class=\"container xl:max-w-screen-xl\"><section class=\"section section wp-block-unilux-blocks-quick-link-discover-section py-0\">\n    <div class=\"container xl:max-w-screen-xl\">\n        \n<h2 class=\"has-text-align-left wp-block-unilux-blocks-heading\"        id=\"decouvrir-plus\"\n    >\nD\u00e9couvrir plus<\/h2>\n\n<ul class=\"wp-block-unilux-blocks-quick-link-discover quick-link-list\">\n<li class=\"wp-block-unilux-blocks-quick-link-discover-item\">\n    <a\n                    href=\"https:\/\/www.uni.lu\/en\/about\/gender-equality\/\"\n                    class=\"quick-link\"\n            target=\"\"\n    >\n            <span class=\"quick-link__container\">\n                <span class=\"quick-link__text\">\n                    L&rsquo;\u00e9galit\u00e9 des genres (en anglais)                <\/span>\n                <svg aria-hidden=\"true\" focusable=\"false\" class=\"icon icon-outline icon--arrow-right \"><use xlink:href=\"https:\/\/www.uni.lu\/wp-content\/themes\/unilux-theme\/assets\/images\/icons\/icons-outline.svg#icon--arrow-right\"><\/use><\/svg>            <\/span>\n    <\/a>\n<\/li>\n<\/ul>\n    <\/div>\n<\/section><\/div><\/section>\n","protected":false},"excerpt":{"rendered":"<p>L\u2019Universit\u00e9 a lanc\u00e9 une s\u00e9rie de nouvelles bourses de recherche destin\u00e9es \u00e0 soutenir des scientifiques exceptionnelles. Chaque ann\u00e9e, jusqu\u2019\u00e0 quatre candidates peuvent obtenir un financement pour poursuivre leurs recherches.<\/p>\n","protected":false},"author":42,"featured_media":10551,"template":"","format":"standard","meta":{"featured_image_focal_point":[],"show_featured_caption":false,"ulux_newsletter_groups":"","uluxPostTitle":"","uluxPrePostTitle":"","_trash_the_other_posts":false,"_price":"","_stock":"","_tribe_ticket_header":"","_tribe_default_ticket_provider":"","_tribe_ticket_capacity":"0","_ticket_start_date":"","_ticket_end_date":"","_tribe_ticket_show_description":"","_tribe_ticket_show_not_going":false,"_tribe_ticket_use_global_stock":"","_tribe_ticket_global_stock_level":"","_global_stock_mode":"","_global_stock_cap":"","_tribe_rsvp_for_event":"","_tribe_ticket_going_count":"","_tribe_ticket_not_going_count":"","_tribe_tickets_list":"[]","_tribe_ticket_has_attendee_info_fields":false},"news-category":[4,3],"news-topic":[],"organisation":[226],"authorship":[42],"acf":[],"yoast_head":"<!-- This site is optimized with the Yoast SEO Premium plugin v22.3 (Yoast SEO v22.3) - https:\/\/yoast.com\/wordpress\/plugins\/seo\/ -->\n<title>Les bourses Marie Speyer soutiennent les chercheuses audacieuses - Universit\u00e9 du Luxembourg<\/title>\n<meta name=\"description\" content=\"L\u2019Universit\u00e9 a lanc\u00e9 une s\u00e9rie de nouvelles bourses de recherche destin\u00e9es \u00e0 soutenir des scientifiques exceptionnelles. Chaque ann\u00e9e, jusqu\u2019\u00e0 quatre candidates peuvent obtenir un financement pour poursuivre leurs recherches.\" \/>\n<meta name=\"robots\" content=\"index, follow, max-snippet:-1, max-image-preview:large, max-video-preview:-1\" \/>\n<link rel=\"canonical\" href=\"https:\/\/www.uni.lu\/fr\/news\/les-bourses-marie-speyer-soutiennent-les-chercheuses-audacieuses\/\" \/>\n<meta property=\"og:locale\" content=\"fr_FR\" \/>\n<meta property=\"og:type\" content=\"article\" \/>\n<meta property=\"og:title\" content=\"Les bourses Marie Speyer soutiennent les chercheuses audacieuses\" \/>\n<meta property=\"og:description\" content=\"L\u2019Universit\u00e9 a lanc\u00e9 une s\u00e9rie de nouvelles bourses de recherche destin\u00e9es \u00e0 soutenir des scientifiques exceptionnelles. Chaque ann\u00e9e, jusqu\u2019\u00e0 quatre candidates peuvent obtenir un financement pour poursuivre leurs recherches.\" \/>\n<meta property=\"og:url\" content=\"https:\/\/www.uni.lu\/fr\/news\/les-bourses-marie-speyer-soutiennent-les-chercheuses-audacieuses\/\" \/>\n<meta property=\"og:site_name\" content=\"UNI FR\" \/>\n<meta property=\"article:publisher\" content=\"https:\/\/www.facebook.com\/uni.lu\" \/>\n<meta property=\"article:modified_time\" content=\"2024-03-08T10:11:07+00:00\" \/>\n<meta property=\"og:image\" content=\"https:\/\/www.uni.lu\/wp-content\/uploads\/sites\/11\/2024\/03\/marie_speyer_grants_call_for_applications_2024.png\" \/>\n\t<meta property=\"og:image:width\" content=\"2161\" \/>\n\t<meta property=\"og:image:height\" content=\"2161\" \/>\n\t<meta property=\"og:image:type\" content=\"image\/png\" \/>\n<meta name=\"twitter:card\" content=\"summary_large_image\" \/>\n<meta name=\"twitter:label1\" content=\"Dur\u00e9e de lecture estim\u00e9e\" \/>\n\t<meta name=\"twitter:data1\" content=\"2 minutes\" \/>\n<script type=\"application\/ld+json\" class=\"yoast-schema-graph\">{\"@context\":\"https:\/\/schema.org\",\"@graph\":[{\"@type\":\"NewsArticle\",\"@id\":\"https:\/\/www.uni.lu\/fr\/news\/les-bourses-marie-speyer-soutiennent-les-chercheuses-audacieuses\/#article\",\"isPartOf\":{\"@id\":\"https:\/\/www.uni.lu\/fr\/news\/les-bourses-marie-speyer-soutiennent-les-chercheuses-audacieuses\/\"},\"author\":{\"name\":\"svankelst\",\"@id\":\"https:\/\/www.uni.lu\/fr\/#\/schema\/person\/bbacc9db2c68a323b1a3cbdab743cd0c\"},\"headline\":\"Les bourses Marie Speyer soutiennent les chercheuses audacieuses\",\"datePublished\":\"2024-03-08T10:09:07+00:00\",\"dateModified\":\"2024-03-08T10:11:07+00:00\",\"mainEntityOfPage\":{\"@id\":\"https:\/\/www.uni.lu\/fr\/news\/les-bourses-marie-speyer-soutiennent-les-chercheuses-audacieuses\/\"},\"wordCount\":235,\"publisher\":{\"@id\":\"https:\/\/www.uni.lu\/fr\/#organization\"},\"image\":{\"@id\":\"https:\/\/www.uni.lu\/fr\/news\/les-bourses-marie-speyer-soutiennent-les-chercheuses-audacieuses\/#primaryimage\"},\"thumbnailUrl\":\"https:\/\/www.uni.lu\/wp-content\/uploads\/sites\/11\/2024\/03\/marie_speyer_grants_call_for_applications_2024.png\",\"inLanguage\":\"fr-FR\"},{\"@type\":\"WebPage\",\"@id\":\"https:\/\/www.uni.lu\/fr\/news\/les-bourses-marie-speyer-soutiennent-les-chercheuses-audacieuses\/\",\"url\":\"https:\/\/www.uni.lu\/fr\/news\/les-bourses-marie-speyer-soutiennent-les-chercheuses-audacieuses\/\",\"name\":\"Les bourses Marie Speyer soutiennent les chercheuses audacieuses - Universit\u00e9 du Luxembourg\",\"isPartOf\":{\"@id\":\"https:\/\/www.uni.lu\/fr\/#website\"},\"primaryImageOfPage\":{\"@id\":\"https:\/\/www.uni.lu\/fr\/news\/les-bourses-marie-speyer-soutiennent-les-chercheuses-audacieuses\/#primaryimage\"},\"image\":{\"@id\":\"https:\/\/www.uni.lu\/fr\/news\/les-bourses-marie-speyer-soutiennent-les-chercheuses-audacieuses\/#primaryimage\"},\"thumbnailUrl\":\"https:\/\/www.uni.lu\/wp-content\/uploads\/sites\/11\/2024\/03\/marie_speyer_grants_call_for_applications_2024.png\",\"datePublished\":\"2024-03-08T10:09:07+00:00\",\"dateModified\":\"2024-03-08T10:11:07+00:00\",\"description\":\"L\u2019Universit\u00e9 a lanc\u00e9 une s\u00e9rie de nouvelles bourses de recherche destin\u00e9es \u00e0 soutenir des scientifiques exceptionnelles. Chaque ann\u00e9e, jusqu\u2019\u00e0 quatre candidates peuvent obtenir un financement pour poursuivre leurs recherches.\",\"breadcrumb\":{\"@id\":\"https:\/\/www.uni.lu\/fr\/news\/les-bourses-marie-speyer-soutiennent-les-chercheuses-audacieuses\/#breadcrumb\"},\"inLanguage\":\"fr-FR\",\"potentialAction\":[{\"@type\":\"ReadAction\",\"target\":[\"https:\/\/www.uni.lu\/fr\/news\/les-bourses-marie-speyer-soutiennent-les-chercheuses-audacieuses\/\"]}]},{\"@type\":\"ImageObject\",\"inLanguage\":\"fr-FR\",\"@id\":\"https:\/\/www.uni.lu\/fr\/news\/les-bourses-marie-speyer-soutiennent-les-chercheuses-audacieuses\/#primaryimage\",\"url\":\"https:\/\/www.uni.lu\/wp-content\/uploads\/sites\/11\/2024\/03\/marie_speyer_grants_call_for_applications_2024.png\",\"contentUrl\":\"https:\/\/www.uni.lu\/wp-content\/uploads\/sites\/11\/2024\/03\/marie_speyer_grants_call_for_applications_2024.png\",\"width\":2161,\"height\":2161,\"caption\":\"Appel \u00e0 candidatures pour les bourses Marie Speyer 2024\"},{\"@type\":\"BreadcrumbList\",\"@id\":\"https:\/\/www.uni.lu\/fr\/news\/les-bourses-marie-speyer-soutiennent-les-chercheuses-audacieuses\/#breadcrumb\",\"itemListElement\":[{\"@type\":\"ListItem\",\"position\":1,\"name\":\"Home\",\"item\":\"https:\/\/www.uni.lu\/fr\/\"},{\"@type\":\"ListItem\",\"position\":2,\"name\":\"News\",\"item\":\"https:\/\/www.uni.lu\/fr\/news\/\"},{\"@type\":\"ListItem\",\"position\":3,\"name\":\"Les bourses Marie Speyer soutiennent les chercheuses audacieuses\"}]},{\"@type\":\"WebSite\",\"@id\":\"https:\/\/www.uni.lu\/fr\/#website\",\"url\":\"https:\/\/www.uni.lu\/fr\/\",\"name\":\"Uni.lu\",\"description\":\"Universit\u00e9 du Luxembourg\",\"publisher\":{\"@id\":\"https:\/\/www.uni.lu\/fr\/#organization\"},\"alternateName\":\"Universit\u00e9 du Luxembourg\",\"potentialAction\":[{\"@type\":\"SearchAction\",\"target\":{\"@type\":\"EntryPoint\",\"urlTemplate\":\"https:\/\/www.uni.lu\/fr\/?s={search_term_string}\"},\"query-input\":\"required name=search_term_string\"}],\"inLanguage\":\"fr-FR\"},{\"@type\":\"Organization\",\"@id\":\"https:\/\/www.uni.lu\/fr\/#organization\",\"name\":\"Universit\u00e9 du Luxembourg\",\"alternateName\":\"Uni.lu\",\"url\":\"https:\/\/www.uni.lu\/fr\/\",\"logo\":{\"@type\":\"ImageObject\",\"inLanguage\":\"fr-FR\",\"@id\":\"https:\/\/www.uni.lu\/fr\/#\/schema\/logo\/image\/\",\"url\":\"https:\/\/www.uni.lu\/wp-content\/uploads\/sites\/11\/2026\/03\/03120045\/UNIV_SM-Profile_1600x1600px-scaled.jpg\",\"contentUrl\":\"https:\/\/www.uni.lu\/wp-content\/uploads\/sites\/11\/2026\/03\/03120045\/UNIV_SM-Profile_1600x1600px-scaled.jpg\",\"width\":2560,\"height\":2560,\"caption\":\"Universit\u00e9 du Luxembourg\"},\"image\":\"https:\/\/www.uni.lu\/wp-content\/uploads\/sites\/11\/2026\/04\/24120552\/20200609-Belval-Campus_Henri-Goergen-23.jpg\",\"sameAs\":[\"https:\/\/www.facebook.com\/uni.lu\",\"https:\/\/www.linkedin.com\/school\/university-of-luxembourg\/\",\"https:\/\/www.instagram.com\/uni.lu\",\"https:\/\/www.youtube.com\/@uni_lu\",\"https:\/\/en.wikipedia.org\/wiki\/University_of_Luxembourg\"],\"email\":\"communication@uni.lu\",\"telephone\":\"+352 46 66 44 1\",\"address\":{\"@type\":\"PostalAddress\",\"streetAddress\":\"2, place de l\u2019Universit\u00e9\",\"addressLocality\":\"Esch-sur-Alzette\",\"postalCode\":\"4365\",\"addressCountry\":\"LU\"},\"description\":\"Universit\u00e9 du Luxembourg\"},{\"@type\":\"Person\",\"@id\":\"https:\/\/www.uni.lu\/fr\/#\/schema\/person\/bbacc9db2c68a323b1a3cbdab743cd0c\",\"name\":\"svankelst\",\"image\":{\"@type\":\"ImageObject\",\"inLanguage\":\"fr-FR\",\"@id\":\"https:\/\/www.uni.lu\/fr\/#\/schema\/person\/image\/\",\"url\":\"https:\/\/secure.gravatar.com\/avatar\/54b090610f90377561821e2f82f83b9f?s=96&d=mm&r=g\",\"contentUrl\":\"https:\/\/secure.gravatar.com\/avatar\/54b090610f90377561821e2f82f83b9f?s=96&d=mm&r=g\",\"caption\":\"svankelst\"}}]}<\/script>\n<!-- \/ Yoast SEO Premium plugin. -->","yoast_head_json":{"title":"Les bourses Marie Speyer soutiennent les chercheuses audacieuses - Universit\u00e9 du Luxembourg","description":"L\u2019Universit\u00e9 a lanc\u00e9 une s\u00e9rie de nouvelles bourses de recherche destin\u00e9es \u00e0 soutenir des scientifiques exceptionnelles. Chaque ann\u00e9e, jusqu\u2019\u00e0 quatre candidates peuvent obtenir un financement pour poursuivre leurs recherches.","robots":{"index":"index","follow":"follow","max-snippet":"max-snippet:-1","max-image-preview":"max-image-preview:large","max-video-preview":"max-video-preview:-1"},"canonical":"https:\/\/www.uni.lu\/fr\/news\/les-bourses-marie-speyer-soutiennent-les-chercheuses-audacieuses\/","og_locale":"fr_FR","og_type":"article","og_title":"Les bourses Marie Speyer soutiennent les chercheuses audacieuses","og_description":"L\u2019Universit\u00e9 a lanc\u00e9 une s\u00e9rie de nouvelles bourses de recherche destin\u00e9es \u00e0 soutenir des scientifiques exceptionnelles. Chaque ann\u00e9e, jusqu\u2019\u00e0 quatre candidates peuvent obtenir un financement pour poursuivre leurs recherches.","og_url":"https:\/\/www.uni.lu\/fr\/news\/les-bourses-marie-speyer-soutiennent-les-chercheuses-audacieuses\/","og_site_name":"UNI FR","article_publisher":"https:\/\/www.facebook.com\/uni.lu","article_modified_time":"2024-03-08T10:11:07+00:00","og_image":[{"width":2161,"height":2161,"url":"https:\/\/www.uni.lu\/wp-content\/uploads\/sites\/11\/2024\/03\/marie_speyer_grants_call_for_applications_2024.png","type":"image\/png"}],"twitter_card":"summary_large_image","twitter_misc":{"Dur\u00e9e de lecture estim\u00e9e":"2 minutes"},"schema":{"@context":"https:\/\/schema.org","@graph":[{"@type":"NewsArticle","@id":"https:\/\/www.uni.lu\/fr\/news\/les-bourses-marie-speyer-soutiennent-les-chercheuses-audacieuses\/#article","isPartOf":{"@id":"https:\/\/www.uni.lu\/fr\/news\/les-bourses-marie-speyer-soutiennent-les-chercheuses-audacieuses\/"},"author":{"name":"svankelst","@id":"https:\/\/www.uni.lu\/fr\/#\/schema\/person\/bbacc9db2c68a323b1a3cbdab743cd0c"},"headline":"Les bourses Marie Speyer soutiennent les chercheuses audacieuses","datePublished":"2024-03-08T10:09:07+00:00","dateModified":"2024-03-08T10:11:07+00:00","mainEntityOfPage":{"@id":"https:\/\/www.uni.lu\/fr\/news\/les-bourses-marie-speyer-soutiennent-les-chercheuses-audacieuses\/"},"wordCount":235,"publisher":{"@id":"https:\/\/www.uni.lu\/fr\/#organization"},"image":{"@id":"https:\/\/www.uni.lu\/fr\/news\/les-bourses-marie-speyer-soutiennent-les-chercheuses-audacieuses\/#primaryimage"},"thumbnailUrl":"https:\/\/www.uni.lu\/wp-content\/uploads\/sites\/11\/2024\/03\/marie_speyer_grants_call_for_applications_2024.png","inLanguage":"fr-FR"},{"@type":"WebPage","@id":"https:\/\/www.uni.lu\/fr\/news\/les-bourses-marie-speyer-soutiennent-les-chercheuses-audacieuses\/","url":"https:\/\/www.uni.lu\/fr\/news\/les-bourses-marie-speyer-soutiennent-les-chercheuses-audacieuses\/","name":"Les bourses Marie Speyer soutiennent les chercheuses audacieuses - Universit\u00e9 du Luxembourg","isPartOf":{"@id":"https:\/\/www.uni.lu\/fr\/#website"},"primaryImageOfPage":{"@id":"https:\/\/www.uni.lu\/fr\/news\/les-bourses-marie-speyer-soutiennent-les-chercheuses-audacieuses\/#primaryimage"},"image":{"@id":"https:\/\/www.uni.lu\/fr\/news\/les-bourses-marie-speyer-soutiennent-les-chercheuses-audacieuses\/#primaryimage"},"thumbnailUrl":"https:\/\/www.uni.lu\/wp-content\/uploads\/sites\/11\/2024\/03\/marie_speyer_grants_call_for_applications_2024.png","datePublished":"2024-03-08T10:09:07+00:00","dateModified":"2024-03-08T10:11:07+00:00","description":"L\u2019Universit\u00e9 a lanc\u00e9 une s\u00e9rie de nouvelles bourses de recherche destin\u00e9es \u00e0 soutenir des scientifiques exceptionnelles. Chaque ann\u00e9e, jusqu\u2019\u00e0 quatre candidates peuvent obtenir un financement pour poursuivre leurs recherches.","breadcrumb":{"@id":"https:\/\/www.uni.lu\/fr\/news\/les-bourses-marie-speyer-soutiennent-les-chercheuses-audacieuses\/#breadcrumb"},"inLanguage":"fr-FR","potentialAction":[{"@type":"ReadAction","target":["https:\/\/www.uni.lu\/fr\/news\/les-bourses-marie-speyer-soutiennent-les-chercheuses-audacieuses\/"]}]},{"@type":"ImageObject","inLanguage":"fr-FR","@id":"https:\/\/www.uni.lu\/fr\/news\/les-bourses-marie-speyer-soutiennent-les-chercheuses-audacieuses\/#primaryimage","url":"https:\/\/www.uni.lu\/wp-content\/uploads\/sites\/11\/2024\/03\/marie_speyer_grants_call_for_applications_2024.png","contentUrl":"https:\/\/www.uni.lu\/wp-content\/uploads\/sites\/11\/2024\/03\/marie_speyer_grants_call_for_applications_2024.png","width":2161,"height":2161,"caption":"Appel \u00e0 candidatures pour les bourses Marie Speyer 2024"},{"@type":"BreadcrumbList","@id":"https:\/\/www.uni.lu\/fr\/news\/les-bourses-marie-speyer-soutiennent-les-chercheuses-audacieuses\/#breadcrumb","itemListElement":[{"@type":"ListItem","position":1,"name":"Home","item":"https:\/\/www.uni.lu\/fr\/"},{"@type":"ListItem","position":2,"name":"News","item":"https:\/\/www.uni.lu\/fr\/news\/"},{"@type":"ListItem","position":3,"name":"Les bourses Marie Speyer soutiennent les chercheuses audacieuses"}]},{"@type":"WebSite","@id":"https:\/\/www.uni.lu\/fr\/#website","url":"https:\/\/www.uni.lu\/fr\/","name":"Uni.lu","description":"Universit\u00e9 du Luxembourg","publisher":{"@id":"https:\/\/www.uni.lu\/fr\/#organization"},"alternateName":"Universit\u00e9 du Luxembourg","potentialAction":[{"@type":"SearchAction","target":{"@type":"EntryPoint","urlTemplate":"https:\/\/www.uni.lu\/fr\/?s={search_term_string}"},"query-input":"required name=search_term_string"}],"inLanguage":"fr-FR"},{"@type":"Organization","@id":"https:\/\/www.uni.lu\/fr\/#organization","name":"Universit\u00e9 du Luxembourg","alternateName":"Uni.lu","url":"https:\/\/www.uni.lu\/fr\/","logo":{"@type":"ImageObject","inLanguage":"fr-FR","@id":"https:\/\/www.uni.lu\/fr\/#\/schema\/logo\/image\/","url":"https:\/\/www.uni.lu\/wp-content\/uploads\/sites\/11\/2026\/03\/03120045\/UNIV_SM-Profile_1600x1600px-scaled.jpg","contentUrl":"https:\/\/www.uni.lu\/wp-content\/uploads\/sites\/11\/2026\/03\/03120045\/UNIV_SM-Profile_1600x1600px-scaled.jpg","width":2560,"height":2560,"caption":"Universit\u00e9 du Luxembourg"},"image":"https:\/\/www.uni.lu\/wp-content\/uploads\/sites\/11\/2026\/04\/24120552\/20200609-Belval-Campus_Henri-Goergen-23.jpg","sameAs":["https:\/\/www.facebook.com\/uni.lu","https:\/\/www.linkedin.com\/school\/university-of-luxembourg\/","https:\/\/www.instagram.com\/uni.lu","https:\/\/www.youtube.com\/@uni_lu","https:\/\/en.wikipedia.org\/wiki\/University_of_Luxembourg"],"email":"communication@uni.lu","telephone":"+352 46 66 44 1","address":{"@type":"PostalAddress","streetAddress":"2, place de l\u2019Universit\u00e9","addressLocality":"Esch-sur-Alzette","postalCode":"4365","addressCountry":"LU"},"description":"Universit\u00e9 du Luxembourg"},{"@type":"Person","@id":"https:\/\/www.uni.lu\/fr\/#\/schema\/person\/bbacc9db2c68a323b1a3cbdab743cd0c","name":"svankelst","image":{"@type":"ImageObject","inLanguage":"fr-FR","@id":"https:\/\/www.uni.lu\/fr\/#\/schema\/person\/image\/","url":"https:\/\/secure.gravatar.com\/avatar\/54b090610f90377561821e2f82f83b9f?s=96&d=mm&r=g","contentUrl":"https:\/\/secure.gravatar.com\/avatar\/54b090610f90377561821e2f82f83b9f?s=96&d=mm&r=g","caption":"svankelst"}}]}},"blog_id":11,"_links":{"self":[{"href":"https:\/\/www.uni.lu\/fr\/wp-json\/wp\/v2\/news\/10550"}],"collection":[{"href":"https:\/\/www.uni.lu\/fr\/wp-json\/wp\/v2\/news"}],"about":[{"href":"https:\/\/www.uni.lu\/fr\/wp-json\/wp\/v2\/types\/news"}],"author":[{"embeddable":true,"href":"https:\/\/www.uni.lu\/fr\/wp-json\/wp\/v2\/users\/42"}],"version-history":[{"count":2,"href":"https:\/\/www.uni.lu\/fr\/wp-json\/wp\/v2\/news\/10550\/revisions"}],"predecessor-version":[{"id":10554,"href":"https:\/\/www.uni.lu\/fr\/wp-json\/wp\/v2\/news\/10550\/revisions\/10554"}],"wp:authorship":[{"embeddable":true,"href":"https:\/\/www.uni.lu\/fr\/wp-json\/wp\/v2\/users\/42"}],"wp:featuredmedia":[{"embeddable":true,"href":"https:\/\/www.uni.lu\/fr\/wp-json\/wp\/v2\/media\/10551"}],"wp:attachment":[{"href":"https:\/\/www.uni.lu\/fr\/wp-json\/wp\/v2\/media?parent=10550"}],"wp:term":[{"taxonomy":"news-category","embeddable":true,"href":"https:\/\/www.uni.lu\/fr\/wp-json\/wp\/v2\/news-category?post=10550"},{"taxonomy":"news-topic","embeddable":true,"href":"https:\/\/www.uni.lu\/fr\/wp-json\/wp\/v2\/news-topic?post=10550"},{"taxonomy":"organisation","embeddable":true,"href":"https:\/\/www.uni.lu\/fr\/wp-json\/wp\/v2\/organisation?post=10550"}],"curies":[{"name":"wp","href":"https:\/\/api.w.org\/{rel}","templated":true}]}}