{"id":804,"date":"2023-08-09T08:04:26","date_gmt":"2023-08-09T08:04:26","guid":{"rendered":"https:\/\/www.uni.lu\/fhse-fr\/?post_type=news&#038;p=804"},"modified":"2023-08-09T11:58:49","modified_gmt":"2023-08-09T11:58:49","slug":"societe-inclusive","status":"publish","type":"news","link":"https:\/\/www.uni.lu\/fhse-fr\/news\/societe-inclusive\/","title":{"rendered":"Conf\u00e9rence | Soci\u00e9t\u00e9 inclusive &#8211; Pratiques \u00e9ducatives"},"content":{"rendered":"\n<section class=\"wp-block-unilux-blocks-free-section section\"><div class=\"container xl:max-w-screen-xl\">\n<h3 class=\"has-text-align-left wp-block-unilux-blocks-heading\"        id=\"conference-francais-anglais\"\n    >\nConf\u00e9rence (Fran\u00e7ais\/Anglais)<\/h3>\n\n\n\n<h1 class=\"has-text-align-left wp-block-unilux-blocks-heading\"        id=\"societe-inclusive-pratiques-educatives\"\n    >\nSoci\u00e9t\u00e9 inclusive &#8211; Pratiques \u00e9ducatives<\/h1>\n\n\n\n<h2 class=\"has-text-align-left wp-block-unilux-blocks-heading\"        id=\"date-20-septembre-2023-9h00-16h00\"\n    >\nDate : 20 septembre 2023 | 9h00 &#8211; 16h00<\/h2>\n\n\n\n<h5 class=\"has-text-align-left wp-block-unilux-blocks-heading\"        id=\"campus-belval-maison-de-sciences-humaines-msh-black-box\"\n    >\nCampus Belval, Maison de Sciences Humaines (MSH), Black Box<\/h5>\n\n\n\n<h4 class=\"has-text-align-left wp-block-unilux-blocks-heading\"        id=\"resume\"\n    >\n<br><strong>R\u00e9sum\u00e9<\/strong><\/h4>\n\n\n\n<p>L\u2019\u00e9ducation inclusive s\u2019inscrit dans une logique de changement de paradigme afin de r\u00e9pondre \u00e0 la n\u00e9cessit\u00e9 d\u2019une offre \u00e9ducative con\u00e7ue pour tenir compte de mani\u00e8re plus syst\u00e9matique de la diversit\u00e9 des \u00eatres, avec ou sans d\u00e9ficiences et avec ou sans besoins \u00e9ducatifs<br>sp\u00e9cifiques. Dans le contexte luxembourgeois, toute approche \u00e9ducative devrait tenir \u00e9galement compte de la diversit\u00e9 des cultures et des langues, la diversit\u00e9 des milieux sociaux et interactions interculturelles. Le d\u00e9fi r\u00e9side dans la conception des pratiques \u00e9ducatives capables de r\u00e9ponde de mani\u00e8re effective et efficiente \u00e0 ce besoin. Cette conf\u00e9rence se con\u00e7oit comme un lieu d\u2019\u00e9change de connaissances et d\u2019exp\u00e9riences sur de telles pratiques \u00e9ducatives, entre des acteurs politiques, acad\u00e9miques, \u00e9ducatifs et associatifs de l\u2019\u00e9ducation inclusive au Luxembourg, au niveau europ\u00e9en et \u00e0 l\u2019international.<\/p>\n\n\n\n<h4 class=\"has-text-align-left wp-block-unilux-blocks-heading\"        id=\"programme-intervenants\"\n    >\nProgramme &amp; Intervenants<\/h4>\n\n\n\n<p>9:00 Mot de bienvenu par Claude Houssemand \u2013 Directeur du DESW<\/p>\n\n\n\n<p>9:15 Corinne Cahen \u2013 \u00c9chevine au conseil communal de la Ville de Luxembourg<\/p>\n\n\n\n<p>9:45 Justin Powell \u2013 Professeur \u00e0 l\u2019 Universit\u00e9 du Luxembourg<\/p>\n\n\n\n<p>10:15 Martine Schmit et Marc Hilger \u2013 Respectivement Responsable et Cofondateur de Eis Schoul Luxembourg<\/p>\n\n\n\n<p>11:00 Fr\u00e9d\u00e9rique Duchesne \u2013 Coordinatrice du soutien \u00e0 l\u2019\u00c9cole europ\u00e9enne de Luxembourg 1<\/p>\n\n\n\n<p>12:00 Pause de midi<\/p>\n\n\n\n<p>13:00 Martine Kirsch \u2013 Pr\u00e9sidente de ZEFI asbl Luxembourg Zesummen fir Inklusioun<\/p>\n\n\n\n<p>13:45 Patrick Hurst \u2013 Pr\u00e9sident du Centre pour l\u2019Egalit\u00e9 de Traitement<\/p>\n\n\n\n<p>14:00 Eric Plaisance \u2013 Professeur \u00e9m\u00e9rite de l\u2019Universit\u00e9 Ren\u00e9 Descartes, Paris<\/p>\n\n\n\n<p>14:45 Table-ronde : Les intervenants ainsi que Karolina Barglowski, Boris Traue, Mathias Blanc (mod\u00e9rateur) et Shafagh Chantal Shahabi<br>de l\u2019Universit\u00e9 du Luxembourg<\/p>\n\n\n\n<p>16:00 R\u00e9ception<\/p>\n\n\n\n<h4 class=\"has-text-align-left wp-block-unilux-blocks-heading\"        id=\"organisation\"\n    >\nOrganisation<\/h4>\n\n\n\n<p>Institute for Social Research and Interventions (ISI)<br>Shafagh Chantal Shahabi, Boris Traue, Karolina Barglowski, Mathias Blanc<\/p>\n\n\n\n<h4 class=\"has-text-align-left wp-block-unilux-blocks-heading\"        id=\"contact\"\n    >\nContact<\/h4>\n\n\n<div class=\"icon-info-wrapper\">\n    <ul class=\"wp-block-unilux-blocks-icon-info\">\n        <li class=\"wp-block-unilux-blocks-icon-info-item\">\n    \n<div class=\"wp-block-unilux-blocks-wrapper icon-info\">\n<div class=\"icon--primary icon--secondary-2  wp-block-unilux-blocks-icon-picker\">\n    <svg aria-hidden=\"true\" focusable=\"false\" class=\"icon icon-outline icon--email \"><use xlink:href=\"https:\/\/www.uni.lu\/wp-content\/themes\/unilux-theme\/assets\/images\/icons\/icons-outline.svg#icon--email\"><\/use><\/svg><\/div>\n\n\n<p class=\"has-1-125-rem-font-size\">shafagh.shahabi@uni.lu<\/p>\n<\/div>\n<\/li>\n    <\/ul>\n<\/div>\n\n\n\n<h4 class=\"has-text-align-left wp-block-unilux-blocks-heading\"        id=\"inscriptions\"\n    >\nInscriptions<\/h4>\n\n\n\n<p><strong>Inscription obligatoire jusqu\u2019au 10 septembre 2023 :<\/strong><\/p>\n\n\n<div class=\"icon-info-wrapper\">\n    <ul class=\"wp-block-unilux-blocks-icon-info\">\n        <li class=\"wp-block-unilux-blocks-icon-info-item\">\n    \n<div class=\"wp-block-unilux-blocks-wrapper icon-info\">\n<div class=\"icon--primary icon--secondary-2  wp-block-unilux-blocks-icon-picker\">\n    <svg aria-hidden=\"true\" focusable=\"false\" class=\"icon icon-outline icon--email \"><use xlink:href=\"https:\/\/www.uni.lu\/wp-content\/themes\/unilux-theme\/assets\/images\/icons\/icons-outline.svg#icon--email\"><\/use><\/svg><\/div>\n\n\n<p class=\"has-1-125-rem-font-size\"><a href=\"mailto:Michele.Schmitt@uni.lu\">Michele.Schmitt@uni.lu<\/a><\/p>\n<\/div>\n<\/li>\n<li class=\"wp-block-unilux-blocks-icon-info-item\">\n    \n<div class=\"wp-block-unilux-blocks-wrapper icon-info\">\n<div class=\"icon--primary icon--secondary-2  wp-block-unilux-blocks-icon-picker\">\n    <svg aria-hidden=\"true\" focusable=\"false\" class=\"icon icon-outline icon--email \"><use xlink:href=\"https:\/\/www.uni.lu\/wp-content\/themes\/unilux-theme\/assets\/images\/icons\/icons-outline.svg#icon--email\"><\/use><\/svg><\/div>\n\n\n<p class=\"has-1-125-rem-font-size\"><a href=\"mailto:hilda.hilbert@uni.lu\">hilda.hilbert@uni.lu<\/a><\/p>\n<\/div>\n<\/li>\n    <\/ul>\n<\/div>\n\n\n\n<ul class=\"wp-block-unilux-blocks-button-list-v2\"><\/ul>\n\n\n\n<ul class=\"wp-block-unilux-blocks-custom-buttons btn-list\"><li class=\"wp-block-unilux-blocks-custom-button\"    aria-disabled=\"false\"\n    >\n    <a\n        role=\"link\"\n        aria-disabled=\"false\"\n                    href=\"https:\/\/www.uni.lu\/wp-content\/uploads\/sites\/16\/2023\/08\/20230920_AFF_DESW_Societe-inclusive_VF5.pdf\"\n                target=\"_blank\"\n        class=\"btn btn--primary\"\n            >T\u00e9l\u00e9charger affiche<\/a>\n<\/li>\n<\/ul>\n<\/div><\/section>\n","protected":false},"excerpt":{"rendered":"<p>L\u2019\u00e9ducation inclusive s\u2019inscrit dans une logique de changement de paradigme afin de r\u00e9pondre \u00e0 la n\u00e9cessit\u00e9 d\u2019une offre \u00e9ducative con\u00e7ue pour tenir compte de mani\u00e8re plus syst\u00e9matique de la diversit\u00e9 des \u00eatres, avec ou sans d\u00e9ficiences et avec ou sans besoins \u00e9ducatifs<br \/>\nsp\u00e9cifiques. Dans le contexte luxembourgeois, toute approche \u00e9ducative devrait tenir \u00e9galement compte de la diversit\u00e9 des cultures et des langues, la diversit\u00e9 des milieux sociaux et interactions interculturelles. <\/p>\n","protected":false},"author":65,"featured_media":806,"template":"","format":"standard","meta":{"featured_image_focal_point":[],"show_featured_caption":false,"ulux_newsletter_groups":"","uluxPostTitle":"","uluxPrePostTitle":"","_trash_the_other_posts":false,"_price":"","_stock":"","_tribe_ticket_header":"","_tribe_default_ticket_provider":"","_tribe_ticket_capacity":"0","_ticket_start_date":"","_ticket_end_date":"","_tribe_ticket_show_description":"","_tribe_ticket_show_not_going":false,"_tribe_ticket_use_global_stock":"","_tribe_ticket_global_stock_level":"","_global_stock_mode":"","_global_stock_cap":"","_tribe_rsvp_for_event":"","_tribe_ticket_going_count":"","_tribe_ticket_not_going_count":"","_tribe_tickets_list":"[]","_tribe_ticket_has_attendee_info_fields":false},"news-category":[3],"news-topic":[11],"organisation":[164,146,166],"authorship":[],"acf":[],"yoast_head":"<!-- This site is optimized with the Yoast SEO Premium plugin v22.3 (Yoast SEO v22.3) - https:\/\/yoast.com\/wordpress\/plugins\/seo\/ -->\n<title>Conf\u00e9rence | Soci\u00e9t\u00e9 inclusive - Pratiques \u00e9ducatives - FHSE actualit\u00e9s I Universit\u00e9 du Luxembourg<\/title>\n<meta name=\"description\" content=\"L\u2019\u00e9ducation inclusive s\u2019inscrit dans une logique de changement de paradigme afin de r\u00e9pondre \u00e0 la n\u00e9cessit\u00e9 d\u2019une offre \u00e9ducative con\u00e7ue pour tenir compte de mani\u00e8re plus syst\u00e9matique de la diversit\u00e9 des \u00eatres, avec ou sans d\u00e9ficiences et avec ou sans besoins \u00e9ducatifs sp\u00e9cifiques. Dans le contexte luxembourgeois, toute approche \u00e9ducative devrait tenir \u00e9galement compte de la diversit\u00e9 des cultures et des langues, la diversit\u00e9 des milieux sociaux et interactions interculturelles.\" \/>\n<meta name=\"robots\" content=\"index, follow, max-snippet:-1, max-image-preview:large, max-video-preview:-1\" \/>\n<link rel=\"canonical\" href=\"https:\/\/www.uni.lu\/fhse-fr\/news\/societe-inclusive\/\" \/>\n<meta property=\"og:locale\" content=\"fr_FR\" \/>\n<meta property=\"og:type\" content=\"article\" \/>\n<meta property=\"og:title\" content=\"Conf\u00e9rence | Soci\u00e9t\u00e9 inclusive - Pratiques \u00e9ducatives\" \/>\n<meta property=\"og:description\" content=\"L\u2019\u00e9ducation inclusive s\u2019inscrit dans une logique de changement de paradigme afin de r\u00e9pondre \u00e0 la n\u00e9cessit\u00e9 d\u2019une offre \u00e9ducative con\u00e7ue pour tenir compte de mani\u00e8re plus syst\u00e9matique de la diversit\u00e9 des \u00eatres, avec ou sans d\u00e9ficiences et avec ou sans besoins \u00e9ducatifs sp\u00e9cifiques. Dans le contexte luxembourgeois, toute approche \u00e9ducative devrait tenir \u00e9galement compte de la diversit\u00e9 des cultures et des langues, la diversit\u00e9 des milieux sociaux et interactions interculturelles.\" \/>\n<meta property=\"og:url\" content=\"https:\/\/www.uni.lu\/fhse-fr\/news\/societe-inclusive\/\" \/>\n<meta property=\"og:site_name\" content=\"FHSE FR\" \/>\n<meta property=\"article:modified_time\" content=\"2023-08-09T11:58:49+00:00\" \/>\n<meta property=\"og:image\" content=\"https:\/\/www.uni.lu\/wp-content\/uploads\/sites\/16\/2023\/08\/Inclusion_featured-image.jpg\" \/>\n\t<meta property=\"og:image:width\" content=\"1024\" \/>\n\t<meta property=\"og:image:height\" content=\"1024\" \/>\n\t<meta property=\"og:image:type\" content=\"image\/jpeg\" \/>\n<meta name=\"twitter:card\" content=\"summary_large_image\" \/>\n<meta name=\"twitter:label1\" content=\"Dur\u00e9e de lecture estim\u00e9e\" \/>\n\t<meta name=\"twitter:data1\" content=\"2 minutes\" \/>\n<script type=\"application\/ld+json\" class=\"yoast-schema-graph\">{\"@context\":\"https:\/\/schema.org\",\"@graph\":[{\"@type\":\"NewsArticle\",\"@id\":\"https:\/\/www.uni.lu\/fhse-fr\/news\/societe-inclusive\/#article\",\"isPartOf\":{\"@id\":\"https:\/\/www.uni.lu\/fhse-fr\/news\/societe-inclusive\/\"},\"author\":{\"name\":\"aklein\",\"@id\":\"https:\/\/www.uni.lu\/fhse-fr\/#\/schema\/person\/860ebe4a35ea72f0a8eda3292d1dfafa\"},\"headline\":\"Conf\u00e9rence | Soci\u00e9t\u00e9 inclusive &#8211; Pratiques \u00e9ducatives\",\"datePublished\":\"2023-08-09T08:04:26+00:00\",\"dateModified\":\"2023-08-09T11:58:49+00:00\",\"mainEntityOfPage\":{\"@id\":\"https:\/\/www.uni.lu\/fhse-fr\/news\/societe-inclusive\/\"},\"wordCount\":298,\"publisher\":{\"@id\":\"https:\/\/www.uni.lu\/fhse-fr\/#organization\"},\"image\":{\"@id\":\"https:\/\/www.uni.lu\/fhse-fr\/news\/societe-inclusive\/#primaryimage\"},\"thumbnailUrl\":\"https:\/\/www.uni.lu\/wp-content\/uploads\/sites\/16\/2023\/08\/Inclusion_featured-image.jpg\",\"inLanguage\":\"fr-FR\"},{\"@type\":\"WebPage\",\"@id\":\"https:\/\/www.uni.lu\/fhse-fr\/news\/societe-inclusive\/\",\"url\":\"https:\/\/www.uni.lu\/fhse-fr\/news\/societe-inclusive\/\",\"name\":\"Conf\u00e9rence | Soci\u00e9t\u00e9 inclusive - Pratiques \u00e9ducatives - FHSE actualit\u00e9s I Universit\u00e9 du Luxembourg\",\"isPartOf\":{\"@id\":\"https:\/\/www.uni.lu\/fhse-fr\/#website\"},\"primaryImageOfPage\":{\"@id\":\"https:\/\/www.uni.lu\/fhse-fr\/news\/societe-inclusive\/#primaryimage\"},\"image\":{\"@id\":\"https:\/\/www.uni.lu\/fhse-fr\/news\/societe-inclusive\/#primaryimage\"},\"thumbnailUrl\":\"https:\/\/www.uni.lu\/wp-content\/uploads\/sites\/16\/2023\/08\/Inclusion_featured-image.jpg\",\"datePublished\":\"2023-08-09T08:04:26+00:00\",\"dateModified\":\"2023-08-09T11:58:49+00:00\",\"description\":\"L\u2019\u00e9ducation inclusive s\u2019inscrit dans une logique de changement de paradigme afin de r\u00e9pondre \u00e0 la n\u00e9cessit\u00e9 d\u2019une offre \u00e9ducative con\u00e7ue pour tenir compte de mani\u00e8re plus syst\u00e9matique de la diversit\u00e9 des \u00eatres, avec ou sans d\u00e9ficiences et avec ou sans besoins \u00e9ducatifs sp\u00e9cifiques. Dans le contexte luxembourgeois, toute approche \u00e9ducative devrait tenir \u00e9galement compte de la diversit\u00e9 des cultures et des langues, la diversit\u00e9 des milieux sociaux et interactions interculturelles.\",\"breadcrumb\":{\"@id\":\"https:\/\/www.uni.lu\/fhse-fr\/news\/societe-inclusive\/#breadcrumb\"},\"inLanguage\":\"fr-FR\",\"potentialAction\":[{\"@type\":\"ReadAction\",\"target\":[\"https:\/\/www.uni.lu\/fhse-fr\/news\/societe-inclusive\/\"]}]},{\"@type\":\"ImageObject\",\"inLanguage\":\"fr-FR\",\"@id\":\"https:\/\/www.uni.lu\/fhse-fr\/news\/societe-inclusive\/#primaryimage\",\"url\":\"https:\/\/www.uni.lu\/wp-content\/uploads\/sites\/16\/2023\/08\/Inclusion_featured-image.jpg\",\"contentUrl\":\"https:\/\/www.uni.lu\/wp-content\/uploads\/sites\/16\/2023\/08\/Inclusion_featured-image.jpg\",\"width\":1024,\"height\":1024,\"caption\":\"Business background template with colorful people. Vector illustration. Concept for social network, team work, partnership, friends, business cooperation, connection, training.\"},{\"@type\":\"BreadcrumbList\",\"@id\":\"https:\/\/www.uni.lu\/fhse-fr\/news\/societe-inclusive\/#breadcrumb\",\"itemListElement\":[{\"@type\":\"ListItem\",\"position\":1,\"name\":\"Home\",\"item\":\"https:\/\/www.uni.lu\/fr\"},{\"@type\":\"ListItem\",\"position\":2,\"name\":\"Facult\u00e9 des Sciences Humaines, des Sciences de l\u2019\u00c9ducation et des Sciences Sociales\u200b\",\"item\":\"https:\/\/www.uni.lu\/fhse-fr\/\"},{\"@type\":\"ListItem\",\"position\":3,\"name\":\"News\",\"item\":\"https:\/\/www.uni.lu\/fhse-fr\/news\/\"},{\"@type\":\"ListItem\",\"position\":4,\"name\":\"Conf\u00e9rence | Soci\u00e9t\u00e9 inclusive &#8211; Pratiques \u00e9ducatives\"}]},{\"@type\":\"WebSite\",\"@id\":\"https:\/\/www.uni.lu\/fhse-fr\/#website\",\"url\":\"https:\/\/www.uni.lu\/fhse-fr\/\",\"name\":\"FHSE\",\"description\":\"Facult\u00e9 des Sciences Humaines, des Sciences de l\u2019\u00c9ducation et des Sciences Sociales\u200b I Uni.lu\",\"publisher\":{\"@id\":\"https:\/\/www.uni.lu\/fhse-fr\/#organization\"},\"alternateName\":\"Facult\u00e9 des Sciences Humaines, des Sciences de l\u2019\u00c9ducation et des Sciences Sociales\u200b I Universit\u00e9 du Luxembourg\",\"potentialAction\":[{\"@type\":\"SearchAction\",\"target\":{\"@type\":\"EntryPoint\",\"urlTemplate\":\"https:\/\/www.uni.lu\/fhse-fr\/?s={search_term_string}\"},\"query-input\":\"required name=search_term_string\"}],\"inLanguage\":\"fr-FR\"},{\"@type\":\"Organization\",\"@id\":\"https:\/\/www.uni.lu\/fhse-fr\/#organization\",\"name\":\"FHSE - Universit\u00e9 du Luxembourg I Uni.lu\",\"alternateName\":\"Facult\u00e9 des Sciences Humaines, des Sciences de l\u2019\u00c9ducation et des Sciences Sociales\u200b\",\"url\":\"https:\/\/www.uni.lu\/fhse-fr\/\",\"logo\":{\"@type\":\"ImageObject\",\"inLanguage\":\"fr-FR\",\"@id\":\"https:\/\/www.uni.lu\/fhse-fr\/#\/schema\/logo\/image\/\",\"url\":\"https:\/\/www.uni.lu\/wp-content\/uploads\/sites\/16\/2026\/03\/03112325\/FHSE_SM-Profile_1600x1600px-scaled.jpg\",\"contentUrl\":\"https:\/\/www.uni.lu\/wp-content\/uploads\/sites\/16\/2026\/03\/03112325\/FHSE_SM-Profile_1600x1600px-scaled.jpg\",\"width\":2560,\"height\":2560,\"caption\":\"FHSE - Universit\u00e9 du Luxembourg I Uni.lu\"},\"image\":\"https:\/\/www.uni.lu\/wp-content\/uploads\/sites\/16\/2026\/04\/24144331\/20200609-Belval-Campus_Henri-Goergen-23.jpg\",\"sameAs\":[\"https:\/\/humanities.uni.lu\/\"],\"email\":\"communication@uni.lu\",\"telephone\":\"+3524666441\",\"address\":{\"@type\":\"PostalAddress\",\"streetAddress\":\"11, Porte des Sciences\",\"addressLocality\":\"Esch-sur-Alzette\",\"postalCode\":\"4365\",\"addressCountry\":\"LU\"},\"description\":\"Facult\u00e9 des Sciences Humaines, des Sciences de l\u2019\u00c9ducation et des Sciences Sociales\u200b I Uni.lu\"},{\"@type\":\"Person\",\"@id\":\"https:\/\/www.uni.lu\/fhse-fr\/#\/schema\/person\/860ebe4a35ea72f0a8eda3292d1dfafa\",\"name\":\"aklein\",\"image\":{\"@type\":\"ImageObject\",\"inLanguage\":\"fr-FR\",\"@id\":\"https:\/\/www.uni.lu\/fhse-fr\/#\/schema\/person\/image\/\",\"url\":\"https:\/\/secure.gravatar.com\/avatar\/e81291a542b8a288d8b5c77590722a53?s=96&d=mm&r=g\",\"contentUrl\":\"https:\/\/secure.gravatar.com\/avatar\/e81291a542b8a288d8b5c77590722a53?s=96&d=mm&r=g\",\"caption\":\"aklein\"}}]}<\/script>\n<!-- \/ Yoast SEO Premium plugin. -->","yoast_head_json":{"title":"Conf\u00e9rence | Soci\u00e9t\u00e9 inclusive - Pratiques \u00e9ducatives - FHSE actualit\u00e9s I Universit\u00e9 du Luxembourg","description":"L\u2019\u00e9ducation inclusive s\u2019inscrit dans une logique de changement de paradigme afin de r\u00e9pondre \u00e0 la n\u00e9cessit\u00e9 d\u2019une offre \u00e9ducative con\u00e7ue pour tenir compte de mani\u00e8re plus syst\u00e9matique de la diversit\u00e9 des \u00eatres, avec ou sans d\u00e9ficiences et avec ou sans besoins \u00e9ducatifs sp\u00e9cifiques. Dans le contexte luxembourgeois, toute approche \u00e9ducative devrait tenir \u00e9galement compte de la diversit\u00e9 des cultures et des langues, la diversit\u00e9 des milieux sociaux et interactions interculturelles.","robots":{"index":"index","follow":"follow","max-snippet":"max-snippet:-1","max-image-preview":"max-image-preview:large","max-video-preview":"max-video-preview:-1"},"canonical":"https:\/\/www.uni.lu\/fhse-fr\/news\/societe-inclusive\/","og_locale":"fr_FR","og_type":"article","og_title":"Conf\u00e9rence | Soci\u00e9t\u00e9 inclusive - Pratiques \u00e9ducatives","og_description":"L\u2019\u00e9ducation inclusive s\u2019inscrit dans une logique de changement de paradigme afin de r\u00e9pondre \u00e0 la n\u00e9cessit\u00e9 d\u2019une offre \u00e9ducative con\u00e7ue pour tenir compte de mani\u00e8re plus syst\u00e9matique de la diversit\u00e9 des \u00eatres, avec ou sans d\u00e9ficiences et avec ou sans besoins \u00e9ducatifs sp\u00e9cifiques. Dans le contexte luxembourgeois, toute approche \u00e9ducative devrait tenir \u00e9galement compte de la diversit\u00e9 des cultures et des langues, la diversit\u00e9 des milieux sociaux et interactions interculturelles.","og_url":"https:\/\/www.uni.lu\/fhse-fr\/news\/societe-inclusive\/","og_site_name":"FHSE FR","article_modified_time":"2023-08-09T11:58:49+00:00","og_image":[{"width":1024,"height":1024,"url":"https:\/\/www.uni.lu\/wp-content\/uploads\/sites\/16\/2023\/08\/Inclusion_featured-image.jpg","type":"image\/jpeg"}],"twitter_card":"summary_large_image","twitter_misc":{"Dur\u00e9e de lecture estim\u00e9e":"2 minutes"},"schema":{"@context":"https:\/\/schema.org","@graph":[{"@type":"NewsArticle","@id":"https:\/\/www.uni.lu\/fhse-fr\/news\/societe-inclusive\/#article","isPartOf":{"@id":"https:\/\/www.uni.lu\/fhse-fr\/news\/societe-inclusive\/"},"author":{"name":"aklein","@id":"https:\/\/www.uni.lu\/fhse-fr\/#\/schema\/person\/860ebe4a35ea72f0a8eda3292d1dfafa"},"headline":"Conf\u00e9rence | Soci\u00e9t\u00e9 inclusive &#8211; Pratiques \u00e9ducatives","datePublished":"2023-08-09T08:04:26+00:00","dateModified":"2023-08-09T11:58:49+00:00","mainEntityOfPage":{"@id":"https:\/\/www.uni.lu\/fhse-fr\/news\/societe-inclusive\/"},"wordCount":298,"publisher":{"@id":"https:\/\/www.uni.lu\/fhse-fr\/#organization"},"image":{"@id":"https:\/\/www.uni.lu\/fhse-fr\/news\/societe-inclusive\/#primaryimage"},"thumbnailUrl":"https:\/\/www.uni.lu\/wp-content\/uploads\/sites\/16\/2023\/08\/Inclusion_featured-image.jpg","inLanguage":"fr-FR"},{"@type":"WebPage","@id":"https:\/\/www.uni.lu\/fhse-fr\/news\/societe-inclusive\/","url":"https:\/\/www.uni.lu\/fhse-fr\/news\/societe-inclusive\/","name":"Conf\u00e9rence | Soci\u00e9t\u00e9 inclusive - Pratiques \u00e9ducatives - FHSE actualit\u00e9s I Universit\u00e9 du Luxembourg","isPartOf":{"@id":"https:\/\/www.uni.lu\/fhse-fr\/#website"},"primaryImageOfPage":{"@id":"https:\/\/www.uni.lu\/fhse-fr\/news\/societe-inclusive\/#primaryimage"},"image":{"@id":"https:\/\/www.uni.lu\/fhse-fr\/news\/societe-inclusive\/#primaryimage"},"thumbnailUrl":"https:\/\/www.uni.lu\/wp-content\/uploads\/sites\/16\/2023\/08\/Inclusion_featured-image.jpg","datePublished":"2023-08-09T08:04:26+00:00","dateModified":"2023-08-09T11:58:49+00:00","description":"L\u2019\u00e9ducation inclusive s\u2019inscrit dans une logique de changement de paradigme afin de r\u00e9pondre \u00e0 la n\u00e9cessit\u00e9 d\u2019une offre \u00e9ducative con\u00e7ue pour tenir compte de mani\u00e8re plus syst\u00e9matique de la diversit\u00e9 des \u00eatres, avec ou sans d\u00e9ficiences et avec ou sans besoins \u00e9ducatifs sp\u00e9cifiques. Dans le contexte luxembourgeois, toute approche \u00e9ducative devrait tenir \u00e9galement compte de la diversit\u00e9 des cultures et des langues, la diversit\u00e9 des milieux sociaux et interactions interculturelles.","breadcrumb":{"@id":"https:\/\/www.uni.lu\/fhse-fr\/news\/societe-inclusive\/#breadcrumb"},"inLanguage":"fr-FR","potentialAction":[{"@type":"ReadAction","target":["https:\/\/www.uni.lu\/fhse-fr\/news\/societe-inclusive\/"]}]},{"@type":"ImageObject","inLanguage":"fr-FR","@id":"https:\/\/www.uni.lu\/fhse-fr\/news\/societe-inclusive\/#primaryimage","url":"https:\/\/www.uni.lu\/wp-content\/uploads\/sites\/16\/2023\/08\/Inclusion_featured-image.jpg","contentUrl":"https:\/\/www.uni.lu\/wp-content\/uploads\/sites\/16\/2023\/08\/Inclusion_featured-image.jpg","width":1024,"height":1024,"caption":"Business background template with colorful people. Vector illustration. Concept for social network, team work, partnership, friends, business cooperation, connection, training."},{"@type":"BreadcrumbList","@id":"https:\/\/www.uni.lu\/fhse-fr\/news\/societe-inclusive\/#breadcrumb","itemListElement":[{"@type":"ListItem","position":1,"name":"Home","item":"https:\/\/www.uni.lu\/fr"},{"@type":"ListItem","position":2,"name":"Facult\u00e9 des Sciences Humaines, des Sciences de l\u2019\u00c9ducation et des Sciences Sociales\u200b","item":"https:\/\/www.uni.lu\/fhse-fr\/"},{"@type":"ListItem","position":3,"name":"News","item":"https:\/\/www.uni.lu\/fhse-fr\/news\/"},{"@type":"ListItem","position":4,"name":"Conf\u00e9rence | Soci\u00e9t\u00e9 inclusive &#8211; Pratiques \u00e9ducatives"}]},{"@type":"WebSite","@id":"https:\/\/www.uni.lu\/fhse-fr\/#website","url":"https:\/\/www.uni.lu\/fhse-fr\/","name":"FHSE","description":"Facult\u00e9 des Sciences Humaines, des Sciences de l\u2019\u00c9ducation et des Sciences Sociales\u200b I Uni.lu","publisher":{"@id":"https:\/\/www.uni.lu\/fhse-fr\/#organization"},"alternateName":"Facult\u00e9 des Sciences Humaines, des Sciences de l\u2019\u00c9ducation et des Sciences Sociales\u200b I Universit\u00e9 du Luxembourg","potentialAction":[{"@type":"SearchAction","target":{"@type":"EntryPoint","urlTemplate":"https:\/\/www.uni.lu\/fhse-fr\/?s={search_term_string}"},"query-input":"required name=search_term_string"}],"inLanguage":"fr-FR"},{"@type":"Organization","@id":"https:\/\/www.uni.lu\/fhse-fr\/#organization","name":"FHSE - Universit\u00e9 du Luxembourg I Uni.lu","alternateName":"Facult\u00e9 des Sciences Humaines, des Sciences de l\u2019\u00c9ducation et des Sciences Sociales\u200b","url":"https:\/\/www.uni.lu\/fhse-fr\/","logo":{"@type":"ImageObject","inLanguage":"fr-FR","@id":"https:\/\/www.uni.lu\/fhse-fr\/#\/schema\/logo\/image\/","url":"https:\/\/www.uni.lu\/wp-content\/uploads\/sites\/16\/2026\/03\/03112325\/FHSE_SM-Profile_1600x1600px-scaled.jpg","contentUrl":"https:\/\/www.uni.lu\/wp-content\/uploads\/sites\/16\/2026\/03\/03112325\/FHSE_SM-Profile_1600x1600px-scaled.jpg","width":2560,"height":2560,"caption":"FHSE - Universit\u00e9 du Luxembourg I Uni.lu"},"image":"https:\/\/www.uni.lu\/wp-content\/uploads\/sites\/16\/2026\/04\/24144331\/20200609-Belval-Campus_Henri-Goergen-23.jpg","sameAs":["https:\/\/humanities.uni.lu\/"],"email":"communication@uni.lu","telephone":"+3524666441","address":{"@type":"PostalAddress","streetAddress":"11, Porte des Sciences","addressLocality":"Esch-sur-Alzette","postalCode":"4365","addressCountry":"LU"},"description":"Facult\u00e9 des Sciences Humaines, des Sciences de l\u2019\u00c9ducation et des Sciences Sociales\u200b I Uni.lu"},{"@type":"Person","@id":"https:\/\/www.uni.lu\/fhse-fr\/#\/schema\/person\/860ebe4a35ea72f0a8eda3292d1dfafa","name":"aklein","image":{"@type":"ImageObject","inLanguage":"fr-FR","@id":"https:\/\/www.uni.lu\/fhse-fr\/#\/schema\/person\/image\/","url":"https:\/\/secure.gravatar.com\/avatar\/e81291a542b8a288d8b5c77590722a53?s=96&d=mm&r=g","contentUrl":"https:\/\/secure.gravatar.com\/avatar\/e81291a542b8a288d8b5c77590722a53?s=96&d=mm&r=g","caption":"aklein"}}]}},"blog_id":16,"_links":{"self":[{"href":"https:\/\/www.uni.lu\/fhse-fr\/wp-json\/wp\/v2\/news\/804"}],"collection":[{"href":"https:\/\/www.uni.lu\/fhse-fr\/wp-json\/wp\/v2\/news"}],"about":[{"href":"https:\/\/www.uni.lu\/fhse-fr\/wp-json\/wp\/v2\/types\/news"}],"author":[{"embeddable":true,"href":"https:\/\/www.uni.lu\/fhse-fr\/wp-json\/wp\/v2\/users\/65"}],"version-history":[{"count":6,"href":"https:\/\/www.uni.lu\/fhse-fr\/wp-json\/wp\/v2\/news\/804\/revisions"}],"predecessor-version":[{"id":913,"href":"https:\/\/www.uni.lu\/fhse-fr\/wp-json\/wp\/v2\/news\/804\/revisions\/913"}],"wp:featuredmedia":[{"embeddable":true,"href":"https:\/\/www.uni.lu\/fhse-fr\/wp-json\/wp\/v2\/media\/806"}],"wp:attachment":[{"href":"https:\/\/www.uni.lu\/fhse-fr\/wp-json\/wp\/v2\/media?parent=804"}],"wp:term":[{"taxonomy":"news-category","embeddable":true,"href":"https:\/\/www.uni.lu\/fhse-fr\/wp-json\/wp\/v2\/news-category?post=804"},{"taxonomy":"news-topic","embeddable":true,"href":"https:\/\/www.uni.lu\/fhse-fr\/wp-json\/wp\/v2\/news-topic?post=804"},{"taxonomy":"organisation","embeddable":true,"href":"https:\/\/www.uni.lu\/fhse-fr\/wp-json\/wp\/v2\/organisation?post=804"}],"curies":[{"name":"wp","href":"https:\/\/api.w.org\/{rel}","templated":true}]}}