{"id":504,"date":"2022-05-02T16:34:29","date_gmt":"2022-05-02T16:34:29","guid":{"rendered":"https:\/\/website.prod.unilu.spikeseed.cloud\/fhse-fr\/news\/etude-citoyen%c2%b7nes-de-lue-travailler-et-vivre-au-luxembourg\/"},"modified":"2022-05-02T16:34:29","modified_gmt":"2022-05-02T16:34:29","slug":"etude-citoyen%c2%b7nes-de-lue-travailler-et-vivre-au-luxembourg","status":"publish","type":"news","link":"https:\/\/www.uni.lu\/fhse-fr\/news\/etude-citoyen%c2%b7nes-de-lue-travailler-et-vivre-au-luxembourg\/","title":{"rendered":"Etude: Citoyen\u00b7nes de l\u2019UE: Travailler et vivre au Luxembourg"},"content":{"rendered":"<section class=\"wp-block-unilux-blocks-free-section section\"><div class=\"container xl:max-w-screen-xl\"><p>Le CET (Centre pour L&rsquo;\u00e9galit\u00e9 de Traitement) et le D\u00e9partement G\u00e9ographie et d&rsquo;Am\u00e9nagement du Territoire (DGEO) de l&rsquo;Universit\u00e9 du Luxembourg ont lanc\u00e9 une \u00e9tude dans le cadre d\u2019un projet de recherche sur les restrictions et obstacles injustifi\u00e9s au droit \u00e0 la libre circulation ou sur la discrimination fond\u00e9e sur la nationalit\u00e9 \u00e0 l\u2019encontre des travailleurs de l\u2019Union et des membres de leur famille au sens du r\u00e8glement (UE) n\u00b0 492\/2011 du Parlement europ\u00e9en et du Conseil du 5 avril 2011 relatif \u00e0 la libre circulation des travailleurs \u00e0 l\u2019int\u00e9rieur de l\u2019Union.<\/p><p>Ce projet est consacr\u00e9 \u00e0 la compr\u00e9hension de la situation de travail et de vie des citoyen\u00b7nes de l\u2019UE au Luxembourg. L\u2019objectif de cette enqu\u00eate est de consulter des professionnel\u00b7les, ainsi que les citoyen\u00b7nes concern\u00e9\u00b7es, au sujet du principe de la \u02ddlibre circulation\u02dd, afin d\u2019avoir l\u2019image la plus compl\u00e8te des opinions \u00e0 cet \u00e9gard.<\/p><p>Un questionnaire y relatif est diffus\u00e9, depuis aujourd\u2019hui et pendant les prochains jours, \u00e0 un nombre d\u2019acteur\u00b7rices susceptibles de rencontrer des probl\u00e8mes ou obstacles en la mati\u00e8re dans leur travail quotidien. Des interviews qualitatifs et une analyse de la situation l\u00e9gale constituent les autres volets du projet.<\/p><p>La publication des r\u00e9sultants de l\u2019ensemble de l\u2019\u00e9tude est pr\u00e9vue pour mars 2023.<\/p><p>&#8212;&#8212;&#8212;&#8212;&#8212;&#8212;&#8212;&#8212;&#8212;&#8212;&#8212;&#8212;&#8212;&#8212;&#8212;&#8212;&#8212;&#8211;<\/p><p><a href=\"https:\/\/cet.lu\/en\/2022\/04\/28\/citoyen%c2%b7nes-de-lue-travailler-et-vivre-au-luxembourg-4\/\" target=\"_self\" title=\"\" rel=\"noopener\">The CET<\/a> (Centre pour L\u2019egalite de Traitement) and the Departement of Geography and Spatial Planning (DGEO) at the University of Luxembourg launch a study in the framework of a research project on unjustified restrictions and obstacles to the right to free movement or discrimination based on nationality against EU workers and their family members within the meaning of Regulation (EU) No 492\/2011 of the European Parliament and of the Council of 5 April 2011 on freedom of movement for workers within the Union.<\/p><p>This project is dedicated to understanding the working and living situation of EU citizens in Luxembourg. This survey aims to consult professionals and concerned citizens about the principle of \u00ab\u00a0free movement\u00a0\u00bb to have the most complete picture of the opinions in this field.<\/p><p>A questionnaire on this subject has been distributed, since today and during the next few days, to a number of actors likely to encounter problems or obstacles in this matter in their daily work. Qualitative interviews and an analysis of the legal situation are the project&rsquo;s other components.<\/p><p>The publication of the complete study results is planned for March 2023.<\/p><p>Contact: Aurita ZEGA, M.Sc. \/ T +352 46 66 44\u00a09950\/ <a href=\"mailto:aurita.zega@uni.lu\" target=\"_self\" title=\"\" rel=\"noopener\">aurita.zega@uni.lu<\/a><\/p><figure class=\"wp-block-dev4-reusable-blocks-image  object-fit--contain\">\n    \n<img decoding=\"async\" class=\"wp-block-image unilux-custom-image-block\"\n                alt=\"\"\n            src=\"https:\/\/www.uni.lu\/wp-content\/uploads\/sites\/16\/2023\/07\/dgeo.jpg\"\n                srcset=\"https:\/\/www.uni.lu\/wp-content\/uploads\/sites\/16\/2023\/07\/dgeo-300x225.jpg 300w, https:\/\/www.uni.lu\/wp-content\/uploads\/sites\/16\/2023\/07\/dgeo-768x576.jpg 768w, https:\/\/www.uni.lu\/wp-content\/uploads\/sites\/16\/2023\/07\/dgeo.jpg 800w\"\n                style=\"object-position: 50.00% 50.00%; font-family: &quot;object-fit: contain; object-position: 50.00% 50.00%;&quot;; aspect-ratio: 4\/3; object-fit: contain; width: 100%;\"\n        loading=\"lazy\"\n\/>    <\/figure><figure class=\"wp-block-dev4-reusable-blocks-image  object-fit--contain\">\n    \n<img decoding=\"async\" class=\"wp-block-image unilux-custom-image-block\"\n                alt=\"\"\n            src=\"https:\/\/www.uni.lu\/wp-content\/uploads\/sites\/16\/2023\/07\/cet.png\"\n                srcset=\"https:\/\/www.uni.lu\/wp-content\/uploads\/sites\/16\/2023\/07\/cet-300x103.png 300w, https:\/\/www.uni.lu\/wp-content\/uploads\/sites\/16\/2023\/07\/cet.png 748w\"\n                style=\"object-position: 50.00% 50.00%; font-family: &quot;object-fit: contain; object-position: 50.00% 50.00%;&quot;; aspect-ratio: 21\/9; object-fit: contain; width: 100%;\"\n        loading=\"lazy\"\n\/>    <\/figure><p><\/p><p><\/p><p><\/p><p><\/p><p><\/p><p><\/p><p><\/p><p><\/p><p><\/p><p><\/p><p><\/p><p><\/p><p><\/p><p><\/p><p><\/p><p><\/p><p><\/p><\/div><\/section>","protected":false},"excerpt":{"rendered":"<p>Le CET (Centre pour L&rsquo;\u00e9galit\u00e9 de Traitement) et le D\u00e9partement G\u00e9ographie et d&rsquo;Am\u00e9nagement du Territoire (DGEO) de l&rsquo;Universit\u00e9 du Luxembourg ont lanc\u00e9 une \u00e9tude dans le cadre d\u2019un projet de recherche sur les restrictions et obstacles injustifi\u00e9s au droit \u00e0 la libre circulation ou sur la discrimination fond\u00e9e sur la nationalit\u00e9 \u00e0 l\u2019encontre des travailleurs de l\u2019Union et des membres de leur famille au sens du r\u00e8glement (UE) n\u00b0 492\/2011 du Parlement europ\u00e9en et du Conseil du 5 avril 2011 relatif \u00e0 la libre circulation des travailleurs \u00e0 l\u2019int\u00e9rieur de l\u2019Union.<\/p>\n","protected":false},"author":0,"featured_media":505,"template":"","format":"standard","meta":{"featured_image_focal_point":[],"show_featured_caption":false,"ulux_newsletter_groups":"","uluxPostTitle":"","uluxPrePostTitle":"","_trash_the_other_posts":false,"_price":"","_stock":"","_tribe_ticket_header":"","_tribe_default_ticket_provider":"","_tribe_ticket_capacity":"0","_ticket_start_date":"","_ticket_end_date":"","_tribe_ticket_show_description":"","_tribe_ticket_show_not_going":false,"_tribe_ticket_use_global_stock":"","_tribe_ticket_global_stock_level":"","_global_stock_mode":"","_global_stock_cap":"","_tribe_rsvp_for_event":"","_tribe_ticket_going_count":"","_tribe_ticket_not_going_count":"","_tribe_tickets_list":"[]","_tribe_ticket_has_attendee_info_fields":false},"news-category":[3],"news-topic":[14],"organisation":[148],"authorship":[],"acf":[],"yoast_head":"<!-- This site is optimized with the Yoast SEO Premium plugin v22.3 (Yoast SEO v22.3) - https:\/\/yoast.com\/wordpress\/plugins\/seo\/ -->\n<title>Etude: Citoyen\u00b7nes de l\u2019UE: Travailler et vivre au Luxembourg - FHSE actualit\u00e9s I Universit\u00e9 du Luxembourg<\/title>\n<meta name=\"description\" content=\"Le CET (Centre pour L&#039;\u00e9galit\u00e9 de Traitement) et le D\u00e9partement G\u00e9ographie et d&#039;Am\u00e9nagement du Territoire (DGEO) de l&#039;Universit\u00e9 du Luxembourg ont lanc\u00e9 une \u00e9tude dans le cadre d\u2019un projet de recherche sur les restrictions et obstacles injustifi\u00e9s au droit \u00e0 la libre circulation ou sur la discrimination fond\u00e9e sur la nationalit\u00e9 \u00e0 l\u2019encontre des travailleurs de l\u2019Union et des membres de leur famille au sens du r\u00e8glement (UE) n\u00b0 492\/2011 du Parlement europ\u00e9en et du Conseil du 5 avril 2011 relatif \u00e0 la libre circulation des travailleurs \u00e0 l\u2019int\u00e9rieur de l\u2019Union.\" \/>\n<meta name=\"robots\" content=\"index, follow, max-snippet:-1, max-image-preview:large, max-video-preview:-1\" \/>\n<link rel=\"canonical\" href=\"https:\/\/www.uni.lu\/fhse-fr\/news\/etude-citoyen\u00b7nes-de-lue-travailler-et-vivre-au-luxembourg\/\" \/>\n<meta property=\"og:locale\" content=\"fr_FR\" \/>\n<meta property=\"og:type\" content=\"article\" \/>\n<meta property=\"og:title\" content=\"Etude: Citoyen\u00b7nes de l\u2019UE: Travailler et vivre au Luxembourg\" \/>\n<meta property=\"og:description\" content=\"Le CET (Centre pour L&#039;\u00e9galit\u00e9 de Traitement) et le D\u00e9partement G\u00e9ographie et d&#039;Am\u00e9nagement du Territoire (DGEO) de l&#039;Universit\u00e9 du Luxembourg ont lanc\u00e9 une \u00e9tude dans le cadre d\u2019un projet de recherche sur les restrictions et obstacles injustifi\u00e9s au droit \u00e0 la libre circulation ou sur la discrimination fond\u00e9e sur la nationalit\u00e9 \u00e0 l\u2019encontre des travailleurs de l\u2019Union et des membres de leur famille au sens du r\u00e8glement (UE) n\u00b0 492\/2011 du Parlement europ\u00e9en et du Conseil du 5 avril 2011 relatif \u00e0 la libre circulation des travailleurs \u00e0 l\u2019int\u00e9rieur de l\u2019Union.\" \/>\n<meta property=\"og:url\" content=\"https:\/\/www.uni.lu\/fhse-fr\/news\/etude-citoyen\u00b7nes-de-lue-travailler-et-vivre-au-luxembourg\/\" \/>\n<meta property=\"og:site_name\" content=\"FHSE FR\" \/>\n<meta property=\"og:image\" content=\"https:\/\/www.uni.lu\/wp-content\/uploads\/sites\/16\/2022\/05\/etude_citoyen_nes_de_l_ue_travailler_et_vivre_au_luxembourg.jpg\" \/>\n\t<meta property=\"og:image:width\" content=\"800\" \/>\n\t<meta property=\"og:image:height\" content=\"600\" \/>\n\t<meta property=\"og:image:type\" content=\"image\/jpeg\" \/>\n<meta name=\"twitter:card\" content=\"summary_large_image\" \/>\n<meta name=\"twitter:label1\" content=\"Dur\u00e9e de lecture estim\u00e9e\" \/>\n\t<meta name=\"twitter:data1\" content=\"2 minutes\" \/>\n<script type=\"application\/ld+json\" class=\"yoast-schema-graph\">{\"@context\":\"https:\/\/schema.org\",\"@graph\":[{\"@type\":\"NewsArticle\",\"@id\":\"https:\/\/www.uni.lu\/fhse-fr\/news\/etude-citoyen%c2%b7nes-de-lue-travailler-et-vivre-au-luxembourg\/#article\",\"isPartOf\":{\"@id\":\"https:\/\/www.uni.lu\/fhse-fr\/news\/etude-citoyen%c2%b7nes-de-lue-travailler-et-vivre-au-luxembourg\/\"},\"author\":{\"name\":\"\",\"@id\":\"\"},\"headline\":\"Etude: Citoyen\u00b7nes de l\u2019UE: Travailler et vivre au Luxembourg\",\"datePublished\":\"2022-05-02T16:34:29+00:00\",\"dateModified\":\"2022-05-02T16:34:29+00:00\",\"mainEntityOfPage\":{\"@id\":\"https:\/\/www.uni.lu\/fhse-fr\/news\/etude-citoyen%c2%b7nes-de-lue-travailler-et-vivre-au-luxembourg\/\"},\"wordCount\":437,\"publisher\":{\"@id\":\"https:\/\/www.uni.lu\/fhse-fr\/#organization\"},\"image\":{\"@id\":\"https:\/\/www.uni.lu\/fhse-fr\/news\/etude-citoyen%c2%b7nes-de-lue-travailler-et-vivre-au-luxembourg\/#primaryimage\"},\"thumbnailUrl\":\"https:\/\/www.uni.lu\/wp-content\/uploads\/sites\/16\/2022\/05\/etude_citoyen_nes_de_l_ue_travailler_et_vivre_au_luxembourg.jpg\",\"inLanguage\":\"fr-FR\"},{\"@type\":\"WebPage\",\"@id\":\"https:\/\/www.uni.lu\/fhse-fr\/news\/etude-citoyen%c2%b7nes-de-lue-travailler-et-vivre-au-luxembourg\/\",\"url\":\"https:\/\/www.uni.lu\/fhse-fr\/news\/etude-citoyen%c2%b7nes-de-lue-travailler-et-vivre-au-luxembourg\/\",\"name\":\"Etude: Citoyen\u00b7nes de l\u2019UE: Travailler et vivre au Luxembourg - FHSE actualit\u00e9s I Universit\u00e9 du Luxembourg\",\"isPartOf\":{\"@id\":\"https:\/\/www.uni.lu\/fhse-fr\/#website\"},\"primaryImageOfPage\":{\"@id\":\"https:\/\/www.uni.lu\/fhse-fr\/news\/etude-citoyen%c2%b7nes-de-lue-travailler-et-vivre-au-luxembourg\/#primaryimage\"},\"image\":{\"@id\":\"https:\/\/www.uni.lu\/fhse-fr\/news\/etude-citoyen%c2%b7nes-de-lue-travailler-et-vivre-au-luxembourg\/#primaryimage\"},\"thumbnailUrl\":\"https:\/\/www.uni.lu\/wp-content\/uploads\/sites\/16\/2022\/05\/etude_citoyen_nes_de_l_ue_travailler_et_vivre_au_luxembourg.jpg\",\"datePublished\":\"2022-05-02T16:34:29+00:00\",\"dateModified\":\"2022-05-02T16:34:29+00:00\",\"description\":\"Le CET (Centre pour L'\u00e9galit\u00e9 de Traitement) et le D\u00e9partement G\u00e9ographie et d'Am\u00e9nagement du Territoire (DGEO) de l'Universit\u00e9 du Luxembourg ont lanc\u00e9 une \u00e9tude dans le cadre d\u2019un projet de recherche sur les restrictions et obstacles injustifi\u00e9s au droit \u00e0 la libre circulation ou sur la discrimination fond\u00e9e sur la nationalit\u00e9 \u00e0 l\u2019encontre des travailleurs de l\u2019Union et des membres de leur famille au sens du r\u00e8glement (UE) n\u00b0 492\/2011 du Parlement europ\u00e9en et du Conseil du 5 avril 2011 relatif \u00e0 la libre circulation des travailleurs \u00e0 l\u2019int\u00e9rieur de l\u2019Union.\",\"breadcrumb\":{\"@id\":\"https:\/\/www.uni.lu\/fhse-fr\/news\/etude-citoyen%c2%b7nes-de-lue-travailler-et-vivre-au-luxembourg\/#breadcrumb\"},\"inLanguage\":\"fr-FR\",\"potentialAction\":[{\"@type\":\"ReadAction\",\"target\":[\"https:\/\/www.uni.lu\/fhse-fr\/news\/etude-citoyen%c2%b7nes-de-lue-travailler-et-vivre-au-luxembourg\/\"]}]},{\"@type\":\"ImageObject\",\"inLanguage\":\"fr-FR\",\"@id\":\"https:\/\/www.uni.lu\/fhse-fr\/news\/etude-citoyen%c2%b7nes-de-lue-travailler-et-vivre-au-luxembourg\/#primaryimage\",\"url\":\"https:\/\/www.uni.lu\/wp-content\/uploads\/sites\/16\/2022\/05\/etude_citoyen_nes_de_l_ue_travailler_et_vivre_au_luxembourg.jpg\",\"contentUrl\":\"https:\/\/www.uni.lu\/wp-content\/uploads\/sites\/16\/2022\/05\/etude_citoyen_nes_de_l_ue_travailler_et_vivre_au_luxembourg.jpg\",\"width\":800,\"height\":600},{\"@type\":\"BreadcrumbList\",\"@id\":\"https:\/\/www.uni.lu\/fhse-fr\/news\/etude-citoyen%c2%b7nes-de-lue-travailler-et-vivre-au-luxembourg\/#breadcrumb\",\"itemListElement\":[{\"@type\":\"ListItem\",\"position\":1,\"name\":\"Home\",\"item\":\"https:\/\/www.uni.lu\/fr\"},{\"@type\":\"ListItem\",\"position\":2,\"name\":\"Facult\u00e9 des Sciences Humaines, des Sciences de l\u2019\u00c9ducation et des Sciences Sociales\u200b\",\"item\":\"https:\/\/www.uni.lu\/fhse-fr\/\"},{\"@type\":\"ListItem\",\"position\":3,\"name\":\"News\",\"item\":\"https:\/\/www.uni.lu\/fhse-fr\/news\/\"},{\"@type\":\"ListItem\",\"position\":4,\"name\":\"Etude: Citoyen\u00b7nes de l\u2019UE: Travailler et vivre au Luxembourg\"}]},{\"@type\":\"WebSite\",\"@id\":\"https:\/\/www.uni.lu\/fhse-fr\/#website\",\"url\":\"https:\/\/www.uni.lu\/fhse-fr\/\",\"name\":\"FHSE\",\"description\":\"Facult\u00e9 des Sciences Humaines, des Sciences de l\u2019\u00c9ducation et des Sciences Sociales\u200b I Uni.lu\",\"publisher\":{\"@id\":\"https:\/\/www.uni.lu\/fhse-fr\/#organization\"},\"alternateName\":\"Facult\u00e9 des Sciences Humaines, des Sciences de l\u2019\u00c9ducation et des Sciences Sociales\u200b I Universit\u00e9 du Luxembourg\",\"potentialAction\":[{\"@type\":\"SearchAction\",\"target\":{\"@type\":\"EntryPoint\",\"urlTemplate\":\"https:\/\/www.uni.lu\/fhse-fr\/?s={search_term_string}\"},\"query-input\":\"required name=search_term_string\"}],\"inLanguage\":\"fr-FR\"},{\"@type\":\"Organization\",\"@id\":\"https:\/\/www.uni.lu\/fhse-fr\/#organization\",\"name\":\"FHSE - Universit\u00e9 du Luxembourg I Uni.lu\",\"alternateName\":\"Facult\u00e9 des Sciences Humaines, des Sciences de l\u2019\u00c9ducation et des Sciences Sociales\u200b\",\"url\":\"https:\/\/www.uni.lu\/fhse-fr\/\",\"logo\":{\"@type\":\"ImageObject\",\"inLanguage\":\"fr-FR\",\"@id\":\"https:\/\/www.uni.lu\/fhse-fr\/#\/schema\/logo\/image\/\",\"url\":\"https:\/\/www.uni.lu\/wp-content\/uploads\/sites\/16\/2026\/03\/03112325\/FHSE_SM-Profile_1600x1600px-scaled.jpg\",\"contentUrl\":\"https:\/\/www.uni.lu\/wp-content\/uploads\/sites\/16\/2026\/03\/03112325\/FHSE_SM-Profile_1600x1600px-scaled.jpg\",\"width\":2560,\"height\":2560,\"caption\":\"FHSE - Universit\u00e9 du Luxembourg I Uni.lu\"},\"image\":\"https:\/\/www.uni.lu\/wp-content\/uploads\/sites\/16\/2026\/04\/24144331\/20200609-Belval-Campus_Henri-Goergen-23.jpg\",\"sameAs\":[\"https:\/\/humanities.uni.lu\/\"],\"email\":\"communication@uni.lu\",\"telephone\":\"+3524666441\",\"address\":{\"@type\":\"PostalAddress\",\"streetAddress\":\"11, Porte des Sciences\",\"addressLocality\":\"Esch-sur-Alzette\",\"postalCode\":\"4365\",\"addressCountry\":\"LU\"},\"description\":\"Facult\u00e9 des Sciences Humaines, des Sciences de l\u2019\u00c9ducation et des Sciences Sociales\u200b I Uni.lu\"}]}<\/script>\n<!-- \/ Yoast SEO Premium plugin. -->","yoast_head_json":{"title":"Etude: Citoyen\u00b7nes de l\u2019UE: Travailler et vivre au Luxembourg - FHSE actualit\u00e9s I Universit\u00e9 du Luxembourg","description":"Le CET (Centre pour L'\u00e9galit\u00e9 de Traitement) et le D\u00e9partement G\u00e9ographie et d'Am\u00e9nagement du Territoire (DGEO) de l'Universit\u00e9 du Luxembourg ont lanc\u00e9 une \u00e9tude dans le cadre d\u2019un projet de recherche sur les restrictions et obstacles injustifi\u00e9s au droit \u00e0 la libre circulation ou sur la discrimination fond\u00e9e sur la nationalit\u00e9 \u00e0 l\u2019encontre des travailleurs de l\u2019Union et des membres de leur famille au sens du r\u00e8glement (UE) n\u00b0 492\/2011 du Parlement europ\u00e9en et du Conseil du 5 avril 2011 relatif \u00e0 la libre circulation des travailleurs \u00e0 l\u2019int\u00e9rieur de l\u2019Union.","robots":{"index":"index","follow":"follow","max-snippet":"max-snippet:-1","max-image-preview":"max-image-preview:large","max-video-preview":"max-video-preview:-1"},"canonical":"https:\/\/www.uni.lu\/fhse-fr\/news\/etude-citoyen\u00b7nes-de-lue-travailler-et-vivre-au-luxembourg\/","og_locale":"fr_FR","og_type":"article","og_title":"Etude: Citoyen\u00b7nes de l\u2019UE: Travailler et vivre au Luxembourg","og_description":"Le CET (Centre pour L'\u00e9galit\u00e9 de Traitement) et le D\u00e9partement G\u00e9ographie et d'Am\u00e9nagement du Territoire (DGEO) de l'Universit\u00e9 du Luxembourg ont lanc\u00e9 une \u00e9tude dans le cadre d\u2019un projet de recherche sur les restrictions et obstacles injustifi\u00e9s au droit \u00e0 la libre circulation ou sur la discrimination fond\u00e9e sur la nationalit\u00e9 \u00e0 l\u2019encontre des travailleurs de l\u2019Union et des membres de leur famille au sens du r\u00e8glement (UE) n\u00b0 492\/2011 du Parlement europ\u00e9en et du Conseil du 5 avril 2011 relatif \u00e0 la libre circulation des travailleurs \u00e0 l\u2019int\u00e9rieur de l\u2019Union.","og_url":"https:\/\/www.uni.lu\/fhse-fr\/news\/etude-citoyen\u00b7nes-de-lue-travailler-et-vivre-au-luxembourg\/","og_site_name":"FHSE FR","og_image":[{"width":800,"height":600,"url":"https:\/\/www.uni.lu\/wp-content\/uploads\/sites\/16\/2022\/05\/etude_citoyen_nes_de_l_ue_travailler_et_vivre_au_luxembourg.jpg","type":"image\/jpeg"}],"twitter_card":"summary_large_image","twitter_misc":{"Dur\u00e9e de lecture estim\u00e9e":"2 minutes"},"schema":{"@context":"https:\/\/schema.org","@graph":[{"@type":"NewsArticle","@id":"https:\/\/www.uni.lu\/fhse-fr\/news\/etude-citoyen%c2%b7nes-de-lue-travailler-et-vivre-au-luxembourg\/#article","isPartOf":{"@id":"https:\/\/www.uni.lu\/fhse-fr\/news\/etude-citoyen%c2%b7nes-de-lue-travailler-et-vivre-au-luxembourg\/"},"author":{"name":"","@id":""},"headline":"Etude: Citoyen\u00b7nes de l\u2019UE: Travailler et vivre au Luxembourg","datePublished":"2022-05-02T16:34:29+00:00","dateModified":"2022-05-02T16:34:29+00:00","mainEntityOfPage":{"@id":"https:\/\/www.uni.lu\/fhse-fr\/news\/etude-citoyen%c2%b7nes-de-lue-travailler-et-vivre-au-luxembourg\/"},"wordCount":437,"publisher":{"@id":"https:\/\/www.uni.lu\/fhse-fr\/#organization"},"image":{"@id":"https:\/\/www.uni.lu\/fhse-fr\/news\/etude-citoyen%c2%b7nes-de-lue-travailler-et-vivre-au-luxembourg\/#primaryimage"},"thumbnailUrl":"https:\/\/www.uni.lu\/wp-content\/uploads\/sites\/16\/2022\/05\/etude_citoyen_nes_de_l_ue_travailler_et_vivre_au_luxembourg.jpg","inLanguage":"fr-FR"},{"@type":"WebPage","@id":"https:\/\/www.uni.lu\/fhse-fr\/news\/etude-citoyen%c2%b7nes-de-lue-travailler-et-vivre-au-luxembourg\/","url":"https:\/\/www.uni.lu\/fhse-fr\/news\/etude-citoyen%c2%b7nes-de-lue-travailler-et-vivre-au-luxembourg\/","name":"Etude: Citoyen\u00b7nes de l\u2019UE: Travailler et vivre au Luxembourg - FHSE actualit\u00e9s I Universit\u00e9 du Luxembourg","isPartOf":{"@id":"https:\/\/www.uni.lu\/fhse-fr\/#website"},"primaryImageOfPage":{"@id":"https:\/\/www.uni.lu\/fhse-fr\/news\/etude-citoyen%c2%b7nes-de-lue-travailler-et-vivre-au-luxembourg\/#primaryimage"},"image":{"@id":"https:\/\/www.uni.lu\/fhse-fr\/news\/etude-citoyen%c2%b7nes-de-lue-travailler-et-vivre-au-luxembourg\/#primaryimage"},"thumbnailUrl":"https:\/\/www.uni.lu\/wp-content\/uploads\/sites\/16\/2022\/05\/etude_citoyen_nes_de_l_ue_travailler_et_vivre_au_luxembourg.jpg","datePublished":"2022-05-02T16:34:29+00:00","dateModified":"2022-05-02T16:34:29+00:00","description":"Le CET (Centre pour L'\u00e9galit\u00e9 de Traitement) et le D\u00e9partement G\u00e9ographie et d'Am\u00e9nagement du Territoire (DGEO) de l'Universit\u00e9 du Luxembourg ont lanc\u00e9 une \u00e9tude dans le cadre d\u2019un projet de recherche sur les restrictions et obstacles injustifi\u00e9s au droit \u00e0 la libre circulation ou sur la discrimination fond\u00e9e sur la nationalit\u00e9 \u00e0 l\u2019encontre des travailleurs de l\u2019Union et des membres de leur famille au sens du r\u00e8glement (UE) n\u00b0 492\/2011 du Parlement europ\u00e9en et du Conseil du 5 avril 2011 relatif \u00e0 la libre circulation des travailleurs \u00e0 l\u2019int\u00e9rieur de l\u2019Union.","breadcrumb":{"@id":"https:\/\/www.uni.lu\/fhse-fr\/news\/etude-citoyen%c2%b7nes-de-lue-travailler-et-vivre-au-luxembourg\/#breadcrumb"},"inLanguage":"fr-FR","potentialAction":[{"@type":"ReadAction","target":["https:\/\/www.uni.lu\/fhse-fr\/news\/etude-citoyen%c2%b7nes-de-lue-travailler-et-vivre-au-luxembourg\/"]}]},{"@type":"ImageObject","inLanguage":"fr-FR","@id":"https:\/\/www.uni.lu\/fhse-fr\/news\/etude-citoyen%c2%b7nes-de-lue-travailler-et-vivre-au-luxembourg\/#primaryimage","url":"https:\/\/www.uni.lu\/wp-content\/uploads\/sites\/16\/2022\/05\/etude_citoyen_nes_de_l_ue_travailler_et_vivre_au_luxembourg.jpg","contentUrl":"https:\/\/www.uni.lu\/wp-content\/uploads\/sites\/16\/2022\/05\/etude_citoyen_nes_de_l_ue_travailler_et_vivre_au_luxembourg.jpg","width":800,"height":600},{"@type":"BreadcrumbList","@id":"https:\/\/www.uni.lu\/fhse-fr\/news\/etude-citoyen%c2%b7nes-de-lue-travailler-et-vivre-au-luxembourg\/#breadcrumb","itemListElement":[{"@type":"ListItem","position":1,"name":"Home","item":"https:\/\/www.uni.lu\/fr"},{"@type":"ListItem","position":2,"name":"Facult\u00e9 des Sciences Humaines, des Sciences de l\u2019\u00c9ducation et des Sciences Sociales\u200b","item":"https:\/\/www.uni.lu\/fhse-fr\/"},{"@type":"ListItem","position":3,"name":"News","item":"https:\/\/www.uni.lu\/fhse-fr\/news\/"},{"@type":"ListItem","position":4,"name":"Etude: Citoyen\u00b7nes de l\u2019UE: Travailler et vivre au Luxembourg"}]},{"@type":"WebSite","@id":"https:\/\/www.uni.lu\/fhse-fr\/#website","url":"https:\/\/www.uni.lu\/fhse-fr\/","name":"FHSE","description":"Facult\u00e9 des Sciences Humaines, des Sciences de l\u2019\u00c9ducation et des Sciences Sociales\u200b I Uni.lu","publisher":{"@id":"https:\/\/www.uni.lu\/fhse-fr\/#organization"},"alternateName":"Facult\u00e9 des Sciences Humaines, des Sciences de l\u2019\u00c9ducation et des Sciences Sociales\u200b I Universit\u00e9 du Luxembourg","potentialAction":[{"@type":"SearchAction","target":{"@type":"EntryPoint","urlTemplate":"https:\/\/www.uni.lu\/fhse-fr\/?s={search_term_string}"},"query-input":"required name=search_term_string"}],"inLanguage":"fr-FR"},{"@type":"Organization","@id":"https:\/\/www.uni.lu\/fhse-fr\/#organization","name":"FHSE - Universit\u00e9 du Luxembourg I Uni.lu","alternateName":"Facult\u00e9 des Sciences Humaines, des Sciences de l\u2019\u00c9ducation et des Sciences Sociales\u200b","url":"https:\/\/www.uni.lu\/fhse-fr\/","logo":{"@type":"ImageObject","inLanguage":"fr-FR","@id":"https:\/\/www.uni.lu\/fhse-fr\/#\/schema\/logo\/image\/","url":"https:\/\/www.uni.lu\/wp-content\/uploads\/sites\/16\/2026\/03\/03112325\/FHSE_SM-Profile_1600x1600px-scaled.jpg","contentUrl":"https:\/\/www.uni.lu\/wp-content\/uploads\/sites\/16\/2026\/03\/03112325\/FHSE_SM-Profile_1600x1600px-scaled.jpg","width":2560,"height":2560,"caption":"FHSE - Universit\u00e9 du Luxembourg I Uni.lu"},"image":"https:\/\/www.uni.lu\/wp-content\/uploads\/sites\/16\/2026\/04\/24144331\/20200609-Belval-Campus_Henri-Goergen-23.jpg","sameAs":["https:\/\/humanities.uni.lu\/"],"email":"communication@uni.lu","telephone":"+3524666441","address":{"@type":"PostalAddress","streetAddress":"11, Porte des Sciences","addressLocality":"Esch-sur-Alzette","postalCode":"4365","addressCountry":"LU"},"description":"Facult\u00e9 des Sciences Humaines, des Sciences de l\u2019\u00c9ducation et des Sciences Sociales\u200b I Uni.lu"}]}},"blog_id":16,"_links":{"self":[{"href":"https:\/\/www.uni.lu\/fhse-fr\/wp-json\/wp\/v2\/news\/504"}],"collection":[{"href":"https:\/\/www.uni.lu\/fhse-fr\/wp-json\/wp\/v2\/news"}],"about":[{"href":"https:\/\/www.uni.lu\/fhse-fr\/wp-json\/wp\/v2\/types\/news"}],"version-history":[{"count":0,"href":"https:\/\/www.uni.lu\/fhse-fr\/wp-json\/wp\/v2\/news\/504\/revisions"}],"wp:featuredmedia":[{"embeddable":true,"href":"https:\/\/www.uni.lu\/fhse-fr\/wp-json\/wp\/v2\/media\/505"}],"wp:attachment":[{"href":"https:\/\/www.uni.lu\/fhse-fr\/wp-json\/wp\/v2\/media?parent=504"}],"wp:term":[{"taxonomy":"news-category","embeddable":true,"href":"https:\/\/www.uni.lu\/fhse-fr\/wp-json\/wp\/v2\/news-category?post=504"},{"taxonomy":"news-topic","embeddable":true,"href":"https:\/\/www.uni.lu\/fhse-fr\/wp-json\/wp\/v2\/news-topic?post=504"},{"taxonomy":"organisation","embeddable":true,"href":"https:\/\/www.uni.lu\/fhse-fr\/wp-json\/wp\/v2\/organisation?post=504"}],"curies":[{"name":"wp","href":"https:\/\/api.w.org\/{rel}","templated":true}]}}