{"id":492,"date":"2022-04-13T09:27:38","date_gmt":"2022-04-13T09:27:38","guid":{"rendered":"https:\/\/website.prod.unilu.spikeseed.cloud\/fhse-fr\/news\/ecole-dete-democratie-et-participation\/"},"modified":"2022-04-13T09:27:38","modified_gmt":"2022-04-13T09:27:38","slug":"ecole-dete-democratie-et-participation","status":"publish","type":"news","link":"https:\/\/www.uni.lu\/fhse-fr\/news\/ecole-dete-democratie-et-participation\/","title":{"rendered":"Ecole d\u2019\u00e9t\u00e9 \u00ab D\u00e9mocratie et participation \u00bb"},"content":{"rendered":"<section class=\"wp-block-unilux-blocks-free-section section\"><div class=\"container xl:max-w-screen-xl\"><p>L\u2019Universit\u00e9 du Luxembourg a le grand plaisir d\u2019accueillir la cinqui\u00e8me \u00e9dition de l\u2019\u00e9cole d\u2019\u00e9t\u00e9 internationale (<i>International Summer School<\/i>) \u00ab\u00a0Participation et d\u00e9mocratie\u00a0\u00bb. Dans le prolongement des pr\u00e9c\u00e9dentes \u00e9ditions, l\u2019\u00e9cole d\u2019\u00e9t\u00e9 vise \u00e0 approfondir les r\u00e9flexions sur le fonctionnement de nos d\u00e9mocraties repr\u00e9sentatives et sur les diff\u00e9rents processus d\u00e9mocratiques &#8211; plus ou moins innovants \u2013 visant \u00e0 promouvoir une participation plus directe et d\u00e9lib\u00e9rative des citoyens.<\/p><p>S\u2019adressant aux \u00e9tudiant\u00b7e\u00b7s en sciences politiques et sociales, ainsi qu\u2019aux praticien\u00b7ne\u00b7s souhaitant renforcer leurs comp\u00e9tences, l\u2019\u00c9cole d\u2019\u00e9t\u00e9 offre une semaine de formation interactive et personnalis\u00e9e avec des enseignant\u00b7e\u00b7s reconnu\u00b7e\u00b7s internationalement. Elle propose un encadrement adapt\u00e9 aux \u00e9tudiant\u00b7e\u00b7s en fin de master et aux doctorant\u00b7e\u00b7s \u00e0 diff\u00e9rents stades de leur avancement. Elle propose aussi aux praticien\u00b7ne\u00b7s de mettre en dialogue leur pratiques avec les \u00e9volutions de la gouvernance et de la participation citoyenne. L\u2019ambition est de confronter les participant\u00b7e\u00b7s aux pratiques de recherche de chercheurs\u00b7euses confirm\u00e9\u00b7e\u00b7s, tout en donnant une opportunit\u00e9 de pr\u00e9senter ses travaux et de recevoir les commentaires et recommandations de des intervenant\u00b7e\u00b7s invit\u00e9\u00b7es, mais aussi des autres participant\u00b7e\u00b7s.<\/p><p>Cette \u00e9cole d\u2019\u00e9t\u00e9 est le fruit d\u2019une collaboration forte entre cinq universit\u00e9s francophones d\u2019excellence : Sciences Po Bordeaux, l\u2019Universit\u00e9 Laval, l\u2019Universit\u00e9 libre de Bruxelles, l\u2019Universit\u00e9 de Lausanne et l\u2019Universit\u00e9 du Luxembourg. Cela en fait une \u00e9cole unique dans le champ des sciences sociales et de la science politique francophone notamment par sa capacit\u00e9 \u00e0 comparer les approches, les cas nationaux et leurs transformations.\u00a0 La sp\u00e9cificit\u00e9 de cette \u00e9cole est d\u2019\u00eatre l\u2019une des rares en Europe \u00e0 faire du fran\u00e7ais la langue de travail principale, m\u00eame si l\u2019anglais est utilis\u00e9 pour certaines interventions. La pr\u00e9sente \u00e9dition marque la premi\u00e8re \u00e9dition de l\u2019\u00e9cole \u00e0 Luxembourg apr\u00e8s que celle-ci se soit tenue \u00e0 deux reprises \u00e0 Bordeaux en 2016 et 2021, \u00e0 Laval en 2017, \u00e0 Bruxelles en 2018 et \u00e0 Lausanne en 2020.<\/p><p>Cette \u00e9dition sera aussi l\u2019occasion d\u2019ouvrir un regard sur les nombreuses exp\u00e9riences participatives du Luxembourg et de saluer la collaboration fructueuse entre quatre acteurs engag\u00e9s dans la l\u2019\u00e9tude et la promotion de la d\u00e9mocratie \u00e0 Luxembourg : la Plateforme Luxembourgeoise de la D\u00e9mocratie Participative (PLDP), la Chaire de Recherche en \u00c9tudes Parlementaires, ETICC et la ville de Dudelange en tant que ville pilote dans la d\u00e9mocratie participative.<\/p><p>L\u2019\u00e9cole sera organis\u00e9e autour des th\u00e9matiques suivantes :<\/p><p><ol class=\"ulux-list\"><li class=\"ulux-list-item\">Y-a-t-il une demande pour plus de participation \u00e0 l\u2019\u00e8re de la d\u00e9sinformation ?<\/li><li class=\"ulux-list-item\">Etat des lieux des consultations citoyennes<\/li><li class=\"ulux-list-item\">Participation des jeunes et budget participatif<\/li><li class=\"ulux-list-item\">Participation citoyenne dans les tiers lieux : le cas Esch2022, capitale europ\u00e9enne de la culture<\/li><li class=\"ulux-list-item\">Digitalisation des campagnes politiques et effets sur la participation<\/li><\/ol><\/p><p><strong>\u00a0<\/strong><\/p><p><strong>Programme<\/strong><\/p><p>Ecole d\u2019\u00e9t\u00e9 Participation &#038; D\u00e9mocratie<\/p><p>PLDP \/ L\u2019Universit\u00e9 du Luxembourg<\/p><p>16 > 20 mai 2022<\/p><p><\/p><p><strong>16 mai > <i>Y-a-t-il une demande pour plus de participation?<\/i><\/strong><\/p><p>Black Box MSH, Esch-Belval<\/p><p>INTERVENANTS: Jean-Benoit Pilet, Oscar Mazzoleni, Eric Montigny<\/p><p>Matin: pr\u00e9sentation<\/p><p>Apr\u00e8s-midi: Se\u0301minaire participatif<\/p><p><\/p><p><strong>17 mai > <i>Consultation citoyennes<\/i><\/strong><\/p><p>Black Box MSH, Esch-Belval<\/p><p>INTERVENANTS: Min Reuchamps, Emilien Paulis, Juergen Stoldt<\/p><p>Matin: pr\u00e9sentation<\/p><p>Apr\u00e8s-midi: Se\u0301minaire participatif<\/p><p>16h30:\u00a0 visite culturelle optionnelle (M\u00f6llerei, Belval)<\/p><p><\/p><p><strong>18 mai > Participation des jeunes et budget participatif<\/strong><\/p><p>Hotel de Ville, Dudelange<\/p><p>INTERVENANTS: Vincent Tiberj, Antoine Jestin, Antoine Bezard<\/p><p>Matin: pr\u00e9sentation<\/p><p>Apr\u00e8s-midi: Se\u0301minaire participatif<\/p><p>16h30: visite culturelle optionnelle (DKollektiv et autres projets participatifs \u00e0 Dudelange)<\/p><p><\/p><p><strong>19 mai > Engagements des citoyens autour de projets artistiques<\/strong><\/p><p>Youth Hostel &#038; Batiment4, Esch-sur-Alzette<\/p><p>INTERVENANTS: C\u00e9line Schall, Thomas Cauvin, Sandy Flinto et Pierrick Grob\u00e9ty (TBC)<\/p><p>Matin: pr\u00e9sentation<\/p><p>Apr\u00e8s-midi: visite projets Esch2022<\/p><p><\/p><p><strong>20 mai > Digitalisation des campagnes politiques et leurs effets<\/strong><\/p><p>Esch Youth Hostel, Esch-sur-Alzette<\/p><p>INTERVENANTS: St\u00e9phaine Wojcik, Mickael Tempor\u00e3o<\/p><p>Apr\u00e8s-midi: Se\u0301minaire participatif<\/p><p><strong>\u00a0<\/strong><\/p><p><strong>Partenaires<\/strong><\/p><p>Universit\u00e9 du Luxembourg<\/p><p>Sciences Po Bordeaux<\/p><p>Universit\u00e9 Laval<\/p><p>Universit\u00e9 libre de Bruxelles<\/p><p>Universit\u00e9 de Lausanne<\/p><p><strong>\u00a0<\/strong><\/p><p><strong>Coordination scientifique\u00a0:<\/strong><\/p><p>Rapha\u00ebl Kies (Uni.lu, PLDP)<\/p><p>Ekaterina Chirkova (Uni.lu, PLDP)<\/p><p>Emilien Paulis \u00a0(Uni.lu, PLDP)<\/p><p><strong>\u00a0<\/strong><\/p><p><strong>Comit\u00e9 scientifique\u00a0<\/strong><\/p><p>Rapha\u00ebl Kies (Universit\u00e9 de Luxembourg)<\/p><p>Oscar Mazzoleni (Universit\u00e9 de Lausanne),<\/p><p>Eric Montigny (Universit\u00e9 Laval)<\/p><p>Jean-Beno\u00eet Pilet (Universit\u00e9 Libre de Bruxelles)<\/p><p>\u00a0<\/p><p><strong>Coordination administrative et logistique\u00a0:<\/strong><\/p><p>Rapha\u00ebl Kies (Universit\u00e9 de Luxembourg)<\/p><p>Ekaterina Chirkova (Universit\u00e9 de Luxembourg)<\/p><p>Albert Barseghyan (Universit\u00e9 de Luxembourg)<\/p><p>\u00a0<\/p><p><strong>Modalit\u00e9s d&rsquo;inscription<\/strong><\/p><p>Les frais d\u2019inscription\u00a0incluent\u00a0l\u2019acc\u00e8s aux conf\u00e9rences et s\u00e9minaires participatifs (assiduit\u00e9 obligatoire pour obtenir l&rsquo;attestation officielle de participation)<\/p><ul class=\"ulux-list\"><li class=\"ulux-list-item\">les pauses-caf\u00e9<\/li><li class=\"ulux-list-item\">les d\u00e9jeuners sur l\u2019ensemble de la semaine, du 16 au 20 mai<\/li><li class=\"ulux-list-item\">les visites culturelles<\/li><\/ul><p><i>Attention, ces frais d&rsquo;inscription\u00a0n&rsquo;incluent pas\u00a0le transport vers Luxembourg, l\u2019h\u00e9bergement, les petits d\u00e9jeuners et les repas du soir.<\/i><\/p><p><\/p><p><strong>Les tarifs des frais d\u2019inscriptions de cette \u00e9cole d\u2019\u00e9t\u00e9 sont fix\u00e9s comme suit\u00a0:<\/strong><\/p><ul class=\"ulux-list\"><li class=\"ulux-list-item\">\u00c9tudiants : 450 \u20ac\u00a0;<\/li><li class=\"ulux-list-item\">Universitaires : 550\u20ac\u00a0;<\/li><li class=\"ulux-list-item\">Professionnels :\u00a0 550 \u20ac;<\/li><\/ul><p>ONGs : nous offrons un nombre limit\u00e9 de places gratuites pour les repr\u00e9sentants de la soci\u00e9t\u00e9 civile, veuillez nous envoyer un email pour confirmer votre r\u00e9servation.<\/p><p>Ces frais d\u2019inscription ne sont pas soumis \u00e0 TVA.<\/p><p>Paiement des frais d&rsquo;inscription par carte bancaire ou mandat administratif (module paiement) apr\u00e8s validation de votre participation.\u00a0<\/p><p><i>Attention, certains navigateurs internet (Safari) bloquent l&rsquo;acc\u00e8s \u00e0 la page de paiement.<\/i><\/p><p><strong>La date limite des inscriptions est fix\u00e9e au 30.04.2022.<\/strong><\/p><p><strong>\u00a0<\/strong><\/p><p><strong>\u00a0<\/strong><\/p><p><strong>Informations pratiques<\/strong><\/p><p>Se rendre au Campus de Belval de l\u2019Universit\u00e9 de Luxembourg :<\/p><ul class=\"ulux-list\"><li class=\"ulux-list-item\">Depuis la gare de Luxembourg, toutes les 15 minutes, un train direct relie la gare de Luxembourg \u00e0 celle de Belval-Universit\u00e9. Obtenez plus d\u2019informations sur les horaires des trains sur le site des CFL. Une fois sur place, les b\u00e2timents sont ais\u00e9ment accessibles \u00e0 pied.<\/li><li class=\"ulux-list-item\">Depuis A\u00e9roport de Luxembourg-Findel, le bus 29 relie l&rsquo;a\u00e9roport \u00e0 la gare centrale de Luxembourg. Une fois dans la gare, suivez les instructions ci-dessus.<\/li><\/ul><p>Tous les itin\u00e9raires transports en commun sont disponibles sur les sites <a href=\"https:\/\/www.mobiliteit.lu\/fr\/planificateur\/\" target=\"_self\" title=\"\" rel=\"noopener\">Mobilit\u00e9it<\/a> et <a href=\"https:\/\/www.cfl.lu\/\" target=\"_self\" title=\"\" rel=\"noopener\">CFL<\/a> (disponible en fran\u00e7ais, anglais et allemand). Le Luxembourg offre les transports publics gratuits dans la totalit\u00e9 du pays \u00e0 tout voyageur. Vous aurez besoin d\u2019un titre de transport uniquement pour voyager en premi\u00e8re classe en train, ou si vous souhaitez traverser la fronti\u00e8re pour aller en Allemagne, en France ou en Belgique.<\/p><p><\/p><p><strong>H\u00e9bergement:<\/strong><\/p><p>Nous vous recommandons ces deux options :<\/p><p>ibis Esch Belval<\/p><p>Avenue du Rock n Roll 12<\/p><p>4361 ESCH SUR ALZETTE<\/p><p>Luxembourg<\/p><p>Tel: +352 26 17 31<\/p><p>Email de contact: <a href=\"mailto:H7071@accor.com\" target=\"_self\" title=\"\" rel=\"noopener\">H7071@accor.com<\/a><\/p><p>\u00a0<\/p><p>Youth Hostel Esch\/Alzette<\/p><p>Bd John Fitzgerald Kennedy 17<\/p><p>4170 ESCH SUR ALZETTE<\/p><p>Luxembourg<\/p><p>Tel: +352 262766450<\/p><p>Email de contact: <a href=\"mailto:esch@youthhostels.lu\" target=\"_self\" title=\"\" rel=\"noopener\">esch@youthhostels.lu<\/a><\/p><p>\u00a0<\/p><p>Inscription \u00e0 la conf\u00e9rence<\/p><p><a href=\"https:\/\/pldp.limesurvey.net\/539941?lang=fr\" target=\"_blank\" title=\"https:\/\/pldp.limesurvey.net\/539941?lang=fr\" rel=\"noopener\">https:\/\/pldp.limesurvey.net\/539941?lang=fr<\/a><\/p><\/div><\/section>","protected":false},"excerpt":{"rendered":"<p>L\u2019Universit\u00e9 du Luxembourg a le grand plaisir d\u2019accueillir la cinqui\u00e8me \u00e9dition de l\u2019\u00e9cole d\u2019\u00e9t\u00e9 internationale (International Summer School) \u00ab\u00a0Participation et d\u00e9mocratie\u00a0\u00bb. Dans le prolongement des pr\u00e9c\u00e9dentes \u00e9ditions, l\u2019\u00e9cole d\u2019\u00e9t\u00e9 vise \u00e0 approfondir les r\u00e9flexions sur le fonctionnement de nos d\u00e9mocraties repr\u00e9sentatives et sur les diff\u00e9rents processus d\u00e9mocratiques &#8211; plus ou moins innovants \u2013 visant \u00e0 promouvoir une participation plus directe et d\u00e9lib\u00e9rative des citoyens.<\/p>\n","protected":false},"author":0,"featured_media":493,"template":"","format":"standard","meta":{"featured_image_focal_point":[],"show_featured_caption":false,"ulux_newsletter_groups":"","uluxPostTitle":"","uluxPrePostTitle":"","_trash_the_other_posts":false,"_price":"","_stock":"","_tribe_ticket_header":"","_tribe_default_ticket_provider":"","_tribe_ticket_capacity":"0","_ticket_start_date":"","_ticket_end_date":"","_tribe_ticket_show_description":"","_tribe_ticket_show_not_going":false,"_tribe_ticket_use_global_stock":"","_tribe_ticket_global_stock_level":"","_global_stock_mode":"","_global_stock_cap":"","_tribe_rsvp_for_event":"","_tribe_ticket_going_count":"","_tribe_ticket_not_going_count":"","_tribe_tickets_list":"[]","_tribe_ticket_has_attendee_info_fields":false},"news-category":[],"news-topic":[],"organisation":[146],"authorship":[],"acf":[],"yoast_head":"<!-- This site is optimized with the Yoast SEO Premium plugin v22.3 (Yoast SEO v22.3) - https:\/\/yoast.com\/wordpress\/plugins\/seo\/ -->\n<title>Ecole d\u2019\u00e9t\u00e9 \u00ab D\u00e9mocratie et participation \u00bb - FHSE actualit\u00e9s I Universit\u00e9 du Luxembourg<\/title>\n<meta name=\"description\" content=\"L\u2019Universit\u00e9 du Luxembourg a le grand plaisir d\u2019accueillir la cinqui\u00e8me \u00e9dition de l\u2019\u00e9cole d\u2019\u00e9t\u00e9 internationale (International Summer School) &quot;Participation et d\u00e9mocratie&quot;. Dans le prolongement des pr\u00e9c\u00e9dentes \u00e9ditions, l\u2019\u00e9cole d\u2019\u00e9t\u00e9 vise \u00e0 approfondir les r\u00e9flexions sur le fonctionnement de nos d\u00e9mocraties repr\u00e9sentatives et sur les diff\u00e9rents processus d\u00e9mocratiques - plus ou moins innovants \u2013 visant \u00e0 promouvoir une participation plus directe et d\u00e9lib\u00e9rative des citoyens.\" \/>\n<meta name=\"robots\" content=\"index, follow, max-snippet:-1, max-image-preview:large, max-video-preview:-1\" \/>\n<link rel=\"canonical\" href=\"https:\/\/www.uni.lu\/fhse-fr\/news\/ecole-dete-democratie-et-participation\/\" \/>\n<meta property=\"og:locale\" content=\"fr_FR\" \/>\n<meta property=\"og:type\" content=\"article\" \/>\n<meta property=\"og:title\" content=\"Ecole d\u2019\u00e9t\u00e9 \u00ab D\u00e9mocratie et participation \u00bb\" \/>\n<meta property=\"og:description\" content=\"L\u2019Universit\u00e9 du Luxembourg a le grand plaisir d\u2019accueillir la cinqui\u00e8me \u00e9dition de l\u2019\u00e9cole d\u2019\u00e9t\u00e9 internationale (International Summer School) &quot;Participation et d\u00e9mocratie&quot;. Dans le prolongement des pr\u00e9c\u00e9dentes \u00e9ditions, l\u2019\u00e9cole d\u2019\u00e9t\u00e9 vise \u00e0 approfondir les r\u00e9flexions sur le fonctionnement de nos d\u00e9mocraties repr\u00e9sentatives et sur les diff\u00e9rents processus d\u00e9mocratiques - plus ou moins innovants \u2013 visant \u00e0 promouvoir une participation plus directe et d\u00e9lib\u00e9rative des citoyens.\" \/>\n<meta property=\"og:url\" content=\"https:\/\/www.uni.lu\/fhse-fr\/news\/ecole-dete-democratie-et-participation\/\" \/>\n<meta property=\"og:site_name\" content=\"FHSE FR\" \/>\n<meta property=\"og:image\" content=\"https:\/\/www.uni.lu\/wp-content\/uploads\/sites\/16\/2022\/04\/ecole_d_ete_democratie_et_participation.png\" \/>\n\t<meta property=\"og:image:width\" content=\"776\" \/>\n\t<meta property=\"og:image:height\" content=\"872\" \/>\n\t<meta property=\"og:image:type\" content=\"image\/png\" \/>\n<meta name=\"twitter:card\" content=\"summary_large_image\" \/>\n<meta name=\"twitter:label1\" content=\"Dur\u00e9e de lecture estim\u00e9e\" \/>\n\t<meta name=\"twitter:data1\" content=\"5 minutes\" \/>\n<script type=\"application\/ld+json\" class=\"yoast-schema-graph\">{\"@context\":\"https:\/\/schema.org\",\"@graph\":[{\"@type\":\"NewsArticle\",\"@id\":\"https:\/\/www.uni.lu\/fhse-fr\/news\/ecole-dete-democratie-et-participation\/#article\",\"isPartOf\":{\"@id\":\"https:\/\/www.uni.lu\/fhse-fr\/news\/ecole-dete-democratie-et-participation\/\"},\"author\":{\"name\":\"\",\"@id\":\"\"},\"headline\":\"Ecole d\u2019\u00e9t\u00e9 \u00ab D\u00e9mocratie et participation \u00bb\",\"datePublished\":\"2022-04-13T09:27:38+00:00\",\"dateModified\":\"2022-04-13T09:27:38+00:00\",\"mainEntityOfPage\":{\"@id\":\"https:\/\/www.uni.lu\/fhse-fr\/news\/ecole-dete-democratie-et-participation\/\"},\"wordCount\":1110,\"publisher\":{\"@id\":\"https:\/\/www.uni.lu\/fhse-fr\/#organization\"},\"image\":{\"@id\":\"https:\/\/www.uni.lu\/fhse-fr\/news\/ecole-dete-democratie-et-participation\/#primaryimage\"},\"thumbnailUrl\":\"https:\/\/www.uni.lu\/wp-content\/uploads\/sites\/16\/2022\/04\/ecole_d_ete_democratie_et_participation.png\",\"inLanguage\":\"fr-FR\"},{\"@type\":\"WebPage\",\"@id\":\"https:\/\/www.uni.lu\/fhse-fr\/news\/ecole-dete-democratie-et-participation\/\",\"url\":\"https:\/\/www.uni.lu\/fhse-fr\/news\/ecole-dete-democratie-et-participation\/\",\"name\":\"Ecole d\u2019\u00e9t\u00e9 \u00ab D\u00e9mocratie et participation \u00bb - FHSE actualit\u00e9s I Universit\u00e9 du Luxembourg\",\"isPartOf\":{\"@id\":\"https:\/\/www.uni.lu\/fhse-fr\/#website\"},\"primaryImageOfPage\":{\"@id\":\"https:\/\/www.uni.lu\/fhse-fr\/news\/ecole-dete-democratie-et-participation\/#primaryimage\"},\"image\":{\"@id\":\"https:\/\/www.uni.lu\/fhse-fr\/news\/ecole-dete-democratie-et-participation\/#primaryimage\"},\"thumbnailUrl\":\"https:\/\/www.uni.lu\/wp-content\/uploads\/sites\/16\/2022\/04\/ecole_d_ete_democratie_et_participation.png\",\"datePublished\":\"2022-04-13T09:27:38+00:00\",\"dateModified\":\"2022-04-13T09:27:38+00:00\",\"description\":\"L\u2019Universit\u00e9 du Luxembourg a le grand plaisir d\u2019accueillir la cinqui\u00e8me \u00e9dition de l\u2019\u00e9cole d\u2019\u00e9t\u00e9 internationale (International Summer School) \\\"Participation et d\u00e9mocratie\\\". Dans le prolongement des pr\u00e9c\u00e9dentes \u00e9ditions, l\u2019\u00e9cole d\u2019\u00e9t\u00e9 vise \u00e0 approfondir les r\u00e9flexions sur le fonctionnement de nos d\u00e9mocraties repr\u00e9sentatives et sur les diff\u00e9rents processus d\u00e9mocratiques - plus ou moins innovants \u2013 visant \u00e0 promouvoir une participation plus directe et d\u00e9lib\u00e9rative des citoyens.\",\"breadcrumb\":{\"@id\":\"https:\/\/www.uni.lu\/fhse-fr\/news\/ecole-dete-democratie-et-participation\/#breadcrumb\"},\"inLanguage\":\"fr-FR\",\"potentialAction\":[{\"@type\":\"ReadAction\",\"target\":[\"https:\/\/www.uni.lu\/fhse-fr\/news\/ecole-dete-democratie-et-participation\/\"]}]},{\"@type\":\"ImageObject\",\"inLanguage\":\"fr-FR\",\"@id\":\"https:\/\/www.uni.lu\/fhse-fr\/news\/ecole-dete-democratie-et-participation\/#primaryimage\",\"url\":\"https:\/\/www.uni.lu\/wp-content\/uploads\/sites\/16\/2022\/04\/ecole_d_ete_democratie_et_participation.png\",\"contentUrl\":\"https:\/\/www.uni.lu\/wp-content\/uploads\/sites\/16\/2022\/04\/ecole_d_ete_democratie_et_participation.png\",\"width\":776,\"height\":872},{\"@type\":\"BreadcrumbList\",\"@id\":\"https:\/\/www.uni.lu\/fhse-fr\/news\/ecole-dete-democratie-et-participation\/#breadcrumb\",\"itemListElement\":[{\"@type\":\"ListItem\",\"position\":1,\"name\":\"Home\",\"item\":\"https:\/\/www.uni.lu\/fr\"},{\"@type\":\"ListItem\",\"position\":2,\"name\":\"Facult\u00e9 des Sciences Humaines, des Sciences de l\u2019\u00c9ducation et des Sciences Sociales\u200b\",\"item\":\"https:\/\/www.uni.lu\/fhse-fr\/\"},{\"@type\":\"ListItem\",\"position\":3,\"name\":\"News\",\"item\":\"https:\/\/www.uni.lu\/fhse-fr\/news\/\"},{\"@type\":\"ListItem\",\"position\":4,\"name\":\"Ecole d\u2019\u00e9t\u00e9 \u00ab D\u00e9mocratie et participation \u00bb\"}]},{\"@type\":\"WebSite\",\"@id\":\"https:\/\/www.uni.lu\/fhse-fr\/#website\",\"url\":\"https:\/\/www.uni.lu\/fhse-fr\/\",\"name\":\"FHSE\",\"description\":\"Facult\u00e9 des Sciences Humaines, des Sciences de l\u2019\u00c9ducation et des Sciences Sociales\u200b I Uni.lu\",\"publisher\":{\"@id\":\"https:\/\/www.uni.lu\/fhse-fr\/#organization\"},\"alternateName\":\"Facult\u00e9 des Sciences Humaines, des Sciences de l\u2019\u00c9ducation et des Sciences Sociales\u200b I Universit\u00e9 du Luxembourg\",\"potentialAction\":[{\"@type\":\"SearchAction\",\"target\":{\"@type\":\"EntryPoint\",\"urlTemplate\":\"https:\/\/www.uni.lu\/fhse-fr\/?s={search_term_string}\"},\"query-input\":\"required name=search_term_string\"}],\"inLanguage\":\"fr-FR\"},{\"@type\":\"Organization\",\"@id\":\"https:\/\/www.uni.lu\/fhse-fr\/#organization\",\"name\":\"FHSE - Universit\u00e9 du Luxembourg I Uni.lu\",\"alternateName\":\"Facult\u00e9 des Sciences Humaines, des Sciences de l\u2019\u00c9ducation et des Sciences Sociales\u200b\",\"url\":\"https:\/\/www.uni.lu\/fhse-fr\/\",\"logo\":{\"@type\":\"ImageObject\",\"inLanguage\":\"fr-FR\",\"@id\":\"https:\/\/www.uni.lu\/fhse-fr\/#\/schema\/logo\/image\/\",\"url\":\"https:\/\/www.uni.lu\/wp-content\/uploads\/sites\/16\/2026\/03\/03112325\/FHSE_SM-Profile_1600x1600px-scaled.jpg\",\"contentUrl\":\"https:\/\/www.uni.lu\/wp-content\/uploads\/sites\/16\/2026\/03\/03112325\/FHSE_SM-Profile_1600x1600px-scaled.jpg\",\"width\":2560,\"height\":2560,\"caption\":\"FHSE - Universit\u00e9 du Luxembourg I Uni.lu\"},\"image\":\"https:\/\/www.uni.lu\/wp-content\/uploads\/sites\/16\/2026\/04\/24144331\/20200609-Belval-Campus_Henri-Goergen-23.jpg\",\"sameAs\":[\"https:\/\/humanities.uni.lu\/\"],\"email\":\"communication@uni.lu\",\"telephone\":\"+3524666441\",\"address\":{\"@type\":\"PostalAddress\",\"streetAddress\":\"11, Porte des Sciences\",\"addressLocality\":\"Esch-sur-Alzette\",\"postalCode\":\"4365\",\"addressCountry\":\"LU\"},\"description\":\"Facult\u00e9 des Sciences Humaines, des Sciences de l\u2019\u00c9ducation et des Sciences Sociales\u200b I Uni.lu\"}]}<\/script>\n<!-- \/ Yoast SEO Premium plugin. -->","yoast_head_json":{"title":"Ecole d\u2019\u00e9t\u00e9 \u00ab D\u00e9mocratie et participation \u00bb - FHSE actualit\u00e9s I Universit\u00e9 du Luxembourg","description":"L\u2019Universit\u00e9 du Luxembourg a le grand plaisir d\u2019accueillir la cinqui\u00e8me \u00e9dition de l\u2019\u00e9cole d\u2019\u00e9t\u00e9 internationale (International Summer School) \"Participation et d\u00e9mocratie\". Dans le prolongement des pr\u00e9c\u00e9dentes \u00e9ditions, l\u2019\u00e9cole d\u2019\u00e9t\u00e9 vise \u00e0 approfondir les r\u00e9flexions sur le fonctionnement de nos d\u00e9mocraties repr\u00e9sentatives et sur les diff\u00e9rents processus d\u00e9mocratiques - plus ou moins innovants \u2013 visant \u00e0 promouvoir une participation plus directe et d\u00e9lib\u00e9rative des citoyens.","robots":{"index":"index","follow":"follow","max-snippet":"max-snippet:-1","max-image-preview":"max-image-preview:large","max-video-preview":"max-video-preview:-1"},"canonical":"https:\/\/www.uni.lu\/fhse-fr\/news\/ecole-dete-democratie-et-participation\/","og_locale":"fr_FR","og_type":"article","og_title":"Ecole d\u2019\u00e9t\u00e9 \u00ab D\u00e9mocratie et participation \u00bb","og_description":"L\u2019Universit\u00e9 du Luxembourg a le grand plaisir d\u2019accueillir la cinqui\u00e8me \u00e9dition de l\u2019\u00e9cole d\u2019\u00e9t\u00e9 internationale (International Summer School) \"Participation et d\u00e9mocratie\". Dans le prolongement des pr\u00e9c\u00e9dentes \u00e9ditions, l\u2019\u00e9cole d\u2019\u00e9t\u00e9 vise \u00e0 approfondir les r\u00e9flexions sur le fonctionnement de nos d\u00e9mocraties repr\u00e9sentatives et sur les diff\u00e9rents processus d\u00e9mocratiques - plus ou moins innovants \u2013 visant \u00e0 promouvoir une participation plus directe et d\u00e9lib\u00e9rative des citoyens.","og_url":"https:\/\/www.uni.lu\/fhse-fr\/news\/ecole-dete-democratie-et-participation\/","og_site_name":"FHSE FR","og_image":[{"width":776,"height":872,"url":"https:\/\/www.uni.lu\/wp-content\/uploads\/sites\/16\/2022\/04\/ecole_d_ete_democratie_et_participation.png","type":"image\/png"}],"twitter_card":"summary_large_image","twitter_misc":{"Dur\u00e9e de lecture estim\u00e9e":"5 minutes"},"schema":{"@context":"https:\/\/schema.org","@graph":[{"@type":"NewsArticle","@id":"https:\/\/www.uni.lu\/fhse-fr\/news\/ecole-dete-democratie-et-participation\/#article","isPartOf":{"@id":"https:\/\/www.uni.lu\/fhse-fr\/news\/ecole-dete-democratie-et-participation\/"},"author":{"name":"","@id":""},"headline":"Ecole d\u2019\u00e9t\u00e9 \u00ab D\u00e9mocratie et participation \u00bb","datePublished":"2022-04-13T09:27:38+00:00","dateModified":"2022-04-13T09:27:38+00:00","mainEntityOfPage":{"@id":"https:\/\/www.uni.lu\/fhse-fr\/news\/ecole-dete-democratie-et-participation\/"},"wordCount":1110,"publisher":{"@id":"https:\/\/www.uni.lu\/fhse-fr\/#organization"},"image":{"@id":"https:\/\/www.uni.lu\/fhse-fr\/news\/ecole-dete-democratie-et-participation\/#primaryimage"},"thumbnailUrl":"https:\/\/www.uni.lu\/wp-content\/uploads\/sites\/16\/2022\/04\/ecole_d_ete_democratie_et_participation.png","inLanguage":"fr-FR"},{"@type":"WebPage","@id":"https:\/\/www.uni.lu\/fhse-fr\/news\/ecole-dete-democratie-et-participation\/","url":"https:\/\/www.uni.lu\/fhse-fr\/news\/ecole-dete-democratie-et-participation\/","name":"Ecole d\u2019\u00e9t\u00e9 \u00ab D\u00e9mocratie et participation \u00bb - FHSE actualit\u00e9s I Universit\u00e9 du Luxembourg","isPartOf":{"@id":"https:\/\/www.uni.lu\/fhse-fr\/#website"},"primaryImageOfPage":{"@id":"https:\/\/www.uni.lu\/fhse-fr\/news\/ecole-dete-democratie-et-participation\/#primaryimage"},"image":{"@id":"https:\/\/www.uni.lu\/fhse-fr\/news\/ecole-dete-democratie-et-participation\/#primaryimage"},"thumbnailUrl":"https:\/\/www.uni.lu\/wp-content\/uploads\/sites\/16\/2022\/04\/ecole_d_ete_democratie_et_participation.png","datePublished":"2022-04-13T09:27:38+00:00","dateModified":"2022-04-13T09:27:38+00:00","description":"L\u2019Universit\u00e9 du Luxembourg a le grand plaisir d\u2019accueillir la cinqui\u00e8me \u00e9dition de l\u2019\u00e9cole d\u2019\u00e9t\u00e9 internationale (International Summer School) \"Participation et d\u00e9mocratie\". Dans le prolongement des pr\u00e9c\u00e9dentes \u00e9ditions, l\u2019\u00e9cole d\u2019\u00e9t\u00e9 vise \u00e0 approfondir les r\u00e9flexions sur le fonctionnement de nos d\u00e9mocraties repr\u00e9sentatives et sur les diff\u00e9rents processus d\u00e9mocratiques - plus ou moins innovants \u2013 visant \u00e0 promouvoir une participation plus directe et d\u00e9lib\u00e9rative des citoyens.","breadcrumb":{"@id":"https:\/\/www.uni.lu\/fhse-fr\/news\/ecole-dete-democratie-et-participation\/#breadcrumb"},"inLanguage":"fr-FR","potentialAction":[{"@type":"ReadAction","target":["https:\/\/www.uni.lu\/fhse-fr\/news\/ecole-dete-democratie-et-participation\/"]}]},{"@type":"ImageObject","inLanguage":"fr-FR","@id":"https:\/\/www.uni.lu\/fhse-fr\/news\/ecole-dete-democratie-et-participation\/#primaryimage","url":"https:\/\/www.uni.lu\/wp-content\/uploads\/sites\/16\/2022\/04\/ecole_d_ete_democratie_et_participation.png","contentUrl":"https:\/\/www.uni.lu\/wp-content\/uploads\/sites\/16\/2022\/04\/ecole_d_ete_democratie_et_participation.png","width":776,"height":872},{"@type":"BreadcrumbList","@id":"https:\/\/www.uni.lu\/fhse-fr\/news\/ecole-dete-democratie-et-participation\/#breadcrumb","itemListElement":[{"@type":"ListItem","position":1,"name":"Home","item":"https:\/\/www.uni.lu\/fr"},{"@type":"ListItem","position":2,"name":"Facult\u00e9 des Sciences Humaines, des Sciences de l\u2019\u00c9ducation et des Sciences Sociales\u200b","item":"https:\/\/www.uni.lu\/fhse-fr\/"},{"@type":"ListItem","position":3,"name":"News","item":"https:\/\/www.uni.lu\/fhse-fr\/news\/"},{"@type":"ListItem","position":4,"name":"Ecole d\u2019\u00e9t\u00e9 \u00ab D\u00e9mocratie et participation \u00bb"}]},{"@type":"WebSite","@id":"https:\/\/www.uni.lu\/fhse-fr\/#website","url":"https:\/\/www.uni.lu\/fhse-fr\/","name":"FHSE","description":"Facult\u00e9 des Sciences Humaines, des Sciences de l\u2019\u00c9ducation et des Sciences Sociales\u200b I Uni.lu","publisher":{"@id":"https:\/\/www.uni.lu\/fhse-fr\/#organization"},"alternateName":"Facult\u00e9 des Sciences Humaines, des Sciences de l\u2019\u00c9ducation et des Sciences Sociales\u200b I Universit\u00e9 du Luxembourg","potentialAction":[{"@type":"SearchAction","target":{"@type":"EntryPoint","urlTemplate":"https:\/\/www.uni.lu\/fhse-fr\/?s={search_term_string}"},"query-input":"required name=search_term_string"}],"inLanguage":"fr-FR"},{"@type":"Organization","@id":"https:\/\/www.uni.lu\/fhse-fr\/#organization","name":"FHSE - Universit\u00e9 du Luxembourg I Uni.lu","alternateName":"Facult\u00e9 des Sciences Humaines, des Sciences de l\u2019\u00c9ducation et des Sciences Sociales\u200b","url":"https:\/\/www.uni.lu\/fhse-fr\/","logo":{"@type":"ImageObject","inLanguage":"fr-FR","@id":"https:\/\/www.uni.lu\/fhse-fr\/#\/schema\/logo\/image\/","url":"https:\/\/www.uni.lu\/wp-content\/uploads\/sites\/16\/2026\/03\/03112325\/FHSE_SM-Profile_1600x1600px-scaled.jpg","contentUrl":"https:\/\/www.uni.lu\/wp-content\/uploads\/sites\/16\/2026\/03\/03112325\/FHSE_SM-Profile_1600x1600px-scaled.jpg","width":2560,"height":2560,"caption":"FHSE - Universit\u00e9 du Luxembourg I Uni.lu"},"image":"https:\/\/www.uni.lu\/wp-content\/uploads\/sites\/16\/2026\/04\/24144331\/20200609-Belval-Campus_Henri-Goergen-23.jpg","sameAs":["https:\/\/humanities.uni.lu\/"],"email":"communication@uni.lu","telephone":"+3524666441","address":{"@type":"PostalAddress","streetAddress":"11, Porte des Sciences","addressLocality":"Esch-sur-Alzette","postalCode":"4365","addressCountry":"LU"},"description":"Facult\u00e9 des Sciences Humaines, des Sciences de l\u2019\u00c9ducation et des Sciences Sociales\u200b I Uni.lu"}]}},"blog_id":16,"_links":{"self":[{"href":"https:\/\/www.uni.lu\/fhse-fr\/wp-json\/wp\/v2\/news\/492"}],"collection":[{"href":"https:\/\/www.uni.lu\/fhse-fr\/wp-json\/wp\/v2\/news"}],"about":[{"href":"https:\/\/www.uni.lu\/fhse-fr\/wp-json\/wp\/v2\/types\/news"}],"version-history":[{"count":0,"href":"https:\/\/www.uni.lu\/fhse-fr\/wp-json\/wp\/v2\/news\/492\/revisions"}],"wp:featuredmedia":[{"embeddable":true,"href":"https:\/\/www.uni.lu\/fhse-fr\/wp-json\/wp\/v2\/media\/493"}],"wp:attachment":[{"href":"https:\/\/www.uni.lu\/fhse-fr\/wp-json\/wp\/v2\/media?parent=492"}],"wp:term":[{"taxonomy":"news-category","embeddable":true,"href":"https:\/\/www.uni.lu\/fhse-fr\/wp-json\/wp\/v2\/news-category?post=492"},{"taxonomy":"news-topic","embeddable":true,"href":"https:\/\/www.uni.lu\/fhse-fr\/wp-json\/wp\/v2\/news-topic?post=492"},{"taxonomy":"organisation","embeddable":true,"href":"https:\/\/www.uni.lu\/fhse-fr\/wp-json\/wp\/v2\/organisation?post=492"}],"curies":[{"name":"wp","href":"https:\/\/api.w.org\/{rel}","templated":true}]}}