{"id":48,"date":"2018-03-27T14:36:47","date_gmt":"2018-03-27T14:36:47","guid":{"rendered":"https:\/\/website.prod.unilu.spikeseed.cloud\/fhse-fr\/news\/einladung-buchprasentation-invitation-presentation-du-livre\/"},"modified":"2018-03-27T14:36:47","modified_gmt":"2018-03-27T14:36:47","slug":"einladung-buchprasentation-invitation-presentation-du-livre","status":"publish","type":"news","link":"https:\/\/www.uni.lu\/fhse-fr\/news\/einladung-buchprasentation-invitation-presentation-du-livre\/","title":{"rendered":"Einladung Buchpr\u00e4sentation \/ Invitation pr\u00e9sentation du livre"},"content":{"rendered":"<section class=\"wp-block-unilux-blocks-free-section section\"><div class=\"container xl:max-w-screen-xl\"><p><strong>La Grande R\u00e9gion Saar-Lor-Lux : Vers une suprar\u00e9gionalisation transfrontali\u00e8re ?<\/strong><\/p><p>25. April 2018 | 16 Uhr | Haus der Gro\u00dfregion<\/p><p>11, boulevard J.-F. Kennedy | L-4170 Esch-sur-Alzette<\/p><p>Die Universit\u00e4t Luxemburg und das EVTZ Gipfelsekretariat der Gro\u00dfregion laden zur Vorstellung der Bucherscheinung ein:<\/p><p>La Grande R\u00e9gion Saar-Lor-Lux : Vers une suprar\u00e9gionalisation transfrontali\u00e8re ? (Presses Universitaires de Rennes, ISBN 978-2-7535-6521-0)<\/p><p>Grenzgebiete werden oft als \u201eLabor Europ\u00e4ischer Integration\u201c dargestellt. Welche Bedeutung, jenseits der produzierten vielf\u00e4ltigen Diskurse und Symbole, kann der Begriff grenz\u00fcberschreitende Region umfassen? Dieses Buch definiert die Region als eine identit\u00e4re, territoriale und institutionelle Konstruktion, die sich \u00fcber die Zeit hinweg aufrechterh\u00e4lt.<\/p><p>Dabei werden die Besonderheiten dieses Prozesses f\u00fcr den grenz\u00fcberschreitenden Kontext identifiziert und hinterfragt. Diese Fragestellungen werden im Hinblick auf die Gro\u00dfregion<\/p><p>analysiert.<\/p><p>\u00dcber die Autorin<\/p><p><a href=\"https:\/\/wwwen.uni.lu\/research\/flshase\/identites_politiques_societes_espaces_ipse\/research_instituts\/institute_of_geography_and_spatial_planning\/staff2\/estelle_evrard\" target=\"_blank\" title=\"\" rel=\"noopener\">Estelle Evrard<\/a> ist Forscherin in politischer Geographie an der Universit\u00e4t Luxemburg. Nach Abschluss ihres Masterstudiums in Europ\u00e4ischem Recht, promovierte sie im Fach Geographie. Als gemeinsamer roter Faden ihrer beruflichen Laufbahn zieht sich die Frage der europ\u00e4ischen Integration. Ihr Forschungsschwerpunkt liegt auf der Rolle lokaler territorialer Einheiten innerhalb des europ\u00e4ischen Integrationsprozesses. <\/p><p>Die Buchpr\u00e4sentation findet auf franz\u00f6sisch statt, die Diskussion auf deutsch und franz\u00f6sisch (ohne Verdolmetschung).<\/p><p>Bitte melden Sie sich bis sp\u00e4testens 20. April 2018 bei:<\/p><p><a href=\"mailto:secretariat.sommet@granderegion.net\" target=\"_blank\" title=\"\" rel=\"noopener\">secretariat.sommet@granderegion.net<\/a><\/p><p>EinladungInvitation \u00a0 &#8212;\u00a0 <\/p><\/div><\/section>","protected":false},"excerpt":{"rendered":"<p>La Grande R\u00e9gion Saar-Lor-Lux : Vers une suprar\u00e9gionalisation transfrontali\u00e8re ?25. April 2018 | 16 Uhr | Haus der Gro\u00dfregion11, boulevard J.-F. Kennedy | L-4170 Esch-sur-Alzette<\/p>\n","protected":false},"author":0,"featured_media":49,"template":"","format":"standard","meta":{"featured_image_focal_point":[],"show_featured_caption":false,"ulux_newsletter_groups":"","uluxPostTitle":"","uluxPrePostTitle":"","_trash_the_other_posts":false,"_price":"","_stock":"","_tribe_ticket_header":"","_tribe_default_ticket_provider":"","_tribe_ticket_capacity":"0","_ticket_start_date":"","_ticket_end_date":"","_tribe_ticket_show_description":"","_tribe_ticket_show_not_going":false,"_tribe_ticket_use_global_stock":"","_tribe_ticket_global_stock_level":"","_global_stock_mode":"","_global_stock_cap":"","_tribe_rsvp_for_event":"","_tribe_ticket_going_count":"","_tribe_ticket_not_going_count":"","_tribe_tickets_list":"[]","_tribe_ticket_has_attendee_info_fields":false},"news-category":[3],"news-topic":[14],"organisation":[148],"authorship":[],"acf":[],"yoast_head":"<!-- This site is optimized with the Yoast SEO Premium plugin v22.3 (Yoast SEO v22.3) - https:\/\/yoast.com\/wordpress\/plugins\/seo\/ -->\n<title>Einladung Buchpr\u00e4sentation \/ Invitation pr\u00e9sentation du livre - FHSE actualit\u00e9s I Universit\u00e9 du Luxembourg<\/title>\n<meta name=\"description\" content=\"La Grande R\u00e9gion Saar-Lor-Lux : Vers une suprar\u00e9gionalisation transfrontali\u00e8re ?25. April 2018 | 16 Uhr | Haus der Gro\u00dfregion11, boulevard J.-F. Kennedy | L-4170 Esch-sur-Alzette\" \/>\n<meta name=\"robots\" content=\"index, follow, max-snippet:-1, max-image-preview:large, max-video-preview:-1\" \/>\n<link rel=\"canonical\" href=\"https:\/\/www.uni.lu\/fhse-fr\/news\/einladung-buchprasentation-invitation-presentation-du-livre\/\" \/>\n<meta property=\"og:locale\" content=\"fr_FR\" \/>\n<meta property=\"og:type\" content=\"article\" \/>\n<meta property=\"og:title\" content=\"Einladung Buchpr\u00e4sentation \/ Invitation pr\u00e9sentation du livre\" \/>\n<meta property=\"og:description\" content=\"La Grande R\u00e9gion Saar-Lor-Lux : Vers une suprar\u00e9gionalisation transfrontali\u00e8re ?25. April 2018 | 16 Uhr | Haus der Gro\u00dfregion11, boulevard J.-F. Kennedy | L-4170 Esch-sur-Alzette\" \/>\n<meta property=\"og:url\" content=\"https:\/\/www.uni.lu\/fhse-fr\/news\/einladung-buchprasentation-invitation-presentation-du-livre\/\" \/>\n<meta property=\"og:site_name\" content=\"FHSE FR\" \/>\n<meta property=\"og:image\" content=\"https:\/\/www.uni.lu\/wp-content\/uploads\/sites\/16\/2018\/03\/einladung_buchpraesentation_invitation_presentation_du_livre.jpg\" \/>\n\t<meta property=\"og:image:width\" content=\"800\" \/>\n\t<meta property=\"og:image:height\" content=\"600\" \/>\n\t<meta property=\"og:image:type\" content=\"image\/jpeg\" \/>\n<meta name=\"twitter:card\" content=\"summary_large_image\" \/>\n<meta name=\"twitter:label1\" content=\"Dur\u00e9e de lecture estim\u00e9e\" \/>\n\t<meta name=\"twitter:data1\" content=\"1 minute\" \/>\n<script type=\"application\/ld+json\" class=\"yoast-schema-graph\">{\"@context\":\"https:\/\/schema.org\",\"@graph\":[{\"@type\":\"NewsArticle\",\"@id\":\"https:\/\/www.uni.lu\/fhse-fr\/news\/einladung-buchprasentation-invitation-presentation-du-livre\/#article\",\"isPartOf\":{\"@id\":\"https:\/\/www.uni.lu\/fhse-fr\/news\/einladung-buchprasentation-invitation-presentation-du-livre\/\"},\"author\":{\"name\":\"\",\"@id\":\"\"},\"headline\":\"Einladung Buchpr\u00e4sentation \/ Invitation pr\u00e9sentation du livre\",\"datePublished\":\"2018-03-27T14:36:47+00:00\",\"dateModified\":\"2018-03-27T14:36:47+00:00\",\"mainEntityOfPage\":{\"@id\":\"https:\/\/www.uni.lu\/fhse-fr\/news\/einladung-buchprasentation-invitation-presentation-du-livre\/\"},\"wordCount\":229,\"publisher\":{\"@id\":\"https:\/\/www.uni.lu\/fhse-fr\/#organization\"},\"image\":{\"@id\":\"https:\/\/www.uni.lu\/fhse-fr\/news\/einladung-buchprasentation-invitation-presentation-du-livre\/#primaryimage\"},\"thumbnailUrl\":\"https:\/\/www.uni.lu\/wp-content\/uploads\/sites\/16\/2018\/03\/einladung_buchpraesentation_invitation_presentation_du_livre.jpg\",\"inLanguage\":\"fr-FR\"},{\"@type\":\"WebPage\",\"@id\":\"https:\/\/www.uni.lu\/fhse-fr\/news\/einladung-buchprasentation-invitation-presentation-du-livre\/\",\"url\":\"https:\/\/www.uni.lu\/fhse-fr\/news\/einladung-buchprasentation-invitation-presentation-du-livre\/\",\"name\":\"Einladung Buchpr\u00e4sentation \/ Invitation pr\u00e9sentation du livre - FHSE actualit\u00e9s I Universit\u00e9 du Luxembourg\",\"isPartOf\":{\"@id\":\"https:\/\/www.uni.lu\/fhse-fr\/#website\"},\"primaryImageOfPage\":{\"@id\":\"https:\/\/www.uni.lu\/fhse-fr\/news\/einladung-buchprasentation-invitation-presentation-du-livre\/#primaryimage\"},\"image\":{\"@id\":\"https:\/\/www.uni.lu\/fhse-fr\/news\/einladung-buchprasentation-invitation-presentation-du-livre\/#primaryimage\"},\"thumbnailUrl\":\"https:\/\/www.uni.lu\/wp-content\/uploads\/sites\/16\/2018\/03\/einladung_buchpraesentation_invitation_presentation_du_livre.jpg\",\"datePublished\":\"2018-03-27T14:36:47+00:00\",\"dateModified\":\"2018-03-27T14:36:47+00:00\",\"description\":\"La Grande R\u00e9gion Saar-Lor-Lux : Vers une suprar\u00e9gionalisation transfrontali\u00e8re ?25. April 2018 | 16 Uhr | Haus der Gro\u00dfregion11, boulevard J.-F. Kennedy | L-4170 Esch-sur-Alzette\",\"breadcrumb\":{\"@id\":\"https:\/\/www.uni.lu\/fhse-fr\/news\/einladung-buchprasentation-invitation-presentation-du-livre\/#breadcrumb\"},\"inLanguage\":\"fr-FR\",\"potentialAction\":[{\"@type\":\"ReadAction\",\"target\":[\"https:\/\/www.uni.lu\/fhse-fr\/news\/einladung-buchprasentation-invitation-presentation-du-livre\/\"]}]},{\"@type\":\"ImageObject\",\"inLanguage\":\"fr-FR\",\"@id\":\"https:\/\/www.uni.lu\/fhse-fr\/news\/einladung-buchprasentation-invitation-presentation-du-livre\/#primaryimage\",\"url\":\"https:\/\/www.uni.lu\/wp-content\/uploads\/sites\/16\/2018\/03\/einladung_buchpraesentation_invitation_presentation_du_livre.jpg\",\"contentUrl\":\"https:\/\/www.uni.lu\/wp-content\/uploads\/sites\/16\/2018\/03\/einladung_buchpraesentation_invitation_presentation_du_livre.jpg\",\"width\":800,\"height\":600},{\"@type\":\"BreadcrumbList\",\"@id\":\"https:\/\/www.uni.lu\/fhse-fr\/news\/einladung-buchprasentation-invitation-presentation-du-livre\/#breadcrumb\",\"itemListElement\":[{\"@type\":\"ListItem\",\"position\":1,\"name\":\"Home\",\"item\":\"https:\/\/www.uni.lu\/fr\"},{\"@type\":\"ListItem\",\"position\":2,\"name\":\"Facult\u00e9 des Sciences Humaines, des Sciences de l\u2019\u00c9ducation et des Sciences Sociales\u200b\",\"item\":\"https:\/\/www.uni.lu\/fhse-fr\/\"},{\"@type\":\"ListItem\",\"position\":3,\"name\":\"News\",\"item\":\"https:\/\/www.uni.lu\/fhse-fr\/news\/\"},{\"@type\":\"ListItem\",\"position\":4,\"name\":\"Einladung Buchpr\u00e4sentation \/ Invitation pr\u00e9sentation du livre\"}]},{\"@type\":\"WebSite\",\"@id\":\"https:\/\/www.uni.lu\/fhse-fr\/#website\",\"url\":\"https:\/\/www.uni.lu\/fhse-fr\/\",\"name\":\"FHSE\",\"description\":\"Facult\u00e9 des Sciences Humaines, des Sciences de l\u2019\u00c9ducation et des Sciences Sociales\u200b I Uni.lu\",\"publisher\":{\"@id\":\"https:\/\/www.uni.lu\/fhse-fr\/#organization\"},\"alternateName\":\"Facult\u00e9 des Sciences Humaines, des Sciences de l\u2019\u00c9ducation et des Sciences Sociales\u200b I Universit\u00e9 du Luxembourg\",\"potentialAction\":[{\"@type\":\"SearchAction\",\"target\":{\"@type\":\"EntryPoint\",\"urlTemplate\":\"https:\/\/www.uni.lu\/fhse-fr\/?s={search_term_string}\"},\"query-input\":\"required name=search_term_string\"}],\"inLanguage\":\"fr-FR\"},{\"@type\":\"Organization\",\"@id\":\"https:\/\/www.uni.lu\/fhse-fr\/#organization\",\"name\":\"FHSE - Universit\u00e9 du Luxembourg I Uni.lu\",\"alternateName\":\"Facult\u00e9 des Sciences Humaines, des Sciences de l\u2019\u00c9ducation et des Sciences Sociales\u200b\",\"url\":\"https:\/\/www.uni.lu\/fhse-fr\/\",\"logo\":{\"@type\":\"ImageObject\",\"inLanguage\":\"fr-FR\",\"@id\":\"https:\/\/www.uni.lu\/fhse-fr\/#\/schema\/logo\/image\/\",\"url\":\"https:\/\/www.uni.lu\/wp-content\/uploads\/sites\/16\/2026\/03\/03112325\/FHSE_SM-Profile_1600x1600px-scaled.jpg\",\"contentUrl\":\"https:\/\/www.uni.lu\/wp-content\/uploads\/sites\/16\/2026\/03\/03112325\/FHSE_SM-Profile_1600x1600px-scaled.jpg\",\"width\":2560,\"height\":2560,\"caption\":\"FHSE - Universit\u00e9 du Luxembourg I Uni.lu\"},\"image\":\"https:\/\/www.uni.lu\/wp-content\/uploads\/sites\/16\/2026\/04\/24144331\/20200609-Belval-Campus_Henri-Goergen-23.jpg\",\"sameAs\":[\"https:\/\/humanities.uni.lu\/\"],\"email\":\"communication@uni.lu\",\"telephone\":\"+3524666441\",\"address\":{\"@type\":\"PostalAddress\",\"streetAddress\":\"11, Porte des Sciences\",\"addressLocality\":\"Esch-sur-Alzette\",\"postalCode\":\"4365\",\"addressCountry\":\"LU\"},\"description\":\"Facult\u00e9 des Sciences Humaines, des Sciences de l\u2019\u00c9ducation et des Sciences Sociales\u200b I Uni.lu\"}]}<\/script>\n<!-- \/ Yoast SEO Premium plugin. -->","yoast_head_json":{"title":"Einladung Buchpr\u00e4sentation \/ Invitation pr\u00e9sentation du livre - FHSE actualit\u00e9s I Universit\u00e9 du Luxembourg","description":"La Grande R\u00e9gion Saar-Lor-Lux : Vers une suprar\u00e9gionalisation transfrontali\u00e8re ?25. April 2018 | 16 Uhr | Haus der Gro\u00dfregion11, boulevard J.-F. Kennedy | L-4170 Esch-sur-Alzette","robots":{"index":"index","follow":"follow","max-snippet":"max-snippet:-1","max-image-preview":"max-image-preview:large","max-video-preview":"max-video-preview:-1"},"canonical":"https:\/\/www.uni.lu\/fhse-fr\/news\/einladung-buchprasentation-invitation-presentation-du-livre\/","og_locale":"fr_FR","og_type":"article","og_title":"Einladung Buchpr\u00e4sentation \/ Invitation pr\u00e9sentation du livre","og_description":"La Grande R\u00e9gion Saar-Lor-Lux : Vers une suprar\u00e9gionalisation transfrontali\u00e8re ?25. April 2018 | 16 Uhr | Haus der Gro\u00dfregion11, boulevard J.-F. Kennedy | L-4170 Esch-sur-Alzette","og_url":"https:\/\/www.uni.lu\/fhse-fr\/news\/einladung-buchprasentation-invitation-presentation-du-livre\/","og_site_name":"FHSE FR","og_image":[{"width":800,"height":600,"url":"https:\/\/www.uni.lu\/wp-content\/uploads\/sites\/16\/2018\/03\/einladung_buchpraesentation_invitation_presentation_du_livre.jpg","type":"image\/jpeg"}],"twitter_card":"summary_large_image","twitter_misc":{"Dur\u00e9e de lecture estim\u00e9e":"1 minute"},"schema":{"@context":"https:\/\/schema.org","@graph":[{"@type":"NewsArticle","@id":"https:\/\/www.uni.lu\/fhse-fr\/news\/einladung-buchprasentation-invitation-presentation-du-livre\/#article","isPartOf":{"@id":"https:\/\/www.uni.lu\/fhse-fr\/news\/einladung-buchprasentation-invitation-presentation-du-livre\/"},"author":{"name":"","@id":""},"headline":"Einladung Buchpr\u00e4sentation \/ Invitation pr\u00e9sentation du livre","datePublished":"2018-03-27T14:36:47+00:00","dateModified":"2018-03-27T14:36:47+00:00","mainEntityOfPage":{"@id":"https:\/\/www.uni.lu\/fhse-fr\/news\/einladung-buchprasentation-invitation-presentation-du-livre\/"},"wordCount":229,"publisher":{"@id":"https:\/\/www.uni.lu\/fhse-fr\/#organization"},"image":{"@id":"https:\/\/www.uni.lu\/fhse-fr\/news\/einladung-buchprasentation-invitation-presentation-du-livre\/#primaryimage"},"thumbnailUrl":"https:\/\/www.uni.lu\/wp-content\/uploads\/sites\/16\/2018\/03\/einladung_buchpraesentation_invitation_presentation_du_livre.jpg","inLanguage":"fr-FR"},{"@type":"WebPage","@id":"https:\/\/www.uni.lu\/fhse-fr\/news\/einladung-buchprasentation-invitation-presentation-du-livre\/","url":"https:\/\/www.uni.lu\/fhse-fr\/news\/einladung-buchprasentation-invitation-presentation-du-livre\/","name":"Einladung Buchpr\u00e4sentation \/ Invitation pr\u00e9sentation du livre - FHSE actualit\u00e9s I Universit\u00e9 du Luxembourg","isPartOf":{"@id":"https:\/\/www.uni.lu\/fhse-fr\/#website"},"primaryImageOfPage":{"@id":"https:\/\/www.uni.lu\/fhse-fr\/news\/einladung-buchprasentation-invitation-presentation-du-livre\/#primaryimage"},"image":{"@id":"https:\/\/www.uni.lu\/fhse-fr\/news\/einladung-buchprasentation-invitation-presentation-du-livre\/#primaryimage"},"thumbnailUrl":"https:\/\/www.uni.lu\/wp-content\/uploads\/sites\/16\/2018\/03\/einladung_buchpraesentation_invitation_presentation_du_livre.jpg","datePublished":"2018-03-27T14:36:47+00:00","dateModified":"2018-03-27T14:36:47+00:00","description":"La Grande R\u00e9gion Saar-Lor-Lux : Vers une suprar\u00e9gionalisation transfrontali\u00e8re ?25. April 2018 | 16 Uhr | Haus der Gro\u00dfregion11, boulevard J.-F. Kennedy | L-4170 Esch-sur-Alzette","breadcrumb":{"@id":"https:\/\/www.uni.lu\/fhse-fr\/news\/einladung-buchprasentation-invitation-presentation-du-livre\/#breadcrumb"},"inLanguage":"fr-FR","potentialAction":[{"@type":"ReadAction","target":["https:\/\/www.uni.lu\/fhse-fr\/news\/einladung-buchprasentation-invitation-presentation-du-livre\/"]}]},{"@type":"ImageObject","inLanguage":"fr-FR","@id":"https:\/\/www.uni.lu\/fhse-fr\/news\/einladung-buchprasentation-invitation-presentation-du-livre\/#primaryimage","url":"https:\/\/www.uni.lu\/wp-content\/uploads\/sites\/16\/2018\/03\/einladung_buchpraesentation_invitation_presentation_du_livre.jpg","contentUrl":"https:\/\/www.uni.lu\/wp-content\/uploads\/sites\/16\/2018\/03\/einladung_buchpraesentation_invitation_presentation_du_livre.jpg","width":800,"height":600},{"@type":"BreadcrumbList","@id":"https:\/\/www.uni.lu\/fhse-fr\/news\/einladung-buchprasentation-invitation-presentation-du-livre\/#breadcrumb","itemListElement":[{"@type":"ListItem","position":1,"name":"Home","item":"https:\/\/www.uni.lu\/fr"},{"@type":"ListItem","position":2,"name":"Facult\u00e9 des Sciences Humaines, des Sciences de l\u2019\u00c9ducation et des Sciences Sociales\u200b","item":"https:\/\/www.uni.lu\/fhse-fr\/"},{"@type":"ListItem","position":3,"name":"News","item":"https:\/\/www.uni.lu\/fhse-fr\/news\/"},{"@type":"ListItem","position":4,"name":"Einladung Buchpr\u00e4sentation \/ Invitation pr\u00e9sentation du livre"}]},{"@type":"WebSite","@id":"https:\/\/www.uni.lu\/fhse-fr\/#website","url":"https:\/\/www.uni.lu\/fhse-fr\/","name":"FHSE","description":"Facult\u00e9 des Sciences Humaines, des Sciences de l\u2019\u00c9ducation et des Sciences Sociales\u200b I Uni.lu","publisher":{"@id":"https:\/\/www.uni.lu\/fhse-fr\/#organization"},"alternateName":"Facult\u00e9 des Sciences Humaines, des Sciences de l\u2019\u00c9ducation et des Sciences Sociales\u200b I Universit\u00e9 du Luxembourg","potentialAction":[{"@type":"SearchAction","target":{"@type":"EntryPoint","urlTemplate":"https:\/\/www.uni.lu\/fhse-fr\/?s={search_term_string}"},"query-input":"required name=search_term_string"}],"inLanguage":"fr-FR"},{"@type":"Organization","@id":"https:\/\/www.uni.lu\/fhse-fr\/#organization","name":"FHSE - Universit\u00e9 du Luxembourg I Uni.lu","alternateName":"Facult\u00e9 des Sciences Humaines, des Sciences de l\u2019\u00c9ducation et des Sciences Sociales\u200b","url":"https:\/\/www.uni.lu\/fhse-fr\/","logo":{"@type":"ImageObject","inLanguage":"fr-FR","@id":"https:\/\/www.uni.lu\/fhse-fr\/#\/schema\/logo\/image\/","url":"https:\/\/www.uni.lu\/wp-content\/uploads\/sites\/16\/2026\/03\/03112325\/FHSE_SM-Profile_1600x1600px-scaled.jpg","contentUrl":"https:\/\/www.uni.lu\/wp-content\/uploads\/sites\/16\/2026\/03\/03112325\/FHSE_SM-Profile_1600x1600px-scaled.jpg","width":2560,"height":2560,"caption":"FHSE - Universit\u00e9 du Luxembourg I Uni.lu"},"image":"https:\/\/www.uni.lu\/wp-content\/uploads\/sites\/16\/2026\/04\/24144331\/20200609-Belval-Campus_Henri-Goergen-23.jpg","sameAs":["https:\/\/humanities.uni.lu\/"],"email":"communication@uni.lu","telephone":"+3524666441","address":{"@type":"PostalAddress","streetAddress":"11, Porte des Sciences","addressLocality":"Esch-sur-Alzette","postalCode":"4365","addressCountry":"LU"},"description":"Facult\u00e9 des Sciences Humaines, des Sciences de l\u2019\u00c9ducation et des Sciences Sociales\u200b I Uni.lu"}]}},"blog_id":16,"_links":{"self":[{"href":"https:\/\/www.uni.lu\/fhse-fr\/wp-json\/wp\/v2\/news\/48"}],"collection":[{"href":"https:\/\/www.uni.lu\/fhse-fr\/wp-json\/wp\/v2\/news"}],"about":[{"href":"https:\/\/www.uni.lu\/fhse-fr\/wp-json\/wp\/v2\/types\/news"}],"version-history":[{"count":0,"href":"https:\/\/www.uni.lu\/fhse-fr\/wp-json\/wp\/v2\/news\/48\/revisions"}],"wp:featuredmedia":[{"embeddable":true,"href":"https:\/\/www.uni.lu\/fhse-fr\/wp-json\/wp\/v2\/media\/49"}],"wp:attachment":[{"href":"https:\/\/www.uni.lu\/fhse-fr\/wp-json\/wp\/v2\/media?parent=48"}],"wp:term":[{"taxonomy":"news-category","embeddable":true,"href":"https:\/\/www.uni.lu\/fhse-fr\/wp-json\/wp\/v2\/news-category?post=48"},{"taxonomy":"news-topic","embeddable":true,"href":"https:\/\/www.uni.lu\/fhse-fr\/wp-json\/wp\/v2\/news-topic?post=48"},{"taxonomy":"organisation","embeddable":true,"href":"https:\/\/www.uni.lu\/fhse-fr\/wp-json\/wp\/v2\/organisation?post=48"}],"curies":[{"name":"wp","href":"https:\/\/api.w.org\/{rel}","templated":true}]}}