{"id":4649,"date":"2025-06-05T14:26:34","date_gmt":"2025-06-05T12:26:34","guid":{"rendered":"https:\/\/www.uni.lu\/fhse-fr\/?post_type=news&#038;p=4649"},"modified":"2025-06-05T14:53:50","modified_gmt":"2025-06-05T12:53:50","slug":"uni-lu-lance-son-podcast-des-alumni","status":"publish","type":"news","link":"https:\/\/www.uni.lu\/fhse-fr\/news\/uni-lu-lance-son-podcast-des-alumni\/","title":{"rendered":"Uni.lu lance son podcast des alumni !"},"content":{"rendered":"\n<section class=\"wp-block-unilux-blocks-free-section section\"><div class=\"container xl:max-w-screen-xl\"><figure class=\"wp-block-dev4-reusable-blocks-image  object-fit--contain\">\n    \n<img decoding=\"async\" class=\"wp-block-image unilux-custom-image-block\"\n                alt=\"\"\n            src=\"https:\/\/www.uni.lu\/wp-content\/uploads\/sites\/2\/2025\/06\/04121839\/alumnistories_logo.png\"\n                    style=\"object-position: 50.00% 50.00%; font-family: &quot;object-fit: contain; object-position: 50.00% 50.00%;&quot;; aspect-ratio: 32\/9; object-fit: contain; width: 25%;\"\n        loading=\"lazy\"\n\/>    <\/figure>\n\n\n<p>Vous \u00eates en qu\u00eate d&rsquo;inspiration pour prendre des d\u00e9cisions sur votre avenir ? Alors le podcast <em>Alumni Stories<\/em> est fait pour vous\u202f: rencontrez des anciens \u00e9tudiants de l&rsquo;Universit\u00e9 du Luxembourg et d\u00e9couvrez leur transition du campus \u00e0 la vie active. La premi\u00e8re saison d\u2019<em>Alumni Stories<\/em> d\u00e9marre le 5 juin avec 12 anciens \u00e9tudiants en sciences humaines.&nbsp;<\/p>\n\n\n\n<p>Chaque jeudi, nos dipl\u00f4m\u00e9s discuteront de leur parcours professionnel, des d\u00e9fis qu&rsquo;ils ont rencontr\u00e9s et des comp\u00e9tences qui les ont aid\u00e9s \u00e0 r\u00e9ussir dans leur vie professionnelle.&nbsp;<\/p>\n\n\n\n<h2 class=\"has-text-align-left wp-block-unilux-blocks-heading\"        id=\"masti-lanimatrice-de-la-1re-saison\"\n    >\n<strong>Masti, l&rsquo;animatrice de la 1<sup>re<\/sup> saison<\/strong>\u00a0<\/h2>\n\n\n\n<p>Derri\u00e8re cette premi\u00e8re saison se tient une personne qui sait exactement ce que c&rsquo;est que d&rsquo;\u00eatre incertain quant \u00e0 son avenir. Lorsqu\u2019elle terminait ses \u00e9tudes en 2022, Masti Shaswar s&rsquo;est beaucoup interrog\u00e9e sur ce qui viendrait ensuite. Elle a transform\u00e9 cette \u00e9preuve en moteur, souhaitant aider et inspirer d&rsquo;autres personnes dans la m\u00eame situation.&nbsp;<\/p>\n\n\n\n<p>Soucieuse de partager des parcours authentiques et des r\u00e9flexions sinc\u00e8res, elle invite des anciens \u00e9l\u00e8ves \u00e0 parler de leurs exp\u00e9riences, de leurs choix et de parcours inattendus. Son objectif ? Rappeler aux \u00e9tudiants et dipl\u00f4m\u00e9s qu&rsquo;il n&rsquo;y a rien de mal \u00e0 ne pas avoir tout pr\u00e9vu. Il n&rsquo;y a pas de calendrier id\u00e9al, seulement le v\u00f4tre.&nbsp;<\/p>\n\n\n\n<section class=\"wp-block-unilux-blocks-quote-people\">\n    <div class=\"quote-people\" role=\"group\">\n        <figure class=\"quote-people__body\">\n            <blockquote class=\"quote-people__blockquote\">\n    <span class=\"quote-people__quote\">\u201f<\/span>\n    \u00ab Apr\u00e8s avoir termin\u00e9 mes \u00e9tudes, je me posais beaucoup de questions, mais je n&rsquo;arrivais pas \u00e0 mettre le doigt sur ce que j\u2019allais faire. Avoir acc\u00e8s \u00e0 un podcast comme celui-ci m&rsquo;aurait beaucoup aid\u00e9e \u00e0 l&rsquo;\u00e9poque. \u00bb\u201d\n<\/blockquote>\n<div class=\"wp-block-unilux-blocks-wrapper quote-people__figcaption\">\n<p class=\"quote-people__author wp-block-unilux-blocks-plain-text\">Masti Shaswar, animatrice de la saison 1<\/p><\/div>\n        <\/figure>\n    <\/div>\n<\/section>\n\n\n<div class=\"wp-block-columns is-layout-flex wp-block-columns-is-layout-flex\">\n<div class=\"wp-block-column is-vertically-aligned-center is-layout-flow wp-block-column-is-layout-flow\" style=\"flex-basis:33.33%\"><figure class=\"wp-block-dev4-reusable-blocks-image  object-fit--cover\">\n    \n<img decoding=\"async\" class=\"wp-block-image unilux-custom-image-block\"\n                alt=\"\"\n            src=\"https:\/\/www.uni.lu\/wp-content\/uploads\/sites\/16\/2025\/06\/05141846\/masti.png\"\n                srcset=\"https:\/\/www.uni.lu\/wp-content\/uploads\/sites\/16\/2025\/06\/05141846\/masti-300x243.png 300w, https:\/\/www.uni.lu\/wp-content\/uploads\/sites\/16\/2025\/06\/05141846\/masti-768x623.png 768w, https:\/\/www.uni.lu\/wp-content\/uploads\/sites\/16\/2025\/06\/05141846\/masti.png 984w\"\n                style=\"object-position: 18.00% 62.00%; font-family: &quot;object-fit: cover; object-position: 18.00% 62.00%;&quot;; aspect-ratio: 1\/1; object-fit: cover; width: 100%;\"\n        loading=\"lazy\"\n\/>            <p class=\"wp-block-dev4-reusable-blocks-image-caption\">\n            Masti Shaswar\u00a0        <\/p>\n    <\/figure><\/div>\n\n\n\n<div class=\"wp-block-column is-vertically-aligned-center is-layout-flow wp-block-column-is-layout-flow\" style=\"flex-basis:66.66%\">\n<p>Le podcast <em>Alumni Stories<\/em> s&rsquo;adresse \u00e0 tous ceux qui vont franchir une nouvelle \u00e9tape dans leur vie et ont besoin d&rsquo;inspiration. \u00ab <em>Nous voulons vraiment aider les jeunes \u00e9tudiants qui sont ind\u00e9cis et ne savent pas quelle orientation universitaire choisir<\/em> \u00bb, poursuit Masti. \u00ab <em>Apr\u00e8s avoir termin\u00e9 mes \u00e9tudes, je me demandais ce que je pouvais faire, mais je n&rsquo;arrivais pas \u00e0 me d\u00e9cider. Avoir acc\u00e8s \u00e0 un podcast comme celui-ci m&rsquo;aurait beaucoup aid\u00e9 \u00e0 l&rsquo;\u00e9poque. Nous aimerions partager avec les \u00e9tudiants les exp\u00e9riences et les connaissances de nos anciens \u00e9l\u00e8ves. Qui pourrait mieux conna\u00eetre le syst\u00e8me que ceux qui l&rsquo;ont v\u00e9cu et qui sont maintenant heureux d&rsquo;aider les autres en expliquant comment ils ont compris certaines choses ou surmont\u00e9 certaines situations ?<\/em> \u00bb&nbsp;<\/p>\n<\/div>\n<\/div>\n\n\n\n<div class=\"wp-block-columns is-layout-flex wp-block-columns-is-layout-flex\">\n<div class=\"wp-block-column is-layout-flow wp-block-column-is-layout-flow\">\n<h2 class=\"has-text-align-left wp-block-unilux-blocks-heading\"        id=\"vous-pourrez-etre-notre-prochain-invite\"\n    >\nVous pourrez \u00eatre notre prochain invit\u00e9<\/h2>\n\n\n\n<p>Vous avez \u00e9tudi\u00e9 \u00e0 l&rsquo;Universit\u00e9 du Luxembourg et vous aimeriez partager votre parcours dans la prochaine saison <em>d&rsquo;Alumni Stories<\/em> ? Rendez-vous sur la page du podcast et contactez-nous !&nbsp;<\/p>\n\n\n\n<h2 class=\"has-text-align-left wp-block-unilux-blocks-heading\"        id=\"suivez-notre-podcast\"\n    >\nSuivez notre podcast <\/h2>\n\n\n\n<p>Alumni Stories est disponible gratuitement sur toutes les principales plateformes.<\/p>\n\n\n\n<ul class=\"ulux-list\">\n<li class=\"ulux-list-item\"><a href=\"https:\/\/open.spotify.com\/show\/4ERtUz45CwVW5mv8HNjV3e\">Spotify<\/a><\/li>\n\n\n\n<li class=\"ulux-list-item\"><a href=\"https:\/\/podcasts.apple.com\/us\/podcast\/alumni-stories\/id1818108681\">Apple Podcasts<\/a><\/li>\n\n\n\n<li class=\"ulux-list-item\"><a href=\"https:\/\/www.deezer.com\/fr\/show\/1001932791\">Deezer<\/a><\/li>\n<\/ul>\n\n\n\n<p>Abonnez-vous pour ne manquer aucun \u00e9piside ! <\/p>\n\n\n\n<ul class=\"wp-block-unilux-blocks-custom-buttons btn-list\"><li class=\"wp-block-unilux-blocks-custom-button\"    aria-disabled=\"false\"\n    >\n    <a\n        role=\"link\"\n        aria-disabled=\"false\"\n                    href=\"https:\/\/www.uni.lu\/fhse-en\/alumni-stories\/\"\n                target=\"_self\"\n        class=\"btn btn--primary\"\n            >Visiter alumnistories.uni.lu<\/a>\n<\/li>\n<\/ul>\n<\/div>\n\n\n\n<div class=\"wp-block-column is-layout-flow wp-block-column-is-layout-flow\"><figure class=\"wp-block-dev4-reusable-blocks-image  object-fit--cover\">\n    \n<img decoding=\"async\" class=\"wp-block-image unilux-custom-image-block\"\n                alt=\"\"\n            src=\"https:\/\/www.uni.lu\/wp-content\/uploads\/sites\/16\/2025\/06\/05145246\/Crop-to-cover.jpg\"\n                srcset=\"https:\/\/www.uni.lu\/wp-content\/uploads\/sites\/16\/2025\/06\/05145246\/Crop-to-cover-200x300.jpg 200w, https:\/\/www.uni.lu\/wp-content\/uploads\/sites\/16\/2025\/06\/05145246\/Crop-to-cover-683x1024.jpg 683w, https:\/\/www.uni.lu\/wp-content\/uploads\/sites\/16\/2025\/06\/05145246\/Crop-to-cover-768x1152.jpg 768w, https:\/\/www.uni.lu\/wp-content\/uploads\/sites\/16\/2025\/06\/05145246\/Crop-to-cover-1024x1536.jpg 1024w, https:\/\/www.uni.lu\/wp-content\/uploads\/sites\/16\/2025\/06\/05145246\/Crop-to-cover-1366x2048.jpg 1366w, https:\/\/www.uni.lu\/wp-content\/uploads\/sites\/16\/2025\/06\/05145246\/Crop-to-cover.jpg 1707w\"\n                style=\"object-position: 50.00% 50.00%; font-family: &quot;object-fit: cover; object-position: 50.00% 50.00%;&quot;; aspect-ratio: 3\/4; object-fit: cover; width: 100%;\"\n        loading=\"lazy\"\n\/>    <\/figure><\/div>\n<\/div>\n<\/div><\/section>\n","protected":false},"excerpt":{"rendered":"","protected":false},"author":126,"featured_media":4657,"template":"","format":"standard","meta":{"featured_image_focal_point":[],"show_featured_caption":false,"ulux_newsletter_groups":"","uluxPostTitle":"","uluxPrePostTitle":"","_trash_the_other_posts":false,"_price":"","_stock":"","_tribe_ticket_header":"","_tribe_default_ticket_provider":"","_tribe_ticket_capacity":"0","_ticket_start_date":"","_ticket_end_date":"","_tribe_ticket_show_description":"","_tribe_ticket_show_not_going":false,"_tribe_ticket_use_global_stock":"","_tribe_ticket_global_stock_level":"","_global_stock_mode":"","_global_stock_cap":"","_tribe_rsvp_for_event":"","_tribe_ticket_going_count":"","_tribe_ticket_not_going_count":"","_tribe_tickets_list":"[]","_tribe_ticket_has_attendee_info_fields":false},"news-category":[4],"news-topic":[],"organisation":[146],"authorship":[126],"acf":[],"yoast_head":"<!-- This site is optimized with the Yoast SEO Premium plugin v22.3 (Yoast SEO v22.3) - https:\/\/yoast.com\/wordpress\/plugins\/seo\/ -->\n<title>Uni.lu lance son podcast des alumni ! - FHSE actualit\u00e9s I Universit\u00e9 du Luxembourg<\/title>\n<meta name=\"description\" content=\"Vous \u00eates en qu\u00eate d&#039;inspiration pour prendre des d\u00e9cisions sur votre avenir ? Alors le podcast Alumni Stories est fait pour vous\u202f: rencontrez des anciens\" \/>\n<meta name=\"robots\" content=\"index, follow, max-snippet:-1, max-image-preview:large, max-video-preview:-1\" \/>\n<link rel=\"canonical\" href=\"https:\/\/www.uni.lu\/fhse-fr\/news\/uni-lu-lance-son-podcast-des-alumni\/\" \/>\n<meta property=\"og:locale\" content=\"fr_FR\" \/>\n<meta property=\"og:type\" content=\"article\" \/>\n<meta property=\"og:title\" content=\"Uni.lu lance son podcast des alumni !\" \/>\n<meta property=\"og:description\" content=\"Vous \u00eates en qu\u00eate d&#039;inspiration pour prendre des d\u00e9cisions sur votre avenir ? Alors le podcast Alumni Stories est fait pour vous\u202f: rencontrez des anciens\" \/>\n<meta property=\"og:url\" content=\"https:\/\/www.uni.lu\/fhse-fr\/news\/uni-lu-lance-son-podcast-des-alumni\/\" \/>\n<meta property=\"og:site_name\" content=\"FHSE FR\" \/>\n<meta property=\"article:modified_time\" content=\"2025-06-05T12:53:50+00:00\" \/>\n<meta property=\"og:image\" content=\"https:\/\/www.uni.lu\/wp-content\/uploads\/sites\/16\/2025\/06\/05142556\/Alumnistories-Cover_long_web-scaled-1.jpg\" \/>\n\t<meta property=\"og:image:width\" content=\"2560\" \/>\n\t<meta property=\"og:image:height\" content=\"1656\" \/>\n\t<meta property=\"og:image:type\" content=\"image\/jpeg\" \/>\n<meta name=\"twitter:card\" content=\"summary_large_image\" \/>\n<meta name=\"twitter:label1\" content=\"Dur\u00e9e de lecture estim\u00e9e\" \/>\n\t<meta name=\"twitter:data1\" content=\"3 minutes\" \/>\n<script type=\"application\/ld+json\" class=\"yoast-schema-graph\">{\"@context\":\"https:\/\/schema.org\",\"@graph\":[{\"@type\":\"NewsArticle\",\"@id\":\"https:\/\/www.uni.lu\/fhse-fr\/news\/uni-lu-lance-son-podcast-des-alumni\/#article\",\"isPartOf\":{\"@id\":\"https:\/\/www.uni.lu\/fhse-fr\/news\/uni-lu-lance-son-podcast-des-alumni\/\"},\"author\":{\"name\":\"arianehenry\",\"@id\":\"https:\/\/www.uni.lu\/fhse-fr\/#\/schema\/person\/50dac366965fc35b0dde6e8a18162560\"},\"headline\":\"Uni.lu lance son podcast des alumni !\",\"datePublished\":\"2025-06-05T12:26:34+00:00\",\"dateModified\":\"2025-06-05T12:53:50+00:00\",\"mainEntityOfPage\":{\"@id\":\"https:\/\/www.uni.lu\/fhse-fr\/news\/uni-lu-lance-son-podcast-des-alumni\/\"},\"wordCount\":413,\"publisher\":{\"@id\":\"https:\/\/www.uni.lu\/fhse-fr\/#organization\"},\"image\":{\"@id\":\"https:\/\/www.uni.lu\/fhse-fr\/news\/uni-lu-lance-son-podcast-des-alumni\/#primaryimage\"},\"thumbnailUrl\":\"https:\/\/www.uni.lu\/wp-content\/uploads\/sites\/16\/2025\/06\/05142556\/Alumnistories-Cover_long_web-scaled-1.jpg\",\"inLanguage\":\"fr-FR\"},{\"@type\":\"WebPage\",\"@id\":\"https:\/\/www.uni.lu\/fhse-fr\/news\/uni-lu-lance-son-podcast-des-alumni\/\",\"url\":\"https:\/\/www.uni.lu\/fhse-fr\/news\/uni-lu-lance-son-podcast-des-alumni\/\",\"name\":\"Uni.lu lance son podcast des alumni ! - FHSE actualit\u00e9s I Universit\u00e9 du Luxembourg\",\"isPartOf\":{\"@id\":\"https:\/\/www.uni.lu\/fhse-fr\/#website\"},\"primaryImageOfPage\":{\"@id\":\"https:\/\/www.uni.lu\/fhse-fr\/news\/uni-lu-lance-son-podcast-des-alumni\/#primaryimage\"},\"image\":{\"@id\":\"https:\/\/www.uni.lu\/fhse-fr\/news\/uni-lu-lance-son-podcast-des-alumni\/#primaryimage\"},\"thumbnailUrl\":\"https:\/\/www.uni.lu\/wp-content\/uploads\/sites\/16\/2025\/06\/05142556\/Alumnistories-Cover_long_web-scaled-1.jpg\",\"datePublished\":\"2025-06-05T12:26:34+00:00\",\"dateModified\":\"2025-06-05T12:53:50+00:00\",\"description\":\"Vous \u00eates en qu\u00eate d'inspiration pour prendre des d\u00e9cisions sur votre avenir ? Alors le podcast Alumni Stories est fait pour vous\u202f: rencontrez des anciens\",\"breadcrumb\":{\"@id\":\"https:\/\/www.uni.lu\/fhse-fr\/news\/uni-lu-lance-son-podcast-des-alumni\/#breadcrumb\"},\"inLanguage\":\"fr-FR\",\"potentialAction\":[{\"@type\":\"ReadAction\",\"target\":[\"https:\/\/www.uni.lu\/fhse-fr\/news\/uni-lu-lance-son-podcast-des-alumni\/\"]}]},{\"@type\":\"ImageObject\",\"inLanguage\":\"fr-FR\",\"@id\":\"https:\/\/www.uni.lu\/fhse-fr\/news\/uni-lu-lance-son-podcast-des-alumni\/#primaryimage\",\"url\":\"https:\/\/www.uni.lu\/wp-content\/uploads\/sites\/16\/2025\/06\/05142556\/Alumnistories-Cover_long_web-scaled-1.jpg\",\"contentUrl\":\"https:\/\/www.uni.lu\/wp-content\/uploads\/sites\/16\/2025\/06\/05142556\/Alumnistories-Cover_long_web-scaled-1.jpg\",\"width\":2560,\"height\":1656},{\"@type\":\"BreadcrumbList\",\"@id\":\"https:\/\/www.uni.lu\/fhse-fr\/news\/uni-lu-lance-son-podcast-des-alumni\/#breadcrumb\",\"itemListElement\":[{\"@type\":\"ListItem\",\"position\":1,\"name\":\"Home\",\"item\":\"https:\/\/www.uni.lu\/fr\"},{\"@type\":\"ListItem\",\"position\":2,\"name\":\"Facult\u00e9 des Sciences Humaines, des Sciences de l\u2019\u00c9ducation et des Sciences Sociales\u200b\",\"item\":\"https:\/\/www.uni.lu\/fhse-fr\/\"},{\"@type\":\"ListItem\",\"position\":3,\"name\":\"News\",\"item\":\"https:\/\/www.uni.lu\/fhse-fr\/news\/\"},{\"@type\":\"ListItem\",\"position\":4,\"name\":\"Uni.lu lance son podcast des alumni !\"}]},{\"@type\":\"WebSite\",\"@id\":\"https:\/\/www.uni.lu\/fhse-fr\/#website\",\"url\":\"https:\/\/www.uni.lu\/fhse-fr\/\",\"name\":\"FHSE\",\"description\":\"Facult\u00e9 des Sciences Humaines, des Sciences de l\u2019\u00c9ducation et des Sciences Sociales\u200b I Uni.lu\",\"publisher\":{\"@id\":\"https:\/\/www.uni.lu\/fhse-fr\/#organization\"},\"alternateName\":\"Facult\u00e9 des Sciences Humaines, des Sciences de l\u2019\u00c9ducation et des Sciences Sociales\u200b I Universit\u00e9 du Luxembourg\",\"potentialAction\":[{\"@type\":\"SearchAction\",\"target\":{\"@type\":\"EntryPoint\",\"urlTemplate\":\"https:\/\/www.uni.lu\/fhse-fr\/?s={search_term_string}\"},\"query-input\":\"required name=search_term_string\"}],\"inLanguage\":\"fr-FR\"},{\"@type\":\"Organization\",\"@id\":\"https:\/\/www.uni.lu\/fhse-fr\/#organization\",\"name\":\"FHSE - Universit\u00e9 du Luxembourg I Uni.lu\",\"alternateName\":\"Facult\u00e9 des Sciences Humaines, des Sciences de l\u2019\u00c9ducation et des Sciences Sociales\u200b\",\"url\":\"https:\/\/www.uni.lu\/fhse-fr\/\",\"logo\":{\"@type\":\"ImageObject\",\"inLanguage\":\"fr-FR\",\"@id\":\"https:\/\/www.uni.lu\/fhse-fr\/#\/schema\/logo\/image\/\",\"url\":\"https:\/\/www.uni.lu\/wp-content\/uploads\/sites\/16\/2026\/03\/03112325\/FHSE_SM-Profile_1600x1600px-scaled.jpg\",\"contentUrl\":\"https:\/\/www.uni.lu\/wp-content\/uploads\/sites\/16\/2026\/03\/03112325\/FHSE_SM-Profile_1600x1600px-scaled.jpg\",\"width\":2560,\"height\":2560,\"caption\":\"FHSE - Universit\u00e9 du Luxembourg I Uni.lu\"},\"image\":\"https:\/\/www.uni.lu\/wp-content\/uploads\/sites\/16\/2026\/04\/24144331\/20200609-Belval-Campus_Henri-Goergen-23.jpg\",\"sameAs\":[\"https:\/\/humanities.uni.lu\/\"],\"email\":\"communication@uni.lu\",\"telephone\":\"+3524666441\",\"address\":{\"@type\":\"PostalAddress\",\"streetAddress\":\"11, Porte des Sciences\",\"addressLocality\":\"Esch-sur-Alzette\",\"postalCode\":\"4365\",\"addressCountry\":\"LU\"},\"description\":\"Facult\u00e9 des Sciences Humaines, des Sciences de l\u2019\u00c9ducation et des Sciences Sociales\u200b I Uni.lu\"},{\"@type\":\"Person\",\"@id\":\"https:\/\/www.uni.lu\/fhse-fr\/#\/schema\/person\/50dac366965fc35b0dde6e8a18162560\",\"name\":\"arianehenry\",\"image\":{\"@type\":\"ImageObject\",\"inLanguage\":\"fr-FR\",\"@id\":\"https:\/\/www.uni.lu\/fhse-fr\/#\/schema\/person\/image\/\",\"url\":\"https:\/\/secure.gravatar.com\/avatar\/e55b62daeed975e86d45b47f53bc22c9?s=96&d=mm&r=g\",\"contentUrl\":\"https:\/\/secure.gravatar.com\/avatar\/e55b62daeed975e86d45b47f53bc22c9?s=96&d=mm&r=g\",\"caption\":\"arianehenry\"}}]}<\/script>\n<!-- \/ Yoast SEO Premium plugin. -->","yoast_head_json":{"title":"Uni.lu lance son podcast des alumni ! - FHSE actualit\u00e9s I Universit\u00e9 du Luxembourg","description":"Vous \u00eates en qu\u00eate d'inspiration pour prendre des d\u00e9cisions sur votre avenir ? Alors le podcast Alumni Stories est fait pour vous\u202f: rencontrez des anciens","robots":{"index":"index","follow":"follow","max-snippet":"max-snippet:-1","max-image-preview":"max-image-preview:large","max-video-preview":"max-video-preview:-1"},"canonical":"https:\/\/www.uni.lu\/fhse-fr\/news\/uni-lu-lance-son-podcast-des-alumni\/","og_locale":"fr_FR","og_type":"article","og_title":"Uni.lu lance son podcast des alumni !","og_description":"Vous \u00eates en qu\u00eate d'inspiration pour prendre des d\u00e9cisions sur votre avenir ? Alors le podcast Alumni Stories est fait pour vous\u202f: rencontrez des anciens","og_url":"https:\/\/www.uni.lu\/fhse-fr\/news\/uni-lu-lance-son-podcast-des-alumni\/","og_site_name":"FHSE FR","article_modified_time":"2025-06-05T12:53:50+00:00","og_image":[{"width":2560,"height":1656,"url":"https:\/\/www.uni.lu\/wp-content\/uploads\/sites\/16\/2025\/06\/05142556\/Alumnistories-Cover_long_web-scaled-1.jpg","type":"image\/jpeg"}],"twitter_card":"summary_large_image","twitter_misc":{"Dur\u00e9e de lecture estim\u00e9e":"3 minutes"},"schema":{"@context":"https:\/\/schema.org","@graph":[{"@type":"NewsArticle","@id":"https:\/\/www.uni.lu\/fhse-fr\/news\/uni-lu-lance-son-podcast-des-alumni\/#article","isPartOf":{"@id":"https:\/\/www.uni.lu\/fhse-fr\/news\/uni-lu-lance-son-podcast-des-alumni\/"},"author":{"name":"arianehenry","@id":"https:\/\/www.uni.lu\/fhse-fr\/#\/schema\/person\/50dac366965fc35b0dde6e8a18162560"},"headline":"Uni.lu lance son podcast des alumni !","datePublished":"2025-06-05T12:26:34+00:00","dateModified":"2025-06-05T12:53:50+00:00","mainEntityOfPage":{"@id":"https:\/\/www.uni.lu\/fhse-fr\/news\/uni-lu-lance-son-podcast-des-alumni\/"},"wordCount":413,"publisher":{"@id":"https:\/\/www.uni.lu\/fhse-fr\/#organization"},"image":{"@id":"https:\/\/www.uni.lu\/fhse-fr\/news\/uni-lu-lance-son-podcast-des-alumni\/#primaryimage"},"thumbnailUrl":"https:\/\/www.uni.lu\/wp-content\/uploads\/sites\/16\/2025\/06\/05142556\/Alumnistories-Cover_long_web-scaled-1.jpg","inLanguage":"fr-FR"},{"@type":"WebPage","@id":"https:\/\/www.uni.lu\/fhse-fr\/news\/uni-lu-lance-son-podcast-des-alumni\/","url":"https:\/\/www.uni.lu\/fhse-fr\/news\/uni-lu-lance-son-podcast-des-alumni\/","name":"Uni.lu lance son podcast des alumni ! - FHSE actualit\u00e9s I Universit\u00e9 du Luxembourg","isPartOf":{"@id":"https:\/\/www.uni.lu\/fhse-fr\/#website"},"primaryImageOfPage":{"@id":"https:\/\/www.uni.lu\/fhse-fr\/news\/uni-lu-lance-son-podcast-des-alumni\/#primaryimage"},"image":{"@id":"https:\/\/www.uni.lu\/fhse-fr\/news\/uni-lu-lance-son-podcast-des-alumni\/#primaryimage"},"thumbnailUrl":"https:\/\/www.uni.lu\/wp-content\/uploads\/sites\/16\/2025\/06\/05142556\/Alumnistories-Cover_long_web-scaled-1.jpg","datePublished":"2025-06-05T12:26:34+00:00","dateModified":"2025-06-05T12:53:50+00:00","description":"Vous \u00eates en qu\u00eate d'inspiration pour prendre des d\u00e9cisions sur votre avenir ? Alors le podcast Alumni Stories est fait pour vous\u202f: rencontrez des anciens","breadcrumb":{"@id":"https:\/\/www.uni.lu\/fhse-fr\/news\/uni-lu-lance-son-podcast-des-alumni\/#breadcrumb"},"inLanguage":"fr-FR","potentialAction":[{"@type":"ReadAction","target":["https:\/\/www.uni.lu\/fhse-fr\/news\/uni-lu-lance-son-podcast-des-alumni\/"]}]},{"@type":"ImageObject","inLanguage":"fr-FR","@id":"https:\/\/www.uni.lu\/fhse-fr\/news\/uni-lu-lance-son-podcast-des-alumni\/#primaryimage","url":"https:\/\/www.uni.lu\/wp-content\/uploads\/sites\/16\/2025\/06\/05142556\/Alumnistories-Cover_long_web-scaled-1.jpg","contentUrl":"https:\/\/www.uni.lu\/wp-content\/uploads\/sites\/16\/2025\/06\/05142556\/Alumnistories-Cover_long_web-scaled-1.jpg","width":2560,"height":1656},{"@type":"BreadcrumbList","@id":"https:\/\/www.uni.lu\/fhse-fr\/news\/uni-lu-lance-son-podcast-des-alumni\/#breadcrumb","itemListElement":[{"@type":"ListItem","position":1,"name":"Home","item":"https:\/\/www.uni.lu\/fr"},{"@type":"ListItem","position":2,"name":"Facult\u00e9 des Sciences Humaines, des Sciences de l\u2019\u00c9ducation et des Sciences Sociales\u200b","item":"https:\/\/www.uni.lu\/fhse-fr\/"},{"@type":"ListItem","position":3,"name":"News","item":"https:\/\/www.uni.lu\/fhse-fr\/news\/"},{"@type":"ListItem","position":4,"name":"Uni.lu lance son podcast des alumni !"}]},{"@type":"WebSite","@id":"https:\/\/www.uni.lu\/fhse-fr\/#website","url":"https:\/\/www.uni.lu\/fhse-fr\/","name":"FHSE","description":"Facult\u00e9 des Sciences Humaines, des Sciences de l\u2019\u00c9ducation et des Sciences Sociales\u200b I Uni.lu","publisher":{"@id":"https:\/\/www.uni.lu\/fhse-fr\/#organization"},"alternateName":"Facult\u00e9 des Sciences Humaines, des Sciences de l\u2019\u00c9ducation et des Sciences Sociales\u200b I Universit\u00e9 du Luxembourg","potentialAction":[{"@type":"SearchAction","target":{"@type":"EntryPoint","urlTemplate":"https:\/\/www.uni.lu\/fhse-fr\/?s={search_term_string}"},"query-input":"required name=search_term_string"}],"inLanguage":"fr-FR"},{"@type":"Organization","@id":"https:\/\/www.uni.lu\/fhse-fr\/#organization","name":"FHSE - Universit\u00e9 du Luxembourg I Uni.lu","alternateName":"Facult\u00e9 des Sciences Humaines, des Sciences de l\u2019\u00c9ducation et des Sciences Sociales\u200b","url":"https:\/\/www.uni.lu\/fhse-fr\/","logo":{"@type":"ImageObject","inLanguage":"fr-FR","@id":"https:\/\/www.uni.lu\/fhse-fr\/#\/schema\/logo\/image\/","url":"https:\/\/www.uni.lu\/wp-content\/uploads\/sites\/16\/2026\/03\/03112325\/FHSE_SM-Profile_1600x1600px-scaled.jpg","contentUrl":"https:\/\/www.uni.lu\/wp-content\/uploads\/sites\/16\/2026\/03\/03112325\/FHSE_SM-Profile_1600x1600px-scaled.jpg","width":2560,"height":2560,"caption":"FHSE - Universit\u00e9 du Luxembourg I Uni.lu"},"image":"https:\/\/www.uni.lu\/wp-content\/uploads\/sites\/16\/2026\/04\/24144331\/20200609-Belval-Campus_Henri-Goergen-23.jpg","sameAs":["https:\/\/humanities.uni.lu\/"],"email":"communication@uni.lu","telephone":"+3524666441","address":{"@type":"PostalAddress","streetAddress":"11, Porte des Sciences","addressLocality":"Esch-sur-Alzette","postalCode":"4365","addressCountry":"LU"},"description":"Facult\u00e9 des Sciences Humaines, des Sciences de l\u2019\u00c9ducation et des Sciences Sociales\u200b I Uni.lu"},{"@type":"Person","@id":"https:\/\/www.uni.lu\/fhse-fr\/#\/schema\/person\/50dac366965fc35b0dde6e8a18162560","name":"arianehenry","image":{"@type":"ImageObject","inLanguage":"fr-FR","@id":"https:\/\/www.uni.lu\/fhse-fr\/#\/schema\/person\/image\/","url":"https:\/\/secure.gravatar.com\/avatar\/e55b62daeed975e86d45b47f53bc22c9?s=96&d=mm&r=g","contentUrl":"https:\/\/secure.gravatar.com\/avatar\/e55b62daeed975e86d45b47f53bc22c9?s=96&d=mm&r=g","caption":"arianehenry"}}]}},"blog_id":16,"_links":{"self":[{"href":"https:\/\/www.uni.lu\/fhse-fr\/wp-json\/wp\/v2\/news\/4649"}],"collection":[{"href":"https:\/\/www.uni.lu\/fhse-fr\/wp-json\/wp\/v2\/news"}],"about":[{"href":"https:\/\/www.uni.lu\/fhse-fr\/wp-json\/wp\/v2\/types\/news"}],"author":[{"embeddable":true,"href":"https:\/\/www.uni.lu\/fhse-fr\/wp-json\/wp\/v2\/users\/126"}],"version-history":[{"count":5,"href":"https:\/\/www.uni.lu\/fhse-fr\/wp-json\/wp\/v2\/news\/4649\/revisions"}],"predecessor-version":[{"id":4667,"href":"https:\/\/www.uni.lu\/fhse-fr\/wp-json\/wp\/v2\/news\/4649\/revisions\/4667"}],"wp:authorship":[{"embeddable":true,"href":"https:\/\/www.uni.lu\/fhse-fr\/wp-json\/wp\/v2\/users\/126"}],"wp:featuredmedia":[{"embeddable":true,"href":"https:\/\/www.uni.lu\/fhse-fr\/wp-json\/wp\/v2\/media\/4657"}],"wp:attachment":[{"href":"https:\/\/www.uni.lu\/fhse-fr\/wp-json\/wp\/v2\/media?parent=4649"}],"wp:term":[{"taxonomy":"news-category","embeddable":true,"href":"https:\/\/www.uni.lu\/fhse-fr\/wp-json\/wp\/v2\/news-category?post=4649"},{"taxonomy":"news-topic","embeddable":true,"href":"https:\/\/www.uni.lu\/fhse-fr\/wp-json\/wp\/v2\/news-topic?post=4649"},{"taxonomy":"organisation","embeddable":true,"href":"https:\/\/www.uni.lu\/fhse-fr\/wp-json\/wp\/v2\/organisation?post=4649"}],"curies":[{"name":"wp","href":"https:\/\/api.w.org\/{rel}","templated":true}]}}