{"id":463,"date":"2021-12-06T09:14:02","date_gmt":"2021-12-06T09:14:02","guid":{"rendered":"https:\/\/website.prod.unilu.spikeseed.cloud\/fhse-fr\/news\/neuerscheinung-gesundheit-als-metapher\/"},"modified":"2021-12-06T09:14:02","modified_gmt":"2021-12-06T09:14:02","slug":"neuerscheinung-gesundheit-als-metapher","status":"publish","type":"news","link":"https:\/\/www.uni.lu\/fhse-fr\/news\/neuerscheinung-gesundheit-als-metapher\/","title":{"rendered":"Neuerscheinung: Gesundheit als Metapher"},"content":{"rendered":"<section class=\"wp-block-unilux-blocks-free-section section\"><div class=\"container xl:max-w-screen-xl\"><p>In den Human- und Geisteswissenschaften stand in den letzten Jahren vor allem die Erforschung des Begriffs \u201aKrankheit\u2018 im Fokus. Inzwischen ist auch der Gesundheitsbegriff als eigenst\u00e4ndige Reflexionsfolie in das Blickfeld der wissenschaftlichen Forschung geraten, Bezugnahmen auf seinen metaphorischen Gehalt bleiben jedoch weiterhin die Ausnahme. Dies erstaunt, da Metaphern aus dem semantischen Feld der Gesundheit in der gegenw\u00e4rtigen Alltagskultur zunehmend an Pr\u00e4senz gewinnen.<\/p><p>Der vorliegende Sammelband nimmt die \u00e4sthetisch-kulturellen Dimensionen von \u201aGesundheit\u2018 in den Blick: Die Beitr\u00e4ge reflektieren in diachroner und interdisziplin\u00e4rer Perspektive die Frage, was Menschen zu unterschiedlichen Zeiten unter \u201aGesundheit\u2018 verstanden und mit welchen sprachlichen Bildern sie versucht haben, die semantischen Leerstellen, die der Begriff mit sich f\u00fchrt, zu f\u00fcllen. Der Band vermittelt einen fachlich fundierten Einblick in die Bedeutung und die realit\u00e4tsstiftende Kraft von Gesundheitsmetaphern.<\/p><p>Zur Publikation auf den Verlagsseiten: <a href=\"https:\/\/www.winter-verlag.de\/de\/detail\/978-3-8253-7285-9\/Bendheim_Pavlik_Hg_Gesundheit_als_Metapher_PDF\/\" target=\"_blank\" title=\"\" rel=\"noopener\">Link<\/a><\/p><\/div><\/section>","protected":false},"excerpt":{"rendered":"<p>In den Human- und Geisteswissenschaften stand in den letzten Jahren vor allem die Erforschung des Begriffs \u201aKrankheit\u2018 im Fokus. Inzwischen ist auch der Gesundheitsbegriff als eigenst\u00e4ndige Reflexionsfolie in das Blickfeld der wissenschaftlichen Forschung geraten, Bezugnahmen auf seinen metaphorischen Gehalt bleiben jedoch weiterhin die Ausnahme. Dies erstaunt, da Metaphern aus dem semantischen Feld der Gesundheit in der gegenw\u00e4rtigen Alltagskultur zunehmend an Pr\u00e4senz gewinnen.<\/p>\n","protected":false},"author":0,"featured_media":464,"template":"","format":"standard","meta":{"featured_image_focal_point":[],"show_featured_caption":false,"ulux_newsletter_groups":"","uluxPostTitle":"","uluxPrePostTitle":"","_trash_the_other_posts":false,"_price":"","_stock":"","_tribe_ticket_header":"","_tribe_default_ticket_provider":"","_tribe_ticket_capacity":"0","_ticket_start_date":"","_ticket_end_date":"","_tribe_ticket_show_description":"","_tribe_ticket_show_not_going":false,"_tribe_ticket_use_global_stock":"","_tribe_ticket_global_stock_level":"","_global_stock_mode":"","_global_stock_cap":"","_tribe_rsvp_for_event":"","_tribe_ticket_going_count":"","_tribe_ticket_not_going_count":"","_tribe_tickets_list":"[]","_tribe_ticket_has_attendee_info_fields":false},"news-category":[3],"news-topic":[16],"organisation":[170,171],"authorship":[],"acf":[],"yoast_head":"<!-- This site is optimized with the Yoast SEO Premium plugin v22.3 (Yoast SEO v22.3) - https:\/\/yoast.com\/wordpress\/plugins\/seo\/ -->\n<title>Neuerscheinung: Gesundheit als Metapher - FHSE actualit\u00e9s I Universit\u00e9 du Luxembourg<\/title>\n<meta name=\"description\" content=\"In den Human- und Geisteswissenschaften stand in den letzten Jahren vor allem die Erforschung des Begriffs \u201aKrankheit\u2018 im Fokus. Inzwischen ist auch der Gesundheitsbegriff als eigenst\u00e4ndige Reflexionsfolie in das Blickfeld der wissenschaftlichen Forschung geraten, Bezugnahmen auf seinen metaphorischen Gehalt bleiben jedoch weiterhin die Ausnahme. Dies erstaunt, da Metaphern aus dem semantischen Feld der Gesundheit in der gegenw\u00e4rtigen Alltagskultur zunehmend an Pr\u00e4senz gewinnen.\" \/>\n<meta name=\"robots\" content=\"index, follow, max-snippet:-1, max-image-preview:large, max-video-preview:-1\" \/>\n<link rel=\"canonical\" href=\"https:\/\/www.uni.lu\/fhse-fr\/news\/neuerscheinung-gesundheit-als-metapher\/\" \/>\n<meta property=\"og:locale\" content=\"fr_FR\" \/>\n<meta property=\"og:type\" content=\"article\" \/>\n<meta property=\"og:title\" content=\"Neuerscheinung: Gesundheit als Metapher\" \/>\n<meta property=\"og:description\" content=\"In den Human- und Geisteswissenschaften stand in den letzten Jahren vor allem die Erforschung des Begriffs \u201aKrankheit\u2018 im Fokus. Inzwischen ist auch der Gesundheitsbegriff als eigenst\u00e4ndige Reflexionsfolie in das Blickfeld der wissenschaftlichen Forschung geraten, Bezugnahmen auf seinen metaphorischen Gehalt bleiben jedoch weiterhin die Ausnahme. Dies erstaunt, da Metaphern aus dem semantischen Feld der Gesundheit in der gegenw\u00e4rtigen Alltagskultur zunehmend an Pr\u00e4senz gewinnen.\" \/>\n<meta property=\"og:url\" content=\"https:\/\/www.uni.lu\/fhse-fr\/news\/neuerscheinung-gesundheit-als-metapher\/\" \/>\n<meta property=\"og:site_name\" content=\"FHSE FR\" \/>\n<meta property=\"og:image\" content=\"https:\/\/www.uni.lu\/wp-content\/uploads\/sites\/16\/2021\/12\/neuerscheinung_gesundheit_als_metapher.jpg\" \/>\n\t<meta property=\"og:image:width\" content=\"800\" \/>\n\t<meta property=\"og:image:height\" content=\"600\" \/>\n\t<meta property=\"og:image:type\" content=\"image\/jpeg\" \/>\n<meta name=\"twitter:card\" content=\"summary_large_image\" \/>\n<meta name=\"twitter:label1\" content=\"Dur\u00e9e de lecture estim\u00e9e\" \/>\n\t<meta name=\"twitter:data1\" content=\"1 minute\" \/>\n<script type=\"application\/ld+json\" class=\"yoast-schema-graph\">{\"@context\":\"https:\/\/schema.org\",\"@graph\":[{\"@type\":\"NewsArticle\",\"@id\":\"https:\/\/www.uni.lu\/fhse-fr\/news\/neuerscheinung-gesundheit-als-metapher\/#article\",\"isPartOf\":{\"@id\":\"https:\/\/www.uni.lu\/fhse-fr\/news\/neuerscheinung-gesundheit-als-metapher\/\"},\"author\":{\"name\":\"\",\"@id\":\"\"},\"headline\":\"Neuerscheinung: Gesundheit als Metapher\",\"datePublished\":\"2021-12-06T09:14:02+00:00\",\"dateModified\":\"2021-12-06T09:14:02+00:00\",\"mainEntityOfPage\":{\"@id\":\"https:\/\/www.uni.lu\/fhse-fr\/news\/neuerscheinung-gesundheit-als-metapher\/\"},\"wordCount\":145,\"publisher\":{\"@id\":\"https:\/\/www.uni.lu\/fhse-fr\/#organization\"},\"image\":{\"@id\":\"https:\/\/www.uni.lu\/fhse-fr\/news\/neuerscheinung-gesundheit-als-metapher\/#primaryimage\"},\"thumbnailUrl\":\"https:\/\/www.uni.lu\/wp-content\/uploads\/sites\/16\/2021\/12\/neuerscheinung_gesundheit_als_metapher.jpg\",\"inLanguage\":\"fr-FR\"},{\"@type\":\"WebPage\",\"@id\":\"https:\/\/www.uni.lu\/fhse-fr\/news\/neuerscheinung-gesundheit-als-metapher\/\",\"url\":\"https:\/\/www.uni.lu\/fhse-fr\/news\/neuerscheinung-gesundheit-als-metapher\/\",\"name\":\"Neuerscheinung: Gesundheit als Metapher - FHSE actualit\u00e9s I Universit\u00e9 du Luxembourg\",\"isPartOf\":{\"@id\":\"https:\/\/www.uni.lu\/fhse-fr\/#website\"},\"primaryImageOfPage\":{\"@id\":\"https:\/\/www.uni.lu\/fhse-fr\/news\/neuerscheinung-gesundheit-als-metapher\/#primaryimage\"},\"image\":{\"@id\":\"https:\/\/www.uni.lu\/fhse-fr\/news\/neuerscheinung-gesundheit-als-metapher\/#primaryimage\"},\"thumbnailUrl\":\"https:\/\/www.uni.lu\/wp-content\/uploads\/sites\/16\/2021\/12\/neuerscheinung_gesundheit_als_metapher.jpg\",\"datePublished\":\"2021-12-06T09:14:02+00:00\",\"dateModified\":\"2021-12-06T09:14:02+00:00\",\"description\":\"In den Human- und Geisteswissenschaften stand in den letzten Jahren vor allem die Erforschung des Begriffs \u201aKrankheit\u2018 im Fokus. Inzwischen ist auch der Gesundheitsbegriff als eigenst\u00e4ndige Reflexionsfolie in das Blickfeld der wissenschaftlichen Forschung geraten, Bezugnahmen auf seinen metaphorischen Gehalt bleiben jedoch weiterhin die Ausnahme. Dies erstaunt, da Metaphern aus dem semantischen Feld der Gesundheit in der gegenw\u00e4rtigen Alltagskultur zunehmend an Pr\u00e4senz gewinnen.\",\"breadcrumb\":{\"@id\":\"https:\/\/www.uni.lu\/fhse-fr\/news\/neuerscheinung-gesundheit-als-metapher\/#breadcrumb\"},\"inLanguage\":\"fr-FR\",\"potentialAction\":[{\"@type\":\"ReadAction\",\"target\":[\"https:\/\/www.uni.lu\/fhse-fr\/news\/neuerscheinung-gesundheit-als-metapher\/\"]}]},{\"@type\":\"ImageObject\",\"inLanguage\":\"fr-FR\",\"@id\":\"https:\/\/www.uni.lu\/fhse-fr\/news\/neuerscheinung-gesundheit-als-metapher\/#primaryimage\",\"url\":\"https:\/\/www.uni.lu\/wp-content\/uploads\/sites\/16\/2021\/12\/neuerscheinung_gesundheit_als_metapher.jpg\",\"contentUrl\":\"https:\/\/www.uni.lu\/wp-content\/uploads\/sites\/16\/2021\/12\/neuerscheinung_gesundheit_als_metapher.jpg\",\"width\":800,\"height\":600},{\"@type\":\"BreadcrumbList\",\"@id\":\"https:\/\/www.uni.lu\/fhse-fr\/news\/neuerscheinung-gesundheit-als-metapher\/#breadcrumb\",\"itemListElement\":[{\"@type\":\"ListItem\",\"position\":1,\"name\":\"Home\",\"item\":\"https:\/\/www.uni.lu\/fr\"},{\"@type\":\"ListItem\",\"position\":2,\"name\":\"Facult\u00e9 des Sciences Humaines, des Sciences de l\u2019\u00c9ducation et des Sciences Sociales\u200b\",\"item\":\"https:\/\/www.uni.lu\/fhse-fr\/\"},{\"@type\":\"ListItem\",\"position\":3,\"name\":\"News\",\"item\":\"https:\/\/www.uni.lu\/fhse-fr\/news\/\"},{\"@type\":\"ListItem\",\"position\":4,\"name\":\"Neuerscheinung: Gesundheit als Metapher\"}]},{\"@type\":\"WebSite\",\"@id\":\"https:\/\/www.uni.lu\/fhse-fr\/#website\",\"url\":\"https:\/\/www.uni.lu\/fhse-fr\/\",\"name\":\"FHSE\",\"description\":\"Facult\u00e9 des Sciences Humaines, des Sciences de l\u2019\u00c9ducation et des Sciences Sociales\u200b I Uni.lu\",\"publisher\":{\"@id\":\"https:\/\/www.uni.lu\/fhse-fr\/#organization\"},\"alternateName\":\"Facult\u00e9 des Sciences Humaines, des Sciences de l\u2019\u00c9ducation et des Sciences Sociales\u200b I Universit\u00e9 du Luxembourg\",\"potentialAction\":[{\"@type\":\"SearchAction\",\"target\":{\"@type\":\"EntryPoint\",\"urlTemplate\":\"https:\/\/www.uni.lu\/fhse-fr\/?s={search_term_string}\"},\"query-input\":\"required name=search_term_string\"}],\"inLanguage\":\"fr-FR\"},{\"@type\":\"Organization\",\"@id\":\"https:\/\/www.uni.lu\/fhse-fr\/#organization\",\"name\":\"FHSE - Universit\u00e9 du Luxembourg I Uni.lu\",\"alternateName\":\"Facult\u00e9 des Sciences Humaines, des Sciences de l\u2019\u00c9ducation et des Sciences Sociales\u200b\",\"url\":\"https:\/\/www.uni.lu\/fhse-fr\/\",\"logo\":{\"@type\":\"ImageObject\",\"inLanguage\":\"fr-FR\",\"@id\":\"https:\/\/www.uni.lu\/fhse-fr\/#\/schema\/logo\/image\/\",\"url\":\"https:\/\/www.uni.lu\/wp-content\/uploads\/sites\/16\/2026\/03\/03112325\/FHSE_SM-Profile_1600x1600px-scaled.jpg\",\"contentUrl\":\"https:\/\/www.uni.lu\/wp-content\/uploads\/sites\/16\/2026\/03\/03112325\/FHSE_SM-Profile_1600x1600px-scaled.jpg\",\"width\":2560,\"height\":2560,\"caption\":\"FHSE - Universit\u00e9 du Luxembourg I Uni.lu\"},\"image\":\"https:\/\/www.uni.lu\/wp-content\/uploads\/sites\/16\/2026\/04\/24144331\/20200609-Belval-Campus_Henri-Goergen-23.jpg\",\"sameAs\":[\"https:\/\/humanities.uni.lu\/\"],\"email\":\"communication@uni.lu\",\"telephone\":\"+3524666441\",\"address\":{\"@type\":\"PostalAddress\",\"streetAddress\":\"11, Porte des Sciences\",\"addressLocality\":\"Esch-sur-Alzette\",\"postalCode\":\"4365\",\"addressCountry\":\"LU\"},\"description\":\"Facult\u00e9 des Sciences Humaines, des Sciences de l\u2019\u00c9ducation et des Sciences Sociales\u200b I Uni.lu\"}]}<\/script>\n<!-- \/ Yoast SEO Premium plugin. -->","yoast_head_json":{"title":"Neuerscheinung: Gesundheit als Metapher - FHSE actualit\u00e9s I Universit\u00e9 du Luxembourg","description":"In den Human- und Geisteswissenschaften stand in den letzten Jahren vor allem die Erforschung des Begriffs \u201aKrankheit\u2018 im Fokus. Inzwischen ist auch der Gesundheitsbegriff als eigenst\u00e4ndige Reflexionsfolie in das Blickfeld der wissenschaftlichen Forschung geraten, Bezugnahmen auf seinen metaphorischen Gehalt bleiben jedoch weiterhin die Ausnahme. Dies erstaunt, da Metaphern aus dem semantischen Feld der Gesundheit in der gegenw\u00e4rtigen Alltagskultur zunehmend an Pr\u00e4senz gewinnen.","robots":{"index":"index","follow":"follow","max-snippet":"max-snippet:-1","max-image-preview":"max-image-preview:large","max-video-preview":"max-video-preview:-1"},"canonical":"https:\/\/www.uni.lu\/fhse-fr\/news\/neuerscheinung-gesundheit-als-metapher\/","og_locale":"fr_FR","og_type":"article","og_title":"Neuerscheinung: Gesundheit als Metapher","og_description":"In den Human- und Geisteswissenschaften stand in den letzten Jahren vor allem die Erforschung des Begriffs \u201aKrankheit\u2018 im Fokus. Inzwischen ist auch der Gesundheitsbegriff als eigenst\u00e4ndige Reflexionsfolie in das Blickfeld der wissenschaftlichen Forschung geraten, Bezugnahmen auf seinen metaphorischen Gehalt bleiben jedoch weiterhin die Ausnahme. Dies erstaunt, da Metaphern aus dem semantischen Feld der Gesundheit in der gegenw\u00e4rtigen Alltagskultur zunehmend an Pr\u00e4senz gewinnen.","og_url":"https:\/\/www.uni.lu\/fhse-fr\/news\/neuerscheinung-gesundheit-als-metapher\/","og_site_name":"FHSE FR","og_image":[{"width":800,"height":600,"url":"https:\/\/www.uni.lu\/wp-content\/uploads\/sites\/16\/2021\/12\/neuerscheinung_gesundheit_als_metapher.jpg","type":"image\/jpeg"}],"twitter_card":"summary_large_image","twitter_misc":{"Dur\u00e9e de lecture estim\u00e9e":"1 minute"},"schema":{"@context":"https:\/\/schema.org","@graph":[{"@type":"NewsArticle","@id":"https:\/\/www.uni.lu\/fhse-fr\/news\/neuerscheinung-gesundheit-als-metapher\/#article","isPartOf":{"@id":"https:\/\/www.uni.lu\/fhse-fr\/news\/neuerscheinung-gesundheit-als-metapher\/"},"author":{"name":"","@id":""},"headline":"Neuerscheinung: Gesundheit als Metapher","datePublished":"2021-12-06T09:14:02+00:00","dateModified":"2021-12-06T09:14:02+00:00","mainEntityOfPage":{"@id":"https:\/\/www.uni.lu\/fhse-fr\/news\/neuerscheinung-gesundheit-als-metapher\/"},"wordCount":145,"publisher":{"@id":"https:\/\/www.uni.lu\/fhse-fr\/#organization"},"image":{"@id":"https:\/\/www.uni.lu\/fhse-fr\/news\/neuerscheinung-gesundheit-als-metapher\/#primaryimage"},"thumbnailUrl":"https:\/\/www.uni.lu\/wp-content\/uploads\/sites\/16\/2021\/12\/neuerscheinung_gesundheit_als_metapher.jpg","inLanguage":"fr-FR"},{"@type":"WebPage","@id":"https:\/\/www.uni.lu\/fhse-fr\/news\/neuerscheinung-gesundheit-als-metapher\/","url":"https:\/\/www.uni.lu\/fhse-fr\/news\/neuerscheinung-gesundheit-als-metapher\/","name":"Neuerscheinung: Gesundheit als Metapher - FHSE actualit\u00e9s I Universit\u00e9 du Luxembourg","isPartOf":{"@id":"https:\/\/www.uni.lu\/fhse-fr\/#website"},"primaryImageOfPage":{"@id":"https:\/\/www.uni.lu\/fhse-fr\/news\/neuerscheinung-gesundheit-als-metapher\/#primaryimage"},"image":{"@id":"https:\/\/www.uni.lu\/fhse-fr\/news\/neuerscheinung-gesundheit-als-metapher\/#primaryimage"},"thumbnailUrl":"https:\/\/www.uni.lu\/wp-content\/uploads\/sites\/16\/2021\/12\/neuerscheinung_gesundheit_als_metapher.jpg","datePublished":"2021-12-06T09:14:02+00:00","dateModified":"2021-12-06T09:14:02+00:00","description":"In den Human- und Geisteswissenschaften stand in den letzten Jahren vor allem die Erforschung des Begriffs \u201aKrankheit\u2018 im Fokus. Inzwischen ist auch der Gesundheitsbegriff als eigenst\u00e4ndige Reflexionsfolie in das Blickfeld der wissenschaftlichen Forschung geraten, Bezugnahmen auf seinen metaphorischen Gehalt bleiben jedoch weiterhin die Ausnahme. Dies erstaunt, da Metaphern aus dem semantischen Feld der Gesundheit in der gegenw\u00e4rtigen Alltagskultur zunehmend an Pr\u00e4senz gewinnen.","breadcrumb":{"@id":"https:\/\/www.uni.lu\/fhse-fr\/news\/neuerscheinung-gesundheit-als-metapher\/#breadcrumb"},"inLanguage":"fr-FR","potentialAction":[{"@type":"ReadAction","target":["https:\/\/www.uni.lu\/fhse-fr\/news\/neuerscheinung-gesundheit-als-metapher\/"]}]},{"@type":"ImageObject","inLanguage":"fr-FR","@id":"https:\/\/www.uni.lu\/fhse-fr\/news\/neuerscheinung-gesundheit-als-metapher\/#primaryimage","url":"https:\/\/www.uni.lu\/wp-content\/uploads\/sites\/16\/2021\/12\/neuerscheinung_gesundheit_als_metapher.jpg","contentUrl":"https:\/\/www.uni.lu\/wp-content\/uploads\/sites\/16\/2021\/12\/neuerscheinung_gesundheit_als_metapher.jpg","width":800,"height":600},{"@type":"BreadcrumbList","@id":"https:\/\/www.uni.lu\/fhse-fr\/news\/neuerscheinung-gesundheit-als-metapher\/#breadcrumb","itemListElement":[{"@type":"ListItem","position":1,"name":"Home","item":"https:\/\/www.uni.lu\/fr"},{"@type":"ListItem","position":2,"name":"Facult\u00e9 des Sciences Humaines, des Sciences de l\u2019\u00c9ducation et des Sciences Sociales\u200b","item":"https:\/\/www.uni.lu\/fhse-fr\/"},{"@type":"ListItem","position":3,"name":"News","item":"https:\/\/www.uni.lu\/fhse-fr\/news\/"},{"@type":"ListItem","position":4,"name":"Neuerscheinung: Gesundheit als Metapher"}]},{"@type":"WebSite","@id":"https:\/\/www.uni.lu\/fhse-fr\/#website","url":"https:\/\/www.uni.lu\/fhse-fr\/","name":"FHSE","description":"Facult\u00e9 des Sciences Humaines, des Sciences de l\u2019\u00c9ducation et des Sciences Sociales\u200b I Uni.lu","publisher":{"@id":"https:\/\/www.uni.lu\/fhse-fr\/#organization"},"alternateName":"Facult\u00e9 des Sciences Humaines, des Sciences de l\u2019\u00c9ducation et des Sciences Sociales\u200b I Universit\u00e9 du Luxembourg","potentialAction":[{"@type":"SearchAction","target":{"@type":"EntryPoint","urlTemplate":"https:\/\/www.uni.lu\/fhse-fr\/?s={search_term_string}"},"query-input":"required name=search_term_string"}],"inLanguage":"fr-FR"},{"@type":"Organization","@id":"https:\/\/www.uni.lu\/fhse-fr\/#organization","name":"FHSE - Universit\u00e9 du Luxembourg I Uni.lu","alternateName":"Facult\u00e9 des Sciences Humaines, des Sciences de l\u2019\u00c9ducation et des Sciences Sociales\u200b","url":"https:\/\/www.uni.lu\/fhse-fr\/","logo":{"@type":"ImageObject","inLanguage":"fr-FR","@id":"https:\/\/www.uni.lu\/fhse-fr\/#\/schema\/logo\/image\/","url":"https:\/\/www.uni.lu\/wp-content\/uploads\/sites\/16\/2026\/03\/03112325\/FHSE_SM-Profile_1600x1600px-scaled.jpg","contentUrl":"https:\/\/www.uni.lu\/wp-content\/uploads\/sites\/16\/2026\/03\/03112325\/FHSE_SM-Profile_1600x1600px-scaled.jpg","width":2560,"height":2560,"caption":"FHSE - Universit\u00e9 du Luxembourg I Uni.lu"},"image":"https:\/\/www.uni.lu\/wp-content\/uploads\/sites\/16\/2026\/04\/24144331\/20200609-Belval-Campus_Henri-Goergen-23.jpg","sameAs":["https:\/\/humanities.uni.lu\/"],"email":"communication@uni.lu","telephone":"+3524666441","address":{"@type":"PostalAddress","streetAddress":"11, Porte des Sciences","addressLocality":"Esch-sur-Alzette","postalCode":"4365","addressCountry":"LU"},"description":"Facult\u00e9 des Sciences Humaines, des Sciences de l\u2019\u00c9ducation et des Sciences Sociales\u200b I Uni.lu"}]}},"blog_id":16,"_links":{"self":[{"href":"https:\/\/www.uni.lu\/fhse-fr\/wp-json\/wp\/v2\/news\/463"}],"collection":[{"href":"https:\/\/www.uni.lu\/fhse-fr\/wp-json\/wp\/v2\/news"}],"about":[{"href":"https:\/\/www.uni.lu\/fhse-fr\/wp-json\/wp\/v2\/types\/news"}],"version-history":[{"count":0,"href":"https:\/\/www.uni.lu\/fhse-fr\/wp-json\/wp\/v2\/news\/463\/revisions"}],"wp:featuredmedia":[{"embeddable":true,"href":"https:\/\/www.uni.lu\/fhse-fr\/wp-json\/wp\/v2\/media\/464"}],"wp:attachment":[{"href":"https:\/\/www.uni.lu\/fhse-fr\/wp-json\/wp\/v2\/media?parent=463"}],"wp:term":[{"taxonomy":"news-category","embeddable":true,"href":"https:\/\/www.uni.lu\/fhse-fr\/wp-json\/wp\/v2\/news-category?post=463"},{"taxonomy":"news-topic","embeddable":true,"href":"https:\/\/www.uni.lu\/fhse-fr\/wp-json\/wp\/v2\/news-topic?post=463"},{"taxonomy":"organisation","embeddable":true,"href":"https:\/\/www.uni.lu\/fhse-fr\/wp-json\/wp\/v2\/organisation?post=463"}],"curies":[{"name":"wp","href":"https:\/\/api.w.org\/{rel}","templated":true}]}}