{"id":4619,"date":"2025-05-08T10:20:55","date_gmt":"2025-05-08T08:20:55","guid":{"rendered":"https:\/\/www.uni.lu\/fhse-fr\/?post_type=news&#038;p=4619"},"modified":"2025-05-08T14:36:37","modified_gmt":"2025-05-08T12:36:37","slug":"ban-ki-moon-visite-uni-lu","status":"publish","type":"news","link":"https:\/\/www.uni.lu\/fhse-fr\/news\/ban-ki-moon-visite-uni-lu\/","title":{"rendered":"Ban Ki-moon aux \u00e9tudiants d\u2019Uni.lu : \u201cd\u00e9cideurs de demain, soyez des citoyens du monde\u201d"},"content":{"rendered":"\n<section class=\"wp-block-unilux-blocks-free-section section\"><div class=\"container xl:max-w-screen-xl\">\n<p><strong><strong>\u00c0<\/strong> <strong>l\u2019occasion de sa visite au Luxembourg pour c\u00e9l\u00e9brer l\u2019adh\u00e9sion du pays au Global Green Growth Institute (GGGI), l\u2019ancien secr\u00e9taire g\u00e9n\u00e9ral des Nations Unies, Ban Ki-moon, a rencontr\u00e9 ce 7 mai des \u00e9tudiants de l\u2019Universit\u00e9 du Luxembourg. Un \u00e9change inspirant autour du multilat\u00e9ralisme, du changement climatique et du r\u00f4le crucial des jeunes dans la construction d\u2019un avenir meilleur.<\/strong><\/strong><\/p>\n\n\n\n<p>Trente \u00e9tudiants de l\u2019Universit\u00e9 du Luxembourg ont eu l\u2019honneur d\u2019\u00e9changer avec l\u2019ancien Secr\u00e9taire g\u00e9n\u00e9ral des Nations Unies, Ban Ki-moon, ce mercredi sept mai.<br>En visite au Luxembourg pour c\u00e9l\u00e9brer l\u2019adh\u00e9sion du pays au Global Green Growth Institute (GGGI), S.E. Ban Ki-moon tenait \u00e0 s\u2019adresser \u00e0 la jeunesse et aux futurs leaders du monde.<\/p>\n\n\n\n<p>\u00ab <em>Je suis un enfant de la guerre <\/em>\u00bb. \u00a0C\u2019est en commen\u00e7ant par ces mots forts que le 8e Secr\u00e9taire g\u00e9n\u00e9ral des Nations Unies s\u2019est adress\u00e9 aux \u00e9tudiants. \u00ab<em> J\u2019ai \u00e9t\u00e9 sauv\u00e9 par les Nations Unies. Des pays du monde entier se sont mobilis\u00e9s pour venir en aide \u00e0 la Cor\u00e9e du Sud. Des pays dont j\u2019ignorais tout alors, comme le Luxembourg<\/em> \u00bb, a-t-il poursuivi, expliquant la gen\u00e8se de son parcours diplomatique et l\u2019honneur que repr\u00e9sentait pour lui sa nomination en 2007 \u00e0 la t\u00eate de l\u2019ONU.<\/p>\n\n\n\n<section class=\"wp-block-unilux-blocks-quote-people\">\n    <div class=\"quote-people\" role=\"group\">\n        <figure class=\"quote-people__body\">\n            <blockquote class=\"quote-people__blockquote\">\n    <span class=\"quote-people__quote\">\u201f<\/span>\n    <em><em>Que vous soyez futurs entrepreneurs, politiciens ou scientifiques, vous \u00eates les d\u00e9cideurs de demain. Soyez toujours des citoyens du monde<\/em><\/em>.\u201d\n<\/blockquote>\n<div class=\"wp-block-unilux-blocks-wrapper quote-people__visual\"><figure class=\"wp-block-dev4-reusable-blocks-image  object-fit--cover\">\n    \n<img decoding=\"async\" class=\"wp-block-image unilux-custom-image-block\"\n                alt=\"Ban-Ki Moon at the University of Luxembourg\"\n            src=\"https:\/\/www.uni.lu\/wp-content\/uploads\/sites\/2\/2025\/05\/DSC04727-scaled.jpg\"\n                    style=\"object-position: 50.00% 50.00%; font-family: &quot;object-fit: cover; object-position: 50.00% 50.00%;&quot;; aspect-ratio: 1\/1; object-fit: cover; width: 100%;\"\n        loading=\"lazy\"\n\/>    <\/figure><\/div>\n\n<div class=\"wp-block-unilux-blocks-wrapper quote-people__figcaption\">\n<p class=\"quote-people__author wp-block-unilux-blocks-plain-text\">Ban ki-moon<\/p>\n\n\n<p class=\"quote-people__position wp-block-unilux-blocks-plain-text\"><\/p>\n\n<div class=\"wp-block-unilux-blocks-simple-cta\">\n    <a\n        href=\"https:\/\/www.un.org\/sg\/fr\/formersg\/ban.shtml\"\n        title=\"View Profile\"\n        class=\"link-text link-text--icon quote-people__link\"\n        target=\"\"\n    >\n        <span class=\"link-text__body\">\n            <span class=\"link-text__name\">View profile<\/span>\n        <\/span>\n        <svg aria-hidden=\"true\" focusable=\"false\" class=\"icon icon-outline icon--arrow-right \"><use xlink:href=\"https:\/\/www.uni.lu\/wp-content\/themes\/unilux-theme\/assets\/images\/icons\/icons-outline.svg#icon--arrow-right\"><\/use><\/svg>    <\/a>\n<\/div>\n<\/div>\n        <\/figure>\n    <\/div>\n<\/section>\n\n\n<p>Interrog\u00e9 par les \u00e9tudiants sur la faisabilit\u00e9 des Objectifs de d\u00e9veloppement durable des Nations Unies, l\u2019initiateur du sommet de 2014 sur les changements climatiques s\u2019est dit inquiet quant \u00e0 la possibilit\u00e9 de les atteindre d\u2019ici 2030. \u00ab <em>Il nous reste moins de cinq ans. Il est \u00e9vident qu\u2019il faudra repousser la date limite pour atteindre les objectifs. Mais cela ne veut pas dire que nous devons n\u00e9gliger le r\u00f4le politique et la responsabilit\u00e9 morale face aux enjeux climatiques<\/em> \u00bb, a-t-il insist\u00e9.<\/p>\n\n\n\n<p>Apr\u00e8s plus d\u2019une heure d\u2019\u00e9changes avec les \u00e9tudiants, Ban Ki-moon a conclu la matin\u00e9e avec un message fort \u00e0 leur adresse : \u00ab <em>J\u2019ai fait ce que je pouvais. Aujourd\u2019hui c\u2019est \u00e0 vous. Vous n\u2019\u00eates pas des \u00e9tudiants sans pouvoir. Vous avez le pouvoir du droit de vote. Mettez vos dirigeants au d\u00e9fi lorsqu\u2019ils ne tiennent pas leurs promesses. Que vous soyez futurs entrepreneurs, politiciens ou scientifiques, vous \u00eates les d\u00e9cideurs de demain. Soyez toujours des citoyens du monde. Si nous marchons ensemble, les r\u00e9sultats seront tr\u00e8s diff\u00e9rents.<\/em>\u00bb<\/p>\n\n\n\n<p><\/p>\n<\/div><\/section>\n","protected":false},"excerpt":{"rendered":"<p>\u00c0 l\u2019occasion de sa visite au Luxembourg pour c\u00e9l\u00e9brer l\u2019adh\u00e9sion du pays au Global Green Growth Institute (GGGI), l\u2019ancien secr\u00e9taire g\u00e9n\u00e9ral des Nations Unies, Ban Ki-moon, a rencontr\u00e9 ce 7 mai des \u00e9tudiants de l\u2019Universit\u00e9 du Luxembourg. Un \u00e9change inspirant autour du multilat\u00e9ralisme, du changement climatique et du r\u00f4le crucial des jeunes dans la construction d\u2019un avenir meilleur.<\/p>\n","protected":false},"author":126,"featured_media":4618,"template":"","format":"standard","meta":{"featured_image_focal_point":{"x":0.55,"y":0.37},"show_featured_caption":false,"ulux_newsletter_groups":"","uluxPostTitle":"","uluxPrePostTitle":"","_trash_the_other_posts":false,"_price":"","_stock":"","_tribe_ticket_header":"","_tribe_default_ticket_provider":"","_tribe_ticket_capacity":"0","_ticket_start_date":"","_ticket_end_date":"","_tribe_ticket_show_description":"","_tribe_ticket_show_not_going":false,"_tribe_ticket_use_global_stock":"","_tribe_ticket_global_stock_level":"","_global_stock_mode":"","_global_stock_cap":"","_tribe_rsvp_for_event":"","_tribe_ticket_going_count":"","_tribe_ticket_not_going_count":"","_tribe_tickets_list":"[]","_tribe_ticket_has_attendee_info_fields":false},"news-category":[6],"news-topic":[16],"organisation":[146],"authorship":[126],"acf":[],"yoast_head":"<!-- This site is optimized with the Yoast SEO Premium plugin v22.3 (Yoast SEO v22.3) - https:\/\/yoast.com\/wordpress\/plugins\/seo\/ -->\n<title>Ban Ki-moon aux \u00e9tudiants d\u2019Uni.lu : \u201cd\u00e9cideurs de demain, soyez des citoyens du monde\u201d - FHSE actualit\u00e9s I Universit\u00e9 du Luxembourg<\/title>\n<meta name=\"description\" content=\"\u00c0 l\u2019occasion de sa visite au Luxembourg pour c\u00e9l\u00e9brer l\u2019adh\u00e9sion du pays au Global Green Growth Institute (GGGI), l\u2019ancien secr\u00e9taire g\u00e9n\u00e9ral des Nations Unies, Ban Ki-moon, a rencontr\u00e9 ce 7 mai des \u00e9tudiants de l\u2019Universit\u00e9 du Luxembourg. Un \u00e9change inspirant autour du multilat\u00e9ralisme, du changement climatique et du r\u00f4le crucial des jeunes dans la construction d\u2019un avenir meilleur.\" \/>\n<meta name=\"robots\" content=\"index, follow, max-snippet:-1, max-image-preview:large, max-video-preview:-1\" \/>\n<link rel=\"canonical\" href=\"https:\/\/www.uni.lu\/fhse-fr\/news\/ban-ki-moon-visite-uni-lu\/\" \/>\n<meta property=\"og:locale\" content=\"fr_FR\" \/>\n<meta property=\"og:type\" content=\"article\" \/>\n<meta property=\"og:title\" content=\"Ban Ki-moon aux \u00e9tudiants d\u2019Uni.lu : \u201cd\u00e9cideurs de demain, soyez des citoyens du monde\u201d\" \/>\n<meta property=\"og:description\" content=\"\u00c0 l\u2019occasion de sa visite au Luxembourg pour c\u00e9l\u00e9brer l\u2019adh\u00e9sion du pays au Global Green Growth Institute (GGGI), l\u2019ancien secr\u00e9taire g\u00e9n\u00e9ral des Nations Unies, Ban Ki-moon, a rencontr\u00e9 ce 7 mai des \u00e9tudiants de l\u2019Universit\u00e9 du Luxembourg. Un \u00e9change inspirant autour du multilat\u00e9ralisme, du changement climatique et du r\u00f4le crucial des jeunes dans la construction d\u2019un avenir meilleur.\" \/>\n<meta property=\"og:url\" content=\"https:\/\/www.uni.lu\/fhse-fr\/news\/ban-ki-moon-visite-uni-lu\/\" \/>\n<meta property=\"og:site_name\" content=\"FHSE FR\" \/>\n<meta property=\"article:modified_time\" content=\"2025-05-08T12:36:37+00:00\" \/>\n<meta property=\"og:image\" content=\"https:\/\/www.uni.lu\/wp-content\/uploads\/sites\/16\/2025\/05\/DSC04741-scaled.jpg\" \/>\n\t<meta property=\"og:image:width\" content=\"2560\" \/>\n\t<meta property=\"og:image:height\" content=\"1707\" \/>\n\t<meta property=\"og:image:type\" content=\"image\/jpeg\" \/>\n<meta name=\"twitter:card\" content=\"summary_large_image\" \/>\n<meta name=\"twitter:label1\" content=\"Dur\u00e9e de lecture estim\u00e9e\" \/>\n\t<meta name=\"twitter:data1\" content=\"3 minutes\" \/>\n<script type=\"application\/ld+json\" class=\"yoast-schema-graph\">{\"@context\":\"https:\/\/schema.org\",\"@graph\":[{\"@type\":\"NewsArticle\",\"@id\":\"https:\/\/www.uni.lu\/fhse-fr\/news\/ban-ki-moon-visite-uni-lu\/#article\",\"isPartOf\":{\"@id\":\"https:\/\/www.uni.lu\/fhse-fr\/news\/ban-ki-moon-visite-uni-lu\/\"},\"author\":{\"name\":\"arianehenry\",\"@id\":\"https:\/\/www.uni.lu\/fhse-fr\/#\/schema\/person\/50dac366965fc35b0dde6e8a18162560\"},\"headline\":\"Ban Ki-moon aux \u00e9tudiants d\u2019Uni.lu : \u201cd\u00e9cideurs de demain, soyez des citoyens du monde\u201d\",\"datePublished\":\"2025-05-08T08:20:55+00:00\",\"dateModified\":\"2025-05-08T12:36:37+00:00\",\"mainEntityOfPage\":{\"@id\":\"https:\/\/www.uni.lu\/fhse-fr\/news\/ban-ki-moon-visite-uni-lu\/\"},\"wordCount\":425,\"publisher\":{\"@id\":\"https:\/\/www.uni.lu\/fhse-fr\/#organization\"},\"image\":{\"@id\":\"https:\/\/www.uni.lu\/fhse-fr\/news\/ban-ki-moon-visite-uni-lu\/#primaryimage\"},\"thumbnailUrl\":\"https:\/\/www.uni.lu\/wp-content\/uploads\/sites\/16\/2025\/05\/DSC04741-scaled.jpg\",\"inLanguage\":\"fr-FR\"},{\"@type\":\"WebPage\",\"@id\":\"https:\/\/www.uni.lu\/fhse-fr\/news\/ban-ki-moon-visite-uni-lu\/\",\"url\":\"https:\/\/www.uni.lu\/fhse-fr\/news\/ban-ki-moon-visite-uni-lu\/\",\"name\":\"Ban Ki-moon aux \u00e9tudiants d\u2019Uni.lu : \u201cd\u00e9cideurs de demain, soyez des citoyens du monde\u201d - FHSE actualit\u00e9s I Universit\u00e9 du Luxembourg\",\"isPartOf\":{\"@id\":\"https:\/\/www.uni.lu\/fhse-fr\/#website\"},\"primaryImageOfPage\":{\"@id\":\"https:\/\/www.uni.lu\/fhse-fr\/news\/ban-ki-moon-visite-uni-lu\/#primaryimage\"},\"image\":{\"@id\":\"https:\/\/www.uni.lu\/fhse-fr\/news\/ban-ki-moon-visite-uni-lu\/#primaryimage\"},\"thumbnailUrl\":\"https:\/\/www.uni.lu\/wp-content\/uploads\/sites\/16\/2025\/05\/DSC04741-scaled.jpg\",\"datePublished\":\"2025-05-08T08:20:55+00:00\",\"dateModified\":\"2025-05-08T12:36:37+00:00\",\"description\":\"\u00c0 l\u2019occasion de sa visite au Luxembourg pour c\u00e9l\u00e9brer l\u2019adh\u00e9sion du pays au Global Green Growth Institute (GGGI), l\u2019ancien secr\u00e9taire g\u00e9n\u00e9ral des Nations Unies, Ban Ki-moon, a rencontr\u00e9 ce 7 mai des \u00e9tudiants de l\u2019Universit\u00e9 du Luxembourg. Un \u00e9change inspirant autour du multilat\u00e9ralisme, du changement climatique et du r\u00f4le crucial des jeunes dans la construction d\u2019un avenir meilleur.\",\"breadcrumb\":{\"@id\":\"https:\/\/www.uni.lu\/fhse-fr\/news\/ban-ki-moon-visite-uni-lu\/#breadcrumb\"},\"inLanguage\":\"fr-FR\",\"potentialAction\":[{\"@type\":\"ReadAction\",\"target\":[\"https:\/\/www.uni.lu\/fhse-fr\/news\/ban-ki-moon-visite-uni-lu\/\"]}]},{\"@type\":\"ImageObject\",\"inLanguage\":\"fr-FR\",\"@id\":\"https:\/\/www.uni.lu\/fhse-fr\/news\/ban-ki-moon-visite-uni-lu\/#primaryimage\",\"url\":\"https:\/\/www.uni.lu\/wp-content\/uploads\/sites\/16\/2025\/05\/DSC04741-scaled.jpg\",\"contentUrl\":\"https:\/\/www.uni.lu\/wp-content\/uploads\/sites\/16\/2025\/05\/DSC04741-scaled.jpg\",\"width\":2560,\"height\":1707,\"caption\":\"Ban Ki-moon with uni.lu students\"},{\"@type\":\"BreadcrumbList\",\"@id\":\"https:\/\/www.uni.lu\/fhse-fr\/news\/ban-ki-moon-visite-uni-lu\/#breadcrumb\",\"itemListElement\":[{\"@type\":\"ListItem\",\"position\":1,\"name\":\"Home\",\"item\":\"https:\/\/www.uni.lu\/fr\"},{\"@type\":\"ListItem\",\"position\":2,\"name\":\"Facult\u00e9 des Sciences Humaines, des Sciences de l\u2019\u00c9ducation et des Sciences Sociales\u200b\",\"item\":\"https:\/\/www.uni.lu\/fhse-fr\/\"},{\"@type\":\"ListItem\",\"position\":3,\"name\":\"News\",\"item\":\"https:\/\/www.uni.lu\/fhse-fr\/news\/\"},{\"@type\":\"ListItem\",\"position\":4,\"name\":\"Ban Ki-moon aux \u00e9tudiants d\u2019Uni.lu : \u201cd\u00e9cideurs de demain, soyez des citoyens du monde\u201d\"}]},{\"@type\":\"WebSite\",\"@id\":\"https:\/\/www.uni.lu\/fhse-fr\/#website\",\"url\":\"https:\/\/www.uni.lu\/fhse-fr\/\",\"name\":\"FHSE\",\"description\":\"Facult\u00e9 des Sciences Humaines, des Sciences de l\u2019\u00c9ducation et des Sciences Sociales\u200b I Uni.lu\",\"publisher\":{\"@id\":\"https:\/\/www.uni.lu\/fhse-fr\/#organization\"},\"alternateName\":\"Facult\u00e9 des Sciences Humaines, des Sciences de l\u2019\u00c9ducation et des Sciences Sociales\u200b I Universit\u00e9 du Luxembourg\",\"potentialAction\":[{\"@type\":\"SearchAction\",\"target\":{\"@type\":\"EntryPoint\",\"urlTemplate\":\"https:\/\/www.uni.lu\/fhse-fr\/?s={search_term_string}\"},\"query-input\":\"required name=search_term_string\"}],\"inLanguage\":\"fr-FR\"},{\"@type\":\"Organization\",\"@id\":\"https:\/\/www.uni.lu\/fhse-fr\/#organization\",\"name\":\"FHSE - Universit\u00e9 du Luxembourg I Uni.lu\",\"alternateName\":\"Facult\u00e9 des Sciences Humaines, des Sciences de l\u2019\u00c9ducation et des Sciences Sociales\u200b\",\"url\":\"https:\/\/www.uni.lu\/fhse-fr\/\",\"logo\":{\"@type\":\"ImageObject\",\"inLanguage\":\"fr-FR\",\"@id\":\"https:\/\/www.uni.lu\/fhse-fr\/#\/schema\/logo\/image\/\",\"url\":\"https:\/\/www.uni.lu\/wp-content\/uploads\/sites\/16\/2026\/03\/03112325\/FHSE_SM-Profile_1600x1600px-scaled.jpg\",\"contentUrl\":\"https:\/\/www.uni.lu\/wp-content\/uploads\/sites\/16\/2026\/03\/03112325\/FHSE_SM-Profile_1600x1600px-scaled.jpg\",\"width\":2560,\"height\":2560,\"caption\":\"FHSE - Universit\u00e9 du Luxembourg I Uni.lu\"},\"image\":\"https:\/\/www.uni.lu\/wp-content\/uploads\/sites\/16\/2026\/04\/24144331\/20200609-Belval-Campus_Henri-Goergen-23.jpg\",\"sameAs\":[\"https:\/\/humanities.uni.lu\/\"],\"email\":\"communication@uni.lu\",\"telephone\":\"+3524666441\",\"address\":{\"@type\":\"PostalAddress\",\"streetAddress\":\"11, Porte des Sciences\",\"addressLocality\":\"Esch-sur-Alzette\",\"postalCode\":\"4365\",\"addressCountry\":\"LU\"},\"description\":\"Facult\u00e9 des Sciences Humaines, des Sciences de l\u2019\u00c9ducation et des Sciences Sociales\u200b I Uni.lu\"},{\"@type\":\"Person\",\"@id\":\"https:\/\/www.uni.lu\/fhse-fr\/#\/schema\/person\/50dac366965fc35b0dde6e8a18162560\",\"name\":\"arianehenry\",\"image\":{\"@type\":\"ImageObject\",\"inLanguage\":\"fr-FR\",\"@id\":\"https:\/\/www.uni.lu\/fhse-fr\/#\/schema\/person\/image\/\",\"url\":\"https:\/\/secure.gravatar.com\/avatar\/e55b62daeed975e86d45b47f53bc22c9?s=96&d=mm&r=g\",\"contentUrl\":\"https:\/\/secure.gravatar.com\/avatar\/e55b62daeed975e86d45b47f53bc22c9?s=96&d=mm&r=g\",\"caption\":\"arianehenry\"}}]}<\/script>\n<!-- \/ Yoast SEO Premium plugin. -->","yoast_head_json":{"title":"Ban Ki-moon aux \u00e9tudiants d\u2019Uni.lu : \u201cd\u00e9cideurs de demain, soyez des citoyens du monde\u201d - FHSE actualit\u00e9s I Universit\u00e9 du Luxembourg","description":"\u00c0 l\u2019occasion de sa visite au Luxembourg pour c\u00e9l\u00e9brer l\u2019adh\u00e9sion du pays au Global Green Growth Institute (GGGI), l\u2019ancien secr\u00e9taire g\u00e9n\u00e9ral des Nations Unies, Ban Ki-moon, a rencontr\u00e9 ce 7 mai des \u00e9tudiants de l\u2019Universit\u00e9 du Luxembourg. Un \u00e9change inspirant autour du multilat\u00e9ralisme, du changement climatique et du r\u00f4le crucial des jeunes dans la construction d\u2019un avenir meilleur.","robots":{"index":"index","follow":"follow","max-snippet":"max-snippet:-1","max-image-preview":"max-image-preview:large","max-video-preview":"max-video-preview:-1"},"canonical":"https:\/\/www.uni.lu\/fhse-fr\/news\/ban-ki-moon-visite-uni-lu\/","og_locale":"fr_FR","og_type":"article","og_title":"Ban Ki-moon aux \u00e9tudiants d\u2019Uni.lu : \u201cd\u00e9cideurs de demain, soyez des citoyens du monde\u201d","og_description":"\u00c0 l\u2019occasion de sa visite au Luxembourg pour c\u00e9l\u00e9brer l\u2019adh\u00e9sion du pays au Global Green Growth Institute (GGGI), l\u2019ancien secr\u00e9taire g\u00e9n\u00e9ral des Nations Unies, Ban Ki-moon, a rencontr\u00e9 ce 7 mai des \u00e9tudiants de l\u2019Universit\u00e9 du Luxembourg. Un \u00e9change inspirant autour du multilat\u00e9ralisme, du changement climatique et du r\u00f4le crucial des jeunes dans la construction d\u2019un avenir meilleur.","og_url":"https:\/\/www.uni.lu\/fhse-fr\/news\/ban-ki-moon-visite-uni-lu\/","og_site_name":"FHSE FR","article_modified_time":"2025-05-08T12:36:37+00:00","og_image":[{"width":2560,"height":1707,"url":"https:\/\/www.uni.lu\/wp-content\/uploads\/sites\/16\/2025\/05\/DSC04741-scaled.jpg","type":"image\/jpeg"}],"twitter_card":"summary_large_image","twitter_misc":{"Dur\u00e9e de lecture estim\u00e9e":"3 minutes"},"schema":{"@context":"https:\/\/schema.org","@graph":[{"@type":"NewsArticle","@id":"https:\/\/www.uni.lu\/fhse-fr\/news\/ban-ki-moon-visite-uni-lu\/#article","isPartOf":{"@id":"https:\/\/www.uni.lu\/fhse-fr\/news\/ban-ki-moon-visite-uni-lu\/"},"author":{"name":"arianehenry","@id":"https:\/\/www.uni.lu\/fhse-fr\/#\/schema\/person\/50dac366965fc35b0dde6e8a18162560"},"headline":"Ban Ki-moon aux \u00e9tudiants d\u2019Uni.lu : \u201cd\u00e9cideurs de demain, soyez des citoyens du monde\u201d","datePublished":"2025-05-08T08:20:55+00:00","dateModified":"2025-05-08T12:36:37+00:00","mainEntityOfPage":{"@id":"https:\/\/www.uni.lu\/fhse-fr\/news\/ban-ki-moon-visite-uni-lu\/"},"wordCount":425,"publisher":{"@id":"https:\/\/www.uni.lu\/fhse-fr\/#organization"},"image":{"@id":"https:\/\/www.uni.lu\/fhse-fr\/news\/ban-ki-moon-visite-uni-lu\/#primaryimage"},"thumbnailUrl":"https:\/\/www.uni.lu\/wp-content\/uploads\/sites\/16\/2025\/05\/DSC04741-scaled.jpg","inLanguage":"fr-FR"},{"@type":"WebPage","@id":"https:\/\/www.uni.lu\/fhse-fr\/news\/ban-ki-moon-visite-uni-lu\/","url":"https:\/\/www.uni.lu\/fhse-fr\/news\/ban-ki-moon-visite-uni-lu\/","name":"Ban Ki-moon aux \u00e9tudiants d\u2019Uni.lu : \u201cd\u00e9cideurs de demain, soyez des citoyens du monde\u201d - FHSE actualit\u00e9s I Universit\u00e9 du Luxembourg","isPartOf":{"@id":"https:\/\/www.uni.lu\/fhse-fr\/#website"},"primaryImageOfPage":{"@id":"https:\/\/www.uni.lu\/fhse-fr\/news\/ban-ki-moon-visite-uni-lu\/#primaryimage"},"image":{"@id":"https:\/\/www.uni.lu\/fhse-fr\/news\/ban-ki-moon-visite-uni-lu\/#primaryimage"},"thumbnailUrl":"https:\/\/www.uni.lu\/wp-content\/uploads\/sites\/16\/2025\/05\/DSC04741-scaled.jpg","datePublished":"2025-05-08T08:20:55+00:00","dateModified":"2025-05-08T12:36:37+00:00","description":"\u00c0 l\u2019occasion de sa visite au Luxembourg pour c\u00e9l\u00e9brer l\u2019adh\u00e9sion du pays au Global Green Growth Institute (GGGI), l\u2019ancien secr\u00e9taire g\u00e9n\u00e9ral des Nations Unies, Ban Ki-moon, a rencontr\u00e9 ce 7 mai des \u00e9tudiants de l\u2019Universit\u00e9 du Luxembourg. Un \u00e9change inspirant autour du multilat\u00e9ralisme, du changement climatique et du r\u00f4le crucial des jeunes dans la construction d\u2019un avenir meilleur.","breadcrumb":{"@id":"https:\/\/www.uni.lu\/fhse-fr\/news\/ban-ki-moon-visite-uni-lu\/#breadcrumb"},"inLanguage":"fr-FR","potentialAction":[{"@type":"ReadAction","target":["https:\/\/www.uni.lu\/fhse-fr\/news\/ban-ki-moon-visite-uni-lu\/"]}]},{"@type":"ImageObject","inLanguage":"fr-FR","@id":"https:\/\/www.uni.lu\/fhse-fr\/news\/ban-ki-moon-visite-uni-lu\/#primaryimage","url":"https:\/\/www.uni.lu\/wp-content\/uploads\/sites\/16\/2025\/05\/DSC04741-scaled.jpg","contentUrl":"https:\/\/www.uni.lu\/wp-content\/uploads\/sites\/16\/2025\/05\/DSC04741-scaled.jpg","width":2560,"height":1707,"caption":"Ban Ki-moon with uni.lu students"},{"@type":"BreadcrumbList","@id":"https:\/\/www.uni.lu\/fhse-fr\/news\/ban-ki-moon-visite-uni-lu\/#breadcrumb","itemListElement":[{"@type":"ListItem","position":1,"name":"Home","item":"https:\/\/www.uni.lu\/fr"},{"@type":"ListItem","position":2,"name":"Facult\u00e9 des Sciences Humaines, des Sciences de l\u2019\u00c9ducation et des Sciences Sociales\u200b","item":"https:\/\/www.uni.lu\/fhse-fr\/"},{"@type":"ListItem","position":3,"name":"News","item":"https:\/\/www.uni.lu\/fhse-fr\/news\/"},{"@type":"ListItem","position":4,"name":"Ban Ki-moon aux \u00e9tudiants d\u2019Uni.lu : \u201cd\u00e9cideurs de demain, soyez des citoyens du monde\u201d"}]},{"@type":"WebSite","@id":"https:\/\/www.uni.lu\/fhse-fr\/#website","url":"https:\/\/www.uni.lu\/fhse-fr\/","name":"FHSE","description":"Facult\u00e9 des Sciences Humaines, des Sciences de l\u2019\u00c9ducation et des Sciences Sociales\u200b I Uni.lu","publisher":{"@id":"https:\/\/www.uni.lu\/fhse-fr\/#organization"},"alternateName":"Facult\u00e9 des Sciences Humaines, des Sciences de l\u2019\u00c9ducation et des Sciences Sociales\u200b I Universit\u00e9 du Luxembourg","potentialAction":[{"@type":"SearchAction","target":{"@type":"EntryPoint","urlTemplate":"https:\/\/www.uni.lu\/fhse-fr\/?s={search_term_string}"},"query-input":"required name=search_term_string"}],"inLanguage":"fr-FR"},{"@type":"Organization","@id":"https:\/\/www.uni.lu\/fhse-fr\/#organization","name":"FHSE - Universit\u00e9 du Luxembourg I Uni.lu","alternateName":"Facult\u00e9 des Sciences Humaines, des Sciences de l\u2019\u00c9ducation et des Sciences Sociales\u200b","url":"https:\/\/www.uni.lu\/fhse-fr\/","logo":{"@type":"ImageObject","inLanguage":"fr-FR","@id":"https:\/\/www.uni.lu\/fhse-fr\/#\/schema\/logo\/image\/","url":"https:\/\/www.uni.lu\/wp-content\/uploads\/sites\/16\/2026\/03\/03112325\/FHSE_SM-Profile_1600x1600px-scaled.jpg","contentUrl":"https:\/\/www.uni.lu\/wp-content\/uploads\/sites\/16\/2026\/03\/03112325\/FHSE_SM-Profile_1600x1600px-scaled.jpg","width":2560,"height":2560,"caption":"FHSE - Universit\u00e9 du Luxembourg I Uni.lu"},"image":"https:\/\/www.uni.lu\/wp-content\/uploads\/sites\/16\/2026\/04\/24144331\/20200609-Belval-Campus_Henri-Goergen-23.jpg","sameAs":["https:\/\/humanities.uni.lu\/"],"email":"communication@uni.lu","telephone":"+3524666441","address":{"@type":"PostalAddress","streetAddress":"11, Porte des Sciences","addressLocality":"Esch-sur-Alzette","postalCode":"4365","addressCountry":"LU"},"description":"Facult\u00e9 des Sciences Humaines, des Sciences de l\u2019\u00c9ducation et des Sciences Sociales\u200b I Uni.lu"},{"@type":"Person","@id":"https:\/\/www.uni.lu\/fhse-fr\/#\/schema\/person\/50dac366965fc35b0dde6e8a18162560","name":"arianehenry","image":{"@type":"ImageObject","inLanguage":"fr-FR","@id":"https:\/\/www.uni.lu\/fhse-fr\/#\/schema\/person\/image\/","url":"https:\/\/secure.gravatar.com\/avatar\/e55b62daeed975e86d45b47f53bc22c9?s=96&d=mm&r=g","contentUrl":"https:\/\/secure.gravatar.com\/avatar\/e55b62daeed975e86d45b47f53bc22c9?s=96&d=mm&r=g","caption":"arianehenry"}}]}},"blog_id":16,"_links":{"self":[{"href":"https:\/\/www.uni.lu\/fhse-fr\/wp-json\/wp\/v2\/news\/4619"}],"collection":[{"href":"https:\/\/www.uni.lu\/fhse-fr\/wp-json\/wp\/v2\/news"}],"about":[{"href":"https:\/\/www.uni.lu\/fhse-fr\/wp-json\/wp\/v2\/types\/news"}],"author":[{"embeddable":true,"href":"https:\/\/www.uni.lu\/fhse-fr\/wp-json\/wp\/v2\/users\/126"}],"version-history":[{"count":4,"href":"https:\/\/www.uni.lu\/fhse-fr\/wp-json\/wp\/v2\/news\/4619\/revisions"}],"predecessor-version":[{"id":4628,"href":"https:\/\/www.uni.lu\/fhse-fr\/wp-json\/wp\/v2\/news\/4619\/revisions\/4628"}],"wp:authorship":[{"embeddable":true,"href":"https:\/\/www.uni.lu\/fhse-fr\/wp-json\/wp\/v2\/users\/126"}],"wp:featuredmedia":[{"embeddable":true,"href":"https:\/\/www.uni.lu\/fhse-fr\/wp-json\/wp\/v2\/media\/4618"}],"wp:attachment":[{"href":"https:\/\/www.uni.lu\/fhse-fr\/wp-json\/wp\/v2\/media?parent=4619"}],"wp:term":[{"taxonomy":"news-category","embeddable":true,"href":"https:\/\/www.uni.lu\/fhse-fr\/wp-json\/wp\/v2\/news-category?post=4619"},{"taxonomy":"news-topic","embeddable":true,"href":"https:\/\/www.uni.lu\/fhse-fr\/wp-json\/wp\/v2\/news-topic?post=4619"},{"taxonomy":"organisation","embeddable":true,"href":"https:\/\/www.uni.lu\/fhse-fr\/wp-json\/wp\/v2\/organisation?post=4619"}],"curies":[{"name":"wp","href":"https:\/\/api.w.org\/{rel}","templated":true}]}}