{"id":4545,"date":"2025-03-14T10:49:48","date_gmt":"2025-03-14T09:49:48","guid":{"rendered":"https:\/\/www.uni.lu\/fhse-fr\/?post_type=news&#038;p=4545"},"modified":"2025-03-14T10:55:07","modified_gmt":"2025-03-14T09:55:07","slug":"how-gender-inequalities-influence-medical-diagnosis-and-treatment","status":"publish","type":"news","link":"https:\/\/www.uni.lu\/fhse-fr\/news\/how-gender-inequalities-influence-medical-diagnosis-and-treatment\/","title":{"rendered":"Comment les in\u00e9galit\u00e9s de genre influencent diagnostics m\u00e9dical et traitements"},"content":{"rendered":"\n<section class=\"wp-block-unilux-blocks-free-section section\"><div class=\"container xl:max-w-screen-xl\">\n<p><strong><strong>Malgr\u00e9 les avanc\u00e9es en mati\u00e8re de droits des femmes, les in\u00e9galit\u00e9s de genre persistent dans de nombreux domaines, y compris celui de la sant\u00e9. Les r\u00e9centes recherches de l\u2019Universit\u00e9 du Luxembourg r\u00e9v\u00e8lent que le genre influence le diagnostic et la prise en charge de certaines maladies, entra\u00eenant des biais et un manque de reconnaissance de sp\u00e9cificit\u00e9s f\u00e9minines. De l\u2019autisme \u00e0 la d\u00e9mence, en passant par la sant\u00e9 mentale des jeunes filles, plusieurs \u00e9tudes alertent sur ces disparit\u00e9s et appellent \u00e0 une prise de conscience pour des soins de sant\u00e9 plus <\/strong>inclusifs<\/strong>.<\/p>\n\n\n\n<p>Samedi dernier, les femmes \u00e9taient c\u00e9l\u00e9br\u00e9es sur de nombreuses plateformes de m\u00e9dias et jusque dans les commerces \u00e0 l\u2019occasion de la journ\u00e9e internationale du droit des femmes. Bien qu\u2019ils soient c\u00e9l\u00e9br\u00e9s le 8 mars depuis 1911, les droits des femmes sont loin d\u2019\u00eatre acquis et les in\u00e9galit\u00e9s de genre touchent tous les domaines jusqu\u2019\u00e0 celui de la sant\u00e9. Selon diverses \u00e9tudes r\u00e9centes de l\u2019Universit\u00e9 du Luxembourg la consid\u00e9ration du genre peut jouer un r\u00f4le crucial dans le diagnostic et la prise en charge de certaines maladies et troubles.<\/p>\n\n\n\n<h3 class=\"has-text-align-left wp-block-unilux-blocks-heading\"        id=\"des-biais-de-diagnostic-dans-lautisme-feminin\"\n    >\n<strong><strong>Des biais de diagnostic dans l\u2019autisme f\u00e9minin<\/strong><\/strong><\/h3>\n\n\n\n<p>Ce constat semble se confirmer pour <a href=\"https:\/\/www.uni.lu\/fhse-en\/people\/andreia-costa\/\">Andreia Costa<\/a>, chercheuse au sein de <a href=\"https:\/\/www.uni.lu\/fhse-en\/research-groups\/health-and-behaviour\/\">l\u2019Institut Health and Behaviour<\/a>, sur le diagnostic des troubles du spectre autistique. \u00ab&nbsp;<em>On commence \u00e0 remettre en question la pr\u00e9valence suppos\u00e9e plus \u00e9lev\u00e9e des troubles du spectre autistique chez les hommes.&nbsp;Les femmes sont probablement sous-diagnostiqu\u00e9es car le diagnostic ne prend pas en compte les sp\u00e9cificit\u00e9s f\u00e9minines de l\u2019autisme.&nbsp;Nous pensons que les femmes passent plus facilement inaper\u00e7ues car leurs comp\u00e9tences sociales seraient meilleures que celles des hommes. Or, la sociabilit\u00e9 est un crit\u00e8re important dans l\u2019\u00e9valuation de ce trouble<\/em> \u00bb, explique-t-elle.<\/p>\n\n\n\n<p>\u00ab&nbsp;<em>Depuis leur plus jeune \u00e2ge, les femmes sont socialement encourag\u00e9es \u00e0 \u00eatre sociables. Cela peut \u00eatre l\u2019une des explications pour laquelle les femmes parviennent plus facilement que les hommes \u00e0 camoufler leurs difficult\u00e9s en mimant les comportements socialement accept\u00e9s<\/em>&nbsp;\u00bb poursuit Costa.<\/p>\n\n\n\n<p>Bien que cette capacit\u00e9 \u00e0 mettre en place des strat\u00e9gies de camouflage dans des situations sociales puisse s\u2019av\u00e9rer b\u00e9n\u00e9fique lors de la recherche d\u2019un emploi pour les femmes, l\u2019avantage est bien souvent de courte dur\u00e9e. \u00ab <em>Une fois en poste, les efforts d\u00e9ploy\u00e9s pour maintenir une fa\u00e7ade et minimiser leur diff\u00e9rence, co\u00fbtent beaucoup d\u2019\u00e9nergie et peuvent mener \u00e0 l\u2019\u00e9puisement, la d\u00e9pression voire le burn out. Une femme qui ne socialise pas, qui ne va pas manger avec ses coll\u00e8gues sera plus vite jug\u00e9e qu\u2019un homme qui a le m\u00eame comportement&nbsp;<\/em>\u00bb, ajoute la chercheuse.<\/p>\n\n\n\n<h3 class=\"has-text-align-left wp-block-unilux-blocks-heading\"        id=\"limpact-des-inegalites-sur-la-sante-mentale-et-la-demence\"\n    >\n<strong><strong><strong>L\u2019impact des in\u00e9galit\u00e9s sur la sant\u00e9 mentale et la d\u00e9mence<\/strong><\/strong><\/strong><\/h3>\n\n\n\n<p>Les femmes seraient \u00e9galement plus expos\u00e9es au risque de d\u00e9mence. Selon les analyses men\u00e9es en 2023 par l\u2019\u00e9quipe du projet <a href=\"https:\/\/www.uni.lu\/fhse-en\/research-projects\/crisp-erc-cognitive-ageing-from-educational-opportunities-to-individual-risk-profiles\/\">CRISP<\/a> <a href=\"https:\/\/www.uni.lu\/fhse-en\/research-projects\/crisp-erc-cognitive-ageing-from-educational-opportunities-to-individual-risk-profiles\/\" target=\"_blank\" rel=\"noreferrer noopener\">(Cognitive Ageing : From Educational Opportunities to Individual Risk Profiles)<\/a>, \u00ab<em>&nbsp;les taux \u00e9lev\u00e9s de d\u00e9mences chez les femmes sont moins le r\u00e9sultat de la biologie que de la charge de risque plus \u00e9lev\u00e9es des femmes, indiqu\u00e9e par un niveau d\u2019\u00e9ducation plus bas et des profils de risques de sant\u00e9 plus d\u00e9favorables&nbsp;<\/em>\u00bb, note la coordinatrice du projet <a href=\"https:\/\/www.uni.lu\/fhse-en\/people\/anja-leist\/\">Anja Leist<\/a>.<\/p>\n\n\n\n<p>Chez les plus jeunes, la parit\u00e9 dans la sant\u00e9 n\u2019est \u00e9galement pas au rendez-vous selon le dernier rapport <a href=\"https:\/\/hbsc.uni.lu\/fr\/\">Health and Behaviour in School-Aged Children (HBSC)<\/a>. \u00ab&nbsp;<em>Les filles font \u00e9tat d\u2019une sant\u00e9 mentale et d\u2019un bien \u00eatre syst\u00e9matiquement moins bons que les gar\u00e7ons&nbsp;<\/em>\u00bb, confirme <a href=\"https:\/\/www.uni.lu\/fhse-en\/people\/carolina-catunda\/\">Carolina Catunda<\/a>, en charge du rapport.<\/p>\n\n\n\n<h3 class=\"has-text-align-left wp-block-unilux-blocks-heading\"        id=\"plus-de-recherche-pour-plus-degalite\"\n    >\n<strong><strong>Plus de recherche pour plus d\u2019\u00e9galit\u00e9<\/strong><\/strong><\/h3>\n\n\n\n<p>Ces diff\u00e9rentes recherches mettent en lumi\u00e8re l\u2019importance de consid\u00e9rer les sp\u00e9cificit\u00e9s de genre dans le domaine de la sant\u00e9. Les trois chercheuses de la Facult\u00e9s de Sciences Humaines, Sociales et de l\u2019\u00c9ducation esp\u00e8rent permettre une meilleure compr\u00e9hension des disparit\u00e9s et am\u00e9liorer la prise en charge m\u00e9dicale et le bien \u00eatre des femmes gr\u00e2ce \u00e0 leurs travaux.<\/p>\n\n\n\n<h2 class=\"has-text-align-left wp-block-unilux-blocks-heading\"        id=\"pour-aller-plus-loin\"\n    >\nPour aller plus loin<\/h2>\n\n\n<ul class=\"flex flex-wrap mt-24 -mx-16  wp-block-unilux-blocks-free-content-card\">\n    <li class=\"w-full sm:w-1\/2 lg:w-1\/3 px-16  wp-block-unilux-blocks-free-content-card-item\">\n    <div class=\"ulux-card card-facilities bg-theme\">\n        <div class=\"ulux-card__container card__container\">\n                        <div class=\"ulux-card__visual wp-block-unilux-blocks-free-content-card-item-visual\">\n    \n<div class=\"wp-block-unilux-blocks-image-video-wrapper\">\n    <figure class=\"wp-block-dev4-reusable-blocks-image  object-fit--cover\">\n    \n<img decoding=\"async\" class=\"wp-block-image unilux-custom-image-block\"\n                alt=\"women stressed sitting underneath desk at work\"\n            src=\"https:\/\/www.uni.lu\/wp-content\/uploads\/sites\/2\/2025\/03\/Screenshot-2025-03-14-at-10.27.26.png\"\n                    style=\"object-position: 50.00% 50.00%; font-family: &quot;object-fit: cover; object-position: 50.00% 50.00%;&quot;; aspect-ratio: 4\/3; object-fit: cover; width: 100%;\"\n        loading=\"lazy\"\n\/>    <\/figure><\/div><\/div><div class=\"ulux-card__body wp-block-unilux-blocks-free-content-card-item-body\">\n    \n<h3 class=\"ulux-card__title has-text-align-left wp-block-unilux-blocks-heading\"        id=\"camou-facilitators-and-barriers-to-job-access-and-retention-among-autistic-women\"\n    >\nCAMOU \u2013 Facilitators and barriers to job access and retention among autistic women<\/h3>\n<div class=\"ulux-card__description wp-block-unilux-blocks-free-content-card-item-free-content-area\">\n    \n<p>Autistic women face challenges to find and maintain employment. The CAMOU project aims to understand the reasons and provide guidelines for career support.<\/p>\n<\/div><div class=\"wp-block-unilux-blocks-simple-cta\">\n    <a\n        href=\"https:\/\/www.uni.lu\/fhse-en\/research-projects\/camou-facilitators-and-barries-to-job-access-and-retention-among-autistic-women\/\"\n        title=\"Learn more\"\n        class=\"link-text link-text--icon ulux-card__link link-text link-absolute\"\n        target=\"\"\n    >\n        <span class=\"link-text__body\">\n            <span class=\"link-text__name\">Learn more<\/span>\n        <\/span>\n        <svg aria-hidden=\"true\" focusable=\"false\" class=\"icon icon-outline icon--arrow-right \"><use xlink:href=\"https:\/\/www.uni.lu\/wp-content\/themes\/unilux-theme\/assets\/images\/icons\/icons-outline.svg#icon--arrow-right\"><\/use><\/svg>    <\/a>\n<\/div>\n<\/div>        <\/div>\n    <\/div>\n<\/li><li class=\"w-full sm:w-1\/2 lg:w-1\/3 px-16  wp-block-unilux-blocks-free-content-card-item\">\n    <div class=\"ulux-card card-facilities bg-theme\">\n        <div class=\"ulux-card__container card__container\">\n                        <div class=\"ulux-card__visual wp-block-unilux-blocks-free-content-card-item-visual\">\n    \n<div class=\"wp-block-unilux-blocks-image-video-wrapper\">\n    <figure class=\"wp-block-dev4-reusable-blocks-image  object-fit--cover\">\n    \n<img decoding=\"async\" class=\"wp-block-image unilux-custom-image-block\"\n                alt=\"\"\n            src=\"https:\/\/www.uni.lu\/wp-content\/uploads\/sites\/2\/2024\/07\/anja_banner-1.jpg\"\n                    style=\"object-position: 50.00% 50.00%; font-family: &quot;object-fit: cover; object-position: 50.00% 50.00%;&quot;; aspect-ratio: 4\/3; object-fit: cover; width: 100%;\"\n        loading=\"lazy\"\n\/>    <\/figure><\/div><\/div><div class=\"ulux-card__body wp-block-unilux-blocks-free-content-card-item-body\">\n    \n<h3 class=\"ulux-card__title has-text-align-left wp-block-unilux-blocks-heading\"        id=\"crisp-erc-cognitive-ageing-from-educational-opportunities-to-individual-risk-profiles\"\n    >\nCRISP \u2013 ERC Cognitive Ageing : From Educational Opportunities to Individual Risk Profiles<\/h3>\n<div class=\"ulux-card__description wp-block-unilux-blocks-free-content-card-item-free-content-area\">\n    \n<p>The five-year project CRISP investigates cognitive ageing and dementia from a life course and social perspective, with a particular focus on inequalities related to education and gender<\/p>\n<\/div><div class=\"wp-block-unilux-blocks-simple-cta\">\n    <a\n        href=\"https:\/\/www.uni.lu\/fhse-en\/research-projects\/crisp-erc-cognitive-ageing-from-educational-opportunities-to-individual-risk-profiles\/\"\n        title=\"Learn more\"\n        class=\"link-text link-text--icon ulux-card__link link-text link-absolute\"\n        target=\"\"\n    >\n        <span class=\"link-text__body\">\n            <span class=\"link-text__name\">Learn more<\/span>\n        <\/span>\n        <svg aria-hidden=\"true\" focusable=\"false\" class=\"icon icon-outline icon--arrow-right \"><use xlink:href=\"https:\/\/www.uni.lu\/wp-content\/themes\/unilux-theme\/assets\/images\/icons\/icons-outline.svg#icon--arrow-right\"><\/use><\/svg>    <\/a>\n<\/div>\n<\/div>        <\/div>\n    <\/div>\n<\/li><li class=\"w-full sm:w-1\/2 lg:w-1\/3 px-16  wp-block-unilux-blocks-free-content-card-item\">\n    <div class=\"ulux-card card-facilities bg-theme\">\n        <div class=\"ulux-card__container card__container\">\n                        <div class=\"ulux-card__visual wp-block-unilux-blocks-free-content-card-item-visual\">\n    \n<div class=\"wp-block-unilux-blocks-image-video-wrapper\">\n    <figure class=\"wp-block-dev4-reusable-blocks-image  object-fit--cover\">\n    \n<img decoding=\"async\" class=\"wp-block-image unilux-custom-image-block\"\n                alt=\"\"\n            src=\"https:\/\/www.uni.lu\/wp-content\/uploads\/sites\/2\/2024\/10\/HBSC-logo.jpg\"\n                    style=\"object-position: 50.00% 50.00%; font-family: &quot;object-fit: cover; object-position: 50.00% 50.00%;&quot;; aspect-ratio: 4\/3; object-fit: cover; width: 100%;\"\n        loading=\"lazy\"\n\/>    <\/figure><\/div><\/div><div class=\"ulux-card__body wp-block-unilux-blocks-free-content-card-item-body\">\n    \n<h3 class=\"ulux-card__title has-text-align-left wp-block-unilux-blocks-heading\"        id=\"hbsc-luxembourg-health-behaviour-in-school-aged-children-in-luxembourg\"\n    >\nHBSC Luxembourg \u2013 Health Behaviour in School-aged Children in Luxembourg<\/h3>\n<div class=\"ulux-card__description wp-block-unilux-blocks-free-content-card-item-free-content-area\">\n    \n<p>The HBSC study was founded in 1982 and nowadays the network includes 51 countries and regions from Europe, North America and Asia.It aims to understand the relationship between health and social factors and to communicate the results to the public. <\/p>\n<\/div><div class=\"wp-block-unilux-blocks-simple-cta\">\n    <a\n        href=\"https:\/\/www.uni.lu\/fhse-en\/research-projects\/hbsc-luxembourg-health-behaviour-in-school-aged-children-in-luxembourg\/\"\n        title=\"Learn more\"\n        class=\"link-text link-text--icon ulux-card__link link-text link-absolute\"\n        target=\"\"\n    >\n        <span class=\"link-text__body\">\n            <span class=\"link-text__name\">Learn more<\/span>\n        <\/span>\n        <svg aria-hidden=\"true\" focusable=\"false\" class=\"icon icon-outline icon--arrow-right \"><use xlink:href=\"https:\/\/www.uni.lu\/wp-content\/themes\/unilux-theme\/assets\/images\/icons\/icons-outline.svg#icon--arrow-right\"><\/use><\/svg>    <\/a>\n<\/div>\n<\/div>        <\/div>\n    <\/div>\n<\/li><\/ul><\/div><\/section>\n","protected":false},"excerpt":{"rendered":"<p>Malgr\u00e9 les avanc\u00e9es en mati\u00e8re de droits des femmes, les in\u00e9galit\u00e9s de genre persistent dans de nombreux domaines, y compris celui de la sant\u00e9. Les r\u00e9centes recherches de l\u2019Universit\u00e9 du Luxembourg r\u00e9v\u00e8lent que le genre influence le diagnostic et la prise en charge de certaines maladies, entra\u00eenant des biais et un manque de reconnaissance de sp\u00e9cificit\u00e9s f\u00e9minines.<\/p>\n","protected":false},"author":126,"featured_media":4549,"template":"","format":"standard","meta":{"featured_image_focal_point":[],"show_featured_caption":false,"ulux_newsletter_groups":"","uluxPostTitle":"","uluxPrePostTitle":"","_trash_the_other_posts":false,"_price":"","_stock":"","_tribe_ticket_header":"","_tribe_default_ticket_provider":"","_tribe_ticket_capacity":"0","_ticket_start_date":"","_ticket_end_date":"","_tribe_ticket_show_description":"","_tribe_ticket_show_not_going":false,"_tribe_ticket_use_global_stock":"","_tribe_ticket_global_stock_level":"","_global_stock_mode":"","_global_stock_cap":"","_tribe_rsvp_for_event":"","_tribe_ticket_going_count":"","_tribe_ticket_not_going_count":"","_tribe_tickets_list":"[]","_tribe_ticket_has_attendee_info_fields":false},"news-category":[3],"news-topic":[22],"organisation":[149,178,146],"authorship":[126],"acf":[],"yoast_head":"<!-- This site is optimized with the Yoast SEO Premium plugin v22.3 (Yoast SEO v22.3) - https:\/\/yoast.com\/wordpress\/plugins\/seo\/ -->\n<title>Comment les in\u00e9galit\u00e9s de genre influencent diagnostics m\u00e9dical et traitements - FHSE actualit\u00e9s I Universit\u00e9 du Luxembourg<\/title>\n<meta name=\"description\" content=\"Malgr\u00e9 les avanc\u00e9es en mati\u00e8re de droits des femmes, les in\u00e9galit\u00e9s de genre persistent dans de nombreux domaines, y compris celui de la sant\u00e9. Les r\u00e9centes recherches de l\u2019Universit\u00e9 du Luxembourg r\u00e9v\u00e8lent que le genre influence le diagnostic et la prise en charge de certaines maladies, entra\u00eenant des biais et un manque de reconnaissance de sp\u00e9cificit\u00e9s f\u00e9minines.\" \/>\n<meta name=\"robots\" content=\"index, follow, max-snippet:-1, max-image-preview:large, max-video-preview:-1\" \/>\n<link rel=\"canonical\" href=\"https:\/\/www.uni.lu\/fhse-fr\/news\/how-gender-inequalities-influence-medical-diagnosis-and-treatment\/\" \/>\n<meta property=\"og:locale\" content=\"fr_FR\" \/>\n<meta property=\"og:type\" content=\"article\" \/>\n<meta property=\"og:title\" content=\"Comment les in\u00e9galit\u00e9s de genre influencent diagnostics m\u00e9dical et traitements\" \/>\n<meta property=\"og:description\" content=\"Malgr\u00e9 les avanc\u00e9es en mati\u00e8re de droits des femmes, les in\u00e9galit\u00e9s de genre persistent dans de nombreux domaines, y compris celui de la sant\u00e9. Les r\u00e9centes recherches de l\u2019Universit\u00e9 du Luxembourg r\u00e9v\u00e8lent que le genre influence le diagnostic et la prise en charge de certaines maladies, entra\u00eenant des biais et un manque de reconnaissance de sp\u00e9cificit\u00e9s f\u00e9minines.\" \/>\n<meta property=\"og:url\" content=\"https:\/\/www.uni.lu\/fhse-fr\/news\/how-gender-inequalities-influence-medical-diagnosis-and-treatment\/\" \/>\n<meta property=\"og:site_name\" content=\"FHSE FR\" \/>\n<meta property=\"article:modified_time\" content=\"2025-03-14T09:55:07+00:00\" \/>\n<meta property=\"og:image\" content=\"https:\/\/www.uni.lu\/wp-content\/uploads\/sites\/16\/2025\/03\/Healtcare_Inequalities-scaled.jpg\" \/>\n\t<meta property=\"og:image:width\" content=\"2560\" \/>\n\t<meta property=\"og:image:height\" content=\"1994\" \/>\n\t<meta property=\"og:image:type\" content=\"image\/jpeg\" \/>\n<meta name=\"twitter:card\" content=\"summary_large_image\" \/>\n<meta name=\"twitter:label1\" content=\"Dur\u00e9e de lecture estim\u00e9e\" \/>\n\t<meta name=\"twitter:data1\" content=\"4 minutes\" \/>\n<script type=\"application\/ld+json\" class=\"yoast-schema-graph\">{\"@context\":\"https:\/\/schema.org\",\"@graph\":[{\"@type\":\"NewsArticle\",\"@id\":\"https:\/\/www.uni.lu\/fhse-fr\/news\/how-gender-inequalities-influence-medical-diagnosis-and-treatment\/#article\",\"isPartOf\":{\"@id\":\"https:\/\/www.uni.lu\/fhse-fr\/news\/how-gender-inequalities-influence-medical-diagnosis-and-treatment\/\"},\"author\":{\"name\":\"arianehenry\",\"@id\":\"https:\/\/www.uni.lu\/fhse-fr\/#\/schema\/person\/50dac366965fc35b0dde6e8a18162560\"},\"headline\":\"Comment les in\u00e9galit\u00e9s de genre influencent diagnostics m\u00e9dical et traitements\",\"datePublished\":\"2025-03-14T09:49:48+00:00\",\"dateModified\":\"2025-03-14T09:55:07+00:00\",\"mainEntityOfPage\":{\"@id\":\"https:\/\/www.uni.lu\/fhse-fr\/news\/how-gender-inequalities-influence-medical-diagnosis-and-treatment\/\"},\"wordCount\":787,\"publisher\":{\"@id\":\"https:\/\/www.uni.lu\/fhse-fr\/#organization\"},\"image\":{\"@id\":\"https:\/\/www.uni.lu\/fhse-fr\/news\/how-gender-inequalities-influence-medical-diagnosis-and-treatment\/#primaryimage\"},\"thumbnailUrl\":\"https:\/\/www.uni.lu\/wp-content\/uploads\/sites\/16\/2025\/03\/Healtcare_Inequalities-scaled.jpg\",\"inLanguage\":\"fr-FR\"},{\"@type\":\"WebPage\",\"@id\":\"https:\/\/www.uni.lu\/fhse-fr\/news\/how-gender-inequalities-influence-medical-diagnosis-and-treatment\/\",\"url\":\"https:\/\/www.uni.lu\/fhse-fr\/news\/how-gender-inequalities-influence-medical-diagnosis-and-treatment\/\",\"name\":\"Comment les in\u00e9galit\u00e9s de genre influencent diagnostics m\u00e9dical et traitements - FHSE actualit\u00e9s I Universit\u00e9 du Luxembourg\",\"isPartOf\":{\"@id\":\"https:\/\/www.uni.lu\/fhse-fr\/#website\"},\"primaryImageOfPage\":{\"@id\":\"https:\/\/www.uni.lu\/fhse-fr\/news\/how-gender-inequalities-influence-medical-diagnosis-and-treatment\/#primaryimage\"},\"image\":{\"@id\":\"https:\/\/www.uni.lu\/fhse-fr\/news\/how-gender-inequalities-influence-medical-diagnosis-and-treatment\/#primaryimage\"},\"thumbnailUrl\":\"https:\/\/www.uni.lu\/wp-content\/uploads\/sites\/16\/2025\/03\/Healtcare_Inequalities-scaled.jpg\",\"datePublished\":\"2025-03-14T09:49:48+00:00\",\"dateModified\":\"2025-03-14T09:55:07+00:00\",\"description\":\"Malgr\u00e9 les avanc\u00e9es en mati\u00e8re de droits des femmes, les in\u00e9galit\u00e9s de genre persistent dans de nombreux domaines, y compris celui de la sant\u00e9. Les r\u00e9centes recherches de l\u2019Universit\u00e9 du Luxembourg r\u00e9v\u00e8lent que le genre influence le diagnostic et la prise en charge de certaines maladies, entra\u00eenant des biais et un manque de reconnaissance de sp\u00e9cificit\u00e9s f\u00e9minines.\",\"breadcrumb\":{\"@id\":\"https:\/\/www.uni.lu\/fhse-fr\/news\/how-gender-inequalities-influence-medical-diagnosis-and-treatment\/#breadcrumb\"},\"inLanguage\":\"fr-FR\",\"potentialAction\":[{\"@type\":\"ReadAction\",\"target\":[\"https:\/\/www.uni.lu\/fhse-fr\/news\/how-gender-inequalities-influence-medical-diagnosis-and-treatment\/\"]}]},{\"@type\":\"ImageObject\",\"inLanguage\":\"fr-FR\",\"@id\":\"https:\/\/www.uni.lu\/fhse-fr\/news\/how-gender-inequalities-influence-medical-diagnosis-and-treatment\/#primaryimage\",\"url\":\"https:\/\/www.uni.lu\/wp-content\/uploads\/sites\/16\/2025\/03\/Healtcare_Inequalities-scaled.jpg\",\"contentUrl\":\"https:\/\/www.uni.lu\/wp-content\/uploads\/sites\/16\/2025\/03\/Healtcare_Inequalities-scaled.jpg\",\"width\":2560,\"height\":1994},{\"@type\":\"BreadcrumbList\",\"@id\":\"https:\/\/www.uni.lu\/fhse-fr\/news\/how-gender-inequalities-influence-medical-diagnosis-and-treatment\/#breadcrumb\",\"itemListElement\":[{\"@type\":\"ListItem\",\"position\":1,\"name\":\"Home\",\"item\":\"https:\/\/www.uni.lu\/fr\"},{\"@type\":\"ListItem\",\"position\":2,\"name\":\"Facult\u00e9 des Sciences Humaines, des Sciences de l\u2019\u00c9ducation et des Sciences Sociales\u200b\",\"item\":\"https:\/\/www.uni.lu\/fhse-fr\/\"},{\"@type\":\"ListItem\",\"position\":3,\"name\":\"News\",\"item\":\"https:\/\/www.uni.lu\/fhse-fr\/news\/\"},{\"@type\":\"ListItem\",\"position\":4,\"name\":\"Comment les in\u00e9galit\u00e9s de genre influencent diagnostics m\u00e9dical et traitements\"}]},{\"@type\":\"WebSite\",\"@id\":\"https:\/\/www.uni.lu\/fhse-fr\/#website\",\"url\":\"https:\/\/www.uni.lu\/fhse-fr\/\",\"name\":\"FHSE\",\"description\":\"Facult\u00e9 des Sciences Humaines, des Sciences de l\u2019\u00c9ducation et des Sciences Sociales\u200b I Uni.lu\",\"publisher\":{\"@id\":\"https:\/\/www.uni.lu\/fhse-fr\/#organization\"},\"alternateName\":\"Facult\u00e9 des Sciences Humaines, des Sciences de l\u2019\u00c9ducation et des Sciences Sociales\u200b I Universit\u00e9 du Luxembourg\",\"potentialAction\":[{\"@type\":\"SearchAction\",\"target\":{\"@type\":\"EntryPoint\",\"urlTemplate\":\"https:\/\/www.uni.lu\/fhse-fr\/?s={search_term_string}\"},\"query-input\":\"required name=search_term_string\"}],\"inLanguage\":\"fr-FR\"},{\"@type\":\"Organization\",\"@id\":\"https:\/\/www.uni.lu\/fhse-fr\/#organization\",\"name\":\"FHSE - Universit\u00e9 du Luxembourg I Uni.lu\",\"alternateName\":\"Facult\u00e9 des Sciences Humaines, des Sciences de l\u2019\u00c9ducation et des Sciences Sociales\u200b\",\"url\":\"https:\/\/www.uni.lu\/fhse-fr\/\",\"logo\":{\"@type\":\"ImageObject\",\"inLanguage\":\"fr-FR\",\"@id\":\"https:\/\/www.uni.lu\/fhse-fr\/#\/schema\/logo\/image\/\",\"url\":\"https:\/\/www.uni.lu\/wp-content\/uploads\/sites\/16\/2026\/03\/03112325\/FHSE_SM-Profile_1600x1600px-scaled.jpg\",\"contentUrl\":\"https:\/\/www.uni.lu\/wp-content\/uploads\/sites\/16\/2026\/03\/03112325\/FHSE_SM-Profile_1600x1600px-scaled.jpg\",\"width\":2560,\"height\":2560,\"caption\":\"FHSE - Universit\u00e9 du Luxembourg I Uni.lu\"},\"image\":\"https:\/\/www.uni.lu\/wp-content\/uploads\/sites\/16\/2026\/04\/24144331\/20200609-Belval-Campus_Henri-Goergen-23.jpg\",\"sameAs\":[\"https:\/\/humanities.uni.lu\/\"],\"email\":\"communication@uni.lu\",\"telephone\":\"+3524666441\",\"address\":{\"@type\":\"PostalAddress\",\"streetAddress\":\"11, Porte des Sciences\",\"addressLocality\":\"Esch-sur-Alzette\",\"postalCode\":\"4365\",\"addressCountry\":\"LU\"},\"description\":\"Facult\u00e9 des Sciences Humaines, des Sciences de l\u2019\u00c9ducation et des Sciences Sociales\u200b I Uni.lu\"},{\"@type\":\"Person\",\"@id\":\"https:\/\/www.uni.lu\/fhse-fr\/#\/schema\/person\/50dac366965fc35b0dde6e8a18162560\",\"name\":\"arianehenry\",\"image\":{\"@type\":\"ImageObject\",\"inLanguage\":\"fr-FR\",\"@id\":\"https:\/\/www.uni.lu\/fhse-fr\/#\/schema\/person\/image\/\",\"url\":\"https:\/\/secure.gravatar.com\/avatar\/e55b62daeed975e86d45b47f53bc22c9?s=96&d=mm&r=g\",\"contentUrl\":\"https:\/\/secure.gravatar.com\/avatar\/e55b62daeed975e86d45b47f53bc22c9?s=96&d=mm&r=g\",\"caption\":\"arianehenry\"}}]}<\/script>\n<!-- \/ Yoast SEO Premium plugin. -->","yoast_head_json":{"title":"Comment les in\u00e9galit\u00e9s de genre influencent diagnostics m\u00e9dical et traitements - FHSE actualit\u00e9s I Universit\u00e9 du Luxembourg","description":"Malgr\u00e9 les avanc\u00e9es en mati\u00e8re de droits des femmes, les in\u00e9galit\u00e9s de genre persistent dans de nombreux domaines, y compris celui de la sant\u00e9. Les r\u00e9centes recherches de l\u2019Universit\u00e9 du Luxembourg r\u00e9v\u00e8lent que le genre influence le diagnostic et la prise en charge de certaines maladies, entra\u00eenant des biais et un manque de reconnaissance de sp\u00e9cificit\u00e9s f\u00e9minines.","robots":{"index":"index","follow":"follow","max-snippet":"max-snippet:-1","max-image-preview":"max-image-preview:large","max-video-preview":"max-video-preview:-1"},"canonical":"https:\/\/www.uni.lu\/fhse-fr\/news\/how-gender-inequalities-influence-medical-diagnosis-and-treatment\/","og_locale":"fr_FR","og_type":"article","og_title":"Comment les in\u00e9galit\u00e9s de genre influencent diagnostics m\u00e9dical et traitements","og_description":"Malgr\u00e9 les avanc\u00e9es en mati\u00e8re de droits des femmes, les in\u00e9galit\u00e9s de genre persistent dans de nombreux domaines, y compris celui de la sant\u00e9. Les r\u00e9centes recherches de l\u2019Universit\u00e9 du Luxembourg r\u00e9v\u00e8lent que le genre influence le diagnostic et la prise en charge de certaines maladies, entra\u00eenant des biais et un manque de reconnaissance de sp\u00e9cificit\u00e9s f\u00e9minines.","og_url":"https:\/\/www.uni.lu\/fhse-fr\/news\/how-gender-inequalities-influence-medical-diagnosis-and-treatment\/","og_site_name":"FHSE FR","article_modified_time":"2025-03-14T09:55:07+00:00","og_image":[{"width":2560,"height":1994,"url":"https:\/\/www.uni.lu\/wp-content\/uploads\/sites\/16\/2025\/03\/Healtcare_Inequalities-scaled.jpg","type":"image\/jpeg"}],"twitter_card":"summary_large_image","twitter_misc":{"Dur\u00e9e de lecture estim\u00e9e":"4 minutes"},"schema":{"@context":"https:\/\/schema.org","@graph":[{"@type":"NewsArticle","@id":"https:\/\/www.uni.lu\/fhse-fr\/news\/how-gender-inequalities-influence-medical-diagnosis-and-treatment\/#article","isPartOf":{"@id":"https:\/\/www.uni.lu\/fhse-fr\/news\/how-gender-inequalities-influence-medical-diagnosis-and-treatment\/"},"author":{"name":"arianehenry","@id":"https:\/\/www.uni.lu\/fhse-fr\/#\/schema\/person\/50dac366965fc35b0dde6e8a18162560"},"headline":"Comment les in\u00e9galit\u00e9s de genre influencent diagnostics m\u00e9dical et traitements","datePublished":"2025-03-14T09:49:48+00:00","dateModified":"2025-03-14T09:55:07+00:00","mainEntityOfPage":{"@id":"https:\/\/www.uni.lu\/fhse-fr\/news\/how-gender-inequalities-influence-medical-diagnosis-and-treatment\/"},"wordCount":787,"publisher":{"@id":"https:\/\/www.uni.lu\/fhse-fr\/#organization"},"image":{"@id":"https:\/\/www.uni.lu\/fhse-fr\/news\/how-gender-inequalities-influence-medical-diagnosis-and-treatment\/#primaryimage"},"thumbnailUrl":"https:\/\/www.uni.lu\/wp-content\/uploads\/sites\/16\/2025\/03\/Healtcare_Inequalities-scaled.jpg","inLanguage":"fr-FR"},{"@type":"WebPage","@id":"https:\/\/www.uni.lu\/fhse-fr\/news\/how-gender-inequalities-influence-medical-diagnosis-and-treatment\/","url":"https:\/\/www.uni.lu\/fhse-fr\/news\/how-gender-inequalities-influence-medical-diagnosis-and-treatment\/","name":"Comment les in\u00e9galit\u00e9s de genre influencent diagnostics m\u00e9dical et traitements - FHSE actualit\u00e9s I Universit\u00e9 du Luxembourg","isPartOf":{"@id":"https:\/\/www.uni.lu\/fhse-fr\/#website"},"primaryImageOfPage":{"@id":"https:\/\/www.uni.lu\/fhse-fr\/news\/how-gender-inequalities-influence-medical-diagnosis-and-treatment\/#primaryimage"},"image":{"@id":"https:\/\/www.uni.lu\/fhse-fr\/news\/how-gender-inequalities-influence-medical-diagnosis-and-treatment\/#primaryimage"},"thumbnailUrl":"https:\/\/www.uni.lu\/wp-content\/uploads\/sites\/16\/2025\/03\/Healtcare_Inequalities-scaled.jpg","datePublished":"2025-03-14T09:49:48+00:00","dateModified":"2025-03-14T09:55:07+00:00","description":"Malgr\u00e9 les avanc\u00e9es en mati\u00e8re de droits des femmes, les in\u00e9galit\u00e9s de genre persistent dans de nombreux domaines, y compris celui de la sant\u00e9. Les r\u00e9centes recherches de l\u2019Universit\u00e9 du Luxembourg r\u00e9v\u00e8lent que le genre influence le diagnostic et la prise en charge de certaines maladies, entra\u00eenant des biais et un manque de reconnaissance de sp\u00e9cificit\u00e9s f\u00e9minines.","breadcrumb":{"@id":"https:\/\/www.uni.lu\/fhse-fr\/news\/how-gender-inequalities-influence-medical-diagnosis-and-treatment\/#breadcrumb"},"inLanguage":"fr-FR","potentialAction":[{"@type":"ReadAction","target":["https:\/\/www.uni.lu\/fhse-fr\/news\/how-gender-inequalities-influence-medical-diagnosis-and-treatment\/"]}]},{"@type":"ImageObject","inLanguage":"fr-FR","@id":"https:\/\/www.uni.lu\/fhse-fr\/news\/how-gender-inequalities-influence-medical-diagnosis-and-treatment\/#primaryimage","url":"https:\/\/www.uni.lu\/wp-content\/uploads\/sites\/16\/2025\/03\/Healtcare_Inequalities-scaled.jpg","contentUrl":"https:\/\/www.uni.lu\/wp-content\/uploads\/sites\/16\/2025\/03\/Healtcare_Inequalities-scaled.jpg","width":2560,"height":1994},{"@type":"BreadcrumbList","@id":"https:\/\/www.uni.lu\/fhse-fr\/news\/how-gender-inequalities-influence-medical-diagnosis-and-treatment\/#breadcrumb","itemListElement":[{"@type":"ListItem","position":1,"name":"Home","item":"https:\/\/www.uni.lu\/fr"},{"@type":"ListItem","position":2,"name":"Facult\u00e9 des Sciences Humaines, des Sciences de l\u2019\u00c9ducation et des Sciences Sociales\u200b","item":"https:\/\/www.uni.lu\/fhse-fr\/"},{"@type":"ListItem","position":3,"name":"News","item":"https:\/\/www.uni.lu\/fhse-fr\/news\/"},{"@type":"ListItem","position":4,"name":"Comment les in\u00e9galit\u00e9s de genre influencent diagnostics m\u00e9dical et traitements"}]},{"@type":"WebSite","@id":"https:\/\/www.uni.lu\/fhse-fr\/#website","url":"https:\/\/www.uni.lu\/fhse-fr\/","name":"FHSE","description":"Facult\u00e9 des Sciences Humaines, des Sciences de l\u2019\u00c9ducation et des Sciences Sociales\u200b I Uni.lu","publisher":{"@id":"https:\/\/www.uni.lu\/fhse-fr\/#organization"},"alternateName":"Facult\u00e9 des Sciences Humaines, des Sciences de l\u2019\u00c9ducation et des Sciences Sociales\u200b I Universit\u00e9 du Luxembourg","potentialAction":[{"@type":"SearchAction","target":{"@type":"EntryPoint","urlTemplate":"https:\/\/www.uni.lu\/fhse-fr\/?s={search_term_string}"},"query-input":"required name=search_term_string"}],"inLanguage":"fr-FR"},{"@type":"Organization","@id":"https:\/\/www.uni.lu\/fhse-fr\/#organization","name":"FHSE - Universit\u00e9 du Luxembourg I Uni.lu","alternateName":"Facult\u00e9 des Sciences Humaines, des Sciences de l\u2019\u00c9ducation et des Sciences Sociales\u200b","url":"https:\/\/www.uni.lu\/fhse-fr\/","logo":{"@type":"ImageObject","inLanguage":"fr-FR","@id":"https:\/\/www.uni.lu\/fhse-fr\/#\/schema\/logo\/image\/","url":"https:\/\/www.uni.lu\/wp-content\/uploads\/sites\/16\/2026\/03\/03112325\/FHSE_SM-Profile_1600x1600px-scaled.jpg","contentUrl":"https:\/\/www.uni.lu\/wp-content\/uploads\/sites\/16\/2026\/03\/03112325\/FHSE_SM-Profile_1600x1600px-scaled.jpg","width":2560,"height":2560,"caption":"FHSE - Universit\u00e9 du Luxembourg I Uni.lu"},"image":"https:\/\/www.uni.lu\/wp-content\/uploads\/sites\/16\/2026\/04\/24144331\/20200609-Belval-Campus_Henri-Goergen-23.jpg","sameAs":["https:\/\/humanities.uni.lu\/"],"email":"communication@uni.lu","telephone":"+3524666441","address":{"@type":"PostalAddress","streetAddress":"11, Porte des Sciences","addressLocality":"Esch-sur-Alzette","postalCode":"4365","addressCountry":"LU"},"description":"Facult\u00e9 des Sciences Humaines, des Sciences de l\u2019\u00c9ducation et des Sciences Sociales\u200b I Uni.lu"},{"@type":"Person","@id":"https:\/\/www.uni.lu\/fhse-fr\/#\/schema\/person\/50dac366965fc35b0dde6e8a18162560","name":"arianehenry","image":{"@type":"ImageObject","inLanguage":"fr-FR","@id":"https:\/\/www.uni.lu\/fhse-fr\/#\/schema\/person\/image\/","url":"https:\/\/secure.gravatar.com\/avatar\/e55b62daeed975e86d45b47f53bc22c9?s=96&d=mm&r=g","contentUrl":"https:\/\/secure.gravatar.com\/avatar\/e55b62daeed975e86d45b47f53bc22c9?s=96&d=mm&r=g","caption":"arianehenry"}}]}},"blog_id":16,"_links":{"self":[{"href":"https:\/\/www.uni.lu\/fhse-fr\/wp-json\/wp\/v2\/news\/4545"}],"collection":[{"href":"https:\/\/www.uni.lu\/fhse-fr\/wp-json\/wp\/v2\/news"}],"about":[{"href":"https:\/\/www.uni.lu\/fhse-fr\/wp-json\/wp\/v2\/types\/news"}],"author":[{"embeddable":true,"href":"https:\/\/www.uni.lu\/fhse-fr\/wp-json\/wp\/v2\/users\/126"}],"version-history":[{"count":3,"href":"https:\/\/www.uni.lu\/fhse-fr\/wp-json\/wp\/v2\/news\/4545\/revisions"}],"predecessor-version":[{"id":4550,"href":"https:\/\/www.uni.lu\/fhse-fr\/wp-json\/wp\/v2\/news\/4545\/revisions\/4550"}],"wp:authorship":[{"embeddable":true,"href":"https:\/\/www.uni.lu\/fhse-fr\/wp-json\/wp\/v2\/users\/126"}],"wp:featuredmedia":[{"embeddable":true,"href":"https:\/\/www.uni.lu\/fhse-fr\/wp-json\/wp\/v2\/media\/4549"}],"wp:attachment":[{"href":"https:\/\/www.uni.lu\/fhse-fr\/wp-json\/wp\/v2\/media?parent=4545"}],"wp:term":[{"taxonomy":"news-category","embeddable":true,"href":"https:\/\/www.uni.lu\/fhse-fr\/wp-json\/wp\/v2\/news-category?post=4545"},{"taxonomy":"news-topic","embeddable":true,"href":"https:\/\/www.uni.lu\/fhse-fr\/wp-json\/wp\/v2\/news-topic?post=4545"},{"taxonomy":"organisation","embeddable":true,"href":"https:\/\/www.uni.lu\/fhse-fr\/wp-json\/wp\/v2\/organisation?post=4545"}],"curies":[{"name":"wp","href":"https:\/\/api.w.org\/{rel}","templated":true}]}}