{"id":4489,"date":"2025-02-26T11:01:30","date_gmt":"2025-02-26T10:01:30","guid":{"rendered":"https:\/\/www.uni.lu\/fhse-fr\/?post_type=news&#038;p=4489"},"modified":"2025-02-27T08:30:11","modified_gmt":"2025-02-27T07:30:11","slug":"les-25-34-ans-les-plus-critiques-envers-le-gouvernement","status":"publish","type":"news","link":"https:\/\/www.uni.lu\/fhse-fr\/news\/les-25-34-ans-les-plus-critiques-envers-le-gouvernement\/","title":{"rendered":"Uni.lu dans les m\u00e9dias : les 25-34 ans les plus critiques envers le gouvernement"},"content":{"rendered":"\n<section class=\"wp-block-unilux-blocks-free-section section\"><div class=\"container xl:max-w-screen-xl\">\n<p>L\u2019\u00e9tude Polindex 2024, pr\u00e9sent\u00e9e par Prof. Philippe Poirier, dresse un bilan de l\u2019\u00e9tat de la d\u00e9mocratie au Luxembourg. Elle r\u00e9v\u00e8le notamment que les 25-34 ans des citoyens luxembourgeois se montrent les plus critiques (pr\u00e8s de 40% de d\u00e9fiance) envers le gouvernement CSV-DP.<\/p>\n\n\n\n<p>\u00c9coutez ou lisez les interventions m\u00e9diatiques sur l\u2019\u00e9tude :<\/p>\n\n\n\n<p><\/p>\n\n\n<div class=\"wp-block-unilux-blocks-spacer is-spacer-size-sm\"><\/div>\n\n\n<div class=\"wp-block-unilux-blocks-guidebook-list-wrapper guidebook\">\n<header class=\"wp-block-unilux-blocks-wrapper guidebook__header\">\n<h3 class=\"guidebook__title has-text-align-left wp-block-unilux-blocks-heading\"        id=\"liens-en-francais\"\n    >\nLiens en fran\u00e7ais<\/h3>\n\n\n\n<p><\/p>\n<\/header>\n\n\n<ul class=\"guidebook__listing  wp-block-unilux-blocks-guidebook-list\">\n    <li class=\"guidebook__item  wp-block-unilux-blocks-guidebook-list-item\">\n        <a\n        href=\"https:\/\/paperjam.lu\/article\/un-tiers-de-lelectorat-ne-fait-pas-confiance-au-gouvernement\"\n        class=\"quick-link\"\n        target=\"_blank\"\n    >\n            \n<div class=\"wp-block-unilux-blocks-wrapper guidebook__visual\"><figure class=\"wp-block-dev4-reusable-blocks-image w-full object-fit--cover\">\n        <\/figure><\/div>\n\n<div class=\"wp-block-unilux-blocks-wrapper guidebook__body\">\n<h4 class=\"guidebook__name has-text-align-left wp-block-unilux-blocks-heading\"        id=\"les-25-34-ans-les-plus-critiques-envers-le-gouvernement\"\n    >\nLes 25-34 ans les plus critiques envers le gouvernement<\/h4>\n\n\n\n<cite class=\"wp-block-unilux-blocks-plain-text\">Paperjam<\/cite><\/div>\n        <\/a>\n    <\/li><li class=\"guidebook__item  wp-block-unilux-blocks-guidebook-list-item\">\n        <a\n        href=\"https:\/\/lequotidien.lu\/a-la-une\/democratie-au-luxembourg-la-confiance-serode\/\"\n        class=\"quick-link\"\n        target=\"_blank\"\n    >\n            \n<div class=\"wp-block-unilux-blocks-wrapper guidebook__visual\"><figure class=\"wp-block-dev4-reusable-blocks-image w-full object-fit--cover\">\n        <\/figure><\/div>\n\n<div class=\"wp-block-unilux-blocks-wrapper guidebook__body\">\n<h4 class=\"guidebook__name has-text-align-left wp-block-unilux-blocks-heading\"        id=\"democratie-au-luxembourg-la-confiance-serode\"\n    >\nD\u00e9mocratie au Luxembourg : la confiance s\u2019\u00e9rode<\/h4>\n\n\n\n<cite class=\"wp-block-unilux-blocks-plain-text\">Quotidien<\/cite><\/div>\n        <\/a>\n    <\/li><li class=\"guidebook__item  wp-block-unilux-blocks-guidebook-list-item\">\n        <a\n        href=\"https:\/\/www.virgule.lu\/luxembourg\/un-tiers-des-citoyens-au-luxembourg-jugent-la-democratie-inefficace\/44384532.html\"\n        class=\"quick-link\"\n        target=\"_blank\"\n    >\n            \n<div class=\"wp-block-unilux-blocks-wrapper guidebook__visual\"><figure class=\"wp-block-dev4-reusable-blocks-image w-full object-fit--cover\">\n        <\/figure><\/div>\n\n<div class=\"wp-block-unilux-blocks-wrapper guidebook__body\">\n<h4 class=\"guidebook__name has-text-align-left wp-block-unilux-blocks-heading\"        id=\"un-tiers-des-citoyens-au-luxembourg-jugent-la-democratie-inefficace\"\n    >\nUn tiers des citoyens au Luxembourg jugent la d\u00e9mocratie \u00abinefficace\u00bb<\/h4>\n\n\n\n<cite class=\"wp-block-unilux-blocks-plain-text\">Virgule<\/cite><\/div>\n        <\/a>\n    <\/li><li class=\"guidebook__item  wp-block-unilux-blocks-guidebook-list-item\">\n        <a\n        href=\"https:\/\/infos.rtl.lu\/actu\/luxembourg\/a\/2280150.html\"\n        class=\"quick-link\"\n        target=\"_blank\"\n    >\n            \n<div class=\"wp-block-unilux-blocks-wrapper guidebook__visual\"><figure class=\"wp-block-dev4-reusable-blocks-image w-full object-fit--cover\">\n        <\/figure><\/div>\n\n<div class=\"wp-block-unilux-blocks-wrapper guidebook__body\">\n<h4 class=\"guidebook__name has-text-align-left wp-block-unilux-blocks-heading\"        id=\"la-confiance-de-la-population-a-legard-de-la-democratie-est-en-leger-recul\"\n    >\nLa confiance de la population \u00e0 l&rsquo;\u00e9gard de la d\u00e9mocratie est en l\u00e9ger recul<\/h4>\n\n\n\n<cite class=\"wp-block-unilux-blocks-plain-text\">RTL Infos<\/cite><\/div>\n        <\/a>\n    <\/li><\/ul><\/div>\n\n\n\n<div class=\"wp-block-unilux-blocks-guidebook-list-wrapper guidebook\">\n<header class=\"wp-block-unilux-blocks-wrapper guidebook__header\">\n<h3 class=\"guidebook__title has-text-align-left wp-block-unilux-blocks-heading\"        id=\"liens-en-anglais\"\n    >\nLiens en anglais<\/h3>\n\n\n\n<p><\/p>\n<\/header>\n\n\n<ul class=\"guidebook__listing  wp-block-unilux-blocks-guidebook-list\">\n    <li class=\"guidebook__item  wp-block-unilux-blocks-guidebook-list-item\">\n        <a\n        href=\"https:\/\/delano.lu\/article\/a-third-of-the-electorate-has-no-confidence-in-the-government\"\n        class=\"quick-link\"\n        target=\"_blank\"\n    >\n            \n<div class=\"wp-block-unilux-blocks-wrapper guidebook__visual\"><figure class=\"wp-block-dev4-reusable-blocks-image w-full object-fit--cover\">\n        <\/figure><\/div>\n\n<div class=\"wp-block-unilux-blocks-wrapper guidebook__body\">\n<h4 class=\"guidebook__name has-text-align-left wp-block-unilux-blocks-heading\"        id=\"a-third-of-the-electorate-has-no-confidence-in-the-government\"\n    >\nA third of the electorate has no confidence in the government<\/h4>\n\n\n\n<cite class=\"wp-block-unilux-blocks-plain-text\">Delano<\/cite><\/div>\n        <\/a>\n    <\/li><li class=\"guidebook__item  wp-block-unilux-blocks-guidebook-list-item\">\n        <a\n        href=\"https:\/\/www.luxtimes.lu\/luxembourg\/language-major-barrier-for-foreigners-interested-in-politics\/44547415.html\"\n        class=\"quick-link\"\n        target=\"_blank\"\n    >\n            \n<div class=\"wp-block-unilux-blocks-wrapper guidebook__visual\"><figure class=\"wp-block-dev4-reusable-blocks-image w-full object-fit--cover\">\n        <\/figure><\/div>\n\n<div class=\"wp-block-unilux-blocks-wrapper guidebook__body\">\n<h4 class=\"guidebook__name has-text-align-left wp-block-unilux-blocks-heading\"        id=\"language-major-barrier-for-foreigners-interested-in-politics\"\n    >\nLanguage major barrier for foreigners interested in politics<\/h4>\n\n\n\n<cite class=\"wp-block-unilux-blocks-plain-text\">Luxembourg Times<\/cite><\/div>\n        <\/a>\n    <\/li><li class=\"guidebook__item  wp-block-unilux-blocks-guidebook-list-item\">\n        <a\n        href=\"https:\/\/today.rtl.lu\/news\/luxembourg\/a\/2280147.html\"\n        class=\"quick-link\"\n        target=\"_blank\"\n    >\n            \n<div class=\"wp-block-unilux-blocks-wrapper guidebook__visual\"><figure class=\"wp-block-dev4-reusable-blocks-image w-full object-fit--cover\">\n        <\/figure><\/div>\n\n<div class=\"wp-block-unilux-blocks-wrapper guidebook__body\">\n<h4 class=\"guidebook__name has-text-align-left wp-block-unilux-blocks-heading\"        id=\"young-luxembourgers-less-convinced-of-democracy-as-best-system-survey-finds\"\n    >\nYoung Luxembourgers less convinced of democracy as best system, survey finds<\/h4>\n\n\n\n<cite class=\"wp-block-unilux-blocks-plain-text\">RTL Today<\/cite><\/div>\n        <\/a>\n    <\/li><\/ul><\/div>\n\n\n\n<div class=\"wp-block-unilux-blocks-guidebook-list-wrapper guidebook\">\n<header class=\"wp-block-unilux-blocks-wrapper guidebook__header\">\n<h3 class=\"guidebook__title has-text-align-left wp-block-unilux-blocks-heading\"        id=\"liens-en-allemand-et-luxembourgeois\"\n    >\nLiens en allemand et luxembourgeois<\/h3>\n\n\n\n<p><\/p>\n<\/header>\n\n\n<ul class=\"guidebook__listing  wp-block-unilux-blocks-guidebook-list\">\n    <li class=\"guidebook__item  wp-block-unilux-blocks-guidebook-list-item\">\n        <a\n        href=\"https:\/\/www.rtl.lu\/news\/national\/a\/2280109.html\"\n        class=\"quick-link\"\n        target=\"_blank\"\n    >\n            \n<div class=\"wp-block-unilux-blocks-wrapper guidebook__visual\"><figure class=\"wp-block-dev4-reusable-blocks-image w-full object-fit--cover\">\n        <\/figure><\/div>\n\n<div class=\"wp-block-unilux-blocks-wrapper guidebook__body\">\n<h4 class=\"guidebook__name has-text-align-left wp-block-unilux-blocks-heading\"        id=\"dzefriddenheet-vun-de-leit-mat-der-demokratie-helt-liicht-of\"\n    >\nD&rsquo;Zefriddenheet vun de Leit mat der Demokratie h\u00eblt liicht of<\/h4>\n\n\n\n<cite class=\"wp-block-unilux-blocks-plain-text\">RTL<\/cite><\/div>\n        <\/a>\n    <\/li><li class=\"guidebook__item  wp-block-unilux-blocks-guidebook-list-item\">\n        <a\n        href=\"https:\/\/www.tageblatt.lu\/headlines\/demokratie-mit-nachwuchsproblem-ein-drittel-der-jungen-luxemburger-zweifelt-an-staatsform\/\"\n        class=\"quick-link\"\n        target=\"_blank\"\n    >\n            \n<div class=\"wp-block-unilux-blocks-wrapper guidebook__visual\"><figure class=\"wp-block-dev4-reusable-blocks-image w-full object-fit--cover\">\n        <\/figure><\/div>\n\n<div class=\"wp-block-unilux-blocks-wrapper guidebook__body\">\n<h4 class=\"guidebook__name has-text-align-left wp-block-unilux-blocks-heading\"        id=\"demokratie-mit-nachwuchsproblem-ein-drittel-der-jungen-luxemburger-zweifelt-an-staatsform\"\n    >\nDemokratie mit Nachwuchsproblem: Ein Drittel der jungen Luxemburger zweifelt an Staatsform<\/h4>\n\n\n\n<cite class=\"wp-block-unilux-blocks-plain-text\">Tageblatt<\/cite><\/div>\n        <\/a>\n    <\/li><li class=\"guidebook__item  wp-block-unilux-blocks-guidebook-list-item\">\n        <a\n        href=\"https:\/\/www.wort.lu\/politik\/ein-drittel-der-buerger-luxemburgs-haelt-demokratie-fuer-ineffektiv\/44607697.html\"\n        class=\"quick-link\"\n        target=\"_blank\"\n    >\n            \n<div class=\"wp-block-unilux-blocks-wrapper guidebook__visual\"><figure class=\"wp-block-dev4-reusable-blocks-image w-full object-fit--cover\">\n        <\/figure><\/div>\n\n<div class=\"wp-block-unilux-blocks-wrapper guidebook__body\">\n<h4 class=\"guidebook__name has-text-align-left wp-block-unilux-blocks-heading\"        id=\"ein-drittel-der-burger-luxemburgs-halt-demokratie-fur-ineffektiv\"\n    >\nEin Drittel der B\u00fcrger Luxemburgs h\u00e4lt Demokratie f\u00fcr \u201eineffektiv\u201c<\/h4>\n\n\n\n<cite class=\"wp-block-unilux-blocks-plain-text\">Luxemburger Wort<\/cite><\/div>\n        <\/a>\n    <\/li><\/ul><\/div>\n\n\n\n<p><\/p>\n\n\n\n<p><\/p>\n\n\n<section class=\"section section wp-block-unilux-blocks-quick-link-discover-section\">\n    <div class=\"container xl:max-w-screen-xl\">\n        \n<h2 class=\"has-text-align-left wp-block-unilux-blocks-heading\"        id=\"en-savoir-plus\"\n    >\nEn savoir plus<\/h2>\n\n<ul class=\"wp-block-unilux-blocks-quick-link-discover quick-link-list\">\n<li class=\"wp-block-unilux-blocks-quick-link-discover-item\">\n    <a\n                    href=\"https:\/\/www.uni.lu\/fhse-en\/research-projects\/polindex\/\"\n                    class=\"quick-link\"\n            target=\"\"\n    >\n            <span class=\"quick-link__container\">\n                <span class=\"quick-link__text\">\n                    POLINDEX &#8211; Political Observatory                <\/span>\n                <svg aria-hidden=\"true\" focusable=\"false\" class=\"icon icon-outline icon--arrow-right \"><use xlink:href=\"https:\/\/www.uni.lu\/wp-content\/themes\/unilux-theme\/assets\/images\/icons\/icons-outline.svg#icon--arrow-right\"><\/use><\/svg>            <\/span>\n    <\/a>\n<\/li>\n\n\n\n<li class=\"wp-block-unilux-blocks-quick-link-discover-item\">\n    <a\n                    href=\"https:\/\/www.uni.lu\/fhse-en\/news\/the-rise-of-the-far-right-in-europe-understanding-the-political-shift-through-research\/\"\n                    class=\"quick-link\"\n            target=\"\"\n    >\n            <span class=\"quick-link__container\">\n                <span class=\"quick-link__text\">\n                    The rise of the far-right in Europe: understanding the political shift through research.                <\/span>\n                <svg aria-hidden=\"true\" focusable=\"false\" class=\"icon icon-outline icon--arrow-right \"><use xlink:href=\"https:\/\/www.uni.lu\/wp-content\/themes\/unilux-theme\/assets\/images\/icons\/icons-outline.svg#icon--arrow-right\"><\/use><\/svg>            <\/span>\n    <\/a>\n<\/li>\n<\/ul>\n    <\/div>\n<\/section><\/div><\/section>\n","protected":false},"excerpt":{"rendered":"<p>L\u2019\u00e9tude Polindex\u00a02024, pr\u00e9sent\u00e9e ce mardi\u00a025\u00a0f\u00e9vrier, dresse un bilan de l\u2019\u00e9tat de la d\u00e9mocratie au Luxembourg<\/p>\n","protected":false},"author":126,"featured_media":4495,"template":"","format":"standard","meta":{"featured_image_focal_point":{"x":0.51,"y":0.5},"show_featured_caption":false,"ulux_newsletter_groups":"","uluxPostTitle":"","uluxPrePostTitle":"","_trash_the_other_posts":false,"_price":"","_stock":"","_tribe_ticket_header":"","_tribe_default_ticket_provider":"","_tribe_ticket_capacity":"0","_ticket_start_date":"","_ticket_end_date":"","_tribe_ticket_show_description":"","_tribe_ticket_show_not_going":false,"_tribe_ticket_use_global_stock":"","_tribe_ticket_global_stock_level":"","_global_stock_mode":"","_global_stock_cap":"","_tribe_rsvp_for_event":"","_tribe_ticket_going_count":"","_tribe_ticket_not_going_count":"","_tribe_tickets_list":"[]","_tribe_ticket_has_attendee_info_fields":false},"news-category":[3],"news-topic":[22],"organisation":[146],"authorship":[126],"acf":[],"yoast_head":"<!-- This site is optimized with the Yoast SEO Premium plugin v22.3 (Yoast SEO v22.3) - https:\/\/yoast.com\/wordpress\/plugins\/seo\/ -->\n<title>Uni.lu dans les m\u00e9dias : les 25-34 ans les plus critiques envers le gouvernement - FHSE actualit\u00e9s I Universit\u00e9 du Luxembourg<\/title>\n<meta name=\"description\" content=\"L\u2019\u00e9tude Polindex\u00a02024, pr\u00e9sent\u00e9e ce mardi\u00a025\u00a0f\u00e9vrier, dresse un bilan de l\u2019\u00e9tat de la d\u00e9mocratie au Luxembourg\" \/>\n<meta name=\"robots\" content=\"index, follow, max-snippet:-1, max-image-preview:large, max-video-preview:-1\" \/>\n<link rel=\"canonical\" href=\"https:\/\/www.uni.lu\/fhse-fr\/news\/les-25-34-ans-les-plus-critiques-envers-le-gouvernement\/\" \/>\n<meta property=\"og:locale\" content=\"fr_FR\" \/>\n<meta property=\"og:type\" content=\"article\" \/>\n<meta property=\"og:title\" content=\"Uni.lu dans les m\u00e9dias : les 25-34 ans les plus critiques envers le gouvernement\" \/>\n<meta property=\"og:description\" content=\"L\u2019\u00e9tude Polindex\u00a02024, pr\u00e9sent\u00e9e ce mardi\u00a025\u00a0f\u00e9vrier, dresse un bilan de l\u2019\u00e9tat de la d\u00e9mocratie au Luxembourg\" \/>\n<meta property=\"og:url\" content=\"https:\/\/www.uni.lu\/fhse-fr\/news\/les-25-34-ans-les-plus-critiques-envers-le-gouvernement\/\" \/>\n<meta property=\"og:site_name\" content=\"FHSE FR\" \/>\n<meta property=\"article:modified_time\" content=\"2025-02-27T07:30:11+00:00\" \/>\n<meta property=\"og:image\" content=\"https:\/\/www.uni.lu\/wp-content\/uploads\/sites\/16\/2025\/02\/Sans-titre-3.png\" \/>\n\t<meta property=\"og:image:width\" content=\"1500\" \/>\n\t<meta property=\"og:image:height\" content=\"1125\" \/>\n\t<meta property=\"og:image:type\" content=\"image\/png\" \/>\n<meta name=\"twitter:card\" content=\"summary_large_image\" \/>\n<meta name=\"twitter:label1\" content=\"Dur\u00e9e de lecture estim\u00e9e\" \/>\n\t<meta name=\"twitter:data1\" content=\"1 minute\" \/>\n<script type=\"application\/ld+json\" class=\"yoast-schema-graph\">{\"@context\":\"https:\/\/schema.org\",\"@graph\":[{\"@type\":\"NewsArticle\",\"@id\":\"https:\/\/www.uni.lu\/fhse-fr\/news\/les-25-34-ans-les-plus-critiques-envers-le-gouvernement\/#article\",\"isPartOf\":{\"@id\":\"https:\/\/www.uni.lu\/fhse-fr\/news\/les-25-34-ans-les-plus-critiques-envers-le-gouvernement\/\"},\"author\":{\"name\":\"arianehenry\",\"@id\":\"https:\/\/www.uni.lu\/fhse-fr\/#\/schema\/person\/50dac366965fc35b0dde6e8a18162560\"},\"headline\":\"Uni.lu dans les m\u00e9dias : les 25-34 ans les plus critiques envers le gouvernement\",\"datePublished\":\"2025-02-26T10:01:30+00:00\",\"dateModified\":\"2025-02-27T07:30:11+00:00\",\"mainEntityOfPage\":{\"@id\":\"https:\/\/www.uni.lu\/fhse-fr\/news\/les-25-34-ans-les-plus-critiques-envers-le-gouvernement\/\"},\"wordCount\":74,\"publisher\":{\"@id\":\"https:\/\/www.uni.lu\/fhse-fr\/#organization\"},\"image\":{\"@id\":\"https:\/\/www.uni.lu\/fhse-fr\/news\/les-25-34-ans-les-plus-critiques-envers-le-gouvernement\/#primaryimage\"},\"thumbnailUrl\":\"https:\/\/www.uni.lu\/wp-content\/uploads\/sites\/16\/2025\/02\/Sans-titre-3.png\",\"inLanguage\":\"fr-FR\"},{\"@type\":\"WebPage\",\"@id\":\"https:\/\/www.uni.lu\/fhse-fr\/news\/les-25-34-ans-les-plus-critiques-envers-le-gouvernement\/\",\"url\":\"https:\/\/www.uni.lu\/fhse-fr\/news\/les-25-34-ans-les-plus-critiques-envers-le-gouvernement\/\",\"name\":\"Uni.lu dans les m\u00e9dias : les 25-34 ans les plus critiques envers le gouvernement - FHSE actualit\u00e9s I Universit\u00e9 du Luxembourg\",\"isPartOf\":{\"@id\":\"https:\/\/www.uni.lu\/fhse-fr\/#website\"},\"primaryImageOfPage\":{\"@id\":\"https:\/\/www.uni.lu\/fhse-fr\/news\/les-25-34-ans-les-plus-critiques-envers-le-gouvernement\/#primaryimage\"},\"image\":{\"@id\":\"https:\/\/www.uni.lu\/fhse-fr\/news\/les-25-34-ans-les-plus-critiques-envers-le-gouvernement\/#primaryimage\"},\"thumbnailUrl\":\"https:\/\/www.uni.lu\/wp-content\/uploads\/sites\/16\/2025\/02\/Sans-titre-3.png\",\"datePublished\":\"2025-02-26T10:01:30+00:00\",\"dateModified\":\"2025-02-27T07:30:11+00:00\",\"description\":\"L\u2019\u00e9tude Polindex\u00a02024, pr\u00e9sent\u00e9e ce mardi\u00a025\u00a0f\u00e9vrier, dresse un bilan de l\u2019\u00e9tat de la d\u00e9mocratie au Luxembourg\",\"breadcrumb\":{\"@id\":\"https:\/\/www.uni.lu\/fhse-fr\/news\/les-25-34-ans-les-plus-critiques-envers-le-gouvernement\/#breadcrumb\"},\"inLanguage\":\"fr-FR\",\"potentialAction\":[{\"@type\":\"ReadAction\",\"target\":[\"https:\/\/www.uni.lu\/fhse-fr\/news\/les-25-34-ans-les-plus-critiques-envers-le-gouvernement\/\"]}]},{\"@type\":\"ImageObject\",\"inLanguage\":\"fr-FR\",\"@id\":\"https:\/\/www.uni.lu\/fhse-fr\/news\/les-25-34-ans-les-plus-critiques-envers-le-gouvernement\/#primaryimage\",\"url\":\"https:\/\/www.uni.lu\/wp-content\/uploads\/sites\/16\/2025\/02\/Sans-titre-3.png\",\"contentUrl\":\"https:\/\/www.uni.lu\/wp-content\/uploads\/sites\/16\/2025\/02\/Sans-titre-3.png\",\"width\":1500,\"height\":1125,\"caption\":\"In the press screenshot of paperjam article on POLINDEX\"},{\"@type\":\"BreadcrumbList\",\"@id\":\"https:\/\/www.uni.lu\/fhse-fr\/news\/les-25-34-ans-les-plus-critiques-envers-le-gouvernement\/#breadcrumb\",\"itemListElement\":[{\"@type\":\"ListItem\",\"position\":1,\"name\":\"Home\",\"item\":\"https:\/\/www.uni.lu\/fr\"},{\"@type\":\"ListItem\",\"position\":2,\"name\":\"Facult\u00e9 des Sciences Humaines, des Sciences de l\u2019\u00c9ducation et des Sciences Sociales\u200b\",\"item\":\"https:\/\/www.uni.lu\/fhse-fr\/\"},{\"@type\":\"ListItem\",\"position\":3,\"name\":\"News\",\"item\":\"https:\/\/www.uni.lu\/fhse-fr\/news\/\"},{\"@type\":\"ListItem\",\"position\":4,\"name\":\"Uni.lu dans les m\u00e9dias : les 25-34 ans les plus critiques envers le gouvernement\"}]},{\"@type\":\"WebSite\",\"@id\":\"https:\/\/www.uni.lu\/fhse-fr\/#website\",\"url\":\"https:\/\/www.uni.lu\/fhse-fr\/\",\"name\":\"FHSE\",\"description\":\"Facult\u00e9 des Sciences Humaines, des Sciences de l\u2019\u00c9ducation et des Sciences Sociales\u200b I Uni.lu\",\"publisher\":{\"@id\":\"https:\/\/www.uni.lu\/fhse-fr\/#organization\"},\"alternateName\":\"Facult\u00e9 des Sciences Humaines, des Sciences de l\u2019\u00c9ducation et des Sciences Sociales\u200b I Universit\u00e9 du Luxembourg\",\"potentialAction\":[{\"@type\":\"SearchAction\",\"target\":{\"@type\":\"EntryPoint\",\"urlTemplate\":\"https:\/\/www.uni.lu\/fhse-fr\/?s={search_term_string}\"},\"query-input\":\"required name=search_term_string\"}],\"inLanguage\":\"fr-FR\"},{\"@type\":\"Organization\",\"@id\":\"https:\/\/www.uni.lu\/fhse-fr\/#organization\",\"name\":\"FHSE - Universit\u00e9 du Luxembourg I Uni.lu\",\"alternateName\":\"Facult\u00e9 des Sciences Humaines, des Sciences de l\u2019\u00c9ducation et des Sciences Sociales\u200b\",\"url\":\"https:\/\/www.uni.lu\/fhse-fr\/\",\"logo\":{\"@type\":\"ImageObject\",\"inLanguage\":\"fr-FR\",\"@id\":\"https:\/\/www.uni.lu\/fhse-fr\/#\/schema\/logo\/image\/\",\"url\":\"https:\/\/www.uni.lu\/wp-content\/uploads\/sites\/16\/2026\/03\/03112325\/FHSE_SM-Profile_1600x1600px-scaled.jpg\",\"contentUrl\":\"https:\/\/www.uni.lu\/wp-content\/uploads\/sites\/16\/2026\/03\/03112325\/FHSE_SM-Profile_1600x1600px-scaled.jpg\",\"width\":2560,\"height\":2560,\"caption\":\"FHSE - Universit\u00e9 du Luxembourg I Uni.lu\"},\"image\":\"https:\/\/www.uni.lu\/wp-content\/uploads\/sites\/16\/2026\/04\/24144331\/20200609-Belval-Campus_Henri-Goergen-23.jpg\",\"sameAs\":[\"https:\/\/humanities.uni.lu\/\"],\"email\":\"communication@uni.lu\",\"telephone\":\"+3524666441\",\"address\":{\"@type\":\"PostalAddress\",\"streetAddress\":\"11, Porte des Sciences\",\"addressLocality\":\"Esch-sur-Alzette\",\"postalCode\":\"4365\",\"addressCountry\":\"LU\"},\"description\":\"Facult\u00e9 des Sciences Humaines, des Sciences de l\u2019\u00c9ducation et des Sciences Sociales\u200b I Uni.lu\"},{\"@type\":\"Person\",\"@id\":\"https:\/\/www.uni.lu\/fhse-fr\/#\/schema\/person\/50dac366965fc35b0dde6e8a18162560\",\"name\":\"arianehenry\",\"image\":{\"@type\":\"ImageObject\",\"inLanguage\":\"fr-FR\",\"@id\":\"https:\/\/www.uni.lu\/fhse-fr\/#\/schema\/person\/image\/\",\"url\":\"https:\/\/secure.gravatar.com\/avatar\/e55b62daeed975e86d45b47f53bc22c9?s=96&d=mm&r=g\",\"contentUrl\":\"https:\/\/secure.gravatar.com\/avatar\/e55b62daeed975e86d45b47f53bc22c9?s=96&d=mm&r=g\",\"caption\":\"arianehenry\"}}]}<\/script>\n<!-- \/ Yoast SEO Premium plugin. -->","yoast_head_json":{"title":"Uni.lu dans les m\u00e9dias : les 25-34 ans les plus critiques envers le gouvernement - FHSE actualit\u00e9s I Universit\u00e9 du Luxembourg","description":"L\u2019\u00e9tude Polindex\u00a02024, pr\u00e9sent\u00e9e ce mardi\u00a025\u00a0f\u00e9vrier, dresse un bilan de l\u2019\u00e9tat de la d\u00e9mocratie au Luxembourg","robots":{"index":"index","follow":"follow","max-snippet":"max-snippet:-1","max-image-preview":"max-image-preview:large","max-video-preview":"max-video-preview:-1"},"canonical":"https:\/\/www.uni.lu\/fhse-fr\/news\/les-25-34-ans-les-plus-critiques-envers-le-gouvernement\/","og_locale":"fr_FR","og_type":"article","og_title":"Uni.lu dans les m\u00e9dias : les 25-34 ans les plus critiques envers le gouvernement","og_description":"L\u2019\u00e9tude Polindex\u00a02024, pr\u00e9sent\u00e9e ce mardi\u00a025\u00a0f\u00e9vrier, dresse un bilan de l\u2019\u00e9tat de la d\u00e9mocratie au Luxembourg","og_url":"https:\/\/www.uni.lu\/fhse-fr\/news\/les-25-34-ans-les-plus-critiques-envers-le-gouvernement\/","og_site_name":"FHSE FR","article_modified_time":"2025-02-27T07:30:11+00:00","og_image":[{"width":1500,"height":1125,"url":"https:\/\/www.uni.lu\/wp-content\/uploads\/sites\/16\/2025\/02\/Sans-titre-3.png","type":"image\/png"}],"twitter_card":"summary_large_image","twitter_misc":{"Dur\u00e9e de lecture estim\u00e9e":"1 minute"},"schema":{"@context":"https:\/\/schema.org","@graph":[{"@type":"NewsArticle","@id":"https:\/\/www.uni.lu\/fhse-fr\/news\/les-25-34-ans-les-plus-critiques-envers-le-gouvernement\/#article","isPartOf":{"@id":"https:\/\/www.uni.lu\/fhse-fr\/news\/les-25-34-ans-les-plus-critiques-envers-le-gouvernement\/"},"author":{"name":"arianehenry","@id":"https:\/\/www.uni.lu\/fhse-fr\/#\/schema\/person\/50dac366965fc35b0dde6e8a18162560"},"headline":"Uni.lu dans les m\u00e9dias : les 25-34 ans les plus critiques envers le gouvernement","datePublished":"2025-02-26T10:01:30+00:00","dateModified":"2025-02-27T07:30:11+00:00","mainEntityOfPage":{"@id":"https:\/\/www.uni.lu\/fhse-fr\/news\/les-25-34-ans-les-plus-critiques-envers-le-gouvernement\/"},"wordCount":74,"publisher":{"@id":"https:\/\/www.uni.lu\/fhse-fr\/#organization"},"image":{"@id":"https:\/\/www.uni.lu\/fhse-fr\/news\/les-25-34-ans-les-plus-critiques-envers-le-gouvernement\/#primaryimage"},"thumbnailUrl":"https:\/\/www.uni.lu\/wp-content\/uploads\/sites\/16\/2025\/02\/Sans-titre-3.png","inLanguage":"fr-FR"},{"@type":"WebPage","@id":"https:\/\/www.uni.lu\/fhse-fr\/news\/les-25-34-ans-les-plus-critiques-envers-le-gouvernement\/","url":"https:\/\/www.uni.lu\/fhse-fr\/news\/les-25-34-ans-les-plus-critiques-envers-le-gouvernement\/","name":"Uni.lu dans les m\u00e9dias : les 25-34 ans les plus critiques envers le gouvernement - FHSE actualit\u00e9s I Universit\u00e9 du Luxembourg","isPartOf":{"@id":"https:\/\/www.uni.lu\/fhse-fr\/#website"},"primaryImageOfPage":{"@id":"https:\/\/www.uni.lu\/fhse-fr\/news\/les-25-34-ans-les-plus-critiques-envers-le-gouvernement\/#primaryimage"},"image":{"@id":"https:\/\/www.uni.lu\/fhse-fr\/news\/les-25-34-ans-les-plus-critiques-envers-le-gouvernement\/#primaryimage"},"thumbnailUrl":"https:\/\/www.uni.lu\/wp-content\/uploads\/sites\/16\/2025\/02\/Sans-titre-3.png","datePublished":"2025-02-26T10:01:30+00:00","dateModified":"2025-02-27T07:30:11+00:00","description":"L\u2019\u00e9tude Polindex\u00a02024, pr\u00e9sent\u00e9e ce mardi\u00a025\u00a0f\u00e9vrier, dresse un bilan de l\u2019\u00e9tat de la d\u00e9mocratie au Luxembourg","breadcrumb":{"@id":"https:\/\/www.uni.lu\/fhse-fr\/news\/les-25-34-ans-les-plus-critiques-envers-le-gouvernement\/#breadcrumb"},"inLanguage":"fr-FR","potentialAction":[{"@type":"ReadAction","target":["https:\/\/www.uni.lu\/fhse-fr\/news\/les-25-34-ans-les-plus-critiques-envers-le-gouvernement\/"]}]},{"@type":"ImageObject","inLanguage":"fr-FR","@id":"https:\/\/www.uni.lu\/fhse-fr\/news\/les-25-34-ans-les-plus-critiques-envers-le-gouvernement\/#primaryimage","url":"https:\/\/www.uni.lu\/wp-content\/uploads\/sites\/16\/2025\/02\/Sans-titre-3.png","contentUrl":"https:\/\/www.uni.lu\/wp-content\/uploads\/sites\/16\/2025\/02\/Sans-titre-3.png","width":1500,"height":1125,"caption":"In the press screenshot of paperjam article on POLINDEX"},{"@type":"BreadcrumbList","@id":"https:\/\/www.uni.lu\/fhse-fr\/news\/les-25-34-ans-les-plus-critiques-envers-le-gouvernement\/#breadcrumb","itemListElement":[{"@type":"ListItem","position":1,"name":"Home","item":"https:\/\/www.uni.lu\/fr"},{"@type":"ListItem","position":2,"name":"Facult\u00e9 des Sciences Humaines, des Sciences de l\u2019\u00c9ducation et des Sciences Sociales\u200b","item":"https:\/\/www.uni.lu\/fhse-fr\/"},{"@type":"ListItem","position":3,"name":"News","item":"https:\/\/www.uni.lu\/fhse-fr\/news\/"},{"@type":"ListItem","position":4,"name":"Uni.lu dans les m\u00e9dias : les 25-34 ans les plus critiques envers le gouvernement"}]},{"@type":"WebSite","@id":"https:\/\/www.uni.lu\/fhse-fr\/#website","url":"https:\/\/www.uni.lu\/fhse-fr\/","name":"FHSE","description":"Facult\u00e9 des Sciences Humaines, des Sciences de l\u2019\u00c9ducation et des Sciences Sociales\u200b I Uni.lu","publisher":{"@id":"https:\/\/www.uni.lu\/fhse-fr\/#organization"},"alternateName":"Facult\u00e9 des Sciences Humaines, des Sciences de l\u2019\u00c9ducation et des Sciences Sociales\u200b I Universit\u00e9 du Luxembourg","potentialAction":[{"@type":"SearchAction","target":{"@type":"EntryPoint","urlTemplate":"https:\/\/www.uni.lu\/fhse-fr\/?s={search_term_string}"},"query-input":"required name=search_term_string"}],"inLanguage":"fr-FR"},{"@type":"Organization","@id":"https:\/\/www.uni.lu\/fhse-fr\/#organization","name":"FHSE - Universit\u00e9 du Luxembourg I Uni.lu","alternateName":"Facult\u00e9 des Sciences Humaines, des Sciences de l\u2019\u00c9ducation et des Sciences Sociales\u200b","url":"https:\/\/www.uni.lu\/fhse-fr\/","logo":{"@type":"ImageObject","inLanguage":"fr-FR","@id":"https:\/\/www.uni.lu\/fhse-fr\/#\/schema\/logo\/image\/","url":"https:\/\/www.uni.lu\/wp-content\/uploads\/sites\/16\/2026\/03\/03112325\/FHSE_SM-Profile_1600x1600px-scaled.jpg","contentUrl":"https:\/\/www.uni.lu\/wp-content\/uploads\/sites\/16\/2026\/03\/03112325\/FHSE_SM-Profile_1600x1600px-scaled.jpg","width":2560,"height":2560,"caption":"FHSE - Universit\u00e9 du Luxembourg I Uni.lu"},"image":"https:\/\/www.uni.lu\/wp-content\/uploads\/sites\/16\/2026\/04\/24144331\/20200609-Belval-Campus_Henri-Goergen-23.jpg","sameAs":["https:\/\/humanities.uni.lu\/"],"email":"communication@uni.lu","telephone":"+3524666441","address":{"@type":"PostalAddress","streetAddress":"11, Porte des Sciences","addressLocality":"Esch-sur-Alzette","postalCode":"4365","addressCountry":"LU"},"description":"Facult\u00e9 des Sciences Humaines, des Sciences de l\u2019\u00c9ducation et des Sciences Sociales\u200b I Uni.lu"},{"@type":"Person","@id":"https:\/\/www.uni.lu\/fhse-fr\/#\/schema\/person\/50dac366965fc35b0dde6e8a18162560","name":"arianehenry","image":{"@type":"ImageObject","inLanguage":"fr-FR","@id":"https:\/\/www.uni.lu\/fhse-fr\/#\/schema\/person\/image\/","url":"https:\/\/secure.gravatar.com\/avatar\/e55b62daeed975e86d45b47f53bc22c9?s=96&d=mm&r=g","contentUrl":"https:\/\/secure.gravatar.com\/avatar\/e55b62daeed975e86d45b47f53bc22c9?s=96&d=mm&r=g","caption":"arianehenry"}}]}},"blog_id":16,"_links":{"self":[{"href":"https:\/\/www.uni.lu\/fhse-fr\/wp-json\/wp\/v2\/news\/4489"}],"collection":[{"href":"https:\/\/www.uni.lu\/fhse-fr\/wp-json\/wp\/v2\/news"}],"about":[{"href":"https:\/\/www.uni.lu\/fhse-fr\/wp-json\/wp\/v2\/types\/news"}],"author":[{"embeddable":true,"href":"https:\/\/www.uni.lu\/fhse-fr\/wp-json\/wp\/v2\/users\/126"}],"version-history":[{"count":5,"href":"https:\/\/www.uni.lu\/fhse-fr\/wp-json\/wp\/v2\/news\/4489\/revisions"}],"predecessor-version":[{"id":4517,"href":"https:\/\/www.uni.lu\/fhse-fr\/wp-json\/wp\/v2\/news\/4489\/revisions\/4517"}],"wp:authorship":[{"embeddable":true,"href":"https:\/\/www.uni.lu\/fhse-fr\/wp-json\/wp\/v2\/users\/126"}],"wp:featuredmedia":[{"embeddable":true,"href":"https:\/\/www.uni.lu\/fhse-fr\/wp-json\/wp\/v2\/media\/4495"}],"wp:attachment":[{"href":"https:\/\/www.uni.lu\/fhse-fr\/wp-json\/wp\/v2\/media?parent=4489"}],"wp:term":[{"taxonomy":"news-category","embeddable":true,"href":"https:\/\/www.uni.lu\/fhse-fr\/wp-json\/wp\/v2\/news-category?post=4489"},{"taxonomy":"news-topic","embeddable":true,"href":"https:\/\/www.uni.lu\/fhse-fr\/wp-json\/wp\/v2\/news-topic?post=4489"},{"taxonomy":"organisation","embeddable":true,"href":"https:\/\/www.uni.lu\/fhse-fr\/wp-json\/wp\/v2\/organisation?post=4489"}],"curies":[{"name":"wp","href":"https:\/\/api.w.org\/{rel}","templated":true}]}}