{"id":445,"date":"2021-10-18T14:51:34","date_gmt":"2021-10-18T14:51:34","guid":{"rendered":"https:\/\/website.prod.unilu.spikeseed.cloud\/fhse-fr\/news\/conference-un-espace-public-pas-comme-les-autres-28-october-2021\/"},"modified":"2021-10-18T14:51:34","modified_gmt":"2021-10-18T14:51:34","slug":"conference-un-espace-public-pas-comme-les-autres-28-october-2021","status":"publish","type":"news","link":"https:\/\/www.uni.lu\/fhse-fr\/news\/conference-un-espace-public-pas-comme-les-autres-28-october-2021\/","title":{"rendered":"CONFERENCE: Un espace public pas comme les autres &#8211; 28 October 2021"},"content":{"rendered":"<section class=\"wp-block-unilux-blocks-free-section section\"><div class=\"container xl:max-w-screen-xl\"><p>Cimeti\u00e8res et cr\u00e9matoire face \u00e0 la\u00a0diversit\u00e9 culturelle et religieuse au Luxembourg. Les cimeti\u00e8res et jardins de souvenirs des cr\u00e9matoires sont des lieux ouverts au public et constituent dans certaines villes de v\u00e9ritables parcs et espaces verts. Ils attirent des visiteurs tr\u00e8s divers\u00a0: fl\u00e2neurs, touristes et bien s\u00fbr les proches des d\u00e9funts venant se recueillir sur leurs tombes. De nombreux rites fun\u00e9raires et c\u00e9r\u00e9monies d\u2019adieu y prennent place. Le mot \u00ab\u00a0adieu\u00a0\u00bb (\u00ab\u00a0\u00e0 Dieu\u00a0\u00bb) montre la dimension religieuse qui persiste dans des soci\u00e9t\u00e9s qui se disent s\u00e9culaires.\u00a0<\/p><p>A Luxembourg-Ville, dont le slogan officiel \u00ab\u00a0Multiplicity\u00a0\u00bb refl\u00e8te la diversit\u00e9 des origines de ses habitants, il se pose la question comment les cimeti\u00e8res (et le cr\u00e9matoire intercommunal) font face \u00e0 demandes rituelles de plus en plus vari\u00e9es. Cette conf\u00e9rence s\u2019appuie sur un projet de recherche comparant Luxembourg \u00e0 d\u2019autres villes europ\u00e9ennes (<a href=\"https:\/\/cemi-hera.org\/\" target=\"_blank\" title=\"\" rel=\"noopener\">cemi-hera.org<\/a>).<\/p><p>Link:\u00a0<a href=\"https:\/\/citymuseum.lu\/de\/event\/un-espace-public-pas-comme-les-autres\/?date=1635444000\" target=\"_blank\" title=\"\" rel=\"noopener\">https:\/\/citymuseum.lu\/de\/event\/un-espace-public-pas-comme-les-autres\/?date=1635444000<\/a>\u00a0<\/p><ul class=\"ulux-list\"><li class=\"ulux-list-item\"><strong>Speaker<\/strong>: Prof. Dr. Sonja Kmec<\/li><li class=\"ulux-list-item\"><strong>Event date<\/strong>: Thursday, 28 October 2021 06:00 pm &#8211; 07:00 pm<\/li><li class=\"ulux-list-item\"><strong>Place<\/strong>: La conf\u00e9rence aura lieu au Cercle Cit\u00e9<\/li><\/ul><\/div><\/section>","protected":false},"excerpt":{"rendered":"<p>Cimeti\u00e8res et cr\u00e9matoire face \u00e0 la\u00a0diversit\u00e9 culturelle et religieuse au Luxembourg. Les cimeti\u00e8res et jardins de souvenirs des cr\u00e9matoires sont des lieux ouverts au public et constituent dans certaines villes de v\u00e9ritables parcs et espaces verts. Ils attirent des visiteurs tr\u00e8s divers\u00a0: fl\u00e2neurs, touristes et bien s\u00fbr les proches des d\u00e9funts venant se recueillir sur leurs tombes. De nombreux rites fun\u00e9raires et c\u00e9r\u00e9monies d\u2019adieu y prennent place. Le mot \u00ab\u00a0adieu\u00a0\u00bb (\u00ab\u00a0\u00e0 Dieu\u00a0\u00bb) montre la dimension religieuse qui persiste dans des soci\u00e9t\u00e9s qui se disent s\u00e9culaires.\u00a0<\/p>\n","protected":false},"author":0,"featured_media":446,"template":"","format":"standard","meta":{"featured_image_focal_point":[],"show_featured_caption":false,"ulux_newsletter_groups":"","uluxPostTitle":"","uluxPrePostTitle":"","_trash_the_other_posts":false,"_price":"","_stock":"","_tribe_ticket_header":"","_tribe_default_ticket_provider":"","_tribe_ticket_capacity":"0","_ticket_start_date":"","_ticket_end_date":"","_tribe_ticket_show_description":"","_tribe_ticket_show_not_going":false,"_tribe_ticket_use_global_stock":"","_tribe_ticket_global_stock_level":"","_global_stock_mode":"","_global_stock_cap":"","_tribe_rsvp_for_event":"","_tribe_ticket_going_count":"","_tribe_ticket_not_going_count":"","_tribe_tickets_list":"[]","_tribe_ticket_has_attendee_info_fields":false},"news-category":[3],"news-topic":[16],"organisation":[170],"authorship":[],"acf":[],"yoast_head":"<!-- This site is optimized with the Yoast SEO Premium plugin v22.3 (Yoast SEO v22.3) - https:\/\/yoast.com\/wordpress\/plugins\/seo\/ -->\n<title>CONFERENCE: Un espace public pas comme les autres - 28 October 2021 - FHSE actualit\u00e9s I Universit\u00e9 du Luxembourg<\/title>\n<meta name=\"description\" content=\"Cimeti\u00e8res et cr\u00e9matoire face \u00e0 la\u00a0diversit\u00e9 culturelle et religieuse au Luxembourg. Les cimeti\u00e8res et jardins de souvenirs des cr\u00e9matoires sont des lieux ouverts au public et constituent dans certaines villes de v\u00e9ritables parcs et espaces verts. Ils attirent des visiteurs tr\u00e8s divers\u00a0: fl\u00e2neurs, touristes et bien s\u00fbr les proches des d\u00e9funts venant se recueillir sur leurs tombes. De nombreux rites fun\u00e9raires et c\u00e9r\u00e9monies d\u2019adieu y prennent place. Le mot \u00ab\u00a0adieu\u00a0\u00bb (\u00ab\u00a0\u00e0 Dieu\u00a0\u00bb) montre la dimension religieuse qui persiste dans des soci\u00e9t\u00e9s qui se disent s\u00e9culaires.\u00a0\" \/>\n<meta name=\"robots\" content=\"index, follow, max-snippet:-1, max-image-preview:large, max-video-preview:-1\" \/>\n<link rel=\"canonical\" href=\"https:\/\/www.uni.lu\/fhse-fr\/news\/conference-un-espace-public-pas-comme-les-autres-28-october-2021\/\" \/>\n<meta property=\"og:locale\" content=\"fr_FR\" \/>\n<meta property=\"og:type\" content=\"article\" \/>\n<meta property=\"og:title\" content=\"CONFERENCE: Un espace public pas comme les autres - 28 October 2021\" \/>\n<meta property=\"og:description\" content=\"Cimeti\u00e8res et cr\u00e9matoire face \u00e0 la\u00a0diversit\u00e9 culturelle et religieuse au Luxembourg. Les cimeti\u00e8res et jardins de souvenirs des cr\u00e9matoires sont des lieux ouverts au public et constituent dans certaines villes de v\u00e9ritables parcs et espaces verts. Ils attirent des visiteurs tr\u00e8s divers\u00a0: fl\u00e2neurs, touristes et bien s\u00fbr les proches des d\u00e9funts venant se recueillir sur leurs tombes. De nombreux rites fun\u00e9raires et c\u00e9r\u00e9monies d\u2019adieu y prennent place. Le mot \u00ab\u00a0adieu\u00a0\u00bb (\u00ab\u00a0\u00e0 Dieu\u00a0\u00bb) montre la dimension religieuse qui persiste dans des soci\u00e9t\u00e9s qui se disent s\u00e9culaires.\u00a0\" \/>\n<meta property=\"og:url\" content=\"https:\/\/www.uni.lu\/fhse-fr\/news\/conference-un-espace-public-pas-comme-les-autres-28-october-2021\/\" \/>\n<meta property=\"og:site_name\" content=\"FHSE FR\" \/>\n<meta property=\"og:image\" content=\"https:\/\/www.uni.lu\/wp-content\/uploads\/sites\/16\/2021\/10\/conference_un_espace_public_pas_comme_les_autres_28_october_2021.jpg\" \/>\n\t<meta property=\"og:image:width\" content=\"800\" \/>\n\t<meta property=\"og:image:height\" content=\"600\" \/>\n\t<meta property=\"og:image:type\" content=\"image\/jpeg\" \/>\n<meta name=\"twitter:card\" content=\"summary_large_image\" \/>\n<meta name=\"twitter:label1\" content=\"Dur\u00e9e de lecture estim\u00e9e\" \/>\n\t<meta name=\"twitter:data1\" content=\"1 minute\" \/>\n<script type=\"application\/ld+json\" class=\"yoast-schema-graph\">{\"@context\":\"https:\/\/schema.org\",\"@graph\":[{\"@type\":\"NewsArticle\",\"@id\":\"https:\/\/www.uni.lu\/fhse-fr\/news\/conference-un-espace-public-pas-comme-les-autres-28-october-2021\/#article\",\"isPartOf\":{\"@id\":\"https:\/\/www.uni.lu\/fhse-fr\/news\/conference-un-espace-public-pas-comme-les-autres-28-october-2021\/\"},\"author\":{\"name\":\"\",\"@id\":\"\"},\"headline\":\"CONFERENCE: Un espace public pas comme les autres &#8211; 28 October 2021\",\"datePublished\":\"2021-10-18T14:51:34+00:00\",\"dateModified\":\"2021-10-18T14:51:34+00:00\",\"mainEntityOfPage\":{\"@id\":\"https:\/\/www.uni.lu\/fhse-fr\/news\/conference-un-espace-public-pas-comme-les-autres-28-october-2021\/\"},\"wordCount\":198,\"publisher\":{\"@id\":\"https:\/\/www.uni.lu\/fhse-fr\/#organization\"},\"image\":{\"@id\":\"https:\/\/www.uni.lu\/fhse-fr\/news\/conference-un-espace-public-pas-comme-les-autres-28-october-2021\/#primaryimage\"},\"thumbnailUrl\":\"https:\/\/www.uni.lu\/wp-content\/uploads\/sites\/16\/2021\/10\/conference_un_espace_public_pas_comme_les_autres_28_october_2021.jpg\",\"inLanguage\":\"fr-FR\"},{\"@type\":\"WebPage\",\"@id\":\"https:\/\/www.uni.lu\/fhse-fr\/news\/conference-un-espace-public-pas-comme-les-autres-28-october-2021\/\",\"url\":\"https:\/\/www.uni.lu\/fhse-fr\/news\/conference-un-espace-public-pas-comme-les-autres-28-october-2021\/\",\"name\":\"CONFERENCE: Un espace public pas comme les autres - 28 October 2021 - FHSE actualit\u00e9s I Universit\u00e9 du Luxembourg\",\"isPartOf\":{\"@id\":\"https:\/\/www.uni.lu\/fhse-fr\/#website\"},\"primaryImageOfPage\":{\"@id\":\"https:\/\/www.uni.lu\/fhse-fr\/news\/conference-un-espace-public-pas-comme-les-autres-28-october-2021\/#primaryimage\"},\"image\":{\"@id\":\"https:\/\/www.uni.lu\/fhse-fr\/news\/conference-un-espace-public-pas-comme-les-autres-28-october-2021\/#primaryimage\"},\"thumbnailUrl\":\"https:\/\/www.uni.lu\/wp-content\/uploads\/sites\/16\/2021\/10\/conference_un_espace_public_pas_comme_les_autres_28_october_2021.jpg\",\"datePublished\":\"2021-10-18T14:51:34+00:00\",\"dateModified\":\"2021-10-18T14:51:34+00:00\",\"description\":\"Cimeti\u00e8res et cr\u00e9matoire face \u00e0 la\u00a0diversit\u00e9 culturelle et religieuse au Luxembourg. Les cimeti\u00e8res et jardins de souvenirs des cr\u00e9matoires sont des lieux ouverts au public et constituent dans certaines villes de v\u00e9ritables parcs et espaces verts. Ils attirent des visiteurs tr\u00e8s divers\u00a0: fl\u00e2neurs, touristes et bien s\u00fbr les proches des d\u00e9funts venant se recueillir sur leurs tombes. De nombreux rites fun\u00e9raires et c\u00e9r\u00e9monies d\u2019adieu y prennent place. Le mot \u00ab\u00a0adieu\u00a0\u00bb (\u00ab\u00a0\u00e0 Dieu\u00a0\u00bb) montre la dimension religieuse qui persiste dans des soci\u00e9t\u00e9s qui se disent s\u00e9culaires.\u00a0\",\"breadcrumb\":{\"@id\":\"https:\/\/www.uni.lu\/fhse-fr\/news\/conference-un-espace-public-pas-comme-les-autres-28-october-2021\/#breadcrumb\"},\"inLanguage\":\"fr-FR\",\"potentialAction\":[{\"@type\":\"ReadAction\",\"target\":[\"https:\/\/www.uni.lu\/fhse-fr\/news\/conference-un-espace-public-pas-comme-les-autres-28-october-2021\/\"]}]},{\"@type\":\"ImageObject\",\"inLanguage\":\"fr-FR\",\"@id\":\"https:\/\/www.uni.lu\/fhse-fr\/news\/conference-un-espace-public-pas-comme-les-autres-28-october-2021\/#primaryimage\",\"url\":\"https:\/\/www.uni.lu\/wp-content\/uploads\/sites\/16\/2021\/10\/conference_un_espace_public_pas_comme_les_autres_28_october_2021.jpg\",\"contentUrl\":\"https:\/\/www.uni.lu\/wp-content\/uploads\/sites\/16\/2021\/10\/conference_un_espace_public_pas_comme_les_autres_28_october_2021.jpg\",\"width\":800,\"height\":600},{\"@type\":\"BreadcrumbList\",\"@id\":\"https:\/\/www.uni.lu\/fhse-fr\/news\/conference-un-espace-public-pas-comme-les-autres-28-october-2021\/#breadcrumb\",\"itemListElement\":[{\"@type\":\"ListItem\",\"position\":1,\"name\":\"Home\",\"item\":\"https:\/\/www.uni.lu\/fr\"},{\"@type\":\"ListItem\",\"position\":2,\"name\":\"Facult\u00e9 des Sciences Humaines, des Sciences de l\u2019\u00c9ducation et des Sciences Sociales\u200b\",\"item\":\"https:\/\/www.uni.lu\/fhse-fr\/\"},{\"@type\":\"ListItem\",\"position\":3,\"name\":\"News\",\"item\":\"https:\/\/www.uni.lu\/fhse-fr\/news\/\"},{\"@type\":\"ListItem\",\"position\":4,\"name\":\"CONFERENCE: Un espace public pas comme les autres &#8211; 28 October 2021\"}]},{\"@type\":\"WebSite\",\"@id\":\"https:\/\/www.uni.lu\/fhse-fr\/#website\",\"url\":\"https:\/\/www.uni.lu\/fhse-fr\/\",\"name\":\"FHSE\",\"description\":\"Facult\u00e9 des Sciences Humaines, des Sciences de l\u2019\u00c9ducation et des Sciences Sociales\u200b I Uni.lu\",\"publisher\":{\"@id\":\"https:\/\/www.uni.lu\/fhse-fr\/#organization\"},\"alternateName\":\"Facult\u00e9 des Sciences Humaines, des Sciences de l\u2019\u00c9ducation et des Sciences Sociales\u200b I Universit\u00e9 du Luxembourg\",\"potentialAction\":[{\"@type\":\"SearchAction\",\"target\":{\"@type\":\"EntryPoint\",\"urlTemplate\":\"https:\/\/www.uni.lu\/fhse-fr\/?s={search_term_string}\"},\"query-input\":\"required name=search_term_string\"}],\"inLanguage\":\"fr-FR\"},{\"@type\":\"Organization\",\"@id\":\"https:\/\/www.uni.lu\/fhse-fr\/#organization\",\"name\":\"FHSE - Universit\u00e9 du Luxembourg I Uni.lu\",\"alternateName\":\"Facult\u00e9 des Sciences Humaines, des Sciences de l\u2019\u00c9ducation et des Sciences Sociales\u200b\",\"url\":\"https:\/\/www.uni.lu\/fhse-fr\/\",\"logo\":{\"@type\":\"ImageObject\",\"inLanguage\":\"fr-FR\",\"@id\":\"https:\/\/www.uni.lu\/fhse-fr\/#\/schema\/logo\/image\/\",\"url\":\"https:\/\/www.uni.lu\/wp-content\/uploads\/sites\/16\/2026\/03\/03112325\/FHSE_SM-Profile_1600x1600px-scaled.jpg\",\"contentUrl\":\"https:\/\/www.uni.lu\/wp-content\/uploads\/sites\/16\/2026\/03\/03112325\/FHSE_SM-Profile_1600x1600px-scaled.jpg\",\"width\":2560,\"height\":2560,\"caption\":\"FHSE - Universit\u00e9 du Luxembourg I Uni.lu\"},\"image\":\"https:\/\/www.uni.lu\/wp-content\/uploads\/sites\/16\/2026\/04\/24144331\/20200609-Belval-Campus_Henri-Goergen-23.jpg\",\"sameAs\":[\"https:\/\/humanities.uni.lu\/\"],\"email\":\"communication@uni.lu\",\"telephone\":\"+3524666441\",\"address\":{\"@type\":\"PostalAddress\",\"streetAddress\":\"11, Porte des Sciences\",\"addressLocality\":\"Esch-sur-Alzette\",\"postalCode\":\"4365\",\"addressCountry\":\"LU\"},\"description\":\"Facult\u00e9 des Sciences Humaines, des Sciences de l\u2019\u00c9ducation et des Sciences Sociales\u200b I Uni.lu\"}]}<\/script>\n<!-- \/ Yoast SEO Premium plugin. -->","yoast_head_json":{"title":"CONFERENCE: Un espace public pas comme les autres - 28 October 2021 - FHSE actualit\u00e9s I Universit\u00e9 du Luxembourg","description":"Cimeti\u00e8res et cr\u00e9matoire face \u00e0 la\u00a0diversit\u00e9 culturelle et religieuse au Luxembourg. Les cimeti\u00e8res et jardins de souvenirs des cr\u00e9matoires sont des lieux ouverts au public et constituent dans certaines villes de v\u00e9ritables parcs et espaces verts. Ils attirent des visiteurs tr\u00e8s divers\u00a0: fl\u00e2neurs, touristes et bien s\u00fbr les proches des d\u00e9funts venant se recueillir sur leurs tombes. De nombreux rites fun\u00e9raires et c\u00e9r\u00e9monies d\u2019adieu y prennent place. Le mot \u00ab\u00a0adieu\u00a0\u00bb (\u00ab\u00a0\u00e0 Dieu\u00a0\u00bb) montre la dimension religieuse qui persiste dans des soci\u00e9t\u00e9s qui se disent s\u00e9culaires.\u00a0","robots":{"index":"index","follow":"follow","max-snippet":"max-snippet:-1","max-image-preview":"max-image-preview:large","max-video-preview":"max-video-preview:-1"},"canonical":"https:\/\/www.uni.lu\/fhse-fr\/news\/conference-un-espace-public-pas-comme-les-autres-28-october-2021\/","og_locale":"fr_FR","og_type":"article","og_title":"CONFERENCE: Un espace public pas comme les autres - 28 October 2021","og_description":"Cimeti\u00e8res et cr\u00e9matoire face \u00e0 la\u00a0diversit\u00e9 culturelle et religieuse au Luxembourg. Les cimeti\u00e8res et jardins de souvenirs des cr\u00e9matoires sont des lieux ouverts au public et constituent dans certaines villes de v\u00e9ritables parcs et espaces verts. Ils attirent des visiteurs tr\u00e8s divers\u00a0: fl\u00e2neurs, touristes et bien s\u00fbr les proches des d\u00e9funts venant se recueillir sur leurs tombes. De nombreux rites fun\u00e9raires et c\u00e9r\u00e9monies d\u2019adieu y prennent place. Le mot \u00ab\u00a0adieu\u00a0\u00bb (\u00ab\u00a0\u00e0 Dieu\u00a0\u00bb) montre la dimension religieuse qui persiste dans des soci\u00e9t\u00e9s qui se disent s\u00e9culaires.\u00a0","og_url":"https:\/\/www.uni.lu\/fhse-fr\/news\/conference-un-espace-public-pas-comme-les-autres-28-october-2021\/","og_site_name":"FHSE FR","og_image":[{"width":800,"height":600,"url":"https:\/\/www.uni.lu\/wp-content\/uploads\/sites\/16\/2021\/10\/conference_un_espace_public_pas_comme_les_autres_28_october_2021.jpg","type":"image\/jpeg"}],"twitter_card":"summary_large_image","twitter_misc":{"Dur\u00e9e de lecture estim\u00e9e":"1 minute"},"schema":{"@context":"https:\/\/schema.org","@graph":[{"@type":"NewsArticle","@id":"https:\/\/www.uni.lu\/fhse-fr\/news\/conference-un-espace-public-pas-comme-les-autres-28-october-2021\/#article","isPartOf":{"@id":"https:\/\/www.uni.lu\/fhse-fr\/news\/conference-un-espace-public-pas-comme-les-autres-28-october-2021\/"},"author":{"name":"","@id":""},"headline":"CONFERENCE: Un espace public pas comme les autres &#8211; 28 October 2021","datePublished":"2021-10-18T14:51:34+00:00","dateModified":"2021-10-18T14:51:34+00:00","mainEntityOfPage":{"@id":"https:\/\/www.uni.lu\/fhse-fr\/news\/conference-un-espace-public-pas-comme-les-autres-28-october-2021\/"},"wordCount":198,"publisher":{"@id":"https:\/\/www.uni.lu\/fhse-fr\/#organization"},"image":{"@id":"https:\/\/www.uni.lu\/fhse-fr\/news\/conference-un-espace-public-pas-comme-les-autres-28-october-2021\/#primaryimage"},"thumbnailUrl":"https:\/\/www.uni.lu\/wp-content\/uploads\/sites\/16\/2021\/10\/conference_un_espace_public_pas_comme_les_autres_28_october_2021.jpg","inLanguage":"fr-FR"},{"@type":"WebPage","@id":"https:\/\/www.uni.lu\/fhse-fr\/news\/conference-un-espace-public-pas-comme-les-autres-28-october-2021\/","url":"https:\/\/www.uni.lu\/fhse-fr\/news\/conference-un-espace-public-pas-comme-les-autres-28-october-2021\/","name":"CONFERENCE: Un espace public pas comme les autres - 28 October 2021 - FHSE actualit\u00e9s I Universit\u00e9 du Luxembourg","isPartOf":{"@id":"https:\/\/www.uni.lu\/fhse-fr\/#website"},"primaryImageOfPage":{"@id":"https:\/\/www.uni.lu\/fhse-fr\/news\/conference-un-espace-public-pas-comme-les-autres-28-october-2021\/#primaryimage"},"image":{"@id":"https:\/\/www.uni.lu\/fhse-fr\/news\/conference-un-espace-public-pas-comme-les-autres-28-october-2021\/#primaryimage"},"thumbnailUrl":"https:\/\/www.uni.lu\/wp-content\/uploads\/sites\/16\/2021\/10\/conference_un_espace_public_pas_comme_les_autres_28_october_2021.jpg","datePublished":"2021-10-18T14:51:34+00:00","dateModified":"2021-10-18T14:51:34+00:00","description":"Cimeti\u00e8res et cr\u00e9matoire face \u00e0 la\u00a0diversit\u00e9 culturelle et religieuse au Luxembourg. Les cimeti\u00e8res et jardins de souvenirs des cr\u00e9matoires sont des lieux ouverts au public et constituent dans certaines villes de v\u00e9ritables parcs et espaces verts. Ils attirent des visiteurs tr\u00e8s divers\u00a0: fl\u00e2neurs, touristes et bien s\u00fbr les proches des d\u00e9funts venant se recueillir sur leurs tombes. De nombreux rites fun\u00e9raires et c\u00e9r\u00e9monies d\u2019adieu y prennent place. Le mot \u00ab\u00a0adieu\u00a0\u00bb (\u00ab\u00a0\u00e0 Dieu\u00a0\u00bb) montre la dimension religieuse qui persiste dans des soci\u00e9t\u00e9s qui se disent s\u00e9culaires.\u00a0","breadcrumb":{"@id":"https:\/\/www.uni.lu\/fhse-fr\/news\/conference-un-espace-public-pas-comme-les-autres-28-october-2021\/#breadcrumb"},"inLanguage":"fr-FR","potentialAction":[{"@type":"ReadAction","target":["https:\/\/www.uni.lu\/fhse-fr\/news\/conference-un-espace-public-pas-comme-les-autres-28-october-2021\/"]}]},{"@type":"ImageObject","inLanguage":"fr-FR","@id":"https:\/\/www.uni.lu\/fhse-fr\/news\/conference-un-espace-public-pas-comme-les-autres-28-october-2021\/#primaryimage","url":"https:\/\/www.uni.lu\/wp-content\/uploads\/sites\/16\/2021\/10\/conference_un_espace_public_pas_comme_les_autres_28_october_2021.jpg","contentUrl":"https:\/\/www.uni.lu\/wp-content\/uploads\/sites\/16\/2021\/10\/conference_un_espace_public_pas_comme_les_autres_28_october_2021.jpg","width":800,"height":600},{"@type":"BreadcrumbList","@id":"https:\/\/www.uni.lu\/fhse-fr\/news\/conference-un-espace-public-pas-comme-les-autres-28-october-2021\/#breadcrumb","itemListElement":[{"@type":"ListItem","position":1,"name":"Home","item":"https:\/\/www.uni.lu\/fr"},{"@type":"ListItem","position":2,"name":"Facult\u00e9 des Sciences Humaines, des Sciences de l\u2019\u00c9ducation et des Sciences Sociales\u200b","item":"https:\/\/www.uni.lu\/fhse-fr\/"},{"@type":"ListItem","position":3,"name":"News","item":"https:\/\/www.uni.lu\/fhse-fr\/news\/"},{"@type":"ListItem","position":4,"name":"CONFERENCE: Un espace public pas comme les autres &#8211; 28 October 2021"}]},{"@type":"WebSite","@id":"https:\/\/www.uni.lu\/fhse-fr\/#website","url":"https:\/\/www.uni.lu\/fhse-fr\/","name":"FHSE","description":"Facult\u00e9 des Sciences Humaines, des Sciences de l\u2019\u00c9ducation et des Sciences Sociales\u200b I Uni.lu","publisher":{"@id":"https:\/\/www.uni.lu\/fhse-fr\/#organization"},"alternateName":"Facult\u00e9 des Sciences Humaines, des Sciences de l\u2019\u00c9ducation et des Sciences Sociales\u200b I Universit\u00e9 du Luxembourg","potentialAction":[{"@type":"SearchAction","target":{"@type":"EntryPoint","urlTemplate":"https:\/\/www.uni.lu\/fhse-fr\/?s={search_term_string}"},"query-input":"required name=search_term_string"}],"inLanguage":"fr-FR"},{"@type":"Organization","@id":"https:\/\/www.uni.lu\/fhse-fr\/#organization","name":"FHSE - Universit\u00e9 du Luxembourg I Uni.lu","alternateName":"Facult\u00e9 des Sciences Humaines, des Sciences de l\u2019\u00c9ducation et des Sciences Sociales\u200b","url":"https:\/\/www.uni.lu\/fhse-fr\/","logo":{"@type":"ImageObject","inLanguage":"fr-FR","@id":"https:\/\/www.uni.lu\/fhse-fr\/#\/schema\/logo\/image\/","url":"https:\/\/www.uni.lu\/wp-content\/uploads\/sites\/16\/2026\/03\/03112325\/FHSE_SM-Profile_1600x1600px-scaled.jpg","contentUrl":"https:\/\/www.uni.lu\/wp-content\/uploads\/sites\/16\/2026\/03\/03112325\/FHSE_SM-Profile_1600x1600px-scaled.jpg","width":2560,"height":2560,"caption":"FHSE - Universit\u00e9 du Luxembourg I Uni.lu"},"image":"https:\/\/www.uni.lu\/wp-content\/uploads\/sites\/16\/2026\/04\/24144331\/20200609-Belval-Campus_Henri-Goergen-23.jpg","sameAs":["https:\/\/humanities.uni.lu\/"],"email":"communication@uni.lu","telephone":"+3524666441","address":{"@type":"PostalAddress","streetAddress":"11, Porte des Sciences","addressLocality":"Esch-sur-Alzette","postalCode":"4365","addressCountry":"LU"},"description":"Facult\u00e9 des Sciences Humaines, des Sciences de l\u2019\u00c9ducation et des Sciences Sociales\u200b I Uni.lu"}]}},"blog_id":16,"_links":{"self":[{"href":"https:\/\/www.uni.lu\/fhse-fr\/wp-json\/wp\/v2\/news\/445"}],"collection":[{"href":"https:\/\/www.uni.lu\/fhse-fr\/wp-json\/wp\/v2\/news"}],"about":[{"href":"https:\/\/www.uni.lu\/fhse-fr\/wp-json\/wp\/v2\/types\/news"}],"version-history":[{"count":0,"href":"https:\/\/www.uni.lu\/fhse-fr\/wp-json\/wp\/v2\/news\/445\/revisions"}],"wp:featuredmedia":[{"embeddable":true,"href":"https:\/\/www.uni.lu\/fhse-fr\/wp-json\/wp\/v2\/media\/446"}],"wp:attachment":[{"href":"https:\/\/www.uni.lu\/fhse-fr\/wp-json\/wp\/v2\/media?parent=445"}],"wp:term":[{"taxonomy":"news-category","embeddable":true,"href":"https:\/\/www.uni.lu\/fhse-fr\/wp-json\/wp\/v2\/news-category?post=445"},{"taxonomy":"news-topic","embeddable":true,"href":"https:\/\/www.uni.lu\/fhse-fr\/wp-json\/wp\/v2\/news-topic?post=445"},{"taxonomy":"organisation","embeddable":true,"href":"https:\/\/www.uni.lu\/fhse-fr\/wp-json\/wp\/v2\/organisation?post=445"}],"curies":[{"name":"wp","href":"https:\/\/api.w.org\/{rel}","templated":true}]}}