{"id":434,"date":"2021-09-20T09:52:44","date_gmt":"2021-09-20T09:52:44","guid":{"rendered":"https:\/\/website.prod.unilu.spikeseed.cloud\/fhse-fr\/news\/kick-off-formation-continue-en-amenagement-du-territoire\/"},"modified":"2021-09-20T09:52:44","modified_gmt":"2021-09-20T09:52:44","slug":"kick-off-formation-continue-en-amenagement-du-territoire","status":"publish","type":"news","link":"https:\/\/www.uni.lu\/fhse-fr\/news\/kick-off-formation-continue-en-amenagement-du-territoire\/","title":{"rendered":"Kick-off: Formation continue en Am\u00e9nagement du territoire"},"content":{"rendered":"<section class=\"wp-block-unilux-blocks-free-section section\"><div class=\"container xl:max-w-screen-xl\"><p>On Tuesday, 7th September we welcomed 20 new students to the 2021\/2022 edition of the Formation continue en Am\u00e9nagement du territoire (FACT).<\/p><p>The afternoon was closed with an official opening event at the Halle des Poches \u00e0 Fontes. The first part of the event consisted of a lecture by Konstantin Wolf, project manager at Zebralog in Berlin\/Bonn, on \u201cPolitik, Planung und Partizipation. Erfolgsfaktoren interkommunaler B\u00fcrger-beteiligung am Beispiel der Nordstad\u201d. In the second part 17 successful students from last year\u2019s FCAT were rewarded with their certificates.<\/p><p>More information about the &lsquo;<a href=\"https:\/\/wwwen.uni.lu\/studies\/fhse\/continuing_education_in_spatial_planning\" target=\"_self\" title=\"\" rel=\"noopener\">Formation continue en Am\u00e9nagement du territore<\/a>&lsquo;<\/p><figure class=\"wp-block-dev4-reusable-blocks-image  object-fit--contain\">\n    \n<img decoding=\"async\" class=\"wp-block-image unilux-custom-image-block\"\n                alt=\"\"\n            src=\"https:\/\/www.uni.lu\/wp-content\/uploads\/sites\/16\/2023\/07\/2021_09_07_18_34_40_fcat-scaled.jpg\"\n                srcset=\"https:\/\/www.uni.lu\/wp-content\/uploads\/sites\/16\/2023\/07\/2021_09_07_18_34_40_fcat-300x225.jpg 300w, https:\/\/www.uni.lu\/wp-content\/uploads\/sites\/16\/2023\/07\/2021_09_07_18_34_40_fcat-1024x768.jpg 1024w, https:\/\/www.uni.lu\/wp-content\/uploads\/sites\/16\/2023\/07\/2021_09_07_18_34_40_fcat-768x576.jpg 768w, https:\/\/www.uni.lu\/wp-content\/uploads\/sites\/16\/2023\/07\/2021_09_07_18_34_40_fcat-1536x1152.jpg 1536w, https:\/\/www.uni.lu\/wp-content\/uploads\/sites\/16\/2023\/07\/2021_09_07_18_34_40_fcat-2048x1536.jpg 2048w\"\n                style=\"object-position: 50.00% 50.00%; font-family: &quot;object-fit: contain; object-position: 50.00% 50.00%;&quot;; aspect-ratio: 4\/3; object-fit: contain; width: 100%;\"\n        loading=\"lazy\"\n\/>    <\/figure><\/div><\/section>","protected":false},"excerpt":{"rendered":"<p>On Tuesday, 7th September we welcomed 20 new students to the 2021\/2022 edition of the Formation continue en Am\u00e9nagement du territoire (FACT).<\/p>\n","protected":false},"author":0,"featured_media":435,"template":"","format":"standard","meta":{"featured_image_focal_point":[],"show_featured_caption":false,"ulux_newsletter_groups":"","uluxPostTitle":"","uluxPrePostTitle":"","_trash_the_other_posts":false,"_price":"","_stock":"","_tribe_ticket_header":"","_tribe_default_ticket_provider":"","_tribe_ticket_capacity":"0","_ticket_start_date":"","_ticket_end_date":"","_tribe_ticket_show_description":"","_tribe_ticket_show_not_going":false,"_tribe_ticket_use_global_stock":"","_tribe_ticket_global_stock_level":"","_global_stock_mode":"","_global_stock_cap":"","_tribe_rsvp_for_event":"","_tribe_ticket_going_count":"","_tribe_ticket_not_going_count":"","_tribe_tickets_list":"[]","_tribe_ticket_has_attendee_info_fields":false},"news-category":[3],"news-topic":[14],"organisation":[148],"authorship":[],"acf":[],"yoast_head":"<!-- This site is optimized with the Yoast SEO Premium plugin v22.3 (Yoast SEO v22.3) - https:\/\/yoast.com\/wordpress\/plugins\/seo\/ -->\n<title>Kick-off: Formation continue en Am\u00e9nagement du territoire - FHSE actualit\u00e9s I Universit\u00e9 du Luxembourg<\/title>\n<meta name=\"description\" content=\"On Tuesday, 7th September we welcomed 20 new students to the 2021\/2022 edition of the Formation continue en Am\u00e9nagement du territoire (FACT).\" \/>\n<meta name=\"robots\" content=\"index, follow, max-snippet:-1, max-image-preview:large, max-video-preview:-1\" \/>\n<link rel=\"canonical\" href=\"https:\/\/www.uni.lu\/fhse-fr\/news\/kick-off-formation-continue-en-amenagement-du-territoire\/\" \/>\n<meta property=\"og:locale\" content=\"fr_FR\" \/>\n<meta property=\"og:type\" content=\"article\" \/>\n<meta property=\"og:title\" content=\"Kick-off: Formation continue en Am\u00e9nagement du territoire\" \/>\n<meta property=\"og:description\" content=\"On Tuesday, 7th September we welcomed 20 new students to the 2021\/2022 edition of the Formation continue en Am\u00e9nagement du territoire (FACT).\" \/>\n<meta property=\"og:url\" content=\"https:\/\/www.uni.lu\/fhse-fr\/news\/kick-off-formation-continue-en-amenagement-du-territoire\/\" \/>\n<meta property=\"og:site_name\" content=\"FHSE FR\" \/>\n<meta property=\"og:image\" content=\"https:\/\/www.uni.lu\/wp-content\/uploads\/sites\/16\/2021\/09\/kick_off_formation_continue_en_amenagement_du_territoire-scaled.jpg\" \/>\n\t<meta property=\"og:image:width\" content=\"2560\" \/>\n\t<meta property=\"og:image:height\" content=\"1920\" \/>\n\t<meta property=\"og:image:type\" content=\"image\/jpeg\" \/>\n<meta name=\"twitter:card\" content=\"summary_large_image\" \/>\n<script type=\"application\/ld+json\" class=\"yoast-schema-graph\">{\"@context\":\"https:\/\/schema.org\",\"@graph\":[{\"@type\":\"NewsArticle\",\"@id\":\"https:\/\/www.uni.lu\/fhse-fr\/news\/kick-off-formation-continue-en-amenagement-du-territoire\/#article\",\"isPartOf\":{\"@id\":\"https:\/\/www.uni.lu\/fhse-fr\/news\/kick-off-formation-continue-en-amenagement-du-territoire\/\"},\"author\":{\"name\":\"\",\"@id\":\"\"},\"headline\":\"Kick-off: Formation continue en Am\u00e9nagement du territoire\",\"datePublished\":\"2021-09-20T09:52:44+00:00\",\"dateModified\":\"2021-09-20T09:52:44+00:00\",\"mainEntityOfPage\":{\"@id\":\"https:\/\/www.uni.lu\/fhse-fr\/news\/kick-off-formation-continue-en-amenagement-du-territoire\/\"},\"wordCount\":104,\"publisher\":{\"@id\":\"https:\/\/www.uni.lu\/fhse-fr\/#organization\"},\"image\":{\"@id\":\"https:\/\/www.uni.lu\/fhse-fr\/news\/kick-off-formation-continue-en-amenagement-du-territoire\/#primaryimage\"},\"thumbnailUrl\":\"https:\/\/www.uni.lu\/wp-content\/uploads\/sites\/16\/2021\/09\/kick_off_formation_continue_en_amenagement_du_territoire-scaled.jpg\",\"inLanguage\":\"fr-FR\"},{\"@type\":\"WebPage\",\"@id\":\"https:\/\/www.uni.lu\/fhse-fr\/news\/kick-off-formation-continue-en-amenagement-du-territoire\/\",\"url\":\"https:\/\/www.uni.lu\/fhse-fr\/news\/kick-off-formation-continue-en-amenagement-du-territoire\/\",\"name\":\"Kick-off: Formation continue en Am\u00e9nagement du territoire - FHSE actualit\u00e9s I Universit\u00e9 du Luxembourg\",\"isPartOf\":{\"@id\":\"https:\/\/www.uni.lu\/fhse-fr\/#website\"},\"primaryImageOfPage\":{\"@id\":\"https:\/\/www.uni.lu\/fhse-fr\/news\/kick-off-formation-continue-en-amenagement-du-territoire\/#primaryimage\"},\"image\":{\"@id\":\"https:\/\/www.uni.lu\/fhse-fr\/news\/kick-off-formation-continue-en-amenagement-du-territoire\/#primaryimage\"},\"thumbnailUrl\":\"https:\/\/www.uni.lu\/wp-content\/uploads\/sites\/16\/2021\/09\/kick_off_formation_continue_en_amenagement_du_territoire-scaled.jpg\",\"datePublished\":\"2021-09-20T09:52:44+00:00\",\"dateModified\":\"2021-09-20T09:52:44+00:00\",\"description\":\"On Tuesday, 7th September we welcomed 20 new students to the 2021\/2022 edition of the Formation continue en Am\u00e9nagement du territoire (FACT).\",\"breadcrumb\":{\"@id\":\"https:\/\/www.uni.lu\/fhse-fr\/news\/kick-off-formation-continue-en-amenagement-du-territoire\/#breadcrumb\"},\"inLanguage\":\"fr-FR\",\"potentialAction\":[{\"@type\":\"ReadAction\",\"target\":[\"https:\/\/www.uni.lu\/fhse-fr\/news\/kick-off-formation-continue-en-amenagement-du-territoire\/\"]}]},{\"@type\":\"ImageObject\",\"inLanguage\":\"fr-FR\",\"@id\":\"https:\/\/www.uni.lu\/fhse-fr\/news\/kick-off-formation-continue-en-amenagement-du-territoire\/#primaryimage\",\"url\":\"https:\/\/www.uni.lu\/wp-content\/uploads\/sites\/16\/2021\/09\/kick_off_formation_continue_en_amenagement_du_territoire-scaled.jpg\",\"contentUrl\":\"https:\/\/www.uni.lu\/wp-content\/uploads\/sites\/16\/2021\/09\/kick_off_formation_continue_en_amenagement_du_territoire-scaled.jpg\",\"width\":2560,\"height\":1920},{\"@type\":\"BreadcrumbList\",\"@id\":\"https:\/\/www.uni.lu\/fhse-fr\/news\/kick-off-formation-continue-en-amenagement-du-territoire\/#breadcrumb\",\"itemListElement\":[{\"@type\":\"ListItem\",\"position\":1,\"name\":\"Home\",\"item\":\"https:\/\/www.uni.lu\/fr\"},{\"@type\":\"ListItem\",\"position\":2,\"name\":\"Facult\u00e9 des Sciences Humaines, des Sciences de l\u2019\u00c9ducation et des Sciences Sociales\u200b\",\"item\":\"https:\/\/www.uni.lu\/fhse-fr\/\"},{\"@type\":\"ListItem\",\"position\":3,\"name\":\"News\",\"item\":\"https:\/\/www.uni.lu\/fhse-fr\/news\/\"},{\"@type\":\"ListItem\",\"position\":4,\"name\":\"Kick-off: Formation continue en Am\u00e9nagement du territoire\"}]},{\"@type\":\"WebSite\",\"@id\":\"https:\/\/www.uni.lu\/fhse-fr\/#website\",\"url\":\"https:\/\/www.uni.lu\/fhse-fr\/\",\"name\":\"FHSE\",\"description\":\"Facult\u00e9 des Sciences Humaines, des Sciences de l\u2019\u00c9ducation et des Sciences Sociales\u200b I Uni.lu\",\"publisher\":{\"@id\":\"https:\/\/www.uni.lu\/fhse-fr\/#organization\"},\"alternateName\":\"Facult\u00e9 des Sciences Humaines, des Sciences de l\u2019\u00c9ducation et des Sciences Sociales\u200b I Universit\u00e9 du Luxembourg\",\"potentialAction\":[{\"@type\":\"SearchAction\",\"target\":{\"@type\":\"EntryPoint\",\"urlTemplate\":\"https:\/\/www.uni.lu\/fhse-fr\/?s={search_term_string}\"},\"query-input\":\"required name=search_term_string\"}],\"inLanguage\":\"fr-FR\"},{\"@type\":\"Organization\",\"@id\":\"https:\/\/www.uni.lu\/fhse-fr\/#organization\",\"name\":\"FHSE - Universit\u00e9 du Luxembourg I Uni.lu\",\"alternateName\":\"Facult\u00e9 des Sciences Humaines, des Sciences de l\u2019\u00c9ducation et des Sciences Sociales\u200b\",\"url\":\"https:\/\/www.uni.lu\/fhse-fr\/\",\"logo\":{\"@type\":\"ImageObject\",\"inLanguage\":\"fr-FR\",\"@id\":\"https:\/\/www.uni.lu\/fhse-fr\/#\/schema\/logo\/image\/\",\"url\":\"https:\/\/www.uni.lu\/wp-content\/uploads\/sites\/16\/2026\/03\/03112325\/FHSE_SM-Profile_1600x1600px-scaled.jpg\",\"contentUrl\":\"https:\/\/www.uni.lu\/wp-content\/uploads\/sites\/16\/2026\/03\/03112325\/FHSE_SM-Profile_1600x1600px-scaled.jpg\",\"width\":2560,\"height\":2560,\"caption\":\"FHSE - Universit\u00e9 du Luxembourg I Uni.lu\"},\"image\":\"https:\/\/www.uni.lu\/wp-content\/uploads\/sites\/16\/2026\/04\/24144331\/20200609-Belval-Campus_Henri-Goergen-23.jpg\",\"sameAs\":[\"https:\/\/humanities.uni.lu\/\"],\"email\":\"communication@uni.lu\",\"telephone\":\"+3524666441\",\"address\":{\"@type\":\"PostalAddress\",\"streetAddress\":\"11, Porte des Sciences\",\"addressLocality\":\"Esch-sur-Alzette\",\"postalCode\":\"4365\",\"addressCountry\":\"LU\"},\"description\":\"Facult\u00e9 des Sciences Humaines, des Sciences de l\u2019\u00c9ducation et des Sciences Sociales\u200b I Uni.lu\"}]}<\/script>\n<!-- \/ Yoast SEO Premium plugin. -->","yoast_head_json":{"title":"Kick-off: Formation continue en Am\u00e9nagement du territoire - FHSE actualit\u00e9s I Universit\u00e9 du Luxembourg","description":"On Tuesday, 7th September we welcomed 20 new students to the 2021\/2022 edition of the Formation continue en Am\u00e9nagement du territoire (FACT).","robots":{"index":"index","follow":"follow","max-snippet":"max-snippet:-1","max-image-preview":"max-image-preview:large","max-video-preview":"max-video-preview:-1"},"canonical":"https:\/\/www.uni.lu\/fhse-fr\/news\/kick-off-formation-continue-en-amenagement-du-territoire\/","og_locale":"fr_FR","og_type":"article","og_title":"Kick-off: Formation continue en Am\u00e9nagement du territoire","og_description":"On Tuesday, 7th September we welcomed 20 new students to the 2021\/2022 edition of the Formation continue en Am\u00e9nagement du territoire (FACT).","og_url":"https:\/\/www.uni.lu\/fhse-fr\/news\/kick-off-formation-continue-en-amenagement-du-territoire\/","og_site_name":"FHSE FR","og_image":[{"width":2560,"height":1920,"url":"https:\/\/www.uni.lu\/wp-content\/uploads\/sites\/16\/2021\/09\/kick_off_formation_continue_en_amenagement_du_territoire-scaled.jpg","type":"image\/jpeg"}],"twitter_card":"summary_large_image","schema":{"@context":"https:\/\/schema.org","@graph":[{"@type":"NewsArticle","@id":"https:\/\/www.uni.lu\/fhse-fr\/news\/kick-off-formation-continue-en-amenagement-du-territoire\/#article","isPartOf":{"@id":"https:\/\/www.uni.lu\/fhse-fr\/news\/kick-off-formation-continue-en-amenagement-du-territoire\/"},"author":{"name":"","@id":""},"headline":"Kick-off: Formation continue en Am\u00e9nagement du territoire","datePublished":"2021-09-20T09:52:44+00:00","dateModified":"2021-09-20T09:52:44+00:00","mainEntityOfPage":{"@id":"https:\/\/www.uni.lu\/fhse-fr\/news\/kick-off-formation-continue-en-amenagement-du-territoire\/"},"wordCount":104,"publisher":{"@id":"https:\/\/www.uni.lu\/fhse-fr\/#organization"},"image":{"@id":"https:\/\/www.uni.lu\/fhse-fr\/news\/kick-off-formation-continue-en-amenagement-du-territoire\/#primaryimage"},"thumbnailUrl":"https:\/\/www.uni.lu\/wp-content\/uploads\/sites\/16\/2021\/09\/kick_off_formation_continue_en_amenagement_du_territoire-scaled.jpg","inLanguage":"fr-FR"},{"@type":"WebPage","@id":"https:\/\/www.uni.lu\/fhse-fr\/news\/kick-off-formation-continue-en-amenagement-du-territoire\/","url":"https:\/\/www.uni.lu\/fhse-fr\/news\/kick-off-formation-continue-en-amenagement-du-territoire\/","name":"Kick-off: Formation continue en Am\u00e9nagement du territoire - FHSE actualit\u00e9s I Universit\u00e9 du Luxembourg","isPartOf":{"@id":"https:\/\/www.uni.lu\/fhse-fr\/#website"},"primaryImageOfPage":{"@id":"https:\/\/www.uni.lu\/fhse-fr\/news\/kick-off-formation-continue-en-amenagement-du-territoire\/#primaryimage"},"image":{"@id":"https:\/\/www.uni.lu\/fhse-fr\/news\/kick-off-formation-continue-en-amenagement-du-territoire\/#primaryimage"},"thumbnailUrl":"https:\/\/www.uni.lu\/wp-content\/uploads\/sites\/16\/2021\/09\/kick_off_formation_continue_en_amenagement_du_territoire-scaled.jpg","datePublished":"2021-09-20T09:52:44+00:00","dateModified":"2021-09-20T09:52:44+00:00","description":"On Tuesday, 7th September we welcomed 20 new students to the 2021\/2022 edition of the Formation continue en Am\u00e9nagement du territoire (FACT).","breadcrumb":{"@id":"https:\/\/www.uni.lu\/fhse-fr\/news\/kick-off-formation-continue-en-amenagement-du-territoire\/#breadcrumb"},"inLanguage":"fr-FR","potentialAction":[{"@type":"ReadAction","target":["https:\/\/www.uni.lu\/fhse-fr\/news\/kick-off-formation-continue-en-amenagement-du-territoire\/"]}]},{"@type":"ImageObject","inLanguage":"fr-FR","@id":"https:\/\/www.uni.lu\/fhse-fr\/news\/kick-off-formation-continue-en-amenagement-du-territoire\/#primaryimage","url":"https:\/\/www.uni.lu\/wp-content\/uploads\/sites\/16\/2021\/09\/kick_off_formation_continue_en_amenagement_du_territoire-scaled.jpg","contentUrl":"https:\/\/www.uni.lu\/wp-content\/uploads\/sites\/16\/2021\/09\/kick_off_formation_continue_en_amenagement_du_territoire-scaled.jpg","width":2560,"height":1920},{"@type":"BreadcrumbList","@id":"https:\/\/www.uni.lu\/fhse-fr\/news\/kick-off-formation-continue-en-amenagement-du-territoire\/#breadcrumb","itemListElement":[{"@type":"ListItem","position":1,"name":"Home","item":"https:\/\/www.uni.lu\/fr"},{"@type":"ListItem","position":2,"name":"Facult\u00e9 des Sciences Humaines, des Sciences de l\u2019\u00c9ducation et des Sciences Sociales\u200b","item":"https:\/\/www.uni.lu\/fhse-fr\/"},{"@type":"ListItem","position":3,"name":"News","item":"https:\/\/www.uni.lu\/fhse-fr\/news\/"},{"@type":"ListItem","position":4,"name":"Kick-off: Formation continue en Am\u00e9nagement du territoire"}]},{"@type":"WebSite","@id":"https:\/\/www.uni.lu\/fhse-fr\/#website","url":"https:\/\/www.uni.lu\/fhse-fr\/","name":"FHSE","description":"Facult\u00e9 des Sciences Humaines, des Sciences de l\u2019\u00c9ducation et des Sciences Sociales\u200b I Uni.lu","publisher":{"@id":"https:\/\/www.uni.lu\/fhse-fr\/#organization"},"alternateName":"Facult\u00e9 des Sciences Humaines, des Sciences de l\u2019\u00c9ducation et des Sciences Sociales\u200b I Universit\u00e9 du Luxembourg","potentialAction":[{"@type":"SearchAction","target":{"@type":"EntryPoint","urlTemplate":"https:\/\/www.uni.lu\/fhse-fr\/?s={search_term_string}"},"query-input":"required name=search_term_string"}],"inLanguage":"fr-FR"},{"@type":"Organization","@id":"https:\/\/www.uni.lu\/fhse-fr\/#organization","name":"FHSE - Universit\u00e9 du Luxembourg I Uni.lu","alternateName":"Facult\u00e9 des Sciences Humaines, des Sciences de l\u2019\u00c9ducation et des Sciences Sociales\u200b","url":"https:\/\/www.uni.lu\/fhse-fr\/","logo":{"@type":"ImageObject","inLanguage":"fr-FR","@id":"https:\/\/www.uni.lu\/fhse-fr\/#\/schema\/logo\/image\/","url":"https:\/\/www.uni.lu\/wp-content\/uploads\/sites\/16\/2026\/03\/03112325\/FHSE_SM-Profile_1600x1600px-scaled.jpg","contentUrl":"https:\/\/www.uni.lu\/wp-content\/uploads\/sites\/16\/2026\/03\/03112325\/FHSE_SM-Profile_1600x1600px-scaled.jpg","width":2560,"height":2560,"caption":"FHSE - Universit\u00e9 du Luxembourg I Uni.lu"},"image":"https:\/\/www.uni.lu\/wp-content\/uploads\/sites\/16\/2026\/04\/24144331\/20200609-Belval-Campus_Henri-Goergen-23.jpg","sameAs":["https:\/\/humanities.uni.lu\/"],"email":"communication@uni.lu","telephone":"+3524666441","address":{"@type":"PostalAddress","streetAddress":"11, Porte des Sciences","addressLocality":"Esch-sur-Alzette","postalCode":"4365","addressCountry":"LU"},"description":"Facult\u00e9 des Sciences Humaines, des Sciences de l\u2019\u00c9ducation et des Sciences Sociales\u200b I Uni.lu"}]}},"blog_id":16,"_links":{"self":[{"href":"https:\/\/www.uni.lu\/fhse-fr\/wp-json\/wp\/v2\/news\/434"}],"collection":[{"href":"https:\/\/www.uni.lu\/fhse-fr\/wp-json\/wp\/v2\/news"}],"about":[{"href":"https:\/\/www.uni.lu\/fhse-fr\/wp-json\/wp\/v2\/types\/news"}],"version-history":[{"count":0,"href":"https:\/\/www.uni.lu\/fhse-fr\/wp-json\/wp\/v2\/news\/434\/revisions"}],"wp:featuredmedia":[{"embeddable":true,"href":"https:\/\/www.uni.lu\/fhse-fr\/wp-json\/wp\/v2\/media\/435"}],"wp:attachment":[{"href":"https:\/\/www.uni.lu\/fhse-fr\/wp-json\/wp\/v2\/media?parent=434"}],"wp:term":[{"taxonomy":"news-category","embeddable":true,"href":"https:\/\/www.uni.lu\/fhse-fr\/wp-json\/wp\/v2\/news-category?post=434"},{"taxonomy":"news-topic","embeddable":true,"href":"https:\/\/www.uni.lu\/fhse-fr\/wp-json\/wp\/v2\/news-topic?post=434"},{"taxonomy":"organisation","embeddable":true,"href":"https:\/\/www.uni.lu\/fhse-fr\/wp-json\/wp\/v2\/organisation?post=434"}],"curies":[{"name":"wp","href":"https:\/\/api.w.org\/{rel}","templated":true}]}}