{"id":424,"date":"2021-09-14T12:12:17","date_gmt":"2021-09-14T12:12:17","guid":{"rendered":"https:\/\/website.prod.unilu.spikeseed.cloud\/fhse-fr\/news\/chercheur-euse-s-invite-e-s-de-pologne-et-de-la-finlande\/"},"modified":"2021-09-14T12:12:17","modified_gmt":"2021-09-14T12:12:17","slug":"chercheur-euse-s-invite-e-s-de-pologne-et-de-la-finlande","status":"publish","type":"news","link":"https:\/\/www.uni.lu\/fhse-fr\/news\/chercheur-euse-s-invite-e-s-de-pologne-et-de-la-finlande\/","title":{"rendered":"Chercheur.euse.s invit\u00e9.e.s de Pologne et de la Finlande"},"content":{"rendered":"<section class=\"wp-block-unilux-blocks-free-section section\"><div class=\"container xl:max-w-screen-xl\"><p>L\u2019UniGR-Center for Border Studies bas\u00e9 au sein du d\u00e9partement G\u00e9ographie et am\u00e9nagement du territoire accueillera au mois de septembre et octobre deux chercheurs internationaux invit\u00e9s. Pendant leur s\u00e9jour, ils m\u00e8neront des recherches sur la fermeture de la fronti\u00e8re germano-polonaise due \u00e0 la Covid 19 ainsi que sur les processus d&rsquo;europ\u00e9anisation face \u00e0 la r\u00e9introduction des fronti\u00e8res.<\/p><p><strong>El\u017cbieta Opi\u0142owska (Center for Regional and Borderlands Studies, Universit\u00e9 de Wroclaw)<\/strong><\/p><figure class=\"wp-block-dev4-reusable-blocks-image  object-fit--contain\">\n    \n<img decoding=\"async\" class=\"wp-block-image unilux-custom-image-block\"\n                alt=\"\"\n            src=\"https:\/\/www.uni.lu\/wp-content\/uploads\/sites\/16\/2023\/07\/elzbieta.jpg\"\n                srcset=\"https:\/\/www.uni.lu\/wp-content\/uploads\/sites\/16\/2023\/07\/elzbieta-300x205.jpg 300w, https:\/\/www.uni.lu\/wp-content\/uploads\/sites\/16\/2023\/07\/elzbieta.jpg 374w\"\n                style=\"object-position: 50.00% 50.00%; font-family: &quot;object-fit: contain; object-position: 50.00% 50.00%;&quot;; aspect-ratio: 3\/2; object-fit: contain; width: 100%;\"\n        loading=\"lazy\"\n\/>    <\/figure><p><\/p><p><\/p><p><\/p><p><\/p><p><\/p><p><\/p><p><\/p><p><\/p><p><\/p><p><\/p><p>El\u017cbieta Opi\u0142owska est associate professor et directrice du Centre for Regional and Borderlands Studies (CRBS) \u00e0 l&rsquo;Universit\u00e9 de Wroclaw en Pologne. Elle passera les mois de juillet et septembre \u00e0 l&rsquo;Universit\u00e9 du Luxembourg o\u00f9 elle travaillera notamment avec Christian Wille. L&rsquo;objectif de son s\u00e9jour de recherche est de d\u00e9velopper des coop\u00e9rations avec l\u2019UniGR-Center for Border Studies et d&rsquo;analyser les strat\u00e9gies des acteurs institutionnels transfrontaliers dans le contexte de \u00ab rebordering \u00bb en temps de Covid-19.<\/p>Conf\u00e9rence d\u2018El\u017cbieta Opi\u0142owska, 29 septembre 2021, 16h30-18h00<p>Determinanten der grenz\u00fcberschreitenden Zusammenarbeit in der deutsch-polnischen Grenzregion. Plus d\u2018informations et enregistrement :\u00a0<a href=\"https:\/\/bit.ly\/3tEWhLN\" target=\"_self\" title=\"\" rel=\"noopener\">https:\/\/bit.ly\/3tEWhLN<\/a><\/p><p><strong>Jussi P. Laine (Karelian Institute, Universit\u00e9 de Finlande de l&rsquo;Est)<\/strong><\/p><figure class=\"wp-block-dev4-reusable-blocks-image  object-fit--contain\">\n    \n<img decoding=\"async\" class=\"wp-block-image unilux-custom-image-block\"\n                alt=\"\"\n            src=\"https:\/\/www.uni.lu\/wp-content\/uploads\/sites\/16\/2023\/07\/jussi.jpg\"\n                srcset=\"https:\/\/www.uni.lu\/wp-content\/uploads\/sites\/16\/2023\/07\/jussi-300x200.jpg 300w, https:\/\/www.uni.lu\/wp-content\/uploads\/sites\/16\/2023\/07\/jussi.jpg 413w\"\n                style=\"object-position: 50.00% 50.00%; font-family: &quot;object-fit: contain; object-position: 50.00% 50.00%;&quot;; aspect-ratio: 3\/2; object-fit: contain; width: 100%;\"\n        loading=\"lazy\"\n\/>    <\/figure><p><\/p><p><\/p><p><\/p><p><\/p><p><\/p><p><\/p><p><\/p><p><\/p><p><\/p><p>Studies (ABS) et professeur d&rsquo;\u00e9tudes multidisciplinaires des fronti\u00e8res au sein du Karelian Institute \u00e0 l&rsquo;Universit\u00e9 de Finlande de l&rsquo;Est. De par sa formation, Jussi Laine est un g\u00e9ographe humain, toutefois, dans son approche aux fronti\u00e8res, il combine les concepts des relations internationales et de la g\u00e9opolitique, de la sociologie politique, de l&rsquo;histoire, de l&rsquo;anthropologie et de la psychologie. Dans son travail, il cherche \u00e0 explorer les processus de production multiscalaire des fronti\u00e8res et \u00e0 apporter une perspective critique sur le nexus th\u00e9matique de l&rsquo;\u00c9tat, du territoire, la citoyennet\u00e9 et l&rsquo;identit\u00e9.<\/p>Conf\u00e9rence de Jussi P. Laine, 5 octobre 2021, 16h30-18h00<p>Counter-Europeanisation as a Security Challenge: Rebordering borderlessness. Plus d\u2018informations et enregistrement\u00a0: <a href=\"http:\/\/cbs.uni-gr.eu\/en\/activities\/mobility\/unigr-cbs-guest-professorship-border-studies\/unigr-cbs-guest-professorship-6\" target=\"_self\" title=\"\" rel=\"noopener\">https:\/\/bit.ly\/3z9njMu<\/a><\/p><p>L\u2018UniGR-Center for Border Studies en tant que centre d\u2019expertise interr\u00e9gional soutient des mobilit\u00e9s \u00e0 court terme de chercheur.euse.s sur les fronti\u00e8res dans ses six universit\u00e9s partenaires de l&rsquo;UniGR. Gr\u00e2ce \u00e0 un financement de l&rsquo;UE par le biais du programme Interreg VA Grande R\u00e9gion, plus de dix chercheurs venant d&rsquo;Europe et des \u00c9tats-Unis s\u00e9journeront dans la Grande R\u00e9gion en 2021 afin de d\u00e9velopper davantage la coop\u00e9ration internationale en \u00e9tudes des fronti\u00e8res.<\/p><p><a href=\"http:\/\/cbs.uni-gr.eu\/fr\/activites\/mobilite\/unigr-cbs-chaire-en-border-studies\/unigr-cbs-chaire-en-border-studies-2021\" target=\"_self\" title=\"\" rel=\"noopener\"><strong>Plus d\u2019informations<\/strong><\/a><strong>sur les chercheur.euse.s invit\u00e9.e.s en 2021 <\/strong><\/p><p><strong><a href=\"http:\/\/cbs.uni-gr.eu\/\" target=\"_self\" title=\"\" rel=\"noopener\">Plus d\u2019informations<\/a> sur le centre d\u2019expertise interr\u00e9gional UniGR-CBS<\/strong><\/p><p><\/p><\/div><\/section>","protected":false},"excerpt":{"rendered":"<p>L\u2019UniGR-Center for Border Studies bas\u00e9 au sein du d\u00e9partement G\u00e9ographie et am\u00e9nagement du territoire accueillera au mois de septembre et octobre deux chercheurs internationaux invit\u00e9s. Pendant leur s\u00e9jour, ils m\u00e8neront des recherches sur la fermeture de la fronti\u00e8re germano-polonaise due \u00e0 la Covid 19 ainsi que sur les processus d&rsquo;europ\u00e9anisation face \u00e0 la r\u00e9introduction des fronti\u00e8res.<\/p>\n","protected":false},"author":0,"featured_media":425,"template":"","format":"standard","meta":{"featured_image_focal_point":[],"show_featured_caption":false,"ulux_newsletter_groups":"","uluxPostTitle":"","uluxPrePostTitle":"","_trash_the_other_posts":false,"_price":"","_stock":"","_tribe_ticket_header":"","_tribe_default_ticket_provider":"","_tribe_ticket_capacity":"0","_ticket_start_date":"","_ticket_end_date":"","_tribe_ticket_show_description":"","_tribe_ticket_show_not_going":false,"_tribe_ticket_use_global_stock":"","_tribe_ticket_global_stock_level":"","_global_stock_mode":"","_global_stock_cap":"","_tribe_rsvp_for_event":"","_tribe_ticket_going_count":"","_tribe_ticket_not_going_count":"","_tribe_tickets_list":"[]","_tribe_ticket_has_attendee_info_fields":false},"news-category":[3],"news-topic":[14],"organisation":[148],"authorship":[],"acf":[],"yoast_head":"<!-- This site is optimized with the Yoast SEO Premium plugin v22.3 (Yoast SEO v22.3) - https:\/\/yoast.com\/wordpress\/plugins\/seo\/ -->\n<title>Chercheur.euse.s invit\u00e9.e.s de Pologne et de la Finlande - FHSE actualit\u00e9s I Universit\u00e9 du Luxembourg<\/title>\n<meta name=\"description\" content=\"L\u2019UniGR-Center for Border Studies bas\u00e9 au sein du d\u00e9partement G\u00e9ographie et am\u00e9nagement du territoire accueillera au mois de septembre et octobre deux chercheurs internationaux invit\u00e9s. Pendant leur s\u00e9jour, ils m\u00e8neront des recherches sur la fermeture de la fronti\u00e8re germano-polonaise due \u00e0 la Covid 19 ainsi que sur les processus d&#039;europ\u00e9anisation face \u00e0 la r\u00e9introduction des fronti\u00e8res.\" \/>\n<meta name=\"robots\" content=\"index, follow, max-snippet:-1, max-image-preview:large, max-video-preview:-1\" \/>\n<link rel=\"canonical\" href=\"https:\/\/www.uni.lu\/fhse-fr\/news\/chercheur-euse-s-invite-e-s-de-pologne-et-de-la-finlande\/\" \/>\n<meta property=\"og:locale\" content=\"fr_FR\" \/>\n<meta property=\"og:type\" content=\"article\" \/>\n<meta property=\"og:title\" content=\"Chercheur.euse.s invit\u00e9.e.s de Pologne et de la Finlande\" \/>\n<meta property=\"og:description\" content=\"L\u2019UniGR-Center for Border Studies bas\u00e9 au sein du d\u00e9partement G\u00e9ographie et am\u00e9nagement du territoire accueillera au mois de septembre et octobre deux chercheurs internationaux invit\u00e9s. Pendant leur s\u00e9jour, ils m\u00e8neront des recherches sur la fermeture de la fronti\u00e8re germano-polonaise due \u00e0 la Covid 19 ainsi que sur les processus d&#039;europ\u00e9anisation face \u00e0 la r\u00e9introduction des fronti\u00e8res.\" \/>\n<meta property=\"og:url\" content=\"https:\/\/www.uni.lu\/fhse-fr\/news\/chercheur-euse-s-invite-e-s-de-pologne-et-de-la-finlande\/\" \/>\n<meta property=\"og:site_name\" content=\"FHSE FR\" \/>\n<meta property=\"og:image\" content=\"https:\/\/www.uni.lu\/wp-content\/uploads\/sites\/16\/2021\/09\/chercheur_euse_s_invite_e_s_de_pologne_et_de_la_finlande.png\" \/>\n\t<meta property=\"og:image:width\" content=\"1251\" \/>\n\t<meta property=\"og:image:height\" content=\"254\" \/>\n\t<meta property=\"og:image:type\" content=\"image\/png\" \/>\n<meta name=\"twitter:card\" content=\"summary_large_image\" \/>\n<meta name=\"twitter:label1\" content=\"Dur\u00e9e de lecture estim\u00e9e\" \/>\n\t<meta name=\"twitter:data1\" content=\"2 minutes\" \/>\n<script type=\"application\/ld+json\" class=\"yoast-schema-graph\">{\"@context\":\"https:\/\/schema.org\",\"@graph\":[{\"@type\":\"NewsArticle\",\"@id\":\"https:\/\/www.uni.lu\/fhse-fr\/news\/chercheur-euse-s-invite-e-s-de-pologne-et-de-la-finlande\/#article\",\"isPartOf\":{\"@id\":\"https:\/\/www.uni.lu\/fhse-fr\/news\/chercheur-euse-s-invite-e-s-de-pologne-et-de-la-finlande\/\"},\"author\":{\"name\":\"\",\"@id\":\"\"},\"headline\":\"Chercheur.euse.s invit\u00e9.e.s de Pologne et de la Finlande\",\"datePublished\":\"2021-09-14T12:12:17+00:00\",\"dateModified\":\"2021-09-14T12:12:17+00:00\",\"mainEntityOfPage\":{\"@id\":\"https:\/\/www.uni.lu\/fhse-fr\/news\/chercheur-euse-s-invite-e-s-de-pologne-et-de-la-finlande\/\"},\"wordCount\":447,\"publisher\":{\"@id\":\"https:\/\/www.uni.lu\/fhse-fr\/#organization\"},\"image\":{\"@id\":\"https:\/\/www.uni.lu\/fhse-fr\/news\/chercheur-euse-s-invite-e-s-de-pologne-et-de-la-finlande\/#primaryimage\"},\"thumbnailUrl\":\"https:\/\/www.uni.lu\/wp-content\/uploads\/sites\/16\/2021\/09\/chercheur_euse_s_invite_e_s_de_pologne_et_de_la_finlande.png\",\"inLanguage\":\"fr-FR\"},{\"@type\":\"WebPage\",\"@id\":\"https:\/\/www.uni.lu\/fhse-fr\/news\/chercheur-euse-s-invite-e-s-de-pologne-et-de-la-finlande\/\",\"url\":\"https:\/\/www.uni.lu\/fhse-fr\/news\/chercheur-euse-s-invite-e-s-de-pologne-et-de-la-finlande\/\",\"name\":\"Chercheur.euse.s invit\u00e9.e.s de Pologne et de la Finlande - FHSE actualit\u00e9s I Universit\u00e9 du Luxembourg\",\"isPartOf\":{\"@id\":\"https:\/\/www.uni.lu\/fhse-fr\/#website\"},\"primaryImageOfPage\":{\"@id\":\"https:\/\/www.uni.lu\/fhse-fr\/news\/chercheur-euse-s-invite-e-s-de-pologne-et-de-la-finlande\/#primaryimage\"},\"image\":{\"@id\":\"https:\/\/www.uni.lu\/fhse-fr\/news\/chercheur-euse-s-invite-e-s-de-pologne-et-de-la-finlande\/#primaryimage\"},\"thumbnailUrl\":\"https:\/\/www.uni.lu\/wp-content\/uploads\/sites\/16\/2021\/09\/chercheur_euse_s_invite_e_s_de_pologne_et_de_la_finlande.png\",\"datePublished\":\"2021-09-14T12:12:17+00:00\",\"dateModified\":\"2021-09-14T12:12:17+00:00\",\"description\":\"L\u2019UniGR-Center for Border Studies bas\u00e9 au sein du d\u00e9partement G\u00e9ographie et am\u00e9nagement du territoire accueillera au mois de septembre et octobre deux chercheurs internationaux invit\u00e9s. Pendant leur s\u00e9jour, ils m\u00e8neront des recherches sur la fermeture de la fronti\u00e8re germano-polonaise due \u00e0 la Covid 19 ainsi que sur les processus d'europ\u00e9anisation face \u00e0 la r\u00e9introduction des fronti\u00e8res.\",\"breadcrumb\":{\"@id\":\"https:\/\/www.uni.lu\/fhse-fr\/news\/chercheur-euse-s-invite-e-s-de-pologne-et-de-la-finlande\/#breadcrumb\"},\"inLanguage\":\"fr-FR\",\"potentialAction\":[{\"@type\":\"ReadAction\",\"target\":[\"https:\/\/www.uni.lu\/fhse-fr\/news\/chercheur-euse-s-invite-e-s-de-pologne-et-de-la-finlande\/\"]}]},{\"@type\":\"ImageObject\",\"inLanguage\":\"fr-FR\",\"@id\":\"https:\/\/www.uni.lu\/fhse-fr\/news\/chercheur-euse-s-invite-e-s-de-pologne-et-de-la-finlande\/#primaryimage\",\"url\":\"https:\/\/www.uni.lu\/wp-content\/uploads\/sites\/16\/2021\/09\/chercheur_euse_s_invite_e_s_de_pologne_et_de_la_finlande.png\",\"contentUrl\":\"https:\/\/www.uni.lu\/wp-content\/uploads\/sites\/16\/2021\/09\/chercheur_euse_s_invite_e_s_de_pologne_et_de_la_finlande.png\",\"width\":1251,\"height\":254},{\"@type\":\"BreadcrumbList\",\"@id\":\"https:\/\/www.uni.lu\/fhse-fr\/news\/chercheur-euse-s-invite-e-s-de-pologne-et-de-la-finlande\/#breadcrumb\",\"itemListElement\":[{\"@type\":\"ListItem\",\"position\":1,\"name\":\"Home\",\"item\":\"https:\/\/www.uni.lu\/fr\"},{\"@type\":\"ListItem\",\"position\":2,\"name\":\"Facult\u00e9 des Sciences Humaines, des Sciences de l\u2019\u00c9ducation et des Sciences Sociales\u200b\",\"item\":\"https:\/\/www.uni.lu\/fhse-fr\/\"},{\"@type\":\"ListItem\",\"position\":3,\"name\":\"News\",\"item\":\"https:\/\/www.uni.lu\/fhse-fr\/news\/\"},{\"@type\":\"ListItem\",\"position\":4,\"name\":\"Chercheur.euse.s invit\u00e9.e.s de Pologne et de la Finlande\"}]},{\"@type\":\"WebSite\",\"@id\":\"https:\/\/www.uni.lu\/fhse-fr\/#website\",\"url\":\"https:\/\/www.uni.lu\/fhse-fr\/\",\"name\":\"FHSE\",\"description\":\"Facult\u00e9 des Sciences Humaines, des Sciences de l\u2019\u00c9ducation et des Sciences Sociales\u200b I Uni.lu\",\"publisher\":{\"@id\":\"https:\/\/www.uni.lu\/fhse-fr\/#organization\"},\"alternateName\":\"Facult\u00e9 des Sciences Humaines, des Sciences de l\u2019\u00c9ducation et des Sciences Sociales\u200b I Universit\u00e9 du Luxembourg\",\"potentialAction\":[{\"@type\":\"SearchAction\",\"target\":{\"@type\":\"EntryPoint\",\"urlTemplate\":\"https:\/\/www.uni.lu\/fhse-fr\/?s={search_term_string}\"},\"query-input\":\"required name=search_term_string\"}],\"inLanguage\":\"fr-FR\"},{\"@type\":\"Organization\",\"@id\":\"https:\/\/www.uni.lu\/fhse-fr\/#organization\",\"name\":\"FHSE - Universit\u00e9 du Luxembourg I Uni.lu\",\"alternateName\":\"Facult\u00e9 des Sciences Humaines, des Sciences de l\u2019\u00c9ducation et des Sciences Sociales\u200b\",\"url\":\"https:\/\/www.uni.lu\/fhse-fr\/\",\"logo\":{\"@type\":\"ImageObject\",\"inLanguage\":\"fr-FR\",\"@id\":\"https:\/\/www.uni.lu\/fhse-fr\/#\/schema\/logo\/image\/\",\"url\":\"https:\/\/www.uni.lu\/wp-content\/uploads\/sites\/16\/2026\/03\/03112325\/FHSE_SM-Profile_1600x1600px-scaled.jpg\",\"contentUrl\":\"https:\/\/www.uni.lu\/wp-content\/uploads\/sites\/16\/2026\/03\/03112325\/FHSE_SM-Profile_1600x1600px-scaled.jpg\",\"width\":2560,\"height\":2560,\"caption\":\"FHSE - Universit\u00e9 du Luxembourg I Uni.lu\"},\"image\":\"https:\/\/www.uni.lu\/wp-content\/uploads\/sites\/16\/2026\/04\/24144331\/20200609-Belval-Campus_Henri-Goergen-23.jpg\",\"sameAs\":[\"https:\/\/humanities.uni.lu\/\"],\"email\":\"communication@uni.lu\",\"telephone\":\"+3524666441\",\"address\":{\"@type\":\"PostalAddress\",\"streetAddress\":\"11, Porte des Sciences\",\"addressLocality\":\"Esch-sur-Alzette\",\"postalCode\":\"4365\",\"addressCountry\":\"LU\"},\"description\":\"Facult\u00e9 des Sciences Humaines, des Sciences de l\u2019\u00c9ducation et des Sciences Sociales\u200b I Uni.lu\"}]}<\/script>\n<!-- \/ Yoast SEO Premium plugin. -->","yoast_head_json":{"title":"Chercheur.euse.s invit\u00e9.e.s de Pologne et de la Finlande - FHSE actualit\u00e9s I Universit\u00e9 du Luxembourg","description":"L\u2019UniGR-Center for Border Studies bas\u00e9 au sein du d\u00e9partement G\u00e9ographie et am\u00e9nagement du territoire accueillera au mois de septembre et octobre deux chercheurs internationaux invit\u00e9s. Pendant leur s\u00e9jour, ils m\u00e8neront des recherches sur la fermeture de la fronti\u00e8re germano-polonaise due \u00e0 la Covid 19 ainsi que sur les processus d'europ\u00e9anisation face \u00e0 la r\u00e9introduction des fronti\u00e8res.","robots":{"index":"index","follow":"follow","max-snippet":"max-snippet:-1","max-image-preview":"max-image-preview:large","max-video-preview":"max-video-preview:-1"},"canonical":"https:\/\/www.uni.lu\/fhse-fr\/news\/chercheur-euse-s-invite-e-s-de-pologne-et-de-la-finlande\/","og_locale":"fr_FR","og_type":"article","og_title":"Chercheur.euse.s invit\u00e9.e.s de Pologne et de la Finlande","og_description":"L\u2019UniGR-Center for Border Studies bas\u00e9 au sein du d\u00e9partement G\u00e9ographie et am\u00e9nagement du territoire accueillera au mois de septembre et octobre deux chercheurs internationaux invit\u00e9s. Pendant leur s\u00e9jour, ils m\u00e8neront des recherches sur la fermeture de la fronti\u00e8re germano-polonaise due \u00e0 la Covid 19 ainsi que sur les processus d'europ\u00e9anisation face \u00e0 la r\u00e9introduction des fronti\u00e8res.","og_url":"https:\/\/www.uni.lu\/fhse-fr\/news\/chercheur-euse-s-invite-e-s-de-pologne-et-de-la-finlande\/","og_site_name":"FHSE FR","og_image":[{"width":1251,"height":254,"url":"https:\/\/www.uni.lu\/wp-content\/uploads\/sites\/16\/2021\/09\/chercheur_euse_s_invite_e_s_de_pologne_et_de_la_finlande.png","type":"image\/png"}],"twitter_card":"summary_large_image","twitter_misc":{"Dur\u00e9e de lecture estim\u00e9e":"2 minutes"},"schema":{"@context":"https:\/\/schema.org","@graph":[{"@type":"NewsArticle","@id":"https:\/\/www.uni.lu\/fhse-fr\/news\/chercheur-euse-s-invite-e-s-de-pologne-et-de-la-finlande\/#article","isPartOf":{"@id":"https:\/\/www.uni.lu\/fhse-fr\/news\/chercheur-euse-s-invite-e-s-de-pologne-et-de-la-finlande\/"},"author":{"name":"","@id":""},"headline":"Chercheur.euse.s invit\u00e9.e.s de Pologne et de la Finlande","datePublished":"2021-09-14T12:12:17+00:00","dateModified":"2021-09-14T12:12:17+00:00","mainEntityOfPage":{"@id":"https:\/\/www.uni.lu\/fhse-fr\/news\/chercheur-euse-s-invite-e-s-de-pologne-et-de-la-finlande\/"},"wordCount":447,"publisher":{"@id":"https:\/\/www.uni.lu\/fhse-fr\/#organization"},"image":{"@id":"https:\/\/www.uni.lu\/fhse-fr\/news\/chercheur-euse-s-invite-e-s-de-pologne-et-de-la-finlande\/#primaryimage"},"thumbnailUrl":"https:\/\/www.uni.lu\/wp-content\/uploads\/sites\/16\/2021\/09\/chercheur_euse_s_invite_e_s_de_pologne_et_de_la_finlande.png","inLanguage":"fr-FR"},{"@type":"WebPage","@id":"https:\/\/www.uni.lu\/fhse-fr\/news\/chercheur-euse-s-invite-e-s-de-pologne-et-de-la-finlande\/","url":"https:\/\/www.uni.lu\/fhse-fr\/news\/chercheur-euse-s-invite-e-s-de-pologne-et-de-la-finlande\/","name":"Chercheur.euse.s invit\u00e9.e.s de Pologne et de la Finlande - FHSE actualit\u00e9s I Universit\u00e9 du Luxembourg","isPartOf":{"@id":"https:\/\/www.uni.lu\/fhse-fr\/#website"},"primaryImageOfPage":{"@id":"https:\/\/www.uni.lu\/fhse-fr\/news\/chercheur-euse-s-invite-e-s-de-pologne-et-de-la-finlande\/#primaryimage"},"image":{"@id":"https:\/\/www.uni.lu\/fhse-fr\/news\/chercheur-euse-s-invite-e-s-de-pologne-et-de-la-finlande\/#primaryimage"},"thumbnailUrl":"https:\/\/www.uni.lu\/wp-content\/uploads\/sites\/16\/2021\/09\/chercheur_euse_s_invite_e_s_de_pologne_et_de_la_finlande.png","datePublished":"2021-09-14T12:12:17+00:00","dateModified":"2021-09-14T12:12:17+00:00","description":"L\u2019UniGR-Center for Border Studies bas\u00e9 au sein du d\u00e9partement G\u00e9ographie et am\u00e9nagement du territoire accueillera au mois de septembre et octobre deux chercheurs internationaux invit\u00e9s. Pendant leur s\u00e9jour, ils m\u00e8neront des recherches sur la fermeture de la fronti\u00e8re germano-polonaise due \u00e0 la Covid 19 ainsi que sur les processus d'europ\u00e9anisation face \u00e0 la r\u00e9introduction des fronti\u00e8res.","breadcrumb":{"@id":"https:\/\/www.uni.lu\/fhse-fr\/news\/chercheur-euse-s-invite-e-s-de-pologne-et-de-la-finlande\/#breadcrumb"},"inLanguage":"fr-FR","potentialAction":[{"@type":"ReadAction","target":["https:\/\/www.uni.lu\/fhse-fr\/news\/chercheur-euse-s-invite-e-s-de-pologne-et-de-la-finlande\/"]}]},{"@type":"ImageObject","inLanguage":"fr-FR","@id":"https:\/\/www.uni.lu\/fhse-fr\/news\/chercheur-euse-s-invite-e-s-de-pologne-et-de-la-finlande\/#primaryimage","url":"https:\/\/www.uni.lu\/wp-content\/uploads\/sites\/16\/2021\/09\/chercheur_euse_s_invite_e_s_de_pologne_et_de_la_finlande.png","contentUrl":"https:\/\/www.uni.lu\/wp-content\/uploads\/sites\/16\/2021\/09\/chercheur_euse_s_invite_e_s_de_pologne_et_de_la_finlande.png","width":1251,"height":254},{"@type":"BreadcrumbList","@id":"https:\/\/www.uni.lu\/fhse-fr\/news\/chercheur-euse-s-invite-e-s-de-pologne-et-de-la-finlande\/#breadcrumb","itemListElement":[{"@type":"ListItem","position":1,"name":"Home","item":"https:\/\/www.uni.lu\/fr"},{"@type":"ListItem","position":2,"name":"Facult\u00e9 des Sciences Humaines, des Sciences de l\u2019\u00c9ducation et des Sciences Sociales\u200b","item":"https:\/\/www.uni.lu\/fhse-fr\/"},{"@type":"ListItem","position":3,"name":"News","item":"https:\/\/www.uni.lu\/fhse-fr\/news\/"},{"@type":"ListItem","position":4,"name":"Chercheur.euse.s invit\u00e9.e.s de Pologne et de la Finlande"}]},{"@type":"WebSite","@id":"https:\/\/www.uni.lu\/fhse-fr\/#website","url":"https:\/\/www.uni.lu\/fhse-fr\/","name":"FHSE","description":"Facult\u00e9 des Sciences Humaines, des Sciences de l\u2019\u00c9ducation et des Sciences Sociales\u200b I Uni.lu","publisher":{"@id":"https:\/\/www.uni.lu\/fhse-fr\/#organization"},"alternateName":"Facult\u00e9 des Sciences Humaines, des Sciences de l\u2019\u00c9ducation et des Sciences Sociales\u200b I Universit\u00e9 du Luxembourg","potentialAction":[{"@type":"SearchAction","target":{"@type":"EntryPoint","urlTemplate":"https:\/\/www.uni.lu\/fhse-fr\/?s={search_term_string}"},"query-input":"required name=search_term_string"}],"inLanguage":"fr-FR"},{"@type":"Organization","@id":"https:\/\/www.uni.lu\/fhse-fr\/#organization","name":"FHSE - Universit\u00e9 du Luxembourg I Uni.lu","alternateName":"Facult\u00e9 des Sciences Humaines, des Sciences de l\u2019\u00c9ducation et des Sciences Sociales\u200b","url":"https:\/\/www.uni.lu\/fhse-fr\/","logo":{"@type":"ImageObject","inLanguage":"fr-FR","@id":"https:\/\/www.uni.lu\/fhse-fr\/#\/schema\/logo\/image\/","url":"https:\/\/www.uni.lu\/wp-content\/uploads\/sites\/16\/2026\/03\/03112325\/FHSE_SM-Profile_1600x1600px-scaled.jpg","contentUrl":"https:\/\/www.uni.lu\/wp-content\/uploads\/sites\/16\/2026\/03\/03112325\/FHSE_SM-Profile_1600x1600px-scaled.jpg","width":2560,"height":2560,"caption":"FHSE - Universit\u00e9 du Luxembourg I Uni.lu"},"image":"https:\/\/www.uni.lu\/wp-content\/uploads\/sites\/16\/2026\/04\/24144331\/20200609-Belval-Campus_Henri-Goergen-23.jpg","sameAs":["https:\/\/humanities.uni.lu\/"],"email":"communication@uni.lu","telephone":"+3524666441","address":{"@type":"PostalAddress","streetAddress":"11, Porte des Sciences","addressLocality":"Esch-sur-Alzette","postalCode":"4365","addressCountry":"LU"},"description":"Facult\u00e9 des Sciences Humaines, des Sciences de l\u2019\u00c9ducation et des Sciences Sociales\u200b I Uni.lu"}]}},"blog_id":16,"_links":{"self":[{"href":"https:\/\/www.uni.lu\/fhse-fr\/wp-json\/wp\/v2\/news\/424"}],"collection":[{"href":"https:\/\/www.uni.lu\/fhse-fr\/wp-json\/wp\/v2\/news"}],"about":[{"href":"https:\/\/www.uni.lu\/fhse-fr\/wp-json\/wp\/v2\/types\/news"}],"version-history":[{"count":0,"href":"https:\/\/www.uni.lu\/fhse-fr\/wp-json\/wp\/v2\/news\/424\/revisions"}],"wp:featuredmedia":[{"embeddable":true,"href":"https:\/\/www.uni.lu\/fhse-fr\/wp-json\/wp\/v2\/media\/425"}],"wp:attachment":[{"href":"https:\/\/www.uni.lu\/fhse-fr\/wp-json\/wp\/v2\/media?parent=424"}],"wp:term":[{"taxonomy":"news-category","embeddable":true,"href":"https:\/\/www.uni.lu\/fhse-fr\/wp-json\/wp\/v2\/news-category?post=424"},{"taxonomy":"news-topic","embeddable":true,"href":"https:\/\/www.uni.lu\/fhse-fr\/wp-json\/wp\/v2\/news-topic?post=424"},{"taxonomy":"organisation","embeddable":true,"href":"https:\/\/www.uni.lu\/fhse-fr\/wp-json\/wp\/v2\/organisation?post=424"}],"curies":[{"name":"wp","href":"https:\/\/api.w.org\/{rel}","templated":true}]}}