{"id":4236,"date":"2025-02-05T15:52:35","date_gmt":"2025-02-05T14:52:35","guid":{"rendered":"https:\/\/www.uni.lu\/fhse-fr\/?post_type=news&#038;p=4236"},"modified":"2025-02-19T08:12:08","modified_gmt":"2025-02-19T07:12:08","slug":"houseeurope-arretons-de-demolir-renovons","status":"publish","type":"news","link":"https:\/\/www.uni.lu\/fhse-fr\/news\/houseeurope-arretons-de-demolir-renovons\/","title":{"rendered":"HouseEurope! :  pour que la r\u00e9novation devienne la norme"},"content":{"rendered":"\n<section class=\"wp-block-unilux-blocks-free-section section\"><div class=\"container xl:max-w-screen-xl\">\n<p>Globalement, le secteur de la construction repr\u00e9sente 38 % des \u00e9missions globales de CO<sup>2 <\/sup>dans le monde. En comparaison, le secteur a\u00e9rien ne repr\u00e9sente que 3,5%. Le Luxembourg ne fait pas exception dans cette tendance, car plus de 80% du volume total des d\u00e9chets du pays sont li\u00e9s \u00e0 la construction, et malgr\u00e9 une p\u00e9nurie sur le march\u00e9 de l\u2019habitat, on estime qu\u2019entre 5 et 10% des maisons sont vides au Luxembourg. Dans ce contexte, r\u00e9nover au lieu de d\u00e9molir doit devenir un premier choix.&nbsp;<\/p>\n\n\n\n<p>L\u2019initiative <em>HouseEurope&nbsp;!, <\/em>port\u00e9 par des citoyens et organisations, a d\u00e9cid\u00e9 de changer la donne par la mobilisation citoyenne. L&rsquo;objectif commun est de recueillir le plus de voix possible, afin d&rsquo;initier un changement d\u00e9cisif et de rendre la r\u00e9novation plus simple, moins co\u00fbteuse et plus accessible que la d\u00e9molition. Si un million de citoyens europ\u00e9ens issus d&rsquo;au moins sept pays soutiennent la demande, la Commission Europ\u00e9enne examinera la proposition de l\u2019initiative et mettra en place un groupe de travail.<\/p>\n\n\n\n<p>L\u2019Europe perdra un milliard de m\u00e8tres carr\u00e9s de surface b\u00e2tie d\u2019ici 2050. Imaginez qu\u2019en 30 ans, cela \u00e9quivaut \u00e0 d\u00e9molir la surface de Paris et de Berlin. Le Luxembourg peut jouer un r\u00f4le d\u00e9terminant dans la r\u00e9ussite de cette initiative en r\u00e9coltant 4,500 signatures dans le pays.<\/p>\n\n\n\n<p>L\u2019Universit\u00e9 du Luxembourg, \u00e0 travers l\u2019\u00e9quipe du <a href=\"https:\/\/www.uni.lu\/fhse-en\/study-programs\/master-in-architecture\/\">Master en Architecture<\/a>, s\u2019associe \u00e0 dix partenaires luxembourgeois, notamment LUCA, L\u00ebtzebuerger Denkmalschutz, OAI, INPA, le Mouvement \u00e9cologique ou l\u2019Oekozenter Paffendall pour guider la campagne au Luxembourg. Coordonn\u00e9e par <a href=\"https:\/\/www.uni.lu\/fhse-en\/people\/florian-hertweck\/\">Prof. Florian Hertweck<\/a>, celle-ci proposera de nombreuses opportunit\u00e9s pour s\u2019informer et s\u2019engager.<\/p>\n\n\n\n<h3 class=\"has-text-align-left wp-block-unilux-blocks-heading\"        id=\"que-demande-houseeurope\"\n    >\n<strong><strong>Que demande HouseEurope ?<\/strong><\/strong><br><\/h3>\n\n\n\n<ol type=\"1\" class=\"ulux-list\">\n<li class=\"ulux-list-item\"><strong>des all\u00e8gements fiscaux<\/strong> pour les r\u00e9novations durables et les mat\u00e9riaux r\u00e9utilis\u00e9s, par exemple un taux de TVA ultra r\u00e9duit (sur l\u2019ensemble des b\u00e2timents et non seulement sur les logements).<\/li>\n\n\n\n<li class=\"ulux-list-item\">&nbsp;<strong>des r\u00e8gles \u00e9quitables<\/strong> et transparentes pour l&rsquo;\u00e9valuation du potentiel des b\u00e2timents existants, afin que les risques ne soient pas les seuls \u00e0 \u00eatre pris en compte.<\/li>\n\n\n\n<li class=\"ulux-list-item\">et <strong>de nouvelles valeurs<\/strong> pour l&rsquo;\u00e9nergie grise et le contenu en CO2 li\u00e9 \u00e0 l&rsquo;existant, qui ne sont autrement pas pris en compte.<\/li>\n<\/ol>\n\n\n\n<ul class=\"wp-block-unilux-blocks-custom-buttons btn-list justify-center\"><li class=\"wp-block-unilux-blocks-custom-button\"    aria-disabled=\"false\"\n    >\n    <a\n        role=\"link\"\n        aria-disabled=\"false\"\n                    href=\"https:\/\/eci.ec.europa.eu\/052\/public\/#\/screen\/home\"\n                target=\"_blank\"\n        class=\"btn btn--primary\"\n            >Signer la p\u00e9tition<\/a>\n<\/li>\n<\/ul>\n\n\n<div class=\"wp-block-unilux-blocks-spacer is-spacer-size-md\"><\/div>\n\n<div class=\"thumbnail  wp-block-unilux-blocks-thumbnail-video\">\n    <div class=\"card bg-theme p-0\">\n        <div class=\"card__container p-0\">\n            <div class=\"card__body p-0\">\n                <iframe \n            src=\"https:\/\/www.youtube.com\/embed\/7L2QwRDQKFc\" \n            title=\"YouTube video player\" frameborder=\"0\" \n            allow=\"accelerometer; autoplay; clipboard-write; encrypted-media; gyroscope; picture-in-picture; web-share\" referrerpolicy=\"strict-origin-when-cross-origin\" \n            style=\"object-position: 50% 50%; aspect-ratio: 16\/9; object-fit: cover; width: 100%;\"\n            allowfullscreen data-cookieconsent=\"ignore\">\n            <\/iframe>                            <\/div>\n        <\/div>\n    <\/div>\n<\/div>\n\n\n<div class=\"wp-block-unilux-blocks-spacer is-spacer-size-md\"><\/div>\n\n\n<h3 class=\"has-text-align-left wp-block-unilux-blocks-heading\"        id=\"pourquoi-favoriser-la-renovation-des-batiments\"\n    >\n<strong>Pourquoi favoriser la r\u00e9novation des b\u00e2timents ?<\/strong><\/h3>\n\n\n<div class=\"wp-block-unilux-blocks-spacer is-spacer-size-sm\"><\/div>\n\n\n<div class=\"wp-block-unilux-blocks-accordion accordion accordion--theme accordion-standard\" data-reference=\"13cc2258-2bf2-4b59-8d0e-5179105fc0e5\" data-accordion-type=\"standard\"><div class=\"accordion__item  wp-block-unilux-blocks-accordion-item\">\n    <h3 class=\"accordion__header\"\n                    id=\"lutter-contre-la-crise-du-logement\"\n        >\n        <button\n            type=\"button\"\n            id=\"accordion-labelledby-a3e5201f-ae58-43b0-9656-745365c08847\"\n            class=\"accordion__button collapsed\"\n            aria-expanded=\"false\"\n            aria-controls=\"accordion-panel-a3e5201f-ae58-43b0-9656-745365c08847\"\n            data-bs-toggle=\"collapse\"\n            data-bs-target=\"#accordion-panel-a3e5201f-ae58-43b0-9656-745365c08847\"\n        >\n            <span class=\"accordion__title\">\n                                <strong><strong>Lutter contre la crise du logement<\/strong><\/strong>            <\/span>\n\n            <svg aria-hidden=\"true\" focusable=\"false\" class=\"icon icon-outline icon--arrow-down \"><use xlink:href=\"https:\/\/www.uni.lu\/wp-content\/themes\/unilux-theme\/assets\/images\/icons\/icons-outline.svg#icon--arrow-down\"><\/use><\/svg>        <\/button>\n    <\/h3>\n    <div id=\"accordion-panel-a3e5201f-ae58-43b0-9656-745365c08847\"\n        class=\"accordion__collapse collapse\"\n        aria-labelledby=\"accordion-labelledby-a3e5201f-ae58-43b0-9656-745365c08847\"\n        data-bs-parent=\"[data-reference=&quot;13cc2258-2bf2-4b59-8d0e-5179105fc0e5&quot;]\"\n    >\n        <div class=\"accordion__body \">\n            \n<ul class=\"ulux-list\">\n<li class=\"ulux-list-item\">R\u00e9nover des b\u00e2timents existants est <strong>plus rapide et plus simple<\/strong> que construire du neuf.<\/li>\n\n\n\n<li class=\"ulux-list-item\">Le foncier est d\u00e9j\u00e0 disponible.<\/li>\n\n\n\n<li class=\"ulux-list-item\">Environ <strong>5 \u00e0 10 % des maisons sont vides<\/strong> au Luxembourg<\/li>\n<\/ul>\n        <\/div>\n    <\/div>\n<\/div>\n\n<div class=\"accordion__item  wp-block-unilux-blocks-accordion-item\">\n    <h3 class=\"accordion__header\"\n                    id=\"atteindre-les-objectifs-climatiques\"\n        >\n        <button\n            type=\"button\"\n            id=\"accordion-labelledby-7d0040ca-f987-4f04-bde5-f2fca2b9adad\"\n            class=\"accordion__button collapsed\"\n            aria-expanded=\"false\"\n            aria-controls=\"accordion-panel-7d0040ca-f987-4f04-bde5-f2fca2b9adad\"\n            data-bs-toggle=\"collapse\"\n            data-bs-target=\"#accordion-panel-7d0040ca-f987-4f04-bde5-f2fca2b9adad\"\n        >\n            <span class=\"accordion__title\">\n                                <strong><strong><strong>Atteindre les objectifs climatiques <\/strong><\/strong><\/strong>            <\/span>\n\n            <svg aria-hidden=\"true\" focusable=\"false\" class=\"icon icon-outline icon--arrow-down \"><use xlink:href=\"https:\/\/www.uni.lu\/wp-content\/themes\/unilux-theme\/assets\/images\/icons\/icons-outline.svg#icon--arrow-down\"><\/use><\/svg>        <\/button>\n    <\/h3>\n    <div id=\"accordion-panel-7d0040ca-f987-4f04-bde5-f2fca2b9adad\"\n        class=\"accordion__collapse collapse\"\n        aria-labelledby=\"accordion-labelledby-7d0040ca-f987-4f04-bde5-f2fca2b9adad\"\n        data-bs-parent=\"[data-reference=&quot;13cc2258-2bf2-4b59-8d0e-5179105fc0e5&quot;]\"\n    >\n        <div class=\"accordion__body \">\n            \n<ul class=\"ulux-list\">\n<li class=\"ulux-list-item\">Le secteur de la construction est responsable d\u2019environ <strong>38 % des \u00e9missions globales de CO<sup>2<\/sup><\/strong><sup> <\/sup>(en comparaison, le secteur a\u00e9rien repr\u00e9sente 3,5 %).<\/li>\n\n\n\n<li class=\"ulux-list-item\">L\u2019\u00e9nergie utilis\u00e9e pour les mat\u00e9riaux et la construction repr\u00e9sente l\u2019essentiel de l\u2019empreinte carbone d\u2019un b\u00e2timent.<\/li>\n<\/ul>\n        <\/div>\n    <\/div>\n<\/div>\n\n<div class=\"accordion__item  wp-block-unilux-blocks-accordion-item\">\n    <h3 class=\"accordion__header\"\n                    id=\"preserver-le-patrimoine-culturel-et-historique\"\n        >\n        <button\n            type=\"button\"\n            id=\"accordion-labelledby-27d6126e-759d-475c-8195-0de0f3573757\"\n            class=\"accordion__button collapsed\"\n            aria-expanded=\"false\"\n            aria-controls=\"accordion-panel-27d6126e-759d-475c-8195-0de0f3573757\"\n            data-bs-toggle=\"collapse\"\n            data-bs-target=\"#accordion-panel-27d6126e-759d-475c-8195-0de0f3573757\"\n        >\n            <span class=\"accordion__title\">\n                                <strong><strong><strong><strong>Pr\u00e9server le patrimoine culturel et historique<\/strong><\/strong><\/strong><\/strong>            <\/span>\n\n            <svg aria-hidden=\"true\" focusable=\"false\" class=\"icon icon-outline icon--arrow-down \"><use xlink:href=\"https:\/\/www.uni.lu\/wp-content\/themes\/unilux-theme\/assets\/images\/icons\/icons-outline.svg#icon--arrow-down\"><\/use><\/svg>        <\/button>\n    <\/h3>\n    <div id=\"accordion-panel-27d6126e-759d-475c-8195-0de0f3573757\"\n        class=\"accordion__collapse collapse\"\n        aria-labelledby=\"accordion-labelledby-27d6126e-759d-475c-8195-0de0f3573757\"\n        data-bs-parent=\"[data-reference=&quot;13cc2258-2bf2-4b59-8d0e-5179105fc0e5&quot;]\"\n    >\n        <div class=\"accordion__body \">\n            \n<ul class=\"ulux-list\">\n<li class=\"ulux-list-item\">Il est crucial de <strong>conserver les b\u00e2timents <\/strong>qui d\u00e9finissent le caract\u00e8re des localit\u00e9s et les r\u00e9nover de mani\u00e8re attrayante.<\/li>\n<\/ul>\n        <\/div>\n    <\/div>\n<\/div>\n\n<div class=\"accordion__item  wp-block-unilux-blocks-accordion-item\">\n    <h3 class=\"accordion__header\"\n                    id=\"une-question-sociale\"\n        >\n        <button\n            type=\"button\"\n            id=\"accordion-labelledby-fd9aa592-cc4e-4469-93f9-c038420d4742\"\n            class=\"accordion__button collapsed\"\n            aria-expanded=\"false\"\n            aria-controls=\"accordion-panel-fd9aa592-cc4e-4469-93f9-c038420d4742\"\n            data-bs-toggle=\"collapse\"\n            data-bs-target=\"#accordion-panel-fd9aa592-cc4e-4469-93f9-c038420d4742\"\n        >\n            <span class=\"accordion__title\">\n                                <strong><strong><strong><strong><strong>Une question sociale <\/strong><\/strong><\/strong><\/strong><\/strong>            <\/span>\n\n            <svg aria-hidden=\"true\" focusable=\"false\" class=\"icon icon-outline icon--arrow-down \"><use xlink:href=\"https:\/\/www.uni.lu\/wp-content\/themes\/unilux-theme\/assets\/images\/icons\/icons-outline.svg#icon--arrow-down\"><\/use><\/svg>        <\/button>\n    <\/h3>\n    <div id=\"accordion-panel-fd9aa592-cc4e-4469-93f9-c038420d4742\"\n        class=\"accordion__collapse collapse\"\n        aria-labelledby=\"accordion-labelledby-fd9aa592-cc4e-4469-93f9-c038420d4742\"\n        data-bs-parent=\"[data-reference=&quot;13cc2258-2bf2-4b59-8d0e-5179105fc0e5&quot;]\"\n    >\n        <div class=\"accordion__body \">\n            \n<ul class=\"ulux-list\">\n<li class=\"ulux-list-item\">Chaque ann\u00e9e, en Europe, des b\u00e2timents capables d\u2019abriter<strong> 50 millions de personnes<\/strong> sont d\u00e9molis<\/li>\n\n\n\n<li class=\"ulux-list-item\">La r\u00e9novation <strong>favorise l\u2019emploi artisanal <\/strong>et le maintien <strong>des entreprises locales<\/strong><\/li>\n<\/ul>\n        <\/div>\n    <\/div>\n<\/div>\n\n<div class=\"accordion__item  wp-block-unilux-blocks-accordion-item\">\n    <h3 class=\"accordion__header\"\n                    id=\"limiter-lurbanisation-et-preserver-la-biodiversite\"\n        >\n        <button\n            type=\"button\"\n            id=\"accordion-labelledby-43d2eb51-9100-458b-b6fe-02f3dee47239\"\n            class=\"accordion__button collapsed\"\n            aria-expanded=\"false\"\n            aria-controls=\"accordion-panel-43d2eb51-9100-458b-b6fe-02f3dee47239\"\n            data-bs-toggle=\"collapse\"\n            data-bs-target=\"#accordion-panel-43d2eb51-9100-458b-b6fe-02f3dee47239\"\n        >\n            <span class=\"accordion__title\">\n                                <strong><strong><strong><strong><strong><strong>Limiter l\u2019urbanisation et pr\u00e9server la biodiversit\u00e9 <\/strong><\/strong><\/strong><\/strong><\/strong><\/strong>            <\/span>\n\n            <svg aria-hidden=\"true\" focusable=\"false\" class=\"icon icon-outline icon--arrow-down \"><use xlink:href=\"https:\/\/www.uni.lu\/wp-content\/themes\/unilux-theme\/assets\/images\/icons\/icons-outline.svg#icon--arrow-down\"><\/use><\/svg>        <\/button>\n    <\/h3>\n    <div id=\"accordion-panel-43d2eb51-9100-458b-b6fe-02f3dee47239\"\n        class=\"accordion__collapse collapse\"\n        aria-labelledby=\"accordion-labelledby-43d2eb51-9100-458b-b6fe-02f3dee47239\"\n        data-bs-parent=\"[data-reference=&quot;13cc2258-2bf2-4b59-8d0e-5179105fc0e5&quot;]\"\n    >\n        <div class=\"accordion__body \">\n            \n<ul class=\"ulux-list\">\n<li class=\"ulux-list-item\">Construire uniquement du neuf aggrave la <strong>destruction des espaces verts<\/strong><\/li>\n\n\n\n<li class=\"ulux-list-item\">Il faut <strong>plus d\u2019espaces verts<\/strong> dans nos villes pour att\u00e9nuer les effets du r\u00e9chauffement climatique<\/li>\n<\/ul>\n        <\/div>\n    <\/div>\n<\/div><\/div>\n\n\n<div class=\"wp-block-unilux-blocks-spacer is-spacer-size-sm\"><\/div>\n\n\n<h4 class=\"has-text-align-left wp-block-unilux-blocks-heading\"        id=\"comment-agir\"\n    >\n<strong><strong>Comment agir ?<\/strong><\/strong><\/h4>\n\n\n\n<ul class=\"ulux-list\">\n<li class=\"ulux-list-item\">Pour mieux comprendre les enjeux de la deconstruction et les avantages de la r\u00e9novation, l\u2019Universit\u00e9 du Luxembourg lance une s\u00e9rie de conf\u00e9rences tout au long de l&rsquo;ann\u00e9e au cours desquelles vous pourrez \u00e9changer avec des experts de divers domaines.&nbsp;<\/li>\n\n\n\n<li class=\"ulux-list-item\">Toute personne habitant au Luxembourg peut signer la p\u00e9tition directement en ligne d\u00e8s aujourd&rsquo;hui.<\/li>\n<\/ul>\n\n\n\n<ul class=\"wp-block-unilux-blocks-custom-buttons btn-list justify-center\"><li class=\"wp-block-unilux-blocks-custom-button\"    aria-disabled=\"false\"\n    >\n    <a\n        role=\"link\"\n        aria-disabled=\"false\"\n                    href=\"https:\/\/eci.ec.europa.eu\/052\/public\/#\/screen\/home\"\n                target=\"_self\"\n        class=\"btn btn--primary\"\n            >Signer la p\u00e9tition<\/a>\n<\/li>\n\n\n<li class=\"wp-block-unilux-blocks-custom-button\"    aria-disabled=\"false\"\n    >\n    <a\n        role=\"link\"\n        aria-disabled=\"false\"\n                    href=\"https:\/\/form.jotform.com\/250422784063353\"\n                target=\"_blank\"\n        class=\"btn btn--primary\"\n            >S&rsquo;inscrire \u00e0 la newsletter<\/a>\n<\/li>\n\n\n<li class=\"wp-block-unilux-blocks-custom-button\"    aria-disabled=\"false\"\n    >\n    <a\n        role=\"link\"\n        aria-disabled=\"false\"\n                    href=\"https:\/\/www.houseeurope.eu\/fr\/\"\n                target=\"_self\"\n        class=\"btn btn--dark\"\n            >vers houseeurope.eu<\/a>\n<\/li>\n<\/ul>\n<\/div><\/section>\n\n\n\n<section class=\"py-0 wp-block-unilux-blocks-free-section section\"><div class=\"container xl:max-w-screen-xl\">\n<h2 class=\"has-text-align-left wp-block-unilux-blocks-heading\"        id=\"evenements-associes\"\n    >\nEv\u00e9nements associ\u00e9s<\/h2>\n\n\n\n<ul class=\"wp-block-unilux-blocks-event-card-group flex flex-wrap justify-center sm:justify-start -mx-16\"><li class=\"w-full px-16 sm:w-1\/2 lg:w-1\/3 wp-block-unilux-blocks-event-card\"><div class=\"ulux-card card-event bg-theme \">\n    <div class=\"ulux-card__container\">\n        <div class=\"ulux-card__visual\">\n            <img decoding=\"async\" class=\"w-full\" src=\"https:\/\/www.uni.lu\/wp-content\/uploads\/sites\/2\/2025\/01\/Logo-300x240.jpg\" srcset=\"https:\/\/www.uni.lu\/wp-content\/uploads\/sites\/2\/2025\/01\/Logo.jpg 462w, https:\/\/www.uni.lu\/wp-content\/uploads\/sites\/2\/2025\/01\/Logo-300x240.jpg 300w\" sizes=\"(max-width: 462px) 100vw, 462px\" alt=\"\" \/>\n        <\/div>\n        <div class=\"ulux-card__body\">\n            <div class=\"ulux-card__start-date-container\">\n                <div class=\"ulux-card__start-date\">\n                    <span class=\"ulux-card__start-date__day\">mercredi<\/span>\n                    <span class=\"ulux-card__start-date__number\">12<\/span>\n                    <span class=\"ulux-card__start-date__month\">f\u00e9vrier<\/span>\n                <\/div>\n\n                <div class=\"min-w-0\">\n                    <div class=\"ulux-card__category break-words\">Conferences, In-person event<\/div>\n                    <time class=\"ulux-card__date\" datetime=\"2025-02-12\">\n                        12 f\u00e9vrier 2025, 18.30 &#8211; 21.00                    <\/time>\n                <\/div>\n            <\/div>\n            <h3 class=\"ulux-card__title break-words\">\n                <a class=\"link-absolute\" href=\"https:\/\/www.uni.lu\/fhse-en\/events\/houseeurope-stop-demolition-boost-renovation\/\" target=\"_self\">\n                    HouseEurope! Launch event\u00a0                <\/a>\n            <\/h3>\n                        <a class=\"link-text ulux-card__link link-absolute\" href=\"https:\/\/www.uni.lu\/fhse-en\/events\/houseeurope-stop-demolition-boost-renovation\/\" target=\"_self\">\n                <span class=\"link-text__name\">En savoir plus<\/span>\n                <svg aria-hidden=\"true\" focusable=\"false\" class=\"icon icon-outline icon--arrow-right icon--2xs\"><use xlink:href=\"https:\/\/www.uni.lu\/wp-content\/themes\/unilux-theme\/assets\/images\/icons\/icons-outline.svg#icon--arrow-right\"><\/use><\/svg>            <\/a>\n        <\/div>\n    <\/div>\n<\/div>\n<\/li class=\"w-full px-16 sm:w-1\/2 lg:w-1\/3 wp-block-unilux-blocks-event-card\"><\/ul>\n\n\n\n<h2 class=\"has-text-align-left wp-block-unilux-blocks-heading\"        id=\"houseeurope-dans-la-presse\"\n    >\nHouseEurope dans la presse<\/h2>\n\n\n<ul class=\"flex flex-wrap mt-24 -mx-16  wp-block-unilux-blocks-free-content-card\">\n    <li class=\"w-full sm:w-1\/2 lg:w-1\/3 px-16  wp-block-unilux-blocks-free-content-card-item\">\n    <div class=\"ulux-card card-ressources bg-dark\">\n        <div class=\"ulux-card__container card__container\">\n                        <div class=\"ulux-card__visual wp-block-unilux-blocks-free-content-card-item-visual\">\n    \n<div class=\"wp-block-unilux-blocks-image-video-wrapper\">\n    <div class=\"thumbnail  wp-block-unilux-blocks-thumbnail-video\">\n    <div class=\"card bg-theme p-0\">\n        <div class=\"card__container p-0\">\n            <div class=\"card__body p-0\">\n                <iframe \n            src=\"\" \n            title=\"YouTube video player\" frameborder=\"0\" \n            allow=\"accelerometer; autoplay; clipboard-write; encrypted-media; gyroscope; picture-in-picture; web-share\" referrerpolicy=\"strict-origin-when-cross-origin\" \n            style=\"object-position: 50% 50%; aspect-ratio: 16\/9; object-fit: cover; width: 100%;\"\n            allowfullscreen data-cookieconsent=\"ignore\">\n            <\/iframe>                            <\/div>\n        <\/div>\n    <\/div>\n<\/div>\n<\/div><\/div><div class=\"ulux-card__body wp-block-unilux-blocks-free-content-card-item-body\">\n    \n<h3 class=\"ulux-card__title has-text-align-left wp-block-unilux-blocks-heading\"        id=\"houseeurope-mei-renoveieren-manner-ofrappen\"\n    >\nHouseEurope!: M\u00e9i renov\u00e9ieren, manner ofrappen<\/h3>\n\n<div class=\"ulux-card__category wp-block-unilux-blocks-plain-text\">RTL L\u00ebtzebuerg<\/div>\n<div class=\"ulux-card__date wp-block-unilux-blocks-plain-text\">14\/02\/2025<\/div>\n<div class=\"ulux-card__topic wp-block-unilux-blocks-plain-text\">DE JOURNAL<\/div>\n<div class=\"ulux-card__name wp-block-unilux-blocks-plain-text\"><\/div><div class=\"ulux-card__link-wrapper wp-block-unilux-blocks-simple-cta\">\n    <a\n        href=\"https:\/\/www.rtl.lu\/news\/national\/a\/2276537.html\"\n        title=\"Learn more\"\n        class=\"link-text link-text--icon ulux-card__link link-text link-absolute\"\n        target=\"_blank\"\n    >\n        <span class=\"link-text__body\">\n            <span class=\"link-text__name\">rtl.lu<\/span>\n        <\/span>\n        <svg aria-hidden=\"true\" focusable=\"false\" class=\"icon icon-outline icon--external-link \"><use xlink:href=\"https:\/\/www.uni.lu\/wp-content\/themes\/unilux-theme\/assets\/images\/icons\/icons-outline.svg#icon--external-link\"><\/use><\/svg>    <\/a>\n<\/div>\n<\/div>        <\/div>\n    <\/div>\n<\/li><\/ul>\n\n<div class=\"flex flex-wrap -mx-16  wp-block-unilux-blocks-highlighted-person-list\">\n    <div class=\"w-full md:w-1\/2 px-16  wp-block-unilux-blocks-highlighted-person-list-item\">\n    \n<h3 class=\"has-text-align-left wp-block-unilux-blocks-heading\"        id=\"contacter-houseeurope-luxembourg\"\n    >\nContacter HouseEurope! Luxembourg<\/h3>\n\n<div class=\"wp-block-unilux-blocks-wrapper list-people bg-theme\">\n<div class=\"wp-block-unilux-blocks-wrapper list-people__container\">\n<div class=\"wp-block-unilux-blocks-wrapper list-people__visual\"><figure class=\"wp-block-dev4-reusable-blocks-image w-full object-fit--cover\">\n    \n<img decoding=\"async\" class=\"wp-block-image unilux-custom-image-block\"\n                alt=\"Photograph of Florian Hertweck\"\n            src=\"https:\/\/www.uni.lu\/wp-content\/uploads\/sites\/16\/2025\/02\/NTAwMjE3MTFfX0Zsb3JpYW4gSEVSVFdFQ0s-2048x2048-1.jpeg\"\n                srcset=\"https:\/\/www.uni.lu\/wp-content\/uploads\/sites\/16\/2025\/02\/NTAwMjE3MTFfX0Zsb3JpYW4gSEVSVFdFQ0s-2048x2048-1-300x200.jpeg 300w, https:\/\/www.uni.lu\/wp-content\/uploads\/sites\/16\/2025\/02\/NTAwMjE3MTFfX0Zsb3JpYW4gSEVSVFdFQ0s-2048x2048-1-1024x683.jpeg 1024w, https:\/\/www.uni.lu\/wp-content\/uploads\/sites\/16\/2025\/02\/NTAwMjE3MTFfX0Zsb3JpYW4gSEVSVFdFQ0s-2048x2048-1-768x512.jpeg 768w, https:\/\/www.uni.lu\/wp-content\/uploads\/sites\/16\/2025\/02\/NTAwMjE3MTFfX0Zsb3JpYW4gSEVSVFdFQ0s-2048x2048-1-1536x1024.jpeg 1536w, https:\/\/www.uni.lu\/wp-content\/uploads\/sites\/16\/2025\/02\/NTAwMjE3MTFfX0Zsb3JpYW4gSEVSVFdFQ0s-2048x2048-1.jpeg 2048w\"\n                style=\"object-position: 50.00% 50.00%; font-family: &quot;object-fit: cover; object-position: 50.00% 50.00%;&quot;; aspect-ratio: 1\/1; object-fit: cover; width: 100%;\"\n        loading=\"lazy\"\n\/>    <\/figure><\/div>\n\n\n\n<div class=\"wp-block-unilux-blocks-wrapper list-people__body\">\n<h5 class=\"list-people__title has-text-align-left wp-block-unilux-blocks-heading\"        id=\"florian-hertweck\"\n    >\nFlorian Hertweck<\/h5>\n\n\n\n<p class=\"list-people__description wp-block-unilux-blocks-plain-text\">Florian Hertweck is Professor of Architecture and Director of the Master\u2019s programme in Architecture.<\/p>\n\n<div class=\"wp-block-unilux-blocks-simple-cta\">\n    <a\n        href=\"https:\/\/www.uni.lu\/fhse-en\/people\/florian-hertweck\/\"\n        title=\"Learn More\"\n        class=\"link-text link-text--icon link-absolute\"\n        target=\"\"\n    >\n        <span class=\"link-text__body\">\n            <span class=\"link-text__name\">Voir profil<\/span>\n        <\/span>\n        <svg aria-hidden=\"true\" focusable=\"false\" class=\"icon icon-outline icon--arrow-right \"><use xlink:href=\"https:\/\/www.uni.lu\/wp-content\/themes\/unilux-theme\/assets\/images\/icons\/icons-outline.svg#icon--arrow-right\"><\/use><\/svg>    <\/a>\n<\/div>\n<\/div>\n<\/div>\n<\/div>\n<\/div><\/div><\/div><\/section>\n\n\n\n<section class=\"wp-block-unilux-blocks-free-section section\"><div class=\"container xl:max-w-screen-xl\">\n<h2 class=\"has-text-align-left wp-block-unilux-blocks-heading\"        id=\"partenaires\"\n    >\nPartenaires<\/h2>\n\n\n<figure class=\"wp-block-dev4-reusable-blocks-image  object-fit--contain\">\n    \n<img decoding=\"async\" class=\"wp-block-image unilux-custom-image-block\"\n                alt=\"\"\n            src=\"https:\/\/www.uni.lu\/wp-content\/uploads\/sites\/16\/2025\/02\/Screenshot-2025-02-10-at-15.12.30.png\"\n                srcset=\"https:\/\/www.uni.lu\/wp-content\/uploads\/sites\/16\/2025\/02\/Screenshot-2025-02-10-at-15.12.30-300x79.png 300w, https:\/\/www.uni.lu\/wp-content\/uploads\/sites\/16\/2025\/02\/Screenshot-2025-02-10-at-15.12.30.png 708w\"\n                style=\"object-position: 52.00% 0.00%; font-family: &quot;object-fit: contain; object-position: 52.00% 0.00%;&quot;; aspect-ratio: 32\/9; object-fit: contain; width: 100%;\"\n        loading=\"lazy\"\n\/>    <\/figure>\n\n\n<p>Avec le soutien<span style=\"font-family: Aptos;font-size: 16px\">&nbsp;<\/span>de \u201cLuxembourg under destruction\u201d et \u00ab\u00a0L\u00ebtzebuerger Bauierwen erhalen &#8211; Architekturopstand &amp; Baukultur\u201d<\/p>\n<\/div><\/section>\n","protected":false},"excerpt":{"rendered":"<p>L\u2019Universit\u00e9 du Luxembourg s\u2019associe \u00e0 dix acteurs de divers secteurs au Luxembourg (architecture, pr\u00e9servation du patrimoine, environnement,\u2026) pour soutenir l\u2019initiative citoyenne europ\u00e9enne \u00ab\u00a0HouseEurope\u00a0!\u00a0\u00bb. L\u2019objectif commun : r\u00e9colter un maximum de voix pour initier un changement d\u00e9cisif et rendre la r\u00e9novation plus simple, moins co\u00fbteuse et plus accessible que la d\u00e9molition.<\/p>\n","protected":false},"author":126,"featured_media":4239,"template":"","format":"standard","meta":{"featured_image_focal_point":[],"show_featured_caption":false,"ulux_newsletter_groups":"","uluxPostTitle":"","uluxPrePostTitle":"","_trash_the_other_posts":false,"_price":"","_stock":"","_tribe_ticket_header":"","_tribe_default_ticket_provider":"","_tribe_ticket_capacity":"0","_ticket_start_date":"","_ticket_end_date":"","_tribe_ticket_show_description":"","_tribe_ticket_show_not_going":false,"_tribe_ticket_use_global_stock":"","_tribe_ticket_global_stock_level":"","_global_stock_mode":"","_global_stock_cap":"","_tribe_rsvp_for_event":"","_tribe_ticket_going_count":"","_tribe_ticket_not_going_count":"","_tribe_tickets_list":"[]","_tribe_ticket_has_attendee_info_fields":false},"news-category":[6],"news-topic":[14],"organisation":[148,146],"authorship":[126],"acf":[],"yoast_head":"<!-- This site is optimized with the Yoast SEO Premium plugin v22.3 (Yoast SEO v22.3) - https:\/\/yoast.com\/wordpress\/plugins\/seo\/ -->\n<title>HouseEurope! : pour que la r\u00e9novation devienne la norme - FHSE actualit\u00e9s I Universit\u00e9 du Luxembourg<\/title>\n<meta name=\"description\" content=\"L\u2019Universit\u00e9 du Luxembourg s\u2019associe \u00e0 dix acteurs de divers secteurs au Luxembourg (architecture, pr\u00e9servation du patrimoine, environnement,\u2026) pour soutenir l\u2019initiative citoyenne europ\u00e9enne \u00ab\u00a0HouseEurope\u00a0!\u00a0\u00bb. L\u2019objectif commun : r\u00e9colter un maximum de voix pour initier un changement d\u00e9cisif et rendre la r\u00e9novation plus simple, moins co\u00fbteuse et plus accessible que la d\u00e9molition.\" \/>\n<meta name=\"robots\" content=\"index, follow, max-snippet:-1, max-image-preview:large, max-video-preview:-1\" \/>\n<link rel=\"canonical\" href=\"https:\/\/www.uni.lu\/fhse-fr\/news\/houseeurope-arretons-de-demolir-renovons\/\" \/>\n<meta property=\"og:locale\" content=\"fr_FR\" \/>\n<meta property=\"og:type\" content=\"article\" \/>\n<meta property=\"og:title\" content=\"HouseEurope! : pour que la r\u00e9novation devienne la norme\" \/>\n<meta property=\"og:description\" content=\"L\u2019Universit\u00e9 du Luxembourg s\u2019associe \u00e0 dix acteurs de divers secteurs au Luxembourg (architecture, pr\u00e9servation du patrimoine, environnement,\u2026) pour soutenir l\u2019initiative citoyenne europ\u00e9enne \u00ab\u00a0HouseEurope\u00a0!\u00a0\u00bb. L\u2019objectif commun : r\u00e9colter un maximum de voix pour initier un changement d\u00e9cisif et rendre la r\u00e9novation plus simple, moins co\u00fbteuse et plus accessible que la d\u00e9molition.\" \/>\n<meta property=\"og:url\" content=\"https:\/\/www.uni.lu\/fhse-fr\/news\/houseeurope-arretons-de-demolir-renovons\/\" \/>\n<meta property=\"og:site_name\" content=\"FHSE FR\" \/>\n<meta property=\"article:modified_time\" content=\"2025-02-19T07:12:08+00:00\" \/>\n<meta property=\"og:image\" content=\"https:\/\/www.uni.lu\/wp-content\/uploads\/sites\/16\/2025\/01\/Screenshot-2025-01-31-at-15.25.19-1024x622.png\" \/>\n\t<meta property=\"og:image:width\" content=\"1024\" \/>\n\t<meta property=\"og:image:height\" content=\"622\" \/>\n\t<meta property=\"og:image:type\" content=\"image\/png\" \/>\n<meta name=\"twitter:card\" content=\"summary_large_image\" \/>\n<meta name=\"twitter:label1\" content=\"Dur\u00e9e de lecture estim\u00e9e\" \/>\n\t<meta name=\"twitter:data1\" content=\"3 minutes\" \/>\n<script type=\"application\/ld+json\" class=\"yoast-schema-graph\">{\"@context\":\"https:\/\/schema.org\",\"@graph\":[{\"@type\":\"NewsArticle\",\"@id\":\"https:\/\/www.uni.lu\/fhse-fr\/news\/houseeurope-arretons-de-demolir-renovons\/#article\",\"isPartOf\":{\"@id\":\"https:\/\/www.uni.lu\/fhse-fr\/news\/houseeurope-arretons-de-demolir-renovons\/\"},\"author\":{\"name\":\"arianehenry\",\"@id\":\"https:\/\/www.uni.lu\/fhse-fr\/#\/schema\/person\/50dac366965fc35b0dde6e8a18162560\"},\"headline\":\"HouseEurope! : pour que la r\u00e9novation devienne la norme\",\"datePublished\":\"2025-02-05T14:52:35+00:00\",\"dateModified\":\"2025-02-19T07:12:08+00:00\",\"mainEntityOfPage\":{\"@id\":\"https:\/\/www.uni.lu\/fhse-fr\/news\/houseeurope-arretons-de-demolir-renovons\/\"},\"wordCount\":624,\"publisher\":{\"@id\":\"https:\/\/www.uni.lu\/fhse-fr\/#organization\"},\"image\":{\"@id\":\"https:\/\/www.uni.lu\/fhse-fr\/news\/houseeurope-arretons-de-demolir-renovons\/#primaryimage\"},\"thumbnailUrl\":\"https:\/\/www.uni.lu\/wp-content\/uploads\/sites\/16\/2025\/01\/Screenshot-2025-01-31-at-15.25.19.png\",\"inLanguage\":\"fr-FR\"},{\"@type\":\"WebPage\",\"@id\":\"https:\/\/www.uni.lu\/fhse-fr\/news\/houseeurope-arretons-de-demolir-renovons\/\",\"url\":\"https:\/\/www.uni.lu\/fhse-fr\/news\/houseeurope-arretons-de-demolir-renovons\/\",\"name\":\"HouseEurope! : pour que la r\u00e9novation devienne la norme - FHSE actualit\u00e9s I Universit\u00e9 du Luxembourg\",\"isPartOf\":{\"@id\":\"https:\/\/www.uni.lu\/fhse-fr\/#website\"},\"primaryImageOfPage\":{\"@id\":\"https:\/\/www.uni.lu\/fhse-fr\/news\/houseeurope-arretons-de-demolir-renovons\/#primaryimage\"},\"image\":{\"@id\":\"https:\/\/www.uni.lu\/fhse-fr\/news\/houseeurope-arretons-de-demolir-renovons\/#primaryimage\"},\"thumbnailUrl\":\"https:\/\/www.uni.lu\/wp-content\/uploads\/sites\/16\/2025\/01\/Screenshot-2025-01-31-at-15.25.19.png\",\"datePublished\":\"2025-02-05T14:52:35+00:00\",\"dateModified\":\"2025-02-19T07:12:08+00:00\",\"description\":\"L\u2019Universit\u00e9 du Luxembourg s\u2019associe \u00e0 dix acteurs de divers secteurs au Luxembourg (architecture, pr\u00e9servation du patrimoine, environnement,\u2026) pour soutenir l\u2019initiative citoyenne europ\u00e9enne \u00ab\u00a0HouseEurope\u00a0!\u00a0\u00bb. L\u2019objectif commun : r\u00e9colter un maximum de voix pour initier un changement d\u00e9cisif et rendre la r\u00e9novation plus simple, moins co\u00fbteuse et plus accessible que la d\u00e9molition.\",\"breadcrumb\":{\"@id\":\"https:\/\/www.uni.lu\/fhse-fr\/news\/houseeurope-arretons-de-demolir-renovons\/#breadcrumb\"},\"inLanguage\":\"fr-FR\",\"potentialAction\":[{\"@type\":\"ReadAction\",\"target\":[\"https:\/\/www.uni.lu\/fhse-fr\/news\/houseeurope-arretons-de-demolir-renovons\/\"]}]},{\"@type\":\"ImageObject\",\"inLanguage\":\"fr-FR\",\"@id\":\"https:\/\/www.uni.lu\/fhse-fr\/news\/houseeurope-arretons-de-demolir-renovons\/#primaryimage\",\"url\":\"https:\/\/www.uni.lu\/wp-content\/uploads\/sites\/16\/2025\/01\/Screenshot-2025-01-31-at-15.25.19.png\",\"contentUrl\":\"https:\/\/www.uni.lu\/wp-content\/uploads\/sites\/16\/2025\/01\/Screenshot-2025-01-31-at-15.25.19.png\",\"width\":1618,\"height\":983,\"caption\":\"Des manifestants avec des pancartes sur lesquelles il est \u00e9crit : \\\"Fix it\\\".\"},{\"@type\":\"BreadcrumbList\",\"@id\":\"https:\/\/www.uni.lu\/fhse-fr\/news\/houseeurope-arretons-de-demolir-renovons\/#breadcrumb\",\"itemListElement\":[{\"@type\":\"ListItem\",\"position\":1,\"name\":\"Home\",\"item\":\"https:\/\/www.uni.lu\/fr\"},{\"@type\":\"ListItem\",\"position\":2,\"name\":\"Facult\u00e9 des Sciences Humaines, des Sciences de l\u2019\u00c9ducation et des Sciences Sociales\u200b\",\"item\":\"https:\/\/www.uni.lu\/fhse-fr\/\"},{\"@type\":\"ListItem\",\"position\":3,\"name\":\"News\",\"item\":\"https:\/\/www.uni.lu\/fhse-fr\/news\/\"},{\"@type\":\"ListItem\",\"position\":4,\"name\":\"HouseEurope! : pour que la r\u00e9novation devienne la norme\"}]},{\"@type\":\"WebSite\",\"@id\":\"https:\/\/www.uni.lu\/fhse-fr\/#website\",\"url\":\"https:\/\/www.uni.lu\/fhse-fr\/\",\"name\":\"FHSE\",\"description\":\"Facult\u00e9 des Sciences Humaines, des Sciences de l\u2019\u00c9ducation et des Sciences Sociales\u200b I Uni.lu\",\"publisher\":{\"@id\":\"https:\/\/www.uni.lu\/fhse-fr\/#organization\"},\"alternateName\":\"Facult\u00e9 des Sciences Humaines, des Sciences de l\u2019\u00c9ducation et des Sciences Sociales\u200b I Universit\u00e9 du Luxembourg\",\"potentialAction\":[{\"@type\":\"SearchAction\",\"target\":{\"@type\":\"EntryPoint\",\"urlTemplate\":\"https:\/\/www.uni.lu\/fhse-fr\/?s={search_term_string}\"},\"query-input\":\"required name=search_term_string\"}],\"inLanguage\":\"fr-FR\"},{\"@type\":\"Organization\",\"@id\":\"https:\/\/www.uni.lu\/fhse-fr\/#organization\",\"name\":\"FHSE - Universit\u00e9 du Luxembourg I Uni.lu\",\"alternateName\":\"Facult\u00e9 des Sciences Humaines, des Sciences de l\u2019\u00c9ducation et des Sciences Sociales\u200b\",\"url\":\"https:\/\/www.uni.lu\/fhse-fr\/\",\"logo\":{\"@type\":\"ImageObject\",\"inLanguage\":\"fr-FR\",\"@id\":\"https:\/\/www.uni.lu\/fhse-fr\/#\/schema\/logo\/image\/\",\"url\":\"https:\/\/www.uni.lu\/wp-content\/uploads\/sites\/16\/2026\/03\/03112325\/FHSE_SM-Profile_1600x1600px-scaled.jpg\",\"contentUrl\":\"https:\/\/www.uni.lu\/wp-content\/uploads\/sites\/16\/2026\/03\/03112325\/FHSE_SM-Profile_1600x1600px-scaled.jpg\",\"width\":2560,\"height\":2560,\"caption\":\"FHSE - Universit\u00e9 du Luxembourg I Uni.lu\"},\"image\":\"https:\/\/www.uni.lu\/wp-content\/uploads\/sites\/16\/2026\/04\/24144331\/20200609-Belval-Campus_Henri-Goergen-23.jpg\",\"sameAs\":[\"https:\/\/humanities.uni.lu\/\"],\"email\":\"communication@uni.lu\",\"telephone\":\"+3524666441\",\"address\":{\"@type\":\"PostalAddress\",\"streetAddress\":\"11, Porte des Sciences\",\"addressLocality\":\"Esch-sur-Alzette\",\"postalCode\":\"4365\",\"addressCountry\":\"LU\"},\"description\":\"Facult\u00e9 des Sciences Humaines, des Sciences de l\u2019\u00c9ducation et des Sciences Sociales\u200b I Uni.lu\"},{\"@type\":\"Person\",\"@id\":\"https:\/\/www.uni.lu\/fhse-fr\/#\/schema\/person\/50dac366965fc35b0dde6e8a18162560\",\"name\":\"arianehenry\",\"image\":{\"@type\":\"ImageObject\",\"inLanguage\":\"fr-FR\",\"@id\":\"https:\/\/www.uni.lu\/fhse-fr\/#\/schema\/person\/image\/\",\"url\":\"https:\/\/secure.gravatar.com\/avatar\/e55b62daeed975e86d45b47f53bc22c9?s=96&d=mm&r=g\",\"contentUrl\":\"https:\/\/secure.gravatar.com\/avatar\/e55b62daeed975e86d45b47f53bc22c9?s=96&d=mm&r=g\",\"caption\":\"arianehenry\"}}]}<\/script>\n<!-- \/ Yoast SEO Premium plugin. -->","yoast_head_json":{"title":"HouseEurope! : pour que la r\u00e9novation devienne la norme - FHSE actualit\u00e9s I Universit\u00e9 du Luxembourg","description":"L\u2019Universit\u00e9 du Luxembourg s\u2019associe \u00e0 dix acteurs de divers secteurs au Luxembourg (architecture, pr\u00e9servation du patrimoine, environnement,\u2026) pour soutenir l\u2019initiative citoyenne europ\u00e9enne \u00ab\u00a0HouseEurope\u00a0!\u00a0\u00bb. L\u2019objectif commun : r\u00e9colter un maximum de voix pour initier un changement d\u00e9cisif et rendre la r\u00e9novation plus simple, moins co\u00fbteuse et plus accessible que la d\u00e9molition.","robots":{"index":"index","follow":"follow","max-snippet":"max-snippet:-1","max-image-preview":"max-image-preview:large","max-video-preview":"max-video-preview:-1"},"canonical":"https:\/\/www.uni.lu\/fhse-fr\/news\/houseeurope-arretons-de-demolir-renovons\/","og_locale":"fr_FR","og_type":"article","og_title":"HouseEurope! : pour que la r\u00e9novation devienne la norme","og_description":"L\u2019Universit\u00e9 du Luxembourg s\u2019associe \u00e0 dix acteurs de divers secteurs au Luxembourg (architecture, pr\u00e9servation du patrimoine, environnement,\u2026) pour soutenir l\u2019initiative citoyenne europ\u00e9enne \u00ab\u00a0HouseEurope\u00a0!\u00a0\u00bb. L\u2019objectif commun : r\u00e9colter un maximum de voix pour initier un changement d\u00e9cisif et rendre la r\u00e9novation plus simple, moins co\u00fbteuse et plus accessible que la d\u00e9molition.","og_url":"https:\/\/www.uni.lu\/fhse-fr\/news\/houseeurope-arretons-de-demolir-renovons\/","og_site_name":"FHSE FR","article_modified_time":"2025-02-19T07:12:08+00:00","og_image":[{"width":1024,"height":622,"url":"https:\/\/www.uni.lu\/wp-content\/uploads\/sites\/16\/2025\/01\/Screenshot-2025-01-31-at-15.25.19-1024x622.png","type":"image\/png"}],"twitter_card":"summary_large_image","twitter_misc":{"Dur\u00e9e de lecture estim\u00e9e":"3 minutes"},"schema":{"@context":"https:\/\/schema.org","@graph":[{"@type":"NewsArticle","@id":"https:\/\/www.uni.lu\/fhse-fr\/news\/houseeurope-arretons-de-demolir-renovons\/#article","isPartOf":{"@id":"https:\/\/www.uni.lu\/fhse-fr\/news\/houseeurope-arretons-de-demolir-renovons\/"},"author":{"name":"arianehenry","@id":"https:\/\/www.uni.lu\/fhse-fr\/#\/schema\/person\/50dac366965fc35b0dde6e8a18162560"},"headline":"HouseEurope! : pour que la r\u00e9novation devienne la norme","datePublished":"2025-02-05T14:52:35+00:00","dateModified":"2025-02-19T07:12:08+00:00","mainEntityOfPage":{"@id":"https:\/\/www.uni.lu\/fhse-fr\/news\/houseeurope-arretons-de-demolir-renovons\/"},"wordCount":624,"publisher":{"@id":"https:\/\/www.uni.lu\/fhse-fr\/#organization"},"image":{"@id":"https:\/\/www.uni.lu\/fhse-fr\/news\/houseeurope-arretons-de-demolir-renovons\/#primaryimage"},"thumbnailUrl":"https:\/\/www.uni.lu\/wp-content\/uploads\/sites\/16\/2025\/01\/Screenshot-2025-01-31-at-15.25.19.png","inLanguage":"fr-FR"},{"@type":"WebPage","@id":"https:\/\/www.uni.lu\/fhse-fr\/news\/houseeurope-arretons-de-demolir-renovons\/","url":"https:\/\/www.uni.lu\/fhse-fr\/news\/houseeurope-arretons-de-demolir-renovons\/","name":"HouseEurope! : pour que la r\u00e9novation devienne la norme - FHSE actualit\u00e9s I Universit\u00e9 du Luxembourg","isPartOf":{"@id":"https:\/\/www.uni.lu\/fhse-fr\/#website"},"primaryImageOfPage":{"@id":"https:\/\/www.uni.lu\/fhse-fr\/news\/houseeurope-arretons-de-demolir-renovons\/#primaryimage"},"image":{"@id":"https:\/\/www.uni.lu\/fhse-fr\/news\/houseeurope-arretons-de-demolir-renovons\/#primaryimage"},"thumbnailUrl":"https:\/\/www.uni.lu\/wp-content\/uploads\/sites\/16\/2025\/01\/Screenshot-2025-01-31-at-15.25.19.png","datePublished":"2025-02-05T14:52:35+00:00","dateModified":"2025-02-19T07:12:08+00:00","description":"L\u2019Universit\u00e9 du Luxembourg s\u2019associe \u00e0 dix acteurs de divers secteurs au Luxembourg (architecture, pr\u00e9servation du patrimoine, environnement,\u2026) pour soutenir l\u2019initiative citoyenne europ\u00e9enne \u00ab\u00a0HouseEurope\u00a0!\u00a0\u00bb. L\u2019objectif commun : r\u00e9colter un maximum de voix pour initier un changement d\u00e9cisif et rendre la r\u00e9novation plus simple, moins co\u00fbteuse et plus accessible que la d\u00e9molition.","breadcrumb":{"@id":"https:\/\/www.uni.lu\/fhse-fr\/news\/houseeurope-arretons-de-demolir-renovons\/#breadcrumb"},"inLanguage":"fr-FR","potentialAction":[{"@type":"ReadAction","target":["https:\/\/www.uni.lu\/fhse-fr\/news\/houseeurope-arretons-de-demolir-renovons\/"]}]},{"@type":"ImageObject","inLanguage":"fr-FR","@id":"https:\/\/www.uni.lu\/fhse-fr\/news\/houseeurope-arretons-de-demolir-renovons\/#primaryimage","url":"https:\/\/www.uni.lu\/wp-content\/uploads\/sites\/16\/2025\/01\/Screenshot-2025-01-31-at-15.25.19.png","contentUrl":"https:\/\/www.uni.lu\/wp-content\/uploads\/sites\/16\/2025\/01\/Screenshot-2025-01-31-at-15.25.19.png","width":1618,"height":983,"caption":"Des manifestants avec des pancartes sur lesquelles il est \u00e9crit : \"Fix it\"."},{"@type":"BreadcrumbList","@id":"https:\/\/www.uni.lu\/fhse-fr\/news\/houseeurope-arretons-de-demolir-renovons\/#breadcrumb","itemListElement":[{"@type":"ListItem","position":1,"name":"Home","item":"https:\/\/www.uni.lu\/fr"},{"@type":"ListItem","position":2,"name":"Facult\u00e9 des Sciences Humaines, des Sciences de l\u2019\u00c9ducation et des Sciences Sociales\u200b","item":"https:\/\/www.uni.lu\/fhse-fr\/"},{"@type":"ListItem","position":3,"name":"News","item":"https:\/\/www.uni.lu\/fhse-fr\/news\/"},{"@type":"ListItem","position":4,"name":"HouseEurope! : pour que la r\u00e9novation devienne la norme"}]},{"@type":"WebSite","@id":"https:\/\/www.uni.lu\/fhse-fr\/#website","url":"https:\/\/www.uni.lu\/fhse-fr\/","name":"FHSE","description":"Facult\u00e9 des Sciences Humaines, des Sciences de l\u2019\u00c9ducation et des Sciences Sociales\u200b I Uni.lu","publisher":{"@id":"https:\/\/www.uni.lu\/fhse-fr\/#organization"},"alternateName":"Facult\u00e9 des Sciences Humaines, des Sciences de l\u2019\u00c9ducation et des Sciences Sociales\u200b I Universit\u00e9 du Luxembourg","potentialAction":[{"@type":"SearchAction","target":{"@type":"EntryPoint","urlTemplate":"https:\/\/www.uni.lu\/fhse-fr\/?s={search_term_string}"},"query-input":"required name=search_term_string"}],"inLanguage":"fr-FR"},{"@type":"Organization","@id":"https:\/\/www.uni.lu\/fhse-fr\/#organization","name":"FHSE - Universit\u00e9 du Luxembourg I Uni.lu","alternateName":"Facult\u00e9 des Sciences Humaines, des Sciences de l\u2019\u00c9ducation et des Sciences Sociales\u200b","url":"https:\/\/www.uni.lu\/fhse-fr\/","logo":{"@type":"ImageObject","inLanguage":"fr-FR","@id":"https:\/\/www.uni.lu\/fhse-fr\/#\/schema\/logo\/image\/","url":"https:\/\/www.uni.lu\/wp-content\/uploads\/sites\/16\/2026\/03\/03112325\/FHSE_SM-Profile_1600x1600px-scaled.jpg","contentUrl":"https:\/\/www.uni.lu\/wp-content\/uploads\/sites\/16\/2026\/03\/03112325\/FHSE_SM-Profile_1600x1600px-scaled.jpg","width":2560,"height":2560,"caption":"FHSE - Universit\u00e9 du Luxembourg I Uni.lu"},"image":"https:\/\/www.uni.lu\/wp-content\/uploads\/sites\/16\/2026\/04\/24144331\/20200609-Belval-Campus_Henri-Goergen-23.jpg","sameAs":["https:\/\/humanities.uni.lu\/"],"email":"communication@uni.lu","telephone":"+3524666441","address":{"@type":"PostalAddress","streetAddress":"11, Porte des Sciences","addressLocality":"Esch-sur-Alzette","postalCode":"4365","addressCountry":"LU"},"description":"Facult\u00e9 des Sciences Humaines, des Sciences de l\u2019\u00c9ducation et des Sciences Sociales\u200b I Uni.lu"},{"@type":"Person","@id":"https:\/\/www.uni.lu\/fhse-fr\/#\/schema\/person\/50dac366965fc35b0dde6e8a18162560","name":"arianehenry","image":{"@type":"ImageObject","inLanguage":"fr-FR","@id":"https:\/\/www.uni.lu\/fhse-fr\/#\/schema\/person\/image\/","url":"https:\/\/secure.gravatar.com\/avatar\/e55b62daeed975e86d45b47f53bc22c9?s=96&d=mm&r=g","contentUrl":"https:\/\/secure.gravatar.com\/avatar\/e55b62daeed975e86d45b47f53bc22c9?s=96&d=mm&r=g","caption":"arianehenry"}}]}},"blog_id":16,"_links":{"self":[{"href":"https:\/\/www.uni.lu\/fhse-fr\/wp-json\/wp\/v2\/news\/4236"}],"collection":[{"href":"https:\/\/www.uni.lu\/fhse-fr\/wp-json\/wp\/v2\/news"}],"about":[{"href":"https:\/\/www.uni.lu\/fhse-fr\/wp-json\/wp\/v2\/types\/news"}],"author":[{"embeddable":true,"href":"https:\/\/www.uni.lu\/fhse-fr\/wp-json\/wp\/v2\/users\/126"}],"version-history":[{"count":5,"href":"https:\/\/www.uni.lu\/fhse-fr\/wp-json\/wp\/v2\/news\/4236\/revisions"}],"predecessor-version":[{"id":4405,"href":"https:\/\/www.uni.lu\/fhse-fr\/wp-json\/wp\/v2\/news\/4236\/revisions\/4405"}],"wp:authorship":[{"embeddable":true,"href":"https:\/\/www.uni.lu\/fhse-fr\/wp-json\/wp\/v2\/users\/126"}],"wp:featuredmedia":[{"embeddable":true,"href":"https:\/\/www.uni.lu\/fhse-fr\/wp-json\/wp\/v2\/media\/4239"}],"wp:attachment":[{"href":"https:\/\/www.uni.lu\/fhse-fr\/wp-json\/wp\/v2\/media?parent=4236"}],"wp:term":[{"taxonomy":"news-category","embeddable":true,"href":"https:\/\/www.uni.lu\/fhse-fr\/wp-json\/wp\/v2\/news-category?post=4236"},{"taxonomy":"news-topic","embeddable":true,"href":"https:\/\/www.uni.lu\/fhse-fr\/wp-json\/wp\/v2\/news-topic?post=4236"},{"taxonomy":"organisation","embeddable":true,"href":"https:\/\/www.uni.lu\/fhse-fr\/wp-json\/wp\/v2\/organisation?post=4236"}],"curies":[{"name":"wp","href":"https:\/\/api.w.org\/{rel}","templated":true}]}}