{"id":4231,"date":"2025-01-29T15:29:15","date_gmt":"2025-01-29T14:29:15","guid":{"rendered":"https:\/\/www.uni.lu\/fhse-fr\/?post_type=news&#038;p=4231"},"modified":"2025-01-29T15:29:17","modified_gmt":"2025-01-29T14:29:17","slug":"l-education-musicale-des-futures-generations","status":"publish","type":"news","link":"https:\/\/www.uni.lu\/fhse-fr\/news\/l-education-musicale-des-futures-generations\/","title":{"rendered":"Uni.lu dans les m\u00e9dias : l&rsquo;\u00e9ducation musicale des futures g\u00e9n\u00e9rations"},"content":{"rendered":"\n<section class=\"wp-block-unilux-blocks-free-section section\"><div class=\"container xl:max-w-screen-xl\">\n<p>Depuis 2021, l&rsquo;Universit\u00e9 propose un <a href=\"https:\/\/www.uni.lu\/fhse-en\/study-programs\/bachelor-en-enseignement-musical\/\" target=\"_blank\" rel=\"noreferrer noopener\">Bachelor en \u00e9ducation musicale<\/a> pour les \u00e9tudiants qui aspirent \u00e0 enseigner la musique. C&rsquo;est la premi\u00e8re fois au Luxembourg que cette formation est propos\u00e9e au niveau acad\u00e9mique.&nbsp;&nbsp;<\/p>\n\n\n\n<p>Prof. <a href=\"https:\/\/www.uni.lu\/fhse-en\/people\/luc-nijs\/\" target=\"_blank\" rel=\"noreferrer noopener\">Luc Nijs<\/a> a \u00e9t\u00e9 recrut\u00e9 peu apr\u00e8s. Fort d&rsquo;une longue exp\u00e9rience scientifique sur la mani\u00e8re dont les enfants apprennent la musique et sur le r\u00f4le que le corps et les technologies peuvent jouer dans cette \u00e9ducation musicale, il guide une innovation progressive dans le domaine de l&rsquo;\u00e9ducation musicale.&nbsp;&nbsp;<\/p>\n\n\n<div class=\"wp-block-unilux-blocks-spacer is-spacer-size-sm\"><\/div>\n\n\n<ul class=\"wp-block-unilux-blocks-button-list-v2\">\n<li class=\"wp-block-unilux-blocks-button-list-item-v2\"><a class=\"quick-link\" href=\"https:\/\/100komma7.lu\/show\/Moiesstudio\/202501290832\/episode\/Wei-leiere-Kanner-am-Beschte-Musek-maachen?pd=radio\" target=\"_blank\" role=\"link\" rel=\"noopener\" tabindex=\"0\"><span class=\"quick-link__container\">\n<div class=\"wp-block-unilux-blocks-block-inserter quick-link__img\">\n<div class=\"icon--primary icon--secondary-2 icon--xl wp-block-unilux-blocks-icon-picker\">\n    <svg aria-hidden=\"true\" focusable=\"false\" class=\"icon icon-outline icon--audio \"><use xlink:href=\"https:\/\/www.uni.lu\/wp-content\/themes\/unilux-theme\/assets\/images\/icons\/icons-outline.svg#icon--audio\"><\/use><\/svg><\/div><\/div>\n\n\n\n<span class=\"quick-link__name wp-block-unilux-blocks-plain-text\">\u00c9coutez son interview sur 100komma7<\/span>\n\n<svg aria-hidden=\"true\" focusable=\"false\" class=\"icon icon-outline icon--arrow-right \"><use xlink:href=\"https:\/\/www.uni.lu\/wp-content\/themes\/unilux-theme\/assets\/images\/icons\/icons-outline.svg#icon--arrow-right\"><\/use><\/svg><\/span><\/a><\/li>\n<\/ul>\n\n\n<div class=\"py-48 first:pt-0 last:pb-0 wp-block-unilux-blocks-people-list\">\n    \n<h2 class=\"has-text-align-left wp-block-unilux-blocks-heading\"    >\n<\/h2>\n<ul class=\"flex flex-wrap -mx-16 wp-block-unilux-blocks-people-item-wrapper\">\n    <li class=\"w-full md:w-1\/2 p-16 wp-block-unilux-blocks-people-list-item\">\n    <div class=\"list-people bg-theme wp-block-unilux-blocks-people-item\">\n    \n<div class=\"wp-block-unilux-blocks-wrapper list-people__container\">\n<div class=\"wp-block-unilux-blocks-wrapper list-people__visual\"><figure class=\"wp-block-dev4-reusable-blocks-image w-full object-fit--cover\">\n    \n<img decoding=\"async\" class=\"wp-block-image unilux-custom-image-block\"\n                alt=\"\"\n            src=\"https:\/\/www.uni.lu\/wp-content\/uploads\/sites\/2\/2025\/01\/nijs-scaled.jpg\"\n                    style=\"object-position: 76.00% 34.00%; font-family: &quot;object-fit: cover; object-position: 76.00% 34.00%;&quot;; aspect-ratio: 1\/1; object-fit: cover; width: 100%;\"\n        loading=\"lazy\"\n\/>    <\/figure><\/div>\n\n\n\n<div class=\"wp-block-unilux-blocks-wrapper list-people__body\">\n<h3 class=\"list-people__title has-text-align-left wp-block-unilux-blocks-heading\"        id=\"assoc-prof-luc-nijs\"\n    >\nAssoc. Prof Luc NIJS<\/h3>\n\n\n\n<p class=\"list-people__description wp-block-unilux-blocks-plain-text\">Associate professor in Early Childhood Music Education<\/p>\n\n<div class=\"wp-block-unilux-blocks-simple-cta\">\n    <a\n        href=\"https:\/\/www.uni.lu\/fhse-en\/people\/luc-nijs\/\"\n        title=\"View profile\"\n        class=\"link-text link-text--icon list-people__link link-text link-absolute\"\n        target=\"\"\n    >\n        <span class=\"link-text__body\">\n            <span class=\"link-text__name\">Voir son profil<\/span>\n        <\/span>\n        <svg aria-hidden=\"true\" focusable=\"false\" class=\"icon icon-outline icon--arrow-right \"><use xlink:href=\"https:\/\/www.uni.lu\/wp-content\/themes\/unilux-theme\/assets\/images\/icons\/icons-outline.svg#icon--arrow-right\"><\/use><\/svg>    <\/a>\n<\/div>\n<\/div>\n<\/div>\n<\/div>\n\n<\/li><\/ul>\n\n<\/div>\n\n\n\n<section class=\"section section wp-block-unilux-blocks-quick-link-discover-section\">\n    <div class=\"container xl:max-w-screen-xl\">\n        \n<h2 class=\"has-text-align-left wp-block-unilux-blocks-heading\"        id=\"en-savoir-plus\"\n    >\nEn savoir plus<\/h2>\n\n<ul class=\"wp-block-unilux-blocks-quick-link-discover quick-link-list\">\n<li class=\"wp-block-unilux-blocks-quick-link-discover-item\">\n    <a\n                    href=\"https:\/\/www.uni.lu\/fhse-en\/study-programs\/bachelor-en-enseignement-musical\/\"\n                    class=\"quick-link\"\n            target=\"\"\n    >\n            <span class=\"quick-link__container\">\n                <span class=\"quick-link__text\">\n                    Bachelor en \u00e9ducation musicale (EN)                <\/span>\n                <svg aria-hidden=\"true\" focusable=\"false\" class=\"icon icon-outline icon--arrow-right \"><use xlink:href=\"https:\/\/www.uni.lu\/wp-content\/themes\/unilux-theme\/assets\/images\/icons\/icons-outline.svg#icon--arrow-right\"><\/use><\/svg>            <\/span>\n    <\/a>\n<\/li>\n\n\n\n<li class=\"wp-block-unilux-blocks-quick-link-discover-item\">\n    <a\n                    href=\"https:\/\/www.uni.lu\/fhse-fr\/news\/linnovation-dans-leducation-musicale-en-nuance-forte\/\"\n                    class=\"quick-link\"\n            target=\"\"\n    >\n            <span class=\"quick-link__container\">\n                <span class=\"quick-link__text\">\n                    L\u2019Universit\u00e9 monte le volume en innovation de l\u2019\u00e9ducation musicale                <\/span>\n                <svg aria-hidden=\"true\" focusable=\"false\" class=\"icon icon-outline icon--arrow-right \"><use xlink:href=\"https:\/\/www.uni.lu\/wp-content\/themes\/unilux-theme\/assets\/images\/icons\/icons-outline.svg#icon--arrow-right\"><\/use><\/svg>            <\/span>\n    <\/a>\n<\/li>\n<\/ul>\n    <\/div>\n<\/section><\/div><\/section>\n","protected":false},"excerpt":{"rendered":"","protected":false},"author":341,"featured_media":4232,"template":"","format":"standard","meta":{"featured_image_focal_point":[],"show_featured_caption":false,"ulux_newsletter_groups":"","uluxPostTitle":"","uluxPrePostTitle":"","_trash_the_other_posts":false,"_price":"","_stock":"","_tribe_ticket_header":"","_tribe_default_ticket_provider":"","_tribe_ticket_capacity":"0","_ticket_start_date":"","_ticket_end_date":"","_tribe_ticket_show_description":"","_tribe_ticket_show_not_going":false,"_tribe_ticket_use_global_stock":"","_tribe_ticket_global_stock_level":"","_global_stock_mode":"","_global_stock_cap":"","_tribe_rsvp_for_event":"","_tribe_ticket_going_count":"","_tribe_ticket_not_going_count":"","_tribe_tickets_list":"[]","_tribe_ticket_has_attendee_info_fields":false},"news-category":[4],"news-topic":[11],"organisation":[164],"authorship":[341],"acf":[],"yoast_head":"<!-- This site is optimized with the Yoast SEO Premium plugin v22.3 (Yoast SEO v22.3) - https:\/\/yoast.com\/wordpress\/plugins\/seo\/ -->\n<title>Uni.lu dans les m\u00e9dias : l&#039;\u00e9ducation musicale des futures g\u00e9n\u00e9rations - FHSE actualit\u00e9s I Universit\u00e9 du Luxembourg<\/title>\n<meta name=\"description\" content=\"Depuis 2021, l&#039;Universit\u00e9 propose un Bachelor en \u00e9ducation musicale pour les \u00e9tudiants qui aspirent \u00e0 enseigner la musique. C&#039;est la premi\u00e8re fois au\" \/>\n<meta name=\"robots\" content=\"index, follow, max-snippet:-1, max-image-preview:large, max-video-preview:-1\" \/>\n<link rel=\"canonical\" href=\"https:\/\/www.uni.lu\/fhse-fr\/news\/l-education-musicale-des-futures-generations\/\" \/>\n<meta property=\"og:locale\" content=\"fr_FR\" \/>\n<meta property=\"og:type\" content=\"article\" \/>\n<meta property=\"og:title\" content=\"Uni.lu dans les m\u00e9dias : l&#039;\u00e9ducation musicale des futures g\u00e9n\u00e9rations\" \/>\n<meta property=\"og:description\" content=\"Depuis 2021, l&#039;Universit\u00e9 propose un Bachelor en \u00e9ducation musicale pour les \u00e9tudiants qui aspirent \u00e0 enseigner la musique. C&#039;est la premi\u00e8re fois au\" \/>\n<meta property=\"og:url\" content=\"https:\/\/www.uni.lu\/fhse-fr\/news\/l-education-musicale-des-futures-generations\/\" \/>\n<meta property=\"og:site_name\" content=\"FHSE FR\" \/>\n<meta property=\"article:modified_time\" content=\"2025-01-29T14:29:17+00:00\" \/>\n<meta property=\"og:image\" content=\"https:\/\/www.uni.lu\/wp-content\/uploads\/sites\/16\/2025\/01\/music-teaching.jpg\" \/>\n\t<meta property=\"og:image:width\" content=\"2560\" \/>\n\t<meta property=\"og:image:height\" content=\"1707\" \/>\n\t<meta property=\"og:image:type\" content=\"image\/jpeg\" \/>\n<meta name=\"twitter:card\" content=\"summary_large_image\" \/>\n<meta name=\"twitter:label1\" content=\"Dur\u00e9e de lecture estim\u00e9e\" \/>\n\t<meta name=\"twitter:data1\" content=\"1 minute\" \/>\n<script type=\"application\/ld+json\" class=\"yoast-schema-graph\">{\"@context\":\"https:\/\/schema.org\",\"@graph\":[{\"@type\":\"NewsArticle\",\"@id\":\"https:\/\/www.uni.lu\/fhse-fr\/news\/l-education-musicale-des-futures-generations\/#article\",\"isPartOf\":{\"@id\":\"https:\/\/www.uni.lu\/fhse-fr\/news\/l-education-musicale-des-futures-generations\/\"},\"author\":{\"name\":\"Catherine Clesse\",\"@id\":\"https:\/\/www.uni.lu\/fhse-fr\/#\/schema\/person\/67d3defa53981502bf9cddb74a850c08\"},\"headline\":\"Uni.lu dans les m\u00e9dias : l&rsquo;\u00e9ducation musicale des futures g\u00e9n\u00e9rations\",\"datePublished\":\"2025-01-29T14:29:15+00:00\",\"dateModified\":\"2025-01-29T14:29:17+00:00\",\"mainEntityOfPage\":{\"@id\":\"https:\/\/www.uni.lu\/fhse-fr\/news\/l-education-musicale-des-futures-generations\/\"},\"wordCount\":108,\"publisher\":{\"@id\":\"https:\/\/www.uni.lu\/fhse-fr\/#organization\"},\"image\":{\"@id\":\"https:\/\/www.uni.lu\/fhse-fr\/news\/l-education-musicale-des-futures-generations\/#primaryimage\"},\"thumbnailUrl\":\"https:\/\/www.uni.lu\/wp-content\/uploads\/sites\/16\/2025\/01\/music-teaching.jpg\",\"inLanguage\":\"fr-FR\"},{\"@type\":\"WebPage\",\"@id\":\"https:\/\/www.uni.lu\/fhse-fr\/news\/l-education-musicale-des-futures-generations\/\",\"url\":\"https:\/\/www.uni.lu\/fhse-fr\/news\/l-education-musicale-des-futures-generations\/\",\"name\":\"Uni.lu dans les m\u00e9dias : l'\u00e9ducation musicale des futures g\u00e9n\u00e9rations - FHSE actualit\u00e9s I Universit\u00e9 du Luxembourg\",\"isPartOf\":{\"@id\":\"https:\/\/www.uni.lu\/fhse-fr\/#website\"},\"primaryImageOfPage\":{\"@id\":\"https:\/\/www.uni.lu\/fhse-fr\/news\/l-education-musicale-des-futures-generations\/#primaryimage\"},\"image\":{\"@id\":\"https:\/\/www.uni.lu\/fhse-fr\/news\/l-education-musicale-des-futures-generations\/#primaryimage\"},\"thumbnailUrl\":\"https:\/\/www.uni.lu\/wp-content\/uploads\/sites\/16\/2025\/01\/music-teaching.jpg\",\"datePublished\":\"2025-01-29T14:29:15+00:00\",\"dateModified\":\"2025-01-29T14:29:17+00:00\",\"description\":\"Depuis 2021, l'Universit\u00e9 propose un Bachelor en \u00e9ducation musicale pour les \u00e9tudiants qui aspirent \u00e0 enseigner la musique. C'est la premi\u00e8re fois au\",\"breadcrumb\":{\"@id\":\"https:\/\/www.uni.lu\/fhse-fr\/news\/l-education-musicale-des-futures-generations\/#breadcrumb\"},\"inLanguage\":\"fr-FR\",\"potentialAction\":[{\"@type\":\"ReadAction\",\"target\":[\"https:\/\/www.uni.lu\/fhse-fr\/news\/l-education-musicale-des-futures-generations\/\"]}]},{\"@type\":\"ImageObject\",\"inLanguage\":\"fr-FR\",\"@id\":\"https:\/\/www.uni.lu\/fhse-fr\/news\/l-education-musicale-des-futures-generations\/#primaryimage\",\"url\":\"https:\/\/www.uni.lu\/wp-content\/uploads\/sites\/16\/2025\/01\/music-teaching.jpg\",\"contentUrl\":\"https:\/\/www.uni.lu\/wp-content\/uploads\/sites\/16\/2025\/01\/music-teaching.jpg\",\"width\":2560,\"height\":1707,\"caption\":\"Children In School Choir Being Encouraged By Teacher\"},{\"@type\":\"BreadcrumbList\",\"@id\":\"https:\/\/www.uni.lu\/fhse-fr\/news\/l-education-musicale-des-futures-generations\/#breadcrumb\",\"itemListElement\":[{\"@type\":\"ListItem\",\"position\":1,\"name\":\"Home\",\"item\":\"https:\/\/www.uni.lu\/fr\"},{\"@type\":\"ListItem\",\"position\":2,\"name\":\"Facult\u00e9 des Sciences Humaines, des Sciences de l\u2019\u00c9ducation et des Sciences Sociales\u200b\",\"item\":\"https:\/\/www.uni.lu\/fhse-fr\/\"},{\"@type\":\"ListItem\",\"position\":3,\"name\":\"News\",\"item\":\"https:\/\/www.uni.lu\/fhse-fr\/news\/\"},{\"@type\":\"ListItem\",\"position\":4,\"name\":\"Uni.lu dans les m\u00e9dias : l'\u00e9ducation musicale des futures g\u00e9n\u00e9rations\"}]},{\"@type\":\"WebSite\",\"@id\":\"https:\/\/www.uni.lu\/fhse-fr\/#website\",\"url\":\"https:\/\/www.uni.lu\/fhse-fr\/\",\"name\":\"FHSE\",\"description\":\"Facult\u00e9 des Sciences Humaines, des Sciences de l\u2019\u00c9ducation et des Sciences Sociales\u200b I Uni.lu\",\"publisher\":{\"@id\":\"https:\/\/www.uni.lu\/fhse-fr\/#organization\"},\"alternateName\":\"Facult\u00e9 des Sciences Humaines, des Sciences de l\u2019\u00c9ducation et des Sciences Sociales\u200b I Universit\u00e9 du Luxembourg\",\"potentialAction\":[{\"@type\":\"SearchAction\",\"target\":{\"@type\":\"EntryPoint\",\"urlTemplate\":\"https:\/\/www.uni.lu\/fhse-fr\/?s={search_term_string}\"},\"query-input\":\"required name=search_term_string\"}],\"inLanguage\":\"fr-FR\"},{\"@type\":\"Organization\",\"@id\":\"https:\/\/www.uni.lu\/fhse-fr\/#organization\",\"name\":\"FHSE - Universit\u00e9 du Luxembourg I Uni.lu\",\"alternateName\":\"Facult\u00e9 des Sciences Humaines, des Sciences de l\u2019\u00c9ducation et des Sciences Sociales\u200b\",\"url\":\"https:\/\/www.uni.lu\/fhse-fr\/\",\"logo\":{\"@type\":\"ImageObject\",\"inLanguage\":\"fr-FR\",\"@id\":\"https:\/\/www.uni.lu\/fhse-fr\/#\/schema\/logo\/image\/\",\"url\":\"https:\/\/www.uni.lu\/wp-content\/uploads\/sites\/16\/2026\/03\/03112325\/FHSE_SM-Profile_1600x1600px-scaled.jpg\",\"contentUrl\":\"https:\/\/www.uni.lu\/wp-content\/uploads\/sites\/16\/2026\/03\/03112325\/FHSE_SM-Profile_1600x1600px-scaled.jpg\",\"width\":2560,\"height\":2560,\"caption\":\"FHSE - Universit\u00e9 du Luxembourg I Uni.lu\"},\"image\":\"https:\/\/www.uni.lu\/wp-content\/uploads\/sites\/16\/2026\/04\/24144331\/20200609-Belval-Campus_Henri-Goergen-23.jpg\",\"sameAs\":[\"https:\/\/humanities.uni.lu\/\"],\"email\":\"communication@uni.lu\",\"telephone\":\"+3524666441\",\"address\":{\"@type\":\"PostalAddress\",\"streetAddress\":\"11, Porte des Sciences\",\"addressLocality\":\"Esch-sur-Alzette\",\"postalCode\":\"4365\",\"addressCountry\":\"LU\"},\"description\":\"Facult\u00e9 des Sciences Humaines, des Sciences de l\u2019\u00c9ducation et des Sciences Sociales\u200b I Uni.lu\"},{\"@type\":\"Person\",\"@id\":\"https:\/\/www.uni.lu\/fhse-fr\/#\/schema\/person\/67d3defa53981502bf9cddb74a850c08\",\"name\":\"Catherine Clesse\",\"image\":{\"@type\":\"ImageObject\",\"inLanguage\":\"fr-FR\",\"@id\":\"https:\/\/www.uni.lu\/fhse-fr\/#\/schema\/person\/image\/\",\"url\":\"https:\/\/secure.gravatar.com\/avatar\/6a2e15a24f9036a6aee8753304e46c2d?s=96&d=mm&r=g\",\"contentUrl\":\"https:\/\/secure.gravatar.com\/avatar\/6a2e15a24f9036a6aee8753304e46c2d?s=96&d=mm&r=g\",\"caption\":\"Catherine Clesse\"}}]}<\/script>\n<!-- \/ Yoast SEO Premium plugin. -->","yoast_head_json":{"title":"Uni.lu dans les m\u00e9dias : l'\u00e9ducation musicale des futures g\u00e9n\u00e9rations - FHSE actualit\u00e9s I Universit\u00e9 du Luxembourg","description":"Depuis 2021, l'Universit\u00e9 propose un Bachelor en \u00e9ducation musicale pour les \u00e9tudiants qui aspirent \u00e0 enseigner la musique. C'est la premi\u00e8re fois au","robots":{"index":"index","follow":"follow","max-snippet":"max-snippet:-1","max-image-preview":"max-image-preview:large","max-video-preview":"max-video-preview:-1"},"canonical":"https:\/\/www.uni.lu\/fhse-fr\/news\/l-education-musicale-des-futures-generations\/","og_locale":"fr_FR","og_type":"article","og_title":"Uni.lu dans les m\u00e9dias : l'\u00e9ducation musicale des futures g\u00e9n\u00e9rations","og_description":"Depuis 2021, l'Universit\u00e9 propose un Bachelor en \u00e9ducation musicale pour les \u00e9tudiants qui aspirent \u00e0 enseigner la musique. C'est la premi\u00e8re fois au","og_url":"https:\/\/www.uni.lu\/fhse-fr\/news\/l-education-musicale-des-futures-generations\/","og_site_name":"FHSE FR","article_modified_time":"2025-01-29T14:29:17+00:00","og_image":[{"width":2560,"height":1707,"url":"https:\/\/www.uni.lu\/wp-content\/uploads\/sites\/16\/2025\/01\/music-teaching.jpg","type":"image\/jpeg"}],"twitter_card":"summary_large_image","twitter_misc":{"Dur\u00e9e de lecture estim\u00e9e":"1 minute"},"schema":{"@context":"https:\/\/schema.org","@graph":[{"@type":"NewsArticle","@id":"https:\/\/www.uni.lu\/fhse-fr\/news\/l-education-musicale-des-futures-generations\/#article","isPartOf":{"@id":"https:\/\/www.uni.lu\/fhse-fr\/news\/l-education-musicale-des-futures-generations\/"},"author":{"name":"Catherine Clesse","@id":"https:\/\/www.uni.lu\/fhse-fr\/#\/schema\/person\/67d3defa53981502bf9cddb74a850c08"},"headline":"Uni.lu dans les m\u00e9dias : l&rsquo;\u00e9ducation musicale des futures g\u00e9n\u00e9rations","datePublished":"2025-01-29T14:29:15+00:00","dateModified":"2025-01-29T14:29:17+00:00","mainEntityOfPage":{"@id":"https:\/\/www.uni.lu\/fhse-fr\/news\/l-education-musicale-des-futures-generations\/"},"wordCount":108,"publisher":{"@id":"https:\/\/www.uni.lu\/fhse-fr\/#organization"},"image":{"@id":"https:\/\/www.uni.lu\/fhse-fr\/news\/l-education-musicale-des-futures-generations\/#primaryimage"},"thumbnailUrl":"https:\/\/www.uni.lu\/wp-content\/uploads\/sites\/16\/2025\/01\/music-teaching.jpg","inLanguage":"fr-FR"},{"@type":"WebPage","@id":"https:\/\/www.uni.lu\/fhse-fr\/news\/l-education-musicale-des-futures-generations\/","url":"https:\/\/www.uni.lu\/fhse-fr\/news\/l-education-musicale-des-futures-generations\/","name":"Uni.lu dans les m\u00e9dias : l'\u00e9ducation musicale des futures g\u00e9n\u00e9rations - FHSE actualit\u00e9s I Universit\u00e9 du Luxembourg","isPartOf":{"@id":"https:\/\/www.uni.lu\/fhse-fr\/#website"},"primaryImageOfPage":{"@id":"https:\/\/www.uni.lu\/fhse-fr\/news\/l-education-musicale-des-futures-generations\/#primaryimage"},"image":{"@id":"https:\/\/www.uni.lu\/fhse-fr\/news\/l-education-musicale-des-futures-generations\/#primaryimage"},"thumbnailUrl":"https:\/\/www.uni.lu\/wp-content\/uploads\/sites\/16\/2025\/01\/music-teaching.jpg","datePublished":"2025-01-29T14:29:15+00:00","dateModified":"2025-01-29T14:29:17+00:00","description":"Depuis 2021, l'Universit\u00e9 propose un Bachelor en \u00e9ducation musicale pour les \u00e9tudiants qui aspirent \u00e0 enseigner la musique. C'est la premi\u00e8re fois au","breadcrumb":{"@id":"https:\/\/www.uni.lu\/fhse-fr\/news\/l-education-musicale-des-futures-generations\/#breadcrumb"},"inLanguage":"fr-FR","potentialAction":[{"@type":"ReadAction","target":["https:\/\/www.uni.lu\/fhse-fr\/news\/l-education-musicale-des-futures-generations\/"]}]},{"@type":"ImageObject","inLanguage":"fr-FR","@id":"https:\/\/www.uni.lu\/fhse-fr\/news\/l-education-musicale-des-futures-generations\/#primaryimage","url":"https:\/\/www.uni.lu\/wp-content\/uploads\/sites\/16\/2025\/01\/music-teaching.jpg","contentUrl":"https:\/\/www.uni.lu\/wp-content\/uploads\/sites\/16\/2025\/01\/music-teaching.jpg","width":2560,"height":1707,"caption":"Children In School Choir Being Encouraged By Teacher"},{"@type":"BreadcrumbList","@id":"https:\/\/www.uni.lu\/fhse-fr\/news\/l-education-musicale-des-futures-generations\/#breadcrumb","itemListElement":[{"@type":"ListItem","position":1,"name":"Home","item":"https:\/\/www.uni.lu\/fr"},{"@type":"ListItem","position":2,"name":"Facult\u00e9 des Sciences Humaines, des Sciences de l\u2019\u00c9ducation et des Sciences Sociales\u200b","item":"https:\/\/www.uni.lu\/fhse-fr\/"},{"@type":"ListItem","position":3,"name":"News","item":"https:\/\/www.uni.lu\/fhse-fr\/news\/"},{"@type":"ListItem","position":4,"name":"Uni.lu dans les m\u00e9dias : l'\u00e9ducation musicale des futures g\u00e9n\u00e9rations"}]},{"@type":"WebSite","@id":"https:\/\/www.uni.lu\/fhse-fr\/#website","url":"https:\/\/www.uni.lu\/fhse-fr\/","name":"FHSE","description":"Facult\u00e9 des Sciences Humaines, des Sciences de l\u2019\u00c9ducation et des Sciences Sociales\u200b I Uni.lu","publisher":{"@id":"https:\/\/www.uni.lu\/fhse-fr\/#organization"},"alternateName":"Facult\u00e9 des Sciences Humaines, des Sciences de l\u2019\u00c9ducation et des Sciences Sociales\u200b I Universit\u00e9 du Luxembourg","potentialAction":[{"@type":"SearchAction","target":{"@type":"EntryPoint","urlTemplate":"https:\/\/www.uni.lu\/fhse-fr\/?s={search_term_string}"},"query-input":"required name=search_term_string"}],"inLanguage":"fr-FR"},{"@type":"Organization","@id":"https:\/\/www.uni.lu\/fhse-fr\/#organization","name":"FHSE - Universit\u00e9 du Luxembourg I Uni.lu","alternateName":"Facult\u00e9 des Sciences Humaines, des Sciences de l\u2019\u00c9ducation et des Sciences Sociales\u200b","url":"https:\/\/www.uni.lu\/fhse-fr\/","logo":{"@type":"ImageObject","inLanguage":"fr-FR","@id":"https:\/\/www.uni.lu\/fhse-fr\/#\/schema\/logo\/image\/","url":"https:\/\/www.uni.lu\/wp-content\/uploads\/sites\/16\/2026\/03\/03112325\/FHSE_SM-Profile_1600x1600px-scaled.jpg","contentUrl":"https:\/\/www.uni.lu\/wp-content\/uploads\/sites\/16\/2026\/03\/03112325\/FHSE_SM-Profile_1600x1600px-scaled.jpg","width":2560,"height":2560,"caption":"FHSE - Universit\u00e9 du Luxembourg I Uni.lu"},"image":"https:\/\/www.uni.lu\/wp-content\/uploads\/sites\/16\/2026\/04\/24144331\/20200609-Belval-Campus_Henri-Goergen-23.jpg","sameAs":["https:\/\/humanities.uni.lu\/"],"email":"communication@uni.lu","telephone":"+3524666441","address":{"@type":"PostalAddress","streetAddress":"11, Porte des Sciences","addressLocality":"Esch-sur-Alzette","postalCode":"4365","addressCountry":"LU"},"description":"Facult\u00e9 des Sciences Humaines, des Sciences de l\u2019\u00c9ducation et des Sciences Sociales\u200b I Uni.lu"},{"@type":"Person","@id":"https:\/\/www.uni.lu\/fhse-fr\/#\/schema\/person\/67d3defa53981502bf9cddb74a850c08","name":"Catherine Clesse","image":{"@type":"ImageObject","inLanguage":"fr-FR","@id":"https:\/\/www.uni.lu\/fhse-fr\/#\/schema\/person\/image\/","url":"https:\/\/secure.gravatar.com\/avatar\/6a2e15a24f9036a6aee8753304e46c2d?s=96&d=mm&r=g","contentUrl":"https:\/\/secure.gravatar.com\/avatar\/6a2e15a24f9036a6aee8753304e46c2d?s=96&d=mm&r=g","caption":"Catherine Clesse"}}]}},"blog_id":16,"_links":{"self":[{"href":"https:\/\/www.uni.lu\/fhse-fr\/wp-json\/wp\/v2\/news\/4231"}],"collection":[{"href":"https:\/\/www.uni.lu\/fhse-fr\/wp-json\/wp\/v2\/news"}],"about":[{"href":"https:\/\/www.uni.lu\/fhse-fr\/wp-json\/wp\/v2\/types\/news"}],"author":[{"embeddable":true,"href":"https:\/\/www.uni.lu\/fhse-fr\/wp-json\/wp\/v2\/users\/341"}],"version-history":[{"count":1,"href":"https:\/\/www.uni.lu\/fhse-fr\/wp-json\/wp\/v2\/news\/4231\/revisions"}],"predecessor-version":[{"id":4233,"href":"https:\/\/www.uni.lu\/fhse-fr\/wp-json\/wp\/v2\/news\/4231\/revisions\/4233"}],"wp:authorship":[{"embeddable":true,"href":"https:\/\/www.uni.lu\/fhse-fr\/wp-json\/wp\/v2\/users\/341"}],"wp:featuredmedia":[{"embeddable":true,"href":"https:\/\/www.uni.lu\/fhse-fr\/wp-json\/wp\/v2\/media\/4232"}],"wp:attachment":[{"href":"https:\/\/www.uni.lu\/fhse-fr\/wp-json\/wp\/v2\/media?parent=4231"}],"wp:term":[{"taxonomy":"news-category","embeddable":true,"href":"https:\/\/www.uni.lu\/fhse-fr\/wp-json\/wp\/v2\/news-category?post=4231"},{"taxonomy":"news-topic","embeddable":true,"href":"https:\/\/www.uni.lu\/fhse-fr\/wp-json\/wp\/v2\/news-topic?post=4231"},{"taxonomy":"organisation","embeddable":true,"href":"https:\/\/www.uni.lu\/fhse-fr\/wp-json\/wp\/v2\/organisation?post=4231"}],"curies":[{"name":"wp","href":"https:\/\/api.w.org\/{rel}","templated":true}]}}