{"id":410,"date":"2021-08-16T13:15:24","date_gmt":"2021-08-16T13:15:24","guid":{"rendered":"https:\/\/website.prod.unilu.spikeseed.cloud\/fhse-fr\/news\/arbeitsgruppe-empirische-sonderpadagogische-forschung-2021\/"},"modified":"2021-08-16T13:15:24","modified_gmt":"2021-08-16T13:15:24","slug":"arbeitsgruppe-empirische-sonderpadagogische-forschung-2021","status":"publish","type":"news","link":"https:\/\/www.uni.lu\/fhse-fr\/news\/arbeitsgruppe-empirische-sonderpadagogische-forschung-2021\/","title":{"rendered":"Arbeitsgruppe Empirische Sonderp\u00e4dagogische Forschung 2021"},"content":{"rendered":"<section class=\"wp-block-unilux-blocks-free-section section\"><div class=\"container xl:max-w-screen-xl\"><p>Die AESF ist ein Verbund von\u00a0Wissenschaftler*innen aus dem deutschsprachigen Raum, die zu sonderp\u00e4dagogischen Forschungsfragen empirisch arbeiten. Die Arbeitsgruppe trifft sich zweimal j\u00e4hrlich im Rahmen einer Tagung, um sich \u00fcber geplante, laufende und abgeschlossene Forschungsprojekte sowie gemeinsame Kooperationen auszutauschen.<\/p><figure class=\"wp-block-dev4-reusable-blocks-image  object-fit--contain\">\n    \n<img decoding=\"async\" class=\"wp-block-image unilux-custom-image-block\"\n                alt=\"\"\n            src=\"https:\/\/www.uni.lu\/wp-content\/uploads\/sites\/16\/2023\/07\/logo_uni_faculty_fhse_en.jpg\"\n                srcset=\"https:\/\/www.uni.lu\/wp-content\/uploads\/sites\/16\/2023\/07\/logo_uni_faculty_fhse_en-300x73.jpg 300w, https:\/\/www.uni.lu\/wp-content\/uploads\/sites\/16\/2023\/07\/logo_uni_faculty_fhse_en.jpg 595w\"\n                style=\"object-position: 50.00% 50.00%; font-family: &quot;object-fit: contain; object-position: 50.00% 50.00%;&quot;; aspect-ratio: 16\/9; object-fit: contain; width: 100%;\"\n        loading=\"lazy\"\n\/>    <\/figure><figure class=\"wp-block-dev4-reusable-blocks-image  object-fit--contain\">\n    \n<img decoding=\"async\" class=\"wp-block-image unilux-custom-image-block\"\n                alt=\"\"\n            src=\"https:\/\/www.uni.lu\/wp-content\/uploads\/sites\/16\/2023\/07\/ubf_logo_transparenzen.png\"\n                srcset=\"https:\/\/www.uni.lu\/wp-content\/uploads\/sites\/16\/2023\/07\/ubf_logo_transparenzen-300x72.png 300w, https:\/\/www.uni.lu\/wp-content\/uploads\/sites\/16\/2023\/07\/ubf_logo_transparenzen-1024x245.png 1024w, https:\/\/www.uni.lu\/wp-content\/uploads\/sites\/16\/2023\/07\/ubf_logo_transparenzen-768x184.png 768w, https:\/\/www.uni.lu\/wp-content\/uploads\/sites\/16\/2023\/07\/ubf_logo_transparenzen-1536x368.png 1536w, https:\/\/www.uni.lu\/wp-content\/uploads\/sites\/16\/2023\/07\/ubf_logo_transparenzen-2048x491.png 2048w\"\n                style=\"object-position: 50.00% 50.00%; font-family: &quot;object-fit: contain; object-position: 50.00% 50.00%;&quot;; aspect-ratio: 16\/9; object-fit: contain; width: 100%;\"\n        loading=\"lazy\"\n\/>    <\/figure><p><\/p><p>Die diesj\u00e4hrige Herbsttagung der AESF findet am <strong>5.\/6. November 2021 <\/strong>an der Universit\u00e4t Luxemburg statt. Die Tagung wird in Kooperation mit der Universit\u00e4t Bielefeld organisiert. Im Vorfeld der Haupttagung ist f\u00fcr den <strong>4. November 2021<\/strong> eine Pre-Conference geplant. Thematisch geht es in den beiden Workshops um Social Media und Intensive Longitudinal Methods in der sonderp\u00e4dagogischen Forschung (weitere Informationen im Call for Paper).<\/p><p>F\u00fcr die Haupttagung k\u00f6nnen <strong>bis zum 15. September 2021 <\/strong>thematisch einschl\u00e4gige bzw. sonder- und inklusionsp\u00e4dagogisch relevante Beitr\u00e4ge mittels Abstractformular via E-Mail an <a href=\"mailto:%20AESF2021@uni.lu\" target=\"_blank\" title=\"\" rel=\"noopener\">AESF2021@uni.lu<\/a> eingereicht werden. Folgende Beitragsformate sind m\u00f6glich:<\/p><p><strong>Vortr\u00e4ge<\/strong><\/p><p>Im Rahmen eines 20-min\u00fctigen Vortrags k\u00f6nnen Forschungsarbeiten mit aktuellen Ergebnissen, aber auch als work-in-progress vorgestellt werden. Nach jedem Vortrag sind 10 Minuten f\u00fcr Diskussion und Nachfragen vorgesehen.<\/p><p><strong>Poster<\/strong><\/p><p>Die Poster werden im Rahmen eines Poster-Pitchs kurz (60 Sekunden) vorgestellt. Anschlie\u00dfend werden sie in der Postergalerie f\u00fcr Gespr\u00e4che, Diskussionen und Fragen pr\u00e4sentiert. Die Poster werden im Anschluss an die Tagung online zur Verf\u00fcgung gestellt.<\/p><p><strong>Short-Pitch<\/strong><\/p><p>Ein Short-Pitch l\u00e4dt ausdr\u00fccklich zur Pr\u00e4sentation und Diskussion von forscherischen Umwegen (z.B. zu schwierig publizierbaren Ergebnissen oder lehrreichen Erkenntnissen) oder Projektideen bzw. Projekten in Planung ein. Dazu werden ein 5-min\u00fctiger Pitch und Fragen zur Diskussion vorbereitet.<\/p><p><strong>Termin\u00fcbersicht AESF 2021-Herbsttagung<\/strong><\/p><p><strong>15.09. <\/strong><\/p><p>Anmeldeschluss zur Einreichung von Beitr\u00e4gen<\/p><p><strong>Ende September <\/strong><\/p><p>Mitteilung \u00fcber Annahme der Beitr\u00e4ge<\/p><p><strong>Anfang Oktober<\/strong><\/p><p>Ver\u00f6ffentlichung des Tagungsprogramms<\/p><p><strong>08.10.<\/strong><\/p><p>Anmeldeschluss zur Tagung<\/p><p><strong>22.10.<\/strong><\/p><p>Entscheidung \u00fcber Tagungsformat (online, hybrid oder vor Ort)<\/p><p><strong>04.11.<\/strong><\/p><p>Pre-Conference<\/p><p><strong>05.\/06.11.<\/strong><\/p><p>Haupttagung<\/p>\n<h3 class=\"has-text-align-left wp-block-unilux-blocks-heading\"        id=\"kontakt\"\n    >\nKontakt<\/h3>\n<p><a href=\"mailto:%20AESF2021@uni.lu\" target=\"_blank\" title=\"\" rel=\"noopener\">AESF2021@uni.lu<\/a><\/p><p>Folgen Sie uns auf Twitter @AESF2021<\/p><p><strong>Wir freuen uns auf die AESF-Herbsttagung 2021 und hoffen, Sie in Luxemburg am Campus Belval begr\u00fc\u00dfen zu d\u00fcrfen.<\/strong><\/p><\/div><\/section>","protected":false},"excerpt":{"rendered":"<p>Die AESF ist ein Verbund von\u00a0Wissenschaftler*innen aus dem deutschsprachigen Raum, die zu sonderp\u00e4dagogischen Forschungsfragen empirisch arbeiten. Die Arbeitsgruppe trifft sich zweimal j\u00e4hrlich im Rahmen einer Tagung, um sich \u00fcber geplante, laufende und abgeschlossene Forschungsprojekte sowie gemeinsame Kooperationen auszutauschen.<\/p>\n","protected":false},"author":0,"featured_media":411,"template":"","format":"standard","meta":{"featured_image_focal_point":[],"show_featured_caption":false,"ulux_newsletter_groups":"","uluxPostTitle":"","uluxPrePostTitle":"","_trash_the_other_posts":false,"_price":"","_stock":"","_tribe_ticket_header":"","_tribe_default_ticket_provider":"","_tribe_ticket_capacity":"0","_ticket_start_date":"","_ticket_end_date":"","_tribe_ticket_show_description":"","_tribe_ticket_show_not_going":false,"_tribe_ticket_use_global_stock":"","_tribe_ticket_global_stock_level":"","_global_stock_mode":"","_global_stock_cap":"","_tribe_rsvp_for_event":"","_tribe_ticket_going_count":"","_tribe_ticket_not_going_count":"","_tribe_tickets_list":"[]","_tribe_ticket_has_attendee_info_fields":false},"news-category":[],"news-topic":[],"organisation":[146],"authorship":[],"acf":[],"yoast_head":"<!-- This site is optimized with the Yoast SEO Premium plugin v22.3 (Yoast SEO v22.3) - https:\/\/yoast.com\/wordpress\/plugins\/seo\/ -->\n<title>Arbeitsgruppe Empirische Sonderp\u00e4dagogische Forschung 2021 - FHSE actualit\u00e9s I Universit\u00e9 du Luxembourg<\/title>\n<meta name=\"description\" content=\"Die AESF ist ein Verbund von\u00a0Wissenschaftler*innen aus dem deutschsprachigen Raum, die zu sonderp\u00e4dagogischen Forschungsfragen empirisch arbeiten. Die Arbeitsgruppe trifft sich zweimal j\u00e4hrlich im Rahmen einer Tagung, um sich \u00fcber geplante, laufende und abgeschlossene Forschungsprojekte sowie gemeinsame Kooperationen auszutauschen.\" \/>\n<meta name=\"robots\" content=\"index, follow, max-snippet:-1, max-image-preview:large, max-video-preview:-1\" \/>\n<link rel=\"canonical\" href=\"https:\/\/www.uni.lu\/fhse-fr\/news\/arbeitsgruppe-empirische-sonderpadagogische-forschung-2021\/\" \/>\n<meta property=\"og:locale\" content=\"fr_FR\" \/>\n<meta property=\"og:type\" content=\"article\" \/>\n<meta property=\"og:title\" content=\"Arbeitsgruppe Empirische Sonderp\u00e4dagogische Forschung 2021\" \/>\n<meta property=\"og:description\" content=\"Die AESF ist ein Verbund von\u00a0Wissenschaftler*innen aus dem deutschsprachigen Raum, die zu sonderp\u00e4dagogischen Forschungsfragen empirisch arbeiten. Die Arbeitsgruppe trifft sich zweimal j\u00e4hrlich im Rahmen einer Tagung, um sich \u00fcber geplante, laufende und abgeschlossene Forschungsprojekte sowie gemeinsame Kooperationen auszutauschen.\" \/>\n<meta property=\"og:url\" content=\"https:\/\/www.uni.lu\/fhse-fr\/news\/arbeitsgruppe-empirische-sonderpadagogische-forschung-2021\/\" \/>\n<meta property=\"og:site_name\" content=\"FHSE FR\" \/>\n<meta property=\"og:image\" content=\"https:\/\/www.uni.lu\/wp-content\/uploads\/sites\/16\/2021\/08\/arbeitsgruppe_empirische_sonderpaedagogische_forschung_2021.jpg\" \/>\n\t<meta property=\"og:image:width\" content=\"614\" \/>\n\t<meta property=\"og:image:height\" content=\"614\" \/>\n\t<meta property=\"og:image:type\" content=\"image\/jpeg\" \/>\n<meta name=\"twitter:card\" content=\"summary_large_image\" \/>\n<meta name=\"twitter:label1\" content=\"Dur\u00e9e de lecture estim\u00e9e\" \/>\n\t<meta name=\"twitter:data1\" content=\"2 minutes\" \/>\n<script type=\"application\/ld+json\" class=\"yoast-schema-graph\">{\"@context\":\"https:\/\/schema.org\",\"@graph\":[{\"@type\":\"NewsArticle\",\"@id\":\"https:\/\/www.uni.lu\/fhse-fr\/news\/arbeitsgruppe-empirische-sonderpadagogische-forschung-2021\/#article\",\"isPartOf\":{\"@id\":\"https:\/\/www.uni.lu\/fhse-fr\/news\/arbeitsgruppe-empirische-sonderpadagogische-forschung-2021\/\"},\"author\":{\"name\":\"\",\"@id\":\"\"},\"headline\":\"Arbeitsgruppe Empirische Sonderp\u00e4dagogische Forschung 2021\",\"datePublished\":\"2021-08-16T13:15:24+00:00\",\"dateModified\":\"2021-08-16T13:15:24+00:00\",\"mainEntityOfPage\":{\"@id\":\"https:\/\/www.uni.lu\/fhse-fr\/news\/arbeitsgruppe-empirische-sonderpadagogische-forschung-2021\/\"},\"wordCount\":323,\"publisher\":{\"@id\":\"https:\/\/www.uni.lu\/fhse-fr\/#organization\"},\"image\":{\"@id\":\"https:\/\/www.uni.lu\/fhse-fr\/news\/arbeitsgruppe-empirische-sonderpadagogische-forschung-2021\/#primaryimage\"},\"thumbnailUrl\":\"https:\/\/www.uni.lu\/wp-content\/uploads\/sites\/16\/2021\/08\/arbeitsgruppe_empirische_sonderpaedagogische_forschung_2021.jpg\",\"inLanguage\":\"fr-FR\"},{\"@type\":\"WebPage\",\"@id\":\"https:\/\/www.uni.lu\/fhse-fr\/news\/arbeitsgruppe-empirische-sonderpadagogische-forschung-2021\/\",\"url\":\"https:\/\/www.uni.lu\/fhse-fr\/news\/arbeitsgruppe-empirische-sonderpadagogische-forschung-2021\/\",\"name\":\"Arbeitsgruppe Empirische Sonderp\u00e4dagogische Forschung 2021 - FHSE actualit\u00e9s I Universit\u00e9 du Luxembourg\",\"isPartOf\":{\"@id\":\"https:\/\/www.uni.lu\/fhse-fr\/#website\"},\"primaryImageOfPage\":{\"@id\":\"https:\/\/www.uni.lu\/fhse-fr\/news\/arbeitsgruppe-empirische-sonderpadagogische-forschung-2021\/#primaryimage\"},\"image\":{\"@id\":\"https:\/\/www.uni.lu\/fhse-fr\/news\/arbeitsgruppe-empirische-sonderpadagogische-forschung-2021\/#primaryimage\"},\"thumbnailUrl\":\"https:\/\/www.uni.lu\/wp-content\/uploads\/sites\/16\/2021\/08\/arbeitsgruppe_empirische_sonderpaedagogische_forschung_2021.jpg\",\"datePublished\":\"2021-08-16T13:15:24+00:00\",\"dateModified\":\"2021-08-16T13:15:24+00:00\",\"description\":\"Die AESF ist ein Verbund von\u00a0Wissenschaftler*innen aus dem deutschsprachigen Raum, die zu sonderp\u00e4dagogischen Forschungsfragen empirisch arbeiten. Die Arbeitsgruppe trifft sich zweimal j\u00e4hrlich im Rahmen einer Tagung, um sich \u00fcber geplante, laufende und abgeschlossene Forschungsprojekte sowie gemeinsame Kooperationen auszutauschen.\",\"breadcrumb\":{\"@id\":\"https:\/\/www.uni.lu\/fhse-fr\/news\/arbeitsgruppe-empirische-sonderpadagogische-forschung-2021\/#breadcrumb\"},\"inLanguage\":\"fr-FR\",\"potentialAction\":[{\"@type\":\"ReadAction\",\"target\":[\"https:\/\/www.uni.lu\/fhse-fr\/news\/arbeitsgruppe-empirische-sonderpadagogische-forschung-2021\/\"]}]},{\"@type\":\"ImageObject\",\"inLanguage\":\"fr-FR\",\"@id\":\"https:\/\/www.uni.lu\/fhse-fr\/news\/arbeitsgruppe-empirische-sonderpadagogische-forschung-2021\/#primaryimage\",\"url\":\"https:\/\/www.uni.lu\/wp-content\/uploads\/sites\/16\/2021\/08\/arbeitsgruppe_empirische_sonderpaedagogische_forschung_2021.jpg\",\"contentUrl\":\"https:\/\/www.uni.lu\/wp-content\/uploads\/sites\/16\/2021\/08\/arbeitsgruppe_empirische_sonderpaedagogische_forschung_2021.jpg\",\"width\":614,\"height\":614},{\"@type\":\"BreadcrumbList\",\"@id\":\"https:\/\/www.uni.lu\/fhse-fr\/news\/arbeitsgruppe-empirische-sonderpadagogische-forschung-2021\/#breadcrumb\",\"itemListElement\":[{\"@type\":\"ListItem\",\"position\":1,\"name\":\"Home\",\"item\":\"https:\/\/www.uni.lu\/fr\"},{\"@type\":\"ListItem\",\"position\":2,\"name\":\"Facult\u00e9 des Sciences Humaines, des Sciences de l\u2019\u00c9ducation et des Sciences Sociales\u200b\",\"item\":\"https:\/\/www.uni.lu\/fhse-fr\/\"},{\"@type\":\"ListItem\",\"position\":3,\"name\":\"News\",\"item\":\"https:\/\/www.uni.lu\/fhse-fr\/news\/\"},{\"@type\":\"ListItem\",\"position\":4,\"name\":\"Arbeitsgruppe Empirische Sonderp\u00e4dagogische Forschung 2021\"}]},{\"@type\":\"WebSite\",\"@id\":\"https:\/\/www.uni.lu\/fhse-fr\/#website\",\"url\":\"https:\/\/www.uni.lu\/fhse-fr\/\",\"name\":\"FHSE\",\"description\":\"Facult\u00e9 des Sciences Humaines, des Sciences de l\u2019\u00c9ducation et des Sciences Sociales\u200b I Uni.lu\",\"publisher\":{\"@id\":\"https:\/\/www.uni.lu\/fhse-fr\/#organization\"},\"alternateName\":\"Facult\u00e9 des Sciences Humaines, des Sciences de l\u2019\u00c9ducation et des Sciences Sociales\u200b I Universit\u00e9 du Luxembourg\",\"potentialAction\":[{\"@type\":\"SearchAction\",\"target\":{\"@type\":\"EntryPoint\",\"urlTemplate\":\"https:\/\/www.uni.lu\/fhse-fr\/?s={search_term_string}\"},\"query-input\":\"required name=search_term_string\"}],\"inLanguage\":\"fr-FR\"},{\"@type\":\"Organization\",\"@id\":\"https:\/\/www.uni.lu\/fhse-fr\/#organization\",\"name\":\"FHSE - Universit\u00e9 du Luxembourg I Uni.lu\",\"alternateName\":\"Facult\u00e9 des Sciences Humaines, des Sciences de l\u2019\u00c9ducation et des Sciences Sociales\u200b\",\"url\":\"https:\/\/www.uni.lu\/fhse-fr\/\",\"logo\":{\"@type\":\"ImageObject\",\"inLanguage\":\"fr-FR\",\"@id\":\"https:\/\/www.uni.lu\/fhse-fr\/#\/schema\/logo\/image\/\",\"url\":\"https:\/\/www.uni.lu\/wp-content\/uploads\/sites\/16\/2026\/03\/03112325\/FHSE_SM-Profile_1600x1600px-scaled.jpg\",\"contentUrl\":\"https:\/\/www.uni.lu\/wp-content\/uploads\/sites\/16\/2026\/03\/03112325\/FHSE_SM-Profile_1600x1600px-scaled.jpg\",\"width\":2560,\"height\":2560,\"caption\":\"FHSE - Universit\u00e9 du Luxembourg I Uni.lu\"},\"image\":\"https:\/\/www.uni.lu\/wp-content\/uploads\/sites\/16\/2026\/04\/24144331\/20200609-Belval-Campus_Henri-Goergen-23.jpg\",\"sameAs\":[\"https:\/\/humanities.uni.lu\/\"],\"email\":\"communication@uni.lu\",\"telephone\":\"+3524666441\",\"address\":{\"@type\":\"PostalAddress\",\"streetAddress\":\"11, Porte des Sciences\",\"addressLocality\":\"Esch-sur-Alzette\",\"postalCode\":\"4365\",\"addressCountry\":\"LU\"},\"description\":\"Facult\u00e9 des Sciences Humaines, des Sciences de l\u2019\u00c9ducation et des Sciences Sociales\u200b I Uni.lu\"}]}<\/script>\n<!-- \/ Yoast SEO Premium plugin. -->","yoast_head_json":{"title":"Arbeitsgruppe Empirische Sonderp\u00e4dagogische Forschung 2021 - FHSE actualit\u00e9s I Universit\u00e9 du Luxembourg","description":"Die AESF ist ein Verbund von\u00a0Wissenschaftler*innen aus dem deutschsprachigen Raum, die zu sonderp\u00e4dagogischen Forschungsfragen empirisch arbeiten. Die Arbeitsgruppe trifft sich zweimal j\u00e4hrlich im Rahmen einer Tagung, um sich \u00fcber geplante, laufende und abgeschlossene Forschungsprojekte sowie gemeinsame Kooperationen auszutauschen.","robots":{"index":"index","follow":"follow","max-snippet":"max-snippet:-1","max-image-preview":"max-image-preview:large","max-video-preview":"max-video-preview:-1"},"canonical":"https:\/\/www.uni.lu\/fhse-fr\/news\/arbeitsgruppe-empirische-sonderpadagogische-forschung-2021\/","og_locale":"fr_FR","og_type":"article","og_title":"Arbeitsgruppe Empirische Sonderp\u00e4dagogische Forschung 2021","og_description":"Die AESF ist ein Verbund von\u00a0Wissenschaftler*innen aus dem deutschsprachigen Raum, die zu sonderp\u00e4dagogischen Forschungsfragen empirisch arbeiten. Die Arbeitsgruppe trifft sich zweimal j\u00e4hrlich im Rahmen einer Tagung, um sich \u00fcber geplante, laufende und abgeschlossene Forschungsprojekte sowie gemeinsame Kooperationen auszutauschen.","og_url":"https:\/\/www.uni.lu\/fhse-fr\/news\/arbeitsgruppe-empirische-sonderpadagogische-forschung-2021\/","og_site_name":"FHSE FR","og_image":[{"width":614,"height":614,"url":"https:\/\/www.uni.lu\/wp-content\/uploads\/sites\/16\/2021\/08\/arbeitsgruppe_empirische_sonderpaedagogische_forschung_2021.jpg","type":"image\/jpeg"}],"twitter_card":"summary_large_image","twitter_misc":{"Dur\u00e9e de lecture estim\u00e9e":"2 minutes"},"schema":{"@context":"https:\/\/schema.org","@graph":[{"@type":"NewsArticle","@id":"https:\/\/www.uni.lu\/fhse-fr\/news\/arbeitsgruppe-empirische-sonderpadagogische-forschung-2021\/#article","isPartOf":{"@id":"https:\/\/www.uni.lu\/fhse-fr\/news\/arbeitsgruppe-empirische-sonderpadagogische-forschung-2021\/"},"author":{"name":"","@id":""},"headline":"Arbeitsgruppe Empirische Sonderp\u00e4dagogische Forschung 2021","datePublished":"2021-08-16T13:15:24+00:00","dateModified":"2021-08-16T13:15:24+00:00","mainEntityOfPage":{"@id":"https:\/\/www.uni.lu\/fhse-fr\/news\/arbeitsgruppe-empirische-sonderpadagogische-forschung-2021\/"},"wordCount":323,"publisher":{"@id":"https:\/\/www.uni.lu\/fhse-fr\/#organization"},"image":{"@id":"https:\/\/www.uni.lu\/fhse-fr\/news\/arbeitsgruppe-empirische-sonderpadagogische-forschung-2021\/#primaryimage"},"thumbnailUrl":"https:\/\/www.uni.lu\/wp-content\/uploads\/sites\/16\/2021\/08\/arbeitsgruppe_empirische_sonderpaedagogische_forschung_2021.jpg","inLanguage":"fr-FR"},{"@type":"WebPage","@id":"https:\/\/www.uni.lu\/fhse-fr\/news\/arbeitsgruppe-empirische-sonderpadagogische-forschung-2021\/","url":"https:\/\/www.uni.lu\/fhse-fr\/news\/arbeitsgruppe-empirische-sonderpadagogische-forschung-2021\/","name":"Arbeitsgruppe Empirische Sonderp\u00e4dagogische Forschung 2021 - FHSE actualit\u00e9s I Universit\u00e9 du Luxembourg","isPartOf":{"@id":"https:\/\/www.uni.lu\/fhse-fr\/#website"},"primaryImageOfPage":{"@id":"https:\/\/www.uni.lu\/fhse-fr\/news\/arbeitsgruppe-empirische-sonderpadagogische-forschung-2021\/#primaryimage"},"image":{"@id":"https:\/\/www.uni.lu\/fhse-fr\/news\/arbeitsgruppe-empirische-sonderpadagogische-forschung-2021\/#primaryimage"},"thumbnailUrl":"https:\/\/www.uni.lu\/wp-content\/uploads\/sites\/16\/2021\/08\/arbeitsgruppe_empirische_sonderpaedagogische_forschung_2021.jpg","datePublished":"2021-08-16T13:15:24+00:00","dateModified":"2021-08-16T13:15:24+00:00","description":"Die AESF ist ein Verbund von\u00a0Wissenschaftler*innen aus dem deutschsprachigen Raum, die zu sonderp\u00e4dagogischen Forschungsfragen empirisch arbeiten. Die Arbeitsgruppe trifft sich zweimal j\u00e4hrlich im Rahmen einer Tagung, um sich \u00fcber geplante, laufende und abgeschlossene Forschungsprojekte sowie gemeinsame Kooperationen auszutauschen.","breadcrumb":{"@id":"https:\/\/www.uni.lu\/fhse-fr\/news\/arbeitsgruppe-empirische-sonderpadagogische-forschung-2021\/#breadcrumb"},"inLanguage":"fr-FR","potentialAction":[{"@type":"ReadAction","target":["https:\/\/www.uni.lu\/fhse-fr\/news\/arbeitsgruppe-empirische-sonderpadagogische-forschung-2021\/"]}]},{"@type":"ImageObject","inLanguage":"fr-FR","@id":"https:\/\/www.uni.lu\/fhse-fr\/news\/arbeitsgruppe-empirische-sonderpadagogische-forschung-2021\/#primaryimage","url":"https:\/\/www.uni.lu\/wp-content\/uploads\/sites\/16\/2021\/08\/arbeitsgruppe_empirische_sonderpaedagogische_forschung_2021.jpg","contentUrl":"https:\/\/www.uni.lu\/wp-content\/uploads\/sites\/16\/2021\/08\/arbeitsgruppe_empirische_sonderpaedagogische_forschung_2021.jpg","width":614,"height":614},{"@type":"BreadcrumbList","@id":"https:\/\/www.uni.lu\/fhse-fr\/news\/arbeitsgruppe-empirische-sonderpadagogische-forschung-2021\/#breadcrumb","itemListElement":[{"@type":"ListItem","position":1,"name":"Home","item":"https:\/\/www.uni.lu\/fr"},{"@type":"ListItem","position":2,"name":"Facult\u00e9 des Sciences Humaines, des Sciences de l\u2019\u00c9ducation et des Sciences Sociales\u200b","item":"https:\/\/www.uni.lu\/fhse-fr\/"},{"@type":"ListItem","position":3,"name":"News","item":"https:\/\/www.uni.lu\/fhse-fr\/news\/"},{"@type":"ListItem","position":4,"name":"Arbeitsgruppe Empirische Sonderp\u00e4dagogische Forschung 2021"}]},{"@type":"WebSite","@id":"https:\/\/www.uni.lu\/fhse-fr\/#website","url":"https:\/\/www.uni.lu\/fhse-fr\/","name":"FHSE","description":"Facult\u00e9 des Sciences Humaines, des Sciences de l\u2019\u00c9ducation et des Sciences Sociales\u200b I Uni.lu","publisher":{"@id":"https:\/\/www.uni.lu\/fhse-fr\/#organization"},"alternateName":"Facult\u00e9 des Sciences Humaines, des Sciences de l\u2019\u00c9ducation et des Sciences Sociales\u200b I Universit\u00e9 du Luxembourg","potentialAction":[{"@type":"SearchAction","target":{"@type":"EntryPoint","urlTemplate":"https:\/\/www.uni.lu\/fhse-fr\/?s={search_term_string}"},"query-input":"required name=search_term_string"}],"inLanguage":"fr-FR"},{"@type":"Organization","@id":"https:\/\/www.uni.lu\/fhse-fr\/#organization","name":"FHSE - Universit\u00e9 du Luxembourg I Uni.lu","alternateName":"Facult\u00e9 des Sciences Humaines, des Sciences de l\u2019\u00c9ducation et des Sciences Sociales\u200b","url":"https:\/\/www.uni.lu\/fhse-fr\/","logo":{"@type":"ImageObject","inLanguage":"fr-FR","@id":"https:\/\/www.uni.lu\/fhse-fr\/#\/schema\/logo\/image\/","url":"https:\/\/www.uni.lu\/wp-content\/uploads\/sites\/16\/2026\/03\/03112325\/FHSE_SM-Profile_1600x1600px-scaled.jpg","contentUrl":"https:\/\/www.uni.lu\/wp-content\/uploads\/sites\/16\/2026\/03\/03112325\/FHSE_SM-Profile_1600x1600px-scaled.jpg","width":2560,"height":2560,"caption":"FHSE - Universit\u00e9 du Luxembourg I Uni.lu"},"image":"https:\/\/www.uni.lu\/wp-content\/uploads\/sites\/16\/2026\/04\/24144331\/20200609-Belval-Campus_Henri-Goergen-23.jpg","sameAs":["https:\/\/humanities.uni.lu\/"],"email":"communication@uni.lu","telephone":"+3524666441","address":{"@type":"PostalAddress","streetAddress":"11, Porte des Sciences","addressLocality":"Esch-sur-Alzette","postalCode":"4365","addressCountry":"LU"},"description":"Facult\u00e9 des Sciences Humaines, des Sciences de l\u2019\u00c9ducation et des Sciences Sociales\u200b I Uni.lu"}]}},"blog_id":16,"_links":{"self":[{"href":"https:\/\/www.uni.lu\/fhse-fr\/wp-json\/wp\/v2\/news\/410"}],"collection":[{"href":"https:\/\/www.uni.lu\/fhse-fr\/wp-json\/wp\/v2\/news"}],"about":[{"href":"https:\/\/www.uni.lu\/fhse-fr\/wp-json\/wp\/v2\/types\/news"}],"version-history":[{"count":0,"href":"https:\/\/www.uni.lu\/fhse-fr\/wp-json\/wp\/v2\/news\/410\/revisions"}],"wp:featuredmedia":[{"embeddable":true,"href":"https:\/\/www.uni.lu\/fhse-fr\/wp-json\/wp\/v2\/media\/411"}],"wp:attachment":[{"href":"https:\/\/www.uni.lu\/fhse-fr\/wp-json\/wp\/v2\/media?parent=410"}],"wp:term":[{"taxonomy":"news-category","embeddable":true,"href":"https:\/\/www.uni.lu\/fhse-fr\/wp-json\/wp\/v2\/news-category?post=410"},{"taxonomy":"news-topic","embeddable":true,"href":"https:\/\/www.uni.lu\/fhse-fr\/wp-json\/wp\/v2\/news-topic?post=410"},{"taxonomy":"organisation","embeddable":true,"href":"https:\/\/www.uni.lu\/fhse-fr\/wp-json\/wp\/v2\/organisation?post=410"}],"curies":[{"name":"wp","href":"https:\/\/api.w.org\/{rel}","templated":true}]}}