{"id":4099,"date":"2024-12-02T15:13:57","date_gmt":"2024-12-02T14:13:57","guid":{"rendered":"https:\/\/www.uni.lu\/fhse-fr\/?post_type=news&#038;p=4099"},"modified":"2024-12-03T12:16:14","modified_gmt":"2024-12-03T11:16:14","slug":"retour-sur-10-ans-de-recherche-sur-les-frontieres-dans-la-grande-region","status":"publish","type":"news","link":"https:\/\/www.uni.lu\/fhse-fr\/news\/retour-sur-10-ans-de-recherche-sur-les-frontieres-dans-la-grande-region\/","title":{"rendered":"Retour sur 10 ans de recherche sur les fronti\u00e8res dans la Grande R\u00e9gion"},"content":{"rendered":"\n<section class=\"wp-block-unilux-blocks-free-section section\"><div class=\"container xl:max-w-screen-xl\">\n<p>Au Luxembourg et dans la Grande R\u00e9gion, les fronti\u00e8res influencent de nombreux aspects de notre quotidien : vie sociale, \u00e9conomie, commerce, culture et \u00e9ducation. En 2014, l&rsquo;Universit\u00e9 de la Grande R\u00e9gion (<a href=\"https:\/\/www.uni-gr.eu\/en\">UniGR<\/a>), une alliance de sept universit\u00e9s, a r\u00e9pondu \u00e0 un besoin croissant dans la r\u00e9gion en mati\u00e8re de recherche, d&rsquo;enseignement et de sensibilisation concernant d&rsquo;importantes questions frontali\u00e8res. Elle a cr\u00e9e le Centre d&rsquo;\u00e9tudes frontali\u00e8res (<em>Center for Border Studies<\/em>; <a href=\"https:\/\/www.uni.lu\/fhse-en\/research-projects\/unigr-cbs-european-center-of-competence-and-knowledge-in-border-studies-unigr-center-for-border-studies\/\">UniGR-CBS<\/a>), un centre de recherche transfrontalier regroupant des sp\u00e9cialistes des questions frontali\u00e8res de la Grande R\u00e9gion.<\/p>\n\n\n\n<p>Depuis lors, le Centre a d\u00e9velopp\u00e9 des outils de recherche et des cours sur les \u00e9tudes frontali\u00e8res, a encourag\u00e9 le dialogue sur les d\u00e9fis transfrontaliers avec les acteurs socio-\u00e9conomiques et a soutenu la strat\u00e9gie de d\u00e9veloppement spatial de la Grande R\u00e9gion. L&rsquo;unit\u00e9 de coordination de l&rsquo;UniGR-CBS est dans le d\u00e9partement de G\u00e9ographie et d&rsquo;am\u00e9nagement du territoire de la Facult\u00e9 des Sciences Humaines, des Sciences de l\u2019\u00c9ducation et des Sciences Sociales et est dirig\u00e9e par le Dr. <a href=\"https:\/\/www.uni.lu\/fhse-en\/people\/christian-wille\/\">Christian Wille<\/a>.<\/p>\n\n\n\n<p><strong>F\u00e9licitations pour le 10<sup>e<\/sup> anniversaire de l&rsquo;UniGR-CBS ! Pour commencer, pourquoi avons-nous besoin de recherche sur les fronti\u00e8res ?<\/strong><\/p>\n\n\n\n<p>Dans le monde actuel, marqu\u00e9 par des conflits territoriaux permanents, des mouvements migratoires importants et de nouvelles alliances entre puissances mondiales, les fronti\u00e8res sont plus controvers\u00e9es que jamais. Les fronti\u00e8res ne sont plus ce qu&rsquo;elles \u00e9taient, des lignes sur des cartes ou des fortifications. Les fronti\u00e8res ont p\u00e9n\u00e9tr\u00e9 tous les secteurs de la soci\u00e9t\u00e9 et sont hautement s\u00e9lectives. Nous sommes aujourd&rsquo;hui dans une \u00e8re o\u00f9 les fronti\u00e8res se renforcent, prennent de nouvelles formes et sont de plus en plus v\u00e9cues par les Europ\u00e9ens de l&rsquo;espace Schengen. Les membres de l&rsquo;UniGR-CBS fa\u00e7onnent cette nouvelle \u00e8re des fronti\u00e8res en produisant des connaissances de haut niveau et en \u00e9changeant en permanence avec les parties prenantes.<\/p>\n\n\n\n<p><strong>Quelles \u00e9taient les priorit\u00e9s de recherche \u00e0 l&rsquo;\u00e9poque, quelles sont-elles aujourd&rsquo;hui ?<\/strong><\/p>\n\n\n\n<p>Au cours de la derni\u00e8re d\u00e9cennie, les \u00e9tudes sur les fronti\u00e8res se sont de plus en plus orient\u00e9es vers la recherche fondamentale, qui est aujourd&rsquo;hui de plus en plus mise \u00e0 l&rsquo;\u00e9preuve. Ce n&rsquo;est pas seulement dans l&rsquo;espace Schengen que nous sommes confront\u00e9s \u00e0 un durcissement croissant des fronti\u00e8res depuis l&rsquo;apparition de la pand\u00e9mie de grippe aviaire. Le nombre de fortifications frontali\u00e8res augmente \u00e9galement dans le monde entier. Cependant, les cl\u00f4tures, les murs et les pratiques de contr\u00f4le visibles ne sont qu&rsquo;une expression de ce qui pr\u00e9occupe de plus en plus les \u00e9tudes sur les fronti\u00e8res : les puissantes techniques d&rsquo;inclusion et d&rsquo;exclusion, telles que nous les connaissons actuellement, par exemple, dans les discours populistes, qui affectent profond\u00e9ment la vie des gens.<\/p>\n\n\n\n<ul class=\"wp-block-unilux-blocks-quick-link-highlight quick-link-list\">\n<li class=\"wp-block-unilux-blocks-quick-link-highlight-item\">\n    <a\n                    href=\"https:\/\/open.spotify.com\/episode\/6q9I4npNCemRR0B8gDb5Up\"\n                    class=\"quick-link\"\n            target=\"\"\n    >\n            <span class=\"quick-link__container\">\n                <span class=\"quick-link__body\">\n                    <span class=\"quick-link__number\">\n                        UniGR-CBS podcast                    <\/span>\n                    <span class=\"quick-link__title\">\n                        \u201eJubil\u00e4um: 10 Jahre UniGR-CBS\u201d                    <\/span>\n                    <span class=\"quick-link__action\">\n                        H\u00f6ren Sie die neue Episode des UniGR-CBS Podcast ON AIR von Denise Rodrigues Marafona und Christian Wille.                     <\/span>\n                <\/span>\n                <svg aria-hidden=\"true\" focusable=\"false\" class=\"icon icon-outline icon--arrow-right \"><use xlink:href=\"https:\/\/www.uni.lu\/wp-content\/themes\/unilux-theme\/assets\/images\/icons\/icons-outline.svg#icon--arrow-right\"><\/use><\/svg>            <\/span>\n    <\/a>\n<\/li>\n<\/ul>\n\n\n<figure class=\"wp-block-dev4-reusable-blocks-image  object-fit--cover\">\n    \n<img decoding=\"async\" class=\"wp-block-image unilux-custom-image-block\"\n                alt=\"UniGR CBS Podcast &quot;On air&quot;\"\n            src=\"https:\/\/www.uni.lu\/wp-content\/uploads\/sites\/2\/2024\/12\/Picture3-Podcast.jpg\"\n                    style=\"object-position: 50.00% 50.00%; font-family: &quot;object-fit: cover; object-position: 50.00% 50.00%;&quot;; aspect-ratio: 16\/9; object-fit: cover; width: 50%;\"\n        loading=\"lazy\"\n\/>    <\/figure>\n\n\n<p><strong>Comment cela a-t-il commenc\u00e9 et quels facteurs ont contribu\u00e9 \u00e0 la r\u00e9ussite de l&rsquo;UniGR-CBS ?<\/strong><\/p>\n\n\n\n<p>Depuis ses d\u00e9buts modestes en 2014, l&rsquo;UniGR-CBS a \u00e9volu\u00e9 pour devenir un p\u00f4le de recherche transfrontalier solide et unique au monde. Au d\u00e9but des ann\u00e9es 2010, l&rsquo;UniGR a d\u00e9cid\u00e9 de d\u00e9velopper davantage de collaborations de recherche transfrontali\u00e8res. Gr\u00e2ce \u00e0 des projets ant\u00e9rieurs et \u00e0 des r\u00e9seaux informels dans la r\u00e9gion, un groupe interdisciplinaire de chercheurs partageant un int\u00e9r\u00eat pour les fronti\u00e8res a \u00e9t\u00e9 rapidement constitu\u00e9. En 2014, l&rsquo;UniGR-CBS a donc d\u00e9marr\u00e9 en tant que r\u00e9seau transfrontalier informel servant de plateforme commune pour la recherche sur les fronti\u00e8res dans la Grande R\u00e9gion.<\/p>\n\n\n\n<p>Au fil des ann\u00e9es, le Centre est devenu une histoire \u00e0 succ\u00e8s gr\u00e2ce au soutien continu de l&rsquo;UniGR et, en particulier, au travail acharn\u00e9 des chercheurs frontaliers de nos universit\u00e9s partenaires. Aujourd&rsquo;hui y travaillent des chercheurs internationaux de renom, avec des \u00e9tudiants dans l&rsquo;enseignement, et avec des parties prenantes sur des questions de politique scientifique.<\/p>\n\n\n\n<p><strong>Pouvez-vous citer quelques \u00e9tapes importantes qui profitent aux \u00e9tudiants et \u00e0 la soci\u00e9t\u00e9 civile ?<\/strong><\/p>\n\n\n\n<p>Les premiers jours ont \u00e9t\u00e9 marqu\u00e9s par l&rsquo;esprit pionnier et l&rsquo;engagement des partenaires. Ils ont mis en \u0153uvre, avec quatre universit\u00e9s de l&rsquo;UniGR, le <a href=\"http:\/\/cbs.uni-gr.eu\/en\/teaching\/master-border-studies\">programme tri-national de master en \u00e9tudes frontali\u00e8res<\/a> qui est aujourd&rsquo;hui bien \u00e9tabli, et ont obtenu un financement Interreg de l&rsquo;UE pour la p\u00e9riode 2018-2022. Ce financement a \u00e9t\u00e9 un moteur important de notre d\u00e9veloppement, car il a attir\u00e9 davantage de chercheurs sur les fronti\u00e8res et nous a permis de consolider la collaboration scientifique. Le projet Interreg a re\u00e7u le <a href=\"http:\/\/cbs.uni-gr.eu\/en\/news\/unigr-center-border-studies-remporte-le-prix-interregional-de-la-recherche\">prix interr\u00e9gional de la recherche de la Grande R\u00e9gion<\/a> et, en 2022, l&rsquo;UniGR-CBS est devenu le premier centre d&rsquo;expertise de l&rsquo;UniGR. Ce passage d&rsquo;un projet \u00e0 un centre de recherche permanent est li\u00e9 \u00e0 l&rsquo;objectif ambitieux de devenir le premier centre europ\u00e9en de recherche sur les fronti\u00e8res.<\/p>\n\n\n<figure class=\"wp-block-dev4-reusable-blocks-image  object-fit--contain\">\n    \n<img decoding=\"async\" class=\"wp-block-image unilux-custom-image-block\"\n                alt=\"\"\n            src=\"https:\/\/www.uni.lu\/wp-content\/uploads\/sites\/16\/2024\/12\/UniGR-CBS_logo_10years.png\"\n                srcset=\"https:\/\/www.uni.lu\/wp-content\/uploads\/sites\/16\/2024\/12\/UniGR-CBS_logo_10years-300x133.png 300w, https:\/\/www.uni.lu\/wp-content\/uploads\/sites\/16\/2024\/12\/UniGR-CBS_logo_10years.png 391w\"\n                style=\"object-position: 50.00% 50.00%; font-family: &quot;object-fit: contain; object-position: 50.00% 50.00%;&quot;; aspect-ratio: 16\/9; object-fit: contain; width: 50%;\"\n        loading=\"lazy\"\n\/>    <\/figure><\/div><\/section>\n","protected":false},"excerpt":{"rendered":"","protected":false},"author":91,"featured_media":4105,"template":"","format":"standard","meta":{"featured_image_focal_point":[],"show_featured_caption":false,"ulux_newsletter_groups":"","uluxPostTitle":"","uluxPrePostTitle":"","_trash_the_other_posts":false,"_price":"","_stock":"","_tribe_ticket_header":"","_tribe_default_ticket_provider":"","_tribe_ticket_capacity":"0","_ticket_start_date":"","_ticket_end_date":"","_tribe_ticket_show_description":"","_tribe_ticket_show_not_going":false,"_tribe_ticket_use_global_stock":"","_tribe_ticket_global_stock_level":"","_global_stock_mode":"","_global_stock_cap":"","_tribe_rsvp_for_event":"","_tribe_ticket_going_count":"","_tribe_ticket_not_going_count":"","_tribe_tickets_list":"[]","_tribe_ticket_has_attendee_info_fields":false},"news-category":[3],"news-topic":[14],"organisation":[],"authorship":[91],"acf":[],"yoast_head":"<!-- This site is optimized with the Yoast SEO Premium plugin v22.3 (Yoast SEO v22.3) - https:\/\/yoast.com\/wordpress\/plugins\/seo\/ -->\n<title>Retour sur 10 ans de recherche sur les fronti\u00e8res dans la Grande R\u00e9gion - FHSE actualit\u00e9s I Universit\u00e9 du Luxembourg<\/title>\n<meta name=\"description\" content=\"Au Luxembourg et dans la Grande R\u00e9gion, les fronti\u00e8res influencent de nombreux aspects de notre quotidien : vie sociale, \u00e9conomie, commerce, culture et\" \/>\n<meta name=\"robots\" content=\"index, follow, max-snippet:-1, max-image-preview:large, max-video-preview:-1\" \/>\n<link rel=\"canonical\" href=\"https:\/\/www.uni.lu\/fhse-fr\/news\/retour-sur-10-ans-de-recherche-sur-les-frontieres-dans-la-grande-region\/\" \/>\n<meta property=\"og:locale\" content=\"fr_FR\" \/>\n<meta property=\"og:type\" content=\"article\" \/>\n<meta property=\"og:title\" content=\"Retour sur 10 ans de recherche sur les fronti\u00e8res dans la Grande R\u00e9gion\" \/>\n<meta property=\"og:description\" content=\"Au Luxembourg et dans la Grande R\u00e9gion, les fronti\u00e8res influencent de nombreux aspects de notre quotidien : vie sociale, \u00e9conomie, commerce, culture et\" \/>\n<meta property=\"og:url\" content=\"https:\/\/www.uni.lu\/fhse-fr\/news\/retour-sur-10-ans-de-recherche-sur-les-frontieres-dans-la-grande-region\/\" \/>\n<meta property=\"og:site_name\" content=\"FHSE FR\" \/>\n<meta property=\"article:modified_time\" content=\"2024-12-03T11:16:14+00:00\" \/>\n<meta property=\"og:image\" content=\"https:\/\/www.uni.lu\/wp-content\/uploads\/sites\/16\/2024\/12\/Picture2-Wille.jpg\" \/>\n\t<meta property=\"og:image:width\" content=\"835\" \/>\n\t<meta property=\"og:image:height\" content=\"557\" \/>\n\t<meta property=\"og:image:type\" content=\"image\/jpeg\" \/>\n<meta name=\"twitter:card\" content=\"summary_large_image\" \/>\n<meta name=\"twitter:label1\" content=\"Dur\u00e9e de lecture estim\u00e9e\" \/>\n\t<meta name=\"twitter:data1\" content=\"4 minutes\" \/>\n<script type=\"application\/ld+json\" class=\"yoast-schema-graph\">{\"@context\":\"https:\/\/schema.org\",\"@graph\":[{\"@type\":\"NewsArticle\",\"@id\":\"https:\/\/www.uni.lu\/fhse-fr\/news\/retour-sur-10-ans-de-recherche-sur-les-frontieres-dans-la-grande-region\/#article\",\"isPartOf\":{\"@id\":\"https:\/\/www.uni.lu\/fhse-fr\/news\/retour-sur-10-ans-de-recherche-sur-les-frontieres-dans-la-grande-region\/\"},\"author\":{\"name\":\"lbianchi\",\"@id\":\"https:\/\/www.uni.lu\/fhse-fr\/#\/schema\/person\/d9b86b7c2e53fc03137bac4835036477\"},\"headline\":\"Retour sur 10 ans de recherche sur les fronti\u00e8res dans la Grande R\u00e9gion\",\"datePublished\":\"2024-12-02T14:13:57+00:00\",\"dateModified\":\"2024-12-03T11:16:14+00:00\",\"mainEntityOfPage\":{\"@id\":\"https:\/\/www.uni.lu\/fhse-fr\/news\/retour-sur-10-ans-de-recherche-sur-les-frontieres-dans-la-grande-region\/\"},\"wordCount\":853,\"publisher\":{\"@id\":\"https:\/\/www.uni.lu\/fhse-fr\/#organization\"},\"image\":{\"@id\":\"https:\/\/www.uni.lu\/fhse-fr\/news\/retour-sur-10-ans-de-recherche-sur-les-frontieres-dans-la-grande-region\/#primaryimage\"},\"thumbnailUrl\":\"https:\/\/www.uni.lu\/wp-content\/uploads\/sites\/16\/2024\/12\/Picture2-Wille.jpg\",\"inLanguage\":\"fr-FR\"},{\"@type\":\"WebPage\",\"@id\":\"https:\/\/www.uni.lu\/fhse-fr\/news\/retour-sur-10-ans-de-recherche-sur-les-frontieres-dans-la-grande-region\/\",\"url\":\"https:\/\/www.uni.lu\/fhse-fr\/news\/retour-sur-10-ans-de-recherche-sur-les-frontieres-dans-la-grande-region\/\",\"name\":\"Retour sur 10 ans de recherche sur les fronti\u00e8res dans la Grande R\u00e9gion - FHSE actualit\u00e9s I Universit\u00e9 du Luxembourg\",\"isPartOf\":{\"@id\":\"https:\/\/www.uni.lu\/fhse-fr\/#website\"},\"primaryImageOfPage\":{\"@id\":\"https:\/\/www.uni.lu\/fhse-fr\/news\/retour-sur-10-ans-de-recherche-sur-les-frontieres-dans-la-grande-region\/#primaryimage\"},\"image\":{\"@id\":\"https:\/\/www.uni.lu\/fhse-fr\/news\/retour-sur-10-ans-de-recherche-sur-les-frontieres-dans-la-grande-region\/#primaryimage\"},\"thumbnailUrl\":\"https:\/\/www.uni.lu\/wp-content\/uploads\/sites\/16\/2024\/12\/Picture2-Wille.jpg\",\"datePublished\":\"2024-12-02T14:13:57+00:00\",\"dateModified\":\"2024-12-03T11:16:14+00:00\",\"description\":\"Au Luxembourg et dans la Grande R\u00e9gion, les fronti\u00e8res influencent de nombreux aspects de notre quotidien : vie sociale, \u00e9conomie, commerce, culture et\",\"breadcrumb\":{\"@id\":\"https:\/\/www.uni.lu\/fhse-fr\/news\/retour-sur-10-ans-de-recherche-sur-les-frontieres-dans-la-grande-region\/#breadcrumb\"},\"inLanguage\":\"fr-FR\",\"potentialAction\":[{\"@type\":\"ReadAction\",\"target\":[\"https:\/\/www.uni.lu\/fhse-fr\/news\/retour-sur-10-ans-de-recherche-sur-les-frontieres-dans-la-grande-region\/\"]}]},{\"@type\":\"ImageObject\",\"inLanguage\":\"fr-FR\",\"@id\":\"https:\/\/www.uni.lu\/fhse-fr\/news\/retour-sur-10-ans-de-recherche-sur-les-frontieres-dans-la-grande-region\/#primaryimage\",\"url\":\"https:\/\/www.uni.lu\/wp-content\/uploads\/sites\/16\/2024\/12\/Picture2-Wille.jpg\",\"contentUrl\":\"https:\/\/www.uni.lu\/wp-content\/uploads\/sites\/16\/2024\/12\/Picture2-Wille.jpg\",\"width\":835,\"height\":557},{\"@type\":\"BreadcrumbList\",\"@id\":\"https:\/\/www.uni.lu\/fhse-fr\/news\/retour-sur-10-ans-de-recherche-sur-les-frontieres-dans-la-grande-region\/#breadcrumb\",\"itemListElement\":[{\"@type\":\"ListItem\",\"position\":1,\"name\":\"Home\",\"item\":\"https:\/\/www.uni.lu\/fr\"},{\"@type\":\"ListItem\",\"position\":2,\"name\":\"Facult\u00e9 des Sciences Humaines, des Sciences de l\u2019\u00c9ducation et des Sciences Sociales\u200b\",\"item\":\"https:\/\/www.uni.lu\/fhse-fr\/\"},{\"@type\":\"ListItem\",\"position\":3,\"name\":\"News\",\"item\":\"https:\/\/www.uni.lu\/fhse-fr\/news\/\"},{\"@type\":\"ListItem\",\"position\":4,\"name\":\"Retour sur 10 ans de recherche sur les fronti\u00e8res dans la Grande R\u00e9gion\"}]},{\"@type\":\"WebSite\",\"@id\":\"https:\/\/www.uni.lu\/fhse-fr\/#website\",\"url\":\"https:\/\/www.uni.lu\/fhse-fr\/\",\"name\":\"FHSE\",\"description\":\"Facult\u00e9 des Sciences Humaines, des Sciences de l\u2019\u00c9ducation et des Sciences Sociales\u200b I Uni.lu\",\"publisher\":{\"@id\":\"https:\/\/www.uni.lu\/fhse-fr\/#organization\"},\"alternateName\":\"Facult\u00e9 des Sciences Humaines, des Sciences de l\u2019\u00c9ducation et des Sciences Sociales\u200b I Universit\u00e9 du Luxembourg\",\"potentialAction\":[{\"@type\":\"SearchAction\",\"target\":{\"@type\":\"EntryPoint\",\"urlTemplate\":\"https:\/\/www.uni.lu\/fhse-fr\/?s={search_term_string}\"},\"query-input\":\"required name=search_term_string\"}],\"inLanguage\":\"fr-FR\"},{\"@type\":\"Organization\",\"@id\":\"https:\/\/www.uni.lu\/fhse-fr\/#organization\",\"name\":\"FHSE - Universit\u00e9 du Luxembourg I Uni.lu\",\"alternateName\":\"Facult\u00e9 des Sciences Humaines, des Sciences de l\u2019\u00c9ducation et des Sciences Sociales\u200b\",\"url\":\"https:\/\/www.uni.lu\/fhse-fr\/\",\"logo\":{\"@type\":\"ImageObject\",\"inLanguage\":\"fr-FR\",\"@id\":\"https:\/\/www.uni.lu\/fhse-fr\/#\/schema\/logo\/image\/\",\"url\":\"https:\/\/www.uni.lu\/wp-content\/uploads\/sites\/16\/2026\/03\/03112325\/FHSE_SM-Profile_1600x1600px-scaled.jpg\",\"contentUrl\":\"https:\/\/www.uni.lu\/wp-content\/uploads\/sites\/16\/2026\/03\/03112325\/FHSE_SM-Profile_1600x1600px-scaled.jpg\",\"width\":2560,\"height\":2560,\"caption\":\"FHSE - Universit\u00e9 du Luxembourg I Uni.lu\"},\"image\":\"https:\/\/www.uni.lu\/wp-content\/uploads\/sites\/16\/2026\/04\/24144331\/20200609-Belval-Campus_Henri-Goergen-23.jpg\",\"sameAs\":[\"https:\/\/humanities.uni.lu\/\"],\"email\":\"communication@uni.lu\",\"telephone\":\"+3524666441\",\"address\":{\"@type\":\"PostalAddress\",\"streetAddress\":\"11, Porte des Sciences\",\"addressLocality\":\"Esch-sur-Alzette\",\"postalCode\":\"4365\",\"addressCountry\":\"LU\"},\"description\":\"Facult\u00e9 des Sciences Humaines, des Sciences de l\u2019\u00c9ducation et des Sciences Sociales\u200b I Uni.lu\"},{\"@type\":\"Person\",\"@id\":\"https:\/\/www.uni.lu\/fhse-fr\/#\/schema\/person\/d9b86b7c2e53fc03137bac4835036477\",\"name\":\"lbianchi\",\"image\":{\"@type\":\"ImageObject\",\"inLanguage\":\"fr-FR\",\"@id\":\"https:\/\/www.uni.lu\/fhse-fr\/#\/schema\/person\/image\/\",\"url\":\"https:\/\/secure.gravatar.com\/avatar\/b95af755d0da6e0201fdf3e2f7318021?s=96&d=mm&r=g\",\"contentUrl\":\"https:\/\/secure.gravatar.com\/avatar\/b95af755d0da6e0201fdf3e2f7318021?s=96&d=mm&r=g\",\"caption\":\"lbianchi\"}}]}<\/script>\n<!-- \/ Yoast SEO Premium plugin. -->","yoast_head_json":{"title":"Retour sur 10 ans de recherche sur les fronti\u00e8res dans la Grande R\u00e9gion - FHSE actualit\u00e9s I Universit\u00e9 du Luxembourg","description":"Au Luxembourg et dans la Grande R\u00e9gion, les fronti\u00e8res influencent de nombreux aspects de notre quotidien : vie sociale, \u00e9conomie, commerce, culture et","robots":{"index":"index","follow":"follow","max-snippet":"max-snippet:-1","max-image-preview":"max-image-preview:large","max-video-preview":"max-video-preview:-1"},"canonical":"https:\/\/www.uni.lu\/fhse-fr\/news\/retour-sur-10-ans-de-recherche-sur-les-frontieres-dans-la-grande-region\/","og_locale":"fr_FR","og_type":"article","og_title":"Retour sur 10 ans de recherche sur les fronti\u00e8res dans la Grande R\u00e9gion","og_description":"Au Luxembourg et dans la Grande R\u00e9gion, les fronti\u00e8res influencent de nombreux aspects de notre quotidien : vie sociale, \u00e9conomie, commerce, culture et","og_url":"https:\/\/www.uni.lu\/fhse-fr\/news\/retour-sur-10-ans-de-recherche-sur-les-frontieres-dans-la-grande-region\/","og_site_name":"FHSE FR","article_modified_time":"2024-12-03T11:16:14+00:00","og_image":[{"width":835,"height":557,"url":"https:\/\/www.uni.lu\/wp-content\/uploads\/sites\/16\/2024\/12\/Picture2-Wille.jpg","type":"image\/jpeg"}],"twitter_card":"summary_large_image","twitter_misc":{"Dur\u00e9e de lecture estim\u00e9e":"4 minutes"},"schema":{"@context":"https:\/\/schema.org","@graph":[{"@type":"NewsArticle","@id":"https:\/\/www.uni.lu\/fhse-fr\/news\/retour-sur-10-ans-de-recherche-sur-les-frontieres-dans-la-grande-region\/#article","isPartOf":{"@id":"https:\/\/www.uni.lu\/fhse-fr\/news\/retour-sur-10-ans-de-recherche-sur-les-frontieres-dans-la-grande-region\/"},"author":{"name":"lbianchi","@id":"https:\/\/www.uni.lu\/fhse-fr\/#\/schema\/person\/d9b86b7c2e53fc03137bac4835036477"},"headline":"Retour sur 10 ans de recherche sur les fronti\u00e8res dans la Grande R\u00e9gion","datePublished":"2024-12-02T14:13:57+00:00","dateModified":"2024-12-03T11:16:14+00:00","mainEntityOfPage":{"@id":"https:\/\/www.uni.lu\/fhse-fr\/news\/retour-sur-10-ans-de-recherche-sur-les-frontieres-dans-la-grande-region\/"},"wordCount":853,"publisher":{"@id":"https:\/\/www.uni.lu\/fhse-fr\/#organization"},"image":{"@id":"https:\/\/www.uni.lu\/fhse-fr\/news\/retour-sur-10-ans-de-recherche-sur-les-frontieres-dans-la-grande-region\/#primaryimage"},"thumbnailUrl":"https:\/\/www.uni.lu\/wp-content\/uploads\/sites\/16\/2024\/12\/Picture2-Wille.jpg","inLanguage":"fr-FR"},{"@type":"WebPage","@id":"https:\/\/www.uni.lu\/fhse-fr\/news\/retour-sur-10-ans-de-recherche-sur-les-frontieres-dans-la-grande-region\/","url":"https:\/\/www.uni.lu\/fhse-fr\/news\/retour-sur-10-ans-de-recherche-sur-les-frontieres-dans-la-grande-region\/","name":"Retour sur 10 ans de recherche sur les fronti\u00e8res dans la Grande R\u00e9gion - FHSE actualit\u00e9s I Universit\u00e9 du Luxembourg","isPartOf":{"@id":"https:\/\/www.uni.lu\/fhse-fr\/#website"},"primaryImageOfPage":{"@id":"https:\/\/www.uni.lu\/fhse-fr\/news\/retour-sur-10-ans-de-recherche-sur-les-frontieres-dans-la-grande-region\/#primaryimage"},"image":{"@id":"https:\/\/www.uni.lu\/fhse-fr\/news\/retour-sur-10-ans-de-recherche-sur-les-frontieres-dans-la-grande-region\/#primaryimage"},"thumbnailUrl":"https:\/\/www.uni.lu\/wp-content\/uploads\/sites\/16\/2024\/12\/Picture2-Wille.jpg","datePublished":"2024-12-02T14:13:57+00:00","dateModified":"2024-12-03T11:16:14+00:00","description":"Au Luxembourg et dans la Grande R\u00e9gion, les fronti\u00e8res influencent de nombreux aspects de notre quotidien : vie sociale, \u00e9conomie, commerce, culture et","breadcrumb":{"@id":"https:\/\/www.uni.lu\/fhse-fr\/news\/retour-sur-10-ans-de-recherche-sur-les-frontieres-dans-la-grande-region\/#breadcrumb"},"inLanguage":"fr-FR","potentialAction":[{"@type":"ReadAction","target":["https:\/\/www.uni.lu\/fhse-fr\/news\/retour-sur-10-ans-de-recherche-sur-les-frontieres-dans-la-grande-region\/"]}]},{"@type":"ImageObject","inLanguage":"fr-FR","@id":"https:\/\/www.uni.lu\/fhse-fr\/news\/retour-sur-10-ans-de-recherche-sur-les-frontieres-dans-la-grande-region\/#primaryimage","url":"https:\/\/www.uni.lu\/wp-content\/uploads\/sites\/16\/2024\/12\/Picture2-Wille.jpg","contentUrl":"https:\/\/www.uni.lu\/wp-content\/uploads\/sites\/16\/2024\/12\/Picture2-Wille.jpg","width":835,"height":557},{"@type":"BreadcrumbList","@id":"https:\/\/www.uni.lu\/fhse-fr\/news\/retour-sur-10-ans-de-recherche-sur-les-frontieres-dans-la-grande-region\/#breadcrumb","itemListElement":[{"@type":"ListItem","position":1,"name":"Home","item":"https:\/\/www.uni.lu\/fr"},{"@type":"ListItem","position":2,"name":"Facult\u00e9 des Sciences Humaines, des Sciences de l\u2019\u00c9ducation et des Sciences Sociales\u200b","item":"https:\/\/www.uni.lu\/fhse-fr\/"},{"@type":"ListItem","position":3,"name":"News","item":"https:\/\/www.uni.lu\/fhse-fr\/news\/"},{"@type":"ListItem","position":4,"name":"Retour sur 10 ans de recherche sur les fronti\u00e8res dans la Grande R\u00e9gion"}]},{"@type":"WebSite","@id":"https:\/\/www.uni.lu\/fhse-fr\/#website","url":"https:\/\/www.uni.lu\/fhse-fr\/","name":"FHSE","description":"Facult\u00e9 des Sciences Humaines, des Sciences de l\u2019\u00c9ducation et des Sciences Sociales\u200b I Uni.lu","publisher":{"@id":"https:\/\/www.uni.lu\/fhse-fr\/#organization"},"alternateName":"Facult\u00e9 des Sciences Humaines, des Sciences de l\u2019\u00c9ducation et des Sciences Sociales\u200b I Universit\u00e9 du Luxembourg","potentialAction":[{"@type":"SearchAction","target":{"@type":"EntryPoint","urlTemplate":"https:\/\/www.uni.lu\/fhse-fr\/?s={search_term_string}"},"query-input":"required name=search_term_string"}],"inLanguage":"fr-FR"},{"@type":"Organization","@id":"https:\/\/www.uni.lu\/fhse-fr\/#organization","name":"FHSE - Universit\u00e9 du Luxembourg I Uni.lu","alternateName":"Facult\u00e9 des Sciences Humaines, des Sciences de l\u2019\u00c9ducation et des Sciences Sociales\u200b","url":"https:\/\/www.uni.lu\/fhse-fr\/","logo":{"@type":"ImageObject","inLanguage":"fr-FR","@id":"https:\/\/www.uni.lu\/fhse-fr\/#\/schema\/logo\/image\/","url":"https:\/\/www.uni.lu\/wp-content\/uploads\/sites\/16\/2026\/03\/03112325\/FHSE_SM-Profile_1600x1600px-scaled.jpg","contentUrl":"https:\/\/www.uni.lu\/wp-content\/uploads\/sites\/16\/2026\/03\/03112325\/FHSE_SM-Profile_1600x1600px-scaled.jpg","width":2560,"height":2560,"caption":"FHSE - Universit\u00e9 du Luxembourg I Uni.lu"},"image":"https:\/\/www.uni.lu\/wp-content\/uploads\/sites\/16\/2026\/04\/24144331\/20200609-Belval-Campus_Henri-Goergen-23.jpg","sameAs":["https:\/\/humanities.uni.lu\/"],"email":"communication@uni.lu","telephone":"+3524666441","address":{"@type":"PostalAddress","streetAddress":"11, Porte des Sciences","addressLocality":"Esch-sur-Alzette","postalCode":"4365","addressCountry":"LU"},"description":"Facult\u00e9 des Sciences Humaines, des Sciences de l\u2019\u00c9ducation et des Sciences Sociales\u200b I Uni.lu"},{"@type":"Person","@id":"https:\/\/www.uni.lu\/fhse-fr\/#\/schema\/person\/d9b86b7c2e53fc03137bac4835036477","name":"lbianchi","image":{"@type":"ImageObject","inLanguage":"fr-FR","@id":"https:\/\/www.uni.lu\/fhse-fr\/#\/schema\/person\/image\/","url":"https:\/\/secure.gravatar.com\/avatar\/b95af755d0da6e0201fdf3e2f7318021?s=96&d=mm&r=g","contentUrl":"https:\/\/secure.gravatar.com\/avatar\/b95af755d0da6e0201fdf3e2f7318021?s=96&d=mm&r=g","caption":"lbianchi"}}]}},"blog_id":16,"_links":{"self":[{"href":"https:\/\/www.uni.lu\/fhse-fr\/wp-json\/wp\/v2\/news\/4099"}],"collection":[{"href":"https:\/\/www.uni.lu\/fhse-fr\/wp-json\/wp\/v2\/news"}],"about":[{"href":"https:\/\/www.uni.lu\/fhse-fr\/wp-json\/wp\/v2\/types\/news"}],"author":[{"embeddable":true,"href":"https:\/\/www.uni.lu\/fhse-fr\/wp-json\/wp\/v2\/users\/91"}],"version-history":[{"count":3,"href":"https:\/\/www.uni.lu\/fhse-fr\/wp-json\/wp\/v2\/news\/4099\/revisions"}],"predecessor-version":[{"id":4104,"href":"https:\/\/www.uni.lu\/fhse-fr\/wp-json\/wp\/v2\/news\/4099\/revisions\/4104"}],"wp:authorship":[{"embeddable":true,"href":"https:\/\/www.uni.lu\/fhse-fr\/wp-json\/wp\/v2\/users\/91"}],"wp:featuredmedia":[{"embeddable":true,"href":"https:\/\/www.uni.lu\/fhse-fr\/wp-json\/wp\/v2\/media\/4105"}],"wp:attachment":[{"href":"https:\/\/www.uni.lu\/fhse-fr\/wp-json\/wp\/v2\/media?parent=4099"}],"wp:term":[{"taxonomy":"news-category","embeddable":true,"href":"https:\/\/www.uni.lu\/fhse-fr\/wp-json\/wp\/v2\/news-category?post=4099"},{"taxonomy":"news-topic","embeddable":true,"href":"https:\/\/www.uni.lu\/fhse-fr\/wp-json\/wp\/v2\/news-topic?post=4099"},{"taxonomy":"organisation","embeddable":true,"href":"https:\/\/www.uni.lu\/fhse-fr\/wp-json\/wp\/v2\/organisation?post=4099"}],"curies":[{"name":"wp","href":"https:\/\/api.w.org\/{rel}","templated":true}]}}