{"id":392,"date":"2021-04-16T08:55:38","date_gmt":"2021-04-16T08:55:38","guid":{"rendered":"https:\/\/website.prod.unilu.spikeseed.cloud\/fhse-fr\/news\/nei-publikatioun-sproochen-um-aarbechtsmaart-1984-2019\/"},"modified":"2021-04-16T08:55:38","modified_gmt":"2021-04-16T08:55:38","slug":"nei-publikatioun-sproochen-um-aarbechtsmaart-1984-2019","status":"publish","type":"news","link":"https:\/\/www.uni.lu\/fhse-fr\/news\/nei-publikatioun-sproochen-um-aarbechtsmaart-1984-2019\/","title":{"rendered":"Nei Publikatioun: Sproochen um Aarbechtsmaart 1984-2019"},"content":{"rendered":"<section class=\"wp-block-unilux-blocks-free-section section\"><div class=\"container xl:max-w-screen-xl\"><p>\u00c0 partir d\u2019un \u00e9chantillon d\u2019offres d\u2019emploi publi\u00e9es dans le Luxemburger Wort et portant sur la p\u00e9riode 1984-2019, cette \u00e9tude d\u00e9crit la vari\u00e9t\u00e9 et l\u2019\u00e9volution des comp\u00e9tences linguistiques exig\u00e9es (ou souhait\u00e9es) sur le march\u00e9 du travail du Luxembourg. Il s\u2019agit de la quatri\u00e8me mise \u00e0 jour de l\u2019analyse initialement effectu\u00e9e sur la p\u00e9riode 1984-1999.<\/p><p><strong>Isabelle Pigeron-Piroth<\/strong> et <strong>Fernand Fehlen<\/strong>, de l\u2019Universit\u00e9 du Luxembourg, s\u2019attachent apr\u00e8s une pr\u00e9sentation contextuelle de la situation linguistique et de l\u2019emploi au Luxembourg, \u00e0 analyser les quelques 8 340 offres d\u2019emploi constituant l\u2019\u00e9chantillon final. A l\u2019analyse empirique s\u2019ajoutent des d\u00e9cryptages de la s\u00e9mantique utilis\u00e9e dans les offres d\u2019emploi publi\u00e9es, utiles \u00e0 la compr\u00e9hension des besoins linguistiques dans un march\u00e9 du travail plurilingue et international.<\/p><p>T\u00e9l\u00e9charger la publication en <a href=\"https:\/\/orbilu.uni.lu\/handle\/10993\/46761\" target=\"_self\" title=\"\" rel=\"noopener\">PDF<\/a>.<\/p><\/div><\/section>","protected":false},"excerpt":{"rendered":"<p>\u00c0 partir d\u2019un \u00e9chantillon d\u2019offres d\u2019emploi publi\u00e9es dans le Luxemburger Wort et portant sur la p\u00e9riode 1984-2019, cette \u00e9tude d\u00e9crit la vari\u00e9t\u00e9 et l\u2019\u00e9volution des comp\u00e9tences linguistiques exig\u00e9es (ou souhait\u00e9es) sur le march\u00e9 du travail du Luxembourg. Il s\u2019agit de la quatri\u00e8me mise \u00e0 jour de l\u2019analyse initialement effectu\u00e9e sur la p\u00e9riode 1984-1999.<\/p>\n","protected":false},"author":0,"featured_media":393,"template":"","format":"standard","meta":{"featured_image_focal_point":[],"show_featured_caption":false,"ulux_newsletter_groups":"","uluxPostTitle":"","uluxPrePostTitle":"","_trash_the_other_posts":false,"_price":"","_stock":"","_tribe_ticket_header":"","_tribe_default_ticket_provider":"","_tribe_ticket_capacity":"0","_ticket_start_date":"","_ticket_end_date":"","_tribe_ticket_show_description":"","_tribe_ticket_show_not_going":false,"_tribe_ticket_use_global_stock":"","_tribe_ticket_global_stock_level":"","_global_stock_mode":"","_global_stock_cap":"","_tribe_rsvp_for_event":"","_tribe_ticket_going_count":"","_tribe_ticket_not_going_count":"","_tribe_tickets_list":"[]","_tribe_ticket_has_attendee_info_fields":false},"news-category":[3],"news-topic":[16],"organisation":[170],"authorship":[],"acf":[],"yoast_head":"<!-- This site is optimized with the Yoast SEO Premium plugin v22.3 (Yoast SEO v22.3) - https:\/\/yoast.com\/wordpress\/plugins\/seo\/ -->\n<title>Nei Publikatioun: Sproochen um Aarbechtsmaart 1984-2019 - FHSE actualit\u00e9s I Universit\u00e9 du Luxembourg<\/title>\n<meta name=\"description\" content=\"\u00c0 partir d\u2019un \u00e9chantillon d\u2019offres d\u2019emploi publi\u00e9es dans le Luxemburger Wort et portant sur la p\u00e9riode 1984-2019, cette \u00e9tude d\u00e9crit la vari\u00e9t\u00e9 et l\u2019\u00e9volution des comp\u00e9tences linguistiques exig\u00e9es (ou souhait\u00e9es) sur le march\u00e9 du travail du Luxembourg. Il s\u2019agit de la quatri\u00e8me mise \u00e0 jour de l\u2019analyse initialement effectu\u00e9e sur la p\u00e9riode 1984-1999.\" \/>\n<meta name=\"robots\" content=\"index, follow, max-snippet:-1, max-image-preview:large, max-video-preview:-1\" \/>\n<link rel=\"canonical\" href=\"https:\/\/www.uni.lu\/fhse-fr\/news\/nei-publikatioun-sproochen-um-aarbechtsmaart-1984-2019\/\" \/>\n<meta property=\"og:locale\" content=\"fr_FR\" \/>\n<meta property=\"og:type\" content=\"article\" \/>\n<meta property=\"og:title\" content=\"Nei Publikatioun: Sproochen um Aarbechtsmaart 1984-2019\" \/>\n<meta property=\"og:description\" content=\"\u00c0 partir d\u2019un \u00e9chantillon d\u2019offres d\u2019emploi publi\u00e9es dans le Luxemburger Wort et portant sur la p\u00e9riode 1984-2019, cette \u00e9tude d\u00e9crit la vari\u00e9t\u00e9 et l\u2019\u00e9volution des comp\u00e9tences linguistiques exig\u00e9es (ou souhait\u00e9es) sur le march\u00e9 du travail du Luxembourg. Il s\u2019agit de la quatri\u00e8me mise \u00e0 jour de l\u2019analyse initialement effectu\u00e9e sur la p\u00e9riode 1984-1999.\" \/>\n<meta property=\"og:url\" content=\"https:\/\/www.uni.lu\/fhse-fr\/news\/nei-publikatioun-sproochen-um-aarbechtsmaart-1984-2019\/\" \/>\n<meta property=\"og:site_name\" content=\"FHSE FR\" \/>\n<meta property=\"og:image\" content=\"https:\/\/www.uni.lu\/wp-content\/uploads\/sites\/16\/2021\/04\/nei_publikatioun_sproochen_um_aarbechtsmaart_1984_2019.jpg\" \/>\n\t<meta property=\"og:image:width\" content=\"1200\" \/>\n\t<meta property=\"og:image:height\" content=\"793\" \/>\n\t<meta property=\"og:image:type\" content=\"image\/jpeg\" \/>\n<meta name=\"twitter:card\" content=\"summary_large_image\" \/>\n<meta name=\"twitter:label1\" content=\"Dur\u00e9e de lecture estim\u00e9e\" \/>\n\t<meta name=\"twitter:data1\" content=\"1 minute\" \/>\n<script type=\"application\/ld+json\" class=\"yoast-schema-graph\">{\"@context\":\"https:\/\/schema.org\",\"@graph\":[{\"@type\":\"NewsArticle\",\"@id\":\"https:\/\/www.uni.lu\/fhse-fr\/news\/nei-publikatioun-sproochen-um-aarbechtsmaart-1984-2019\/#article\",\"isPartOf\":{\"@id\":\"https:\/\/www.uni.lu\/fhse-fr\/news\/nei-publikatioun-sproochen-um-aarbechtsmaart-1984-2019\/\"},\"author\":{\"name\":\"\",\"@id\":\"\"},\"headline\":\"Nei Publikatioun: Sproochen um Aarbechtsmaart 1984-2019\",\"datePublished\":\"2021-04-16T08:55:38+00:00\",\"dateModified\":\"2021-04-16T08:55:38+00:00\",\"mainEntityOfPage\":{\"@id\":\"https:\/\/www.uni.lu\/fhse-fr\/news\/nei-publikatioun-sproochen-um-aarbechtsmaart-1984-2019\/\"},\"wordCount\":155,\"publisher\":{\"@id\":\"https:\/\/www.uni.lu\/fhse-fr\/#organization\"},\"image\":{\"@id\":\"https:\/\/www.uni.lu\/fhse-fr\/news\/nei-publikatioun-sproochen-um-aarbechtsmaart-1984-2019\/#primaryimage\"},\"thumbnailUrl\":\"https:\/\/www.uni.lu\/wp-content\/uploads\/sites\/16\/2021\/04\/nei_publikatioun_sproochen_um_aarbechtsmaart_1984_2019.jpg\",\"inLanguage\":\"fr-FR\"},{\"@type\":\"WebPage\",\"@id\":\"https:\/\/www.uni.lu\/fhse-fr\/news\/nei-publikatioun-sproochen-um-aarbechtsmaart-1984-2019\/\",\"url\":\"https:\/\/www.uni.lu\/fhse-fr\/news\/nei-publikatioun-sproochen-um-aarbechtsmaart-1984-2019\/\",\"name\":\"Nei Publikatioun: Sproochen um Aarbechtsmaart 1984-2019 - FHSE actualit\u00e9s I Universit\u00e9 du Luxembourg\",\"isPartOf\":{\"@id\":\"https:\/\/www.uni.lu\/fhse-fr\/#website\"},\"primaryImageOfPage\":{\"@id\":\"https:\/\/www.uni.lu\/fhse-fr\/news\/nei-publikatioun-sproochen-um-aarbechtsmaart-1984-2019\/#primaryimage\"},\"image\":{\"@id\":\"https:\/\/www.uni.lu\/fhse-fr\/news\/nei-publikatioun-sproochen-um-aarbechtsmaart-1984-2019\/#primaryimage\"},\"thumbnailUrl\":\"https:\/\/www.uni.lu\/wp-content\/uploads\/sites\/16\/2021\/04\/nei_publikatioun_sproochen_um_aarbechtsmaart_1984_2019.jpg\",\"datePublished\":\"2021-04-16T08:55:38+00:00\",\"dateModified\":\"2021-04-16T08:55:38+00:00\",\"description\":\"\u00c0 partir d\u2019un \u00e9chantillon d\u2019offres d\u2019emploi publi\u00e9es dans le Luxemburger Wort et portant sur la p\u00e9riode 1984-2019, cette \u00e9tude d\u00e9crit la vari\u00e9t\u00e9 et l\u2019\u00e9volution des comp\u00e9tences linguistiques exig\u00e9es (ou souhait\u00e9es) sur le march\u00e9 du travail du Luxembourg. Il s\u2019agit de la quatri\u00e8me mise \u00e0 jour de l\u2019analyse initialement effectu\u00e9e sur la p\u00e9riode 1984-1999.\",\"breadcrumb\":{\"@id\":\"https:\/\/www.uni.lu\/fhse-fr\/news\/nei-publikatioun-sproochen-um-aarbechtsmaart-1984-2019\/#breadcrumb\"},\"inLanguage\":\"fr-FR\",\"potentialAction\":[{\"@type\":\"ReadAction\",\"target\":[\"https:\/\/www.uni.lu\/fhse-fr\/news\/nei-publikatioun-sproochen-um-aarbechtsmaart-1984-2019\/\"]}]},{\"@type\":\"ImageObject\",\"inLanguage\":\"fr-FR\",\"@id\":\"https:\/\/www.uni.lu\/fhse-fr\/news\/nei-publikatioun-sproochen-um-aarbechtsmaart-1984-2019\/#primaryimage\",\"url\":\"https:\/\/www.uni.lu\/wp-content\/uploads\/sites\/16\/2021\/04\/nei_publikatioun_sproochen_um_aarbechtsmaart_1984_2019.jpg\",\"contentUrl\":\"https:\/\/www.uni.lu\/wp-content\/uploads\/sites\/16\/2021\/04\/nei_publikatioun_sproochen_um_aarbechtsmaart_1984_2019.jpg\",\"width\":1200,\"height\":793},{\"@type\":\"BreadcrumbList\",\"@id\":\"https:\/\/www.uni.lu\/fhse-fr\/news\/nei-publikatioun-sproochen-um-aarbechtsmaart-1984-2019\/#breadcrumb\",\"itemListElement\":[{\"@type\":\"ListItem\",\"position\":1,\"name\":\"Home\",\"item\":\"https:\/\/www.uni.lu\/fr\"},{\"@type\":\"ListItem\",\"position\":2,\"name\":\"Facult\u00e9 des Sciences Humaines, des Sciences de l\u2019\u00c9ducation et des Sciences Sociales\u200b\",\"item\":\"https:\/\/www.uni.lu\/fhse-fr\/\"},{\"@type\":\"ListItem\",\"position\":3,\"name\":\"News\",\"item\":\"https:\/\/www.uni.lu\/fhse-fr\/news\/\"},{\"@type\":\"ListItem\",\"position\":4,\"name\":\"Nei Publikatioun: Sproochen um Aarbechtsmaart 1984-2019\"}]},{\"@type\":\"WebSite\",\"@id\":\"https:\/\/www.uni.lu\/fhse-fr\/#website\",\"url\":\"https:\/\/www.uni.lu\/fhse-fr\/\",\"name\":\"FHSE\",\"description\":\"Facult\u00e9 des Sciences Humaines, des Sciences de l\u2019\u00c9ducation et des Sciences Sociales\u200b I Uni.lu\",\"publisher\":{\"@id\":\"https:\/\/www.uni.lu\/fhse-fr\/#organization\"},\"alternateName\":\"Facult\u00e9 des Sciences Humaines, des Sciences de l\u2019\u00c9ducation et des Sciences Sociales\u200b I Universit\u00e9 du Luxembourg\",\"potentialAction\":[{\"@type\":\"SearchAction\",\"target\":{\"@type\":\"EntryPoint\",\"urlTemplate\":\"https:\/\/www.uni.lu\/fhse-fr\/?s={search_term_string}\"},\"query-input\":\"required name=search_term_string\"}],\"inLanguage\":\"fr-FR\"},{\"@type\":\"Organization\",\"@id\":\"https:\/\/www.uni.lu\/fhse-fr\/#organization\",\"name\":\"FHSE - Universit\u00e9 du Luxembourg I Uni.lu\",\"alternateName\":\"Facult\u00e9 des Sciences Humaines, des Sciences de l\u2019\u00c9ducation et des Sciences Sociales\u200b\",\"url\":\"https:\/\/www.uni.lu\/fhse-fr\/\",\"logo\":{\"@type\":\"ImageObject\",\"inLanguage\":\"fr-FR\",\"@id\":\"https:\/\/www.uni.lu\/fhse-fr\/#\/schema\/logo\/image\/\",\"url\":\"https:\/\/www.uni.lu\/wp-content\/uploads\/sites\/16\/2026\/03\/03112325\/FHSE_SM-Profile_1600x1600px-scaled.jpg\",\"contentUrl\":\"https:\/\/www.uni.lu\/wp-content\/uploads\/sites\/16\/2026\/03\/03112325\/FHSE_SM-Profile_1600x1600px-scaled.jpg\",\"width\":2560,\"height\":2560,\"caption\":\"FHSE - Universit\u00e9 du Luxembourg I Uni.lu\"},\"image\":\"https:\/\/www.uni.lu\/wp-content\/uploads\/sites\/16\/2026\/04\/24144331\/20200609-Belval-Campus_Henri-Goergen-23.jpg\",\"sameAs\":[\"https:\/\/humanities.uni.lu\/\"],\"email\":\"communication@uni.lu\",\"telephone\":\"+3524666441\",\"address\":{\"@type\":\"PostalAddress\",\"streetAddress\":\"11, Porte des Sciences\",\"addressLocality\":\"Esch-sur-Alzette\",\"postalCode\":\"4365\",\"addressCountry\":\"LU\"},\"description\":\"Facult\u00e9 des Sciences Humaines, des Sciences de l\u2019\u00c9ducation et des Sciences Sociales\u200b I Uni.lu\"}]}<\/script>\n<!-- \/ Yoast SEO Premium plugin. -->","yoast_head_json":{"title":"Nei Publikatioun: Sproochen um Aarbechtsmaart 1984-2019 - FHSE actualit\u00e9s I Universit\u00e9 du Luxembourg","description":"\u00c0 partir d\u2019un \u00e9chantillon d\u2019offres d\u2019emploi publi\u00e9es dans le Luxemburger Wort et portant sur la p\u00e9riode 1984-2019, cette \u00e9tude d\u00e9crit la vari\u00e9t\u00e9 et l\u2019\u00e9volution des comp\u00e9tences linguistiques exig\u00e9es (ou souhait\u00e9es) sur le march\u00e9 du travail du Luxembourg. Il s\u2019agit de la quatri\u00e8me mise \u00e0 jour de l\u2019analyse initialement effectu\u00e9e sur la p\u00e9riode 1984-1999.","robots":{"index":"index","follow":"follow","max-snippet":"max-snippet:-1","max-image-preview":"max-image-preview:large","max-video-preview":"max-video-preview:-1"},"canonical":"https:\/\/www.uni.lu\/fhse-fr\/news\/nei-publikatioun-sproochen-um-aarbechtsmaart-1984-2019\/","og_locale":"fr_FR","og_type":"article","og_title":"Nei Publikatioun: Sproochen um Aarbechtsmaart 1984-2019","og_description":"\u00c0 partir d\u2019un \u00e9chantillon d\u2019offres d\u2019emploi publi\u00e9es dans le Luxemburger Wort et portant sur la p\u00e9riode 1984-2019, cette \u00e9tude d\u00e9crit la vari\u00e9t\u00e9 et l\u2019\u00e9volution des comp\u00e9tences linguistiques exig\u00e9es (ou souhait\u00e9es) sur le march\u00e9 du travail du Luxembourg. Il s\u2019agit de la quatri\u00e8me mise \u00e0 jour de l\u2019analyse initialement effectu\u00e9e sur la p\u00e9riode 1984-1999.","og_url":"https:\/\/www.uni.lu\/fhse-fr\/news\/nei-publikatioun-sproochen-um-aarbechtsmaart-1984-2019\/","og_site_name":"FHSE FR","og_image":[{"width":1200,"height":793,"url":"https:\/\/www.uni.lu\/wp-content\/uploads\/sites\/16\/2021\/04\/nei_publikatioun_sproochen_um_aarbechtsmaart_1984_2019.jpg","type":"image\/jpeg"}],"twitter_card":"summary_large_image","twitter_misc":{"Dur\u00e9e de lecture estim\u00e9e":"1 minute"},"schema":{"@context":"https:\/\/schema.org","@graph":[{"@type":"NewsArticle","@id":"https:\/\/www.uni.lu\/fhse-fr\/news\/nei-publikatioun-sproochen-um-aarbechtsmaart-1984-2019\/#article","isPartOf":{"@id":"https:\/\/www.uni.lu\/fhse-fr\/news\/nei-publikatioun-sproochen-um-aarbechtsmaart-1984-2019\/"},"author":{"name":"","@id":""},"headline":"Nei Publikatioun: Sproochen um Aarbechtsmaart 1984-2019","datePublished":"2021-04-16T08:55:38+00:00","dateModified":"2021-04-16T08:55:38+00:00","mainEntityOfPage":{"@id":"https:\/\/www.uni.lu\/fhse-fr\/news\/nei-publikatioun-sproochen-um-aarbechtsmaart-1984-2019\/"},"wordCount":155,"publisher":{"@id":"https:\/\/www.uni.lu\/fhse-fr\/#organization"},"image":{"@id":"https:\/\/www.uni.lu\/fhse-fr\/news\/nei-publikatioun-sproochen-um-aarbechtsmaart-1984-2019\/#primaryimage"},"thumbnailUrl":"https:\/\/www.uni.lu\/wp-content\/uploads\/sites\/16\/2021\/04\/nei_publikatioun_sproochen_um_aarbechtsmaart_1984_2019.jpg","inLanguage":"fr-FR"},{"@type":"WebPage","@id":"https:\/\/www.uni.lu\/fhse-fr\/news\/nei-publikatioun-sproochen-um-aarbechtsmaart-1984-2019\/","url":"https:\/\/www.uni.lu\/fhse-fr\/news\/nei-publikatioun-sproochen-um-aarbechtsmaart-1984-2019\/","name":"Nei Publikatioun: Sproochen um Aarbechtsmaart 1984-2019 - FHSE actualit\u00e9s I Universit\u00e9 du Luxembourg","isPartOf":{"@id":"https:\/\/www.uni.lu\/fhse-fr\/#website"},"primaryImageOfPage":{"@id":"https:\/\/www.uni.lu\/fhse-fr\/news\/nei-publikatioun-sproochen-um-aarbechtsmaart-1984-2019\/#primaryimage"},"image":{"@id":"https:\/\/www.uni.lu\/fhse-fr\/news\/nei-publikatioun-sproochen-um-aarbechtsmaart-1984-2019\/#primaryimage"},"thumbnailUrl":"https:\/\/www.uni.lu\/wp-content\/uploads\/sites\/16\/2021\/04\/nei_publikatioun_sproochen_um_aarbechtsmaart_1984_2019.jpg","datePublished":"2021-04-16T08:55:38+00:00","dateModified":"2021-04-16T08:55:38+00:00","description":"\u00c0 partir d\u2019un \u00e9chantillon d\u2019offres d\u2019emploi publi\u00e9es dans le Luxemburger Wort et portant sur la p\u00e9riode 1984-2019, cette \u00e9tude d\u00e9crit la vari\u00e9t\u00e9 et l\u2019\u00e9volution des comp\u00e9tences linguistiques exig\u00e9es (ou souhait\u00e9es) sur le march\u00e9 du travail du Luxembourg. Il s\u2019agit de la quatri\u00e8me mise \u00e0 jour de l\u2019analyse initialement effectu\u00e9e sur la p\u00e9riode 1984-1999.","breadcrumb":{"@id":"https:\/\/www.uni.lu\/fhse-fr\/news\/nei-publikatioun-sproochen-um-aarbechtsmaart-1984-2019\/#breadcrumb"},"inLanguage":"fr-FR","potentialAction":[{"@type":"ReadAction","target":["https:\/\/www.uni.lu\/fhse-fr\/news\/nei-publikatioun-sproochen-um-aarbechtsmaart-1984-2019\/"]}]},{"@type":"ImageObject","inLanguage":"fr-FR","@id":"https:\/\/www.uni.lu\/fhse-fr\/news\/nei-publikatioun-sproochen-um-aarbechtsmaart-1984-2019\/#primaryimage","url":"https:\/\/www.uni.lu\/wp-content\/uploads\/sites\/16\/2021\/04\/nei_publikatioun_sproochen_um_aarbechtsmaart_1984_2019.jpg","contentUrl":"https:\/\/www.uni.lu\/wp-content\/uploads\/sites\/16\/2021\/04\/nei_publikatioun_sproochen_um_aarbechtsmaart_1984_2019.jpg","width":1200,"height":793},{"@type":"BreadcrumbList","@id":"https:\/\/www.uni.lu\/fhse-fr\/news\/nei-publikatioun-sproochen-um-aarbechtsmaart-1984-2019\/#breadcrumb","itemListElement":[{"@type":"ListItem","position":1,"name":"Home","item":"https:\/\/www.uni.lu\/fr"},{"@type":"ListItem","position":2,"name":"Facult\u00e9 des Sciences Humaines, des Sciences de l\u2019\u00c9ducation et des Sciences Sociales\u200b","item":"https:\/\/www.uni.lu\/fhse-fr\/"},{"@type":"ListItem","position":3,"name":"News","item":"https:\/\/www.uni.lu\/fhse-fr\/news\/"},{"@type":"ListItem","position":4,"name":"Nei Publikatioun: Sproochen um Aarbechtsmaart 1984-2019"}]},{"@type":"WebSite","@id":"https:\/\/www.uni.lu\/fhse-fr\/#website","url":"https:\/\/www.uni.lu\/fhse-fr\/","name":"FHSE","description":"Facult\u00e9 des Sciences Humaines, des Sciences de l\u2019\u00c9ducation et des Sciences Sociales\u200b I Uni.lu","publisher":{"@id":"https:\/\/www.uni.lu\/fhse-fr\/#organization"},"alternateName":"Facult\u00e9 des Sciences Humaines, des Sciences de l\u2019\u00c9ducation et des Sciences Sociales\u200b I Universit\u00e9 du Luxembourg","potentialAction":[{"@type":"SearchAction","target":{"@type":"EntryPoint","urlTemplate":"https:\/\/www.uni.lu\/fhse-fr\/?s={search_term_string}"},"query-input":"required name=search_term_string"}],"inLanguage":"fr-FR"},{"@type":"Organization","@id":"https:\/\/www.uni.lu\/fhse-fr\/#organization","name":"FHSE - Universit\u00e9 du Luxembourg I Uni.lu","alternateName":"Facult\u00e9 des Sciences Humaines, des Sciences de l\u2019\u00c9ducation et des Sciences Sociales\u200b","url":"https:\/\/www.uni.lu\/fhse-fr\/","logo":{"@type":"ImageObject","inLanguage":"fr-FR","@id":"https:\/\/www.uni.lu\/fhse-fr\/#\/schema\/logo\/image\/","url":"https:\/\/www.uni.lu\/wp-content\/uploads\/sites\/16\/2026\/03\/03112325\/FHSE_SM-Profile_1600x1600px-scaled.jpg","contentUrl":"https:\/\/www.uni.lu\/wp-content\/uploads\/sites\/16\/2026\/03\/03112325\/FHSE_SM-Profile_1600x1600px-scaled.jpg","width":2560,"height":2560,"caption":"FHSE - Universit\u00e9 du Luxembourg I Uni.lu"},"image":"https:\/\/www.uni.lu\/wp-content\/uploads\/sites\/16\/2026\/04\/24144331\/20200609-Belval-Campus_Henri-Goergen-23.jpg","sameAs":["https:\/\/humanities.uni.lu\/"],"email":"communication@uni.lu","telephone":"+3524666441","address":{"@type":"PostalAddress","streetAddress":"11, Porte des Sciences","addressLocality":"Esch-sur-Alzette","postalCode":"4365","addressCountry":"LU"},"description":"Facult\u00e9 des Sciences Humaines, des Sciences de l\u2019\u00c9ducation et des Sciences Sociales\u200b I Uni.lu"}]}},"blog_id":16,"_links":{"self":[{"href":"https:\/\/www.uni.lu\/fhse-fr\/wp-json\/wp\/v2\/news\/392"}],"collection":[{"href":"https:\/\/www.uni.lu\/fhse-fr\/wp-json\/wp\/v2\/news"}],"about":[{"href":"https:\/\/www.uni.lu\/fhse-fr\/wp-json\/wp\/v2\/types\/news"}],"version-history":[{"count":0,"href":"https:\/\/www.uni.lu\/fhse-fr\/wp-json\/wp\/v2\/news\/392\/revisions"}],"wp:featuredmedia":[{"embeddable":true,"href":"https:\/\/www.uni.lu\/fhse-fr\/wp-json\/wp\/v2\/media\/393"}],"wp:attachment":[{"href":"https:\/\/www.uni.lu\/fhse-fr\/wp-json\/wp\/v2\/media?parent=392"}],"wp:term":[{"taxonomy":"news-category","embeddable":true,"href":"https:\/\/www.uni.lu\/fhse-fr\/wp-json\/wp\/v2\/news-category?post=392"},{"taxonomy":"news-topic","embeddable":true,"href":"https:\/\/www.uni.lu\/fhse-fr\/wp-json\/wp\/v2\/news-topic?post=392"},{"taxonomy":"organisation","embeddable":true,"href":"https:\/\/www.uni.lu\/fhse-fr\/wp-json\/wp\/v2\/organisation?post=392"}],"curies":[{"name":"wp","href":"https:\/\/api.w.org\/{rel}","templated":true}]}}