{"id":3881,"date":"2024-09-27T15:26:25","date_gmt":"2024-09-27T13:26:25","guid":{"rendered":"https:\/\/www.uni.lu\/fhse-fr\/?post_type=news&#038;p=3881"},"modified":"2024-10-02T12:50:11","modified_gmt":"2024-10-02T10:50:11","slug":"ingenieurs-et-educateurs-musicaux-jouent-sur-la-meme-longueur-donde","status":"publish","type":"news","link":"https:\/\/www.uni.lu\/fhse-fr\/news\/ingenieurs-et-educateurs-musicaux-jouent-sur-la-meme-longueur-donde\/","title":{"rendered":"Ing\u00e9nieurs et \u00e9ducateurs musicaux jouent sur la m\u00eame longueur d&rsquo;onde"},"content":{"rendered":"\n<section class=\"wp-block-unilux-blocks-free-section section\"><div class=\"container xl:max-w-screen-xl\">\n<p>Dans quelle mesure \u00e9coutons-nous ou bougeons-nous notre corps lorsque nous apprenons \u00e0 jouer de la musique ? L&rsquo;incarnation dans la musique soutient que la cognition musicale est fortement d\u00e9termin\u00e9e par la mani\u00e8re dont notre corps interagit avec la musique. Bien que des \u00e9tudes aient montr\u00e9 que les mouvements influencent la mani\u00e8re dont nous apprenons, enseignons et jouons de la musique, ce paradigme pr\u00e9sente encore des d\u00e9fis scientifiques \u00e0 r\u00e9soudre.<\/p>\n\n\n\n<p>Pour combler cette lacune, <a href=\"https:\/\/www.uni.lu\/fhse-en\/people\/luc-nijs\/\">Luc Nijs<\/a>, professeur en \u00e9ducation musicale, <a href=\"https:\/\/www.uni.lu\/fstm-en\/people\/ines-chihi\/\">Ines Chihi<\/a>, chercheuse en g\u00e9nie \u00e9lectrique, et <a href=\"https:\/\/www.uni.lu\/fstm-en\/people\/luis-a-leiva\/\">Luis A. Leiva<\/a>, chercheur en sciences informatiques, ont lanc\u00e9 le projet de recherche r\u00e9volutionnaire <a href=\"https:\/\/www.uni.lu\/research-en\/research-projects\/samuse\/\">SAMUSE<\/a> &#8211; Skills Acquisition in Music performance through a Multi-Sensing approach (Acquisition de comp\u00e9tences dans l&rsquo;ex\u00e9cution musicale gr\u00e2ce \u00e0 une approche multisensorielle).<\/p>\n\n\n\n<ul class=\"wp-block-unilux-blocks-button-list-v2\">\n<li class=\"wp-block-unilux-blocks-button-list-item-v2\"><a class=\"quick-link\" href=\"https:\/\/www.uni.lu\/fhse-en\/news\/music-skills-acquisition-engineers-and-music-educators-on-the-same-wavelength\/\" target=\"\" role=\"link\" rel=\"noopener\" tabindex=\"0\"><span class=\"quick-link__container\">\n<div class=\"wp-block-unilux-blocks-block-inserter quick-link__img\"><\/div>\n\n\n\n<span class=\"quick-link__name wp-block-unilux-blocks-plain-text\">Lire l\u2019histoire compl\u00e8te en anglais<\/span>\n\n<svg aria-hidden=\"true\" focusable=\"false\" class=\"icon icon-outline icon--arrow-right \"><use xlink:href=\"https:\/\/www.uni.lu\/wp-content\/themes\/unilux-theme\/assets\/images\/icons\/icons-outline.svg#icon--arrow-right\"><\/use><\/svg><\/span><\/a><\/li>\n<\/ul>\n<\/div><\/section>\n","protected":false},"excerpt":{"rendered":"<p>Un nouveau projet interdisciplinaire d\u00e9veloppera des mod\u00e8les multisensoriels pilot\u00e9s par l&rsquo;IA pour quantifier l&rsquo;acquisition de comp\u00e9tences musicales. <\/p>\n","protected":false},"author":91,"featured_media":3882,"template":"","format":"standard","meta":{"featured_image_focal_point":[],"show_featured_caption":false,"ulux_newsletter_groups":"","uluxPostTitle":"","uluxPrePostTitle":"","_trash_the_other_posts":false,"_price":"","_stock":"","_tribe_ticket_header":"","_tribe_default_ticket_provider":"","_tribe_ticket_capacity":"0","_ticket_start_date":"","_ticket_end_date":"","_tribe_ticket_show_description":"","_tribe_ticket_show_not_going":false,"_tribe_ticket_use_global_stock":"","_tribe_ticket_global_stock_level":"","_global_stock_mode":"","_global_stock_cap":"","_tribe_rsvp_for_event":"","_tribe_ticket_going_count":"","_tribe_ticket_not_going_count":"","_tribe_tickets_list":"[]","_tribe_ticket_has_attendee_info_fields":false},"news-category":[3],"news-topic":[11,9,12],"organisation":[146,24,228],"authorship":[91],"acf":[],"yoast_head":"<!-- This site is optimized with the Yoast SEO Premium plugin v22.3 (Yoast SEO v22.3) - https:\/\/yoast.com\/wordpress\/plugins\/seo\/ -->\n<title>Ing\u00e9nieurs et \u00e9ducateurs musicaux jouent sur la m\u00eame longueur d&#039;onde - FHSE actualit\u00e9s I Universit\u00e9 du Luxembourg<\/title>\n<meta name=\"description\" content=\"Un nouveau projet interdisciplinaire d\u00e9veloppera des mod\u00e8les multisensoriels pilot\u00e9s par l&#039;IA pour quantifier l&#039;acquisition de comp\u00e9tences musicales.\" \/>\n<meta name=\"robots\" content=\"index, follow, max-snippet:-1, max-image-preview:large, max-video-preview:-1\" \/>\n<link rel=\"canonical\" href=\"https:\/\/www.uni.lu\/fhse-fr\/news\/ingenieurs-et-educateurs-musicaux-jouent-sur-la-meme-longueur-donde\/\" \/>\n<meta property=\"og:locale\" content=\"fr_FR\" \/>\n<meta property=\"og:type\" content=\"article\" \/>\n<meta property=\"og:title\" content=\"Ing\u00e9nieurs et \u00e9ducateurs musicaux jouent sur la m\u00eame longueur d&#039;onde\" \/>\n<meta property=\"og:description\" content=\"Un nouveau projet interdisciplinaire d\u00e9veloppera des mod\u00e8les multisensoriels pilot\u00e9s par l&#039;IA pour quantifier l&#039;acquisition de comp\u00e9tences musicales.\" \/>\n<meta property=\"og:url\" content=\"https:\/\/www.uni.lu\/fhse-fr\/news\/ingenieurs-et-educateurs-musicaux-jouent-sur-la-meme-longueur-donde\/\" \/>\n<meta property=\"og:site_name\" content=\"FHSE FR\" \/>\n<meta property=\"article:modified_time\" content=\"2024-10-02T10:50:11+00:00\" \/>\n<meta property=\"og:image\" content=\"https:\/\/www.uni.lu\/wp-content\/uploads\/sites\/16\/2024\/09\/hand_gestures_and_music_AdobeStock_971015205_ai_generated.png\" \/>\n\t<meta property=\"og:image:width\" content=\"1500\" \/>\n\t<meta property=\"og:image:height\" content=\"841\" \/>\n\t<meta property=\"og:image:type\" content=\"image\/png\" \/>\n<meta name=\"twitter:card\" content=\"summary_large_image\" \/>\n<meta name=\"twitter:label1\" content=\"Dur\u00e9e de lecture estim\u00e9e\" \/>\n\t<meta name=\"twitter:data1\" content=\"1 minute\" \/>\n<script type=\"application\/ld+json\" class=\"yoast-schema-graph\">{\"@context\":\"https:\/\/schema.org\",\"@graph\":[{\"@type\":\"NewsArticle\",\"@id\":\"https:\/\/www.uni.lu\/fhse-fr\/news\/ingenieurs-et-educateurs-musicaux-jouent-sur-la-meme-longueur-donde\/#article\",\"isPartOf\":{\"@id\":\"https:\/\/www.uni.lu\/fhse-fr\/news\/ingenieurs-et-educateurs-musicaux-jouent-sur-la-meme-longueur-donde\/\"},\"author\":{\"name\":\"lbianchi\",\"@id\":\"https:\/\/www.uni.lu\/fhse-fr\/#\/schema\/person\/d9b86b7c2e53fc03137bac4835036477\"},\"headline\":\"Ing\u00e9nieurs et \u00e9ducateurs musicaux jouent sur la m\u00eame longueur d&rsquo;onde\",\"datePublished\":\"2024-09-27T13:26:25+00:00\",\"dateModified\":\"2024-10-02T10:50:11+00:00\",\"mainEntityOfPage\":{\"@id\":\"https:\/\/www.uni.lu\/fhse-fr\/news\/ingenieurs-et-educateurs-musicaux-jouent-sur-la-meme-longueur-donde\/\"},\"wordCount\":145,\"publisher\":{\"@id\":\"https:\/\/www.uni.lu\/fhse-fr\/#organization\"},\"image\":{\"@id\":\"https:\/\/www.uni.lu\/fhse-fr\/news\/ingenieurs-et-educateurs-musicaux-jouent-sur-la-meme-longueur-donde\/#primaryimage\"},\"thumbnailUrl\":\"https:\/\/www.uni.lu\/wp-content\/uploads\/sites\/16\/2024\/09\/hand_gestures_and_music_AdobeStock_971015205_ai_generated.png\",\"inLanguage\":\"fr-FR\"},{\"@type\":\"WebPage\",\"@id\":\"https:\/\/www.uni.lu\/fhse-fr\/news\/ingenieurs-et-educateurs-musicaux-jouent-sur-la-meme-longueur-donde\/\",\"url\":\"https:\/\/www.uni.lu\/fhse-fr\/news\/ingenieurs-et-educateurs-musicaux-jouent-sur-la-meme-longueur-donde\/\",\"name\":\"Ing\u00e9nieurs et \u00e9ducateurs musicaux jouent sur la m\u00eame longueur d'onde - FHSE actualit\u00e9s I Universit\u00e9 du Luxembourg\",\"isPartOf\":{\"@id\":\"https:\/\/www.uni.lu\/fhse-fr\/#website\"},\"primaryImageOfPage\":{\"@id\":\"https:\/\/www.uni.lu\/fhse-fr\/news\/ingenieurs-et-educateurs-musicaux-jouent-sur-la-meme-longueur-donde\/#primaryimage\"},\"image\":{\"@id\":\"https:\/\/www.uni.lu\/fhse-fr\/news\/ingenieurs-et-educateurs-musicaux-jouent-sur-la-meme-longueur-donde\/#primaryimage\"},\"thumbnailUrl\":\"https:\/\/www.uni.lu\/wp-content\/uploads\/sites\/16\/2024\/09\/hand_gestures_and_music_AdobeStock_971015205_ai_generated.png\",\"datePublished\":\"2024-09-27T13:26:25+00:00\",\"dateModified\":\"2024-10-02T10:50:11+00:00\",\"description\":\"Un nouveau projet interdisciplinaire d\u00e9veloppera des mod\u00e8les multisensoriels pilot\u00e9s par l'IA pour quantifier l'acquisition de comp\u00e9tences musicales.\",\"breadcrumb\":{\"@id\":\"https:\/\/www.uni.lu\/fhse-fr\/news\/ingenieurs-et-educateurs-musicaux-jouent-sur-la-meme-longueur-donde\/#breadcrumb\"},\"inLanguage\":\"fr-FR\",\"potentialAction\":[{\"@type\":\"ReadAction\",\"target\":[\"https:\/\/www.uni.lu\/fhse-fr\/news\/ingenieurs-et-educateurs-musicaux-jouent-sur-la-meme-longueur-donde\/\"]}]},{\"@type\":\"ImageObject\",\"inLanguage\":\"fr-FR\",\"@id\":\"https:\/\/www.uni.lu\/fhse-fr\/news\/ingenieurs-et-educateurs-musicaux-jouent-sur-la-meme-longueur-donde\/#primaryimage\",\"url\":\"https:\/\/www.uni.lu\/wp-content\/uploads\/sites\/16\/2024\/09\/hand_gestures_and_music_AdobeStock_971015205_ai_generated.png\",\"contentUrl\":\"https:\/\/www.uni.lu\/wp-content\/uploads\/sites\/16\/2024\/09\/hand_gestures_and_music_AdobeStock_971015205_ai_generated.png\",\"width\":1500,\"height\":841},{\"@type\":\"BreadcrumbList\",\"@id\":\"https:\/\/www.uni.lu\/fhse-fr\/news\/ingenieurs-et-educateurs-musicaux-jouent-sur-la-meme-longueur-donde\/#breadcrumb\",\"itemListElement\":[{\"@type\":\"ListItem\",\"position\":1,\"name\":\"Home\",\"item\":\"https:\/\/www.uni.lu\/fr\"},{\"@type\":\"ListItem\",\"position\":2,\"name\":\"Facult\u00e9 des Sciences Humaines, des Sciences de l\u2019\u00c9ducation et des Sciences Sociales\u200b\",\"item\":\"https:\/\/www.uni.lu\/fhse-fr\/\"},{\"@type\":\"ListItem\",\"position\":3,\"name\":\"News\",\"item\":\"https:\/\/www.uni.lu\/fhse-fr\/news\/\"},{\"@type\":\"ListItem\",\"position\":4,\"name\":\"Ing\u00e9nieurs et \u00e9ducateurs musicaux jouent sur la m\u00eame longueur d'onde\"}]},{\"@type\":\"WebSite\",\"@id\":\"https:\/\/www.uni.lu\/fhse-fr\/#website\",\"url\":\"https:\/\/www.uni.lu\/fhse-fr\/\",\"name\":\"FHSE\",\"description\":\"Facult\u00e9 des Sciences Humaines, des Sciences de l\u2019\u00c9ducation et des Sciences Sociales\u200b I Uni.lu\",\"publisher\":{\"@id\":\"https:\/\/www.uni.lu\/fhse-fr\/#organization\"},\"alternateName\":\"Facult\u00e9 des Sciences Humaines, des Sciences de l\u2019\u00c9ducation et des Sciences Sociales\u200b I Universit\u00e9 du Luxembourg\",\"potentialAction\":[{\"@type\":\"SearchAction\",\"target\":{\"@type\":\"EntryPoint\",\"urlTemplate\":\"https:\/\/www.uni.lu\/fhse-fr\/?s={search_term_string}\"},\"query-input\":\"required name=search_term_string\"}],\"inLanguage\":\"fr-FR\"},{\"@type\":\"Organization\",\"@id\":\"https:\/\/www.uni.lu\/fhse-fr\/#organization\",\"name\":\"FHSE - Universit\u00e9 du Luxembourg I Uni.lu\",\"alternateName\":\"Facult\u00e9 des Sciences Humaines, des Sciences de l\u2019\u00c9ducation et des Sciences Sociales\u200b\",\"url\":\"https:\/\/www.uni.lu\/fhse-fr\/\",\"logo\":{\"@type\":\"ImageObject\",\"inLanguage\":\"fr-FR\",\"@id\":\"https:\/\/www.uni.lu\/fhse-fr\/#\/schema\/logo\/image\/\",\"url\":\"https:\/\/www.uni.lu\/wp-content\/uploads\/sites\/16\/2026\/03\/03112325\/FHSE_SM-Profile_1600x1600px-scaled.jpg\",\"contentUrl\":\"https:\/\/www.uni.lu\/wp-content\/uploads\/sites\/16\/2026\/03\/03112325\/FHSE_SM-Profile_1600x1600px-scaled.jpg\",\"width\":2560,\"height\":2560,\"caption\":\"FHSE - Universit\u00e9 du Luxembourg I Uni.lu\"},\"image\":\"https:\/\/www.uni.lu\/wp-content\/uploads\/sites\/16\/2026\/04\/24144331\/20200609-Belval-Campus_Henri-Goergen-23.jpg\",\"sameAs\":[\"https:\/\/humanities.uni.lu\/\"],\"email\":\"communication@uni.lu\",\"telephone\":\"+3524666441\",\"address\":{\"@type\":\"PostalAddress\",\"streetAddress\":\"11, Porte des Sciences\",\"addressLocality\":\"Esch-sur-Alzette\",\"postalCode\":\"4365\",\"addressCountry\":\"LU\"},\"description\":\"Facult\u00e9 des Sciences Humaines, des Sciences de l\u2019\u00c9ducation et des Sciences Sociales\u200b I Uni.lu\"},{\"@type\":\"Person\",\"@id\":\"https:\/\/www.uni.lu\/fhse-fr\/#\/schema\/person\/d9b86b7c2e53fc03137bac4835036477\",\"name\":\"lbianchi\",\"image\":{\"@type\":\"ImageObject\",\"inLanguage\":\"fr-FR\",\"@id\":\"https:\/\/www.uni.lu\/fhse-fr\/#\/schema\/person\/image\/\",\"url\":\"https:\/\/secure.gravatar.com\/avatar\/b95af755d0da6e0201fdf3e2f7318021?s=96&d=mm&r=g\",\"contentUrl\":\"https:\/\/secure.gravatar.com\/avatar\/b95af755d0da6e0201fdf3e2f7318021?s=96&d=mm&r=g\",\"caption\":\"lbianchi\"}}]}<\/script>\n<!-- \/ Yoast SEO Premium plugin. -->","yoast_head_json":{"title":"Ing\u00e9nieurs et \u00e9ducateurs musicaux jouent sur la m\u00eame longueur d'onde - FHSE actualit\u00e9s I Universit\u00e9 du Luxembourg","description":"Un nouveau projet interdisciplinaire d\u00e9veloppera des mod\u00e8les multisensoriels pilot\u00e9s par l'IA pour quantifier l'acquisition de comp\u00e9tences musicales.","robots":{"index":"index","follow":"follow","max-snippet":"max-snippet:-1","max-image-preview":"max-image-preview:large","max-video-preview":"max-video-preview:-1"},"canonical":"https:\/\/www.uni.lu\/fhse-fr\/news\/ingenieurs-et-educateurs-musicaux-jouent-sur-la-meme-longueur-donde\/","og_locale":"fr_FR","og_type":"article","og_title":"Ing\u00e9nieurs et \u00e9ducateurs musicaux jouent sur la m\u00eame longueur d'onde","og_description":"Un nouveau projet interdisciplinaire d\u00e9veloppera des mod\u00e8les multisensoriels pilot\u00e9s par l'IA pour quantifier l'acquisition de comp\u00e9tences musicales.","og_url":"https:\/\/www.uni.lu\/fhse-fr\/news\/ingenieurs-et-educateurs-musicaux-jouent-sur-la-meme-longueur-donde\/","og_site_name":"FHSE FR","article_modified_time":"2024-10-02T10:50:11+00:00","og_image":[{"width":1500,"height":841,"url":"https:\/\/www.uni.lu\/wp-content\/uploads\/sites\/16\/2024\/09\/hand_gestures_and_music_AdobeStock_971015205_ai_generated.png","type":"image\/png"}],"twitter_card":"summary_large_image","twitter_misc":{"Dur\u00e9e de lecture estim\u00e9e":"1 minute"},"schema":{"@context":"https:\/\/schema.org","@graph":[{"@type":"NewsArticle","@id":"https:\/\/www.uni.lu\/fhse-fr\/news\/ingenieurs-et-educateurs-musicaux-jouent-sur-la-meme-longueur-donde\/#article","isPartOf":{"@id":"https:\/\/www.uni.lu\/fhse-fr\/news\/ingenieurs-et-educateurs-musicaux-jouent-sur-la-meme-longueur-donde\/"},"author":{"name":"lbianchi","@id":"https:\/\/www.uni.lu\/fhse-fr\/#\/schema\/person\/d9b86b7c2e53fc03137bac4835036477"},"headline":"Ing\u00e9nieurs et \u00e9ducateurs musicaux jouent sur la m\u00eame longueur d&rsquo;onde","datePublished":"2024-09-27T13:26:25+00:00","dateModified":"2024-10-02T10:50:11+00:00","mainEntityOfPage":{"@id":"https:\/\/www.uni.lu\/fhse-fr\/news\/ingenieurs-et-educateurs-musicaux-jouent-sur-la-meme-longueur-donde\/"},"wordCount":145,"publisher":{"@id":"https:\/\/www.uni.lu\/fhse-fr\/#organization"},"image":{"@id":"https:\/\/www.uni.lu\/fhse-fr\/news\/ingenieurs-et-educateurs-musicaux-jouent-sur-la-meme-longueur-donde\/#primaryimage"},"thumbnailUrl":"https:\/\/www.uni.lu\/wp-content\/uploads\/sites\/16\/2024\/09\/hand_gestures_and_music_AdobeStock_971015205_ai_generated.png","inLanguage":"fr-FR"},{"@type":"WebPage","@id":"https:\/\/www.uni.lu\/fhse-fr\/news\/ingenieurs-et-educateurs-musicaux-jouent-sur-la-meme-longueur-donde\/","url":"https:\/\/www.uni.lu\/fhse-fr\/news\/ingenieurs-et-educateurs-musicaux-jouent-sur-la-meme-longueur-donde\/","name":"Ing\u00e9nieurs et \u00e9ducateurs musicaux jouent sur la m\u00eame longueur d'onde - FHSE actualit\u00e9s I Universit\u00e9 du Luxembourg","isPartOf":{"@id":"https:\/\/www.uni.lu\/fhse-fr\/#website"},"primaryImageOfPage":{"@id":"https:\/\/www.uni.lu\/fhse-fr\/news\/ingenieurs-et-educateurs-musicaux-jouent-sur-la-meme-longueur-donde\/#primaryimage"},"image":{"@id":"https:\/\/www.uni.lu\/fhse-fr\/news\/ingenieurs-et-educateurs-musicaux-jouent-sur-la-meme-longueur-donde\/#primaryimage"},"thumbnailUrl":"https:\/\/www.uni.lu\/wp-content\/uploads\/sites\/16\/2024\/09\/hand_gestures_and_music_AdobeStock_971015205_ai_generated.png","datePublished":"2024-09-27T13:26:25+00:00","dateModified":"2024-10-02T10:50:11+00:00","description":"Un nouveau projet interdisciplinaire d\u00e9veloppera des mod\u00e8les multisensoriels pilot\u00e9s par l'IA pour quantifier l'acquisition de comp\u00e9tences musicales.","breadcrumb":{"@id":"https:\/\/www.uni.lu\/fhse-fr\/news\/ingenieurs-et-educateurs-musicaux-jouent-sur-la-meme-longueur-donde\/#breadcrumb"},"inLanguage":"fr-FR","potentialAction":[{"@type":"ReadAction","target":["https:\/\/www.uni.lu\/fhse-fr\/news\/ingenieurs-et-educateurs-musicaux-jouent-sur-la-meme-longueur-donde\/"]}]},{"@type":"ImageObject","inLanguage":"fr-FR","@id":"https:\/\/www.uni.lu\/fhse-fr\/news\/ingenieurs-et-educateurs-musicaux-jouent-sur-la-meme-longueur-donde\/#primaryimage","url":"https:\/\/www.uni.lu\/wp-content\/uploads\/sites\/16\/2024\/09\/hand_gestures_and_music_AdobeStock_971015205_ai_generated.png","contentUrl":"https:\/\/www.uni.lu\/wp-content\/uploads\/sites\/16\/2024\/09\/hand_gestures_and_music_AdobeStock_971015205_ai_generated.png","width":1500,"height":841},{"@type":"BreadcrumbList","@id":"https:\/\/www.uni.lu\/fhse-fr\/news\/ingenieurs-et-educateurs-musicaux-jouent-sur-la-meme-longueur-donde\/#breadcrumb","itemListElement":[{"@type":"ListItem","position":1,"name":"Home","item":"https:\/\/www.uni.lu\/fr"},{"@type":"ListItem","position":2,"name":"Facult\u00e9 des Sciences Humaines, des Sciences de l\u2019\u00c9ducation et des Sciences Sociales\u200b","item":"https:\/\/www.uni.lu\/fhse-fr\/"},{"@type":"ListItem","position":3,"name":"News","item":"https:\/\/www.uni.lu\/fhse-fr\/news\/"},{"@type":"ListItem","position":4,"name":"Ing\u00e9nieurs et \u00e9ducateurs musicaux jouent sur la m\u00eame longueur d'onde"}]},{"@type":"WebSite","@id":"https:\/\/www.uni.lu\/fhse-fr\/#website","url":"https:\/\/www.uni.lu\/fhse-fr\/","name":"FHSE","description":"Facult\u00e9 des Sciences Humaines, des Sciences de l\u2019\u00c9ducation et des Sciences Sociales\u200b I Uni.lu","publisher":{"@id":"https:\/\/www.uni.lu\/fhse-fr\/#organization"},"alternateName":"Facult\u00e9 des Sciences Humaines, des Sciences de l\u2019\u00c9ducation et des Sciences Sociales\u200b I Universit\u00e9 du Luxembourg","potentialAction":[{"@type":"SearchAction","target":{"@type":"EntryPoint","urlTemplate":"https:\/\/www.uni.lu\/fhse-fr\/?s={search_term_string}"},"query-input":"required name=search_term_string"}],"inLanguage":"fr-FR"},{"@type":"Organization","@id":"https:\/\/www.uni.lu\/fhse-fr\/#organization","name":"FHSE - Universit\u00e9 du Luxembourg I Uni.lu","alternateName":"Facult\u00e9 des Sciences Humaines, des Sciences de l\u2019\u00c9ducation et des Sciences Sociales\u200b","url":"https:\/\/www.uni.lu\/fhse-fr\/","logo":{"@type":"ImageObject","inLanguage":"fr-FR","@id":"https:\/\/www.uni.lu\/fhse-fr\/#\/schema\/logo\/image\/","url":"https:\/\/www.uni.lu\/wp-content\/uploads\/sites\/16\/2026\/03\/03112325\/FHSE_SM-Profile_1600x1600px-scaled.jpg","contentUrl":"https:\/\/www.uni.lu\/wp-content\/uploads\/sites\/16\/2026\/03\/03112325\/FHSE_SM-Profile_1600x1600px-scaled.jpg","width":2560,"height":2560,"caption":"FHSE - Universit\u00e9 du Luxembourg I Uni.lu"},"image":"https:\/\/www.uni.lu\/wp-content\/uploads\/sites\/16\/2026\/04\/24144331\/20200609-Belval-Campus_Henri-Goergen-23.jpg","sameAs":["https:\/\/humanities.uni.lu\/"],"email":"communication@uni.lu","telephone":"+3524666441","address":{"@type":"PostalAddress","streetAddress":"11, Porte des Sciences","addressLocality":"Esch-sur-Alzette","postalCode":"4365","addressCountry":"LU"},"description":"Facult\u00e9 des Sciences Humaines, des Sciences de l\u2019\u00c9ducation et des Sciences Sociales\u200b I Uni.lu"},{"@type":"Person","@id":"https:\/\/www.uni.lu\/fhse-fr\/#\/schema\/person\/d9b86b7c2e53fc03137bac4835036477","name":"lbianchi","image":{"@type":"ImageObject","inLanguage":"fr-FR","@id":"https:\/\/www.uni.lu\/fhse-fr\/#\/schema\/person\/image\/","url":"https:\/\/secure.gravatar.com\/avatar\/b95af755d0da6e0201fdf3e2f7318021?s=96&d=mm&r=g","contentUrl":"https:\/\/secure.gravatar.com\/avatar\/b95af755d0da6e0201fdf3e2f7318021?s=96&d=mm&r=g","caption":"lbianchi"}}]}},"blog_id":16,"_links":{"self":[{"href":"https:\/\/www.uni.lu\/fhse-fr\/wp-json\/wp\/v2\/news\/3881"}],"collection":[{"href":"https:\/\/www.uni.lu\/fhse-fr\/wp-json\/wp\/v2\/news"}],"about":[{"href":"https:\/\/www.uni.lu\/fhse-fr\/wp-json\/wp\/v2\/types\/news"}],"author":[{"embeddable":true,"href":"https:\/\/www.uni.lu\/fhse-fr\/wp-json\/wp\/v2\/users\/91"}],"version-history":[{"count":4,"href":"https:\/\/www.uni.lu\/fhse-fr\/wp-json\/wp\/v2\/news\/3881\/revisions"}],"predecessor-version":[{"id":4066,"href":"https:\/\/www.uni.lu\/fhse-fr\/wp-json\/wp\/v2\/news\/3881\/revisions\/4066"}],"wp:authorship":[{"embeddable":true,"href":"https:\/\/www.uni.lu\/fhse-fr\/wp-json\/wp\/v2\/users\/91"}],"wp:featuredmedia":[{"embeddable":true,"href":"https:\/\/www.uni.lu\/fhse-fr\/wp-json\/wp\/v2\/media\/3882"}],"wp:attachment":[{"href":"https:\/\/www.uni.lu\/fhse-fr\/wp-json\/wp\/v2\/media?parent=3881"}],"wp:term":[{"taxonomy":"news-category","embeddable":true,"href":"https:\/\/www.uni.lu\/fhse-fr\/wp-json\/wp\/v2\/news-category?post=3881"},{"taxonomy":"news-topic","embeddable":true,"href":"https:\/\/www.uni.lu\/fhse-fr\/wp-json\/wp\/v2\/news-topic?post=3881"},{"taxonomy":"organisation","embeddable":true,"href":"https:\/\/www.uni.lu\/fhse-fr\/wp-json\/wp\/v2\/organisation?post=3881"}],"curies":[{"name":"wp","href":"https:\/\/api.w.org\/{rel}","templated":true}]}}